{"id":27387,"date":"2019-08-27T09:30:33","date_gmt":"2019-08-27T05:30:33","guid":{"rendered":"http:\/\/www.zerdab.com\/?p=27387"},"modified":"2019-08-27T09:31:20","modified_gmt":"2019-08-27T05:31:20","slug":"z%c9%99rdabda-magaza-sahibi-niy%c9%99-bicaqlanib-istintaq-basa-catib","status":"publish","type":"post","link":"https:\/\/www.zerdab.com\/?p=27387","title":{"rendered":"Z\u0259rdabda ma\u011faza sahibi niy\u0259 b\u0131\u00e7aqlan\u0131b? &#8211; \u0130stintaq ba\u015fa \u00e7at\u0131b"},"content":{"rendered":"\n<p><strong>Z\u0259rdab rayonunda ma\u011faza sahibini b\u0131\u00e7aqlamaqda t\u0259qsirl\u0259ndiril\u0259n El\u00e7in Q\u0259dirovun cinay\u0259t i\u015fi \u00fczr\u0259 ibtidai istintaq ba\u015fa \u00e7at\u0131b.<\/strong><\/p>\n\n\n\n<p>Cinay\u0259t i\u015fi bax\u0131lmas\u0131 \u00fc\u00e7\u00fcn \u015e\u0259ki A\u011f\u0131r Cinay\u0259tl\u0259r M\u0259hk\u0259m\u0259sin\u0259 g\u00f6nd\u0259rilib.<\/p>\n\n\n\n<p>Hakim Nahid Mirz\u0259yevin s\u0259drliyi il\u0259 ke\u00e7iril\u0259c\u0259k m\u0259hk\u0259m\u0259 haz\u0131rl\u0131q iclas\u0131 avqust ay\u0131n\u0131n 26-na t\u0259yin edilib.<\/p>\n\n\n\n<p>Qeyd ed\u0259k ki, hadis\u0259 bu ilin aprel ay\u0131nda Z\u0259rdabda ba\u015f verib. K\u00fcrd\u0259mir rayon sakini, 1996-ci il t\u0259v\u0259ll\u00fcdl\u00fc El\u00e7in Q\u0259dirov Z\u0259rdab\u0131n Otmanoba k\u0259nd sakini, 1988-ci il t\u0259v\u0259ll\u00fcdl\u00fc B\u0259\u015far\u0259t Qas\u0131movu k\u00fcr\u0259yind\u0259n b\u0131\u00e7aqlay\u0131b. Yaral\u0131 d\u0259rhal x\u0259st\u0259xanaya \u00e7atd\u0131r\u0131l\u0131b v\u0259 onun h\u0259yat\u0131n\u0131 xilas etm\u0259k m\u00fcmk\u00fcn olub.<br>Ara\u015fd\u0131rmalar zaman\u0131 m\u0259lum olub ki, El\u00e7in Q\u0259dirov B\u0259\u015far\u0259t Qas\u0131movu onun sahibi oldu\u011fu ma\u011fazan\u0131n qar\u015f\u0131s\u0131nda aralar\u0131nda yaranan m\u00fcbahis\u0259 z\u0259minind\u0259 b\u0131\u00e7aqlay\u0131b.<\/p>\n\n\n\n<p>E.Q\u0259dirova Cinay\u0259t M\u0259c\u0259ll\u0259sinin 126.1-ci (q\u0259sd\u0259n sa\u011flaml\u0131\u011fa a\u011f\u0131r z\u0259r\u0259r vurma) madd\u0259si il\u0259 ittiham verilib.olke.az<\/p>\n","protected":false},"excerpt":{"rendered":"<p>Z\u0259rdab rayonunda ma\u011faza sahibini b\u0131\u00e7aqlamaqda t\u0259qsirl\u0259ndiril\u0259n El\u00e7in Q\u0259dirovun cinay\u0259t i\u015fi \u00fczr\u0259 ibtidai istintaq ba\u015fa \u00e7at\u0131b. Cinay\u0259t i\u015fi bax\u0131lmas\u0131 \u00fc\u00e7\u00fcn \u015e\u0259ki A\u011f\u0131r Cinay\u0259tl\u0259r M\u0259hk\u0259m\u0259sin\u0259 g\u00f6nd\u0259rilib. Hakim Nahid Mirz\u0259yevin s\u0259drliyi il\u0259 ke\u00e7iril\u0259c\u0259k m\u0259hk\u0259m\u0259 haz\u0131rl\u0131q iclas\u0131 avqust ay\u0131n\u0131n 26-na t\u0259yin edilib. Qeyd ed\u0259k ki, hadis\u0259 bu ilin aprel ay\u0131nda Z\u0259rdabda ba\u015f verib. K\u00fcrd\u0259mir rayon sakini, 1996-ci il t\u0259v\u0259ll\u00fcdl\u00fc [&hellip;]<\/p>\n","protected":false},"author":1,"featured_media":27146,"comment_status":"open","ping_status":"open","sticky":false,"template":"","format":"standard","meta":{"footnotes":""},"categories":[46,63],"tags":[],"class_list":{"0":"post-27387","1":"post","2":"type-post","3":"status-publish","4":"format-standard","5":"has-post-thumbnail","7":"category-hadis","8":"category-manset"},"yoast_head":"<!-- This site is optimized with the Yoast SEO plugin v27.0 - https:\/\/yoast.com\/product\/yoast-seo-wordpress\/ -->\n<title>Z\u0259rdabda ma\u011faza sahibi niy\u0259 b\u0131\u00e7aqlan\u0131b? - \u0130stintaq ba\u015fa \u00e7at\u0131b - Z\u0259rdab.com<\/title>\n<meta name=\"robots\" content=\"index, follow, max-snippet:-1, max-image-preview:large, max-video-preview:-1\" \/>\n<link rel=\"canonical\" href=\"https:\/\/www.zerdab.com\/?p=27387\" \/>\n<meta property=\"og:locale\" content=\"az_AZ\" \/>\n<meta property=\"og:type\" content=\"article\" \/>\n<meta property=\"og:title\" content=\"Z\u0259rdabda ma\u011faza sahibi niy\u0259 b\u0131\u00e7aqlan\u0131b? - \u0130stintaq ba\u015fa \u00e7at\u0131b - Z\u0259rdab.com\" \/>\n<meta property=\"og:description\" content=\"Z\u0259rdab rayonunda ma\u011faza sahibini b\u0131\u00e7aqlamaqda t\u0259qsirl\u0259ndiril\u0259n El\u00e7in Q\u0259dirovun cinay\u0259t i\u015fi \u00fczr\u0259 ibtidai istintaq ba\u015fa \u00e7at\u0131b. Cinay\u0259t i\u015fi bax\u0131lmas\u0131 \u00fc\u00e7\u00fcn \u015e\u0259ki A\u011f\u0131r Cinay\u0259tl\u0259r M\u0259hk\u0259m\u0259sin\u0259 g\u00f6nd\u0259rilib. Hakim Nahid Mirz\u0259yevin s\u0259drliyi il\u0259 ke\u00e7iril\u0259c\u0259k m\u0259hk\u0259m\u0259 haz\u0131rl\u0131q iclas\u0131 avqust ay\u0131n\u0131n 26-na t\u0259yin edilib. Qeyd ed\u0259k ki, hadis\u0259 bu ilin aprel ay\u0131nda Z\u0259rdabda ba\u015f verib. K\u00fcrd\u0259mir rayon sakini, 1996-ci il t\u0259v\u0259ll\u00fcdl\u00fc [&hellip;]\" \/>\n<meta property=\"og:url\" content=\"https:\/\/www.zerdab.com\/?p=27387\" \/>\n<meta property=\"og:site_name\" content=\"Z\u0259rdab.com\" \/>\n<meta property=\"article:published_time\" content=\"2019-08-27T05:30:33+00:00\" \/>\n<meta property=\"article:modified_time\" content=\"2019-08-27T05:31:20+00:00\" \/>\n<meta property=\"og:image\" content=\"https:\/\/www.zerdab.com\/wp-content\/uploads\/2019\/05\/zerdab-vakansiya-isci-axtarilir.jpg\" \/>\n\t<meta property=\"og:image:width\" content=\"1024\" \/>\n\t<meta property=\"og:image:height\" content=\"576\" \/>\n\t<meta property=\"og:image:type\" content=\"image\/jpeg\" \/>\n<meta name=\"author\" content=\"admin\" \/>\n<meta name=\"twitter:card\" content=\"summary_large_image\" \/>\n<meta name=\"twitter:label1\" content=\"Written by\" \/>\n\t<meta name=\"twitter:data1\" content=\"admin\" \/>\n\t<meta name=\"twitter:label2\" content=\"Est. reading time\" \/>\n\t<meta name=\"twitter:data2\" content=\"1 minute\" \/>\n<script type=\"application\/ld+json\" class=\"yoast-schema-graph\">{\"@context\":\"https:\/\/schema.org\",\"@graph\":[{\"@type\":\"Article\",\"@id\":\"https:\/\/www.zerdab.com\/?p=27387#article\",\"isPartOf\":{\"@id\":\"https:\/\/www.zerdab.com\/?p=27387\"},\"author\":{\"name\":\"admin\",\"@id\":\"https:\/\/www.zerdab.com\/#\/schema\/person\/97079b7570c1e89ec0d9e138c3672136\"},\"headline\":\"Z\u0259rdabda ma\u011faza sahibi niy\u0259 b\u0131\u00e7aqlan\u0131b? &#8211; \u0130stintaq ba\u015fa \u00e7at\u0131b\",\"datePublished\":\"2019-08-27T05:30:33+00:00\",\"dateModified\":\"2019-08-27T05:31:20+00:00\",\"mainEntityOfPage\":{\"@id\":\"https:\/\/www.zerdab.com\/?p=27387\"},\"wordCount\":230,\"commentCount\":0,\"image\":{\"@id\":\"https:\/\/www.zerdab.com\/?p=27387#primaryimage\"},\"thumbnailUrl\":\"https:\/\/www.zerdab.com\/wp-content\/uploads\/2019\/05\/zerdab-vakansiya-isci-axtarilir.jpg\",\"articleSection\":[\"HAD\u0130S\u018f\",\"MAN\u015eET\"],\"inLanguage\":\"az\",\"potentialAction\":[{\"@type\":\"CommentAction\",\"name\":\"Comment\",\"target\":[\"https:\/\/www.zerdab.com\/?p=27387#respond\"]}]},{\"@type\":\"WebPage\",\"@id\":\"https:\/\/www.zerdab.com\/?p=27387\",\"url\":\"https:\/\/www.zerdab.com\/?p=27387\",\"name\":\"Z\u0259rdabda ma\u011faza sahibi niy\u0259 b\u0131\u00e7aqlan\u0131b? - \u0130stintaq ba\u015fa \u00e7at\u0131b - Z\u0259rdab.com\",\"isPartOf\":{\"@id\":\"https:\/\/www.zerdab.com\/#website\"},\"primaryImageOfPage\":{\"@id\":\"https:\/\/www.zerdab.com\/?p=27387#primaryimage\"},\"image\":{\"@id\":\"https:\/\/www.zerdab.com\/?p=27387#primaryimage\"},\"thumbnailUrl\":\"https:\/\/www.zerdab.com\/wp-content\/uploads\/2019\/05\/zerdab-vakansiya-isci-axtarilir.jpg\",\"datePublished\":\"2019-08-27T05:30:33+00:00\",\"dateModified\":\"2019-08-27T05:31:20+00:00\",\"author\":{\"@id\":\"https:\/\/www.zerdab.com\/#\/schema\/person\/97079b7570c1e89ec0d9e138c3672136\"},\"breadcrumb\":{\"@id\":\"https:\/\/www.zerdab.com\/?p=27387#breadcrumb\"},\"inLanguage\":\"az\",\"potentialAction\":[{\"@type\":\"ReadAction\",\"target\":[\"https:\/\/www.zerdab.com\/?p=27387\"]}]},{\"@type\":\"ImageObject\",\"inLanguage\":\"az\",\"@id\":\"https:\/\/www.zerdab.com\/?p=27387#primaryimage\",\"url\":\"https:\/\/www.zerdab.com\/wp-content\/uploads\/2019\/05\/zerdab-vakansiya-isci-axtarilir.jpg\",\"contentUrl\":\"https:\/\/www.zerdab.com\/wp-content\/uploads\/2019\/05\/zerdab-vakansiya-isci-axtarilir.jpg\",\"width\":1024,\"height\":576,\"caption\":\"zerdab-vakansiya-isci-axtarilir\"},{\"@type\":\"BreadcrumbList\",\"@id\":\"https:\/\/www.zerdab.com\/?p=27387#breadcrumb\",\"itemListElement\":[{\"@type\":\"ListItem\",\"position\":1,\"name\":\"Home\",\"item\":\"https:\/\/www.zerdab.com\/\"},{\"@type\":\"ListItem\",\"position\":2,\"name\":\"Z\u0259rdabda ma\u011faza sahibi niy\u0259 b\u0131\u00e7aqlan\u0131b? &#8211; \u0130stintaq ba\u015fa \u00e7at\u0131b\"}]},{\"@type\":\"WebSite\",\"@id\":\"https:\/\/www.zerdab.com\/#website\",\"url\":\"https:\/\/www.zerdab.com\/\",\"name\":\"Z\u0259rdab.com\",\"description\":\"\",\"potentialAction\":[{\"@type\":\"SearchAction\",\"target\":{\"@type\":\"EntryPoint\",\"urlTemplate\":\"https:\/\/www.zerdab.com\/?s={search_term_string}\"},\"query-input\":{\"@type\":\"PropertyValueSpecification\",\"valueRequired\":true,\"valueName\":\"search_term_string\"}}],\"inLanguage\":\"az\"},{\"@type\":\"Person\",\"@id\":\"https:\/\/www.zerdab.com\/#\/schema\/person\/97079b7570c1e89ec0d9e138c3672136\",\"name\":\"admin\",\"image\":{\"@type\":\"ImageObject\",\"inLanguage\":\"az\",\"@id\":\"https:\/\/www.zerdab.com\/#\/schema\/person\/image\/\",\"url\":\"https:\/\/secure.gravatar.com\/avatar\/d9c52a9a27c32119cb6679a077fa3e2779e5f822c451cbf01098004361d466ec?s=96&d=mm&r=g\",\"contentUrl\":\"https:\/\/secure.gravatar.com\/avatar\/d9c52a9a27c32119cb6679a077fa3e2779e5f822c451cbf01098004361d466ec?s=96&d=mm&r=g\",\"caption\":\"admin\"},\"url\":\"https:\/\/www.zerdab.com\/?author=1\"}]}<\/script>\n<!-- \/ Yoast SEO plugin. -->","yoast_head_json":{"title":"Z\u0259rdabda ma\u011faza sahibi niy\u0259 b\u0131\u00e7aqlan\u0131b? - \u0130stintaq ba\u015fa \u00e7at\u0131b - Z\u0259rdab.com","robots":{"index":"index","follow":"follow","max-snippet":"max-snippet:-1","max-image-preview":"max-image-preview:large","max-video-preview":"max-video-preview:-1"},"canonical":"https:\/\/www.zerdab.com\/?p=27387","og_locale":"az_AZ","og_type":"article","og_title":"Z\u0259rdabda ma\u011faza sahibi niy\u0259 b\u0131\u00e7aqlan\u0131b? - \u0130stintaq ba\u015fa \u00e7at\u0131b - Z\u0259rdab.com","og_description":"Z\u0259rdab rayonunda ma\u011faza sahibini b\u0131\u00e7aqlamaqda t\u0259qsirl\u0259ndiril\u0259n El\u00e7in Q\u0259dirovun cinay\u0259t i\u015fi \u00fczr\u0259 ibtidai istintaq ba\u015fa \u00e7at\u0131b. Cinay\u0259t i\u015fi bax\u0131lmas\u0131 \u00fc\u00e7\u00fcn \u015e\u0259ki A\u011f\u0131r Cinay\u0259tl\u0259r M\u0259hk\u0259m\u0259sin\u0259 g\u00f6nd\u0259rilib. Hakim Nahid Mirz\u0259yevin s\u0259drliyi il\u0259 ke\u00e7iril\u0259c\u0259k m\u0259hk\u0259m\u0259 haz\u0131rl\u0131q iclas\u0131 avqust ay\u0131n\u0131n 26-na t\u0259yin edilib. Qeyd ed\u0259k ki, hadis\u0259 bu ilin aprel ay\u0131nda Z\u0259rdabda ba\u015f verib. K\u00fcrd\u0259mir rayon sakini, 1996-ci il t\u0259v\u0259ll\u00fcdl\u00fc [&hellip;]","og_url":"https:\/\/www.zerdab.com\/?p=27387","og_site_name":"Z\u0259rdab.com","article_published_time":"2019-08-27T05:30:33+00:00","article_modified_time":"2019-08-27T05:31:20+00:00","og_image":[{"width":1024,"height":576,"url":"https:\/\/www.zerdab.com\/wp-content\/uploads\/2019\/05\/zerdab-vakansiya-isci-axtarilir.jpg","type":"image\/jpeg"}],"author":"admin","twitter_card":"summary_large_image","twitter_misc":{"Written by":"admin","Est. reading time":"1 minute"},"schema":{"@context":"https:\/\/schema.org","@graph":[{"@type":"Article","@id":"https:\/\/www.zerdab.com\/?p=27387#article","isPartOf":{"@id":"https:\/\/www.zerdab.com\/?p=27387"},"author":{"name":"admin","@id":"https:\/\/www.zerdab.com\/#\/schema\/person\/97079b7570c1e89ec0d9e138c3672136"},"headline":"Z\u0259rdabda ma\u011faza sahibi niy\u0259 b\u0131\u00e7aqlan\u0131b? &#8211; \u0130stintaq ba\u015fa \u00e7at\u0131b","datePublished":"2019-08-27T05:30:33+00:00","dateModified":"2019-08-27T05:31:20+00:00","mainEntityOfPage":{"@id":"https:\/\/www.zerdab.com\/?p=27387"},"wordCount":230,"commentCount":0,"image":{"@id":"https:\/\/www.zerdab.com\/?p=27387#primaryimage"},"thumbnailUrl":"https:\/\/www.zerdab.com\/wp-content\/uploads\/2019\/05\/zerdab-vakansiya-isci-axtarilir.jpg","articleSection":["HAD\u0130S\u018f","MAN\u015eET"],"inLanguage":"az","potentialAction":[{"@type":"CommentAction","name":"Comment","target":["https:\/\/www.zerdab.com\/?p=27387#respond"]}]},{"@type":"WebPage","@id":"https:\/\/www.zerdab.com\/?p=27387","url":"https:\/\/www.zerdab.com\/?p=27387","name":"Z\u0259rdabda ma\u011faza sahibi niy\u0259 b\u0131\u00e7aqlan\u0131b? - \u0130stintaq ba\u015fa \u00e7at\u0131b - Z\u0259rdab.com","isPartOf":{"@id":"https:\/\/www.zerdab.com\/#website"},"primaryImageOfPage":{"@id":"https:\/\/www.zerdab.com\/?p=27387#primaryimage"},"image":{"@id":"https:\/\/www.zerdab.com\/?p=27387#primaryimage"},"thumbnailUrl":"https:\/\/www.zerdab.com\/wp-content\/uploads\/2019\/05\/zerdab-vakansiya-isci-axtarilir.jpg","datePublished":"2019-08-27T05:30:33+00:00","dateModified":"2019-08-27T05:31:20+00:00","author":{"@id":"https:\/\/www.zerdab.com\/#\/schema\/person\/97079b7570c1e89ec0d9e138c3672136"},"breadcrumb":{"@id":"https:\/\/www.zerdab.com\/?p=27387#breadcrumb"},"inLanguage":"az","potentialAction":[{"@type":"ReadAction","target":["https:\/\/www.zerdab.com\/?p=27387"]}]},{"@type":"ImageObject","inLanguage":"az","@id":"https:\/\/www.zerdab.com\/?p=27387#primaryimage","url":"https:\/\/www.zerdab.com\/wp-content\/uploads\/2019\/05\/zerdab-vakansiya-isci-axtarilir.jpg","contentUrl":"https:\/\/www.zerdab.com\/wp-content\/uploads\/2019\/05\/zerdab-vakansiya-isci-axtarilir.jpg","width":1024,"height":576,"caption":"zerdab-vakansiya-isci-axtarilir"},{"@type":"BreadcrumbList","@id":"https:\/\/www.zerdab.com\/?p=27387#breadcrumb","itemListElement":[{"@type":"ListItem","position":1,"name":"Home","item":"https:\/\/www.zerdab.com\/"},{"@type":"ListItem","position":2,"name":"Z\u0259rdabda ma\u011faza sahibi niy\u0259 b\u0131\u00e7aqlan\u0131b? &#8211; \u0130stintaq ba\u015fa \u00e7at\u0131b"}]},{"@type":"WebSite","@id":"https:\/\/www.zerdab.com\/#website","url":"https:\/\/www.zerdab.com\/","name":"Z\u0259rdab.com","description":"","potentialAction":[{"@type":"SearchAction","target":{"@type":"EntryPoint","urlTemplate":"https:\/\/www.zerdab.com\/?s={search_term_string}"},"query-input":{"@type":"PropertyValueSpecification","valueRequired":true,"valueName":"search_term_string"}}],"inLanguage":"az"},{"@type":"Person","@id":"https:\/\/www.zerdab.com\/#\/schema\/person\/97079b7570c1e89ec0d9e138c3672136","name":"admin","image":{"@type":"ImageObject","inLanguage":"az","@id":"https:\/\/www.zerdab.com\/#\/schema\/person\/image\/","url":"https:\/\/secure.gravatar.com\/avatar\/d9c52a9a27c32119cb6679a077fa3e2779e5f822c451cbf01098004361d466ec?s=96&d=mm&r=g","contentUrl":"https:\/\/secure.gravatar.com\/avatar\/d9c52a9a27c32119cb6679a077fa3e2779e5f822c451cbf01098004361d466ec?s=96&d=mm&r=g","caption":"admin"},"url":"https:\/\/www.zerdab.com\/?author=1"}]}},"_links":{"self":[{"href":"https:\/\/www.zerdab.com\/index.php?rest_route=\/wp\/v2\/posts\/27387","targetHints":{"allow":["GET"]}}],"collection":[{"href":"https:\/\/www.zerdab.com\/index.php?rest_route=\/wp\/v2\/posts"}],"about":[{"href":"https:\/\/www.zerdab.com\/index.php?rest_route=\/wp\/v2\/types\/post"}],"author":[{"embeddable":true,"href":"https:\/\/www.zerdab.com\/index.php?rest_route=\/wp\/v2\/users\/1"}],"replies":[{"embeddable":true,"href":"https:\/\/www.zerdab.com\/index.php?rest_route=%2Fwp%2Fv2%2Fcomments&post=27387"}],"version-history":[{"count":2,"href":"https:\/\/www.zerdab.com\/index.php?rest_route=\/wp\/v2\/posts\/27387\/revisions"}],"predecessor-version":[{"id":27389,"href":"https:\/\/www.zerdab.com\/index.php?rest_route=\/wp\/v2\/posts\/27387\/revisions\/27389"}],"wp:featuredmedia":[{"embeddable":true,"href":"https:\/\/www.zerdab.com\/index.php?rest_route=\/wp\/v2\/media\/27146"}],"wp:attachment":[{"href":"https:\/\/www.zerdab.com\/index.php?rest_route=%2Fwp%2Fv2%2Fmedia&parent=27387"}],"wp:term":[{"taxonomy":"category","embeddable":true,"href":"https:\/\/www.zerdab.com\/index.php?rest_route=%2Fwp%2Fv2%2Fcategories&post=27387"},{"taxonomy":"post_tag","embeddable":true,"href":"https:\/\/www.zerdab.com\/index.php?rest_route=%2Fwp%2Fv2%2Ftags&post=27387"}],"curies":[{"name":"wp","href":"https:\/\/api.w.org\/{rel}","templated":true}]}}