{"id":27413,"date":"2019-09-26T10:32:50","date_gmt":"2019-09-26T06:32:50","guid":{"rendered":"http:\/\/www.zerdab.com\/?p=27413"},"modified":"2019-09-26T10:58:02","modified_gmt":"2019-09-26T06:58:02","slug":"mill%c9%99t-v%c9%99kilimiz-jal%c9%99-%c9%99liyeva-z%c9%99rdabda-secicil%c9%99rl%c9%99-novb%c9%99ti-gorusunu-kecirdi-fotolar","status":"publish","type":"post","link":"https:\/\/www.zerdab.com\/?p=27413","title":{"rendered":"Mill\u0259t v\u0259kilimiz Jal\u0259 \u018fliyeva Z\u0259rdabda se\u00e7icil\u0259rl\u0259 n\u00f6vb\u0259ti g\u00f6r\u00fc\u015f\u00fcn\u00fc ke\u00e7irdi &#8211; Fotolar"},"content":{"rendered":"\n<p><strong>Milli M\u0259clisin (MM) M\u0259d\u0259niyy\u0259t komit\u0259sinin s\u0259dr m\u00fcavini, professor Jal\u0259 \u018fliyev\u0259 Z\u0259rdab se\u00e7icil\u0259ri il\u0259 n\u00f6vb\u0259ti g\u00f6r\u00fc\u015f\u00fcn\u00fc ke\u00e7irib.\u00a0<\/strong><\/p>\n\n\n\n<p>MM-in pay\u0131z sessiyas\u0131n\u0131n ba\u015flanmas\u0131 \u0259r\u0259f\u0259sind\u0259 se\u00e7icil\u0259rl\u0259 rayonda ke\u00e7irdiyi g\u00f6r\u00fc\u015f v\u0259 q\u0259bulda deputat \u00f6lk\u0259d\u0259 apar\u0131lan b\u00f6y\u00fck islahatlar, x\u00fcsusil\u0259, sosial sah\u0259d\u0259 h\u0259yata ke\u00e7iril\u0259n u\u011furlu add\u0131mlar, \u00f6lk\u0259 prezident \u0130lham \u018fliyev t\u0259r\u0259find\u0259n ilin \u0259vv\u0259lind\u0259n ard-arda imzalanan s\u0259r\u0259ncamlar, f\u0259rmanlar, veril\u0259n tap\u015f\u0131r\u0131qlar haqq\u0131nda bir daha geni\u015f m\u0259lumat verilib, se\u00e7icil\u0259rl\u0259 \u0259trafl\u0131 m\u00fczakir\u0259l\u0259r apar\u0131l\u0131b.<\/p>\n\n\n\n<ul class=\"wp-block-gallery columns-1 is-cropped wp-block-gallery-1 is-layout-flex wp-block-gallery-is-layout-flex\"><li class=\"blocks-gallery-item\"><figure><img decoding=\"async\" src=\"http:\/\/www.zerdab.com\/wp-content\/uploads\/2019\/09\/jale-eliyeva-zerdab-secicilerle-gorus1-550x413.jpg\" alt=\"\" data-id=\"27415\" data-link=\"http:\/\/www.zerdab.com\/?attachment_id=27415\" class=\"wp-image-27415\"\/><\/figure><\/li><\/ul>\n\n\n\n<p>V\u0259t\u0259nda\u015flar \u00f6z n\u00f6vb\u0259sind\u0259\n\u00f6lk\u0259d\u0259 h\u0259yata ke\u00e7iril\u0259n f\u0259aliyy\u0259td\u0259n b\u00f6y\u00fck m\u0259mnunluq ifad\u0259 edibl\u0259r.<\/p>\n\n\n\n<p>Eyni zamanda, mill\u0259t\nv\u0259kilind\u0259n h\u0259r bir ail\u0259y\u0259 g\u00f6st\u0259rdiyi diqq\u0259t v\u0259 qay\u011f\u0131ya g\u00f6r\u0259 \u00f6lk\u0259 prezidentin\u0259\nt\u0259\u015f\u0259kk\u00fcrl\u0259rini \u00e7atd\u0131rma\u011f\u0131 deputatlar\u0131ndan xahi\u015f edibl\u0259r.<\/p>\n\n\n\n<p>Qeyd ed\u0259k ki, son g\u00f6r\u00fc\u015f v\u0259\nq\u0259bulda 30-a yax\u0131n v\u0259t\u0259nda\u015f, yerli sakin i\u015ftirak edib.<\/p>\n\n\n\n<p><strong>H\u0259m\u00e7inin,\ndiqq\u0259t\u00e7\u0259k\u0259n m\u0259qam bundan ibar\u0259tdir ki, \u0259g\u0259r 10-15 il bundan \u0259vv\u0259l insanlar bu\ntipli g\u00f6r\u00fc\u015fl\u0259rd\u0259 i\u015f\u0131q, su, qaz, yol m\u0259s\u0259l\u0259l\u0259ri il\u0259 ba\u011fl\u0131 m\u00fcraci\u0259t, bu kimi\nprobleml\u0259rin h\u0259llind\u0259 yard\u0131m\u00e7\u0131 olma\u011f\u0131 xahi\u015f edirdil\u0259rdis\u0259, indi bu y\u00f6nd\u0259\nm\u00fcraci\u0259tl\u0259rin say\u0131 10 d\u0259f\u0259d\u0259n \u00e7ox azal\u0131b.<\/strong><\/p>\n\n\n\n<p>Bunu el\u0259 deputat \u00f6z\u00fc d\u0259 bir\nne\u00e7\u0259 d\u0259f\u0259 MM-in plenar v\u0259 komit\u0259 iclaslar\u0131nda etdiyi \u00e7\u0131x\u0131\u015f\u0131nlar\u0131nda\ns\u0259sl\u0259ndirib.<\/p>\n\n\n\n<p>Mill\u0259t v\u0259kilinin se\u00e7icil\u0259rl\u0259 ke\u00e7irdiyi g\u00f6r\u00fc\u015f\u00fcnd\u0259 v\u0259 n\u00f6vb\u0259ti q\u0259buluunda da dediyi kimi, \u00e7\u00fcnki bu tipli probleml\u0259r art\u0131q \u00f6z h\u0259llini tap\u0131b.<\/p>\n\n\n\n<figure class=\"wp-block-image\"><img decoding=\"async\" src=\"http:\/\/www.zerdab.com\/wp-content\/uploads\/2019\/09\/jale-eliyeva-zerdab-secicilerle-gorus2-413x550.jpg\" alt=\"\" class=\"wp-image-27416\"\/><\/figure>\n\n\n\n<p>O,&nbsp;<strong><em>\u201c\u0130nsanlar\u0131m\u0131z 10-15 il \u0259vv\u0259l qaz, su, i\u015f\u0131q, yol, m\u0259kt\u0259b, k\u00f6rp\u00fc,\nx\u0259st\u0259xana ist\u0259yirdil\u0259r, t\u0259l\u0259b edirdil\u0259r. Lakin b\u00fct\u00fcn bu m\u0259s\u0259l\u0259l\u0259r d\u00f6vl\u0259t\nr\u0259hb\u0259rinin r\u0259hb\u0259rliyi il\u0259 haz\u0131rlanan iqtisadi inki\u015faf proqramlar\u0131 \u00e7\u0259r\u00e7iv\u0259sind\u0259\nart\u0131q \u00e7oxdan \u00f6z h\u0259llini tap\u0131b. Bu g\u00fcn is\u0259 g\u00f6r\u00fc\u015f\u0259, q\u0259bula g\u0259l\u0259n insanlar\u0131n&nbsp;\nm\u00fcraci\u0259tl\u0259ri bel\u0259 dem\u0259k m\u00fcmk\u00fcns\u0259, daha \u00e7ox \u015f\u0259xsi xarakterli, m\u0259h\u0259lli xarakterli\nm\u0259s\u0259l\u0259l\u0259rdir\u201d<\/em><\/strong>\u2013 dey\u0259, vur\u011fulay\u0131b.<\/p>\n\n\n\n<p>Konkret son m\u00fcraci\u0259tl\u0259r\u0259\ng\u0259linc\u0259 is\u0259 bunlar daha \u00e7ox&nbsp; veteranl\u0131q statusunun tan\u0131nmas\u0131, \u015f\u0259hid ad\u0131n\u0131n\n\u0259b\u0259dil\u0259\u015fdirilm\u0259si, azt\u0259minatl\u0131 ail\u0259nin sosial m\u00fcavin\u0259tl\u0259 t\u0259min edilm\u0259si, tibbi\ns\u0131\u011forta il\u0259 ba\u011fl\u0131 problemin tezlikl\u0259 h\u0259llini tapmas\u0131, h\u0259m\u00e7inin, hans\u0131sa\nqon\u015fular aras\u0131nda v\u0259 ya&nbsp; hans\u0131sa ail\u0259d\u0259 yaranan m\u00fcnaqi\u015f\u0259nin m\u0259hk\u0259m\u0259 yolu\nil\u0259 \u0259dal\u0259tli h\u0259llin\u0259, o c\u00fcml\u0259d\u0259n,&nbsp; \u201cm\u00fcbahis\u0259li torpaq sah\u0259si\u201d m\u0259s\u0259l\u0259sinin\n\u00e7\u00f6z\u00fcm\u00fcn\u0259 k\u00f6m\u0259k g\u00f6st\u0259rilm\u0259si il\u0259 ba\u011fl\u0131 olub.<\/p>\n\n\n\n<p><strong>G\u00f6r\u00fc\u015f v\u0259 q\u0259bul\nzaman\u0131 h\u0259m\u00e7inin, Z\u0259rdab rayonunun m\u0259rk\u0259zind\u0259 b\u0259zi k\u00fc\u00e7\u0259l\u0259rin i\u015f\u0131qland\u0131r\u0131lmas\u0131nda\nprobleml\u0259r oldu\u011fu bildirilib v\u0259 onun h\u0259llin\u0259 k\u00f6m\u0259k g\u00f6st\u0259rilm\u0259si ist\u0259nilib.\nBununla yana\u015f\u0131, d\u00f6vl\u0259t qullu\u011fu imtahan\u0131n\u0131 m\u00fcv\u0259ff\u0259qiyy\u0259tl\u0259 &nbsp;ke\u00e7mi\u015f bir ne\u00e7\u0259\ng\u0259nc m\u00fct\u0259x\u0259ssisin arzu etdikl\u0259ri m\u00fc\u0259ssis\u0259l\u0259rd\u0259 i\u015f\u0259 d\u00fcz\u0259lm\u0259kl\u0259 ba\u011fl\u0131\nqar\u015f\u0131la\u015fd\u0131qlar\u0131 probleml\u0259r dil\u0259 g\u0259tirilib.<\/strong><\/p>\n\n\n\n<p>\u018fsas m\u0259qamlardan biri d\u0259 odur\nki, Z\u0259rdab rayon tamamil\u0259 qazla\u015fd\u0131r\u0131l\u0131b. Sad\u0259c\u0259, be\u015f k\u0259nd \u2013 K\u0259nd\u0259bil, A\u011faba\u011f\u0131,\nCilovxanl\u0131, Al\u0131canl\u0131 v\u0259 Sileyli k\u0259ndl\u0259rinin qazla\u015fd\u0131r\u0131lmas\u0131 m\u0259s\u0259l\u0259si qal\u0131b ki,\nbununla da ba\u011fl\u0131 bir ne\u00e7\u0259 ay bundan \u0259vv\u0259l deputata olan yaz\u0131l\u0131 m\u00fcraci\u0259t q\u0131sa\nbir m\u00fcdd\u0259td\u0259 Nazirl\u0259r Kabinetin\u0259, ba\u015f nazir\u0259 \u00e7atd\u0131r\u0131l\u0131b. Eyni zamanda, ba\u015f\nnazirin t\u00f6vsiy\u0259si il\u0259 \u201cAz\u0259riqaz\u201da m\u0259ktub g\u00f6nd\u0259rilib v\u0259&nbsp; oradan da\nqazla\u015fd\u0131r\u0131lma i\u015fin\u0259 ba\u015flan\u0131laca\u011f\u0131 haqq\u0131nda m\u0259lumat verilib. Bu m\u0259s\u0259l\u0259d\u0259 d\u0259\ng\u00f6st\u0259rdiyi k\u00f6m\u0259kliy\u0259 g\u00f6r\u0259 z\u0259rdabl\u0131 se\u00e7icil\u0259r \u00f6z deputatlar\u0131na t\u0259\u015f\u0259kk\u00fcrl\u0259rini\nbildiribl\u0259r.<\/p>\n\n\n\n<p>Bununla yana\u015f\u0131, \u00e7ox b\u0259rbad\nv\u0259ziyy\u0259td\u0259 olan Z\u0259rdab-Mollak\u0259nd yolunun tezlikl\u0259 \u0259sasl\u0131 t\u0259mir edilm\u0259sin\u0259\nk\u00f6m\u0259klik g\u00f6st\u0259rm\u0259si il\u0259 ba\u011fl\u0131 yerli sakinl\u0259rin m\u00fcraci\u0259tl\u0259rinin deputat\nt\u0259r\u0259find\u0259n Nazirl\u0259r Kabinetin\u0259, ba\u015f nazir\u0259 g\u00f6nd\u0259rilm\u0259si v\u0259 \u0259laq\u0259dar quruma \u2013\n\u201cAz\u0259riyolservis\u201d\u0259 bununla ba\u011fl\u0131 tap\u015f\u0131r\u0131qlar verilm\u0259si q\u0259bula v\u0259 g\u00f6r\u00fc\u015f\u0259 g\u0259l\u0259nl\u0259r\nt\u0259r\u0259find\u0259n raz\u0131l\u0131qla, minn\u0259tdarl\u0131qla qar\u015f\u0131lan\u0131b.<\/p>\n\n\n\n<p>&nbsp;Bundan ba\u015fqa, rayonun\n\u015eahh\u00fcseynli k\u0259ndinin sakinl\u0259rinin su probleminin h\u0259lli il\u0259 ba\u011fl\u0131 m\u00fcraci\u0259tl\u0259ri\ndeputat t\u0259r\u0259find\u0259n Nazirl\u0259r Kabinetin\u0259 g\u00f6nd\u0259rilib v\u0259 onun h\u0259lli 2020-ci ild\u0259\nn\u0259z\u0259r\u0259 al\u0131nacaq.<\/p>\n\n\n\n<p><strong>J. \u018fliyeva<\/strong>&nbsp;sayt\u0131m\u0131za\nq\u0131sa a\u00e7\u0131qlamas\u0131nda is\u0259 h\u0259r bir g\u00f6r\u00fc\u015f v\u0259 q\u0259bulun bir mill\u0259t v\u0259kili kimi onda xo\u015f\nhissl\u0259r, duy\u011fular yaratd\u0131\u011f\u0131n\u0131, onlarla bir araya g\u0259lm\u0259yin \u00e7ox \u00f6n\u0259mli v\u0259\n\u0259h\u0259miyy\u0259tli oldu\u011funu s\u00f6yl\u0259yib.<\/p>\n\n\n\n<p><strong>\u201cKe\u00e7irdiyim son\ng\u00f6r\u00fc\u015fl\u0259r v\u0259 q\u0259bulda da se\u00e7icil\u0259rl\u0259, z\u0259rdabl\u0131larla bir arada olmaqdan, onlarla\ns\u00f6hb\u0259tl\u0259m\u0259kd\u0259n m\u0259mnun qald\u0131m. Bu c\u00fcr g\u00f6r\u00fc\u015fl\u0259r v\u0259 q\u0259bullar vacibdir,\n\u0259h\u0259miyy\u0259tlidir. H\u0259m mill\u0259t v\u0259kili olaraq bizl\u0259rin, h\u0259m d\u0259 se\u00e7icil\u0259rin buna\nehtiyac\u0131 var. Canl\u0131 \u00fcnsiyy\u0259t, canl\u0131 t\u0259mas, s\u0259mimi ortam tamam ba\u015fqa \u015feydir.<\/strong><\/p>\n\n\n\n<p><strong>Qeyd edim ki, se\u00e7icil\u0259r bir daha b\u00fct\u00fcn m\u00fcraci\u0259tl\u0259rin\u0259 vaxt\u0131nda bax\u0131ld\u0131\u011f\u0131, \u0259laq\u0259dar qurumlara \u00e7atd\u0131r\u0131ld\u0131\u011f\u0131, onlar\u0131n h\u0259lli yolunda s\u0259y g\u00f6st\u0259rildiyi \u00fc\u00e7\u00fcn \u00f6z s\u0259mimi t\u0259\u015f\u0259kk\u00fcrl\u0259rini bildiribl\u0259r. Eyni zamanda, bir daha \u00f6lk\u0259d\u0259 ged\u0259n b\u00f6y\u00fck quruculuq i\u015fl\u0259ri \u00fc\u00e7\u00fcn minn\u0259tdarl\u0131qlar\u0131n\u0131 c\u0259nab prezident\u0259 v\u0259 \u00f6lk\u0259nin birinci xan\u0131m\u0131na, Birinci vitse-prezident Mehriban xan\u0131m \u018fliyevaya \u00e7atd\u0131rma\u011f\u0131 xahi\u015f edibl\u0259r\u2026\u201d<\/strong>-dey\u0259, mill\u0259t v\u0259kili s\u00f6zl\u0259rin\u0259 \u0259lav\u0259 edib. Etikxeber.az<\/p>\n","protected":false},"excerpt":{"rendered":"<p>Milli M\u0259clisin (MM) M\u0259d\u0259niyy\u0259t komit\u0259sinin s\u0259dr m\u00fcavini, professor Jal\u0259 \u018fliyev\u0259 Z\u0259rdab se\u00e7icil\u0259ri il\u0259 n\u00f6vb\u0259ti g\u00f6r\u00fc\u015f\u00fcn\u00fc ke\u00e7irib.\u00a0 MM-in pay\u0131z sessiyas\u0131n\u0131n ba\u015flanmas\u0131 \u0259r\u0259f\u0259sind\u0259 se\u00e7icil\u0259rl\u0259 rayonda ke\u00e7irdiyi g\u00f6r\u00fc\u015f v\u0259 q\u0259bulda deputat \u00f6lk\u0259d\u0259 apar\u0131lan b\u00f6y\u00fck islahatlar, x\u00fcsusil\u0259, sosial sah\u0259d\u0259 h\u0259yata ke\u00e7iril\u0259n u\u011furlu add\u0131mlar, \u00f6lk\u0259 prezident \u0130lham \u018fliyev t\u0259r\u0259find\u0259n ilin \u0259vv\u0259lind\u0259n ard-arda imzalanan s\u0259r\u0259ncamlar, f\u0259rmanlar, veril\u0259n tap\u015f\u0131r\u0131qlar haqq\u0131nda bir daha [&hellip;]<\/p>\n","protected":false},"author":1,"featured_media":0,"comment_status":"open","ping_status":"open","sticky":false,"template":"","format":"standard","meta":{"footnotes":""},"categories":[63,5],"tags":[],"class_list":{"0":"post-27413","1":"post","2":"type-post","3":"status-publish","4":"format-standard","6":"category-manset","7":"category-knd"},"yoast_head":"<!-- This site is optimized with the Yoast SEO plugin v27.0 - https:\/\/yoast.com\/product\/yoast-seo-wordpress\/ -->\n<title>Mill\u0259t v\u0259kilimiz Jal\u0259 \u018fliyeva Z\u0259rdabda se\u00e7icil\u0259rl\u0259 n\u00f6vb\u0259ti g\u00f6r\u00fc\u015f\u00fcn\u00fc ke\u00e7irdi - Fotolar - Z\u0259rdab.com<\/title>\n<meta name=\"robots\" content=\"index, follow, max-snippet:-1, max-image-preview:large, max-video-preview:-1\" \/>\n<link rel=\"canonical\" href=\"https:\/\/www.zerdab.com\/?p=27413\" \/>\n<meta property=\"og:locale\" content=\"az_AZ\" \/>\n<meta property=\"og:type\" content=\"article\" \/>\n<meta property=\"og:title\" content=\"Mill\u0259t v\u0259kilimiz Jal\u0259 \u018fliyeva Z\u0259rdabda se\u00e7icil\u0259rl\u0259 n\u00f6vb\u0259ti g\u00f6r\u00fc\u015f\u00fcn\u00fc ke\u00e7irdi - Fotolar - Z\u0259rdab.com\" \/>\n<meta property=\"og:description\" content=\"Milli M\u0259clisin (MM) M\u0259d\u0259niyy\u0259t komit\u0259sinin s\u0259dr m\u00fcavini, professor Jal\u0259 \u018fliyev\u0259 Z\u0259rdab se\u00e7icil\u0259ri il\u0259 n\u00f6vb\u0259ti g\u00f6r\u00fc\u015f\u00fcn\u00fc ke\u00e7irib.\u00a0 MM-in pay\u0131z sessiyas\u0131n\u0131n ba\u015flanmas\u0131 \u0259r\u0259f\u0259sind\u0259 se\u00e7icil\u0259rl\u0259 rayonda ke\u00e7irdiyi g\u00f6r\u00fc\u015f v\u0259 q\u0259bulda deputat \u00f6lk\u0259d\u0259 apar\u0131lan b\u00f6y\u00fck islahatlar, x\u00fcsusil\u0259, sosial sah\u0259d\u0259 h\u0259yata ke\u00e7iril\u0259n u\u011furlu add\u0131mlar, \u00f6lk\u0259 prezident \u0130lham \u018fliyev t\u0259r\u0259find\u0259n ilin \u0259vv\u0259lind\u0259n ard-arda imzalanan s\u0259r\u0259ncamlar, f\u0259rmanlar, veril\u0259n tap\u015f\u0131r\u0131qlar haqq\u0131nda bir daha [&hellip;]\" \/>\n<meta property=\"og:url\" content=\"https:\/\/www.zerdab.com\/?p=27413\" \/>\n<meta property=\"og:site_name\" content=\"Z\u0259rdab.com\" \/>\n<meta property=\"article:published_time\" content=\"2019-09-26T06:32:50+00:00\" \/>\n<meta property=\"article:modified_time\" content=\"2019-09-26T06:58:02+00:00\" \/>\n<meta property=\"og:image\" content=\"http:\/\/www.zerdab.com\/wp-content\/uploads\/2019\/09\/jale-eliyeva-zerdab-secicilerle-gorus1-550x413.jpg\" \/>\n<meta name=\"author\" content=\"admin\" \/>\n<meta name=\"twitter:card\" content=\"summary_large_image\" \/>\n<meta name=\"twitter:label1\" content=\"Written by\" \/>\n\t<meta name=\"twitter:data1\" content=\"admin\" \/>\n\t<meta name=\"twitter:label2\" content=\"Est. reading time\" \/>\n\t<meta name=\"twitter:data2\" content=\"6 minutes\" \/>\n<script type=\"application\/ld+json\" class=\"yoast-schema-graph\">{\"@context\":\"https:\/\/schema.org\",\"@graph\":[{\"@type\":\"Article\",\"@id\":\"https:\/\/www.zerdab.com\/?p=27413#article\",\"isPartOf\":{\"@id\":\"https:\/\/www.zerdab.com\/?p=27413\"},\"author\":{\"name\":\"admin\",\"@id\":\"https:\/\/www.zerdab.com\/#\/schema\/person\/97079b7570c1e89ec0d9e138c3672136\"},\"headline\":\"Mill\u0259t v\u0259kilimiz Jal\u0259 \u018fliyeva Z\u0259rdabda se\u00e7icil\u0259rl\u0259 n\u00f6vb\u0259ti g\u00f6r\u00fc\u015f\u00fcn\u00fc ke\u00e7irdi &#8211; Fotolar\",\"datePublished\":\"2019-09-26T06:32:50+00:00\",\"dateModified\":\"2019-09-26T06:58:02+00:00\",\"mainEntityOfPage\":{\"@id\":\"https:\/\/www.zerdab.com\/?p=27413\"},\"wordCount\":1151,\"commentCount\":0,\"image\":{\"@id\":\"https:\/\/www.zerdab.com\/?p=27413#primaryimage\"},\"thumbnailUrl\":\"http:\/\/www.zerdab.com\/wp-content\/uploads\/2019\/09\/jale-eliyeva-zerdab-secicilerle-gorus1-550x413.jpg\",\"articleSection\":[\"MAN\u015eET\",\"X\u018fB\u018fRL\u018fR\"],\"inLanguage\":\"az\",\"potentialAction\":[{\"@type\":\"CommentAction\",\"name\":\"Comment\",\"target\":[\"https:\/\/www.zerdab.com\/?p=27413#respond\"]}]},{\"@type\":\"WebPage\",\"@id\":\"https:\/\/www.zerdab.com\/?p=27413\",\"url\":\"https:\/\/www.zerdab.com\/?p=27413\",\"name\":\"Mill\u0259t v\u0259kilimiz Jal\u0259 \u018fliyeva Z\u0259rdabda se\u00e7icil\u0259rl\u0259 n\u00f6vb\u0259ti g\u00f6r\u00fc\u015f\u00fcn\u00fc ke\u00e7irdi - Fotolar - Z\u0259rdab.com\",\"isPartOf\":{\"@id\":\"https:\/\/www.zerdab.com\/#website\"},\"primaryImageOfPage\":{\"@id\":\"https:\/\/www.zerdab.com\/?p=27413#primaryimage\"},\"image\":{\"@id\":\"https:\/\/www.zerdab.com\/?p=27413#primaryimage\"},\"thumbnailUrl\":\"http:\/\/www.zerdab.com\/wp-content\/uploads\/2019\/09\/jale-eliyeva-zerdab-secicilerle-gorus1-550x413.jpg\",\"datePublished\":\"2019-09-26T06:32:50+00:00\",\"dateModified\":\"2019-09-26T06:58:02+00:00\",\"author\":{\"@id\":\"https:\/\/www.zerdab.com\/#\/schema\/person\/97079b7570c1e89ec0d9e138c3672136\"},\"breadcrumb\":{\"@id\":\"https:\/\/www.zerdab.com\/?p=27413#breadcrumb\"},\"inLanguage\":\"az\",\"potentialAction\":[{\"@type\":\"ReadAction\",\"target\":[\"https:\/\/www.zerdab.com\/?p=27413\"]}]},{\"@type\":\"ImageObject\",\"inLanguage\":\"az\",\"@id\":\"https:\/\/www.zerdab.com\/?p=27413#primaryimage\",\"url\":\"\",\"contentUrl\":\"\"},{\"@type\":\"BreadcrumbList\",\"@id\":\"https:\/\/www.zerdab.com\/?p=27413#breadcrumb\",\"itemListElement\":[{\"@type\":\"ListItem\",\"position\":1,\"name\":\"Home\",\"item\":\"https:\/\/www.zerdab.com\/\"},{\"@type\":\"ListItem\",\"position\":2,\"name\":\"Mill\u0259t v\u0259kilimiz Jal\u0259 \u018fliyeva Z\u0259rdabda se\u00e7icil\u0259rl\u0259 n\u00f6vb\u0259ti g\u00f6r\u00fc\u015f\u00fcn\u00fc ke\u00e7irdi &#8211; Fotolar\"}]},{\"@type\":\"WebSite\",\"@id\":\"https:\/\/www.zerdab.com\/#website\",\"url\":\"https:\/\/www.zerdab.com\/\",\"name\":\"Z\u0259rdab.com\",\"description\":\"\",\"potentialAction\":[{\"@type\":\"SearchAction\",\"target\":{\"@type\":\"EntryPoint\",\"urlTemplate\":\"https:\/\/www.zerdab.com\/?s={search_term_string}\"},\"query-input\":{\"@type\":\"PropertyValueSpecification\",\"valueRequired\":true,\"valueName\":\"search_term_string\"}}],\"inLanguage\":\"az\"},{\"@type\":\"Person\",\"@id\":\"https:\/\/www.zerdab.com\/#\/schema\/person\/97079b7570c1e89ec0d9e138c3672136\",\"name\":\"admin\",\"image\":{\"@type\":\"ImageObject\",\"inLanguage\":\"az\",\"@id\":\"https:\/\/www.zerdab.com\/#\/schema\/person\/image\/\",\"url\":\"https:\/\/secure.gravatar.com\/avatar\/d9c52a9a27c32119cb6679a077fa3e2779e5f822c451cbf01098004361d466ec?s=96&d=mm&r=g\",\"contentUrl\":\"https:\/\/secure.gravatar.com\/avatar\/d9c52a9a27c32119cb6679a077fa3e2779e5f822c451cbf01098004361d466ec?s=96&d=mm&r=g\",\"caption\":\"admin\"},\"url\":\"https:\/\/www.zerdab.com\/?author=1\"}]}<\/script>\n<!-- \/ Yoast SEO plugin. -->","yoast_head_json":{"title":"Mill\u0259t v\u0259kilimiz Jal\u0259 \u018fliyeva Z\u0259rdabda se\u00e7icil\u0259rl\u0259 n\u00f6vb\u0259ti g\u00f6r\u00fc\u015f\u00fcn\u00fc ke\u00e7irdi - Fotolar - Z\u0259rdab.com","robots":{"index":"index","follow":"follow","max-snippet":"max-snippet:-1","max-image-preview":"max-image-preview:large","max-video-preview":"max-video-preview:-1"},"canonical":"https:\/\/www.zerdab.com\/?p=27413","og_locale":"az_AZ","og_type":"article","og_title":"Mill\u0259t v\u0259kilimiz Jal\u0259 \u018fliyeva Z\u0259rdabda se\u00e7icil\u0259rl\u0259 n\u00f6vb\u0259ti g\u00f6r\u00fc\u015f\u00fcn\u00fc ke\u00e7irdi - Fotolar - Z\u0259rdab.com","og_description":"Milli M\u0259clisin (MM) M\u0259d\u0259niyy\u0259t komit\u0259sinin s\u0259dr m\u00fcavini, professor Jal\u0259 \u018fliyev\u0259 Z\u0259rdab se\u00e7icil\u0259ri il\u0259 n\u00f6vb\u0259ti g\u00f6r\u00fc\u015f\u00fcn\u00fc ke\u00e7irib.\u00a0 MM-in pay\u0131z sessiyas\u0131n\u0131n ba\u015flanmas\u0131 \u0259r\u0259f\u0259sind\u0259 se\u00e7icil\u0259rl\u0259 rayonda ke\u00e7irdiyi g\u00f6r\u00fc\u015f v\u0259 q\u0259bulda deputat \u00f6lk\u0259d\u0259 apar\u0131lan b\u00f6y\u00fck islahatlar, x\u00fcsusil\u0259, sosial sah\u0259d\u0259 h\u0259yata ke\u00e7iril\u0259n u\u011furlu add\u0131mlar, \u00f6lk\u0259 prezident \u0130lham \u018fliyev t\u0259r\u0259find\u0259n ilin \u0259vv\u0259lind\u0259n ard-arda imzalanan s\u0259r\u0259ncamlar, f\u0259rmanlar, veril\u0259n tap\u015f\u0131r\u0131qlar haqq\u0131nda bir daha [&hellip;]","og_url":"https:\/\/www.zerdab.com\/?p=27413","og_site_name":"Z\u0259rdab.com","article_published_time":"2019-09-26T06:32:50+00:00","article_modified_time":"2019-09-26T06:58:02+00:00","og_image":[{"url":"http:\/\/www.zerdab.com\/wp-content\/uploads\/2019\/09\/jale-eliyeva-zerdab-secicilerle-gorus1-550x413.jpg","type":"","width":"","height":""}],"author":"admin","twitter_card":"summary_large_image","twitter_misc":{"Written by":"admin","Est. reading time":"6 minutes"},"schema":{"@context":"https:\/\/schema.org","@graph":[{"@type":"Article","@id":"https:\/\/www.zerdab.com\/?p=27413#article","isPartOf":{"@id":"https:\/\/www.zerdab.com\/?p=27413"},"author":{"name":"admin","@id":"https:\/\/www.zerdab.com\/#\/schema\/person\/97079b7570c1e89ec0d9e138c3672136"},"headline":"Mill\u0259t v\u0259kilimiz Jal\u0259 \u018fliyeva Z\u0259rdabda se\u00e7icil\u0259rl\u0259 n\u00f6vb\u0259ti g\u00f6r\u00fc\u015f\u00fcn\u00fc ke\u00e7irdi &#8211; Fotolar","datePublished":"2019-09-26T06:32:50+00:00","dateModified":"2019-09-26T06:58:02+00:00","mainEntityOfPage":{"@id":"https:\/\/www.zerdab.com\/?p=27413"},"wordCount":1151,"commentCount":0,"image":{"@id":"https:\/\/www.zerdab.com\/?p=27413#primaryimage"},"thumbnailUrl":"http:\/\/www.zerdab.com\/wp-content\/uploads\/2019\/09\/jale-eliyeva-zerdab-secicilerle-gorus1-550x413.jpg","articleSection":["MAN\u015eET","X\u018fB\u018fRL\u018fR"],"inLanguage":"az","potentialAction":[{"@type":"CommentAction","name":"Comment","target":["https:\/\/www.zerdab.com\/?p=27413#respond"]}]},{"@type":"WebPage","@id":"https:\/\/www.zerdab.com\/?p=27413","url":"https:\/\/www.zerdab.com\/?p=27413","name":"Mill\u0259t v\u0259kilimiz Jal\u0259 \u018fliyeva Z\u0259rdabda se\u00e7icil\u0259rl\u0259 n\u00f6vb\u0259ti g\u00f6r\u00fc\u015f\u00fcn\u00fc ke\u00e7irdi - Fotolar - Z\u0259rdab.com","isPartOf":{"@id":"https:\/\/www.zerdab.com\/#website"},"primaryImageOfPage":{"@id":"https:\/\/www.zerdab.com\/?p=27413#primaryimage"},"image":{"@id":"https:\/\/www.zerdab.com\/?p=27413#primaryimage"},"thumbnailUrl":"http:\/\/www.zerdab.com\/wp-content\/uploads\/2019\/09\/jale-eliyeva-zerdab-secicilerle-gorus1-550x413.jpg","datePublished":"2019-09-26T06:32:50+00:00","dateModified":"2019-09-26T06:58:02+00:00","author":{"@id":"https:\/\/www.zerdab.com\/#\/schema\/person\/97079b7570c1e89ec0d9e138c3672136"},"breadcrumb":{"@id":"https:\/\/www.zerdab.com\/?p=27413#breadcrumb"},"inLanguage":"az","potentialAction":[{"@type":"ReadAction","target":["https:\/\/www.zerdab.com\/?p=27413"]}]},{"@type":"ImageObject","inLanguage":"az","@id":"https:\/\/www.zerdab.com\/?p=27413#primaryimage","url":"","contentUrl":""},{"@type":"BreadcrumbList","@id":"https:\/\/www.zerdab.com\/?p=27413#breadcrumb","itemListElement":[{"@type":"ListItem","position":1,"name":"Home","item":"https:\/\/www.zerdab.com\/"},{"@type":"ListItem","position":2,"name":"Mill\u0259t v\u0259kilimiz Jal\u0259 \u018fliyeva Z\u0259rdabda se\u00e7icil\u0259rl\u0259 n\u00f6vb\u0259ti g\u00f6r\u00fc\u015f\u00fcn\u00fc ke\u00e7irdi &#8211; Fotolar"}]},{"@type":"WebSite","@id":"https:\/\/www.zerdab.com\/#website","url":"https:\/\/www.zerdab.com\/","name":"Z\u0259rdab.com","description":"","potentialAction":[{"@type":"SearchAction","target":{"@type":"EntryPoint","urlTemplate":"https:\/\/www.zerdab.com\/?s={search_term_string}"},"query-input":{"@type":"PropertyValueSpecification","valueRequired":true,"valueName":"search_term_string"}}],"inLanguage":"az"},{"@type":"Person","@id":"https:\/\/www.zerdab.com\/#\/schema\/person\/97079b7570c1e89ec0d9e138c3672136","name":"admin","image":{"@type":"ImageObject","inLanguage":"az","@id":"https:\/\/www.zerdab.com\/#\/schema\/person\/image\/","url":"https:\/\/secure.gravatar.com\/avatar\/d9c52a9a27c32119cb6679a077fa3e2779e5f822c451cbf01098004361d466ec?s=96&d=mm&r=g","contentUrl":"https:\/\/secure.gravatar.com\/avatar\/d9c52a9a27c32119cb6679a077fa3e2779e5f822c451cbf01098004361d466ec?s=96&d=mm&r=g","caption":"admin"},"url":"https:\/\/www.zerdab.com\/?author=1"}]}},"_links":{"self":[{"href":"https:\/\/www.zerdab.com\/index.php?rest_route=\/wp\/v2\/posts\/27413","targetHints":{"allow":["GET"]}}],"collection":[{"href":"https:\/\/www.zerdab.com\/index.php?rest_route=\/wp\/v2\/posts"}],"about":[{"href":"https:\/\/www.zerdab.com\/index.php?rest_route=\/wp\/v2\/types\/post"}],"author":[{"embeddable":true,"href":"https:\/\/www.zerdab.com\/index.php?rest_route=\/wp\/v2\/users\/1"}],"replies":[{"embeddable":true,"href":"https:\/\/www.zerdab.com\/index.php?rest_route=%2Fwp%2Fv2%2Fcomments&post=27413"}],"version-history":[{"count":5,"href":"https:\/\/www.zerdab.com\/index.php?rest_route=\/wp\/v2\/posts\/27413\/revisions"}],"predecessor-version":[{"id":27422,"href":"https:\/\/www.zerdab.com\/index.php?rest_route=\/wp\/v2\/posts\/27413\/revisions\/27422"}],"wp:attachment":[{"href":"https:\/\/www.zerdab.com\/index.php?rest_route=%2Fwp%2Fv2%2Fmedia&parent=27413"}],"wp:term":[{"taxonomy":"category","embeddable":true,"href":"https:\/\/www.zerdab.com\/index.php?rest_route=%2Fwp%2Fv2%2Fcategories&post=27413"},{"taxonomy":"post_tag","embeddable":true,"href":"https:\/\/www.zerdab.com\/index.php?rest_route=%2Fwp%2Fv2%2Ftags&post=27413"}],"curies":[{"name":"wp","href":"https:\/\/api.w.org\/{rel}","templated":true}]}}