{"id":27476,"date":"2019-11-04T11:17:42","date_gmt":"2019-11-04T07:17:42","guid":{"rendered":"http:\/\/www.zerdab.com\/?p=27476"},"modified":"2019-11-04T11:19:26","modified_gmt":"2019-11-04T07:19:26","slug":"z%c9%99rdabin-q%c9%99hr%c9%99man-oglu-s%c9%99hid-kamran-m%c9%99mm%c9%99dov-yad-edilib-t%c9%99dbird%c9%99n-fotolar","status":"publish","type":"post","link":"https:\/\/www.zerdab.com\/?p=27476","title":{"rendered":"Z\u0259rdab\u0131n q\u0259hr\u0259man o\u011flu \u2013 \u015f\u0259hid Kamran M\u0259mm\u0259dov yad edilib &#8211; T\u0259dbird\u0259n fotolar"},"content":{"rendered":"\n<p>Z\u0259rdab rayon Tarix-diyar\u015f\u00fcnasl\u0131q muzeyind\u0259 rayonumuzun B\u00f6y\u00fck D\u0259kk\u0259 k\u0259ndind\u0259n olan \u015f\u0259hid M\u0259mm\u0259dov Kamran Nur\u0259ddin o\u011flunun 50 illiyin\u0259 h\u0259sr olunmu\u015f \u201c\u015e\u0259hidlik zirv\u0259si adl\u0131\u201d t\u0259dbir ke\u00e7irilib.<br> Muzeyd\u0259n <strong>Zerdab.com<\/strong> sayt\u0131na veril\u0259n m\u0259lumata g\u00f6r\u0259, t\u0259dbird\u0259 \u015f\u0259hidin qarda\u015flar\u0131 Rafiq v\u0259 M\u0259h\u0259mm\u0259d M\u0259mm\u0259dov, bac\u0131lar\u0131 Zabit\u0259 v\u0259 G\u00fclnar M\u0259mm\u0259dova, sinif yolda\u015f\u0131 Telman C\u0259bray\u0131lov, d\u00f6y\u00fc\u015f yolda\u015flar\u0131 Bayram Bayramov, El\u00e7\u0131n M\u0259mm\u0259dov \u015f\u0259hid haqq\u0131nda xatir\u0259l\u0259rini dan\u0131\u015f\u0131blar.<br> T\u0259dbird\u0259 Z\u0259rdab rayon H\u0259rbi Komissarl\u0131\u011f\u0131n\u0131n n\u00fcmay\u0259nd\u0259l\u0259ri, M\u0259d\u0259niyy\u0259t\u00a0M\u0259rk\u0259zi, U\u015faq-G\u0259ncl\u0259r \u0130dman-\u015eahmat m\u0259kt\u0259bi, M.F.Axundov ad\u0131na G\u0259lm\u0259 k\u0259nd tam orta m\u0259kt\u0259binin m\u00fc\u0259lliml\u0259ri v\u0259 H.Z.B.Z\u0259rdabi muzeyinin \u0259m\u0259kda\u015flar\u0131 i\u015ftirak edibl\u0259r.<br> Muzeyin direktoru \u015eahnaz Mustafayeva t\u0259dbiri a\u00e7\u0131q elan etdikd\u0259n sonra bir d\u0259qiq\u0259lik s\u00fckutla \u015f\u0259hidl\u0259rimizin ruhu yad edilib.<\/p>\n\n\n\n<p>\u015eahnaz Mustafayeva \u00e7\u0131x\u0131\u015f\u0131nda\ndeyib: \u201cB\u00fct\u00fcn y\u00fcks\u0259klikl\u0259rd\u0259n ucada dayanan bir zirv\u0259 var: \u015e\u0259hidlik zirv\u0259si. Bu\nzirv\u0259 h\u0259r k\u0259s\u0259 n\u0259sib olmur. Yaln\u0131z m\u00fcq\u0259dd\u0259s amallar u\u011frunda \u00e7arp\u0131\u015fan, qorxu\nn\u0259 oldu\u011funu bilm\u0259y\u0259n, V\u0259t\u0259n v\u0259 xalq yolunda can\u0131n\u0131 f\u0259da etm\u0259kd\u0259n \u00e7\u0259kinm\u0259y\u0259n c\u0259sar\u0259tli,\nl\u0259yaq\u0259tli insanlar y\u00fcks\u0259l\u0259 bil\u0259rl\u0259r bu uca zirv\u0259y\u0259.<br>\nBu y\u00fcks\u0259kliy\u0259 ucalan insanlar \u00f6lm\u00fcrl\u0259r, \u0259ksin\u0259\n\u00f6l\u00fcml\u0259ri il\u0259 bir \u0259b\u0259dilik qazan\u0131rlar\u201d. <\/p>\n\n\n\n<figure class=\"wp-block-image\"><img decoding=\"async\" src=\"http:\/\/www.zerdab.com\/wp-content\/uploads\/2019\/11\/zerdab-sehid-kamran-memmedov-dekke1-550x413.jpg\" alt=\"\" class=\"wp-image-27478\"\/><\/figure>\n\n\n\n<p>T\u0259dbird\u0259 dig\u0259r \u00e7\u0131x\u0131\u015f\ned\u0259nl\u0259r Z\u0259rdab\u0131n igid o\u011fullar\u0131n\u0131n Qaraba\u011f m\u00fcharib\u0259sind\u0259 g\u00f6st\u0259rdikl\u0259ri q\u0259hr\u0259manl\u0131qlardan,\n\u015f\u0259hid Kamran M\u0259mm\u0259dovun \u00f6m\u00fcr yolundan dan\u0131\u015f\u0131blar.<\/p>\n\n\n\n<p>Bildirilib ki, v\u0259t\u0259nimizin\ndar g\u00fcn\u00fcnd\u0259 canlar\u0131ndan ke\u00e7\u0259n bu q\u0259hr\u0259man o\u011fullar he\u00e7 zaman unudulmayacaq v\u0259\ndaim yad olunacaqlar.<\/p>\n\n\n\n<p>Zerdab.com<\/p>\n\n\n\n<figure class=\"wp-block-image\"><img decoding=\"async\" src=\"http:\/\/www.zerdab.com\/wp-content\/uploads\/2019\/11\/zerdab-sehid-kamran-memmedov-dekke2-411x550.jpg\" alt=\"\" class=\"wp-image-27480\"\/><\/figure>\n\n\n\n<figure class=\"wp-block-image\"><img decoding=\"async\" src=\"http:\/\/www.zerdab.com\/wp-content\/uploads\/2019\/11\/zerdab-sehid-kamran-memmedov-dekke3-411x550.jpg\" alt=\"\" class=\"wp-image-27482\"\/><\/figure>\n","protected":false},"excerpt":{"rendered":"<p>Z\u0259rdab rayon Tarix-diyar\u015f\u00fcnasl\u0131q muzeyind\u0259 rayonumuzun B\u00f6y\u00fck D\u0259kk\u0259 k\u0259ndind\u0259n olan \u015f\u0259hid M\u0259mm\u0259dov Kamran Nur\u0259ddin o\u011flunun 50 illiyin\u0259 h\u0259sr olunmu\u015f \u201c\u015e\u0259hidlik zirv\u0259si adl\u0131\u201d t\u0259dbir ke\u00e7irilib. Muzeyd\u0259n Zerdab.com sayt\u0131na veril\u0259n m\u0259lumata g\u00f6r\u0259, t\u0259dbird\u0259 \u015f\u0259hidin qarda\u015flar\u0131 Rafiq v\u0259 M\u0259h\u0259mm\u0259d M\u0259mm\u0259dov, bac\u0131lar\u0131 Zabit\u0259 v\u0259 G\u00fclnar M\u0259mm\u0259dova, sinif yolda\u015f\u0131 Telman C\u0259bray\u0131lov, d\u00f6y\u00fc\u015f yolda\u015flar\u0131 Bayram Bayramov, El\u00e7\u0131n M\u0259mm\u0259dov \u015f\u0259hid haqq\u0131nda xatir\u0259l\u0259rini dan\u0131\u015f\u0131blar. [&hellip;]<\/p>\n","protected":false},"author":1,"featured_media":0,"comment_status":"open","ping_status":"open","sticky":false,"template":"","format":"standard","meta":{"footnotes":""},"categories":[63,5],"tags":[],"class_list":{"0":"post-27476","1":"post","2":"type-post","3":"status-publish","4":"format-standard","6":"category-manset","7":"category-knd"},"yoast_head":"<!-- This site is optimized with the Yoast SEO plugin v27.0 - https:\/\/yoast.com\/product\/yoast-seo-wordpress\/ -->\n<title>Z\u0259rdab\u0131n q\u0259hr\u0259man o\u011flu \u2013 \u015f\u0259hid Kamran M\u0259mm\u0259dov yad edilib - T\u0259dbird\u0259n fotolar - Z\u0259rdab.com<\/title>\n<meta name=\"robots\" content=\"index, follow, max-snippet:-1, max-image-preview:large, max-video-preview:-1\" \/>\n<link rel=\"canonical\" href=\"https:\/\/www.zerdab.com\/?p=27476\" \/>\n<meta property=\"og:locale\" content=\"az_AZ\" \/>\n<meta property=\"og:type\" content=\"article\" \/>\n<meta property=\"og:title\" content=\"Z\u0259rdab\u0131n q\u0259hr\u0259man o\u011flu \u2013 \u015f\u0259hid Kamran M\u0259mm\u0259dov yad edilib - T\u0259dbird\u0259n fotolar - Z\u0259rdab.com\" \/>\n<meta property=\"og:description\" content=\"Z\u0259rdab rayon Tarix-diyar\u015f\u00fcnasl\u0131q muzeyind\u0259 rayonumuzun B\u00f6y\u00fck D\u0259kk\u0259 k\u0259ndind\u0259n olan \u015f\u0259hid M\u0259mm\u0259dov Kamran Nur\u0259ddin o\u011flunun 50 illiyin\u0259 h\u0259sr olunmu\u015f \u201c\u015e\u0259hidlik zirv\u0259si adl\u0131\u201d t\u0259dbir ke\u00e7irilib. Muzeyd\u0259n Zerdab.com sayt\u0131na veril\u0259n m\u0259lumata g\u00f6r\u0259, t\u0259dbird\u0259 \u015f\u0259hidin qarda\u015flar\u0131 Rafiq v\u0259 M\u0259h\u0259mm\u0259d M\u0259mm\u0259dov, bac\u0131lar\u0131 Zabit\u0259 v\u0259 G\u00fclnar M\u0259mm\u0259dova, sinif yolda\u015f\u0131 Telman C\u0259bray\u0131lov, d\u00f6y\u00fc\u015f yolda\u015flar\u0131 Bayram Bayramov, El\u00e7\u0131n M\u0259mm\u0259dov \u015f\u0259hid haqq\u0131nda xatir\u0259l\u0259rini dan\u0131\u015f\u0131blar. [&hellip;]\" \/>\n<meta property=\"og:url\" content=\"https:\/\/www.zerdab.com\/?p=27476\" \/>\n<meta property=\"og:site_name\" content=\"Z\u0259rdab.com\" \/>\n<meta property=\"article:published_time\" content=\"2019-11-04T07:17:42+00:00\" \/>\n<meta property=\"article:modified_time\" content=\"2019-11-04T07:19:26+00:00\" \/>\n<meta property=\"og:image\" content=\"http:\/\/www.zerdab.com\/wp-content\/uploads\/2019\/11\/zerdab-sehid-kamran-memmedov-dekke1-550x413.jpg\" \/>\n<meta name=\"author\" content=\"admin\" \/>\n<meta name=\"twitter:card\" content=\"summary_large_image\" \/>\n<meta name=\"twitter:label1\" content=\"Written by\" \/>\n\t<meta name=\"twitter:data1\" content=\"admin\" \/>\n\t<meta name=\"twitter:label2\" content=\"Est. reading time\" \/>\n\t<meta name=\"twitter:data2\" content=\"2 minutes\" \/>\n<script type=\"application\/ld+json\" class=\"yoast-schema-graph\">{\"@context\":\"https:\/\/schema.org\",\"@graph\":[{\"@type\":\"Article\",\"@id\":\"https:\/\/www.zerdab.com\/?p=27476#article\",\"isPartOf\":{\"@id\":\"https:\/\/www.zerdab.com\/?p=27476\"},\"author\":{\"name\":\"admin\",\"@id\":\"https:\/\/www.zerdab.com\/#\/schema\/person\/97079b7570c1e89ec0d9e138c3672136\"},\"headline\":\"Z\u0259rdab\u0131n q\u0259hr\u0259man o\u011flu \u2013 \u015f\u0259hid Kamran M\u0259mm\u0259dov yad edilib &#8211; T\u0259dbird\u0259n fotolar\",\"datePublished\":\"2019-11-04T07:17:42+00:00\",\"dateModified\":\"2019-11-04T07:19:26+00:00\",\"mainEntityOfPage\":{\"@id\":\"https:\/\/www.zerdab.com\/?p=27476\"},\"wordCount\":369,\"commentCount\":0,\"image\":{\"@id\":\"https:\/\/www.zerdab.com\/?p=27476#primaryimage\"},\"thumbnailUrl\":\"http:\/\/www.zerdab.com\/wp-content\/uploads\/2019\/11\/zerdab-sehid-kamran-memmedov-dekke1-550x413.jpg\",\"articleSection\":[\"MAN\u015eET\",\"X\u018fB\u018fRL\u018fR\"],\"inLanguage\":\"az\",\"potentialAction\":[{\"@type\":\"CommentAction\",\"name\":\"Comment\",\"target\":[\"https:\/\/www.zerdab.com\/?p=27476#respond\"]}]},{\"@type\":\"WebPage\",\"@id\":\"https:\/\/www.zerdab.com\/?p=27476\",\"url\":\"https:\/\/www.zerdab.com\/?p=27476\",\"name\":\"Z\u0259rdab\u0131n q\u0259hr\u0259man o\u011flu \u2013 \u015f\u0259hid Kamran M\u0259mm\u0259dov yad edilib - T\u0259dbird\u0259n fotolar - Z\u0259rdab.com\",\"isPartOf\":{\"@id\":\"https:\/\/www.zerdab.com\/#website\"},\"primaryImageOfPage\":{\"@id\":\"https:\/\/www.zerdab.com\/?p=27476#primaryimage\"},\"image\":{\"@id\":\"https:\/\/www.zerdab.com\/?p=27476#primaryimage\"},\"thumbnailUrl\":\"http:\/\/www.zerdab.com\/wp-content\/uploads\/2019\/11\/zerdab-sehid-kamran-memmedov-dekke1-550x413.jpg\",\"datePublished\":\"2019-11-04T07:17:42+00:00\",\"dateModified\":\"2019-11-04T07:19:26+00:00\",\"author\":{\"@id\":\"https:\/\/www.zerdab.com\/#\/schema\/person\/97079b7570c1e89ec0d9e138c3672136\"},\"breadcrumb\":{\"@id\":\"https:\/\/www.zerdab.com\/?p=27476#breadcrumb\"},\"inLanguage\":\"az\",\"potentialAction\":[{\"@type\":\"ReadAction\",\"target\":[\"https:\/\/www.zerdab.com\/?p=27476\"]}]},{\"@type\":\"ImageObject\",\"inLanguage\":\"az\",\"@id\":\"https:\/\/www.zerdab.com\/?p=27476#primaryimage\",\"url\":\"\",\"contentUrl\":\"\"},{\"@type\":\"BreadcrumbList\",\"@id\":\"https:\/\/www.zerdab.com\/?p=27476#breadcrumb\",\"itemListElement\":[{\"@type\":\"ListItem\",\"position\":1,\"name\":\"Home\",\"item\":\"https:\/\/www.zerdab.com\/\"},{\"@type\":\"ListItem\",\"position\":2,\"name\":\"Z\u0259rdab\u0131n q\u0259hr\u0259man o\u011flu \u2013 \u015f\u0259hid Kamran M\u0259mm\u0259dov yad edilib &#8211; T\u0259dbird\u0259n fotolar\"}]},{\"@type\":\"WebSite\",\"@id\":\"https:\/\/www.zerdab.com\/#website\",\"url\":\"https:\/\/www.zerdab.com\/\",\"name\":\"Z\u0259rdab.com\",\"description\":\"\",\"potentialAction\":[{\"@type\":\"SearchAction\",\"target\":{\"@type\":\"EntryPoint\",\"urlTemplate\":\"https:\/\/www.zerdab.com\/?s={search_term_string}\"},\"query-input\":{\"@type\":\"PropertyValueSpecification\",\"valueRequired\":true,\"valueName\":\"search_term_string\"}}],\"inLanguage\":\"az\"},{\"@type\":\"Person\",\"@id\":\"https:\/\/www.zerdab.com\/#\/schema\/person\/97079b7570c1e89ec0d9e138c3672136\",\"name\":\"admin\",\"image\":{\"@type\":\"ImageObject\",\"inLanguage\":\"az\",\"@id\":\"https:\/\/www.zerdab.com\/#\/schema\/person\/image\/\",\"url\":\"https:\/\/secure.gravatar.com\/avatar\/d9c52a9a27c32119cb6679a077fa3e2779e5f822c451cbf01098004361d466ec?s=96&d=mm&r=g\",\"contentUrl\":\"https:\/\/secure.gravatar.com\/avatar\/d9c52a9a27c32119cb6679a077fa3e2779e5f822c451cbf01098004361d466ec?s=96&d=mm&r=g\",\"caption\":\"admin\"},\"url\":\"https:\/\/www.zerdab.com\/?author=1\"}]}<\/script>\n<!-- \/ Yoast SEO plugin. -->","yoast_head_json":{"title":"Z\u0259rdab\u0131n q\u0259hr\u0259man o\u011flu \u2013 \u015f\u0259hid Kamran M\u0259mm\u0259dov yad edilib - T\u0259dbird\u0259n fotolar - Z\u0259rdab.com","robots":{"index":"index","follow":"follow","max-snippet":"max-snippet:-1","max-image-preview":"max-image-preview:large","max-video-preview":"max-video-preview:-1"},"canonical":"https:\/\/www.zerdab.com\/?p=27476","og_locale":"az_AZ","og_type":"article","og_title":"Z\u0259rdab\u0131n q\u0259hr\u0259man o\u011flu \u2013 \u015f\u0259hid Kamran M\u0259mm\u0259dov yad edilib - T\u0259dbird\u0259n fotolar - Z\u0259rdab.com","og_description":"Z\u0259rdab rayon Tarix-diyar\u015f\u00fcnasl\u0131q muzeyind\u0259 rayonumuzun B\u00f6y\u00fck D\u0259kk\u0259 k\u0259ndind\u0259n olan \u015f\u0259hid M\u0259mm\u0259dov Kamran Nur\u0259ddin o\u011flunun 50 illiyin\u0259 h\u0259sr olunmu\u015f \u201c\u015e\u0259hidlik zirv\u0259si adl\u0131\u201d t\u0259dbir ke\u00e7irilib. Muzeyd\u0259n Zerdab.com sayt\u0131na veril\u0259n m\u0259lumata g\u00f6r\u0259, t\u0259dbird\u0259 \u015f\u0259hidin qarda\u015flar\u0131 Rafiq v\u0259 M\u0259h\u0259mm\u0259d M\u0259mm\u0259dov, bac\u0131lar\u0131 Zabit\u0259 v\u0259 G\u00fclnar M\u0259mm\u0259dova, sinif yolda\u015f\u0131 Telman C\u0259bray\u0131lov, d\u00f6y\u00fc\u015f yolda\u015flar\u0131 Bayram Bayramov, El\u00e7\u0131n M\u0259mm\u0259dov \u015f\u0259hid haqq\u0131nda xatir\u0259l\u0259rini dan\u0131\u015f\u0131blar. [&hellip;]","og_url":"https:\/\/www.zerdab.com\/?p=27476","og_site_name":"Z\u0259rdab.com","article_published_time":"2019-11-04T07:17:42+00:00","article_modified_time":"2019-11-04T07:19:26+00:00","og_image":[{"url":"http:\/\/www.zerdab.com\/wp-content\/uploads\/2019\/11\/zerdab-sehid-kamran-memmedov-dekke1-550x413.jpg","type":"","width":"","height":""}],"author":"admin","twitter_card":"summary_large_image","twitter_misc":{"Written by":"admin","Est. reading time":"2 minutes"},"schema":{"@context":"https:\/\/schema.org","@graph":[{"@type":"Article","@id":"https:\/\/www.zerdab.com\/?p=27476#article","isPartOf":{"@id":"https:\/\/www.zerdab.com\/?p=27476"},"author":{"name":"admin","@id":"https:\/\/www.zerdab.com\/#\/schema\/person\/97079b7570c1e89ec0d9e138c3672136"},"headline":"Z\u0259rdab\u0131n q\u0259hr\u0259man o\u011flu \u2013 \u015f\u0259hid Kamran M\u0259mm\u0259dov yad edilib &#8211; T\u0259dbird\u0259n fotolar","datePublished":"2019-11-04T07:17:42+00:00","dateModified":"2019-11-04T07:19:26+00:00","mainEntityOfPage":{"@id":"https:\/\/www.zerdab.com\/?p=27476"},"wordCount":369,"commentCount":0,"image":{"@id":"https:\/\/www.zerdab.com\/?p=27476#primaryimage"},"thumbnailUrl":"http:\/\/www.zerdab.com\/wp-content\/uploads\/2019\/11\/zerdab-sehid-kamran-memmedov-dekke1-550x413.jpg","articleSection":["MAN\u015eET","X\u018fB\u018fRL\u018fR"],"inLanguage":"az","potentialAction":[{"@type":"CommentAction","name":"Comment","target":["https:\/\/www.zerdab.com\/?p=27476#respond"]}]},{"@type":"WebPage","@id":"https:\/\/www.zerdab.com\/?p=27476","url":"https:\/\/www.zerdab.com\/?p=27476","name":"Z\u0259rdab\u0131n q\u0259hr\u0259man o\u011flu \u2013 \u015f\u0259hid Kamran M\u0259mm\u0259dov yad edilib - T\u0259dbird\u0259n fotolar - Z\u0259rdab.com","isPartOf":{"@id":"https:\/\/www.zerdab.com\/#website"},"primaryImageOfPage":{"@id":"https:\/\/www.zerdab.com\/?p=27476#primaryimage"},"image":{"@id":"https:\/\/www.zerdab.com\/?p=27476#primaryimage"},"thumbnailUrl":"http:\/\/www.zerdab.com\/wp-content\/uploads\/2019\/11\/zerdab-sehid-kamran-memmedov-dekke1-550x413.jpg","datePublished":"2019-11-04T07:17:42+00:00","dateModified":"2019-11-04T07:19:26+00:00","author":{"@id":"https:\/\/www.zerdab.com\/#\/schema\/person\/97079b7570c1e89ec0d9e138c3672136"},"breadcrumb":{"@id":"https:\/\/www.zerdab.com\/?p=27476#breadcrumb"},"inLanguage":"az","potentialAction":[{"@type":"ReadAction","target":["https:\/\/www.zerdab.com\/?p=27476"]}]},{"@type":"ImageObject","inLanguage":"az","@id":"https:\/\/www.zerdab.com\/?p=27476#primaryimage","url":"","contentUrl":""},{"@type":"BreadcrumbList","@id":"https:\/\/www.zerdab.com\/?p=27476#breadcrumb","itemListElement":[{"@type":"ListItem","position":1,"name":"Home","item":"https:\/\/www.zerdab.com\/"},{"@type":"ListItem","position":2,"name":"Z\u0259rdab\u0131n q\u0259hr\u0259man o\u011flu \u2013 \u015f\u0259hid Kamran M\u0259mm\u0259dov yad edilib &#8211; T\u0259dbird\u0259n fotolar"}]},{"@type":"WebSite","@id":"https:\/\/www.zerdab.com\/#website","url":"https:\/\/www.zerdab.com\/","name":"Z\u0259rdab.com","description":"","potentialAction":[{"@type":"SearchAction","target":{"@type":"EntryPoint","urlTemplate":"https:\/\/www.zerdab.com\/?s={search_term_string}"},"query-input":{"@type":"PropertyValueSpecification","valueRequired":true,"valueName":"search_term_string"}}],"inLanguage":"az"},{"@type":"Person","@id":"https:\/\/www.zerdab.com\/#\/schema\/person\/97079b7570c1e89ec0d9e138c3672136","name":"admin","image":{"@type":"ImageObject","inLanguage":"az","@id":"https:\/\/www.zerdab.com\/#\/schema\/person\/image\/","url":"https:\/\/secure.gravatar.com\/avatar\/d9c52a9a27c32119cb6679a077fa3e2779e5f822c451cbf01098004361d466ec?s=96&d=mm&r=g","contentUrl":"https:\/\/secure.gravatar.com\/avatar\/d9c52a9a27c32119cb6679a077fa3e2779e5f822c451cbf01098004361d466ec?s=96&d=mm&r=g","caption":"admin"},"url":"https:\/\/www.zerdab.com\/?author=1"}]}},"_links":{"self":[{"href":"https:\/\/www.zerdab.com\/index.php?rest_route=\/wp\/v2\/posts\/27476","targetHints":{"allow":["GET"]}}],"collection":[{"href":"https:\/\/www.zerdab.com\/index.php?rest_route=\/wp\/v2\/posts"}],"about":[{"href":"https:\/\/www.zerdab.com\/index.php?rest_route=\/wp\/v2\/types\/post"}],"author":[{"embeddable":true,"href":"https:\/\/www.zerdab.com\/index.php?rest_route=\/wp\/v2\/users\/1"}],"replies":[{"embeddable":true,"href":"https:\/\/www.zerdab.com\/index.php?rest_route=%2Fwp%2Fv2%2Fcomments&post=27476"}],"version-history":[{"count":3,"href":"https:\/\/www.zerdab.com\/index.php?rest_route=\/wp\/v2\/posts\/27476\/revisions"}],"predecessor-version":[{"id":27483,"href":"https:\/\/www.zerdab.com\/index.php?rest_route=\/wp\/v2\/posts\/27476\/revisions\/27483"}],"wp:attachment":[{"href":"https:\/\/www.zerdab.com\/index.php?rest_route=%2Fwp%2Fv2%2Fmedia&parent=27476"}],"wp:term":[{"taxonomy":"category","embeddable":true,"href":"https:\/\/www.zerdab.com\/index.php?rest_route=%2Fwp%2Fv2%2Fcategories&post=27476"},{"taxonomy":"post_tag","embeddable":true,"href":"https:\/\/www.zerdab.com\/index.php?rest_route=%2Fwp%2Fv2%2Ftags&post=27476"}],"curies":[{"name":"wp","href":"https:\/\/api.w.org\/{rel}","templated":true}]}}