{"id":27521,"date":"2019-11-13T17:53:24","date_gmt":"2019-11-13T13:53:24","guid":{"rendered":"http:\/\/www.zerdab.com\/?p=27521"},"modified":"2019-11-13T17:54:42","modified_gmt":"2019-11-13T13:54:42","slug":"nazir-muavini-z%c9%99rdaba-g%c9%99ldi-fotolar","status":"publish","type":"post","link":"https:\/\/www.zerdab.com\/?p=27521","title":{"rendered":"Nazir m\u00fcavini Z\u0259rdaba g\u0259ldi &#8211; Fotolar"},"content":{"rendered":"\n<p>Noyabr\u0131n 13-d\u0259 T\u0259hsil nazirinin m\u00fcavini M\u0259h\u0259bb\u0259t V\u0259liyeva b\u00f6lg\u0259l\u0259r\u0259 s\u0259f\u0259ri \u00e7\u0259r\u00e7iv\u0259sind\u0259 Z\u0259rdab rayonunda olub.<\/p>\n\n\n\n<p><strong>Zerdab.com<\/strong> sayt\u0131na veril\u0259n m\u0259lumata g\u00f6r\u0259, nazir m\u00fcavini s\u0259f\u0259r \u00e7\u0259r\u00e7iv\u0259sind\u0259 Z\u0259rdab rayonu H\u0259s\u0259n b\u0259y Z\u0259rdabi ad\u0131na 1 n\u00f6mr\u0259li m\u0259kt\u0259b-liseyd\u0259 olub. \u00dcmumi t\u0259hsil m\u00fc\u0259ssis\u0259sind\u0259 yarad\u0131lan \u015f\u0259raitl\u0259 tan\u0131\u015f olan M\u0259h\u0259bb\u0259t V\u0259liyeva m\u00fc\u0259llim v\u0259 \u015fagirdl\u0259rl\u0259 g\u00f6r\u00fc\u015f\u00fcb, onlarla s\u0259mimi s\u00f6hb\u0259t apar\u0131b.<\/p>\n\n\n\n<figure class=\"wp-block-image\"><img decoding=\"async\" src=\"http:\/\/www.zerdab.com\/wp-content\/uploads\/2019\/11\/tamilla-veliyeva-zerdab-550x380.jpg\" alt=\"\" class=\"wp-image-27525\"\/><\/figure>\n\n\n\n<p>Daha sonra 2019-2020-ci t\u0259dris ilind\u0259n rayonun \u00fcmumt\u0259hsil m\u0259kt\u0259bl\u0259rind\u0259 i\u015f\u0259 ba\u015flayan g\u0259nc m\u00fc\u0259lliml\u0259rl\u0259 g\u00f6r\u00fc\u015f ke\u00e7irilib. <\/p>\n\n\n\n<figure class=\"wp-block-image\"><img decoding=\"async\" src=\"http:\/\/www.zerdab.com\/wp-content\/uploads\/2019\/11\/tamilla-veliyeva-zerdab1-550x335.jpg\" alt=\"\" class=\"wp-image-27526\"\/><\/figure>\n\n\n\n<p>G\u00f6r\u00fc\u015fd\u0259 M\u0259h\u0259bb\u0259t V\u0259liyeva m\u0259kt\u0259b-\u015fagird-valideyn \u0259laq\u0259l\u0259rinin m\u00f6hk\u0259ml\u0259ndirilm\u0259si v\u0259 pedaqoji \u0259m\u0259kda\u015fl\u0131\u011f\u0131n g\u00fccl\u0259ndirilm\u0259sinin t\u0259hsil m\u00fc\u0259ssis\u0259l\u0259rinin qar\u015f\u0131s\u0131nda duran v\u0259zif\u0259l\u0259rd\u0259n biri oldu\u011funu diqq\u0259t\u0259 \u00e7atd\u0131r\u0131b, h\u0259m\u00e7inin\u00a0 m\u00fc\u0259llim pe\u015f\u0259sin\u0259 mara\u011f\u0131n artmas\u0131ndan v\u0259 m\u00fc\u0259llim \u0259m\u0259yin\u0259 veril\u0259n d\u0259y\u0259rd\u0259n dan\u0131\u015f\u0131b.<\/p>\n\n\n\n<p>M\u0259h\u0259bb\u0259t V\u0259liyeva \u00e7\u0131x\u0131\u015f\u0131n\u0131n sonunda m\u00fc\u0259lliml\u0259r\u0259 \u00f6z tap\u015f\u0131r\u0131q v\u0259 t\u00f6vsiy\u0259l\u0259rini verib, onlara f\u0259aliyy\u0259tl\u0259rind\u0259 u\u011furlar arzulay\u0131b.<\/p>\n\n\n\n<figure class=\"wp-block-image\"><img decoding=\"async\" src=\"http:\/\/www.zerdab.com\/wp-content\/uploads\/2019\/11\/tamilla-veliyeva-zerdab2-550x376.jpg\" alt=\"\" class=\"wp-image-27527\"\/><\/figure>\n\n\n\n<p>G\u00f6r\u00fc\u015fd\u0259 son ill\u0259r \u0259rzind\u0259 t\u0259hsil sah\u0259sind\u0259 apar\u0131lan islahatlar\u0131 diqq\u0259t\u0259 \u00e7atd\u0131ran nazir m\u00fcavini bir s\u0131ra g\u00f6st\u0259ri\u015f v\u0259 t\u00f6vsiy\u0259l\u0259r verib.<\/p>\n\n\n\n<figure class=\"wp-block-image\"><img decoding=\"async\" src=\"http:\/\/www.zerdab.com\/wp-content\/uploads\/2019\/11\/tamilla-veliyeva-zerdab4-550x311.jpg\" alt=\"\" class=\"wp-image-27528\"\/><\/figure>\n\n\n\n<p>Sonda g\u00f6r\u00fc\u015f i\u015ftirak\u00e7\u0131lar\u0131n\u0131n t\u0259klifl\u0259ri dinl\u0259nilib, suallar\u0131 cavabland\u0131r\u0131l\u0131b.<\/p>\n","protected":false},"excerpt":{"rendered":"<p>Noyabr\u0131n 13-d\u0259 T\u0259hsil nazirinin m\u00fcavini M\u0259h\u0259bb\u0259t V\u0259liyeva b\u00f6lg\u0259l\u0259r\u0259 s\u0259f\u0259ri \u00e7\u0259r\u00e7iv\u0259sind\u0259 Z\u0259rdab rayonunda olub. Zerdab.com sayt\u0131na veril\u0259n m\u0259lumata g\u00f6r\u0259, nazir m\u00fcavini s\u0259f\u0259r \u00e7\u0259r\u00e7iv\u0259sind\u0259 Z\u0259rdab rayonu H\u0259s\u0259n b\u0259y Z\u0259rdabi ad\u0131na 1 n\u00f6mr\u0259li m\u0259kt\u0259b-liseyd\u0259 olub. \u00dcmumi t\u0259hsil m\u00fc\u0259ssis\u0259sind\u0259 yarad\u0131lan \u015f\u0259raitl\u0259 tan\u0131\u015f olan M\u0259h\u0259bb\u0259t V\u0259liyeva m\u00fc\u0259llim v\u0259 \u015fagirdl\u0259rl\u0259 g\u00f6r\u00fc\u015f\u00fcb, onlarla s\u0259mimi s\u00f6hb\u0259t apar\u0131b. Daha sonra 2019-2020-ci t\u0259dris ilind\u0259n rayonun [&hellip;]<\/p>\n","protected":false},"author":1,"featured_media":0,"comment_status":"open","ping_status":"open","sticky":false,"template":"","format":"standard","meta":{"footnotes":""},"categories":[21,63],"tags":[],"class_list":{"0":"post-27521","1":"post","2":"type-post","3":"status-publish","4":"format-standard","6":"category-zrdab","7":"category-manset"},"yoast_head":"<!-- This site is optimized with the Yoast SEO plugin v27.0 - https:\/\/yoast.com\/product\/yoast-seo-wordpress\/ -->\n<title>Nazir m\u00fcavini Z\u0259rdaba g\u0259ldi - Fotolar - Z\u0259rdab.com<\/title>\n<meta name=\"robots\" content=\"index, follow, max-snippet:-1, max-image-preview:large, max-video-preview:-1\" \/>\n<link rel=\"canonical\" href=\"https:\/\/www.zerdab.com\/?p=27521\" \/>\n<meta property=\"og:locale\" content=\"az_AZ\" \/>\n<meta property=\"og:type\" content=\"article\" \/>\n<meta property=\"og:title\" content=\"Nazir m\u00fcavini Z\u0259rdaba g\u0259ldi - Fotolar - Z\u0259rdab.com\" \/>\n<meta property=\"og:description\" content=\"Noyabr\u0131n 13-d\u0259 T\u0259hsil nazirinin m\u00fcavini M\u0259h\u0259bb\u0259t V\u0259liyeva b\u00f6lg\u0259l\u0259r\u0259 s\u0259f\u0259ri \u00e7\u0259r\u00e7iv\u0259sind\u0259 Z\u0259rdab rayonunda olub. Zerdab.com sayt\u0131na veril\u0259n m\u0259lumata g\u00f6r\u0259, nazir m\u00fcavini s\u0259f\u0259r \u00e7\u0259r\u00e7iv\u0259sind\u0259 Z\u0259rdab rayonu H\u0259s\u0259n b\u0259y Z\u0259rdabi ad\u0131na 1 n\u00f6mr\u0259li m\u0259kt\u0259b-liseyd\u0259 olub. \u00dcmumi t\u0259hsil m\u00fc\u0259ssis\u0259sind\u0259 yarad\u0131lan \u015f\u0259raitl\u0259 tan\u0131\u015f olan M\u0259h\u0259bb\u0259t V\u0259liyeva m\u00fc\u0259llim v\u0259 \u015fagirdl\u0259rl\u0259 g\u00f6r\u00fc\u015f\u00fcb, onlarla s\u0259mimi s\u00f6hb\u0259t apar\u0131b. Daha sonra 2019-2020-ci t\u0259dris ilind\u0259n rayonun [&hellip;]\" \/>\n<meta property=\"og:url\" content=\"https:\/\/www.zerdab.com\/?p=27521\" \/>\n<meta property=\"og:site_name\" content=\"Z\u0259rdab.com\" \/>\n<meta property=\"article:published_time\" content=\"2019-11-13T13:53:24+00:00\" \/>\n<meta property=\"article:modified_time\" content=\"2019-11-13T13:54:42+00:00\" \/>\n<meta property=\"og:image\" content=\"http:\/\/www.zerdab.com\/wp-content\/uploads\/2019\/11\/tamilla-veliyeva-zerdab-550x380.jpg\" \/>\n<meta name=\"author\" content=\"admin\" \/>\n<meta name=\"twitter:card\" content=\"summary_large_image\" \/>\n<meta name=\"twitter:label1\" content=\"Written by\" \/>\n\t<meta name=\"twitter:data1\" content=\"admin\" \/>\n\t<meta name=\"twitter:label2\" content=\"Est. reading time\" \/>\n\t<meta name=\"twitter:data2\" content=\"1 minute\" \/>\n<script type=\"application\/ld+json\" class=\"yoast-schema-graph\">{\"@context\":\"https:\/\/schema.org\",\"@graph\":[{\"@type\":\"Article\",\"@id\":\"https:\/\/www.zerdab.com\/?p=27521#article\",\"isPartOf\":{\"@id\":\"https:\/\/www.zerdab.com\/?p=27521\"},\"author\":{\"name\":\"admin\",\"@id\":\"https:\/\/www.zerdab.com\/#\/schema\/person\/97079b7570c1e89ec0d9e138c3672136\"},\"headline\":\"Nazir m\u00fcavini Z\u0259rdaba g\u0259ldi &#8211; Fotolar\",\"datePublished\":\"2019-11-13T13:53:24+00:00\",\"dateModified\":\"2019-11-13T13:54:42+00:00\",\"mainEntityOfPage\":{\"@id\":\"https:\/\/www.zerdab.com\/?p=27521\"},\"wordCount\":296,\"commentCount\":0,\"image\":{\"@id\":\"https:\/\/www.zerdab.com\/?p=27521#primaryimage\"},\"thumbnailUrl\":\"http:\/\/www.zerdab.com\/wp-content\/uploads\/2019\/11\/tamilla-veliyeva-zerdab-550x380.jpg\",\"articleSection\":[\"C\u018fM\u0130YY\u018fT\",\"MAN\u015eET\"],\"inLanguage\":\"az\",\"potentialAction\":[{\"@type\":\"CommentAction\",\"name\":\"Comment\",\"target\":[\"https:\/\/www.zerdab.com\/?p=27521#respond\"]}]},{\"@type\":\"WebPage\",\"@id\":\"https:\/\/www.zerdab.com\/?p=27521\",\"url\":\"https:\/\/www.zerdab.com\/?p=27521\",\"name\":\"Nazir m\u00fcavini Z\u0259rdaba g\u0259ldi - Fotolar - Z\u0259rdab.com\",\"isPartOf\":{\"@id\":\"https:\/\/www.zerdab.com\/#website\"},\"primaryImageOfPage\":{\"@id\":\"https:\/\/www.zerdab.com\/?p=27521#primaryimage\"},\"image\":{\"@id\":\"https:\/\/www.zerdab.com\/?p=27521#primaryimage\"},\"thumbnailUrl\":\"http:\/\/www.zerdab.com\/wp-content\/uploads\/2019\/11\/tamilla-veliyeva-zerdab-550x380.jpg\",\"datePublished\":\"2019-11-13T13:53:24+00:00\",\"dateModified\":\"2019-11-13T13:54:42+00:00\",\"author\":{\"@id\":\"https:\/\/www.zerdab.com\/#\/schema\/person\/97079b7570c1e89ec0d9e138c3672136\"},\"breadcrumb\":{\"@id\":\"https:\/\/www.zerdab.com\/?p=27521#breadcrumb\"},\"inLanguage\":\"az\",\"potentialAction\":[{\"@type\":\"ReadAction\",\"target\":[\"https:\/\/www.zerdab.com\/?p=27521\"]}]},{\"@type\":\"ImageObject\",\"inLanguage\":\"az\",\"@id\":\"https:\/\/www.zerdab.com\/?p=27521#primaryimage\",\"url\":\"\",\"contentUrl\":\"\"},{\"@type\":\"BreadcrumbList\",\"@id\":\"https:\/\/www.zerdab.com\/?p=27521#breadcrumb\",\"itemListElement\":[{\"@type\":\"ListItem\",\"position\":1,\"name\":\"Home\",\"item\":\"https:\/\/www.zerdab.com\/\"},{\"@type\":\"ListItem\",\"position\":2,\"name\":\"Nazir m\u00fcavini Z\u0259rdaba g\u0259ldi &#8211; Fotolar\"}]},{\"@type\":\"WebSite\",\"@id\":\"https:\/\/www.zerdab.com\/#website\",\"url\":\"https:\/\/www.zerdab.com\/\",\"name\":\"Z\u0259rdab.com\",\"description\":\"\",\"potentialAction\":[{\"@type\":\"SearchAction\",\"target\":{\"@type\":\"EntryPoint\",\"urlTemplate\":\"https:\/\/www.zerdab.com\/?s={search_term_string}\"},\"query-input\":{\"@type\":\"PropertyValueSpecification\",\"valueRequired\":true,\"valueName\":\"search_term_string\"}}],\"inLanguage\":\"az\"},{\"@type\":\"Person\",\"@id\":\"https:\/\/www.zerdab.com\/#\/schema\/person\/97079b7570c1e89ec0d9e138c3672136\",\"name\":\"admin\",\"image\":{\"@type\":\"ImageObject\",\"inLanguage\":\"az\",\"@id\":\"https:\/\/www.zerdab.com\/#\/schema\/person\/image\/\",\"url\":\"https:\/\/secure.gravatar.com\/avatar\/d9c52a9a27c32119cb6679a077fa3e2779e5f822c451cbf01098004361d466ec?s=96&d=mm&r=g\",\"contentUrl\":\"https:\/\/secure.gravatar.com\/avatar\/d9c52a9a27c32119cb6679a077fa3e2779e5f822c451cbf01098004361d466ec?s=96&d=mm&r=g\",\"caption\":\"admin\"},\"url\":\"https:\/\/www.zerdab.com\/?author=1\"}]}<\/script>\n<!-- \/ Yoast SEO plugin. -->","yoast_head_json":{"title":"Nazir m\u00fcavini Z\u0259rdaba g\u0259ldi - Fotolar - Z\u0259rdab.com","robots":{"index":"index","follow":"follow","max-snippet":"max-snippet:-1","max-image-preview":"max-image-preview:large","max-video-preview":"max-video-preview:-1"},"canonical":"https:\/\/www.zerdab.com\/?p=27521","og_locale":"az_AZ","og_type":"article","og_title":"Nazir m\u00fcavini Z\u0259rdaba g\u0259ldi - Fotolar - Z\u0259rdab.com","og_description":"Noyabr\u0131n 13-d\u0259 T\u0259hsil nazirinin m\u00fcavini M\u0259h\u0259bb\u0259t V\u0259liyeva b\u00f6lg\u0259l\u0259r\u0259 s\u0259f\u0259ri \u00e7\u0259r\u00e7iv\u0259sind\u0259 Z\u0259rdab rayonunda olub. Zerdab.com sayt\u0131na veril\u0259n m\u0259lumata g\u00f6r\u0259, nazir m\u00fcavini s\u0259f\u0259r \u00e7\u0259r\u00e7iv\u0259sind\u0259 Z\u0259rdab rayonu H\u0259s\u0259n b\u0259y Z\u0259rdabi ad\u0131na 1 n\u00f6mr\u0259li m\u0259kt\u0259b-liseyd\u0259 olub. \u00dcmumi t\u0259hsil m\u00fc\u0259ssis\u0259sind\u0259 yarad\u0131lan \u015f\u0259raitl\u0259 tan\u0131\u015f olan M\u0259h\u0259bb\u0259t V\u0259liyeva m\u00fc\u0259llim v\u0259 \u015fagirdl\u0259rl\u0259 g\u00f6r\u00fc\u015f\u00fcb, onlarla s\u0259mimi s\u00f6hb\u0259t apar\u0131b. Daha sonra 2019-2020-ci t\u0259dris ilind\u0259n rayonun [&hellip;]","og_url":"https:\/\/www.zerdab.com\/?p=27521","og_site_name":"Z\u0259rdab.com","article_published_time":"2019-11-13T13:53:24+00:00","article_modified_time":"2019-11-13T13:54:42+00:00","og_image":[{"url":"http:\/\/www.zerdab.com\/wp-content\/uploads\/2019\/11\/tamilla-veliyeva-zerdab-550x380.jpg","type":"","width":"","height":""}],"author":"admin","twitter_card":"summary_large_image","twitter_misc":{"Written by":"admin","Est. reading time":"1 minute"},"schema":{"@context":"https:\/\/schema.org","@graph":[{"@type":"Article","@id":"https:\/\/www.zerdab.com\/?p=27521#article","isPartOf":{"@id":"https:\/\/www.zerdab.com\/?p=27521"},"author":{"name":"admin","@id":"https:\/\/www.zerdab.com\/#\/schema\/person\/97079b7570c1e89ec0d9e138c3672136"},"headline":"Nazir m\u00fcavini Z\u0259rdaba g\u0259ldi &#8211; Fotolar","datePublished":"2019-11-13T13:53:24+00:00","dateModified":"2019-11-13T13:54:42+00:00","mainEntityOfPage":{"@id":"https:\/\/www.zerdab.com\/?p=27521"},"wordCount":296,"commentCount":0,"image":{"@id":"https:\/\/www.zerdab.com\/?p=27521#primaryimage"},"thumbnailUrl":"http:\/\/www.zerdab.com\/wp-content\/uploads\/2019\/11\/tamilla-veliyeva-zerdab-550x380.jpg","articleSection":["C\u018fM\u0130YY\u018fT","MAN\u015eET"],"inLanguage":"az","potentialAction":[{"@type":"CommentAction","name":"Comment","target":["https:\/\/www.zerdab.com\/?p=27521#respond"]}]},{"@type":"WebPage","@id":"https:\/\/www.zerdab.com\/?p=27521","url":"https:\/\/www.zerdab.com\/?p=27521","name":"Nazir m\u00fcavini Z\u0259rdaba g\u0259ldi - Fotolar - Z\u0259rdab.com","isPartOf":{"@id":"https:\/\/www.zerdab.com\/#website"},"primaryImageOfPage":{"@id":"https:\/\/www.zerdab.com\/?p=27521#primaryimage"},"image":{"@id":"https:\/\/www.zerdab.com\/?p=27521#primaryimage"},"thumbnailUrl":"http:\/\/www.zerdab.com\/wp-content\/uploads\/2019\/11\/tamilla-veliyeva-zerdab-550x380.jpg","datePublished":"2019-11-13T13:53:24+00:00","dateModified":"2019-11-13T13:54:42+00:00","author":{"@id":"https:\/\/www.zerdab.com\/#\/schema\/person\/97079b7570c1e89ec0d9e138c3672136"},"breadcrumb":{"@id":"https:\/\/www.zerdab.com\/?p=27521#breadcrumb"},"inLanguage":"az","potentialAction":[{"@type":"ReadAction","target":["https:\/\/www.zerdab.com\/?p=27521"]}]},{"@type":"ImageObject","inLanguage":"az","@id":"https:\/\/www.zerdab.com\/?p=27521#primaryimage","url":"","contentUrl":""},{"@type":"BreadcrumbList","@id":"https:\/\/www.zerdab.com\/?p=27521#breadcrumb","itemListElement":[{"@type":"ListItem","position":1,"name":"Home","item":"https:\/\/www.zerdab.com\/"},{"@type":"ListItem","position":2,"name":"Nazir m\u00fcavini Z\u0259rdaba g\u0259ldi &#8211; Fotolar"}]},{"@type":"WebSite","@id":"https:\/\/www.zerdab.com\/#website","url":"https:\/\/www.zerdab.com\/","name":"Z\u0259rdab.com","description":"","potentialAction":[{"@type":"SearchAction","target":{"@type":"EntryPoint","urlTemplate":"https:\/\/www.zerdab.com\/?s={search_term_string}"},"query-input":{"@type":"PropertyValueSpecification","valueRequired":true,"valueName":"search_term_string"}}],"inLanguage":"az"},{"@type":"Person","@id":"https:\/\/www.zerdab.com\/#\/schema\/person\/97079b7570c1e89ec0d9e138c3672136","name":"admin","image":{"@type":"ImageObject","inLanguage":"az","@id":"https:\/\/www.zerdab.com\/#\/schema\/person\/image\/","url":"https:\/\/secure.gravatar.com\/avatar\/d9c52a9a27c32119cb6679a077fa3e2779e5f822c451cbf01098004361d466ec?s=96&d=mm&r=g","contentUrl":"https:\/\/secure.gravatar.com\/avatar\/d9c52a9a27c32119cb6679a077fa3e2779e5f822c451cbf01098004361d466ec?s=96&d=mm&r=g","caption":"admin"},"url":"https:\/\/www.zerdab.com\/?author=1"}]}},"_links":{"self":[{"href":"https:\/\/www.zerdab.com\/index.php?rest_route=\/wp\/v2\/posts\/27521","targetHints":{"allow":["GET"]}}],"collection":[{"href":"https:\/\/www.zerdab.com\/index.php?rest_route=\/wp\/v2\/posts"}],"about":[{"href":"https:\/\/www.zerdab.com\/index.php?rest_route=\/wp\/v2\/types\/post"}],"author":[{"embeddable":true,"href":"https:\/\/www.zerdab.com\/index.php?rest_route=\/wp\/v2\/users\/1"}],"replies":[{"embeddable":true,"href":"https:\/\/www.zerdab.com\/index.php?rest_route=%2Fwp%2Fv2%2Fcomments&post=27521"}],"version-history":[{"count":2,"href":"https:\/\/www.zerdab.com\/index.php?rest_route=\/wp\/v2\/posts\/27521\/revisions"}],"predecessor-version":[{"id":27529,"href":"https:\/\/www.zerdab.com\/index.php?rest_route=\/wp\/v2\/posts\/27521\/revisions\/27529"}],"wp:attachment":[{"href":"https:\/\/www.zerdab.com\/index.php?rest_route=%2Fwp%2Fv2%2Fmedia&parent=27521"}],"wp:term":[{"taxonomy":"category","embeddable":true,"href":"https:\/\/www.zerdab.com\/index.php?rest_route=%2Fwp%2Fv2%2Fcategories&post=27521"},{"taxonomy":"post_tag","embeddable":true,"href":"https:\/\/www.zerdab.com\/index.php?rest_route=%2Fwp%2Fv2%2Ftags&post=27521"}],"curies":[{"name":"wp","href":"https:\/\/api.w.org\/{rel}","templated":true}]}}