{"id":27534,"date":"2019-11-15T14:58:20","date_gmt":"2019-11-15T10:58:20","guid":{"rendered":"http:\/\/www.zerdab.com\/?p=27534"},"modified":"2019-11-15T15:00:11","modified_gmt":"2019-11-15T11:00:11","slug":"prezident-z%c9%99rdabin-yeni-icra-bascisina-da-tapsiriqlarini-verdi-cox-ciddi-t%c9%99hlil-aparmalisiniz","status":"publish","type":"post","link":"https:\/\/www.zerdab.com\/?p=27534","title":{"rendered":"Prezident Z\u0259rdab\u0131n yeni icra ba\u015f\u00e7\u0131s\u0131na da tap\u015f\u0131r\u0131qlar\u0131n\u0131 verdi: \u201c\u00c7ox ciddi t\u0259hlil aparmal\u0131s\u0131n\u0131z\u201d &#8211; V\u0130DEO"},"content":{"rendered":"\n<p>Az\u0259rbaycan Respublikas\u0131n\u0131n Prezidenti \u0130lham \u018fliyev \u0130lqar Abbasovu \u015eirvan \u015f\u0259h\u0259r, M\u0259rdan Camalovu Z\u0259rdab, \u018fziz \u018fzizovu Bak\u0131n\u0131n Suraxan\u0131, El\u015fad H\u0259s\u0259novu Yasamal, Rafiq Quliyevi X\u0259tai rayonlar\u0131n\u0131n icra hakimiyy\u0259tl\u0259rinin ba\u015f\u00e7\u0131lar\u0131 v\u0259zif\u0259l\u0259rin\u0259 t\u0259yin olunmalar\u0131 il\u0259 ba\u011fl\u0131 q\u0259bul edib. <\/p>\n\n\n\n<figure class=\"wp-block-embed-youtube wp-block-embed is-type-video is-provider-youtube wp-embed-aspect-16-9 wp-has-aspect-ratio\"><div class=\"wp-block-embed__wrapper\">\n<div class=\"youtube-embed\" data-video_id=\"ubJoKgnxu5U\"><iframe loading=\"lazy\" width=\"696\" height=\"392\" src=\"https:\/\/www.youtube.com\/embed\/ubJoKgnxu5U?feature=oembed&#038;enablejsapi=1&#038;enablejsapi=1\" frameborder=\"0\" allow=\"accelerometer; autoplay; encrypted-media; gyroscope; picture-in-picture\" allowfullscreen><\/iframe><\/div>\n<\/div><\/figure>\n","protected":false},"excerpt":{"rendered":"<p>Az\u0259rbaycan Respublikas\u0131n\u0131n Prezidenti \u0130lham \u018fliyev \u0130lqar Abbasovu \u015eirvan \u015f\u0259h\u0259r, M\u0259rdan Camalovu Z\u0259rdab, \u018fziz \u018fzizovu Bak\u0131n\u0131n Suraxan\u0131, El\u015fad H\u0259s\u0259novu Yasamal, Rafiq Quliyevi X\u0259tai rayonlar\u0131n\u0131n icra hakimiyy\u0259tl\u0259rinin ba\u015f\u00e7\u0131lar\u0131 v\u0259zif\u0259l\u0259rin\u0259 t\u0259yin olunmalar\u0131 il\u0259 ba\u011fl\u0131 q\u0259bul edib.<\/p>\n","protected":false},"author":1,"featured_media":27535,"comment_status":"open","ping_status":"open","sticky":false,"template":"","format":"standard","meta":{"footnotes":""},"categories":[21,63],"tags":[],"class_list":{"0":"post-27534","1":"post","2":"type-post","3":"status-publish","4":"format-standard","5":"has-post-thumbnail","7":"category-zrdab","8":"category-manset"},"yoast_head":"<!-- This site is optimized with the Yoast SEO plugin v27.0 - https:\/\/yoast.com\/product\/yoast-seo-wordpress\/ -->\n<title>Prezident Z\u0259rdab\u0131n yeni icra ba\u015f\u00e7\u0131s\u0131na da tap\u015f\u0131r\u0131qlar\u0131n\u0131 verdi: \u201c\u00c7ox ciddi t\u0259hlil aparmal\u0131s\u0131n\u0131z\u201d - V\u0130DEO - Z\u0259rdab.com<\/title>\n<meta name=\"robots\" content=\"index, follow, max-snippet:-1, max-image-preview:large, max-video-preview:-1\" \/>\n<link rel=\"canonical\" href=\"https:\/\/www.zerdab.com\/?p=27534\" \/>\n<meta property=\"og:locale\" content=\"az_AZ\" \/>\n<meta property=\"og:type\" content=\"article\" \/>\n<meta property=\"og:title\" content=\"Prezident Z\u0259rdab\u0131n yeni icra ba\u015f\u00e7\u0131s\u0131na da tap\u015f\u0131r\u0131qlar\u0131n\u0131 verdi: \u201c\u00c7ox ciddi t\u0259hlil aparmal\u0131s\u0131n\u0131z\u201d - V\u0130DEO - Z\u0259rdab.com\" \/>\n<meta property=\"og:description\" content=\"Az\u0259rbaycan Respublikas\u0131n\u0131n Prezidenti \u0130lham \u018fliyev \u0130lqar Abbasovu \u015eirvan \u015f\u0259h\u0259r, M\u0259rdan Camalovu Z\u0259rdab, \u018fziz \u018fzizovu Bak\u0131n\u0131n Suraxan\u0131, El\u015fad H\u0259s\u0259novu Yasamal, Rafiq Quliyevi X\u0259tai rayonlar\u0131n\u0131n icra hakimiyy\u0259tl\u0259rinin ba\u015f\u00e7\u0131lar\u0131 v\u0259zif\u0259l\u0259rin\u0259 t\u0259yin olunmalar\u0131 il\u0259 ba\u011fl\u0131 q\u0259bul edib.\" \/>\n<meta property=\"og:url\" content=\"https:\/\/www.zerdab.com\/?p=27534\" \/>\n<meta property=\"og:site_name\" content=\"Z\u0259rdab.com\" \/>\n<meta property=\"article:published_time\" content=\"2019-11-15T10:58:20+00:00\" \/>\n<meta property=\"article:modified_time\" content=\"2019-11-15T11:00:11+00:00\" \/>\n<meta property=\"og:image\" content=\"https:\/\/www.zerdab.com\/wp-content\/uploads\/2019\/11\/prezident-zerdab-basci-merdan-camalov.jpg\" \/>\n\t<meta property=\"og:image:width\" content=\"2360\" \/>\n\t<meta property=\"og:image:height\" content=\"1196\" \/>\n\t<meta property=\"og:image:type\" content=\"image\/jpeg\" \/>\n<meta name=\"author\" content=\"admin\" \/>\n<meta name=\"twitter:card\" content=\"summary_large_image\" \/>\n<meta name=\"twitter:label1\" content=\"Written by\" \/>\n\t<meta name=\"twitter:data1\" content=\"admin\" \/>\n<script type=\"application\/ld+json\" class=\"yoast-schema-graph\">{\"@context\":\"https:\/\/schema.org\",\"@graph\":[{\"@type\":\"Article\",\"@id\":\"https:\/\/www.zerdab.com\/?p=27534#article\",\"isPartOf\":{\"@id\":\"https:\/\/www.zerdab.com\/?p=27534\"},\"author\":{\"name\":\"admin\",\"@id\":\"https:\/\/www.zerdab.com\/#\/schema\/person\/97079b7570c1e89ec0d9e138c3672136\"},\"headline\":\"Prezident Z\u0259rdab\u0131n yeni icra ba\u015f\u00e7\u0131s\u0131na da tap\u015f\u0131r\u0131qlar\u0131n\u0131 verdi: \u201c\u00c7ox ciddi t\u0259hlil aparmal\u0131s\u0131n\u0131z\u201d &#8211; V\u0130DEO\",\"datePublished\":\"2019-11-15T10:58:20+00:00\",\"dateModified\":\"2019-11-15T11:00:11+00:00\",\"mainEntityOfPage\":{\"@id\":\"https:\/\/www.zerdab.com\/?p=27534\"},\"wordCount\":97,\"commentCount\":0,\"image\":{\"@id\":\"https:\/\/www.zerdab.com\/?p=27534#primaryimage\"},\"thumbnailUrl\":\"https:\/\/www.zerdab.com\/wp-content\/uploads\/2019\/11\/prezident-zerdab-basci-merdan-camalov.jpg\",\"articleSection\":[\"C\u018fM\u0130YY\u018fT\",\"MAN\u015eET\"],\"inLanguage\":\"az\",\"potentialAction\":[{\"@type\":\"CommentAction\",\"name\":\"Comment\",\"target\":[\"https:\/\/www.zerdab.com\/?p=27534#respond\"]}]},{\"@type\":\"WebPage\",\"@id\":\"https:\/\/www.zerdab.com\/?p=27534\",\"url\":\"https:\/\/www.zerdab.com\/?p=27534\",\"name\":\"Prezident Z\u0259rdab\u0131n yeni icra ba\u015f\u00e7\u0131s\u0131na da tap\u015f\u0131r\u0131qlar\u0131n\u0131 verdi: \u201c\u00c7ox ciddi t\u0259hlil aparmal\u0131s\u0131n\u0131z\u201d - V\u0130DEO - Z\u0259rdab.com\",\"isPartOf\":{\"@id\":\"https:\/\/www.zerdab.com\/#website\"},\"primaryImageOfPage\":{\"@id\":\"https:\/\/www.zerdab.com\/?p=27534#primaryimage\"},\"image\":{\"@id\":\"https:\/\/www.zerdab.com\/?p=27534#primaryimage\"},\"thumbnailUrl\":\"https:\/\/www.zerdab.com\/wp-content\/uploads\/2019\/11\/prezident-zerdab-basci-merdan-camalov.jpg\",\"datePublished\":\"2019-11-15T10:58:20+00:00\",\"dateModified\":\"2019-11-15T11:00:11+00:00\",\"author\":{\"@id\":\"https:\/\/www.zerdab.com\/#\/schema\/person\/97079b7570c1e89ec0d9e138c3672136\"},\"breadcrumb\":{\"@id\":\"https:\/\/www.zerdab.com\/?p=27534#breadcrumb\"},\"inLanguage\":\"az\",\"potentialAction\":[{\"@type\":\"ReadAction\",\"target\":[\"https:\/\/www.zerdab.com\/?p=27534\"]}]},{\"@type\":\"ImageObject\",\"inLanguage\":\"az\",\"@id\":\"https:\/\/www.zerdab.com\/?p=27534#primaryimage\",\"url\":\"https:\/\/www.zerdab.com\/wp-content\/uploads\/2019\/11\/prezident-zerdab-basci-merdan-camalov.jpg\",\"contentUrl\":\"https:\/\/www.zerdab.com\/wp-content\/uploads\/2019\/11\/prezident-zerdab-basci-merdan-camalov.jpg\",\"width\":2360,\"height\":1196,\"caption\":\"prezident-zerdab-basci-merdan-camalov\"},{\"@type\":\"BreadcrumbList\",\"@id\":\"https:\/\/www.zerdab.com\/?p=27534#breadcrumb\",\"itemListElement\":[{\"@type\":\"ListItem\",\"position\":1,\"name\":\"Home\",\"item\":\"https:\/\/www.zerdab.com\/\"},{\"@type\":\"ListItem\",\"position\":2,\"name\":\"Prezident Z\u0259rdab\u0131n yeni icra ba\u015f\u00e7\u0131s\u0131na da tap\u015f\u0131r\u0131qlar\u0131n\u0131 verdi: \u201c\u00c7ox ciddi t\u0259hlil aparmal\u0131s\u0131n\u0131z\u201d &#8211; V\u0130DEO\"}]},{\"@type\":\"WebSite\",\"@id\":\"https:\/\/www.zerdab.com\/#website\",\"url\":\"https:\/\/www.zerdab.com\/\",\"name\":\"Z\u0259rdab.com\",\"description\":\"\",\"potentialAction\":[{\"@type\":\"SearchAction\",\"target\":{\"@type\":\"EntryPoint\",\"urlTemplate\":\"https:\/\/www.zerdab.com\/?s={search_term_string}\"},\"query-input\":{\"@type\":\"PropertyValueSpecification\",\"valueRequired\":true,\"valueName\":\"search_term_string\"}}],\"inLanguage\":\"az\"},{\"@type\":\"Person\",\"@id\":\"https:\/\/www.zerdab.com\/#\/schema\/person\/97079b7570c1e89ec0d9e138c3672136\",\"name\":\"admin\",\"image\":{\"@type\":\"ImageObject\",\"inLanguage\":\"az\",\"@id\":\"https:\/\/www.zerdab.com\/#\/schema\/person\/image\/\",\"url\":\"https:\/\/secure.gravatar.com\/avatar\/d9c52a9a27c32119cb6679a077fa3e2779e5f822c451cbf01098004361d466ec?s=96&d=mm&r=g\",\"contentUrl\":\"https:\/\/secure.gravatar.com\/avatar\/d9c52a9a27c32119cb6679a077fa3e2779e5f822c451cbf01098004361d466ec?s=96&d=mm&r=g\",\"caption\":\"admin\"},\"url\":\"https:\/\/www.zerdab.com\/?author=1\"}]}<\/script>\n<!-- \/ Yoast SEO plugin. -->","yoast_head_json":{"title":"Prezident Z\u0259rdab\u0131n yeni icra ba\u015f\u00e7\u0131s\u0131na da tap\u015f\u0131r\u0131qlar\u0131n\u0131 verdi: \u201c\u00c7ox ciddi t\u0259hlil aparmal\u0131s\u0131n\u0131z\u201d - V\u0130DEO - Z\u0259rdab.com","robots":{"index":"index","follow":"follow","max-snippet":"max-snippet:-1","max-image-preview":"max-image-preview:large","max-video-preview":"max-video-preview:-1"},"canonical":"https:\/\/www.zerdab.com\/?p=27534","og_locale":"az_AZ","og_type":"article","og_title":"Prezident Z\u0259rdab\u0131n yeni icra ba\u015f\u00e7\u0131s\u0131na da tap\u015f\u0131r\u0131qlar\u0131n\u0131 verdi: \u201c\u00c7ox ciddi t\u0259hlil aparmal\u0131s\u0131n\u0131z\u201d - V\u0130DEO - Z\u0259rdab.com","og_description":"Az\u0259rbaycan Respublikas\u0131n\u0131n Prezidenti \u0130lham \u018fliyev \u0130lqar Abbasovu \u015eirvan \u015f\u0259h\u0259r, M\u0259rdan Camalovu Z\u0259rdab, \u018fziz \u018fzizovu Bak\u0131n\u0131n Suraxan\u0131, El\u015fad H\u0259s\u0259novu Yasamal, Rafiq Quliyevi X\u0259tai rayonlar\u0131n\u0131n icra hakimiyy\u0259tl\u0259rinin ba\u015f\u00e7\u0131lar\u0131 v\u0259zif\u0259l\u0259rin\u0259 t\u0259yin olunmalar\u0131 il\u0259 ba\u011fl\u0131 q\u0259bul edib.","og_url":"https:\/\/www.zerdab.com\/?p=27534","og_site_name":"Z\u0259rdab.com","article_published_time":"2019-11-15T10:58:20+00:00","article_modified_time":"2019-11-15T11:00:11+00:00","og_image":[{"width":2360,"height":1196,"url":"https:\/\/www.zerdab.com\/wp-content\/uploads\/2019\/11\/prezident-zerdab-basci-merdan-camalov.jpg","type":"image\/jpeg"}],"author":"admin","twitter_card":"summary_large_image","twitter_misc":{"Written by":"admin"},"schema":{"@context":"https:\/\/schema.org","@graph":[{"@type":"Article","@id":"https:\/\/www.zerdab.com\/?p=27534#article","isPartOf":{"@id":"https:\/\/www.zerdab.com\/?p=27534"},"author":{"name":"admin","@id":"https:\/\/www.zerdab.com\/#\/schema\/person\/97079b7570c1e89ec0d9e138c3672136"},"headline":"Prezident Z\u0259rdab\u0131n yeni icra ba\u015f\u00e7\u0131s\u0131na da tap\u015f\u0131r\u0131qlar\u0131n\u0131 verdi: \u201c\u00c7ox ciddi t\u0259hlil aparmal\u0131s\u0131n\u0131z\u201d &#8211; V\u0130DEO","datePublished":"2019-11-15T10:58:20+00:00","dateModified":"2019-11-15T11:00:11+00:00","mainEntityOfPage":{"@id":"https:\/\/www.zerdab.com\/?p=27534"},"wordCount":97,"commentCount":0,"image":{"@id":"https:\/\/www.zerdab.com\/?p=27534#primaryimage"},"thumbnailUrl":"https:\/\/www.zerdab.com\/wp-content\/uploads\/2019\/11\/prezident-zerdab-basci-merdan-camalov.jpg","articleSection":["C\u018fM\u0130YY\u018fT","MAN\u015eET"],"inLanguage":"az","potentialAction":[{"@type":"CommentAction","name":"Comment","target":["https:\/\/www.zerdab.com\/?p=27534#respond"]}]},{"@type":"WebPage","@id":"https:\/\/www.zerdab.com\/?p=27534","url":"https:\/\/www.zerdab.com\/?p=27534","name":"Prezident Z\u0259rdab\u0131n yeni icra ba\u015f\u00e7\u0131s\u0131na da tap\u015f\u0131r\u0131qlar\u0131n\u0131 verdi: \u201c\u00c7ox ciddi t\u0259hlil aparmal\u0131s\u0131n\u0131z\u201d - V\u0130DEO - Z\u0259rdab.com","isPartOf":{"@id":"https:\/\/www.zerdab.com\/#website"},"primaryImageOfPage":{"@id":"https:\/\/www.zerdab.com\/?p=27534#primaryimage"},"image":{"@id":"https:\/\/www.zerdab.com\/?p=27534#primaryimage"},"thumbnailUrl":"https:\/\/www.zerdab.com\/wp-content\/uploads\/2019\/11\/prezident-zerdab-basci-merdan-camalov.jpg","datePublished":"2019-11-15T10:58:20+00:00","dateModified":"2019-11-15T11:00:11+00:00","author":{"@id":"https:\/\/www.zerdab.com\/#\/schema\/person\/97079b7570c1e89ec0d9e138c3672136"},"breadcrumb":{"@id":"https:\/\/www.zerdab.com\/?p=27534#breadcrumb"},"inLanguage":"az","potentialAction":[{"@type":"ReadAction","target":["https:\/\/www.zerdab.com\/?p=27534"]}]},{"@type":"ImageObject","inLanguage":"az","@id":"https:\/\/www.zerdab.com\/?p=27534#primaryimage","url":"https:\/\/www.zerdab.com\/wp-content\/uploads\/2019\/11\/prezident-zerdab-basci-merdan-camalov.jpg","contentUrl":"https:\/\/www.zerdab.com\/wp-content\/uploads\/2019\/11\/prezident-zerdab-basci-merdan-camalov.jpg","width":2360,"height":1196,"caption":"prezident-zerdab-basci-merdan-camalov"},{"@type":"BreadcrumbList","@id":"https:\/\/www.zerdab.com\/?p=27534#breadcrumb","itemListElement":[{"@type":"ListItem","position":1,"name":"Home","item":"https:\/\/www.zerdab.com\/"},{"@type":"ListItem","position":2,"name":"Prezident Z\u0259rdab\u0131n yeni icra ba\u015f\u00e7\u0131s\u0131na da tap\u015f\u0131r\u0131qlar\u0131n\u0131 verdi: \u201c\u00c7ox ciddi t\u0259hlil aparmal\u0131s\u0131n\u0131z\u201d &#8211; V\u0130DEO"}]},{"@type":"WebSite","@id":"https:\/\/www.zerdab.com\/#website","url":"https:\/\/www.zerdab.com\/","name":"Z\u0259rdab.com","description":"","potentialAction":[{"@type":"SearchAction","target":{"@type":"EntryPoint","urlTemplate":"https:\/\/www.zerdab.com\/?s={search_term_string}"},"query-input":{"@type":"PropertyValueSpecification","valueRequired":true,"valueName":"search_term_string"}}],"inLanguage":"az"},{"@type":"Person","@id":"https:\/\/www.zerdab.com\/#\/schema\/person\/97079b7570c1e89ec0d9e138c3672136","name":"admin","image":{"@type":"ImageObject","inLanguage":"az","@id":"https:\/\/www.zerdab.com\/#\/schema\/person\/image\/","url":"https:\/\/secure.gravatar.com\/avatar\/d9c52a9a27c32119cb6679a077fa3e2779e5f822c451cbf01098004361d466ec?s=96&d=mm&r=g","contentUrl":"https:\/\/secure.gravatar.com\/avatar\/d9c52a9a27c32119cb6679a077fa3e2779e5f822c451cbf01098004361d466ec?s=96&d=mm&r=g","caption":"admin"},"url":"https:\/\/www.zerdab.com\/?author=1"}]}},"_links":{"self":[{"href":"https:\/\/www.zerdab.com\/index.php?rest_route=\/wp\/v2\/posts\/27534","targetHints":{"allow":["GET"]}}],"collection":[{"href":"https:\/\/www.zerdab.com\/index.php?rest_route=\/wp\/v2\/posts"}],"about":[{"href":"https:\/\/www.zerdab.com\/index.php?rest_route=\/wp\/v2\/types\/post"}],"author":[{"embeddable":true,"href":"https:\/\/www.zerdab.com\/index.php?rest_route=\/wp\/v2\/users\/1"}],"replies":[{"embeddable":true,"href":"https:\/\/www.zerdab.com\/index.php?rest_route=%2Fwp%2Fv2%2Fcomments&post=27534"}],"version-history":[{"count":2,"href":"https:\/\/www.zerdab.com\/index.php?rest_route=\/wp\/v2\/posts\/27534\/revisions"}],"predecessor-version":[{"id":27538,"href":"https:\/\/www.zerdab.com\/index.php?rest_route=\/wp\/v2\/posts\/27534\/revisions\/27538"}],"wp:featuredmedia":[{"embeddable":true,"href":"https:\/\/www.zerdab.com\/index.php?rest_route=\/wp\/v2\/media\/27535"}],"wp:attachment":[{"href":"https:\/\/www.zerdab.com\/index.php?rest_route=%2Fwp%2Fv2%2Fmedia&parent=27534"}],"wp:term":[{"taxonomy":"category","embeddable":true,"href":"https:\/\/www.zerdab.com\/index.php?rest_route=%2Fwp%2Fv2%2Fcategories&post=27534"},{"taxonomy":"post_tag","embeddable":true,"href":"https:\/\/www.zerdab.com\/index.php?rest_route=%2Fwp%2Fv2%2Ftags&post=27534"}],"curies":[{"name":"wp","href":"https:\/\/api.w.org\/{rel}","templated":true}]}}