{"id":27557,"date":"2019-11-21T19:37:33","date_gmt":"2019-11-21T15:37:33","guid":{"rendered":"http:\/\/www.zerdab.com\/?p=27557"},"modified":"2019-11-21T19:37:35","modified_gmt":"2019-11-21T15:37:35","slug":"z%c9%99rdabin-yeni-icra-bascisi-m%c9%99rdan-camalov-rayonumuzda-v%c9%99t%c9%99ndaslarin-ilk-s%c9%99yyar-q%c9%99bulunu-kecirdi-fotolar","status":"publish","type":"post","link":"https:\/\/www.zerdab.com\/?p=27557","title":{"rendered":"Z\u0259rdab\u0131n yeni icra ba\u015f\u00e7\u0131s\u0131 M\u0259rdan Camalov rayonumuzda v\u0259t\u0259nda\u015flar\u0131n ilk s\u0259yyar q\u0259bulunu ke\u00e7irdi &#8211; Fotolar"},"content":{"rendered":"\n<p>Z\u0259rdab rayonunun Otmanoba k\u0259ndind\u0259 Rayon \u0130cra Hakimiyy\u0259ti ba\u015f\u00e7\u0131s\u0131n\u0131n s\u0259yyar q\u0259bulu ke\u00e7irilib.<br>Rayon \u0130cra Hakimiyy\u0259tind\u0259n <strong>Zerdab.com<\/strong> sayt\u0131na veril\u0259n m\u0259lumata g\u00f6r\u0259, q\u0259bula g\u0259l\u0259n v\u0259t\u0259nda\u015flar\u0131n m\u00fcraci\u0259tl\u0259ri dinl\u0259nilib, onlar\u0131 narahat ed\u0259n m\u0259s\u0259l\u0259l\u0259rin aradan qald\u0131r\u0131lmas\u0131 istiqam\u0259tind\u0259 m\u00fcvafiq t\u0259dbirl\u0259r g\u00f6r\u00fcl\u00fcb. <\/p>\n\n\n\n<figure class=\"wp-block-image\"><img decoding=\"async\" src=\"http:\/\/www.zerdab.com\/wp-content\/uploads\/2019\/11\/merdan-camalov-zerdab1-550x367.jpg\" alt=\"\" class=\"wp-image-27559\"\/><\/figure>\n\n\n\n<p>H\u0259lli vacib olan probleml\u0259rin d\u0259rhal, dig\u0259rl\u0259rinin is\u0259 ara\u015fd\u0131r\u0131laraq qanuna uy\u011fun formada aradan qald\u0131r\u0131lmas\u0131 \u00fc\u00e7\u00fcn yerli icra v\u0259 b\u0259l\u0259diyy\u0259 orqanlar\u0131na, \u0259laq\u0259dar t\u0259\u015fkilat r\u0259hb\u0259rl\u0259rin\u0259 icra ba\u015f\u00e7\u0131s\u0131 t\u0259r\u0259find\u0259n m\u00fcvafiq tap\u015f\u0131r\u0131qlar verilib. <\/p>\n\n\n\n<figure class=\"wp-block-image\"><img decoding=\"async\" src=\"http:\/\/www.zerdab.com\/wp-content\/uploads\/2019\/11\/merdan-camalov-zerdab2-550x367.jpg\" alt=\"\" class=\"wp-image-27560\"\/><\/figure>\n","protected":false},"excerpt":{"rendered":"<p>Z\u0259rdab rayonunun Otmanoba k\u0259ndind\u0259 Rayon \u0130cra Hakimiyy\u0259ti ba\u015f\u00e7\u0131s\u0131n\u0131n s\u0259yyar q\u0259bulu ke\u00e7irilib.Rayon \u0130cra Hakimiyy\u0259tind\u0259n Zerdab.com sayt\u0131na veril\u0259n m\u0259lumata g\u00f6r\u0259, q\u0259bula g\u0259l\u0259n v\u0259t\u0259nda\u015flar\u0131n m\u00fcraci\u0259tl\u0259ri dinl\u0259nilib, onlar\u0131 narahat ed\u0259n m\u0259s\u0259l\u0259l\u0259rin aradan qald\u0131r\u0131lmas\u0131 istiqam\u0259tind\u0259 m\u00fcvafiq t\u0259dbirl\u0259r g\u00f6r\u00fcl\u00fcb. H\u0259lli vacib olan probleml\u0259rin d\u0259rhal, dig\u0259rl\u0259rinin is\u0259 ara\u015fd\u0131r\u0131laraq qanuna uy\u011fun formada aradan qald\u0131r\u0131lmas\u0131 \u00fc\u00e7\u00fcn yerli icra v\u0259 b\u0259l\u0259diyy\u0259 orqanlar\u0131na, \u0259laq\u0259dar t\u0259\u015fkilat r\u0259hb\u0259rl\u0259rin\u0259 [&hellip;]<\/p>\n","protected":false},"author":1,"featured_media":0,"comment_status":"open","ping_status":"open","sticky":false,"template":"","format":"standard","meta":{"footnotes":""},"categories":[63,5],"tags":[],"class_list":{"0":"post-27557","1":"post","2":"type-post","3":"status-publish","4":"format-standard","6":"category-manset","7":"category-knd"},"yoast_head":"<!-- This site is optimized with the Yoast SEO plugin v27.0 - https:\/\/yoast.com\/product\/yoast-seo-wordpress\/ -->\n<title>Z\u0259rdab\u0131n yeni icra ba\u015f\u00e7\u0131s\u0131 M\u0259rdan Camalov rayonumuzda v\u0259t\u0259nda\u015flar\u0131n ilk s\u0259yyar q\u0259bulunu ke\u00e7irdi - Fotolar - Z\u0259rdab.com<\/title>\n<meta name=\"robots\" content=\"index, follow, max-snippet:-1, max-image-preview:large, max-video-preview:-1\" \/>\n<link rel=\"canonical\" href=\"https:\/\/www.zerdab.com\/?p=27557\" \/>\n<meta property=\"og:locale\" content=\"az_AZ\" \/>\n<meta property=\"og:type\" content=\"article\" \/>\n<meta property=\"og:title\" content=\"Z\u0259rdab\u0131n yeni icra ba\u015f\u00e7\u0131s\u0131 M\u0259rdan Camalov rayonumuzda v\u0259t\u0259nda\u015flar\u0131n ilk s\u0259yyar q\u0259bulunu ke\u00e7irdi - Fotolar - Z\u0259rdab.com\" \/>\n<meta property=\"og:description\" content=\"Z\u0259rdab rayonunun Otmanoba k\u0259ndind\u0259 Rayon \u0130cra Hakimiyy\u0259ti ba\u015f\u00e7\u0131s\u0131n\u0131n s\u0259yyar q\u0259bulu ke\u00e7irilib.Rayon \u0130cra Hakimiyy\u0259tind\u0259n Zerdab.com sayt\u0131na veril\u0259n m\u0259lumata g\u00f6r\u0259, q\u0259bula g\u0259l\u0259n v\u0259t\u0259nda\u015flar\u0131n m\u00fcraci\u0259tl\u0259ri dinl\u0259nilib, onlar\u0131 narahat ed\u0259n m\u0259s\u0259l\u0259l\u0259rin aradan qald\u0131r\u0131lmas\u0131 istiqam\u0259tind\u0259 m\u00fcvafiq t\u0259dbirl\u0259r g\u00f6r\u00fcl\u00fcb. H\u0259lli vacib olan probleml\u0259rin d\u0259rhal, dig\u0259rl\u0259rinin is\u0259 ara\u015fd\u0131r\u0131laraq qanuna uy\u011fun formada aradan qald\u0131r\u0131lmas\u0131 \u00fc\u00e7\u00fcn yerli icra v\u0259 b\u0259l\u0259diyy\u0259 orqanlar\u0131na, \u0259laq\u0259dar t\u0259\u015fkilat r\u0259hb\u0259rl\u0259rin\u0259 [&hellip;]\" \/>\n<meta property=\"og:url\" content=\"https:\/\/www.zerdab.com\/?p=27557\" \/>\n<meta property=\"og:site_name\" content=\"Z\u0259rdab.com\" \/>\n<meta property=\"article:published_time\" content=\"2019-11-21T15:37:33+00:00\" \/>\n<meta property=\"article:modified_time\" content=\"2019-11-21T15:37:35+00:00\" \/>\n<meta property=\"og:image\" content=\"http:\/\/www.zerdab.com\/wp-content\/uploads\/2019\/11\/merdan-camalov-zerdab1-550x367.jpg\" \/>\n<meta name=\"author\" content=\"admin\" \/>\n<meta name=\"twitter:card\" content=\"summary_large_image\" \/>\n<meta name=\"twitter:label1\" content=\"Written by\" \/>\n\t<meta name=\"twitter:data1\" content=\"admin\" \/>\n\t<meta name=\"twitter:label2\" content=\"Est. reading time\" \/>\n\t<meta name=\"twitter:data2\" content=\"1 minute\" \/>\n<script type=\"application\/ld+json\" class=\"yoast-schema-graph\">{\"@context\":\"https:\/\/schema.org\",\"@graph\":[{\"@type\":\"Article\",\"@id\":\"https:\/\/www.zerdab.com\/?p=27557#article\",\"isPartOf\":{\"@id\":\"https:\/\/www.zerdab.com\/?p=27557\"},\"author\":{\"name\":\"admin\",\"@id\":\"https:\/\/www.zerdab.com\/#\/schema\/person\/97079b7570c1e89ec0d9e138c3672136\"},\"headline\":\"Z\u0259rdab\u0131n yeni icra ba\u015f\u00e7\u0131s\u0131 M\u0259rdan Camalov rayonumuzda v\u0259t\u0259nda\u015flar\u0131n ilk s\u0259yyar q\u0259bulunu ke\u00e7irdi &#8211; Fotolar\",\"datePublished\":\"2019-11-21T15:37:33+00:00\",\"dateModified\":\"2019-11-21T15:37:35+00:00\",\"mainEntityOfPage\":{\"@id\":\"https:\/\/www.zerdab.com\/?p=27557\"},\"wordCount\":154,\"commentCount\":0,\"image\":{\"@id\":\"https:\/\/www.zerdab.com\/?p=27557#primaryimage\"},\"thumbnailUrl\":\"http:\/\/www.zerdab.com\/wp-content\/uploads\/2019\/11\/merdan-camalov-zerdab1-550x367.jpg\",\"articleSection\":[\"MAN\u015eET\",\"X\u018fB\u018fRL\u018fR\"],\"inLanguage\":\"az\",\"potentialAction\":[{\"@type\":\"CommentAction\",\"name\":\"Comment\",\"target\":[\"https:\/\/www.zerdab.com\/?p=27557#respond\"]}]},{\"@type\":\"WebPage\",\"@id\":\"https:\/\/www.zerdab.com\/?p=27557\",\"url\":\"https:\/\/www.zerdab.com\/?p=27557\",\"name\":\"Z\u0259rdab\u0131n yeni icra ba\u015f\u00e7\u0131s\u0131 M\u0259rdan Camalov rayonumuzda v\u0259t\u0259nda\u015flar\u0131n ilk s\u0259yyar q\u0259bulunu ke\u00e7irdi - Fotolar - Z\u0259rdab.com\",\"isPartOf\":{\"@id\":\"https:\/\/www.zerdab.com\/#website\"},\"primaryImageOfPage\":{\"@id\":\"https:\/\/www.zerdab.com\/?p=27557#primaryimage\"},\"image\":{\"@id\":\"https:\/\/www.zerdab.com\/?p=27557#primaryimage\"},\"thumbnailUrl\":\"http:\/\/www.zerdab.com\/wp-content\/uploads\/2019\/11\/merdan-camalov-zerdab1-550x367.jpg\",\"datePublished\":\"2019-11-21T15:37:33+00:00\",\"dateModified\":\"2019-11-21T15:37:35+00:00\",\"author\":{\"@id\":\"https:\/\/www.zerdab.com\/#\/schema\/person\/97079b7570c1e89ec0d9e138c3672136\"},\"breadcrumb\":{\"@id\":\"https:\/\/www.zerdab.com\/?p=27557#breadcrumb\"},\"inLanguage\":\"az\",\"potentialAction\":[{\"@type\":\"ReadAction\",\"target\":[\"https:\/\/www.zerdab.com\/?p=27557\"]}]},{\"@type\":\"ImageObject\",\"inLanguage\":\"az\",\"@id\":\"https:\/\/www.zerdab.com\/?p=27557#primaryimage\",\"url\":\"\",\"contentUrl\":\"\"},{\"@type\":\"BreadcrumbList\",\"@id\":\"https:\/\/www.zerdab.com\/?p=27557#breadcrumb\",\"itemListElement\":[{\"@type\":\"ListItem\",\"position\":1,\"name\":\"Home\",\"item\":\"https:\/\/www.zerdab.com\/\"},{\"@type\":\"ListItem\",\"position\":2,\"name\":\"Z\u0259rdab\u0131n yeni icra ba\u015f\u00e7\u0131s\u0131 M\u0259rdan Camalov rayonumuzda v\u0259t\u0259nda\u015flar\u0131n ilk s\u0259yyar q\u0259bulunu ke\u00e7irdi &#8211; Fotolar\"}]},{\"@type\":\"WebSite\",\"@id\":\"https:\/\/www.zerdab.com\/#website\",\"url\":\"https:\/\/www.zerdab.com\/\",\"name\":\"Z\u0259rdab.com\",\"description\":\"\",\"potentialAction\":[{\"@type\":\"SearchAction\",\"target\":{\"@type\":\"EntryPoint\",\"urlTemplate\":\"https:\/\/www.zerdab.com\/?s={search_term_string}\"},\"query-input\":{\"@type\":\"PropertyValueSpecification\",\"valueRequired\":true,\"valueName\":\"search_term_string\"}}],\"inLanguage\":\"az\"},{\"@type\":\"Person\",\"@id\":\"https:\/\/www.zerdab.com\/#\/schema\/person\/97079b7570c1e89ec0d9e138c3672136\",\"name\":\"admin\",\"image\":{\"@type\":\"ImageObject\",\"inLanguage\":\"az\",\"@id\":\"https:\/\/www.zerdab.com\/#\/schema\/person\/image\/\",\"url\":\"https:\/\/secure.gravatar.com\/avatar\/d9c52a9a27c32119cb6679a077fa3e2779e5f822c451cbf01098004361d466ec?s=96&d=mm&r=g\",\"contentUrl\":\"https:\/\/secure.gravatar.com\/avatar\/d9c52a9a27c32119cb6679a077fa3e2779e5f822c451cbf01098004361d466ec?s=96&d=mm&r=g\",\"caption\":\"admin\"},\"url\":\"https:\/\/www.zerdab.com\/?author=1\"}]}<\/script>\n<!-- \/ Yoast SEO plugin. -->","yoast_head_json":{"title":"Z\u0259rdab\u0131n yeni icra ba\u015f\u00e7\u0131s\u0131 M\u0259rdan Camalov rayonumuzda v\u0259t\u0259nda\u015flar\u0131n ilk s\u0259yyar q\u0259bulunu ke\u00e7irdi - Fotolar - Z\u0259rdab.com","robots":{"index":"index","follow":"follow","max-snippet":"max-snippet:-1","max-image-preview":"max-image-preview:large","max-video-preview":"max-video-preview:-1"},"canonical":"https:\/\/www.zerdab.com\/?p=27557","og_locale":"az_AZ","og_type":"article","og_title":"Z\u0259rdab\u0131n yeni icra ba\u015f\u00e7\u0131s\u0131 M\u0259rdan Camalov rayonumuzda v\u0259t\u0259nda\u015flar\u0131n ilk s\u0259yyar q\u0259bulunu ke\u00e7irdi - Fotolar - Z\u0259rdab.com","og_description":"Z\u0259rdab rayonunun Otmanoba k\u0259ndind\u0259 Rayon \u0130cra Hakimiyy\u0259ti ba\u015f\u00e7\u0131s\u0131n\u0131n s\u0259yyar q\u0259bulu ke\u00e7irilib.Rayon \u0130cra Hakimiyy\u0259tind\u0259n Zerdab.com sayt\u0131na veril\u0259n m\u0259lumata g\u00f6r\u0259, q\u0259bula g\u0259l\u0259n v\u0259t\u0259nda\u015flar\u0131n m\u00fcraci\u0259tl\u0259ri dinl\u0259nilib, onlar\u0131 narahat ed\u0259n m\u0259s\u0259l\u0259l\u0259rin aradan qald\u0131r\u0131lmas\u0131 istiqam\u0259tind\u0259 m\u00fcvafiq t\u0259dbirl\u0259r g\u00f6r\u00fcl\u00fcb. H\u0259lli vacib olan probleml\u0259rin d\u0259rhal, dig\u0259rl\u0259rinin is\u0259 ara\u015fd\u0131r\u0131laraq qanuna uy\u011fun formada aradan qald\u0131r\u0131lmas\u0131 \u00fc\u00e7\u00fcn yerli icra v\u0259 b\u0259l\u0259diyy\u0259 orqanlar\u0131na, \u0259laq\u0259dar t\u0259\u015fkilat r\u0259hb\u0259rl\u0259rin\u0259 [&hellip;]","og_url":"https:\/\/www.zerdab.com\/?p=27557","og_site_name":"Z\u0259rdab.com","article_published_time":"2019-11-21T15:37:33+00:00","article_modified_time":"2019-11-21T15:37:35+00:00","og_image":[{"url":"http:\/\/www.zerdab.com\/wp-content\/uploads\/2019\/11\/merdan-camalov-zerdab1-550x367.jpg","type":"","width":"","height":""}],"author":"admin","twitter_card":"summary_large_image","twitter_misc":{"Written by":"admin","Est. reading time":"1 minute"},"schema":{"@context":"https:\/\/schema.org","@graph":[{"@type":"Article","@id":"https:\/\/www.zerdab.com\/?p=27557#article","isPartOf":{"@id":"https:\/\/www.zerdab.com\/?p=27557"},"author":{"name":"admin","@id":"https:\/\/www.zerdab.com\/#\/schema\/person\/97079b7570c1e89ec0d9e138c3672136"},"headline":"Z\u0259rdab\u0131n yeni icra ba\u015f\u00e7\u0131s\u0131 M\u0259rdan Camalov rayonumuzda v\u0259t\u0259nda\u015flar\u0131n ilk s\u0259yyar q\u0259bulunu ke\u00e7irdi &#8211; Fotolar","datePublished":"2019-11-21T15:37:33+00:00","dateModified":"2019-11-21T15:37:35+00:00","mainEntityOfPage":{"@id":"https:\/\/www.zerdab.com\/?p=27557"},"wordCount":154,"commentCount":0,"image":{"@id":"https:\/\/www.zerdab.com\/?p=27557#primaryimage"},"thumbnailUrl":"http:\/\/www.zerdab.com\/wp-content\/uploads\/2019\/11\/merdan-camalov-zerdab1-550x367.jpg","articleSection":["MAN\u015eET","X\u018fB\u018fRL\u018fR"],"inLanguage":"az","potentialAction":[{"@type":"CommentAction","name":"Comment","target":["https:\/\/www.zerdab.com\/?p=27557#respond"]}]},{"@type":"WebPage","@id":"https:\/\/www.zerdab.com\/?p=27557","url":"https:\/\/www.zerdab.com\/?p=27557","name":"Z\u0259rdab\u0131n yeni icra ba\u015f\u00e7\u0131s\u0131 M\u0259rdan Camalov rayonumuzda v\u0259t\u0259nda\u015flar\u0131n ilk s\u0259yyar q\u0259bulunu ke\u00e7irdi - Fotolar - Z\u0259rdab.com","isPartOf":{"@id":"https:\/\/www.zerdab.com\/#website"},"primaryImageOfPage":{"@id":"https:\/\/www.zerdab.com\/?p=27557#primaryimage"},"image":{"@id":"https:\/\/www.zerdab.com\/?p=27557#primaryimage"},"thumbnailUrl":"http:\/\/www.zerdab.com\/wp-content\/uploads\/2019\/11\/merdan-camalov-zerdab1-550x367.jpg","datePublished":"2019-11-21T15:37:33+00:00","dateModified":"2019-11-21T15:37:35+00:00","author":{"@id":"https:\/\/www.zerdab.com\/#\/schema\/person\/97079b7570c1e89ec0d9e138c3672136"},"breadcrumb":{"@id":"https:\/\/www.zerdab.com\/?p=27557#breadcrumb"},"inLanguage":"az","potentialAction":[{"@type":"ReadAction","target":["https:\/\/www.zerdab.com\/?p=27557"]}]},{"@type":"ImageObject","inLanguage":"az","@id":"https:\/\/www.zerdab.com\/?p=27557#primaryimage","url":"","contentUrl":""},{"@type":"BreadcrumbList","@id":"https:\/\/www.zerdab.com\/?p=27557#breadcrumb","itemListElement":[{"@type":"ListItem","position":1,"name":"Home","item":"https:\/\/www.zerdab.com\/"},{"@type":"ListItem","position":2,"name":"Z\u0259rdab\u0131n yeni icra ba\u015f\u00e7\u0131s\u0131 M\u0259rdan Camalov rayonumuzda v\u0259t\u0259nda\u015flar\u0131n ilk s\u0259yyar q\u0259bulunu ke\u00e7irdi &#8211; Fotolar"}]},{"@type":"WebSite","@id":"https:\/\/www.zerdab.com\/#website","url":"https:\/\/www.zerdab.com\/","name":"Z\u0259rdab.com","description":"","potentialAction":[{"@type":"SearchAction","target":{"@type":"EntryPoint","urlTemplate":"https:\/\/www.zerdab.com\/?s={search_term_string}"},"query-input":{"@type":"PropertyValueSpecification","valueRequired":true,"valueName":"search_term_string"}}],"inLanguage":"az"},{"@type":"Person","@id":"https:\/\/www.zerdab.com\/#\/schema\/person\/97079b7570c1e89ec0d9e138c3672136","name":"admin","image":{"@type":"ImageObject","inLanguage":"az","@id":"https:\/\/www.zerdab.com\/#\/schema\/person\/image\/","url":"https:\/\/secure.gravatar.com\/avatar\/d9c52a9a27c32119cb6679a077fa3e2779e5f822c451cbf01098004361d466ec?s=96&d=mm&r=g","contentUrl":"https:\/\/secure.gravatar.com\/avatar\/d9c52a9a27c32119cb6679a077fa3e2779e5f822c451cbf01098004361d466ec?s=96&d=mm&r=g","caption":"admin"},"url":"https:\/\/www.zerdab.com\/?author=1"}]}},"_links":{"self":[{"href":"https:\/\/www.zerdab.com\/index.php?rest_route=\/wp\/v2\/posts\/27557","targetHints":{"allow":["GET"]}}],"collection":[{"href":"https:\/\/www.zerdab.com\/index.php?rest_route=\/wp\/v2\/posts"}],"about":[{"href":"https:\/\/www.zerdab.com\/index.php?rest_route=\/wp\/v2\/types\/post"}],"author":[{"embeddable":true,"href":"https:\/\/www.zerdab.com\/index.php?rest_route=\/wp\/v2\/users\/1"}],"replies":[{"embeddable":true,"href":"https:\/\/www.zerdab.com\/index.php?rest_route=%2Fwp%2Fv2%2Fcomments&post=27557"}],"version-history":[{"count":1,"href":"https:\/\/www.zerdab.com\/index.php?rest_route=\/wp\/v2\/posts\/27557\/revisions"}],"predecessor-version":[{"id":27561,"href":"https:\/\/www.zerdab.com\/index.php?rest_route=\/wp\/v2\/posts\/27557\/revisions\/27561"}],"wp:attachment":[{"href":"https:\/\/www.zerdab.com\/index.php?rest_route=%2Fwp%2Fv2%2Fmedia&parent=27557"}],"wp:term":[{"taxonomy":"category","embeddable":true,"href":"https:\/\/www.zerdab.com\/index.php?rest_route=%2Fwp%2Fv2%2Fcategories&post=27557"},{"taxonomy":"post_tag","embeddable":true,"href":"https:\/\/www.zerdab.com\/index.php?rest_route=%2Fwp%2Fv2%2Ftags&post=27557"}],"curies":[{"name":"wp","href":"https:\/\/api.w.org\/{rel}","templated":true}]}}