{"id":27618,"date":"2019-12-06T15:01:05","date_gmt":"2019-12-06T11:01:05","guid":{"rendered":"http:\/\/www.zerdab.com\/?p=27618"},"modified":"2019-12-06T15:01:07","modified_gmt":"2019-12-06T11:01:07","slug":"z%c9%99rdabin-yeni-icra-bascisi-agac%c9%99km%c9%99-aksiyasinda-fotolar","status":"publish","type":"post","link":"https:\/\/www.zerdab.com\/?p=27618","title":{"rendered":"Z\u0259rdab\u0131n yeni icra ba\u015f\u00e7\u0131s\u0131 a\u011fac\u0259km\u0259 aksiyas\u0131nda &#8211; Fotolar"},"content":{"rendered":"\n<p>Az\u0259rbaycan Respublikas\u0131n\u0131n Birinci vitse-prezidenti Mehriban\nxan\u0131m \u018fliyevan\u0131n t\u0259\u015f\u0259bb\u00fcs\u00fc il\u0259 b\u00f6y\u00fck Az\u0259rbaycan \u015fairi v\u0259 m\u00fct\u0259f\u0259kkiri \u0130mad\u0259ddin\nN\u0259siminin 650 illik yubileyi m\u00fcnasib\u0259til\u0259 ke\u00e7iril\u0259n 650 min a\u011fac \u0259kini\nkampaniyas\u0131na qo\u015fulan z\u0259rdabl\u0131lar 6 dekabr 2019-cu il tarixd\u0259 \u015f\u0259h\u0259r v\u0259\nk\u0259ndl\u0259rd\u0259, park v\u0259 meydanlarda, \u00fcmumilikd\u0259 rayon \u0259razisind\u0259 m\u00fcxt\u0259lif n\u00f6v\na\u011faclar&nbsp;\u0259kibl\u0259r. <\/p>\n\n\n\n<figure class=\"wp-block-image\"><img decoding=\"async\" src=\"http:\/\/www.zerdab.com\/wp-content\/uploads\/2019\/12\/zerdab-agacekme2-550x374.jpg\" alt=\"\" class=\"wp-image-27620\"\/><\/figure>\n\n\n\n\n\n<p><strong>Zerdab.com<\/strong> sayt\u0131na veril\u0259n m\u0259lumata g\u00f6r\u0259, rayon \u0259razisind\u0259 kampaniyaya haz\u0131rl\u0131q \u0259r\u0259f\u0259sind\u0259 17 min, bu g\u00fcn is\u0259 10 min \u0259d\u0259dd\u0259n \u00e7ox a\u011fac \u0259kilib, yeni ya\u015f\u0131ll\u0131qlar\u0131n suvar\u0131lmas\u0131 \u00fc\u00e7\u00fcn x\u0259tl\u0259r \u00e7\u0259kilib. A\u011fac\u0259km\u0259 kampaniyas\u0131nda rayon r\u0259hb\u0259rliyi, icra strukturlar\u0131n\u0131n n\u00fcmay\u0259nd\u0259l\u0259ri, idar\u0259, m\u00fc\u0259ssis\u0259 v\u0259 t\u0259\u015fkilatlar\u0131n \u0259m\u0259k kollektivl\u0259rinin \u00fczvl\u0259ri, g\u0259ncl\u0259r, ictimaiyy\u0259t n\u00fcmay\u0259nd\u0259l\u0259ri &#8211; \u00fcmumilikd\u0259 2500 n\u0259f\u0259rd\u0259n \u00e7ox rayon sakini i\u015ftirak edib.<\/p>\n\n\n\n<figure class=\"wp-block-image\"><img decoding=\"async\" src=\"http:\/\/www.zerdab.com\/wp-content\/uploads\/2019\/12\/zerdab-agacekme1-550x365.jpg\" alt=\"\" class=\"wp-image-27621\"\/><\/figure>\n\n\n\n<figure class=\"wp-block-image\"><img decoding=\"async\" src=\"http:\/\/www.zerdab.com\/wp-content\/uploads\/2019\/12\/zerdab-agacekme-550x365.jpg\" alt=\"\" class=\"wp-image-27622\"\/><\/figure>\n\n\n\n<p><a href=\"https:\/\/www.facebook.com\/388433977916315\/photos\/pcb.2606515849441439\/2606514976108193\/?type=3&amp;__tn__=HH-R&amp;eid=ARD2S6XoBTLnG97eAyPZhj1iZqcKvVXDB2G2QXrMthhYWonKE85HFS894-QX5ycmuVFbwkaGgorYdRtU&amp;__xts__%5B0%5D=68.ARDI61En8ITF4M2qQBBl1Gth1U1e641BQN2vdB63kh2_BQBrpbcnQ6MV7AeET6uTWsUezCswyCypX1Sl8ZDyglPcg4ggLifPKBc86E4w9qQuWQQ_PK9oe8VEz0yEGXB-8JPY5yiOQ_laRCogKTMtJIZF1Jt6GWHRw5jxiyRAJ1Pae5aRWtbhZ5jmhmEUv7896hh7pdIXPEaGS2jyQw4eOcrLPYLOHCHmR8QzW7ESBaHJ2Q0QxBUsZAxPEDFmKo59Xq2hHxa3DlktKseVdu_0wgXzI-a_jVVFWWx8aAGGZxVa42jAMvk82KK2aOFjVpYZg_YQzr2-EhivOigqKuOsQksO7Zv_IaajRiT2auoZQ_swXxdl6u7zniE\"><br>\n<\/a><\/p>\n","protected":false},"excerpt":{"rendered":"<p>Az\u0259rbaycan Respublikas\u0131n\u0131n Birinci vitse-prezidenti Mehriban xan\u0131m \u018fliyevan\u0131n t\u0259\u015f\u0259bb\u00fcs\u00fc il\u0259 b\u00f6y\u00fck Az\u0259rbaycan \u015fairi v\u0259 m\u00fct\u0259f\u0259kkiri \u0130mad\u0259ddin N\u0259siminin 650 illik yubileyi m\u00fcnasib\u0259til\u0259 ke\u00e7iril\u0259n 650 min a\u011fac \u0259kini kampaniyas\u0131na qo\u015fulan z\u0259rdabl\u0131lar 6 dekabr 2019-cu il tarixd\u0259 \u015f\u0259h\u0259r v\u0259 k\u0259ndl\u0259rd\u0259, park v\u0259 meydanlarda, \u00fcmumilikd\u0259 rayon \u0259razisind\u0259 m\u00fcxt\u0259lif n\u00f6v a\u011faclar&nbsp;\u0259kibl\u0259r. Zerdab.com sayt\u0131na veril\u0259n m\u0259lumata g\u00f6r\u0259, rayon \u0259razisind\u0259 kampaniyaya haz\u0131rl\u0131q \u0259r\u0259f\u0259sind\u0259 [&hellip;]<\/p>\n","protected":false},"author":1,"featured_media":0,"comment_status":"open","ping_status":"open","sticky":false,"template":"","format":"standard","meta":{"footnotes":""},"categories":[63,5],"tags":[],"class_list":{"0":"post-27618","1":"post","2":"type-post","3":"status-publish","4":"format-standard","6":"category-manset","7":"category-knd"},"yoast_head":"<!-- This site is optimized with the Yoast SEO plugin v27.0 - https:\/\/yoast.com\/product\/yoast-seo-wordpress\/ -->\n<title>Z\u0259rdab\u0131n yeni icra ba\u015f\u00e7\u0131s\u0131 a\u011fac\u0259km\u0259 aksiyas\u0131nda - Fotolar - Z\u0259rdab.com<\/title>\n<meta name=\"robots\" content=\"index, follow, max-snippet:-1, max-image-preview:large, max-video-preview:-1\" \/>\n<link rel=\"canonical\" href=\"https:\/\/www.zerdab.com\/?p=27618\" \/>\n<meta property=\"og:locale\" content=\"az_AZ\" \/>\n<meta property=\"og:type\" content=\"article\" \/>\n<meta property=\"og:title\" content=\"Z\u0259rdab\u0131n yeni icra ba\u015f\u00e7\u0131s\u0131 a\u011fac\u0259km\u0259 aksiyas\u0131nda - Fotolar - Z\u0259rdab.com\" \/>\n<meta property=\"og:description\" content=\"Az\u0259rbaycan Respublikas\u0131n\u0131n Birinci vitse-prezidenti Mehriban xan\u0131m \u018fliyevan\u0131n t\u0259\u015f\u0259bb\u00fcs\u00fc il\u0259 b\u00f6y\u00fck Az\u0259rbaycan \u015fairi v\u0259 m\u00fct\u0259f\u0259kkiri \u0130mad\u0259ddin N\u0259siminin 650 illik yubileyi m\u00fcnasib\u0259til\u0259 ke\u00e7iril\u0259n 650 min a\u011fac \u0259kini kampaniyas\u0131na qo\u015fulan z\u0259rdabl\u0131lar 6 dekabr 2019-cu il tarixd\u0259 \u015f\u0259h\u0259r v\u0259 k\u0259ndl\u0259rd\u0259, park v\u0259 meydanlarda, \u00fcmumilikd\u0259 rayon \u0259razisind\u0259 m\u00fcxt\u0259lif n\u00f6v a\u011faclar&nbsp;\u0259kibl\u0259r. Zerdab.com sayt\u0131na veril\u0259n m\u0259lumata g\u00f6r\u0259, rayon \u0259razisind\u0259 kampaniyaya haz\u0131rl\u0131q \u0259r\u0259f\u0259sind\u0259 [&hellip;]\" \/>\n<meta property=\"og:url\" content=\"https:\/\/www.zerdab.com\/?p=27618\" \/>\n<meta property=\"og:site_name\" content=\"Z\u0259rdab.com\" \/>\n<meta property=\"article:published_time\" content=\"2019-12-06T11:01:05+00:00\" \/>\n<meta property=\"article:modified_time\" content=\"2019-12-06T11:01:07+00:00\" \/>\n<meta property=\"og:image\" content=\"http:\/\/www.zerdab.com\/wp-content\/uploads\/2019\/12\/zerdab-agacekme2-550x374.jpg\" \/>\n<meta name=\"author\" content=\"admin\" \/>\n<meta name=\"twitter:card\" content=\"summary_large_image\" \/>\n<meta name=\"twitter:label1\" content=\"Written by\" \/>\n\t<meta name=\"twitter:data1\" content=\"admin\" \/>\n\t<meta name=\"twitter:label2\" content=\"Est. reading time\" \/>\n\t<meta name=\"twitter:data2\" content=\"1 minute\" \/>\n<script type=\"application\/ld+json\" class=\"yoast-schema-graph\">{\"@context\":\"https:\/\/schema.org\",\"@graph\":[{\"@type\":\"Article\",\"@id\":\"https:\/\/www.zerdab.com\/?p=27618#article\",\"isPartOf\":{\"@id\":\"https:\/\/www.zerdab.com\/?p=27618\"},\"author\":{\"name\":\"admin\",\"@id\":\"https:\/\/www.zerdab.com\/#\/schema\/person\/97079b7570c1e89ec0d9e138c3672136\"},\"headline\":\"Z\u0259rdab\u0131n yeni icra ba\u015f\u00e7\u0131s\u0131 a\u011fac\u0259km\u0259 aksiyas\u0131nda &#8211; Fotolar\",\"datePublished\":\"2019-12-06T11:01:05+00:00\",\"dateModified\":\"2019-12-06T11:01:07+00:00\",\"mainEntityOfPage\":{\"@id\":\"https:\/\/www.zerdab.com\/?p=27618\"},\"wordCount\":187,\"commentCount\":0,\"image\":{\"@id\":\"https:\/\/www.zerdab.com\/?p=27618#primaryimage\"},\"thumbnailUrl\":\"http:\/\/www.zerdab.com\/wp-content\/uploads\/2019\/12\/zerdab-agacekme2-550x374.jpg\",\"articleSection\":[\"MAN\u015eET\",\"X\u018fB\u018fRL\u018fR\"],\"inLanguage\":\"az\",\"potentialAction\":[{\"@type\":\"CommentAction\",\"name\":\"Comment\",\"target\":[\"https:\/\/www.zerdab.com\/?p=27618#respond\"]}]},{\"@type\":\"WebPage\",\"@id\":\"https:\/\/www.zerdab.com\/?p=27618\",\"url\":\"https:\/\/www.zerdab.com\/?p=27618\",\"name\":\"Z\u0259rdab\u0131n yeni icra ba\u015f\u00e7\u0131s\u0131 a\u011fac\u0259km\u0259 aksiyas\u0131nda - Fotolar - Z\u0259rdab.com\",\"isPartOf\":{\"@id\":\"https:\/\/www.zerdab.com\/#website\"},\"primaryImageOfPage\":{\"@id\":\"https:\/\/www.zerdab.com\/?p=27618#primaryimage\"},\"image\":{\"@id\":\"https:\/\/www.zerdab.com\/?p=27618#primaryimage\"},\"thumbnailUrl\":\"http:\/\/www.zerdab.com\/wp-content\/uploads\/2019\/12\/zerdab-agacekme2-550x374.jpg\",\"datePublished\":\"2019-12-06T11:01:05+00:00\",\"dateModified\":\"2019-12-06T11:01:07+00:00\",\"author\":{\"@id\":\"https:\/\/www.zerdab.com\/#\/schema\/person\/97079b7570c1e89ec0d9e138c3672136\"},\"breadcrumb\":{\"@id\":\"https:\/\/www.zerdab.com\/?p=27618#breadcrumb\"},\"inLanguage\":\"az\",\"potentialAction\":[{\"@type\":\"ReadAction\",\"target\":[\"https:\/\/www.zerdab.com\/?p=27618\"]}]},{\"@type\":\"ImageObject\",\"inLanguage\":\"az\",\"@id\":\"https:\/\/www.zerdab.com\/?p=27618#primaryimage\",\"url\":\"\",\"contentUrl\":\"\"},{\"@type\":\"BreadcrumbList\",\"@id\":\"https:\/\/www.zerdab.com\/?p=27618#breadcrumb\",\"itemListElement\":[{\"@type\":\"ListItem\",\"position\":1,\"name\":\"Home\",\"item\":\"https:\/\/www.zerdab.com\/\"},{\"@type\":\"ListItem\",\"position\":2,\"name\":\"Z\u0259rdab\u0131n yeni icra ba\u015f\u00e7\u0131s\u0131 a\u011fac\u0259km\u0259 aksiyas\u0131nda &#8211; Fotolar\"}]},{\"@type\":\"WebSite\",\"@id\":\"https:\/\/www.zerdab.com\/#website\",\"url\":\"https:\/\/www.zerdab.com\/\",\"name\":\"Z\u0259rdab.com\",\"description\":\"\",\"potentialAction\":[{\"@type\":\"SearchAction\",\"target\":{\"@type\":\"EntryPoint\",\"urlTemplate\":\"https:\/\/www.zerdab.com\/?s={search_term_string}\"},\"query-input\":{\"@type\":\"PropertyValueSpecification\",\"valueRequired\":true,\"valueName\":\"search_term_string\"}}],\"inLanguage\":\"az\"},{\"@type\":\"Person\",\"@id\":\"https:\/\/www.zerdab.com\/#\/schema\/person\/97079b7570c1e89ec0d9e138c3672136\",\"name\":\"admin\",\"image\":{\"@type\":\"ImageObject\",\"inLanguage\":\"az\",\"@id\":\"https:\/\/www.zerdab.com\/#\/schema\/person\/image\/\",\"url\":\"https:\/\/secure.gravatar.com\/avatar\/d9c52a9a27c32119cb6679a077fa3e2779e5f822c451cbf01098004361d466ec?s=96&d=mm&r=g\",\"contentUrl\":\"https:\/\/secure.gravatar.com\/avatar\/d9c52a9a27c32119cb6679a077fa3e2779e5f822c451cbf01098004361d466ec?s=96&d=mm&r=g\",\"caption\":\"admin\"},\"url\":\"https:\/\/www.zerdab.com\/?author=1\"}]}<\/script>\n<!-- \/ Yoast SEO plugin. -->","yoast_head_json":{"title":"Z\u0259rdab\u0131n yeni icra ba\u015f\u00e7\u0131s\u0131 a\u011fac\u0259km\u0259 aksiyas\u0131nda - Fotolar - Z\u0259rdab.com","robots":{"index":"index","follow":"follow","max-snippet":"max-snippet:-1","max-image-preview":"max-image-preview:large","max-video-preview":"max-video-preview:-1"},"canonical":"https:\/\/www.zerdab.com\/?p=27618","og_locale":"az_AZ","og_type":"article","og_title":"Z\u0259rdab\u0131n yeni icra ba\u015f\u00e7\u0131s\u0131 a\u011fac\u0259km\u0259 aksiyas\u0131nda - Fotolar - Z\u0259rdab.com","og_description":"Az\u0259rbaycan Respublikas\u0131n\u0131n Birinci vitse-prezidenti Mehriban xan\u0131m \u018fliyevan\u0131n t\u0259\u015f\u0259bb\u00fcs\u00fc il\u0259 b\u00f6y\u00fck Az\u0259rbaycan \u015fairi v\u0259 m\u00fct\u0259f\u0259kkiri \u0130mad\u0259ddin N\u0259siminin 650 illik yubileyi m\u00fcnasib\u0259til\u0259 ke\u00e7iril\u0259n 650 min a\u011fac \u0259kini kampaniyas\u0131na qo\u015fulan z\u0259rdabl\u0131lar 6 dekabr 2019-cu il tarixd\u0259 \u015f\u0259h\u0259r v\u0259 k\u0259ndl\u0259rd\u0259, park v\u0259 meydanlarda, \u00fcmumilikd\u0259 rayon \u0259razisind\u0259 m\u00fcxt\u0259lif n\u00f6v a\u011faclar&nbsp;\u0259kibl\u0259r. Zerdab.com sayt\u0131na veril\u0259n m\u0259lumata g\u00f6r\u0259, rayon \u0259razisind\u0259 kampaniyaya haz\u0131rl\u0131q \u0259r\u0259f\u0259sind\u0259 [&hellip;]","og_url":"https:\/\/www.zerdab.com\/?p=27618","og_site_name":"Z\u0259rdab.com","article_published_time":"2019-12-06T11:01:05+00:00","article_modified_time":"2019-12-06T11:01:07+00:00","og_image":[{"url":"http:\/\/www.zerdab.com\/wp-content\/uploads\/2019\/12\/zerdab-agacekme2-550x374.jpg","type":"","width":"","height":""}],"author":"admin","twitter_card":"summary_large_image","twitter_misc":{"Written by":"admin","Est. reading time":"1 minute"},"schema":{"@context":"https:\/\/schema.org","@graph":[{"@type":"Article","@id":"https:\/\/www.zerdab.com\/?p=27618#article","isPartOf":{"@id":"https:\/\/www.zerdab.com\/?p=27618"},"author":{"name":"admin","@id":"https:\/\/www.zerdab.com\/#\/schema\/person\/97079b7570c1e89ec0d9e138c3672136"},"headline":"Z\u0259rdab\u0131n yeni icra ba\u015f\u00e7\u0131s\u0131 a\u011fac\u0259km\u0259 aksiyas\u0131nda &#8211; Fotolar","datePublished":"2019-12-06T11:01:05+00:00","dateModified":"2019-12-06T11:01:07+00:00","mainEntityOfPage":{"@id":"https:\/\/www.zerdab.com\/?p=27618"},"wordCount":187,"commentCount":0,"image":{"@id":"https:\/\/www.zerdab.com\/?p=27618#primaryimage"},"thumbnailUrl":"http:\/\/www.zerdab.com\/wp-content\/uploads\/2019\/12\/zerdab-agacekme2-550x374.jpg","articleSection":["MAN\u015eET","X\u018fB\u018fRL\u018fR"],"inLanguage":"az","potentialAction":[{"@type":"CommentAction","name":"Comment","target":["https:\/\/www.zerdab.com\/?p=27618#respond"]}]},{"@type":"WebPage","@id":"https:\/\/www.zerdab.com\/?p=27618","url":"https:\/\/www.zerdab.com\/?p=27618","name":"Z\u0259rdab\u0131n yeni icra ba\u015f\u00e7\u0131s\u0131 a\u011fac\u0259km\u0259 aksiyas\u0131nda - Fotolar - Z\u0259rdab.com","isPartOf":{"@id":"https:\/\/www.zerdab.com\/#website"},"primaryImageOfPage":{"@id":"https:\/\/www.zerdab.com\/?p=27618#primaryimage"},"image":{"@id":"https:\/\/www.zerdab.com\/?p=27618#primaryimage"},"thumbnailUrl":"http:\/\/www.zerdab.com\/wp-content\/uploads\/2019\/12\/zerdab-agacekme2-550x374.jpg","datePublished":"2019-12-06T11:01:05+00:00","dateModified":"2019-12-06T11:01:07+00:00","author":{"@id":"https:\/\/www.zerdab.com\/#\/schema\/person\/97079b7570c1e89ec0d9e138c3672136"},"breadcrumb":{"@id":"https:\/\/www.zerdab.com\/?p=27618#breadcrumb"},"inLanguage":"az","potentialAction":[{"@type":"ReadAction","target":["https:\/\/www.zerdab.com\/?p=27618"]}]},{"@type":"ImageObject","inLanguage":"az","@id":"https:\/\/www.zerdab.com\/?p=27618#primaryimage","url":"","contentUrl":""},{"@type":"BreadcrumbList","@id":"https:\/\/www.zerdab.com\/?p=27618#breadcrumb","itemListElement":[{"@type":"ListItem","position":1,"name":"Home","item":"https:\/\/www.zerdab.com\/"},{"@type":"ListItem","position":2,"name":"Z\u0259rdab\u0131n yeni icra ba\u015f\u00e7\u0131s\u0131 a\u011fac\u0259km\u0259 aksiyas\u0131nda &#8211; Fotolar"}]},{"@type":"WebSite","@id":"https:\/\/www.zerdab.com\/#website","url":"https:\/\/www.zerdab.com\/","name":"Z\u0259rdab.com","description":"","potentialAction":[{"@type":"SearchAction","target":{"@type":"EntryPoint","urlTemplate":"https:\/\/www.zerdab.com\/?s={search_term_string}"},"query-input":{"@type":"PropertyValueSpecification","valueRequired":true,"valueName":"search_term_string"}}],"inLanguage":"az"},{"@type":"Person","@id":"https:\/\/www.zerdab.com\/#\/schema\/person\/97079b7570c1e89ec0d9e138c3672136","name":"admin","image":{"@type":"ImageObject","inLanguage":"az","@id":"https:\/\/www.zerdab.com\/#\/schema\/person\/image\/","url":"https:\/\/secure.gravatar.com\/avatar\/d9c52a9a27c32119cb6679a077fa3e2779e5f822c451cbf01098004361d466ec?s=96&d=mm&r=g","contentUrl":"https:\/\/secure.gravatar.com\/avatar\/d9c52a9a27c32119cb6679a077fa3e2779e5f822c451cbf01098004361d466ec?s=96&d=mm&r=g","caption":"admin"},"url":"https:\/\/www.zerdab.com\/?author=1"}]}},"_links":{"self":[{"href":"https:\/\/www.zerdab.com\/index.php?rest_route=\/wp\/v2\/posts\/27618","targetHints":{"allow":["GET"]}}],"collection":[{"href":"https:\/\/www.zerdab.com\/index.php?rest_route=\/wp\/v2\/posts"}],"about":[{"href":"https:\/\/www.zerdab.com\/index.php?rest_route=\/wp\/v2\/types\/post"}],"author":[{"embeddable":true,"href":"https:\/\/www.zerdab.com\/index.php?rest_route=\/wp\/v2\/users\/1"}],"replies":[{"embeddable":true,"href":"https:\/\/www.zerdab.com\/index.php?rest_route=%2Fwp%2Fv2%2Fcomments&post=27618"}],"version-history":[{"count":1,"href":"https:\/\/www.zerdab.com\/index.php?rest_route=\/wp\/v2\/posts\/27618\/revisions"}],"predecessor-version":[{"id":27623,"href":"https:\/\/www.zerdab.com\/index.php?rest_route=\/wp\/v2\/posts\/27618\/revisions\/27623"}],"wp:attachment":[{"href":"https:\/\/www.zerdab.com\/index.php?rest_route=%2Fwp%2Fv2%2Fmedia&parent=27618"}],"wp:term":[{"taxonomy":"category","embeddable":true,"href":"https:\/\/www.zerdab.com\/index.php?rest_route=%2Fwp%2Fv2%2Fcategories&post=27618"},{"taxonomy":"post_tag","embeddable":true,"href":"https:\/\/www.zerdab.com\/index.php?rest_route=%2Fwp%2Fv2%2Ftags&post=27618"}],"curies":[{"name":"wp","href":"https:\/\/api.w.org\/{rel}","templated":true}]}}