{"id":27654,"date":"2019-12-12T18:01:07","date_gmt":"2019-12-12T14:01:07","guid":{"rendered":"http:\/\/www.zerdab.com\/?p=27654"},"modified":"2019-12-12T18:01:46","modified_gmt":"2019-12-12T14:01:46","slug":"z%c9%99rdabda-umumrayon-anim-m%c9%99rasimi-kecirilib-fotolar","status":"publish","type":"post","link":"https:\/\/www.zerdab.com\/?p=27654","title":{"rendered":"Z\u0259rdabda \u00fcmumrayon an\u0131m m\u0259rasimi ke\u00e7irilib &#8211; Fotolar"},"content":{"rendered":"\n<p>Z\u0259rdab rayonunda \u00fcmummilli lider Heyd\u0259r \u018fliyevin xatir\u0259sin\u0259 h\u0259sr olunmu\u015f an\u0131m t\u0259dbirl\u0259ri ke\u00e7irilib. Rayon \u0130cra Hakimiyy\u0259tind\u0259n <strong>Zerdab.com <\/strong>sayt\u0131na veril\u0259n m\u0259lumata g\u00f6r\u0259, 11 dekabr 2019-cu il tarixd\u0259 ba\u011f\u00e7a u\u015faqlar\u0131 v\u0259 \u00fcmumt\u0259hsil m\u0259kt\u0259bl\u0259rinin \u015fagirdl\u0259ri Ulu \u00d6nd\u0259rin abid\u0259sini ziyar\u0259t edibl\u0259r. <\/p>\n\n\n\n<figure class=\"wp-block-image\"><img decoding=\"async\" src=\"http:\/\/www.zerdab.com\/wp-content\/uploads\/2019\/12\/zerdab-anim1-550x367.jpg\" alt=\"\" class=\"wp-image-27656\"\/><\/figure>\n\n\n\n<figure class=\"wp-block-image\"><img decoding=\"async\" src=\"http:\/\/www.zerdab.com\/wp-content\/uploads\/2019\/12\/zerdab-anim3-550x367.jpg\" alt=\"\" class=\"wp-image-27657\"\/><\/figure>\n\n\n\n<p>Bu g\u00fcn is\u0259 \u00fcmumrayon an\u0131m t\u0259dbiri ke\u00e7irilib. Rayon r\u0259hb\u0259rliyi, \u0259m\u0259k kollektivl\u0259rinin \u00fczvl\u0259ri, ictimaiyy\u0259t n\u00fcmay\u0259nd\u0259l\u0259ri Ulu \u00d6nd\u0259rin abid\u0259sini ziyar\u0259t edibl\u0259r. Heyd\u0259r \u018fliyev M\u0259rk\u0259zind\u0259ki eksponatlarla tan\u0131\u015f olublar, divar q\u0259zetl\u0259rin\u0259 bax\u0131\u015f ke\u00e7irilib. <\/p>\n\n\n\n<figure class=\"wp-block-image\"><img decoding=\"async\" src=\"http:\/\/www.zerdab.com\/wp-content\/uploads\/2019\/12\/zerdab-anim2-550x367.jpg\" alt=\"\" class=\"wp-image-27658\"\/><\/figure>\n\n\n\n<p>\u00dcmumrayon an\u0131m t\u0259dbirind\u0259 \u00e7\u0131x\u0131\u015f ed\u0259n Z\u0259rdab Rayon \u0130cra Hakimiyy\u0259tinin ba\u015f\u00e7\u0131s\u0131 M\u0259rdan Camalzad\u0259 \u201cHeyd\u0259r \u018fliyev m\u00fcst\u0259qil, demokratik, dinamik inki\u015faf ed\u0259n Az\u0259rbaycan d\u00f6vl\u0259tinin memar\u0131 v\u0259 qurucusudur\u201d m\u00f6vzusunda nitq s\u00f6yl\u0259yib. Ulu \u00f6nd\u0259rin h\u0259yat v\u0259 f\u0259aliyy\u0259tind\u0259n b\u0259hs ed\u0259n video-\u00e7arx n\u00fcmayi\u015f etdirilib.<\/p>\n","protected":false},"excerpt":{"rendered":"<p>Z\u0259rdab rayonunda \u00fcmummilli lider Heyd\u0259r \u018fliyevin xatir\u0259sin\u0259 h\u0259sr olunmu\u015f an\u0131m t\u0259dbirl\u0259ri ke\u00e7irilib. Rayon \u0130cra Hakimiyy\u0259tind\u0259n Zerdab.com sayt\u0131na veril\u0259n m\u0259lumata g\u00f6r\u0259, 11 dekabr 2019-cu il tarixd\u0259 ba\u011f\u00e7a u\u015faqlar\u0131 v\u0259 \u00fcmumt\u0259hsil m\u0259kt\u0259bl\u0259rinin \u015fagirdl\u0259ri Ulu \u00d6nd\u0259rin abid\u0259sini ziyar\u0259t edibl\u0259r. Bu g\u00fcn is\u0259 \u00fcmumrayon an\u0131m t\u0259dbiri ke\u00e7irilib. Rayon r\u0259hb\u0259rliyi, \u0259m\u0259k kollektivl\u0259rinin \u00fczvl\u0259ri, ictimaiyy\u0259t n\u00fcmay\u0259nd\u0259l\u0259ri Ulu \u00d6nd\u0259rin abid\u0259sini ziyar\u0259t edibl\u0259r. [&hellip;]<\/p>\n","protected":false},"author":1,"featured_media":0,"comment_status":"open","ping_status":"open","sticky":false,"template":"","format":"standard","meta":{"footnotes":""},"categories":[63,5],"tags":[],"class_list":{"0":"post-27654","1":"post","2":"type-post","3":"status-publish","4":"format-standard","6":"category-manset","7":"category-knd"},"yoast_head":"<!-- This site is optimized with the Yoast SEO plugin v27.0 - https:\/\/yoast.com\/product\/yoast-seo-wordpress\/ -->\n<title>Z\u0259rdabda \u00fcmumrayon an\u0131m m\u0259rasimi ke\u00e7irilib - Fotolar - Z\u0259rdab.com<\/title>\n<meta name=\"robots\" content=\"index, follow, max-snippet:-1, max-image-preview:large, max-video-preview:-1\" \/>\n<link rel=\"canonical\" href=\"https:\/\/www.zerdab.com\/?p=27654\" \/>\n<meta property=\"og:locale\" content=\"az_AZ\" \/>\n<meta property=\"og:type\" content=\"article\" \/>\n<meta property=\"og:title\" content=\"Z\u0259rdabda \u00fcmumrayon an\u0131m m\u0259rasimi ke\u00e7irilib - Fotolar - Z\u0259rdab.com\" \/>\n<meta property=\"og:description\" content=\"Z\u0259rdab rayonunda \u00fcmummilli lider Heyd\u0259r \u018fliyevin xatir\u0259sin\u0259 h\u0259sr olunmu\u015f an\u0131m t\u0259dbirl\u0259ri ke\u00e7irilib. Rayon \u0130cra Hakimiyy\u0259tind\u0259n Zerdab.com sayt\u0131na veril\u0259n m\u0259lumata g\u00f6r\u0259, 11 dekabr 2019-cu il tarixd\u0259 ba\u011f\u00e7a u\u015faqlar\u0131 v\u0259 \u00fcmumt\u0259hsil m\u0259kt\u0259bl\u0259rinin \u015fagirdl\u0259ri Ulu \u00d6nd\u0259rin abid\u0259sini ziyar\u0259t edibl\u0259r. Bu g\u00fcn is\u0259 \u00fcmumrayon an\u0131m t\u0259dbiri ke\u00e7irilib. Rayon r\u0259hb\u0259rliyi, \u0259m\u0259k kollektivl\u0259rinin \u00fczvl\u0259ri, ictimaiyy\u0259t n\u00fcmay\u0259nd\u0259l\u0259ri Ulu \u00d6nd\u0259rin abid\u0259sini ziyar\u0259t edibl\u0259r. [&hellip;]\" \/>\n<meta property=\"og:url\" content=\"https:\/\/www.zerdab.com\/?p=27654\" \/>\n<meta property=\"og:site_name\" content=\"Z\u0259rdab.com\" \/>\n<meta property=\"article:published_time\" content=\"2019-12-12T14:01:07+00:00\" \/>\n<meta property=\"article:modified_time\" content=\"2019-12-12T14:01:46+00:00\" \/>\n<meta property=\"og:image\" content=\"http:\/\/www.zerdab.com\/wp-content\/uploads\/2019\/12\/zerdab-anim1-550x367.jpg\" \/>\n<meta name=\"author\" content=\"admin\" \/>\n<meta name=\"twitter:card\" content=\"summary_large_image\" \/>\n<meta name=\"twitter:label1\" content=\"Written by\" \/>\n\t<meta name=\"twitter:data1\" content=\"admin\" \/>\n\t<meta name=\"twitter:label2\" content=\"Est. reading time\" \/>\n\t<meta name=\"twitter:data2\" content=\"1 minute\" \/>\n<script type=\"application\/ld+json\" class=\"yoast-schema-graph\">{\"@context\":\"https:\/\/schema.org\",\"@graph\":[{\"@type\":\"Article\",\"@id\":\"https:\/\/www.zerdab.com\/?p=27654#article\",\"isPartOf\":{\"@id\":\"https:\/\/www.zerdab.com\/?p=27654\"},\"author\":{\"name\":\"admin\",\"@id\":\"https:\/\/www.zerdab.com\/#\/schema\/person\/97079b7570c1e89ec0d9e138c3672136\"},\"headline\":\"Z\u0259rdabda \u00fcmumrayon an\u0131m m\u0259rasimi ke\u00e7irilib &#8211; Fotolar\",\"datePublished\":\"2019-12-12T14:01:07+00:00\",\"dateModified\":\"2019-12-12T14:01:46+00:00\",\"mainEntityOfPage\":{\"@id\":\"https:\/\/www.zerdab.com\/?p=27654\"},\"wordCount\":190,\"commentCount\":0,\"image\":{\"@id\":\"https:\/\/www.zerdab.com\/?p=27654#primaryimage\"},\"thumbnailUrl\":\"http:\/\/www.zerdab.com\/wp-content\/uploads\/2019\/12\/zerdab-anim1-550x367.jpg\",\"articleSection\":[\"MAN\u015eET\",\"X\u018fB\u018fRL\u018fR\"],\"inLanguage\":\"az\",\"potentialAction\":[{\"@type\":\"CommentAction\",\"name\":\"Comment\",\"target\":[\"https:\/\/www.zerdab.com\/?p=27654#respond\"]}]},{\"@type\":\"WebPage\",\"@id\":\"https:\/\/www.zerdab.com\/?p=27654\",\"url\":\"https:\/\/www.zerdab.com\/?p=27654\",\"name\":\"Z\u0259rdabda \u00fcmumrayon an\u0131m m\u0259rasimi ke\u00e7irilib - Fotolar - Z\u0259rdab.com\",\"isPartOf\":{\"@id\":\"https:\/\/www.zerdab.com\/#website\"},\"primaryImageOfPage\":{\"@id\":\"https:\/\/www.zerdab.com\/?p=27654#primaryimage\"},\"image\":{\"@id\":\"https:\/\/www.zerdab.com\/?p=27654#primaryimage\"},\"thumbnailUrl\":\"http:\/\/www.zerdab.com\/wp-content\/uploads\/2019\/12\/zerdab-anim1-550x367.jpg\",\"datePublished\":\"2019-12-12T14:01:07+00:00\",\"dateModified\":\"2019-12-12T14:01:46+00:00\",\"author\":{\"@id\":\"https:\/\/www.zerdab.com\/#\/schema\/person\/97079b7570c1e89ec0d9e138c3672136\"},\"breadcrumb\":{\"@id\":\"https:\/\/www.zerdab.com\/?p=27654#breadcrumb\"},\"inLanguage\":\"az\",\"potentialAction\":[{\"@type\":\"ReadAction\",\"target\":[\"https:\/\/www.zerdab.com\/?p=27654\"]}]},{\"@type\":\"ImageObject\",\"inLanguage\":\"az\",\"@id\":\"https:\/\/www.zerdab.com\/?p=27654#primaryimage\",\"url\":\"\",\"contentUrl\":\"\"},{\"@type\":\"BreadcrumbList\",\"@id\":\"https:\/\/www.zerdab.com\/?p=27654#breadcrumb\",\"itemListElement\":[{\"@type\":\"ListItem\",\"position\":1,\"name\":\"Home\",\"item\":\"https:\/\/www.zerdab.com\/\"},{\"@type\":\"ListItem\",\"position\":2,\"name\":\"Z\u0259rdabda \u00fcmumrayon an\u0131m m\u0259rasimi ke\u00e7irilib &#8211; Fotolar\"}]},{\"@type\":\"WebSite\",\"@id\":\"https:\/\/www.zerdab.com\/#website\",\"url\":\"https:\/\/www.zerdab.com\/\",\"name\":\"Z\u0259rdab.com\",\"description\":\"\",\"potentialAction\":[{\"@type\":\"SearchAction\",\"target\":{\"@type\":\"EntryPoint\",\"urlTemplate\":\"https:\/\/www.zerdab.com\/?s={search_term_string}\"},\"query-input\":{\"@type\":\"PropertyValueSpecification\",\"valueRequired\":true,\"valueName\":\"search_term_string\"}}],\"inLanguage\":\"az\"},{\"@type\":\"Person\",\"@id\":\"https:\/\/www.zerdab.com\/#\/schema\/person\/97079b7570c1e89ec0d9e138c3672136\",\"name\":\"admin\",\"image\":{\"@type\":\"ImageObject\",\"inLanguage\":\"az\",\"@id\":\"https:\/\/www.zerdab.com\/#\/schema\/person\/image\/\",\"url\":\"https:\/\/secure.gravatar.com\/avatar\/d9c52a9a27c32119cb6679a077fa3e2779e5f822c451cbf01098004361d466ec?s=96&d=mm&r=g\",\"contentUrl\":\"https:\/\/secure.gravatar.com\/avatar\/d9c52a9a27c32119cb6679a077fa3e2779e5f822c451cbf01098004361d466ec?s=96&d=mm&r=g\",\"caption\":\"admin\"},\"url\":\"https:\/\/www.zerdab.com\/?author=1\"}]}<\/script>\n<!-- \/ Yoast SEO plugin. -->","yoast_head_json":{"title":"Z\u0259rdabda \u00fcmumrayon an\u0131m m\u0259rasimi ke\u00e7irilib - Fotolar - Z\u0259rdab.com","robots":{"index":"index","follow":"follow","max-snippet":"max-snippet:-1","max-image-preview":"max-image-preview:large","max-video-preview":"max-video-preview:-1"},"canonical":"https:\/\/www.zerdab.com\/?p=27654","og_locale":"az_AZ","og_type":"article","og_title":"Z\u0259rdabda \u00fcmumrayon an\u0131m m\u0259rasimi ke\u00e7irilib - Fotolar - Z\u0259rdab.com","og_description":"Z\u0259rdab rayonunda \u00fcmummilli lider Heyd\u0259r \u018fliyevin xatir\u0259sin\u0259 h\u0259sr olunmu\u015f an\u0131m t\u0259dbirl\u0259ri ke\u00e7irilib. Rayon \u0130cra Hakimiyy\u0259tind\u0259n Zerdab.com sayt\u0131na veril\u0259n m\u0259lumata g\u00f6r\u0259, 11 dekabr 2019-cu il tarixd\u0259 ba\u011f\u00e7a u\u015faqlar\u0131 v\u0259 \u00fcmumt\u0259hsil m\u0259kt\u0259bl\u0259rinin \u015fagirdl\u0259ri Ulu \u00d6nd\u0259rin abid\u0259sini ziyar\u0259t edibl\u0259r. Bu g\u00fcn is\u0259 \u00fcmumrayon an\u0131m t\u0259dbiri ke\u00e7irilib. Rayon r\u0259hb\u0259rliyi, \u0259m\u0259k kollektivl\u0259rinin \u00fczvl\u0259ri, ictimaiyy\u0259t n\u00fcmay\u0259nd\u0259l\u0259ri Ulu \u00d6nd\u0259rin abid\u0259sini ziyar\u0259t edibl\u0259r. [&hellip;]","og_url":"https:\/\/www.zerdab.com\/?p=27654","og_site_name":"Z\u0259rdab.com","article_published_time":"2019-12-12T14:01:07+00:00","article_modified_time":"2019-12-12T14:01:46+00:00","og_image":[{"url":"http:\/\/www.zerdab.com\/wp-content\/uploads\/2019\/12\/zerdab-anim1-550x367.jpg","type":"","width":"","height":""}],"author":"admin","twitter_card":"summary_large_image","twitter_misc":{"Written by":"admin","Est. reading time":"1 minute"},"schema":{"@context":"https:\/\/schema.org","@graph":[{"@type":"Article","@id":"https:\/\/www.zerdab.com\/?p=27654#article","isPartOf":{"@id":"https:\/\/www.zerdab.com\/?p=27654"},"author":{"name":"admin","@id":"https:\/\/www.zerdab.com\/#\/schema\/person\/97079b7570c1e89ec0d9e138c3672136"},"headline":"Z\u0259rdabda \u00fcmumrayon an\u0131m m\u0259rasimi ke\u00e7irilib &#8211; Fotolar","datePublished":"2019-12-12T14:01:07+00:00","dateModified":"2019-12-12T14:01:46+00:00","mainEntityOfPage":{"@id":"https:\/\/www.zerdab.com\/?p=27654"},"wordCount":190,"commentCount":0,"image":{"@id":"https:\/\/www.zerdab.com\/?p=27654#primaryimage"},"thumbnailUrl":"http:\/\/www.zerdab.com\/wp-content\/uploads\/2019\/12\/zerdab-anim1-550x367.jpg","articleSection":["MAN\u015eET","X\u018fB\u018fRL\u018fR"],"inLanguage":"az","potentialAction":[{"@type":"CommentAction","name":"Comment","target":["https:\/\/www.zerdab.com\/?p=27654#respond"]}]},{"@type":"WebPage","@id":"https:\/\/www.zerdab.com\/?p=27654","url":"https:\/\/www.zerdab.com\/?p=27654","name":"Z\u0259rdabda \u00fcmumrayon an\u0131m m\u0259rasimi ke\u00e7irilib - Fotolar - Z\u0259rdab.com","isPartOf":{"@id":"https:\/\/www.zerdab.com\/#website"},"primaryImageOfPage":{"@id":"https:\/\/www.zerdab.com\/?p=27654#primaryimage"},"image":{"@id":"https:\/\/www.zerdab.com\/?p=27654#primaryimage"},"thumbnailUrl":"http:\/\/www.zerdab.com\/wp-content\/uploads\/2019\/12\/zerdab-anim1-550x367.jpg","datePublished":"2019-12-12T14:01:07+00:00","dateModified":"2019-12-12T14:01:46+00:00","author":{"@id":"https:\/\/www.zerdab.com\/#\/schema\/person\/97079b7570c1e89ec0d9e138c3672136"},"breadcrumb":{"@id":"https:\/\/www.zerdab.com\/?p=27654#breadcrumb"},"inLanguage":"az","potentialAction":[{"@type":"ReadAction","target":["https:\/\/www.zerdab.com\/?p=27654"]}]},{"@type":"ImageObject","inLanguage":"az","@id":"https:\/\/www.zerdab.com\/?p=27654#primaryimage","url":"","contentUrl":""},{"@type":"BreadcrumbList","@id":"https:\/\/www.zerdab.com\/?p=27654#breadcrumb","itemListElement":[{"@type":"ListItem","position":1,"name":"Home","item":"https:\/\/www.zerdab.com\/"},{"@type":"ListItem","position":2,"name":"Z\u0259rdabda \u00fcmumrayon an\u0131m m\u0259rasimi ke\u00e7irilib &#8211; Fotolar"}]},{"@type":"WebSite","@id":"https:\/\/www.zerdab.com\/#website","url":"https:\/\/www.zerdab.com\/","name":"Z\u0259rdab.com","description":"","potentialAction":[{"@type":"SearchAction","target":{"@type":"EntryPoint","urlTemplate":"https:\/\/www.zerdab.com\/?s={search_term_string}"},"query-input":{"@type":"PropertyValueSpecification","valueRequired":true,"valueName":"search_term_string"}}],"inLanguage":"az"},{"@type":"Person","@id":"https:\/\/www.zerdab.com\/#\/schema\/person\/97079b7570c1e89ec0d9e138c3672136","name":"admin","image":{"@type":"ImageObject","inLanguage":"az","@id":"https:\/\/www.zerdab.com\/#\/schema\/person\/image\/","url":"https:\/\/secure.gravatar.com\/avatar\/d9c52a9a27c32119cb6679a077fa3e2779e5f822c451cbf01098004361d466ec?s=96&d=mm&r=g","contentUrl":"https:\/\/secure.gravatar.com\/avatar\/d9c52a9a27c32119cb6679a077fa3e2779e5f822c451cbf01098004361d466ec?s=96&d=mm&r=g","caption":"admin"},"url":"https:\/\/www.zerdab.com\/?author=1"}]}},"_links":{"self":[{"href":"https:\/\/www.zerdab.com\/index.php?rest_route=\/wp\/v2\/posts\/27654","targetHints":{"allow":["GET"]}}],"collection":[{"href":"https:\/\/www.zerdab.com\/index.php?rest_route=\/wp\/v2\/posts"}],"about":[{"href":"https:\/\/www.zerdab.com\/index.php?rest_route=\/wp\/v2\/types\/post"}],"author":[{"embeddable":true,"href":"https:\/\/www.zerdab.com\/index.php?rest_route=\/wp\/v2\/users\/1"}],"replies":[{"embeddable":true,"href":"https:\/\/www.zerdab.com\/index.php?rest_route=%2Fwp%2Fv2%2Fcomments&post=27654"}],"version-history":[{"count":1,"href":"https:\/\/www.zerdab.com\/index.php?rest_route=\/wp\/v2\/posts\/27654\/revisions"}],"predecessor-version":[{"id":27659,"href":"https:\/\/www.zerdab.com\/index.php?rest_route=\/wp\/v2\/posts\/27654\/revisions\/27659"}],"wp:attachment":[{"href":"https:\/\/www.zerdab.com\/index.php?rest_route=%2Fwp%2Fv2%2Fmedia&parent=27654"}],"wp:term":[{"taxonomy":"category","embeddable":true,"href":"https:\/\/www.zerdab.com\/index.php?rest_route=%2Fwp%2Fv2%2Fcategories&post=27654"},{"taxonomy":"post_tag","embeddable":true,"href":"https:\/\/www.zerdab.com\/index.php?rest_route=%2Fwp%2Fv2%2Ftags&post=27654"}],"curies":[{"name":"wp","href":"https:\/\/api.w.org\/{rel}","templated":true}]}}