{"id":27660,"date":"2019-12-14T09:22:54","date_gmt":"2019-12-14T05:22:54","guid":{"rendered":"http:\/\/www.zerdab.com\/?p=27660"},"modified":"2019-12-14T09:22:55","modified_gmt":"2019-12-14T05:22:55","slug":"g%c9%99l%c9%99n-ild%c9%99n-ali-m%c9%99kt%c9%99bl%c9%99r%c9%99-q%c9%99bul-qaydasi-d%c9%99yisir-hansi-yenilikl%c9%99r-olacaq","status":"publish","type":"post","link":"https:\/\/www.zerdab.com\/?p=27660","title":{"rendered":"G\u0259l\u0259n ild\u0259n ali m\u0259kt\u0259bl\u0259r\u0259 q\u0259bul qaydas\u0131 d\u0259yi\u015fir: hans\u0131 yenilikl\u0259r olacaq?"},"content":{"rendered":"\n<p><strong>X\u0259b\u0259r verdiyimiz kimi, t\u0259hsil naziri Ceyhun Bayramov bildirib ki, 2020-2021-ci t\u0259dris ilind\u0259n etibar\u0259n art\u0131q ali t\u0259hsil m\u00fc\u0259ssis\u0259l\u0259rin\u0259 q\u0259bul yeni t\u0259snifat \u0259sas\u0131nda apar\u0131lacaq:<\/strong><\/p>\n\n\n\n<p>\u201cM\u00fcasir d\u00fcnyada pe\u015f\u0259l\u0259r v\u0259 ixtisaslar \u00e7ox s\u00fcr\u0259tl\u0259 d\u0259yi\u015fir. Bunu n\u0259z\u0259r\u0259 alaraq, m\u00fc\u0259yy\u0259n vaxtdan bir ixtisaslar\u0131n t\u0259snifat\u0131na yenid\u0259n bax\u0131l\u0131r, yeni ixtisaslar t\u0259sdiq edilir. 2019-cu ilin fevral ay\u0131nda Nazirl\u0259r Kabineti ali t\u0259hsilin bakalavriat v\u0259 magistratura s\u0259viyy\u0259l\u0259ri \u00fczr\u0259 yeni ixtisas t\u0259snifat\u0131 t\u0259sdiq edib. Haz\u0131rda ali t\u0259hsil m\u00fc\u0259ssis\u0259l\u0259ri t\u0259dris proqramlar\u0131n\u0131 yenil\u0259yir\u201d.<\/p>\n\n\n\n<p>T\u0259hsil eksperti&nbsp;Kamran \u018fs\u0259dov&nbsp;bildirib ki, ali t\u0259hsil m\u00fc\u0259ssis\u0259l\u0259rinin t\u0259dris proqram\u0131n\u0131 yenil\u0259m\u0259si m\u00fcsb\u0259t add\u0131md\u0131r:<\/p>\n\n\n\n<p>\u201cG\u0259l\u0259c\u0259kd\u0259 \u00f6lk\u0259d\u0259 hans\u0131sa ixtisaslar\u0131n, s\u0259n\u0259tl\u0259rin s\u0131radan \u00e7\u0131xmas\u0131 v\u0259 yenil\u0259rinin yaranmas\u0131 prosesi s\u00fcr\u0259tl\u0259 getm\u0259y\u0259 ba\u015flayacaq. Bu prosesi izl\u0259y\u0259n biri kimi deyim ki, 50 il bundan qabaq ali t\u0259hsil almaq, y\u0259ni 5 il oxumaq 25-35 il ondan istifad\u0259 etm\u0259y\u0259 b\u0259s edirdi. \u0130ndi is\u0259 \u00f6z ixtisas\u0131m\u0131z\u0131 \u0259n az\u0131 4-5 d\u0259f\u0259 d\u0259yi\u015fm\u0259liyik. \u00c7\u00fcnki buna bir ali t\u0259hsil kifay\u0259t etmir. T\u0259hsilin d\u0259 \u0259sas m\u0259qs\u0259di m\u00fc\u0259yy\u0259n d\u0259y\u0259rl\u0259ri g\u0259ncl\u0259r\u0259 \u00f6yr\u0259tm\u0259kdir. D\u0259y\u0259rl\u0259r nec\u0259 olacaqsa, hans\u0131 bilikl\u0259r\u0259 ehtiyac yaranacaqsa, ali m\u0259kt\u0259bl\u0259rd\u0259 o f\u0259nl\u0259ri t\u0259dris ed\u0259c\u0259kl\u0259r\u201d.<\/p>\n\n\n\n<p>K.\u018fs\u0259dov qeyd edib ki, ixtisaslar s\u0131radan \u00e7\u0131xmayacaq, biri dig\u0259rinin i\u00e7\u0259risind\u0259 \u0259riy\u0259c\u0259k:<\/p>\n\n\n\n<p>\u201cM\u0259s\u0259l\u0259n, Fizika v\u0259 kimya fak\u00fclt\u0259si g\u0259l\u0259c\u0259kd\u0259 Fizkimya, Biologiya v\u0259 Fizika il\u0259 birl\u0259\u015f\u0259r\u0259k Biofizika ola bil\u0259r. Bir s\u00f6zl\u0259, f\u0259nl\u0259raras\u0131, sah\u0259l\u0259raras\u0131 oblastlar inki\u015faf etm\u0259lidir. Bir insan \u00f6mr\u00fcnd\u0259 5 d\u0259f\u0259 ixtisas d\u0259yi\u015fm\u0259lidir. Yeni ixtisaslar\u0131 zaman \u00f6z\u00fc dikt\u0259 ed\u0259c\u0259k. Fak\u00fclt\u0259l\u0259rd\u0259 t\u0259dris olunacaq f\u0259nl\u0259r, proqramlar d\u0259yi\u015f\u0259c\u0259k.<\/p>\n\n\n\n<p>Yeni qloballa\u015fman\u0131n g\u0259tirdiyi probleml\u0259r onu g\u00f6st\u0259rir ki, beyni art\u0131q informasiya il\u0259 y\u00fckl\u0259y\u0259n elml\u0259r s\u0131radan \u00e7\u0131xmal\u0131d\u0131r. Bir m\u00f6vzunu \u00f6yr\u0259nm\u0259k \u00fc\u00e7\u00fcn says\u0131z-hesabs\u0131z n\u0259z\u0259riyy\u0259l\u0259ri q\u0259dimd\u0259n indiy\u0259 kimi \u00f6yr\u0259dirl\u0259r. Bunlar insan\u0131n beynini laz\u0131ml\u0131 v\u0259 laz\u0131ms\u0131z informasiyalarla y\u00fckl\u0259yir. T\u0259l\u0259b\u0259l\u0259r el\u0259 kitablar\u0131 oxuyur, \u0259zb\u0259rl\u0259yir ki, imtahan verib can\u0131n\u0131 qurtars\u0131n.<\/p>\n\n\n\n<p>Beyind\u0259 \u0259sas, vacib baza informasiyalar\u0131n\u0131 yerl\u0259\u015fdirm\u0259k laz\u0131md\u0131r. Onsuz da qalan \u015feyl\u0259ri beyin \u00f6z\u00fc axtar\u0131b tapacaq. Yeni d\u00f6vr bunu z\u0259ruri hesab edir. Buna g\u00f6r\u0259 hans\u0131 f\u0259nl\u0259rin s\u0131radan \u00e7\u0131xaca\u011f\u0131n\u0131 bir-bir saym\u0131ram. Faydas\u0131z informasiyalarla beyni dolduran f\u0259nl\u0259r olmayacaq. G\u0259l\u0259c\u0259kd\u0259 okean\u0131, onun d\u0259rinliyini, kosmosu, Yer k\u00fcr\u0259sind\u0259 insan m\u00fchitini, ekoloji m\u0259s\u0259l\u0259l\u0259ri \u00f6yr\u0259n\u0259c\u0259yik. Y\u0259ni, Yer \u00fcz\u00fcn\u00fcn xilas\u0131 v\u0259 t\u0259r\u0259qqisi il\u0259 ba\u011fl\u0131 elml\u0259r daha \u00f6nd\u0259 olacaq\u201d.<\/p>\n\n\n\n<p>Ekspert \u0259lav\u0259 edib ki, b\u00fct\u00fcn bunlar t\u0259l\u0259b\u0259l\u0259rin xeyrin\u0259dir, ona g\u00f6r\u0259 d\u0259 narahatl\u0131q ke\u00e7irm\u0259y\u0259 \u0259sas yoxdur.lent.az<a href=\"http:\/\/bineqedi.info\/\"><strong>B<\/strong><\/a><\/p>\n","protected":false},"excerpt":{"rendered":"<p>X\u0259b\u0259r verdiyimiz kimi, t\u0259hsil naziri Ceyhun Bayramov bildirib ki, 2020-2021-ci t\u0259dris ilind\u0259n etibar\u0259n art\u0131q ali t\u0259hsil m\u00fc\u0259ssis\u0259l\u0259rin\u0259 q\u0259bul yeni t\u0259snifat \u0259sas\u0131nda apar\u0131lacaq: \u201cM\u00fcasir d\u00fcnyada pe\u015f\u0259l\u0259r v\u0259 ixtisaslar \u00e7ox s\u00fcr\u0259tl\u0259 d\u0259yi\u015fir. Bunu n\u0259z\u0259r\u0259 alaraq, m\u00fc\u0259yy\u0259n vaxtdan bir ixtisaslar\u0131n t\u0259snifat\u0131na yenid\u0259n bax\u0131l\u0131r, yeni ixtisaslar t\u0259sdiq edilir. 2019-cu ilin fevral ay\u0131nda Nazirl\u0259r Kabineti ali t\u0259hsilin bakalavriat v\u0259 magistratura [&hellip;]<\/p>\n","protected":false},"author":1,"featured_media":26701,"comment_status":"open","ping_status":"open","sticky":false,"template":"","format":"standard","meta":{"footnotes":""},"categories":[63,5],"tags":[],"class_list":{"0":"post-27660","1":"post","2":"type-post","3":"status-publish","4":"format-standard","5":"has-post-thumbnail","7":"category-manset","8":"category-knd"},"yoast_head":"<!-- This site is optimized with the Yoast SEO plugin v27.0 - https:\/\/yoast.com\/product\/yoast-seo-wordpress\/ -->\n<title>G\u0259l\u0259n ild\u0259n ali m\u0259kt\u0259bl\u0259r\u0259 q\u0259bul qaydas\u0131 d\u0259yi\u015fir: hans\u0131 yenilikl\u0259r olacaq? - Z\u0259rdab.com<\/title>\n<meta name=\"robots\" content=\"index, follow, max-snippet:-1, max-image-preview:large, max-video-preview:-1\" \/>\n<link rel=\"canonical\" href=\"https:\/\/www.zerdab.com\/?p=27660\" \/>\n<meta property=\"og:locale\" content=\"az_AZ\" \/>\n<meta property=\"og:type\" content=\"article\" \/>\n<meta property=\"og:title\" content=\"G\u0259l\u0259n ild\u0259n ali m\u0259kt\u0259bl\u0259r\u0259 q\u0259bul qaydas\u0131 d\u0259yi\u015fir: hans\u0131 yenilikl\u0259r olacaq? - Z\u0259rdab.com\" \/>\n<meta property=\"og:description\" content=\"X\u0259b\u0259r verdiyimiz kimi, t\u0259hsil naziri Ceyhun Bayramov bildirib ki, 2020-2021-ci t\u0259dris ilind\u0259n etibar\u0259n art\u0131q ali t\u0259hsil m\u00fc\u0259ssis\u0259l\u0259rin\u0259 q\u0259bul yeni t\u0259snifat \u0259sas\u0131nda apar\u0131lacaq: \u201cM\u00fcasir d\u00fcnyada pe\u015f\u0259l\u0259r v\u0259 ixtisaslar \u00e7ox s\u00fcr\u0259tl\u0259 d\u0259yi\u015fir. Bunu n\u0259z\u0259r\u0259 alaraq, m\u00fc\u0259yy\u0259n vaxtdan bir ixtisaslar\u0131n t\u0259snifat\u0131na yenid\u0259n bax\u0131l\u0131r, yeni ixtisaslar t\u0259sdiq edilir. 2019-cu ilin fevral ay\u0131nda Nazirl\u0259r Kabineti ali t\u0259hsilin bakalavriat v\u0259 magistratura [&hellip;]\" \/>\n<meta property=\"og:url\" content=\"https:\/\/www.zerdab.com\/?p=27660\" \/>\n<meta property=\"og:site_name\" content=\"Z\u0259rdab.com\" \/>\n<meta property=\"article:published_time\" content=\"2019-12-14T05:22:54+00:00\" \/>\n<meta property=\"article:modified_time\" content=\"2019-12-14T05:22:55+00:00\" \/>\n<meta property=\"og:image\" content=\"https:\/\/www.zerdab.com\/wp-content\/uploads\/2019\/04\/zerdab-rayonu-tehsil-sobesi-buraxilis-imtahani.jpg\" \/>\n\t<meta property=\"og:image:width\" content=\"960\" \/>\n\t<meta property=\"og:image:height\" content=\"638\" \/>\n\t<meta property=\"og:image:type\" content=\"image\/jpeg\" \/>\n<meta name=\"author\" content=\"admin\" \/>\n<meta name=\"twitter:card\" content=\"summary_large_image\" \/>\n<meta name=\"twitter:label1\" content=\"Written by\" \/>\n\t<meta name=\"twitter:data1\" content=\"admin\" \/>\n\t<meta name=\"twitter:label2\" content=\"Est. reading time\" \/>\n\t<meta name=\"twitter:data2\" content=\"3 minutes\" \/>\n<script type=\"application\/ld+json\" class=\"yoast-schema-graph\">{\"@context\":\"https:\/\/schema.org\",\"@graph\":[{\"@type\":\"Article\",\"@id\":\"https:\/\/www.zerdab.com\/?p=27660#article\",\"isPartOf\":{\"@id\":\"https:\/\/www.zerdab.com\/?p=27660\"},\"author\":{\"name\":\"admin\",\"@id\":\"https:\/\/www.zerdab.com\/#\/schema\/person\/97079b7570c1e89ec0d9e138c3672136\"},\"headline\":\"G\u0259l\u0259n ild\u0259n ali m\u0259kt\u0259bl\u0259r\u0259 q\u0259bul qaydas\u0131 d\u0259yi\u015fir: hans\u0131 yenilikl\u0259r olacaq?\",\"datePublished\":\"2019-12-14T05:22:54+00:00\",\"dateModified\":\"2019-12-14T05:22:55+00:00\",\"mainEntityOfPage\":{\"@id\":\"https:\/\/www.zerdab.com\/?p=27660\"},\"wordCount\":601,\"commentCount\":0,\"image\":{\"@id\":\"https:\/\/www.zerdab.com\/?p=27660#primaryimage\"},\"thumbnailUrl\":\"https:\/\/www.zerdab.com\/wp-content\/uploads\/2019\/04\/zerdab-rayonu-tehsil-sobesi-buraxilis-imtahani.jpg\",\"articleSection\":[\"MAN\u015eET\",\"X\u018fB\u018fRL\u018fR\"],\"inLanguage\":\"az\",\"potentialAction\":[{\"@type\":\"CommentAction\",\"name\":\"Comment\",\"target\":[\"https:\/\/www.zerdab.com\/?p=27660#respond\"]}]},{\"@type\":\"WebPage\",\"@id\":\"https:\/\/www.zerdab.com\/?p=27660\",\"url\":\"https:\/\/www.zerdab.com\/?p=27660\",\"name\":\"G\u0259l\u0259n ild\u0259n ali m\u0259kt\u0259bl\u0259r\u0259 q\u0259bul qaydas\u0131 d\u0259yi\u015fir: hans\u0131 yenilikl\u0259r olacaq? - Z\u0259rdab.com\",\"isPartOf\":{\"@id\":\"https:\/\/www.zerdab.com\/#website\"},\"primaryImageOfPage\":{\"@id\":\"https:\/\/www.zerdab.com\/?p=27660#primaryimage\"},\"image\":{\"@id\":\"https:\/\/www.zerdab.com\/?p=27660#primaryimage\"},\"thumbnailUrl\":\"https:\/\/www.zerdab.com\/wp-content\/uploads\/2019\/04\/zerdab-rayonu-tehsil-sobesi-buraxilis-imtahani.jpg\",\"datePublished\":\"2019-12-14T05:22:54+00:00\",\"dateModified\":\"2019-12-14T05:22:55+00:00\",\"author\":{\"@id\":\"https:\/\/www.zerdab.com\/#\/schema\/person\/97079b7570c1e89ec0d9e138c3672136\"},\"breadcrumb\":{\"@id\":\"https:\/\/www.zerdab.com\/?p=27660#breadcrumb\"},\"inLanguage\":\"az\",\"potentialAction\":[{\"@type\":\"ReadAction\",\"target\":[\"https:\/\/www.zerdab.com\/?p=27660\"]}]},{\"@type\":\"ImageObject\",\"inLanguage\":\"az\",\"@id\":\"https:\/\/www.zerdab.com\/?p=27660#primaryimage\",\"url\":\"https:\/\/www.zerdab.com\/wp-content\/uploads\/2019\/04\/zerdab-rayonu-tehsil-sobesi-buraxilis-imtahani.jpg\",\"contentUrl\":\"https:\/\/www.zerdab.com\/wp-content\/uploads\/2019\/04\/zerdab-rayonu-tehsil-sobesi-buraxilis-imtahani.jpg\",\"width\":960,\"height\":638,\"caption\":\"zerdab-rayonu-tehsil-sobesi-buraxilis-imtahani\"},{\"@type\":\"BreadcrumbList\",\"@id\":\"https:\/\/www.zerdab.com\/?p=27660#breadcrumb\",\"itemListElement\":[{\"@type\":\"ListItem\",\"position\":1,\"name\":\"Home\",\"item\":\"https:\/\/www.zerdab.com\/\"},{\"@type\":\"ListItem\",\"position\":2,\"name\":\"G\u0259l\u0259n ild\u0259n ali m\u0259kt\u0259bl\u0259r\u0259 q\u0259bul qaydas\u0131 d\u0259yi\u015fir: hans\u0131 yenilikl\u0259r olacaq?\"}]},{\"@type\":\"WebSite\",\"@id\":\"https:\/\/www.zerdab.com\/#website\",\"url\":\"https:\/\/www.zerdab.com\/\",\"name\":\"Z\u0259rdab.com\",\"description\":\"\",\"potentialAction\":[{\"@type\":\"SearchAction\",\"target\":{\"@type\":\"EntryPoint\",\"urlTemplate\":\"https:\/\/www.zerdab.com\/?s={search_term_string}\"},\"query-input\":{\"@type\":\"PropertyValueSpecification\",\"valueRequired\":true,\"valueName\":\"search_term_string\"}}],\"inLanguage\":\"az\"},{\"@type\":\"Person\",\"@id\":\"https:\/\/www.zerdab.com\/#\/schema\/person\/97079b7570c1e89ec0d9e138c3672136\",\"name\":\"admin\",\"image\":{\"@type\":\"ImageObject\",\"inLanguage\":\"az\",\"@id\":\"https:\/\/www.zerdab.com\/#\/schema\/person\/image\/\",\"url\":\"https:\/\/secure.gravatar.com\/avatar\/d9c52a9a27c32119cb6679a077fa3e2779e5f822c451cbf01098004361d466ec?s=96&d=mm&r=g\",\"contentUrl\":\"https:\/\/secure.gravatar.com\/avatar\/d9c52a9a27c32119cb6679a077fa3e2779e5f822c451cbf01098004361d466ec?s=96&d=mm&r=g\",\"caption\":\"admin\"},\"url\":\"https:\/\/www.zerdab.com\/?author=1\"}]}<\/script>\n<!-- \/ Yoast SEO plugin. -->","yoast_head_json":{"title":"G\u0259l\u0259n ild\u0259n ali m\u0259kt\u0259bl\u0259r\u0259 q\u0259bul qaydas\u0131 d\u0259yi\u015fir: hans\u0131 yenilikl\u0259r olacaq? - Z\u0259rdab.com","robots":{"index":"index","follow":"follow","max-snippet":"max-snippet:-1","max-image-preview":"max-image-preview:large","max-video-preview":"max-video-preview:-1"},"canonical":"https:\/\/www.zerdab.com\/?p=27660","og_locale":"az_AZ","og_type":"article","og_title":"G\u0259l\u0259n ild\u0259n ali m\u0259kt\u0259bl\u0259r\u0259 q\u0259bul qaydas\u0131 d\u0259yi\u015fir: hans\u0131 yenilikl\u0259r olacaq? - Z\u0259rdab.com","og_description":"X\u0259b\u0259r verdiyimiz kimi, t\u0259hsil naziri Ceyhun Bayramov bildirib ki, 2020-2021-ci t\u0259dris ilind\u0259n etibar\u0259n art\u0131q ali t\u0259hsil m\u00fc\u0259ssis\u0259l\u0259rin\u0259 q\u0259bul yeni t\u0259snifat \u0259sas\u0131nda apar\u0131lacaq: \u201cM\u00fcasir d\u00fcnyada pe\u015f\u0259l\u0259r v\u0259 ixtisaslar \u00e7ox s\u00fcr\u0259tl\u0259 d\u0259yi\u015fir. Bunu n\u0259z\u0259r\u0259 alaraq, m\u00fc\u0259yy\u0259n vaxtdan bir ixtisaslar\u0131n t\u0259snifat\u0131na yenid\u0259n bax\u0131l\u0131r, yeni ixtisaslar t\u0259sdiq edilir. 2019-cu ilin fevral ay\u0131nda Nazirl\u0259r Kabineti ali t\u0259hsilin bakalavriat v\u0259 magistratura [&hellip;]","og_url":"https:\/\/www.zerdab.com\/?p=27660","og_site_name":"Z\u0259rdab.com","article_published_time":"2019-12-14T05:22:54+00:00","article_modified_time":"2019-12-14T05:22:55+00:00","og_image":[{"width":960,"height":638,"url":"https:\/\/www.zerdab.com\/wp-content\/uploads\/2019\/04\/zerdab-rayonu-tehsil-sobesi-buraxilis-imtahani.jpg","type":"image\/jpeg"}],"author":"admin","twitter_card":"summary_large_image","twitter_misc":{"Written by":"admin","Est. reading time":"3 minutes"},"schema":{"@context":"https:\/\/schema.org","@graph":[{"@type":"Article","@id":"https:\/\/www.zerdab.com\/?p=27660#article","isPartOf":{"@id":"https:\/\/www.zerdab.com\/?p=27660"},"author":{"name":"admin","@id":"https:\/\/www.zerdab.com\/#\/schema\/person\/97079b7570c1e89ec0d9e138c3672136"},"headline":"G\u0259l\u0259n ild\u0259n ali m\u0259kt\u0259bl\u0259r\u0259 q\u0259bul qaydas\u0131 d\u0259yi\u015fir: hans\u0131 yenilikl\u0259r olacaq?","datePublished":"2019-12-14T05:22:54+00:00","dateModified":"2019-12-14T05:22:55+00:00","mainEntityOfPage":{"@id":"https:\/\/www.zerdab.com\/?p=27660"},"wordCount":601,"commentCount":0,"image":{"@id":"https:\/\/www.zerdab.com\/?p=27660#primaryimage"},"thumbnailUrl":"https:\/\/www.zerdab.com\/wp-content\/uploads\/2019\/04\/zerdab-rayonu-tehsil-sobesi-buraxilis-imtahani.jpg","articleSection":["MAN\u015eET","X\u018fB\u018fRL\u018fR"],"inLanguage":"az","potentialAction":[{"@type":"CommentAction","name":"Comment","target":["https:\/\/www.zerdab.com\/?p=27660#respond"]}]},{"@type":"WebPage","@id":"https:\/\/www.zerdab.com\/?p=27660","url":"https:\/\/www.zerdab.com\/?p=27660","name":"G\u0259l\u0259n ild\u0259n ali m\u0259kt\u0259bl\u0259r\u0259 q\u0259bul qaydas\u0131 d\u0259yi\u015fir: hans\u0131 yenilikl\u0259r olacaq? - Z\u0259rdab.com","isPartOf":{"@id":"https:\/\/www.zerdab.com\/#website"},"primaryImageOfPage":{"@id":"https:\/\/www.zerdab.com\/?p=27660#primaryimage"},"image":{"@id":"https:\/\/www.zerdab.com\/?p=27660#primaryimage"},"thumbnailUrl":"https:\/\/www.zerdab.com\/wp-content\/uploads\/2019\/04\/zerdab-rayonu-tehsil-sobesi-buraxilis-imtahani.jpg","datePublished":"2019-12-14T05:22:54+00:00","dateModified":"2019-12-14T05:22:55+00:00","author":{"@id":"https:\/\/www.zerdab.com\/#\/schema\/person\/97079b7570c1e89ec0d9e138c3672136"},"breadcrumb":{"@id":"https:\/\/www.zerdab.com\/?p=27660#breadcrumb"},"inLanguage":"az","potentialAction":[{"@type":"ReadAction","target":["https:\/\/www.zerdab.com\/?p=27660"]}]},{"@type":"ImageObject","inLanguage":"az","@id":"https:\/\/www.zerdab.com\/?p=27660#primaryimage","url":"https:\/\/www.zerdab.com\/wp-content\/uploads\/2019\/04\/zerdab-rayonu-tehsil-sobesi-buraxilis-imtahani.jpg","contentUrl":"https:\/\/www.zerdab.com\/wp-content\/uploads\/2019\/04\/zerdab-rayonu-tehsil-sobesi-buraxilis-imtahani.jpg","width":960,"height":638,"caption":"zerdab-rayonu-tehsil-sobesi-buraxilis-imtahani"},{"@type":"BreadcrumbList","@id":"https:\/\/www.zerdab.com\/?p=27660#breadcrumb","itemListElement":[{"@type":"ListItem","position":1,"name":"Home","item":"https:\/\/www.zerdab.com\/"},{"@type":"ListItem","position":2,"name":"G\u0259l\u0259n ild\u0259n ali m\u0259kt\u0259bl\u0259r\u0259 q\u0259bul qaydas\u0131 d\u0259yi\u015fir: hans\u0131 yenilikl\u0259r olacaq?"}]},{"@type":"WebSite","@id":"https:\/\/www.zerdab.com\/#website","url":"https:\/\/www.zerdab.com\/","name":"Z\u0259rdab.com","description":"","potentialAction":[{"@type":"SearchAction","target":{"@type":"EntryPoint","urlTemplate":"https:\/\/www.zerdab.com\/?s={search_term_string}"},"query-input":{"@type":"PropertyValueSpecification","valueRequired":true,"valueName":"search_term_string"}}],"inLanguage":"az"},{"@type":"Person","@id":"https:\/\/www.zerdab.com\/#\/schema\/person\/97079b7570c1e89ec0d9e138c3672136","name":"admin","image":{"@type":"ImageObject","inLanguage":"az","@id":"https:\/\/www.zerdab.com\/#\/schema\/person\/image\/","url":"https:\/\/secure.gravatar.com\/avatar\/d9c52a9a27c32119cb6679a077fa3e2779e5f822c451cbf01098004361d466ec?s=96&d=mm&r=g","contentUrl":"https:\/\/secure.gravatar.com\/avatar\/d9c52a9a27c32119cb6679a077fa3e2779e5f822c451cbf01098004361d466ec?s=96&d=mm&r=g","caption":"admin"},"url":"https:\/\/www.zerdab.com\/?author=1"}]}},"_links":{"self":[{"href":"https:\/\/www.zerdab.com\/index.php?rest_route=\/wp\/v2\/posts\/27660","targetHints":{"allow":["GET"]}}],"collection":[{"href":"https:\/\/www.zerdab.com\/index.php?rest_route=\/wp\/v2\/posts"}],"about":[{"href":"https:\/\/www.zerdab.com\/index.php?rest_route=\/wp\/v2\/types\/post"}],"author":[{"embeddable":true,"href":"https:\/\/www.zerdab.com\/index.php?rest_route=\/wp\/v2\/users\/1"}],"replies":[{"embeddable":true,"href":"https:\/\/www.zerdab.com\/index.php?rest_route=%2Fwp%2Fv2%2Fcomments&post=27660"}],"version-history":[{"count":1,"href":"https:\/\/www.zerdab.com\/index.php?rest_route=\/wp\/v2\/posts\/27660\/revisions"}],"predecessor-version":[{"id":27661,"href":"https:\/\/www.zerdab.com\/index.php?rest_route=\/wp\/v2\/posts\/27660\/revisions\/27661"}],"wp:featuredmedia":[{"embeddable":true,"href":"https:\/\/www.zerdab.com\/index.php?rest_route=\/wp\/v2\/media\/26701"}],"wp:attachment":[{"href":"https:\/\/www.zerdab.com\/index.php?rest_route=%2Fwp%2Fv2%2Fmedia&parent=27660"}],"wp:term":[{"taxonomy":"category","embeddable":true,"href":"https:\/\/www.zerdab.com\/index.php?rest_route=%2Fwp%2Fv2%2Fcategories&post=27660"},{"taxonomy":"post_tag","embeddable":true,"href":"https:\/\/www.zerdab.com\/index.php?rest_route=%2Fwp%2Fv2%2Ftags&post=27660"}],"curies":[{"name":"wp","href":"https:\/\/api.w.org\/{rel}","templated":true}]}}