{"id":27668,"date":"2019-12-16T23:04:10","date_gmt":"2019-12-16T19:04:10","guid":{"rendered":"http:\/\/www.zerdab.com\/?p=27668"},"modified":"2019-12-16T23:04:12","modified_gmt":"2019-12-16T19:04:12","slug":"bu-s%c9%99xs-ozunu-z%c9%99rdabda-polis-kimi-t%c9%99qdim-edirmis","status":"publish","type":"post","link":"https:\/\/www.zerdab.com\/?p=27668","title":{"rendered":"Bu \u015f\u0259xs \u00f6z\u00fcn\u00fc Z\u0259rdabda polis kimi t\u0259qdim edirmi\u015f?"},"content":{"rendered":"\n<p><strong>\u00d6z\u00fcn\u00fc polis \u0259m\u0259kda\u015f\u0131 kimi t\u0259qdim ed\u0259r\u0259k d\u0259l\u0259duzluq ed\u0259n \u015f\u0259xs saxlan\u0131l\u0131b.<\/strong><\/p>\n\n\n\n<p><strong>Zerdab.com<\/strong> x\u0259b\u0259r verir ki, Daxili \u0130\u015fl\u0259r Nazirliyi (D\u0130N) m\u0259tbuat xidm\u0259tinin B\u0259rd\u0259 regional qrupunun veril\u0259n m\u0259lumata g\u00f6r\u0259, Yevlax Rayon Polis \u015e\u00f6b\u0259si \u0259m\u0259kda\u015flar\u0131n\u0131n ke\u00e7irdikl\u0259ri \u0259m\u0259liyyat t\u0259dbiri n\u0259tic\u0259sind\u0259 v\u0259t\u0259nda\u015flar\u0131n etibar\u0131ndan sui-istifad\u0259 ed\u0259r\u0259k onlara qar\u015f\u0131 d\u0259l\u0259duzluq etm\u0259kd\u0259 \u015f\u00fcbh\u0259li bilin\u0259n Ming\u0259\u00e7evir \u015f\u0259h\u0259r sakini Vasif Haqverdiyev saxlan\u0131l\u0131b.<\/p>\n\n\n\n<p>Ara\u015fd\u0131rmalar zaman\u0131 V. Haqverdiyevin \u00f6z\u00fcn\u00fc polis \u0259m\u0259kda\u015f\u0131 kimi t\u0259qdim ed\u0259r\u0259k Yevlax rayon sakini olan qad\u0131ndan \u00fczl\u0259\u015fdiyi bir problemi h\u0259ll ed\u0259c\u0259yi v\u0259di il\u0259 ayr\u0131-ayr\u0131 vaxtlarda 750 manat d\u0259y\u0259rind\u0259 q\u0131z\u0131l boyunba\u011f\u0131 v\u0259 \u0259lav\u0259 olaraq 200 manat n\u0259\u011fd pul alaraq aldatmas\u0131 m\u00fc\u0259yy\u0259n edilib.<\/p>\n\n\n\n<p>H\u0259m\u00e7inin onun m\u00fcxt\u0259lif vaxtlarda Z\u0259rdab rayonu \u0259razisind\u0259 d\u0259 analoji cinay\u0259t t\u00f6r\u0259tdiyi istisna edilmir. D\u0130N h\u0259min \u015f\u0259xsin \u0259m\u0259ll\u0259rind\u0259n z\u0259r\u0259r\u00e7\u0259k\u0259n ba\u015fqa v\u0259t\u0259nda\u015flar\u0131n \u201c102\u201d Z\u0259ng M\u0259rk\u0259zin\u0259, h\u0259m\u00e7inin Yevlax RP\u015e-y\u0259 v\u0259 ya \u015f\u0259h\u0259r telefonlar\u0131ndan (02233) 6-45-02 n\u00f6mr\u0259si il\u0259 \u0259laq\u0259 saxlayaraq m\u0259lumat verm\u0259l\u0259rini xahi\u015f edib.<\/p>\n","protected":false},"excerpt":{"rendered":"<p>\u00d6z\u00fcn\u00fc polis \u0259m\u0259kda\u015f\u0131 kimi t\u0259qdim ed\u0259r\u0259k d\u0259l\u0259duzluq ed\u0259n \u015f\u0259xs saxlan\u0131l\u0131b. Zerdab.com x\u0259b\u0259r verir ki, Daxili \u0130\u015fl\u0259r Nazirliyi (D\u0130N) m\u0259tbuat xidm\u0259tinin B\u0259rd\u0259 regional qrupunun veril\u0259n m\u0259lumata g\u00f6r\u0259, Yevlax Rayon Polis \u015e\u00f6b\u0259si \u0259m\u0259kda\u015flar\u0131n\u0131n ke\u00e7irdikl\u0259ri \u0259m\u0259liyyat t\u0259dbiri n\u0259tic\u0259sind\u0259 v\u0259t\u0259nda\u015flar\u0131n etibar\u0131ndan sui-istifad\u0259 ed\u0259r\u0259k onlara qar\u015f\u0131 d\u0259l\u0259duzluq etm\u0259kd\u0259 \u015f\u00fcbh\u0259li bilin\u0259n Ming\u0259\u00e7evir \u015f\u0259h\u0259r sakini Vasif Haqverdiyev saxlan\u0131l\u0131b. Ara\u015fd\u0131rmalar zaman\u0131 V. Haqverdiyevin [&hellip;]<\/p>\n","protected":false},"author":1,"featured_media":0,"comment_status":"open","ping_status":"open","sticky":false,"template":"","format":"standard","meta":{"footnotes":""},"categories":[46,63],"tags":[],"class_list":{"0":"post-27668","1":"post","2":"type-post","3":"status-publish","4":"format-standard","6":"category-hadis","7":"category-manset"},"yoast_head":"<!-- This site is optimized with the Yoast SEO plugin v27.0 - https:\/\/yoast.com\/product\/yoast-seo-wordpress\/ -->\n<title>Bu \u015f\u0259xs \u00f6z\u00fcn\u00fc Z\u0259rdabda polis kimi t\u0259qdim edirmi\u015f? - Z\u0259rdab.com<\/title>\n<meta name=\"robots\" content=\"index, follow, max-snippet:-1, max-image-preview:large, max-video-preview:-1\" \/>\n<link rel=\"canonical\" href=\"https:\/\/www.zerdab.com\/?p=27668\" \/>\n<meta property=\"og:locale\" content=\"az_AZ\" \/>\n<meta property=\"og:type\" content=\"article\" \/>\n<meta property=\"og:title\" content=\"Bu \u015f\u0259xs \u00f6z\u00fcn\u00fc Z\u0259rdabda polis kimi t\u0259qdim edirmi\u015f? - Z\u0259rdab.com\" \/>\n<meta property=\"og:description\" content=\"\u00d6z\u00fcn\u00fc polis \u0259m\u0259kda\u015f\u0131 kimi t\u0259qdim ed\u0259r\u0259k d\u0259l\u0259duzluq ed\u0259n \u015f\u0259xs saxlan\u0131l\u0131b. Zerdab.com x\u0259b\u0259r verir ki, Daxili \u0130\u015fl\u0259r Nazirliyi (D\u0130N) m\u0259tbuat xidm\u0259tinin B\u0259rd\u0259 regional qrupunun veril\u0259n m\u0259lumata g\u00f6r\u0259, Yevlax Rayon Polis \u015e\u00f6b\u0259si \u0259m\u0259kda\u015flar\u0131n\u0131n ke\u00e7irdikl\u0259ri \u0259m\u0259liyyat t\u0259dbiri n\u0259tic\u0259sind\u0259 v\u0259t\u0259nda\u015flar\u0131n etibar\u0131ndan sui-istifad\u0259 ed\u0259r\u0259k onlara qar\u015f\u0131 d\u0259l\u0259duzluq etm\u0259kd\u0259 \u015f\u00fcbh\u0259li bilin\u0259n Ming\u0259\u00e7evir \u015f\u0259h\u0259r sakini Vasif Haqverdiyev saxlan\u0131l\u0131b. Ara\u015fd\u0131rmalar zaman\u0131 V. Haqverdiyevin [&hellip;]\" \/>\n<meta property=\"og:url\" content=\"https:\/\/www.zerdab.com\/?p=27668\" \/>\n<meta property=\"og:site_name\" content=\"Z\u0259rdab.com\" \/>\n<meta property=\"article:published_time\" content=\"2019-12-16T19:04:10+00:00\" \/>\n<meta property=\"article:modified_time\" content=\"2019-12-16T19:04:12+00:00\" \/>\n<meta name=\"author\" content=\"admin\" \/>\n<meta name=\"twitter:card\" content=\"summary_large_image\" \/>\n<meta name=\"twitter:label1\" content=\"Written by\" \/>\n\t<meta name=\"twitter:data1\" content=\"admin\" \/>\n\t<meta name=\"twitter:label2\" content=\"Est. reading time\" \/>\n\t<meta name=\"twitter:data2\" content=\"1 minute\" \/>\n<script type=\"application\/ld+json\" class=\"yoast-schema-graph\">{\"@context\":\"https:\/\/schema.org\",\"@graph\":[{\"@type\":\"Article\",\"@id\":\"https:\/\/www.zerdab.com\/?p=27668#article\",\"isPartOf\":{\"@id\":\"https:\/\/www.zerdab.com\/?p=27668\"},\"author\":{\"name\":\"admin\",\"@id\":\"https:\/\/www.zerdab.com\/#\/schema\/person\/97079b7570c1e89ec0d9e138c3672136\"},\"headline\":\"Bu \u015f\u0259xs \u00f6z\u00fcn\u00fc Z\u0259rdabda polis kimi t\u0259qdim edirmi\u015f?\",\"datePublished\":\"2019-12-16T19:04:10+00:00\",\"dateModified\":\"2019-12-16T19:04:12+00:00\",\"mainEntityOfPage\":{\"@id\":\"https:\/\/www.zerdab.com\/?p=27668\"},\"wordCount\":243,\"commentCount\":0,\"articleSection\":[\"HAD\u0130S\u018f\",\"MAN\u015eET\"],\"inLanguage\":\"az\",\"potentialAction\":[{\"@type\":\"CommentAction\",\"name\":\"Comment\",\"target\":[\"https:\/\/www.zerdab.com\/?p=27668#respond\"]}]},{\"@type\":\"WebPage\",\"@id\":\"https:\/\/www.zerdab.com\/?p=27668\",\"url\":\"https:\/\/www.zerdab.com\/?p=27668\",\"name\":\"Bu \u015f\u0259xs \u00f6z\u00fcn\u00fc Z\u0259rdabda polis kimi t\u0259qdim edirmi\u015f? - Z\u0259rdab.com\",\"isPartOf\":{\"@id\":\"https:\/\/www.zerdab.com\/#website\"},\"datePublished\":\"2019-12-16T19:04:10+00:00\",\"dateModified\":\"2019-12-16T19:04:12+00:00\",\"author\":{\"@id\":\"https:\/\/www.zerdab.com\/#\/schema\/person\/97079b7570c1e89ec0d9e138c3672136\"},\"breadcrumb\":{\"@id\":\"https:\/\/www.zerdab.com\/?p=27668#breadcrumb\"},\"inLanguage\":\"az\",\"potentialAction\":[{\"@type\":\"ReadAction\",\"target\":[\"https:\/\/www.zerdab.com\/?p=27668\"]}]},{\"@type\":\"BreadcrumbList\",\"@id\":\"https:\/\/www.zerdab.com\/?p=27668#breadcrumb\",\"itemListElement\":[{\"@type\":\"ListItem\",\"position\":1,\"name\":\"Home\",\"item\":\"https:\/\/www.zerdab.com\/\"},{\"@type\":\"ListItem\",\"position\":2,\"name\":\"Bu \u015f\u0259xs \u00f6z\u00fcn\u00fc Z\u0259rdabda polis kimi t\u0259qdim edirmi\u015f?\"}]},{\"@type\":\"WebSite\",\"@id\":\"https:\/\/www.zerdab.com\/#website\",\"url\":\"https:\/\/www.zerdab.com\/\",\"name\":\"Z\u0259rdab.com\",\"description\":\"\",\"potentialAction\":[{\"@type\":\"SearchAction\",\"target\":{\"@type\":\"EntryPoint\",\"urlTemplate\":\"https:\/\/www.zerdab.com\/?s={search_term_string}\"},\"query-input\":{\"@type\":\"PropertyValueSpecification\",\"valueRequired\":true,\"valueName\":\"search_term_string\"}}],\"inLanguage\":\"az\"},{\"@type\":\"Person\",\"@id\":\"https:\/\/www.zerdab.com\/#\/schema\/person\/97079b7570c1e89ec0d9e138c3672136\",\"name\":\"admin\",\"image\":{\"@type\":\"ImageObject\",\"inLanguage\":\"az\",\"@id\":\"https:\/\/www.zerdab.com\/#\/schema\/person\/image\/\",\"url\":\"https:\/\/secure.gravatar.com\/avatar\/d9c52a9a27c32119cb6679a077fa3e2779e5f822c451cbf01098004361d466ec?s=96&d=mm&r=g\",\"contentUrl\":\"https:\/\/secure.gravatar.com\/avatar\/d9c52a9a27c32119cb6679a077fa3e2779e5f822c451cbf01098004361d466ec?s=96&d=mm&r=g\",\"caption\":\"admin\"},\"url\":\"https:\/\/www.zerdab.com\/?author=1\"}]}<\/script>\n<!-- \/ Yoast SEO plugin. -->","yoast_head_json":{"title":"Bu \u015f\u0259xs \u00f6z\u00fcn\u00fc Z\u0259rdabda polis kimi t\u0259qdim edirmi\u015f? - Z\u0259rdab.com","robots":{"index":"index","follow":"follow","max-snippet":"max-snippet:-1","max-image-preview":"max-image-preview:large","max-video-preview":"max-video-preview:-1"},"canonical":"https:\/\/www.zerdab.com\/?p=27668","og_locale":"az_AZ","og_type":"article","og_title":"Bu \u015f\u0259xs \u00f6z\u00fcn\u00fc Z\u0259rdabda polis kimi t\u0259qdim edirmi\u015f? - Z\u0259rdab.com","og_description":"\u00d6z\u00fcn\u00fc polis \u0259m\u0259kda\u015f\u0131 kimi t\u0259qdim ed\u0259r\u0259k d\u0259l\u0259duzluq ed\u0259n \u015f\u0259xs saxlan\u0131l\u0131b. Zerdab.com x\u0259b\u0259r verir ki, Daxili \u0130\u015fl\u0259r Nazirliyi (D\u0130N) m\u0259tbuat xidm\u0259tinin B\u0259rd\u0259 regional qrupunun veril\u0259n m\u0259lumata g\u00f6r\u0259, Yevlax Rayon Polis \u015e\u00f6b\u0259si \u0259m\u0259kda\u015flar\u0131n\u0131n ke\u00e7irdikl\u0259ri \u0259m\u0259liyyat t\u0259dbiri n\u0259tic\u0259sind\u0259 v\u0259t\u0259nda\u015flar\u0131n etibar\u0131ndan sui-istifad\u0259 ed\u0259r\u0259k onlara qar\u015f\u0131 d\u0259l\u0259duzluq etm\u0259kd\u0259 \u015f\u00fcbh\u0259li bilin\u0259n Ming\u0259\u00e7evir \u015f\u0259h\u0259r sakini Vasif Haqverdiyev saxlan\u0131l\u0131b. Ara\u015fd\u0131rmalar zaman\u0131 V. Haqverdiyevin [&hellip;]","og_url":"https:\/\/www.zerdab.com\/?p=27668","og_site_name":"Z\u0259rdab.com","article_published_time":"2019-12-16T19:04:10+00:00","article_modified_time":"2019-12-16T19:04:12+00:00","author":"admin","twitter_card":"summary_large_image","twitter_misc":{"Written by":"admin","Est. reading time":"1 minute"},"schema":{"@context":"https:\/\/schema.org","@graph":[{"@type":"Article","@id":"https:\/\/www.zerdab.com\/?p=27668#article","isPartOf":{"@id":"https:\/\/www.zerdab.com\/?p=27668"},"author":{"name":"admin","@id":"https:\/\/www.zerdab.com\/#\/schema\/person\/97079b7570c1e89ec0d9e138c3672136"},"headline":"Bu \u015f\u0259xs \u00f6z\u00fcn\u00fc Z\u0259rdabda polis kimi t\u0259qdim edirmi\u015f?","datePublished":"2019-12-16T19:04:10+00:00","dateModified":"2019-12-16T19:04:12+00:00","mainEntityOfPage":{"@id":"https:\/\/www.zerdab.com\/?p=27668"},"wordCount":243,"commentCount":0,"articleSection":["HAD\u0130S\u018f","MAN\u015eET"],"inLanguage":"az","potentialAction":[{"@type":"CommentAction","name":"Comment","target":["https:\/\/www.zerdab.com\/?p=27668#respond"]}]},{"@type":"WebPage","@id":"https:\/\/www.zerdab.com\/?p=27668","url":"https:\/\/www.zerdab.com\/?p=27668","name":"Bu \u015f\u0259xs \u00f6z\u00fcn\u00fc Z\u0259rdabda polis kimi t\u0259qdim edirmi\u015f? - Z\u0259rdab.com","isPartOf":{"@id":"https:\/\/www.zerdab.com\/#website"},"datePublished":"2019-12-16T19:04:10+00:00","dateModified":"2019-12-16T19:04:12+00:00","author":{"@id":"https:\/\/www.zerdab.com\/#\/schema\/person\/97079b7570c1e89ec0d9e138c3672136"},"breadcrumb":{"@id":"https:\/\/www.zerdab.com\/?p=27668#breadcrumb"},"inLanguage":"az","potentialAction":[{"@type":"ReadAction","target":["https:\/\/www.zerdab.com\/?p=27668"]}]},{"@type":"BreadcrumbList","@id":"https:\/\/www.zerdab.com\/?p=27668#breadcrumb","itemListElement":[{"@type":"ListItem","position":1,"name":"Home","item":"https:\/\/www.zerdab.com\/"},{"@type":"ListItem","position":2,"name":"Bu \u015f\u0259xs \u00f6z\u00fcn\u00fc Z\u0259rdabda polis kimi t\u0259qdim edirmi\u015f?"}]},{"@type":"WebSite","@id":"https:\/\/www.zerdab.com\/#website","url":"https:\/\/www.zerdab.com\/","name":"Z\u0259rdab.com","description":"","potentialAction":[{"@type":"SearchAction","target":{"@type":"EntryPoint","urlTemplate":"https:\/\/www.zerdab.com\/?s={search_term_string}"},"query-input":{"@type":"PropertyValueSpecification","valueRequired":true,"valueName":"search_term_string"}}],"inLanguage":"az"},{"@type":"Person","@id":"https:\/\/www.zerdab.com\/#\/schema\/person\/97079b7570c1e89ec0d9e138c3672136","name":"admin","image":{"@type":"ImageObject","inLanguage":"az","@id":"https:\/\/www.zerdab.com\/#\/schema\/person\/image\/","url":"https:\/\/secure.gravatar.com\/avatar\/d9c52a9a27c32119cb6679a077fa3e2779e5f822c451cbf01098004361d466ec?s=96&d=mm&r=g","contentUrl":"https:\/\/secure.gravatar.com\/avatar\/d9c52a9a27c32119cb6679a077fa3e2779e5f822c451cbf01098004361d466ec?s=96&d=mm&r=g","caption":"admin"},"url":"https:\/\/www.zerdab.com\/?author=1"}]}},"_links":{"self":[{"href":"https:\/\/www.zerdab.com\/index.php?rest_route=\/wp\/v2\/posts\/27668","targetHints":{"allow":["GET"]}}],"collection":[{"href":"https:\/\/www.zerdab.com\/index.php?rest_route=\/wp\/v2\/posts"}],"about":[{"href":"https:\/\/www.zerdab.com\/index.php?rest_route=\/wp\/v2\/types\/post"}],"author":[{"embeddable":true,"href":"https:\/\/www.zerdab.com\/index.php?rest_route=\/wp\/v2\/users\/1"}],"replies":[{"embeddable":true,"href":"https:\/\/www.zerdab.com\/index.php?rest_route=%2Fwp%2Fv2%2Fcomments&post=27668"}],"version-history":[{"count":1,"href":"https:\/\/www.zerdab.com\/index.php?rest_route=\/wp\/v2\/posts\/27668\/revisions"}],"predecessor-version":[{"id":27670,"href":"https:\/\/www.zerdab.com\/index.php?rest_route=\/wp\/v2\/posts\/27668\/revisions\/27670"}],"wp:attachment":[{"href":"https:\/\/www.zerdab.com\/index.php?rest_route=%2Fwp%2Fv2%2Fmedia&parent=27668"}],"wp:term":[{"taxonomy":"category","embeddable":true,"href":"https:\/\/www.zerdab.com\/index.php?rest_route=%2Fwp%2Fv2%2Fcategories&post=27668"},{"taxonomy":"post_tag","embeddable":true,"href":"https:\/\/www.zerdab.com\/index.php?rest_route=%2Fwp%2Fv2%2Ftags&post=27668"}],"curies":[{"name":"wp","href":"https:\/\/api.w.org\/{rel}","templated":true}]}}