{"id":27671,"date":"2019-12-17T21:43:13","date_gmt":"2019-12-17T17:43:13","guid":{"rendered":"http:\/\/www.zerdab.com\/?p=27671"},"modified":"2019-12-17T21:43:14","modified_gmt":"2019-12-17T17:43:14","slug":"z%c9%99rdabin-yollari-il%c9%99-bagli-prezident%c9%99-m%c9%99ktub-bu-d%c9%99f%c9%99-t%c9%99rsin%c9%99-oldu","status":"publish","type":"post","link":"https:\/\/www.zerdab.com\/?p=27671","title":{"rendered":"Z\u0259rdab\u0131n yollar\u0131 il\u0259 ba\u011fl\u0131 Prezident\u0259 m\u0259ktub &#8211; Bu d\u0259f\u0259 t\u0259rsin\u0259 oldu"},"content":{"rendered":"\n<p><em>Prezident \u0130lham \u018fliyevin r\u0259smi elektron po\u00e7tuna Az\u0259rbaycan\u0131n m\u00fcxt\u0259lif b\u00f6lg\u0259l\u0259rind\u0259n m\u0259ktublar&nbsp;g\u0259lm\u0259kd\u0259 davam edir.<\/em><\/p>\n\n\n\n<p><strong>Zerdab.com<\/strong> sayt\u0131\u00a0d\u00f6vl\u0259t ba\u015f\u00e7\u0131s\u0131n\u0131n r\u0259smi sayt\u0131na Z\u0259rdab rayonundan g\u00f6nd\u0259rilmi\u015f 2 m\u0259ktubun m\u0259tnini oldu\u011fu kimi t\u0259qdim edir. <\/p>\n\n\n\n<p>&#8220;\u00c7ox h\u00f6rm\u0259tli c\u0259nab Prezident.<\/p>\n\n\n\n<p>Z\u0259rdab rayonunun avtomobil yollar\u0131n\u0131n yenid\u0259n qurulmas\u0131 istiqam\u0259tind\u0259 g\u00f6r\u00fcl\u0259n i\u015fl\u0259ri alq\u0131\u015flay\u0131r\u0131q. A\u011fsu-K\u00fcrd\u0259mir-Z\u0259rdab yolunun tikintisi m\u0259qs\u0259dil\u0259 v\u0259sait ayr\u0131lmas\u0131 bar\u0259d\u0259 S\u0259r\u0259ncam\u0131n\u0131z bizi n\u00f6vb\u0259ti d\u0259f\u0259 sevindirdi. Yollar\u0131m\u0131z yenid\u0259n qurulduqca insanlar\u0131n gedi\u015f-g\u0259li\u015fi, t\u0259s\u0259rr\u00fcfat i\u015fl\u0259rin\u0259 mara\u011f\u0131 art\u0131r v\u0259 n\u0259tic\u0259d\u0259 onlar\u0131n daha firavan ya\u015fay\u0131\u015f\u0131 t\u0259min edilir.<\/p>\n\n\n\n<p>M\u00f6ht\u0259r\u0259m c\u0259nab Prezident, Z\u0259rdaba v\u0259 onun \u0259halisin\u0259 g\u00f6st\u0259rdiyiniz b\u00f6y\u00fck diqq\u0259t v\u0259 qay\u011f\u0131ya g\u00f6r\u0259 D\u0259kk\u0259oba v\u0259 N\u0259z\u0259ral\u0131l\u0131 k\u0259ndl\u0259rinin sakinl\u0259ri ad\u0131ndan Siz\u0259 t\u0259\u015f\u0259kk\u00fcr\u00fcm\u00fcz\u00fc bildirir, uzun \u00f6m\u00fcr, m\u00f6hk\u0259m cansa\u011fl\u0131\u011f\u0131 v\u0259 Az\u0259rbaycan\u0131n daha da \u00e7i\u00e7\u0259kl\u0259nm\u0259si \u00fc\u00e7\u00fcn f\u0259aliyy\u0259tinizd\u0259 yeni u\u011furlar arzu edirik.<\/p>\n\n\n\n<p>H\u00f6rm\u0259tl\u0259,<\/p>\n\n\n\n<p><strong>\u0130sayev Ramiz Mirza\u011fa o\u011flu,<\/strong><\/p>\n\n\n\n<p><strong>\u018fhm\u0259dova Amaliya Ramazan q\u0131z\u0131, \u015f\u0259hid ail\u0259sinin \u00fczv\u00fc.<\/strong><\/p>\n\n\n\n<p><strong>Az\u0259rbaycan Respublikas\u0131, Z\u0259rdab rayonu&#8221;.<\/strong><\/p>\n\n\n\n<p>Dig\u0259r m\u0259ktub is\u0259 bel\u0259dir:<\/p>\n\n\n\n<p>&#8220;H\u00f6rm\u0259tli c\u0259nab Prezident.<\/p>\n\n\n\n<p>\u00d6lk\u0259mizin b\u00fct\u00fcn b\u00f6lg\u0259l\u0259rind\u0259 avtomobil yollar\u0131n\u0131n tikintisi istiqam\u0259tind\u0259 geni\u015fmiqyasl\u0131 i\u015fl\u0259r apar\u0131l\u0131r. Bu sah\u0259y\u0259 g\u00f6st\u0259rdiyiniz diqq\u0259t v\u0259 qay\u011f\u0131 say\u0259sind\u0259 Az\u0259rbaycan d\u00fcnyada \u0259n yax\u015f\u0131 yollara malik \u00f6lk\u0259l\u0259rl\u0259 bir s\u0131rada durur.<\/p>\n\n\n\n<p>H\u0259r il y\u00fczl\u0259rl\u0259 k\u0259nd v\u0259 q\u0259s\u0259b\u0259d\u0259 yollar t\u0259mir olunur, yeni yollar \u00e7\u0259kilir. A\u011fsu-K\u00fcrd\u0259mir-B\u0259hr\u0259mt\u0259p\u0259 (53 km)-Z\u0259rdab avtomobil yolunun yenid\u0259n qurulmas\u0131 v\u0259 \u0259sasl\u0131 tikintisi \u00fc\u00e7\u00fcn v\u0259sait ay\u0131rma\u011f\u0131n\u0131z da bu q\u0259bild\u0259n olan i\u015fl\u0259rin davam\u0131d\u0131r. Bu add\u0131m\u0131n\u0131z yolun ke\u00e7diyi \u0259razid\u0259 ya\u015fayan minl\u0259rl\u0259 sakinin sevincin\u0259 s\u0259b\u0259b oldu.<\/p>\n\n\n\n<p>B\u00fct\u00fcn bunlara g\u00f6r\u0259 Z\u0259rdab rayonunun sakinl\u0259ri ad\u0131ndan t\u0259\u015f\u0259kk\u00fcr edir, Siz\u0259 v\u0259 ail\u0259niz\u0259 cansa\u011fl\u0131\u011f\u0131, daha b\u00f6y\u00fck u\u011furlar arzulay\u0131r\u0131q.<\/p>\n\n\n\n<p>H\u00f6rm\u0259tl\u0259,<\/p>\n\n\n\n<p><strong>\u018fhm\u0259dov M\u00fcst\u0259c\u0259b \u018fzim o\u011flu<\/strong><\/p>\n\n\n\n<p><strong>K\u0259rimova V\u00fcsal\u0259 Kamil q\u0131z\u0131.<\/strong><\/p>\n\n\n\n<p><strong>Az\u0259rbaycan Respublikas\u0131, Z\u0259rdab rayonu&#8221;.\u00a0<\/strong><\/p>\n","protected":false},"excerpt":{"rendered":"<p>Prezident \u0130lham \u018fliyevin r\u0259smi elektron po\u00e7tuna Az\u0259rbaycan\u0131n m\u00fcxt\u0259lif b\u00f6lg\u0259l\u0259rind\u0259n m\u0259ktublar&nbsp;g\u0259lm\u0259kd\u0259 davam edir. Zerdab.com sayt\u0131\u00a0d\u00f6vl\u0259t ba\u015f\u00e7\u0131s\u0131n\u0131n r\u0259smi sayt\u0131na Z\u0259rdab rayonundan g\u00f6nd\u0259rilmi\u015f 2 m\u0259ktubun m\u0259tnini oldu\u011fu kimi t\u0259qdim edir. &#8220;\u00c7ox h\u00f6rm\u0259tli c\u0259nab Prezident. Z\u0259rdab rayonunun avtomobil yollar\u0131n\u0131n yenid\u0259n qurulmas\u0131 istiqam\u0259tind\u0259 g\u00f6r\u00fcl\u0259n i\u015fl\u0259ri alq\u0131\u015flay\u0131r\u0131q. A\u011fsu-K\u00fcrd\u0259mir-Z\u0259rdab yolunun tikintisi m\u0259qs\u0259dil\u0259 v\u0259sait ayr\u0131lmas\u0131 bar\u0259d\u0259 S\u0259r\u0259ncam\u0131n\u0131z bizi n\u00f6vb\u0259ti d\u0259f\u0259 sevindirdi. Yollar\u0131m\u0131z yenid\u0259n [&hellip;]<\/p>\n","protected":false},"author":1,"featured_media":27146,"comment_status":"open","ping_status":"open","sticky":false,"template":"","format":"standard","meta":{"footnotes":""},"categories":[21,63],"tags":[],"class_list":{"0":"post-27671","1":"post","2":"type-post","3":"status-publish","4":"format-standard","5":"has-post-thumbnail","7":"category-zrdab","8":"category-manset"},"yoast_head":"<!-- This site is optimized with the Yoast SEO plugin v27.0 - https:\/\/yoast.com\/product\/yoast-seo-wordpress\/ -->\n<title>Z\u0259rdab\u0131n yollar\u0131 il\u0259 ba\u011fl\u0131 Prezident\u0259 m\u0259ktub - Bu d\u0259f\u0259 t\u0259rsin\u0259 oldu - Z\u0259rdab.com<\/title>\n<meta name=\"robots\" content=\"index, follow, max-snippet:-1, max-image-preview:large, max-video-preview:-1\" \/>\n<link rel=\"canonical\" href=\"https:\/\/www.zerdab.com\/?p=27671\" \/>\n<meta property=\"og:locale\" content=\"az_AZ\" \/>\n<meta property=\"og:type\" content=\"article\" \/>\n<meta property=\"og:title\" content=\"Z\u0259rdab\u0131n yollar\u0131 il\u0259 ba\u011fl\u0131 Prezident\u0259 m\u0259ktub - Bu d\u0259f\u0259 t\u0259rsin\u0259 oldu - Z\u0259rdab.com\" \/>\n<meta property=\"og:description\" content=\"Prezident \u0130lham \u018fliyevin r\u0259smi elektron po\u00e7tuna Az\u0259rbaycan\u0131n m\u00fcxt\u0259lif b\u00f6lg\u0259l\u0259rind\u0259n m\u0259ktublar&nbsp;g\u0259lm\u0259kd\u0259 davam edir. Zerdab.com sayt\u0131\u00a0d\u00f6vl\u0259t ba\u015f\u00e7\u0131s\u0131n\u0131n r\u0259smi sayt\u0131na Z\u0259rdab rayonundan g\u00f6nd\u0259rilmi\u015f 2 m\u0259ktubun m\u0259tnini oldu\u011fu kimi t\u0259qdim edir. &#8220;\u00c7ox h\u00f6rm\u0259tli c\u0259nab Prezident. Z\u0259rdab rayonunun avtomobil yollar\u0131n\u0131n yenid\u0259n qurulmas\u0131 istiqam\u0259tind\u0259 g\u00f6r\u00fcl\u0259n i\u015fl\u0259ri alq\u0131\u015flay\u0131r\u0131q. A\u011fsu-K\u00fcrd\u0259mir-Z\u0259rdab yolunun tikintisi m\u0259qs\u0259dil\u0259 v\u0259sait ayr\u0131lmas\u0131 bar\u0259d\u0259 S\u0259r\u0259ncam\u0131n\u0131z bizi n\u00f6vb\u0259ti d\u0259f\u0259 sevindirdi. Yollar\u0131m\u0131z yenid\u0259n [&hellip;]\" \/>\n<meta property=\"og:url\" content=\"https:\/\/www.zerdab.com\/?p=27671\" \/>\n<meta property=\"og:site_name\" content=\"Z\u0259rdab.com\" \/>\n<meta property=\"article:published_time\" content=\"2019-12-17T17:43:13+00:00\" \/>\n<meta property=\"article:modified_time\" content=\"2019-12-17T17:43:14+00:00\" \/>\n<meta property=\"og:image\" content=\"https:\/\/www.zerdab.com\/wp-content\/uploads\/2019\/05\/zerdab-vakansiya-isci-axtarilir.jpg\" \/>\n\t<meta property=\"og:image:width\" content=\"1024\" \/>\n\t<meta property=\"og:image:height\" content=\"576\" \/>\n\t<meta property=\"og:image:type\" content=\"image\/jpeg\" \/>\n<meta name=\"author\" content=\"admin\" \/>\n<meta name=\"twitter:card\" content=\"summary_large_image\" \/>\n<meta name=\"twitter:label1\" content=\"Written by\" \/>\n\t<meta name=\"twitter:data1\" content=\"admin\" \/>\n\t<meta name=\"twitter:label2\" content=\"Est. reading time\" \/>\n\t<meta name=\"twitter:data2\" content=\"2 minutes\" \/>\n<script type=\"application\/ld+json\" class=\"yoast-schema-graph\">{\"@context\":\"https:\/\/schema.org\",\"@graph\":[{\"@type\":\"Article\",\"@id\":\"https:\/\/www.zerdab.com\/?p=27671#article\",\"isPartOf\":{\"@id\":\"https:\/\/www.zerdab.com\/?p=27671\"},\"author\":{\"name\":\"admin\",\"@id\":\"https:\/\/www.zerdab.com\/#\/schema\/person\/97079b7570c1e89ec0d9e138c3672136\"},\"headline\":\"Z\u0259rdab\u0131n yollar\u0131 il\u0259 ba\u011fl\u0131 Prezident\u0259 m\u0259ktub &#8211; Bu d\u0259f\u0259 t\u0259rsin\u0259 oldu\",\"datePublished\":\"2019-12-17T17:43:13+00:00\",\"dateModified\":\"2019-12-17T17:43:14+00:00\",\"mainEntityOfPage\":{\"@id\":\"https:\/\/www.zerdab.com\/?p=27671\"},\"wordCount\":463,\"commentCount\":0,\"image\":{\"@id\":\"https:\/\/www.zerdab.com\/?p=27671#primaryimage\"},\"thumbnailUrl\":\"https:\/\/www.zerdab.com\/wp-content\/uploads\/2019\/05\/zerdab-vakansiya-isci-axtarilir.jpg\",\"articleSection\":[\"C\u018fM\u0130YY\u018fT\",\"MAN\u015eET\"],\"inLanguage\":\"az\",\"potentialAction\":[{\"@type\":\"CommentAction\",\"name\":\"Comment\",\"target\":[\"https:\/\/www.zerdab.com\/?p=27671#respond\"]}]},{\"@type\":\"WebPage\",\"@id\":\"https:\/\/www.zerdab.com\/?p=27671\",\"url\":\"https:\/\/www.zerdab.com\/?p=27671\",\"name\":\"Z\u0259rdab\u0131n yollar\u0131 il\u0259 ba\u011fl\u0131 Prezident\u0259 m\u0259ktub - Bu d\u0259f\u0259 t\u0259rsin\u0259 oldu - Z\u0259rdab.com\",\"isPartOf\":{\"@id\":\"https:\/\/www.zerdab.com\/#website\"},\"primaryImageOfPage\":{\"@id\":\"https:\/\/www.zerdab.com\/?p=27671#primaryimage\"},\"image\":{\"@id\":\"https:\/\/www.zerdab.com\/?p=27671#primaryimage\"},\"thumbnailUrl\":\"https:\/\/www.zerdab.com\/wp-content\/uploads\/2019\/05\/zerdab-vakansiya-isci-axtarilir.jpg\",\"datePublished\":\"2019-12-17T17:43:13+00:00\",\"dateModified\":\"2019-12-17T17:43:14+00:00\",\"author\":{\"@id\":\"https:\/\/www.zerdab.com\/#\/schema\/person\/97079b7570c1e89ec0d9e138c3672136\"},\"breadcrumb\":{\"@id\":\"https:\/\/www.zerdab.com\/?p=27671#breadcrumb\"},\"inLanguage\":\"az\",\"potentialAction\":[{\"@type\":\"ReadAction\",\"target\":[\"https:\/\/www.zerdab.com\/?p=27671\"]}]},{\"@type\":\"ImageObject\",\"inLanguage\":\"az\",\"@id\":\"https:\/\/www.zerdab.com\/?p=27671#primaryimage\",\"url\":\"https:\/\/www.zerdab.com\/wp-content\/uploads\/2019\/05\/zerdab-vakansiya-isci-axtarilir.jpg\",\"contentUrl\":\"https:\/\/www.zerdab.com\/wp-content\/uploads\/2019\/05\/zerdab-vakansiya-isci-axtarilir.jpg\",\"width\":1024,\"height\":576,\"caption\":\"zerdab-vakansiya-isci-axtarilir\"},{\"@type\":\"BreadcrumbList\",\"@id\":\"https:\/\/www.zerdab.com\/?p=27671#breadcrumb\",\"itemListElement\":[{\"@type\":\"ListItem\",\"position\":1,\"name\":\"Home\",\"item\":\"https:\/\/www.zerdab.com\/\"},{\"@type\":\"ListItem\",\"position\":2,\"name\":\"Z\u0259rdab\u0131n yollar\u0131 il\u0259 ba\u011fl\u0131 Prezident\u0259 m\u0259ktub &#8211; Bu d\u0259f\u0259 t\u0259rsin\u0259 oldu\"}]},{\"@type\":\"WebSite\",\"@id\":\"https:\/\/www.zerdab.com\/#website\",\"url\":\"https:\/\/www.zerdab.com\/\",\"name\":\"Z\u0259rdab.com\",\"description\":\"\",\"potentialAction\":[{\"@type\":\"SearchAction\",\"target\":{\"@type\":\"EntryPoint\",\"urlTemplate\":\"https:\/\/www.zerdab.com\/?s={search_term_string}\"},\"query-input\":{\"@type\":\"PropertyValueSpecification\",\"valueRequired\":true,\"valueName\":\"search_term_string\"}}],\"inLanguage\":\"az\"},{\"@type\":\"Person\",\"@id\":\"https:\/\/www.zerdab.com\/#\/schema\/person\/97079b7570c1e89ec0d9e138c3672136\",\"name\":\"admin\",\"image\":{\"@type\":\"ImageObject\",\"inLanguage\":\"az\",\"@id\":\"https:\/\/www.zerdab.com\/#\/schema\/person\/image\/\",\"url\":\"https:\/\/secure.gravatar.com\/avatar\/d9c52a9a27c32119cb6679a077fa3e2779e5f822c451cbf01098004361d466ec?s=96&d=mm&r=g\",\"contentUrl\":\"https:\/\/secure.gravatar.com\/avatar\/d9c52a9a27c32119cb6679a077fa3e2779e5f822c451cbf01098004361d466ec?s=96&d=mm&r=g\",\"caption\":\"admin\"},\"url\":\"https:\/\/www.zerdab.com\/?author=1\"}]}<\/script>\n<!-- \/ Yoast SEO plugin. -->","yoast_head_json":{"title":"Z\u0259rdab\u0131n yollar\u0131 il\u0259 ba\u011fl\u0131 Prezident\u0259 m\u0259ktub - Bu d\u0259f\u0259 t\u0259rsin\u0259 oldu - Z\u0259rdab.com","robots":{"index":"index","follow":"follow","max-snippet":"max-snippet:-1","max-image-preview":"max-image-preview:large","max-video-preview":"max-video-preview:-1"},"canonical":"https:\/\/www.zerdab.com\/?p=27671","og_locale":"az_AZ","og_type":"article","og_title":"Z\u0259rdab\u0131n yollar\u0131 il\u0259 ba\u011fl\u0131 Prezident\u0259 m\u0259ktub - Bu d\u0259f\u0259 t\u0259rsin\u0259 oldu - Z\u0259rdab.com","og_description":"Prezident \u0130lham \u018fliyevin r\u0259smi elektron po\u00e7tuna Az\u0259rbaycan\u0131n m\u00fcxt\u0259lif b\u00f6lg\u0259l\u0259rind\u0259n m\u0259ktublar&nbsp;g\u0259lm\u0259kd\u0259 davam edir. Zerdab.com sayt\u0131\u00a0d\u00f6vl\u0259t ba\u015f\u00e7\u0131s\u0131n\u0131n r\u0259smi sayt\u0131na Z\u0259rdab rayonundan g\u00f6nd\u0259rilmi\u015f 2 m\u0259ktubun m\u0259tnini oldu\u011fu kimi t\u0259qdim edir. &#8220;\u00c7ox h\u00f6rm\u0259tli c\u0259nab Prezident. Z\u0259rdab rayonunun avtomobil yollar\u0131n\u0131n yenid\u0259n qurulmas\u0131 istiqam\u0259tind\u0259 g\u00f6r\u00fcl\u0259n i\u015fl\u0259ri alq\u0131\u015flay\u0131r\u0131q. A\u011fsu-K\u00fcrd\u0259mir-Z\u0259rdab yolunun tikintisi m\u0259qs\u0259dil\u0259 v\u0259sait ayr\u0131lmas\u0131 bar\u0259d\u0259 S\u0259r\u0259ncam\u0131n\u0131z bizi n\u00f6vb\u0259ti d\u0259f\u0259 sevindirdi. Yollar\u0131m\u0131z yenid\u0259n [&hellip;]","og_url":"https:\/\/www.zerdab.com\/?p=27671","og_site_name":"Z\u0259rdab.com","article_published_time":"2019-12-17T17:43:13+00:00","article_modified_time":"2019-12-17T17:43:14+00:00","og_image":[{"width":1024,"height":576,"url":"https:\/\/www.zerdab.com\/wp-content\/uploads\/2019\/05\/zerdab-vakansiya-isci-axtarilir.jpg","type":"image\/jpeg"}],"author":"admin","twitter_card":"summary_large_image","twitter_misc":{"Written by":"admin","Est. reading time":"2 minutes"},"schema":{"@context":"https:\/\/schema.org","@graph":[{"@type":"Article","@id":"https:\/\/www.zerdab.com\/?p=27671#article","isPartOf":{"@id":"https:\/\/www.zerdab.com\/?p=27671"},"author":{"name":"admin","@id":"https:\/\/www.zerdab.com\/#\/schema\/person\/97079b7570c1e89ec0d9e138c3672136"},"headline":"Z\u0259rdab\u0131n yollar\u0131 il\u0259 ba\u011fl\u0131 Prezident\u0259 m\u0259ktub &#8211; Bu d\u0259f\u0259 t\u0259rsin\u0259 oldu","datePublished":"2019-12-17T17:43:13+00:00","dateModified":"2019-12-17T17:43:14+00:00","mainEntityOfPage":{"@id":"https:\/\/www.zerdab.com\/?p=27671"},"wordCount":463,"commentCount":0,"image":{"@id":"https:\/\/www.zerdab.com\/?p=27671#primaryimage"},"thumbnailUrl":"https:\/\/www.zerdab.com\/wp-content\/uploads\/2019\/05\/zerdab-vakansiya-isci-axtarilir.jpg","articleSection":["C\u018fM\u0130YY\u018fT","MAN\u015eET"],"inLanguage":"az","potentialAction":[{"@type":"CommentAction","name":"Comment","target":["https:\/\/www.zerdab.com\/?p=27671#respond"]}]},{"@type":"WebPage","@id":"https:\/\/www.zerdab.com\/?p=27671","url":"https:\/\/www.zerdab.com\/?p=27671","name":"Z\u0259rdab\u0131n yollar\u0131 il\u0259 ba\u011fl\u0131 Prezident\u0259 m\u0259ktub - Bu d\u0259f\u0259 t\u0259rsin\u0259 oldu - Z\u0259rdab.com","isPartOf":{"@id":"https:\/\/www.zerdab.com\/#website"},"primaryImageOfPage":{"@id":"https:\/\/www.zerdab.com\/?p=27671#primaryimage"},"image":{"@id":"https:\/\/www.zerdab.com\/?p=27671#primaryimage"},"thumbnailUrl":"https:\/\/www.zerdab.com\/wp-content\/uploads\/2019\/05\/zerdab-vakansiya-isci-axtarilir.jpg","datePublished":"2019-12-17T17:43:13+00:00","dateModified":"2019-12-17T17:43:14+00:00","author":{"@id":"https:\/\/www.zerdab.com\/#\/schema\/person\/97079b7570c1e89ec0d9e138c3672136"},"breadcrumb":{"@id":"https:\/\/www.zerdab.com\/?p=27671#breadcrumb"},"inLanguage":"az","potentialAction":[{"@type":"ReadAction","target":["https:\/\/www.zerdab.com\/?p=27671"]}]},{"@type":"ImageObject","inLanguage":"az","@id":"https:\/\/www.zerdab.com\/?p=27671#primaryimage","url":"https:\/\/www.zerdab.com\/wp-content\/uploads\/2019\/05\/zerdab-vakansiya-isci-axtarilir.jpg","contentUrl":"https:\/\/www.zerdab.com\/wp-content\/uploads\/2019\/05\/zerdab-vakansiya-isci-axtarilir.jpg","width":1024,"height":576,"caption":"zerdab-vakansiya-isci-axtarilir"},{"@type":"BreadcrumbList","@id":"https:\/\/www.zerdab.com\/?p=27671#breadcrumb","itemListElement":[{"@type":"ListItem","position":1,"name":"Home","item":"https:\/\/www.zerdab.com\/"},{"@type":"ListItem","position":2,"name":"Z\u0259rdab\u0131n yollar\u0131 il\u0259 ba\u011fl\u0131 Prezident\u0259 m\u0259ktub &#8211; Bu d\u0259f\u0259 t\u0259rsin\u0259 oldu"}]},{"@type":"WebSite","@id":"https:\/\/www.zerdab.com\/#website","url":"https:\/\/www.zerdab.com\/","name":"Z\u0259rdab.com","description":"","potentialAction":[{"@type":"SearchAction","target":{"@type":"EntryPoint","urlTemplate":"https:\/\/www.zerdab.com\/?s={search_term_string}"},"query-input":{"@type":"PropertyValueSpecification","valueRequired":true,"valueName":"search_term_string"}}],"inLanguage":"az"},{"@type":"Person","@id":"https:\/\/www.zerdab.com\/#\/schema\/person\/97079b7570c1e89ec0d9e138c3672136","name":"admin","image":{"@type":"ImageObject","inLanguage":"az","@id":"https:\/\/www.zerdab.com\/#\/schema\/person\/image\/","url":"https:\/\/secure.gravatar.com\/avatar\/d9c52a9a27c32119cb6679a077fa3e2779e5f822c451cbf01098004361d466ec?s=96&d=mm&r=g","contentUrl":"https:\/\/secure.gravatar.com\/avatar\/d9c52a9a27c32119cb6679a077fa3e2779e5f822c451cbf01098004361d466ec?s=96&d=mm&r=g","caption":"admin"},"url":"https:\/\/www.zerdab.com\/?author=1"}]}},"_links":{"self":[{"href":"https:\/\/www.zerdab.com\/index.php?rest_route=\/wp\/v2\/posts\/27671","targetHints":{"allow":["GET"]}}],"collection":[{"href":"https:\/\/www.zerdab.com\/index.php?rest_route=\/wp\/v2\/posts"}],"about":[{"href":"https:\/\/www.zerdab.com\/index.php?rest_route=\/wp\/v2\/types\/post"}],"author":[{"embeddable":true,"href":"https:\/\/www.zerdab.com\/index.php?rest_route=\/wp\/v2\/users\/1"}],"replies":[{"embeddable":true,"href":"https:\/\/www.zerdab.com\/index.php?rest_route=%2Fwp%2Fv2%2Fcomments&post=27671"}],"version-history":[{"count":1,"href":"https:\/\/www.zerdab.com\/index.php?rest_route=\/wp\/v2\/posts\/27671\/revisions"}],"predecessor-version":[{"id":27672,"href":"https:\/\/www.zerdab.com\/index.php?rest_route=\/wp\/v2\/posts\/27671\/revisions\/27672"}],"wp:featuredmedia":[{"embeddable":true,"href":"https:\/\/www.zerdab.com\/index.php?rest_route=\/wp\/v2\/media\/27146"}],"wp:attachment":[{"href":"https:\/\/www.zerdab.com\/index.php?rest_route=%2Fwp%2Fv2%2Fmedia&parent=27671"}],"wp:term":[{"taxonomy":"category","embeddable":true,"href":"https:\/\/www.zerdab.com\/index.php?rest_route=%2Fwp%2Fv2%2Fcategories&post=27671"},{"taxonomy":"post_tag","embeddable":true,"href":"https:\/\/www.zerdab.com\/index.php?rest_route=%2Fwp%2Fv2%2Ftags&post=27671"}],"curies":[{"name":"wp","href":"https:\/\/api.w.org\/{rel}","templated":true}]}}