{"id":27674,"date":"2019-12-19T22:04:39","date_gmt":"2019-12-19T18:04:39","guid":{"rendered":"http:\/\/www.zerdab.com\/?p=27674"},"modified":"2019-12-19T22:53:10","modified_gmt":"2019-12-19T18:53:10","slug":"yenic%c9%99-isd%c9%99n-cixarilan-icra-bascisi-da-h%c9%99bs-olundu","status":"publish","type":"post","link":"https:\/\/www.zerdab.com\/?p=27674","title":{"rendered":"\u0130\u015fd\u0259n \u00e7\u0131xar\u0131lan icra ba\u015f\u00e7\u0131s\u0131 da h\u0259bs olundu"},"content":{"rendered":"\n<p>Yevlax \u015e\u0259h\u0259r \u0130cra Hakimiyy\u0259tinin sabiq ba\u015f\u00e7\u0131s\u0131 Qoca S\u0259m\u0259dov h\u0259bs olunub.<br>AZXEBER.COM demokrat.az-a istinad\u0259n x\u0259b\u0259r verir ki, icra ba\u015f\u00e7\u0131s\u0131 bu g\u00fcn saxlan\u0131l\u0131b.<br>Xat\u0131rladaq ki, Q.S\u0259m\u0259dov 18 fevral 2011-ci il tarixind\u0259 Yevlax \u015f\u0259h\u0259r \u0130cra Hakmiyy\u0259tinin ba\u015f\u00e7\u0131s\u0131 v\u0259zif\u0259sin\u0259 t\u0259yin olunmu\u015f, bu ilin oktyabr\u0131n 31-d\u0259 is\u0259 v\u0259zif\u0259sind\u0259n azad edilmi\u015fdir.<\/p>\n\n\n\n<p>Qeyd ed\u0259k ki, bu g\u00fcn A\u011fstafa rayon \u0130cra hakimiyy\u0259tinin ba\u015f\u00e7\u0131s\u0131 Quliyev Nizam\u0259ddin M\u0259h\u0259mm\u0259d o\u011flu da h\u0259bs edilib.<\/p>\n\n\n\n<p>\u201cQafqazinfo\u201dnun verdiyi m\u0259lumata g\u00f6r\u0259, N. Quliyev D\u00f6vl\u0259t T\u0259hl\u00fck\u0259sizlik Xidm\u0259ti \u0259m\u0259kda\u015flar\u0131 t\u0259r\u0259find\u0259n r\u00fc\u015fv\u0259t alark\u0259n cinay\u0259t ba\u015f\u0131nda yaxalan\u0131b.<\/p>\n\n\n\n<p>Onu da \u0259lav\u0259 ed\u0259k ki, bu g\u00fcn Prezident yan\u0131nda pamb\u0131q\u00e7\u0131l\u0131q m\u00f6vs\u00fcm\u00fcn\u00fcn yekunlar\u0131 v\u0259 2020-ci ild\u0259 g\u00f6r\u00fcl\u0259c\u0259k t\u0259dbirl\u0259r il\u0259 ba\u011fl\u0131 m\u00fc\u015favir\u0259 ke\u00e7irilib.<\/p>\n\n\n\n<p>D\u00f6vl\u0259t ba\u015f\u00e7\u0131s\u0131 \u0130lham \u018fliyev bildirib ki, bu sah\u0259d\u0259 v\u0259 b\u00fct\u00fcn ba\u015fqa sah\u0259l\u0259rd\u0259 tam \u015f\u0259ffafl\u0131q olmal\u0131d\u0131r:<\/p>\n\n\n\n<p>&#8220;Art\u0131q bir ne\u00e7\u0259 icra ba\u015f\u00e7\u0131s\u0131 v\u0259zif\u0259d\u0259n \u00e7\u0131xar\u0131ld\u0131 v\u0259 s\u0259b\u0259bl\u0259rd\u0259n biri d\u0259 o idi ki, onlar kas\u0131b v\u0259t\u0259nda\u015flar \u00fc\u00e7\u00fcn n\u0259z\u0259rd\u0259 tutulan v\u0259saiti ora-bura x\u0259rcl\u0259yirdil\u0259r. O siyah\u0131lara ya \u00f6z qohumlar\u0131n\u0131 yazd\u0131r\u0131rd\u0131lar, ya da ki, \u00fcmumiyy\u0259tl\u0259, o v\u0259sait \u00fcnvana \u00e7atm\u0131rd\u0131. Bel\u0259 siqnallar olub, onlar ara\u015fd\u0131r\u0131l\u0131r v\u0259 daha da ciddi ara\u015fd\u0131r\u0131lacaq. \u0130\u015f t\u0259kc\u0259 inzibati c\u0259za il\u0259 m\u0259hdudla\u015fmayacaq v\u0259 bunu h\u0259r k\u0259s e\u015fitsin, bilsin, burada oturanlar v\u0259 burada olmayanlar. Ona g\u00f6r\u0259 h\u0259r yerd\u0259 \u015f\u0259ffafl\u0131q, d\u00f6vl\u0259t\u0259 v\u0259 xalqa, v\u0259t\u0259nda\u015flara xidm\u0259t etm\u0259k \u0259sas prinsip olmal\u0131d\u0131r ki, v\u0259t\u0259nda\u015flar d\u00f6vl\u0259tin diqq\u0259tini daim hiss el\u0259sinl\u0259r, nec\u0259 ki, biz h\u0259r bir \u00e7\u0259tin anda v\u0259t\u0259nda\u015f\u0131n yan\u0131nday\u0131q&#8221;.<\/p>\n\n\n\n<p>V\u0259zif\u0259sind\u0259n v\u0259 s\u0259lahiyy\u0259tl\u0259rind\u0259n as\u0131l\u0131 olmayaraq, h\u0259r bir \u015f\u0259xs qanun qar\u015f\u0131s\u0131nda cavab verm\u0259lidir.<br>Bunu Trend-\u0259 a\u00e7\u0131qlamas\u0131nda Yeni Az\u0259rbaycan Partiyas\u0131n\u0131n (YAP) \u0130cra katibinin m\u00fcavini Siyavu\u015f Novruzov deyib.<br>S.Novruzovun s\u00f6zl\u0259rin\u0259 g\u00f6r\u0259, \u00f6lk\u0259 \u0259razisind\u0259 ya\u015fayan h\u0259r bir \u015f\u0259xs Az\u0259rbaycan Respublikas\u0131n\u0131n qanunlar\u0131 qar\u015f\u0131s\u0131nda b\u0259rab\u0259rh\u00fcquqludur: &#8220;Hans\u0131 partiya \u00fczvl\u00fcy\u00fcnd\u0259n, hans\u0131 pe\u015f\u0259 sahibi olmas\u0131ndan, hans\u0131 v\u0259zif\u0259ni da\u015f\u0131mas\u0131ndan as\u0131l\u0131 olmayaraq, \u0259g\u0259r \u015f\u0259xs cinay\u0259t t\u00f6r\u0259dibs\u0259 v\u0259 bu, m\u0259hk\u0259m\u0259 qaydas\u0131nda s\u00fcbuta yetirilirs\u0259, o, m\u0259suliyy\u0259t da\u015f\u0131y\u0131r. Yeni Az\u0259rbaycan Partiyas\u0131n\u0131n m\u00f6vqeyi h\u0259mi\u015f\u0259 bel\u0259 olub. \u0130st\u0259r YAP \u00fczv\u00fc olsun, ist\u0259r dig\u0259r siyasi partiya t\u0259msil\u00e7isi, f\u0259rqi yoxdur. Onlar da h\u0259r bir sad\u0259 v\u0259t\u0259nda\u015flar kimi eyni h\u00fcquqa malikdir. Bu bax\u0131mdan da partiya t\u0259msil\u00e7il\u0259ri qar\u015f\u0131s\u0131nda bel\u0259 bir m\u0259s\u0259l\u0259 qoymu\u015fuq ki, bizim partiya \u00fczvl\u0259rimiz ikiqat m\u0259suliyy\u0259t da\u015f\u0131y\u0131r. H\u0259m partiyada t\u0259msil olundu\u011funa g\u00f6r\u0259, h\u0259m d\u0259 cinay\u0259t t\u00f6r\u0259tdiyin\u0259 g\u00f6r\u0259. B\u0259z\u0259n g\u00f6r\u00fcrs\u0259n ki, ayr\u0131-ayr\u0131 siyasi partiyalar\u0131n n\u00fcmay\u0259nd\u0259l\u0259ri bu v\u0259 ya dig\u0259r \u015f\u0259kild\u0259 ictimai t\u0259hl\u00fck\u0259li \u0259m\u0259l t\u00f6r\u0259dirl\u0259r v\u0259 partiya qalxan\u0131n\u0131n arxas\u0131nda gizl\u0259nm\u0259y\u0259 c\u0259hd edirl\u0259r. \u0130f\u015fa olunduqda is\u0259 h\u0259min partiya r\u0259hb\u0259rl\u0259ri Avropa \u015euras\u0131na, ba\u015fqa-ba\u015fqa qurumlara m\u00fcraci\u0259tl\u0259r edirl\u0259r. Onlar ist\u0259yirl\u0259r ki, t\u00f6r\u0259tdikl\u0259ri \u0259m\u0259li \u00f6rt-basd\u0131r etsinl\u0259r&#8221;.<br>YAP funksioneri \u0259lav\u0259 edib ki, demokratiya, insan h\u00fcquq v\u0259 azadl\u0131qlar\u0131 h\u0259r bir \u015f\u0259xsin t\u00f6r\u0259tdiyi \u0259m\u0259l\u0259 g\u00f6r\u0259 cavabdehlik da\u015f\u0131mas\u0131n\u0131 t\u0259l\u0259b edir. O bax\u0131mdam, Yeni Az\u0259rbaycan Partiyas\u0131n\u0131n h\u0259r bir \u00fczv\u00fc d\u0259 qanun qar\u015f\u0131s\u0131nda b\u0259rab\u0259rdir.<br><\/p>\n","protected":false},"excerpt":{"rendered":"<p>Yevlax \u015e\u0259h\u0259r \u0130cra Hakimiyy\u0259tinin sabiq ba\u015f\u00e7\u0131s\u0131 Qoca S\u0259m\u0259dov h\u0259bs olunub.AZXEBER.COM demokrat.az-a istinad\u0259n x\u0259b\u0259r verir ki, icra ba\u015f\u00e7\u0131s\u0131 bu g\u00fcn saxlan\u0131l\u0131b.Xat\u0131rladaq ki, Q.S\u0259m\u0259dov 18 fevral 2011-ci il tarixind\u0259 Yevlax \u015f\u0259h\u0259r \u0130cra Hakmiyy\u0259tinin ba\u015f\u00e7\u0131s\u0131 v\u0259zif\u0259sin\u0259 t\u0259yin olunmu\u015f, bu ilin oktyabr\u0131n 31-d\u0259 is\u0259 v\u0259zif\u0259sind\u0259n azad edilmi\u015fdir. Qeyd ed\u0259k ki, bu g\u00fcn A\u011fstafa rayon \u0130cra hakimiyy\u0259tinin ba\u015f\u00e7\u0131s\u0131 Quliyev Nizam\u0259ddin [&hellip;]<\/p>\n","protected":false},"author":1,"featured_media":0,"comment_status":"open","ping_status":"open","sticky":false,"template":"","format":"standard","meta":{"footnotes":""},"categories":[46,63],"tags":[],"class_list":{"0":"post-27674","1":"post","2":"type-post","3":"status-publish","4":"format-standard","6":"category-hadis","7":"category-manset"},"yoast_head":"<!-- This site is optimized with the Yoast SEO plugin v27.0 - https:\/\/yoast.com\/product\/yoast-seo-wordpress\/ -->\n<title>\u0130\u015fd\u0259n \u00e7\u0131xar\u0131lan icra ba\u015f\u00e7\u0131s\u0131 da h\u0259bs olundu - Z\u0259rdab.com<\/title>\n<meta name=\"robots\" content=\"index, follow, max-snippet:-1, max-image-preview:large, max-video-preview:-1\" \/>\n<link rel=\"canonical\" href=\"https:\/\/www.zerdab.com\/?p=27674\" \/>\n<meta property=\"og:locale\" content=\"az_AZ\" \/>\n<meta property=\"og:type\" content=\"article\" \/>\n<meta property=\"og:title\" content=\"\u0130\u015fd\u0259n \u00e7\u0131xar\u0131lan icra ba\u015f\u00e7\u0131s\u0131 da h\u0259bs olundu - Z\u0259rdab.com\" \/>\n<meta property=\"og:description\" content=\"Yevlax \u015e\u0259h\u0259r \u0130cra Hakimiyy\u0259tinin sabiq ba\u015f\u00e7\u0131s\u0131 Qoca S\u0259m\u0259dov h\u0259bs olunub.AZXEBER.COM demokrat.az-a istinad\u0259n x\u0259b\u0259r verir ki, icra ba\u015f\u00e7\u0131s\u0131 bu g\u00fcn saxlan\u0131l\u0131b.Xat\u0131rladaq ki, Q.S\u0259m\u0259dov 18 fevral 2011-ci il tarixind\u0259 Yevlax \u015f\u0259h\u0259r \u0130cra Hakmiyy\u0259tinin ba\u015f\u00e7\u0131s\u0131 v\u0259zif\u0259sin\u0259 t\u0259yin olunmu\u015f, bu ilin oktyabr\u0131n 31-d\u0259 is\u0259 v\u0259zif\u0259sind\u0259n azad edilmi\u015fdir. Qeyd ed\u0259k ki, bu g\u00fcn A\u011fstafa rayon \u0130cra hakimiyy\u0259tinin ba\u015f\u00e7\u0131s\u0131 Quliyev Nizam\u0259ddin [&hellip;]\" \/>\n<meta property=\"og:url\" content=\"https:\/\/www.zerdab.com\/?p=27674\" \/>\n<meta property=\"og:site_name\" content=\"Z\u0259rdab.com\" \/>\n<meta property=\"article:published_time\" content=\"2019-12-19T18:04:39+00:00\" \/>\n<meta property=\"article:modified_time\" content=\"2019-12-19T18:53:10+00:00\" \/>\n<meta name=\"author\" content=\"admin\" \/>\n<meta name=\"twitter:card\" content=\"summary_large_image\" \/>\n<meta name=\"twitter:label1\" content=\"Written by\" \/>\n\t<meta name=\"twitter:data1\" content=\"admin\" \/>\n\t<meta name=\"twitter:label2\" content=\"Est. reading time\" \/>\n\t<meta name=\"twitter:data2\" content=\"4 minutes\" \/>\n<script type=\"application\/ld+json\" class=\"yoast-schema-graph\">{\"@context\":\"https:\/\/schema.org\",\"@graph\":[{\"@type\":\"Article\",\"@id\":\"https:\/\/www.zerdab.com\/?p=27674#article\",\"isPartOf\":{\"@id\":\"https:\/\/www.zerdab.com\/?p=27674\"},\"author\":{\"name\":\"admin\",\"@id\":\"https:\/\/www.zerdab.com\/#\/schema\/person\/97079b7570c1e89ec0d9e138c3672136\"},\"headline\":\"\u0130\u015fd\u0259n \u00e7\u0131xar\u0131lan icra ba\u015f\u00e7\u0131s\u0131 da h\u0259bs olundu\",\"datePublished\":\"2019-12-19T18:04:39+00:00\",\"dateModified\":\"2019-12-19T18:53:10+00:00\",\"mainEntityOfPage\":{\"@id\":\"https:\/\/www.zerdab.com\/?p=27674\"},\"wordCount\":728,\"commentCount\":0,\"articleSection\":[\"HAD\u0130S\u018f\",\"MAN\u015eET\"],\"inLanguage\":\"az\",\"potentialAction\":[{\"@type\":\"CommentAction\",\"name\":\"Comment\",\"target\":[\"https:\/\/www.zerdab.com\/?p=27674#respond\"]}]},{\"@type\":\"WebPage\",\"@id\":\"https:\/\/www.zerdab.com\/?p=27674\",\"url\":\"https:\/\/www.zerdab.com\/?p=27674\",\"name\":\"\u0130\u015fd\u0259n \u00e7\u0131xar\u0131lan icra ba\u015f\u00e7\u0131s\u0131 da h\u0259bs olundu - Z\u0259rdab.com\",\"isPartOf\":{\"@id\":\"https:\/\/www.zerdab.com\/#website\"},\"datePublished\":\"2019-12-19T18:04:39+00:00\",\"dateModified\":\"2019-12-19T18:53:10+00:00\",\"author\":{\"@id\":\"https:\/\/www.zerdab.com\/#\/schema\/person\/97079b7570c1e89ec0d9e138c3672136\"},\"breadcrumb\":{\"@id\":\"https:\/\/www.zerdab.com\/?p=27674#breadcrumb\"},\"inLanguage\":\"az\",\"potentialAction\":[{\"@type\":\"ReadAction\",\"target\":[\"https:\/\/www.zerdab.com\/?p=27674\"]}]},{\"@type\":\"BreadcrumbList\",\"@id\":\"https:\/\/www.zerdab.com\/?p=27674#breadcrumb\",\"itemListElement\":[{\"@type\":\"ListItem\",\"position\":1,\"name\":\"Home\",\"item\":\"https:\/\/www.zerdab.com\/\"},{\"@type\":\"ListItem\",\"position\":2,\"name\":\"\u0130\u015fd\u0259n \u00e7\u0131xar\u0131lan icra ba\u015f\u00e7\u0131s\u0131 da h\u0259bs olundu\"}]},{\"@type\":\"WebSite\",\"@id\":\"https:\/\/www.zerdab.com\/#website\",\"url\":\"https:\/\/www.zerdab.com\/\",\"name\":\"Z\u0259rdab.com\",\"description\":\"\",\"potentialAction\":[{\"@type\":\"SearchAction\",\"target\":{\"@type\":\"EntryPoint\",\"urlTemplate\":\"https:\/\/www.zerdab.com\/?s={search_term_string}\"},\"query-input\":{\"@type\":\"PropertyValueSpecification\",\"valueRequired\":true,\"valueName\":\"search_term_string\"}}],\"inLanguage\":\"az\"},{\"@type\":\"Person\",\"@id\":\"https:\/\/www.zerdab.com\/#\/schema\/person\/97079b7570c1e89ec0d9e138c3672136\",\"name\":\"admin\",\"image\":{\"@type\":\"ImageObject\",\"inLanguage\":\"az\",\"@id\":\"https:\/\/www.zerdab.com\/#\/schema\/person\/image\/\",\"url\":\"https:\/\/secure.gravatar.com\/avatar\/d9c52a9a27c32119cb6679a077fa3e2779e5f822c451cbf01098004361d466ec?s=96&d=mm&r=g\",\"contentUrl\":\"https:\/\/secure.gravatar.com\/avatar\/d9c52a9a27c32119cb6679a077fa3e2779e5f822c451cbf01098004361d466ec?s=96&d=mm&r=g\",\"caption\":\"admin\"},\"url\":\"https:\/\/www.zerdab.com\/?author=1\"}]}<\/script>\n<!-- \/ Yoast SEO plugin. -->","yoast_head_json":{"title":"\u0130\u015fd\u0259n \u00e7\u0131xar\u0131lan icra ba\u015f\u00e7\u0131s\u0131 da h\u0259bs olundu - Z\u0259rdab.com","robots":{"index":"index","follow":"follow","max-snippet":"max-snippet:-1","max-image-preview":"max-image-preview:large","max-video-preview":"max-video-preview:-1"},"canonical":"https:\/\/www.zerdab.com\/?p=27674","og_locale":"az_AZ","og_type":"article","og_title":"\u0130\u015fd\u0259n \u00e7\u0131xar\u0131lan icra ba\u015f\u00e7\u0131s\u0131 da h\u0259bs olundu - Z\u0259rdab.com","og_description":"Yevlax \u015e\u0259h\u0259r \u0130cra Hakimiyy\u0259tinin sabiq ba\u015f\u00e7\u0131s\u0131 Qoca S\u0259m\u0259dov h\u0259bs olunub.AZXEBER.COM demokrat.az-a istinad\u0259n x\u0259b\u0259r verir ki, icra ba\u015f\u00e7\u0131s\u0131 bu g\u00fcn saxlan\u0131l\u0131b.Xat\u0131rladaq ki, Q.S\u0259m\u0259dov 18 fevral 2011-ci il tarixind\u0259 Yevlax \u015f\u0259h\u0259r \u0130cra Hakmiyy\u0259tinin ba\u015f\u00e7\u0131s\u0131 v\u0259zif\u0259sin\u0259 t\u0259yin olunmu\u015f, bu ilin oktyabr\u0131n 31-d\u0259 is\u0259 v\u0259zif\u0259sind\u0259n azad edilmi\u015fdir. Qeyd ed\u0259k ki, bu g\u00fcn A\u011fstafa rayon \u0130cra hakimiyy\u0259tinin ba\u015f\u00e7\u0131s\u0131 Quliyev Nizam\u0259ddin [&hellip;]","og_url":"https:\/\/www.zerdab.com\/?p=27674","og_site_name":"Z\u0259rdab.com","article_published_time":"2019-12-19T18:04:39+00:00","article_modified_time":"2019-12-19T18:53:10+00:00","author":"admin","twitter_card":"summary_large_image","twitter_misc":{"Written by":"admin","Est. reading time":"4 minutes"},"schema":{"@context":"https:\/\/schema.org","@graph":[{"@type":"Article","@id":"https:\/\/www.zerdab.com\/?p=27674#article","isPartOf":{"@id":"https:\/\/www.zerdab.com\/?p=27674"},"author":{"name":"admin","@id":"https:\/\/www.zerdab.com\/#\/schema\/person\/97079b7570c1e89ec0d9e138c3672136"},"headline":"\u0130\u015fd\u0259n \u00e7\u0131xar\u0131lan icra ba\u015f\u00e7\u0131s\u0131 da h\u0259bs olundu","datePublished":"2019-12-19T18:04:39+00:00","dateModified":"2019-12-19T18:53:10+00:00","mainEntityOfPage":{"@id":"https:\/\/www.zerdab.com\/?p=27674"},"wordCount":728,"commentCount":0,"articleSection":["HAD\u0130S\u018f","MAN\u015eET"],"inLanguage":"az","potentialAction":[{"@type":"CommentAction","name":"Comment","target":["https:\/\/www.zerdab.com\/?p=27674#respond"]}]},{"@type":"WebPage","@id":"https:\/\/www.zerdab.com\/?p=27674","url":"https:\/\/www.zerdab.com\/?p=27674","name":"\u0130\u015fd\u0259n \u00e7\u0131xar\u0131lan icra ba\u015f\u00e7\u0131s\u0131 da h\u0259bs olundu - Z\u0259rdab.com","isPartOf":{"@id":"https:\/\/www.zerdab.com\/#website"},"datePublished":"2019-12-19T18:04:39+00:00","dateModified":"2019-12-19T18:53:10+00:00","author":{"@id":"https:\/\/www.zerdab.com\/#\/schema\/person\/97079b7570c1e89ec0d9e138c3672136"},"breadcrumb":{"@id":"https:\/\/www.zerdab.com\/?p=27674#breadcrumb"},"inLanguage":"az","potentialAction":[{"@type":"ReadAction","target":["https:\/\/www.zerdab.com\/?p=27674"]}]},{"@type":"BreadcrumbList","@id":"https:\/\/www.zerdab.com\/?p=27674#breadcrumb","itemListElement":[{"@type":"ListItem","position":1,"name":"Home","item":"https:\/\/www.zerdab.com\/"},{"@type":"ListItem","position":2,"name":"\u0130\u015fd\u0259n \u00e7\u0131xar\u0131lan icra ba\u015f\u00e7\u0131s\u0131 da h\u0259bs olundu"}]},{"@type":"WebSite","@id":"https:\/\/www.zerdab.com\/#website","url":"https:\/\/www.zerdab.com\/","name":"Z\u0259rdab.com","description":"","potentialAction":[{"@type":"SearchAction","target":{"@type":"EntryPoint","urlTemplate":"https:\/\/www.zerdab.com\/?s={search_term_string}"},"query-input":{"@type":"PropertyValueSpecification","valueRequired":true,"valueName":"search_term_string"}}],"inLanguage":"az"},{"@type":"Person","@id":"https:\/\/www.zerdab.com\/#\/schema\/person\/97079b7570c1e89ec0d9e138c3672136","name":"admin","image":{"@type":"ImageObject","inLanguage":"az","@id":"https:\/\/www.zerdab.com\/#\/schema\/person\/image\/","url":"https:\/\/secure.gravatar.com\/avatar\/d9c52a9a27c32119cb6679a077fa3e2779e5f822c451cbf01098004361d466ec?s=96&d=mm&r=g","contentUrl":"https:\/\/secure.gravatar.com\/avatar\/d9c52a9a27c32119cb6679a077fa3e2779e5f822c451cbf01098004361d466ec?s=96&d=mm&r=g","caption":"admin"},"url":"https:\/\/www.zerdab.com\/?author=1"}]}},"_links":{"self":[{"href":"https:\/\/www.zerdab.com\/index.php?rest_route=\/wp\/v2\/posts\/27674","targetHints":{"allow":["GET"]}}],"collection":[{"href":"https:\/\/www.zerdab.com\/index.php?rest_route=\/wp\/v2\/posts"}],"about":[{"href":"https:\/\/www.zerdab.com\/index.php?rest_route=\/wp\/v2\/types\/post"}],"author":[{"embeddable":true,"href":"https:\/\/www.zerdab.com\/index.php?rest_route=\/wp\/v2\/users\/1"}],"replies":[{"embeddable":true,"href":"https:\/\/www.zerdab.com\/index.php?rest_route=%2Fwp%2Fv2%2Fcomments&post=27674"}],"version-history":[{"count":11,"href":"https:\/\/www.zerdab.com\/index.php?rest_route=\/wp\/v2\/posts\/27674\/revisions"}],"predecessor-version":[{"id":27689,"href":"https:\/\/www.zerdab.com\/index.php?rest_route=\/wp\/v2\/posts\/27674\/revisions\/27689"}],"wp:attachment":[{"href":"https:\/\/www.zerdab.com\/index.php?rest_route=%2Fwp%2Fv2%2Fmedia&parent=27674"}],"wp:term":[{"taxonomy":"category","embeddable":true,"href":"https:\/\/www.zerdab.com\/index.php?rest_route=%2Fwp%2Fv2%2Fcategories&post=27674"},{"taxonomy":"post_tag","embeddable":true,"href":"https:\/\/www.zerdab.com\/index.php?rest_route=%2Fwp%2Fv2%2Ftags&post=27674"}],"curies":[{"name":"wp","href":"https:\/\/api.w.org\/{rel}","templated":true}]}}