{"id":27708,"date":"2019-12-28T10:12:47","date_gmt":"2019-12-28T06:12:47","guid":{"rendered":"http:\/\/www.zerdab.com\/?p=27708"},"modified":"2020-02-04T22:26:25","modified_gmt":"2020-02-04T18:26:25","slug":"yap-in-z%c9%99rdabdan-deputatliga-namiz%c9%99di-bu-s%c9%99xs-oldu-urfan-%c9%99hm%c9%99dov-kimdir-dosye","status":"publish","type":"post","link":"https:\/\/www.zerdab.com\/?p=27708","title":{"rendered":"YAP-\u0131n Z\u0259rdabdan deputatl\u0131\u011fa namiz\u0259di bu \u015f\u0259xs oldu &#8211; Urfan \u018fhm\u0259dov kimdir? &#8211; DOSYE"},"content":{"rendered":"\n<p>YAP-\u0131n deputatl\u0131\u011fa namiz\u0259dl\u0259r siyah\u0131s\u0131 a\u00e7\u0131qlan\u0131b. Zerdab.com\nsayt\u0131 x\u0259b\u0259r verir ki, siyah\u0131&nbsp;Yeni Az\u0259rbaycan Partiyas\u0131n\u0131n \u0130dar\u0259 Hey\u0259tinin\n27 dekabr 2019-cu il tarixli iclas\u0131nda t\u0259sdiq edilib.<\/p>\n\n\n\n<p>Siyah\u0131ya \u0259sas\u0259n, 92 sayl\u0131 Z\u0259rdab-Ucar se\u00e7ki dair\u0259sind\u0259n YAP-\u0131n\nnamiz\u0259di <strong>\u018fhm\u0259dov\nUrfan Nizam\u0259ddin o\u011fludur. <\/strong><\/p>\n\n\n\n<p>B\u0259s Urfan \u018fhm\u0259dov\nkimdir?<\/p>\n\n\n\n<p>Zerdab.com sayt\u0131 U.\n\u018fhm\u0259dovun h\u0259yat yolu bar\u0259d\u0259 m\u0259lumatlar\u0131 t\u0259qdim edir.<\/p>\n\n\n\n<p>\u018fhm\u0259dov Urfan\nNizam\u0259ddin o\u011flu. 1966-c\u0131 il aprel ay\u0131n\u0131n 5-d\u0259 Z\u0259rdab \u015f\u0259h\u0259rind\u0259 anadan olub. 1973-c\u00fc\nild\u0259 Z\u0259rdab \u015f\u0259h\u0259r 1 sayl\u0131 orta m\u0259kt\u0259bin 1-ci sinfin\u0259 gedib,1983-c\u00fc ild\u0259 h\u0259min\nm\u0259k\u0259tbi bitirib. El\u0259 h\u0259min il \u0130n\u015faat M\u00fch\u0259ndisl\u0259ri Universitetinin s\u0259naye v\u0259\nm\u00fclki tikinti fak\u00fclt\u0259sin\u0259 q\u0259bul olub. H\u0259min Universiteti bitir\u0259r\u0259k\nin\u015faat\u00e7\u0131-m\u00fch\u0259ndis ixtisas\u0131n\u0131 al\u0131b. 1984-1986-c\u0131 ill\u0259rd\u0259 Sovet ordusu\ns\u0131ralar\u0131nda h\u0259rbi xidm\u0259td\u0259 olub. 10.09.1986-c\u0131 ild\u0259n 03.03.1989-cu il\u0259 q\u0259d\u0259r\nZ\u0259rdab T\u0259s\u0259rr\u00fcfatlararas\u0131 tikinti idar\u0259sind\u0259 f\u0259hl\u0259, 04.03.1989-cu ild\u0259n\n28.09.1992-ci il\u0259 q\u0259d\u0259r Z\u0259rdab rayonu \u0130cra Hakimiyy\u0259ti Ba\u015f\u00e7\u0131s\u0131 aparat\u0131n\u0131n \u00fcmumi\n\u015f\u00f6b\u0259sind\u0259 kadrlar \u00fczr\u0259 b\u00f6y\u00fck m\u00fcf\u0259tti\u015f, 28.09.1992-ci ild\u0259n, 23.12.1994-c\u00fc il\u0259\nq\u0259d\u0259r Z\u0259rdab rayonu \u0130cra Hakimiyy\u0259ti Ba\u015f\u00e7\u0131s\u0131 aparat\u0131nda H\u00fcmanitar m\u0259s\u0259l\u0259l\u0259r\n\u00fczr\u0259 \u015f\u00f6b\u0259d\u0259 m\u0259sl\u0259h\u0259t\u00e7i, 24.12.1994-c\u00fc ild\u0259n 08.08.2008-ci il\u0259 q\u0259d\u0259r Z\u0259rdab\nRayonu G\u0259ncl\u0259r v\u0259 \u0130dman idar\u0259sinin r\u0259isi, 08.08.2008-ci ild\u0259n 11.09.2009-cu il\u0259\nq\u0259d\u0259r Z\u0259rdab Rayon \u0130cra Hakimiyy\u0259ti Ba\u015f\u00e7\u0131s\u0131 aparat\u0131nda ictimai t\u0259\u015fkilatlar v\u0259\nsiyasi partiyalarla i\u015f \u015f\u00f6b\u0259sinin m\u00fcdiri, 25.08.2016-c\u0131 ild\u0259n 27.10.2016-c\u0131 il\u0259\nq\u0259d\u0259r Z\u0259rdab Rayonu M\u0259d\u0259niyy\u0259t v\u0259 Turizm \u015f\u00f6b\u0259sinin m\u00fcdiri v\u0259zif\u0259sind\u0259 \u00e7al\u0131\u015f\u0131b. 2017-ci\nilin yanvar ay\u0131ndan etibar\u0259n A\u011fda\u015f Regional M\u0259d\u0259niyy\u0259t v\u0259 Turizm \u0130dar\u0259sinin\nZ\u0259rdab rayonu \u00fczr\u0259 n\u00fcmay\u0259nd\u0259si, ba\u015f m\u0259sl\u0259h\u0259t\u00e7i v\u0259zif\u0259sind\u0259 \u00e7al\u0131\u015f\u0131r. Ail\u0259lidir, 3\n\u00f6vlad\u0131 var.<\/p>\n\n\n\n<p>Zerdab.com<\/p>\n\n\n\n<figure class=\"wp-block-image\"><img decoding=\"async\" src=\"http:\/\/www.zerdab.com\/wp-content\/uploads\/2019\/12\/urfan-ehmedov-550x543.jpg\" alt=\"urfan-ehmedov\" class=\"wp-image-27709\"\/><\/figure>\n\n\n\n<p><\/p>\n","protected":false},"excerpt":{"rendered":"<p>YAP-\u0131n deputatl\u0131\u011fa namiz\u0259dl\u0259r siyah\u0131s\u0131 a\u00e7\u0131qlan\u0131b. Zerdab.com sayt\u0131 x\u0259b\u0259r verir ki, siyah\u0131&nbsp;Yeni Az\u0259rbaycan Partiyas\u0131n\u0131n \u0130dar\u0259 Hey\u0259tinin 27 dekabr 2019-cu il tarixli iclas\u0131nda t\u0259sdiq edilib. Siyah\u0131ya \u0259sas\u0259n, 92 sayl\u0131 Z\u0259rdab-Ucar se\u00e7ki dair\u0259sind\u0259n YAP-\u0131n namiz\u0259di \u018fhm\u0259dov Urfan Nizam\u0259ddin o\u011fludur. B\u0259s Urfan \u018fhm\u0259dov kimdir? Zerdab.com sayt\u0131 U. \u018fhm\u0259dovun h\u0259yat yolu bar\u0259d\u0259 m\u0259lumatlar\u0131 t\u0259qdim edir. \u018fhm\u0259dov Urfan Nizam\u0259ddin o\u011flu. 1966-c\u0131 [&hellip;]<\/p>\n","protected":false},"author":1,"featured_media":0,"comment_status":"open","ping_status":"open","sticky":false,"template":"","format":"standard","meta":{"footnotes":""},"categories":[63,5],"tags":[],"class_list":{"0":"post-27708","1":"post","2":"type-post","3":"status-publish","4":"format-standard","6":"category-manset","7":"category-knd"},"yoast_head":"<!-- This site is optimized with the Yoast SEO plugin v27.0 - https:\/\/yoast.com\/product\/yoast-seo-wordpress\/ -->\n<title>YAP-\u0131n Z\u0259rdabdan deputatl\u0131\u011fa namiz\u0259di bu \u015f\u0259xs oldu - Urfan \u018fhm\u0259dov kimdir? - DOSYE - Z\u0259rdab.com<\/title>\n<meta name=\"robots\" content=\"index, follow, max-snippet:-1, max-image-preview:large, max-video-preview:-1\" \/>\n<link rel=\"canonical\" href=\"https:\/\/www.zerdab.com\/?p=27708\" \/>\n<meta property=\"og:locale\" content=\"az_AZ\" \/>\n<meta property=\"og:type\" content=\"article\" \/>\n<meta property=\"og:title\" content=\"YAP-\u0131n Z\u0259rdabdan deputatl\u0131\u011fa namiz\u0259di bu \u015f\u0259xs oldu - Urfan \u018fhm\u0259dov kimdir? - DOSYE - Z\u0259rdab.com\" \/>\n<meta property=\"og:description\" content=\"YAP-\u0131n deputatl\u0131\u011fa namiz\u0259dl\u0259r siyah\u0131s\u0131 a\u00e7\u0131qlan\u0131b. Zerdab.com sayt\u0131 x\u0259b\u0259r verir ki, siyah\u0131&nbsp;Yeni Az\u0259rbaycan Partiyas\u0131n\u0131n \u0130dar\u0259 Hey\u0259tinin 27 dekabr 2019-cu il tarixli iclas\u0131nda t\u0259sdiq edilib. Siyah\u0131ya \u0259sas\u0259n, 92 sayl\u0131 Z\u0259rdab-Ucar se\u00e7ki dair\u0259sind\u0259n YAP-\u0131n namiz\u0259di \u018fhm\u0259dov Urfan Nizam\u0259ddin o\u011fludur. B\u0259s Urfan \u018fhm\u0259dov kimdir? Zerdab.com sayt\u0131 U. \u018fhm\u0259dovun h\u0259yat yolu bar\u0259d\u0259 m\u0259lumatlar\u0131 t\u0259qdim edir. \u018fhm\u0259dov Urfan Nizam\u0259ddin o\u011flu. 1966-c\u0131 [&hellip;]\" \/>\n<meta property=\"og:url\" content=\"https:\/\/www.zerdab.com\/?p=27708\" \/>\n<meta property=\"og:site_name\" content=\"Z\u0259rdab.com\" \/>\n<meta property=\"article:published_time\" content=\"2019-12-28T06:12:47+00:00\" \/>\n<meta property=\"article:modified_time\" content=\"2020-02-04T18:26:25+00:00\" \/>\n<meta property=\"og:image\" content=\"http:\/\/www.zerdab.com\/wp-content\/uploads\/2019\/12\/urfan-ehmedov-550x543.jpg\" \/>\n<meta name=\"author\" content=\"admin\" \/>\n<meta name=\"twitter:card\" content=\"summary_large_image\" \/>\n<meta name=\"twitter:label1\" content=\"Written by\" \/>\n\t<meta name=\"twitter:data1\" content=\"admin\" \/>\n\t<meta name=\"twitter:label2\" content=\"Est. reading time\" \/>\n\t<meta name=\"twitter:data2\" content=\"2 minutes\" \/>\n<script type=\"application\/ld+json\" class=\"yoast-schema-graph\">{\"@context\":\"https:\/\/schema.org\",\"@graph\":[{\"@type\":\"Article\",\"@id\":\"https:\/\/www.zerdab.com\/?p=27708#article\",\"isPartOf\":{\"@id\":\"https:\/\/www.zerdab.com\/?p=27708\"},\"author\":{\"name\":\"admin\",\"@id\":\"https:\/\/www.zerdab.com\/#\/schema\/person\/97079b7570c1e89ec0d9e138c3672136\"},\"headline\":\"YAP-\u0131n Z\u0259rdabdan deputatl\u0131\u011fa namiz\u0259di bu \u015f\u0259xs oldu &#8211; Urfan \u018fhm\u0259dov kimdir? &#8211; DOSYE\",\"datePublished\":\"2019-12-28T06:12:47+00:00\",\"dateModified\":\"2020-02-04T18:26:25+00:00\",\"mainEntityOfPage\":{\"@id\":\"https:\/\/www.zerdab.com\/?p=27708\"},\"wordCount\":397,\"commentCount\":2,\"image\":{\"@id\":\"https:\/\/www.zerdab.com\/?p=27708#primaryimage\"},\"thumbnailUrl\":\"http:\/\/www.zerdab.com\/wp-content\/uploads\/2019\/12\/urfan-ehmedov-550x543.jpg\",\"articleSection\":[\"MAN\u015eET\",\"X\u018fB\u018fRL\u018fR\"],\"inLanguage\":\"az\",\"potentialAction\":[{\"@type\":\"CommentAction\",\"name\":\"Comment\",\"target\":[\"https:\/\/www.zerdab.com\/?p=27708#respond\"]}]},{\"@type\":\"WebPage\",\"@id\":\"https:\/\/www.zerdab.com\/?p=27708\",\"url\":\"https:\/\/www.zerdab.com\/?p=27708\",\"name\":\"YAP-\u0131n Z\u0259rdabdan deputatl\u0131\u011fa namiz\u0259di bu \u015f\u0259xs oldu - Urfan \u018fhm\u0259dov kimdir? - DOSYE - Z\u0259rdab.com\",\"isPartOf\":{\"@id\":\"https:\/\/www.zerdab.com\/#website\"},\"primaryImageOfPage\":{\"@id\":\"https:\/\/www.zerdab.com\/?p=27708#primaryimage\"},\"image\":{\"@id\":\"https:\/\/www.zerdab.com\/?p=27708#primaryimage\"},\"thumbnailUrl\":\"http:\/\/www.zerdab.com\/wp-content\/uploads\/2019\/12\/urfan-ehmedov-550x543.jpg\",\"datePublished\":\"2019-12-28T06:12:47+00:00\",\"dateModified\":\"2020-02-04T18:26:25+00:00\",\"author\":{\"@id\":\"https:\/\/www.zerdab.com\/#\/schema\/person\/97079b7570c1e89ec0d9e138c3672136\"},\"breadcrumb\":{\"@id\":\"https:\/\/www.zerdab.com\/?p=27708#breadcrumb\"},\"inLanguage\":\"az\",\"potentialAction\":[{\"@type\":\"ReadAction\",\"target\":[\"https:\/\/www.zerdab.com\/?p=27708\"]}]},{\"@type\":\"ImageObject\",\"inLanguage\":\"az\",\"@id\":\"https:\/\/www.zerdab.com\/?p=27708#primaryimage\",\"url\":\"\",\"contentUrl\":\"\"},{\"@type\":\"BreadcrumbList\",\"@id\":\"https:\/\/www.zerdab.com\/?p=27708#breadcrumb\",\"itemListElement\":[{\"@type\":\"ListItem\",\"position\":1,\"name\":\"Home\",\"item\":\"https:\/\/www.zerdab.com\/\"},{\"@type\":\"ListItem\",\"position\":2,\"name\":\"YAP-\u0131n Z\u0259rdabdan deputatl\u0131\u011fa namiz\u0259di bu \u015f\u0259xs oldu &#8211; Urfan \u018fhm\u0259dov kimdir? &#8211; DOSYE\"}]},{\"@type\":\"WebSite\",\"@id\":\"https:\/\/www.zerdab.com\/#website\",\"url\":\"https:\/\/www.zerdab.com\/\",\"name\":\"Z\u0259rdab.com\",\"description\":\"\",\"potentialAction\":[{\"@type\":\"SearchAction\",\"target\":{\"@type\":\"EntryPoint\",\"urlTemplate\":\"https:\/\/www.zerdab.com\/?s={search_term_string}\"},\"query-input\":{\"@type\":\"PropertyValueSpecification\",\"valueRequired\":true,\"valueName\":\"search_term_string\"}}],\"inLanguage\":\"az\"},{\"@type\":\"Person\",\"@id\":\"https:\/\/www.zerdab.com\/#\/schema\/person\/97079b7570c1e89ec0d9e138c3672136\",\"name\":\"admin\",\"image\":{\"@type\":\"ImageObject\",\"inLanguage\":\"az\",\"@id\":\"https:\/\/www.zerdab.com\/#\/schema\/person\/image\/\",\"url\":\"https:\/\/secure.gravatar.com\/avatar\/d9c52a9a27c32119cb6679a077fa3e2779e5f822c451cbf01098004361d466ec?s=96&d=mm&r=g\",\"contentUrl\":\"https:\/\/secure.gravatar.com\/avatar\/d9c52a9a27c32119cb6679a077fa3e2779e5f822c451cbf01098004361d466ec?s=96&d=mm&r=g\",\"caption\":\"admin\"},\"url\":\"https:\/\/www.zerdab.com\/?author=1\"}]}<\/script>\n<!-- \/ Yoast SEO plugin. -->","yoast_head_json":{"title":"YAP-\u0131n Z\u0259rdabdan deputatl\u0131\u011fa namiz\u0259di bu \u015f\u0259xs oldu - Urfan \u018fhm\u0259dov kimdir? - DOSYE - Z\u0259rdab.com","robots":{"index":"index","follow":"follow","max-snippet":"max-snippet:-1","max-image-preview":"max-image-preview:large","max-video-preview":"max-video-preview:-1"},"canonical":"https:\/\/www.zerdab.com\/?p=27708","og_locale":"az_AZ","og_type":"article","og_title":"YAP-\u0131n Z\u0259rdabdan deputatl\u0131\u011fa namiz\u0259di bu \u015f\u0259xs oldu - Urfan \u018fhm\u0259dov kimdir? - DOSYE - Z\u0259rdab.com","og_description":"YAP-\u0131n deputatl\u0131\u011fa namiz\u0259dl\u0259r siyah\u0131s\u0131 a\u00e7\u0131qlan\u0131b. Zerdab.com sayt\u0131 x\u0259b\u0259r verir ki, siyah\u0131&nbsp;Yeni Az\u0259rbaycan Partiyas\u0131n\u0131n \u0130dar\u0259 Hey\u0259tinin 27 dekabr 2019-cu il tarixli iclas\u0131nda t\u0259sdiq edilib. Siyah\u0131ya \u0259sas\u0259n, 92 sayl\u0131 Z\u0259rdab-Ucar se\u00e7ki dair\u0259sind\u0259n YAP-\u0131n namiz\u0259di \u018fhm\u0259dov Urfan Nizam\u0259ddin o\u011fludur. B\u0259s Urfan \u018fhm\u0259dov kimdir? Zerdab.com sayt\u0131 U. \u018fhm\u0259dovun h\u0259yat yolu bar\u0259d\u0259 m\u0259lumatlar\u0131 t\u0259qdim edir. \u018fhm\u0259dov Urfan Nizam\u0259ddin o\u011flu. 1966-c\u0131 [&hellip;]","og_url":"https:\/\/www.zerdab.com\/?p=27708","og_site_name":"Z\u0259rdab.com","article_published_time":"2019-12-28T06:12:47+00:00","article_modified_time":"2020-02-04T18:26:25+00:00","og_image":[{"url":"http:\/\/www.zerdab.com\/wp-content\/uploads\/2019\/12\/urfan-ehmedov-550x543.jpg","type":"","width":"","height":""}],"author":"admin","twitter_card":"summary_large_image","twitter_misc":{"Written by":"admin","Est. reading time":"2 minutes"},"schema":{"@context":"https:\/\/schema.org","@graph":[{"@type":"Article","@id":"https:\/\/www.zerdab.com\/?p=27708#article","isPartOf":{"@id":"https:\/\/www.zerdab.com\/?p=27708"},"author":{"name":"admin","@id":"https:\/\/www.zerdab.com\/#\/schema\/person\/97079b7570c1e89ec0d9e138c3672136"},"headline":"YAP-\u0131n Z\u0259rdabdan deputatl\u0131\u011fa namiz\u0259di bu \u015f\u0259xs oldu &#8211; Urfan \u018fhm\u0259dov kimdir? &#8211; DOSYE","datePublished":"2019-12-28T06:12:47+00:00","dateModified":"2020-02-04T18:26:25+00:00","mainEntityOfPage":{"@id":"https:\/\/www.zerdab.com\/?p=27708"},"wordCount":397,"commentCount":2,"image":{"@id":"https:\/\/www.zerdab.com\/?p=27708#primaryimage"},"thumbnailUrl":"http:\/\/www.zerdab.com\/wp-content\/uploads\/2019\/12\/urfan-ehmedov-550x543.jpg","articleSection":["MAN\u015eET","X\u018fB\u018fRL\u018fR"],"inLanguage":"az","potentialAction":[{"@type":"CommentAction","name":"Comment","target":["https:\/\/www.zerdab.com\/?p=27708#respond"]}]},{"@type":"WebPage","@id":"https:\/\/www.zerdab.com\/?p=27708","url":"https:\/\/www.zerdab.com\/?p=27708","name":"YAP-\u0131n Z\u0259rdabdan deputatl\u0131\u011fa namiz\u0259di bu \u015f\u0259xs oldu - Urfan \u018fhm\u0259dov kimdir? - DOSYE - Z\u0259rdab.com","isPartOf":{"@id":"https:\/\/www.zerdab.com\/#website"},"primaryImageOfPage":{"@id":"https:\/\/www.zerdab.com\/?p=27708#primaryimage"},"image":{"@id":"https:\/\/www.zerdab.com\/?p=27708#primaryimage"},"thumbnailUrl":"http:\/\/www.zerdab.com\/wp-content\/uploads\/2019\/12\/urfan-ehmedov-550x543.jpg","datePublished":"2019-12-28T06:12:47+00:00","dateModified":"2020-02-04T18:26:25+00:00","author":{"@id":"https:\/\/www.zerdab.com\/#\/schema\/person\/97079b7570c1e89ec0d9e138c3672136"},"breadcrumb":{"@id":"https:\/\/www.zerdab.com\/?p=27708#breadcrumb"},"inLanguage":"az","potentialAction":[{"@type":"ReadAction","target":["https:\/\/www.zerdab.com\/?p=27708"]}]},{"@type":"ImageObject","inLanguage":"az","@id":"https:\/\/www.zerdab.com\/?p=27708#primaryimage","url":"","contentUrl":""},{"@type":"BreadcrumbList","@id":"https:\/\/www.zerdab.com\/?p=27708#breadcrumb","itemListElement":[{"@type":"ListItem","position":1,"name":"Home","item":"https:\/\/www.zerdab.com\/"},{"@type":"ListItem","position":2,"name":"YAP-\u0131n Z\u0259rdabdan deputatl\u0131\u011fa namiz\u0259di bu \u015f\u0259xs oldu &#8211; Urfan \u018fhm\u0259dov kimdir? &#8211; DOSYE"}]},{"@type":"WebSite","@id":"https:\/\/www.zerdab.com\/#website","url":"https:\/\/www.zerdab.com\/","name":"Z\u0259rdab.com","description":"","potentialAction":[{"@type":"SearchAction","target":{"@type":"EntryPoint","urlTemplate":"https:\/\/www.zerdab.com\/?s={search_term_string}"},"query-input":{"@type":"PropertyValueSpecification","valueRequired":true,"valueName":"search_term_string"}}],"inLanguage":"az"},{"@type":"Person","@id":"https:\/\/www.zerdab.com\/#\/schema\/person\/97079b7570c1e89ec0d9e138c3672136","name":"admin","image":{"@type":"ImageObject","inLanguage":"az","@id":"https:\/\/www.zerdab.com\/#\/schema\/person\/image\/","url":"https:\/\/secure.gravatar.com\/avatar\/d9c52a9a27c32119cb6679a077fa3e2779e5f822c451cbf01098004361d466ec?s=96&d=mm&r=g","contentUrl":"https:\/\/secure.gravatar.com\/avatar\/d9c52a9a27c32119cb6679a077fa3e2779e5f822c451cbf01098004361d466ec?s=96&d=mm&r=g","caption":"admin"},"url":"https:\/\/www.zerdab.com\/?author=1"}]}},"_links":{"self":[{"href":"https:\/\/www.zerdab.com\/index.php?rest_route=\/wp\/v2\/posts\/27708","targetHints":{"allow":["GET"]}}],"collection":[{"href":"https:\/\/www.zerdab.com\/index.php?rest_route=\/wp\/v2\/posts"}],"about":[{"href":"https:\/\/www.zerdab.com\/index.php?rest_route=\/wp\/v2\/types\/post"}],"author":[{"embeddable":true,"href":"https:\/\/www.zerdab.com\/index.php?rest_route=\/wp\/v2\/users\/1"}],"replies":[{"embeddable":true,"href":"https:\/\/www.zerdab.com\/index.php?rest_route=%2Fwp%2Fv2%2Fcomments&post=27708"}],"version-history":[{"count":2,"href":"https:\/\/www.zerdab.com\/index.php?rest_route=\/wp\/v2\/posts\/27708\/revisions"}],"predecessor-version":[{"id":27713,"href":"https:\/\/www.zerdab.com\/index.php?rest_route=\/wp\/v2\/posts\/27708\/revisions\/27713"}],"wp:attachment":[{"href":"https:\/\/www.zerdab.com\/index.php?rest_route=%2Fwp%2Fv2%2Fmedia&parent=27708"}],"wp:term":[{"taxonomy":"category","embeddable":true,"href":"https:\/\/www.zerdab.com\/index.php?rest_route=%2Fwp%2Fv2%2Fcategories&post=27708"},{"taxonomy":"post_tag","embeddable":true,"href":"https:\/\/www.zerdab.com\/index.php?rest_route=%2Fwp%2Fv2%2Ftags&post=27708"}],"curies":[{"name":"wp","href":"https:\/\/api.w.org\/{rel}","templated":true}]}}