{"id":27732,"date":"2020-01-22T22:06:11","date_gmt":"2020-01-22T18:06:11","guid":{"rendered":"http:\/\/www.zerdab.com\/?p=27732"},"modified":"2020-01-22T22:07:10","modified_gmt":"2020-01-22T18:07:10","slug":"jal%c9%99-%c9%99liyeva-z%c9%99rdabda-secicil%c9%99rl%c9%99-gorusub-fotolar","status":"publish","type":"post","link":"https:\/\/www.zerdab.com\/?p=27732","title":{"rendered":"Jal\u0259 \u018fliyeva Z\u0259rdabda se\u00e7icil\u0259rl\u0259 g\u00f6r\u00fc\u015fl\u0259r\u0259 ba\u015flay\u0131b &#8211; Fotolar"},"content":{"rendered":"\n<p><strong>Milli M\u0259clisin (MM) M\u0259d\u0259niyy\u0259t komit\u0259sinin s\u0259dr m\u00fcavini, professor, 92 sayl\u0131 Z\u0259rdab-Ucar Se\u00e7ki Dair\u0259sind\u0259n olan deputatl\u0131\u011fa namiz\u0259d Jal\u0259 Fazil q\u0131z\u0131 \u018fliyeva se\u00e7kil\u0259rl\u0259 ba\u011fl\u0131 t\u0259bli\u011fat-t\u0259\u015fviqat kampaniyas\u0131na start verib.<\/strong> <\/p>\n\n\n\n<p><strong>Zerdab.com<\/strong> sayt\u0131 x\u0259b\u0259r verir ki, J. \u018fliyeva&nbsp;Z\u0259rdab rayonunun G\u0259lm\u0259, Salahl\u0131, \u018flib\u0259yli, Allahquluba\u011f\u0131, H\u00fcseynxanl\u0131, Xanm\u0259mm\u0259dli, G\u0259nd\u0259bil k\u0259ndl\u0259rinin bir qrup se\u00e7icisi il\u0259 g\u00f6r\u00fc\u015f\u00fcb.<\/p>\n\n\n\n<figure class=\"wp-block-image\"><img loading=\"lazy\" decoding=\"async\" width=\"550\" height=\"367\" src=\"http:\/\/www.zerdab.com\/wp-content\/uploads\/2020\/01\/jale-eliyeva-550x367.jpg\" alt=\"\" class=\"wp-image-27735\" srcset=\"https:\/\/www.zerdab.com\/wp-content\/uploads\/2020\/01\/jale-eliyeva-550x367.jpg 550w, https:\/\/www.zerdab.com\/wp-content\/uploads\/2020\/01\/jale-eliyeva-400x267.jpg 400w, https:\/\/www.zerdab.com\/wp-content\/uploads\/2020\/01\/jale-eliyeva-768x512.jpg 768w, https:\/\/www.zerdab.com\/wp-content\/uploads\/2020\/01\/jale-eliyeva-696x464.jpg 696w, https:\/\/www.zerdab.com\/wp-content\/uploads\/2020\/01\/jale-eliyeva-630x420.jpg 630w, https:\/\/www.zerdab.com\/wp-content\/uploads\/2020\/01\/jale-eliyeva.jpg 960w\" sizes=\"auto, (max-width: 550px) 100vw, 550px\" \/><\/figure>\n\n\n\n<p>G\u00f6r\u00fc\u015fd\u0259 \u00e7\u0131x\u0131\u015f ed\u0259n k\u0259nd sakinl\u0259ri H\u0259s\u0259n Abulov, Hac\u0131 Zakir M\u0259mm\u0259dov, \u0130srafil Feziyev ve ba\u015fqalar\u0131 \u00f6lk\u0259d\u0259 apar\u0131lan b\u00f6y\u00fck islahatlardan, \u00f6lk\u0259 ba\u015f\u00e7\u0131s\u0131 c\u0259nab \u0130lham \u018fliyevin diqq\u0259ti il\u0259 Z\u0259rdab rayonunda ged\u0259n quruculuq i\u015fl\u0259rind\u0259n m\u0259mnunluq ifad\u0259 edibl\u0259r.<\/p>\n\n\n\n<figure class=\"wp-block-image\"><img decoding=\"async\" src=\"http:\/\/www.zerdab.com\/wp-content\/uploads\/2020\/01\/jale-eliyeva1-550x367.jpg\" alt=\"\" class=\"wp-image-27736\"\/><\/figure>\n\n\n\n<p>Sakinl\u0259r 14 ild\u0259 deputat\u0131n onlar\u0131 Parlamentd\u0259 layiqinc\u0259 t\u0259msil etdiyi \u00fc\u00e7\u00fcn, Z\u0259rdab\u0131n probleml\u0259rini d\u00f6n\u0259-d\u00f6n\u0259 s\u0259sl\u0259ndirdiyi \u00fc\u00e7\u00fcn t\u0259\u015f\u0259kk\u00fcr edibl\u0259r. <\/p>\n\n\n\n<p>Se\u00e7icil\u0259r x\u00fcsusil\u0259 G\u0259lm\u0259 k\u0259ndind\u0259 k\u00f6rp\u0259l\u0259r evi usaq ba\u011f\u00e7as\u0131, G\u0259lm\u0259 k\u0259ndini \u015f\u0259h\u0259r\u0259 v\u0259 2 k\u0259nd\u0259 ba\u011flayan k\u00f6rp\u00fcn\u00fcn i\u015f\u0131qland\u0131r\u0131lmas\u0131, G\u0259lm\u0259 k\u0259ndinin bir hiss\u0259sinin suvar\u0131lmas\u0131nda yaranan problemin aradan qald\u0131r\u0131lmas\u0131 \u00fc\u00e7\u00fcn nasosun qoyulmas\u0131nda, H\u00fcseynxanli m\u0259kt\u0259bind\u0259 natamam orta m\u0259kt\u0259bin tikilm\u0259si, h\u0259min k\u0259ndl\u0259rd\u0259 elektrik x\u0259tl\u0259rinin yenil\u0259nm\u0259si, yeni transformatorlar\u0131n qoyulmas\u0131, b\u00fct\u00fcn k\u0259ndl\u0259rd\u0259 qazla\u015fd\u0131r\u0131lman\u0131n tam ba\u015fa \u00e7atmas\u0131, \u018flib\u0259yli k\u0259ndind\u0259 m\u0259s\u00e7idin a\u00e7\u0131lmas\u0131, G\u0259lm\u0259-\u018flib\u0259yli-Z\u0259rdab yolunun \u0259sasl\u0131 t\u0259mirinin plana sal\u0131nmas\u0131, h\u0259min k\u0259ndl\u0259rin bir hiss\u0259sinin \u015f\u0259h\u0259r\u0259 \u00e7\u0131x\u0131\u015f\u0131n\u0131 t\u0259min ed\u0259n Z\u0259rdab-A\u011fcab\u0259di yolunun tikintisinin ba\u015flanmas\u0131 i\u015fl\u0259rind\u0259 g\u00f6st\u0259rdiyi k\u00f6m\u0259klikl\u0259r\u0259 g\u00f6r\u0259, bu m\u0259s\u0259l\u0259l\u0259ri \u0259laq\u0259dar t\u0259\u015fkilatlara \u00e7atd\u0131rd\u0131\u011f\u0131na v\u0259 m\u00fcsb\u0259t h\u0259llin\u0259 nail oldu\u011funa g\u00f6r\u0259 minn\u0259tdarl\u0131q ifad\u0259 edibl\u0259r.<\/p>\n\n\n\n\n\n<p><strong>Qeyd ed\u0259k ki, J. \u018fliyeva Z\u0259rdab\u0131 (qism\u0259n d\u0259 Ucar\u0131), 92 sayl\u0131 Se\u00e7ki Dair\u0259sini 3-c\u00fc \u00e7a\u011f\u0131r\u0131\u015fdan &#8211; 2005-ci ild\u0259n b\u0259ri Milli M\u0259clisd\u0259 (MM) t\u0259msil edir.<\/strong><\/p>\n\n\n\n<p>MM-in M\u0259d\u0259niyy\u0259t komit\u0259sinin s\u0259dr m\u00fcavini, h\u0259m d\u0259 \u018fm\u0259k v\u0259 sosial siyas\u0259t komit\u0259sinin \u00fczv\u00fcd\u00fcr.<\/p>\n\n\n\n<p><strong>Az\u0259rbaycan\u0131n QD\u0130\u018fT Parlament Assambleyas\u0131ndak\u0131 (PA) n\u00fcmay\u0259nd\u0259 hey\u0259tinin \u00fczv\u00fcd\u00fcr.<\/strong><\/p>\n\n\n\n<p><strong>Filologiya elml\u0259ri doktoru, professordur.<\/strong><\/p>\n\n\n\n<p><em><strong>Bir q\u0131z\u0131, 3 n\u0259v\u0259si var.<\/strong><\/em><\/p>\n\n\n\n<p>Zerdab.com sayt\u0131 Jal\u0259 \u018fliyevan\u0131n Z\u0259rdabda se\u00e7icil\u0259rl\u0259 g\u00f6r\u00fc\u015fl\u0259rind\u0259n fotolar\u0131 t\u0259qdim edir. <\/p>\n\n\n\n<figure class=\"wp-block-image\"><img decoding=\"async\" src=\"http:\/\/www.zerdab.com\/wp-content\/uploads\/2020\/01\/jale-eliyeva3-1-550x413.jpg\" alt=\"\" class=\"wp-image-27738\"\/><\/figure>\n\n\n\n<figure class=\"wp-block-image\"><img decoding=\"async\" src=\"http:\/\/www.zerdab.com\/wp-content\/uploads\/2020\/01\/jale-eliyeva4-550x413.jpg\" alt=\"\" class=\"wp-image-27739\"\/><figcaption><br><\/figcaption><\/figure>\n\n\n\n<figure class=\"wp-block-image\"><img decoding=\"async\" src=\"http:\/\/www.zerdab.com\/wp-content\/uploads\/2020\/01\/jale-eliyeva5-550x414.jpg\" alt=\"\" class=\"wp-image-27740\"\/><\/figure>\n\n\n\n<figure class=\"wp-block-image\"><img decoding=\"async\" src=\"http:\/\/www.zerdab.com\/wp-content\/uploads\/2020\/01\/jale-eliyeva6-550x413.jpg\" alt=\"\" class=\"wp-image-27741\"\/><\/figure>\n\n\n\n<figure class=\"wp-block-image\"><img decoding=\"async\" src=\"http:\/\/www.zerdab.com\/wp-content\/uploads\/2020\/01\/jale-eliyeva7-550x413.jpg\" alt=\"\" class=\"wp-image-27742\"\/><\/figure>\n\n\n\n<figure class=\"wp-block-image\"><img decoding=\"async\" src=\"http:\/\/www.zerdab.com\/wp-content\/uploads\/2020\/01\/jale-eliyeva8-550x408.jpg\" alt=\"\" class=\"wp-image-27743\"\/><\/figure>\n\n\n","protected":false},"excerpt":{"rendered":"<p>Milli M\u0259clisin (MM) M\u0259d\u0259niyy\u0259t komit\u0259sinin s\u0259dr m\u00fcavini, professor, 92 sayl\u0131 Z\u0259rdab-Ucar Se\u00e7ki Dair\u0259sind\u0259n olan deputatl\u0131\u011fa namiz\u0259d Jal\u0259 Fazil q\u0131z\u0131 \u018fliyeva se\u00e7kil\u0259rl\u0259 ba\u011fl\u0131 t\u0259bli\u011fat-t\u0259\u015fviqat kampaniyas\u0131na start verib. Zerdab.com sayt\u0131 x\u0259b\u0259r verir ki, J. \u018fliyeva&nbsp;Z\u0259rdab rayonunun G\u0259lm\u0259, Salahl\u0131, \u018flib\u0259yli, Allahquluba\u011f\u0131, H\u00fcseynxanl\u0131, Xanm\u0259mm\u0259dli, G\u0259nd\u0259bil k\u0259ndl\u0259rinin bir qrup se\u00e7icisi il\u0259 g\u00f6r\u00fc\u015f\u00fcb. G\u00f6r\u00fc\u015fd\u0259 \u00e7\u0131x\u0131\u015f ed\u0259n k\u0259nd sakinl\u0259ri H\u0259s\u0259n Abulov, Hac\u0131 [&hellip;]<\/p>\n","protected":false},"author":1,"featured_media":27734,"comment_status":"open","ping_status":"open","sticky":false,"template":"","format":"standard","meta":{"footnotes":""},"categories":[63,5],"tags":[],"class_list":{"0":"post-27732","1":"post","2":"type-post","3":"status-publish","4":"format-standard","5":"has-post-thumbnail","7":"category-manset","8":"category-knd"},"yoast_head":"<!-- This site is optimized with the Yoast SEO plugin v27.0 - https:\/\/yoast.com\/product\/yoast-seo-wordpress\/ -->\n<title>Jal\u0259 \u018fliyeva Z\u0259rdabda se\u00e7icil\u0259rl\u0259 g\u00f6r\u00fc\u015fl\u0259r\u0259 ba\u015flay\u0131b - Fotolar - Z\u0259rdab.com<\/title>\n<meta name=\"robots\" content=\"index, follow, max-snippet:-1, max-image-preview:large, max-video-preview:-1\" \/>\n<link rel=\"canonical\" href=\"https:\/\/www.zerdab.com\/?p=27732\" \/>\n<meta property=\"og:locale\" content=\"az_AZ\" \/>\n<meta property=\"og:type\" content=\"article\" \/>\n<meta property=\"og:title\" content=\"Jal\u0259 \u018fliyeva Z\u0259rdabda se\u00e7icil\u0259rl\u0259 g\u00f6r\u00fc\u015fl\u0259r\u0259 ba\u015flay\u0131b - Fotolar - Z\u0259rdab.com\" \/>\n<meta property=\"og:description\" content=\"Milli M\u0259clisin (MM) M\u0259d\u0259niyy\u0259t komit\u0259sinin s\u0259dr m\u00fcavini, professor, 92 sayl\u0131 Z\u0259rdab-Ucar Se\u00e7ki Dair\u0259sind\u0259n olan deputatl\u0131\u011fa namiz\u0259d Jal\u0259 Fazil q\u0131z\u0131 \u018fliyeva se\u00e7kil\u0259rl\u0259 ba\u011fl\u0131 t\u0259bli\u011fat-t\u0259\u015fviqat kampaniyas\u0131na start verib. Zerdab.com sayt\u0131 x\u0259b\u0259r verir ki, J. \u018fliyeva&nbsp;Z\u0259rdab rayonunun G\u0259lm\u0259, Salahl\u0131, \u018flib\u0259yli, Allahquluba\u011f\u0131, H\u00fcseynxanl\u0131, Xanm\u0259mm\u0259dli, G\u0259nd\u0259bil k\u0259ndl\u0259rinin bir qrup se\u00e7icisi il\u0259 g\u00f6r\u00fc\u015f\u00fcb. G\u00f6r\u00fc\u015fd\u0259 \u00e7\u0131x\u0131\u015f ed\u0259n k\u0259nd sakinl\u0259ri H\u0259s\u0259n Abulov, Hac\u0131 [&hellip;]\" \/>\n<meta property=\"og:url\" content=\"https:\/\/www.zerdab.com\/?p=27732\" \/>\n<meta property=\"og:site_name\" content=\"Z\u0259rdab.com\" \/>\n<meta property=\"article:published_time\" content=\"2020-01-22T18:06:11+00:00\" \/>\n<meta property=\"article:modified_time\" content=\"2020-01-22T18:07:10+00:00\" \/>\n<meta property=\"og:image\" content=\"https:\/\/www.zerdab.com\/wp-content\/uploads\/2020\/01\/jale-eliyeva2.jpg\" \/>\n\t<meta property=\"og:image:width\" content=\"960\" \/>\n\t<meta property=\"og:image:height\" content=\"640\" \/>\n\t<meta property=\"og:image:type\" content=\"image\/jpeg\" \/>\n<meta name=\"author\" content=\"admin\" \/>\n<meta name=\"twitter:card\" content=\"summary_large_image\" \/>\n<meta name=\"twitter:label1\" content=\"Written by\" \/>\n\t<meta name=\"twitter:data1\" content=\"admin\" \/>\n\t<meta name=\"twitter:label2\" content=\"Est. reading time\" \/>\n\t<meta name=\"twitter:data2\" content=\"2 minutes\" \/>\n<script type=\"application\/ld+json\" class=\"yoast-schema-graph\">{\"@context\":\"https:\/\/schema.org\",\"@graph\":[{\"@type\":\"Article\",\"@id\":\"https:\/\/www.zerdab.com\/?p=27732#article\",\"isPartOf\":{\"@id\":\"https:\/\/www.zerdab.com\/?p=27732\"},\"author\":{\"name\":\"admin\",\"@id\":\"https:\/\/www.zerdab.com\/#\/schema\/person\/97079b7570c1e89ec0d9e138c3672136\"},\"headline\":\"Jal\u0259 \u018fliyeva Z\u0259rdabda se\u00e7icil\u0259rl\u0259 g\u00f6r\u00fc\u015fl\u0259r\u0259 ba\u015flay\u0131b &#8211; Fotolar\",\"datePublished\":\"2020-01-22T18:06:11+00:00\",\"dateModified\":\"2020-01-22T18:07:10+00:00\",\"mainEntityOfPage\":{\"@id\":\"https:\/\/www.zerdab.com\/?p=27732\"},\"wordCount\":483,\"commentCount\":0,\"image\":{\"@id\":\"https:\/\/www.zerdab.com\/?p=27732#primaryimage\"},\"thumbnailUrl\":\"https:\/\/www.zerdab.com\/wp-content\/uploads\/2020\/01\/jale-eliyeva2.jpg\",\"articleSection\":[\"MAN\u015eET\",\"X\u018fB\u018fRL\u018fR\"],\"inLanguage\":\"az\",\"potentialAction\":[{\"@type\":\"CommentAction\",\"name\":\"Comment\",\"target\":[\"https:\/\/www.zerdab.com\/?p=27732#respond\"]}]},{\"@type\":\"WebPage\",\"@id\":\"https:\/\/www.zerdab.com\/?p=27732\",\"url\":\"https:\/\/www.zerdab.com\/?p=27732\",\"name\":\"Jal\u0259 \u018fliyeva Z\u0259rdabda se\u00e7icil\u0259rl\u0259 g\u00f6r\u00fc\u015fl\u0259r\u0259 ba\u015flay\u0131b - Fotolar - Z\u0259rdab.com\",\"isPartOf\":{\"@id\":\"https:\/\/www.zerdab.com\/#website\"},\"primaryImageOfPage\":{\"@id\":\"https:\/\/www.zerdab.com\/?p=27732#primaryimage\"},\"image\":{\"@id\":\"https:\/\/www.zerdab.com\/?p=27732#primaryimage\"},\"thumbnailUrl\":\"https:\/\/www.zerdab.com\/wp-content\/uploads\/2020\/01\/jale-eliyeva2.jpg\",\"datePublished\":\"2020-01-22T18:06:11+00:00\",\"dateModified\":\"2020-01-22T18:07:10+00:00\",\"author\":{\"@id\":\"https:\/\/www.zerdab.com\/#\/schema\/person\/97079b7570c1e89ec0d9e138c3672136\"},\"breadcrumb\":{\"@id\":\"https:\/\/www.zerdab.com\/?p=27732#breadcrumb\"},\"inLanguage\":\"az\",\"potentialAction\":[{\"@type\":\"ReadAction\",\"target\":[\"https:\/\/www.zerdab.com\/?p=27732\"]}]},{\"@type\":\"ImageObject\",\"inLanguage\":\"az\",\"@id\":\"https:\/\/www.zerdab.com\/?p=27732#primaryimage\",\"url\":\"https:\/\/www.zerdab.com\/wp-content\/uploads\/2020\/01\/jale-eliyeva2.jpg\",\"contentUrl\":\"https:\/\/www.zerdab.com\/wp-content\/uploads\/2020\/01\/jale-eliyeva2.jpg\",\"width\":960,\"height\":640,\"caption\":\"jale-eliyeva\"},{\"@type\":\"BreadcrumbList\",\"@id\":\"https:\/\/www.zerdab.com\/?p=27732#breadcrumb\",\"itemListElement\":[{\"@type\":\"ListItem\",\"position\":1,\"name\":\"Home\",\"item\":\"https:\/\/www.zerdab.com\/\"},{\"@type\":\"ListItem\",\"position\":2,\"name\":\"Jal\u0259 \u018fliyeva Z\u0259rdabda se\u00e7icil\u0259rl\u0259 g\u00f6r\u00fc\u015fl\u0259r\u0259 ba\u015flay\u0131b &#8211; Fotolar\"}]},{\"@type\":\"WebSite\",\"@id\":\"https:\/\/www.zerdab.com\/#website\",\"url\":\"https:\/\/www.zerdab.com\/\",\"name\":\"Z\u0259rdab.com\",\"description\":\"\",\"potentialAction\":[{\"@type\":\"SearchAction\",\"target\":{\"@type\":\"EntryPoint\",\"urlTemplate\":\"https:\/\/www.zerdab.com\/?s={search_term_string}\"},\"query-input\":{\"@type\":\"PropertyValueSpecification\",\"valueRequired\":true,\"valueName\":\"search_term_string\"}}],\"inLanguage\":\"az\"},{\"@type\":\"Person\",\"@id\":\"https:\/\/www.zerdab.com\/#\/schema\/person\/97079b7570c1e89ec0d9e138c3672136\",\"name\":\"admin\",\"image\":{\"@type\":\"ImageObject\",\"inLanguage\":\"az\",\"@id\":\"https:\/\/www.zerdab.com\/#\/schema\/person\/image\/\",\"url\":\"https:\/\/secure.gravatar.com\/avatar\/d9c52a9a27c32119cb6679a077fa3e2779e5f822c451cbf01098004361d466ec?s=96&d=mm&r=g\",\"contentUrl\":\"https:\/\/secure.gravatar.com\/avatar\/d9c52a9a27c32119cb6679a077fa3e2779e5f822c451cbf01098004361d466ec?s=96&d=mm&r=g\",\"caption\":\"admin\"},\"url\":\"https:\/\/www.zerdab.com\/?author=1\"}]}<\/script>\n<!-- \/ Yoast SEO plugin. -->","yoast_head_json":{"title":"Jal\u0259 \u018fliyeva Z\u0259rdabda se\u00e7icil\u0259rl\u0259 g\u00f6r\u00fc\u015fl\u0259r\u0259 ba\u015flay\u0131b - Fotolar - Z\u0259rdab.com","robots":{"index":"index","follow":"follow","max-snippet":"max-snippet:-1","max-image-preview":"max-image-preview:large","max-video-preview":"max-video-preview:-1"},"canonical":"https:\/\/www.zerdab.com\/?p=27732","og_locale":"az_AZ","og_type":"article","og_title":"Jal\u0259 \u018fliyeva Z\u0259rdabda se\u00e7icil\u0259rl\u0259 g\u00f6r\u00fc\u015fl\u0259r\u0259 ba\u015flay\u0131b - Fotolar - Z\u0259rdab.com","og_description":"Milli M\u0259clisin (MM) M\u0259d\u0259niyy\u0259t komit\u0259sinin s\u0259dr m\u00fcavini, professor, 92 sayl\u0131 Z\u0259rdab-Ucar Se\u00e7ki Dair\u0259sind\u0259n olan deputatl\u0131\u011fa namiz\u0259d Jal\u0259 Fazil q\u0131z\u0131 \u018fliyeva se\u00e7kil\u0259rl\u0259 ba\u011fl\u0131 t\u0259bli\u011fat-t\u0259\u015fviqat kampaniyas\u0131na start verib. Zerdab.com sayt\u0131 x\u0259b\u0259r verir ki, J. \u018fliyeva&nbsp;Z\u0259rdab rayonunun G\u0259lm\u0259, Salahl\u0131, \u018flib\u0259yli, Allahquluba\u011f\u0131, H\u00fcseynxanl\u0131, Xanm\u0259mm\u0259dli, G\u0259nd\u0259bil k\u0259ndl\u0259rinin bir qrup se\u00e7icisi il\u0259 g\u00f6r\u00fc\u015f\u00fcb. G\u00f6r\u00fc\u015fd\u0259 \u00e7\u0131x\u0131\u015f ed\u0259n k\u0259nd sakinl\u0259ri H\u0259s\u0259n Abulov, Hac\u0131 [&hellip;]","og_url":"https:\/\/www.zerdab.com\/?p=27732","og_site_name":"Z\u0259rdab.com","article_published_time":"2020-01-22T18:06:11+00:00","article_modified_time":"2020-01-22T18:07:10+00:00","og_image":[{"width":960,"height":640,"url":"https:\/\/www.zerdab.com\/wp-content\/uploads\/2020\/01\/jale-eliyeva2.jpg","type":"image\/jpeg"}],"author":"admin","twitter_card":"summary_large_image","twitter_misc":{"Written by":"admin","Est. reading time":"2 minutes"},"schema":{"@context":"https:\/\/schema.org","@graph":[{"@type":"Article","@id":"https:\/\/www.zerdab.com\/?p=27732#article","isPartOf":{"@id":"https:\/\/www.zerdab.com\/?p=27732"},"author":{"name":"admin","@id":"https:\/\/www.zerdab.com\/#\/schema\/person\/97079b7570c1e89ec0d9e138c3672136"},"headline":"Jal\u0259 \u018fliyeva Z\u0259rdabda se\u00e7icil\u0259rl\u0259 g\u00f6r\u00fc\u015fl\u0259r\u0259 ba\u015flay\u0131b &#8211; Fotolar","datePublished":"2020-01-22T18:06:11+00:00","dateModified":"2020-01-22T18:07:10+00:00","mainEntityOfPage":{"@id":"https:\/\/www.zerdab.com\/?p=27732"},"wordCount":483,"commentCount":0,"image":{"@id":"https:\/\/www.zerdab.com\/?p=27732#primaryimage"},"thumbnailUrl":"https:\/\/www.zerdab.com\/wp-content\/uploads\/2020\/01\/jale-eliyeva2.jpg","articleSection":["MAN\u015eET","X\u018fB\u018fRL\u018fR"],"inLanguage":"az","potentialAction":[{"@type":"CommentAction","name":"Comment","target":["https:\/\/www.zerdab.com\/?p=27732#respond"]}]},{"@type":"WebPage","@id":"https:\/\/www.zerdab.com\/?p=27732","url":"https:\/\/www.zerdab.com\/?p=27732","name":"Jal\u0259 \u018fliyeva Z\u0259rdabda se\u00e7icil\u0259rl\u0259 g\u00f6r\u00fc\u015fl\u0259r\u0259 ba\u015flay\u0131b - Fotolar - Z\u0259rdab.com","isPartOf":{"@id":"https:\/\/www.zerdab.com\/#website"},"primaryImageOfPage":{"@id":"https:\/\/www.zerdab.com\/?p=27732#primaryimage"},"image":{"@id":"https:\/\/www.zerdab.com\/?p=27732#primaryimage"},"thumbnailUrl":"https:\/\/www.zerdab.com\/wp-content\/uploads\/2020\/01\/jale-eliyeva2.jpg","datePublished":"2020-01-22T18:06:11+00:00","dateModified":"2020-01-22T18:07:10+00:00","author":{"@id":"https:\/\/www.zerdab.com\/#\/schema\/person\/97079b7570c1e89ec0d9e138c3672136"},"breadcrumb":{"@id":"https:\/\/www.zerdab.com\/?p=27732#breadcrumb"},"inLanguage":"az","potentialAction":[{"@type":"ReadAction","target":["https:\/\/www.zerdab.com\/?p=27732"]}]},{"@type":"ImageObject","inLanguage":"az","@id":"https:\/\/www.zerdab.com\/?p=27732#primaryimage","url":"https:\/\/www.zerdab.com\/wp-content\/uploads\/2020\/01\/jale-eliyeva2.jpg","contentUrl":"https:\/\/www.zerdab.com\/wp-content\/uploads\/2020\/01\/jale-eliyeva2.jpg","width":960,"height":640,"caption":"jale-eliyeva"},{"@type":"BreadcrumbList","@id":"https:\/\/www.zerdab.com\/?p=27732#breadcrumb","itemListElement":[{"@type":"ListItem","position":1,"name":"Home","item":"https:\/\/www.zerdab.com\/"},{"@type":"ListItem","position":2,"name":"Jal\u0259 \u018fliyeva Z\u0259rdabda se\u00e7icil\u0259rl\u0259 g\u00f6r\u00fc\u015fl\u0259r\u0259 ba\u015flay\u0131b &#8211; Fotolar"}]},{"@type":"WebSite","@id":"https:\/\/www.zerdab.com\/#website","url":"https:\/\/www.zerdab.com\/","name":"Z\u0259rdab.com","description":"","potentialAction":[{"@type":"SearchAction","target":{"@type":"EntryPoint","urlTemplate":"https:\/\/www.zerdab.com\/?s={search_term_string}"},"query-input":{"@type":"PropertyValueSpecification","valueRequired":true,"valueName":"search_term_string"}}],"inLanguage":"az"},{"@type":"Person","@id":"https:\/\/www.zerdab.com\/#\/schema\/person\/97079b7570c1e89ec0d9e138c3672136","name":"admin","image":{"@type":"ImageObject","inLanguage":"az","@id":"https:\/\/www.zerdab.com\/#\/schema\/person\/image\/","url":"https:\/\/secure.gravatar.com\/avatar\/d9c52a9a27c32119cb6679a077fa3e2779e5f822c451cbf01098004361d466ec?s=96&d=mm&r=g","contentUrl":"https:\/\/secure.gravatar.com\/avatar\/d9c52a9a27c32119cb6679a077fa3e2779e5f822c451cbf01098004361d466ec?s=96&d=mm&r=g","caption":"admin"},"url":"https:\/\/www.zerdab.com\/?author=1"}]}},"_links":{"self":[{"href":"https:\/\/www.zerdab.com\/index.php?rest_route=\/wp\/v2\/posts\/27732","targetHints":{"allow":["GET"]}}],"collection":[{"href":"https:\/\/www.zerdab.com\/index.php?rest_route=\/wp\/v2\/posts"}],"about":[{"href":"https:\/\/www.zerdab.com\/index.php?rest_route=\/wp\/v2\/types\/post"}],"author":[{"embeddable":true,"href":"https:\/\/www.zerdab.com\/index.php?rest_route=\/wp\/v2\/users\/1"}],"replies":[{"embeddable":true,"href":"https:\/\/www.zerdab.com\/index.php?rest_route=%2Fwp%2Fv2%2Fcomments&post=27732"}],"version-history":[{"count":3,"href":"https:\/\/www.zerdab.com\/index.php?rest_route=\/wp\/v2\/posts\/27732\/revisions"}],"predecessor-version":[{"id":27745,"href":"https:\/\/www.zerdab.com\/index.php?rest_route=\/wp\/v2\/posts\/27732\/revisions\/27745"}],"wp:featuredmedia":[{"embeddable":true,"href":"https:\/\/www.zerdab.com\/index.php?rest_route=\/wp\/v2\/media\/27734"}],"wp:attachment":[{"href":"https:\/\/www.zerdab.com\/index.php?rest_route=%2Fwp%2Fv2%2Fmedia&parent=27732"}],"wp:term":[{"taxonomy":"category","embeddable":true,"href":"https:\/\/www.zerdab.com\/index.php?rest_route=%2Fwp%2Fv2%2Fcategories&post=27732"},{"taxonomy":"post_tag","embeddable":true,"href":"https:\/\/www.zerdab.com\/index.php?rest_route=%2Fwp%2Fv2%2Ftags&post=27732"}],"curies":[{"name":"wp","href":"https:\/\/api.w.org\/{rel}","templated":true}]}}