{"id":27746,"date":"2020-01-22T22:20:08","date_gmt":"2020-01-22T18:20:08","guid":{"rendered":"http:\/\/www.zerdab.com\/?p=27746"},"modified":"2020-01-22T22:20:47","modified_gmt":"2020-01-22T18:20:47","slug":"jal%c9%99-%c9%99liyeva-s%c9%99hid-nurlan-adbullazad%c9%99nin-v%c9%99-vuqar-abdullayevin-ail%c9%99sini-ziyar%c9%99t-edib-fotolar","status":"publish","type":"post","link":"https:\/\/www.zerdab.com\/?p=27746","title":{"rendered":"Jal\u0259 \u018fliyeva \u015f\u0259hid Nurlan Adbullazad\u0259nin v\u0259 V\u00fcqar Abdullayevin ail\u0259sini ziyar\u0259t edib &#8211; Fotolar"},"content":{"rendered":"\n<p> 92 sayl\u0131 Z\u0259rdab-Ucar Se\u00e7ki Dair\u0259sind\u0259n deputatl\u0131\u011fa namiz\u0259d, professor, Milli M\u0259clisin (MM) M\u0259d\u0259niyy\u0259t komit\u0259sinin s\u0259dr m\u00fcavini<strong>\u00a0Jal\u0259 \u018fliyeva Z\u0259rdab\u0131n Qarav\u0259lli k\u0259ndind\u0259 \u015f\u0259hid V\u00fcqar Abdullayevin atas\u0131n\u0131 v\u0259 do\u011fmalar\u0131n\u0131 ziyar\u0259t edib. <\/strong><\/p>\n\n\n\n<figure class=\"wp-block-image\"><img loading=\"lazy\" decoding=\"async\" width=\"550\" height=\"413\" src=\"http:\/\/www.zerdab.com\/wp-content\/uploads\/2020\/01\/jale-eliyeva-1-550x413.jpg\" alt=\"\" class=\"wp-image-27748\" srcset=\"https:\/\/www.zerdab.com\/wp-content\/uploads\/2020\/01\/jale-eliyeva-1-550x413.jpg 550w, https:\/\/www.zerdab.com\/wp-content\/uploads\/2020\/01\/jale-eliyeva-1-400x300.jpg 400w, https:\/\/www.zerdab.com\/wp-content\/uploads\/2020\/01\/jale-eliyeva-1-768x576.jpg 768w, https:\/\/www.zerdab.com\/wp-content\/uploads\/2020\/01\/jale-eliyeva-1-80x60.jpg 80w, https:\/\/www.zerdab.com\/wp-content\/uploads\/2020\/01\/jale-eliyeva-1-265x198.jpg 265w, https:\/\/www.zerdab.com\/wp-content\/uploads\/2020\/01\/jale-eliyeva-1-696x522.jpg 696w, https:\/\/www.zerdab.com\/wp-content\/uploads\/2020\/01\/jale-eliyeva-1-560x420.jpg 560w, https:\/\/www.zerdab.com\/wp-content\/uploads\/2020\/01\/jale-eliyeva-1.jpg 960w\" sizes=\"auto, (max-width: 550px) 100vw, 550px\" \/><\/figure>\n\n\n\n<p><strong>Zerdab.com x\u0259b\u0259r verir ki, V\u00fcqar Abdullayev 1993-c\u00fc ild\u0259 v\u0259t\u0259n u\u011frunda d\u00f6y\u00fc\u015fl\u0259rd\u0259 h\u0259lak olub.<\/strong><\/p>\n\n\n\n<figure class=\"wp-block-image\"><img decoding=\"async\" src=\"http:\/\/www.zerdab.com\/wp-content\/uploads\/2020\/01\/jale-eliyeva1-1-550x413.jpg\" alt=\"\" class=\"wp-image-27749\"\/><\/figure>\n\n\n\n<p>Mill\u0259t v\u0259kili \u015f\u0259hid V\u00fcqar Abdullayev daxil olmaqla, b\u00fct\u00fcn \u015f\u0259hidl\u0259rin Az\u0259rbaycan xalq\u0131n\u0131n ba\u015f tac\u0131, onlar\u0131n uyuduqlar\u0131 m\u0259zarlar\u0131n, \u015f\u0259hidl\u0259r xiyabanlar\u0131n\u0131n and yeri oldu\u011funu bildirib.<\/p>\n\n\n\n<figure class=\"wp-block-image\"><img decoding=\"async\" src=\"http:\/\/www.zerdab.com\/wp-content\/uploads\/2020\/01\/jale-eliyeva2-1-550x413.jpg\" alt=\"\" class=\"wp-image-27750\"\/><\/figure>\n\n\n\n<p>Mill\u0259t v\u0259kili eyni zamanda, aprel d\u00f6y\u00fc\u015fl\u0259rinin q\u0259hr\u0259manlar\u0131ndan olan \u015f\u0259hid\u00a0<strong>Nurlan Abdullazad\u0259<\/strong>nin m\u0259zar\u0131n\u0131, daha sonra is\u0259 \u015f\u0259hidin valideynl\u0259rini ziyar\u0259t edib.<\/p>\n\n\n\n<figure class=\"wp-block-image\"><img decoding=\"async\" src=\"http:\/\/www.zerdab.com\/wp-content\/uploads\/2020\/01\/nurlan-abullazade-550x413.jpg\" alt=\"nurlan-abullazade\" class=\"wp-image-27747\"\/><\/figure>\n\n\n\n<figure class=\"wp-block-image\"><img decoding=\"async\" src=\"http:\/\/www.zerdab.com\/wp-content\/uploads\/2020\/01\/jale-eliyeva3-2-550x413.jpg\" alt=\"\" class=\"wp-image-27751\"\/><\/figure>\n\n\n\n<figure class=\"wp-block-image\"><img decoding=\"async\" src=\"http:\/\/www.zerdab.com\/wp-content\/uploads\/2020\/01\/jale-eliyeva4-1-550x413.jpg\" alt=\"\" class=\"wp-image-27752\"\/><\/figure>\n\n\n\n<p><br><br><\/p>\n","protected":false},"excerpt":{"rendered":"<p>92 sayl\u0131 Z\u0259rdab-Ucar Se\u00e7ki Dair\u0259sind\u0259n deputatl\u0131\u011fa namiz\u0259d, professor, Milli M\u0259clisin (MM) M\u0259d\u0259niyy\u0259t komit\u0259sinin s\u0259dr m\u00fcavini\u00a0Jal\u0259 \u018fliyeva Z\u0259rdab\u0131n Qarav\u0259lli k\u0259ndind\u0259 \u015f\u0259hid V\u00fcqar Abdullayevin atas\u0131n\u0131 v\u0259 do\u011fmalar\u0131n\u0131 ziyar\u0259t edib. Zerdab.com x\u0259b\u0259r verir ki, V\u00fcqar Abdullayev 1993-c\u00fc ild\u0259 v\u0259t\u0259n u\u011frunda d\u00f6y\u00fc\u015fl\u0259rd\u0259 h\u0259lak olub. Mill\u0259t v\u0259kili \u015f\u0259hid V\u00fcqar Abdullayev daxil olmaqla, b\u00fct\u00fcn \u015f\u0259hidl\u0259rin Az\u0259rbaycan xalq\u0131n\u0131n ba\u015f tac\u0131, onlar\u0131n uyuduqlar\u0131 [&hellip;]<\/p>\n","protected":false},"author":1,"featured_media":0,"comment_status":"open","ping_status":"open","sticky":false,"template":"","format":"standard","meta":{"footnotes":""},"categories":[21,63],"tags":[],"class_list":{"0":"post-27746","1":"post","2":"type-post","3":"status-publish","4":"format-standard","6":"category-zrdab","7":"category-manset"},"yoast_head":"<!-- This site is optimized with the Yoast SEO plugin v27.0 - https:\/\/yoast.com\/product\/yoast-seo-wordpress\/ -->\n<title>Jal\u0259 \u018fliyeva \u015f\u0259hid Nurlan Adbullazad\u0259nin v\u0259 V\u00fcqar Abdullayevin ail\u0259sini ziyar\u0259t edib - Fotolar - Z\u0259rdab.com<\/title>\n<meta name=\"robots\" content=\"index, follow, max-snippet:-1, max-image-preview:large, max-video-preview:-1\" \/>\n<link rel=\"canonical\" href=\"https:\/\/www.zerdab.com\/?p=27746\" \/>\n<meta property=\"og:locale\" content=\"az_AZ\" \/>\n<meta property=\"og:type\" content=\"article\" \/>\n<meta property=\"og:title\" content=\"Jal\u0259 \u018fliyeva \u015f\u0259hid Nurlan Adbullazad\u0259nin v\u0259 V\u00fcqar Abdullayevin ail\u0259sini ziyar\u0259t edib - Fotolar - Z\u0259rdab.com\" \/>\n<meta property=\"og:description\" content=\"92 sayl\u0131 Z\u0259rdab-Ucar Se\u00e7ki Dair\u0259sind\u0259n deputatl\u0131\u011fa namiz\u0259d, professor, Milli M\u0259clisin (MM) M\u0259d\u0259niyy\u0259t komit\u0259sinin s\u0259dr m\u00fcavini\u00a0Jal\u0259 \u018fliyeva Z\u0259rdab\u0131n Qarav\u0259lli k\u0259ndind\u0259 \u015f\u0259hid V\u00fcqar Abdullayevin atas\u0131n\u0131 v\u0259 do\u011fmalar\u0131n\u0131 ziyar\u0259t edib. Zerdab.com x\u0259b\u0259r verir ki, V\u00fcqar Abdullayev 1993-c\u00fc ild\u0259 v\u0259t\u0259n u\u011frunda d\u00f6y\u00fc\u015fl\u0259rd\u0259 h\u0259lak olub. Mill\u0259t v\u0259kili \u015f\u0259hid V\u00fcqar Abdullayev daxil olmaqla, b\u00fct\u00fcn \u015f\u0259hidl\u0259rin Az\u0259rbaycan xalq\u0131n\u0131n ba\u015f tac\u0131, onlar\u0131n uyuduqlar\u0131 [&hellip;]\" \/>\n<meta property=\"og:url\" content=\"https:\/\/www.zerdab.com\/?p=27746\" \/>\n<meta property=\"og:site_name\" content=\"Z\u0259rdab.com\" \/>\n<meta property=\"article:published_time\" content=\"2020-01-22T18:20:08+00:00\" \/>\n<meta property=\"article:modified_time\" content=\"2020-01-22T18:20:47+00:00\" \/>\n<meta property=\"og:image\" content=\"http:\/\/www.zerdab.com\/wp-content\/uploads\/2020\/01\/jale-eliyeva-1-550x413.jpg\" \/>\n<meta name=\"author\" content=\"admin\" \/>\n<meta name=\"twitter:card\" content=\"summary_large_image\" \/>\n<meta name=\"twitter:label1\" content=\"Written by\" \/>\n\t<meta name=\"twitter:data1\" content=\"admin\" \/>\n\t<meta name=\"twitter:label2\" content=\"Est. reading time\" \/>\n\t<meta name=\"twitter:data2\" content=\"1 minute\" \/>\n<script type=\"application\/ld+json\" class=\"yoast-schema-graph\">{\"@context\":\"https:\/\/schema.org\",\"@graph\":[{\"@type\":\"Article\",\"@id\":\"https:\/\/www.zerdab.com\/?p=27746#article\",\"isPartOf\":{\"@id\":\"https:\/\/www.zerdab.com\/?p=27746\"},\"author\":{\"name\":\"admin\",\"@id\":\"https:\/\/www.zerdab.com\/#\/schema\/person\/97079b7570c1e89ec0d9e138c3672136\"},\"headline\":\"Jal\u0259 \u018fliyeva \u015f\u0259hid Nurlan Adbullazad\u0259nin v\u0259 V\u00fcqar Abdullayevin ail\u0259sini ziyar\u0259t edib &#8211; Fotolar\",\"datePublished\":\"2020-01-22T18:20:08+00:00\",\"dateModified\":\"2020-01-22T18:20:47+00:00\",\"mainEntityOfPage\":{\"@id\":\"https:\/\/www.zerdab.com\/?p=27746\"},\"wordCount\":160,\"commentCount\":0,\"image\":{\"@id\":\"https:\/\/www.zerdab.com\/?p=27746#primaryimage\"},\"thumbnailUrl\":\"http:\/\/www.zerdab.com\/wp-content\/uploads\/2020\/01\/jale-eliyeva-1-550x413.jpg\",\"articleSection\":[\"C\u018fM\u0130YY\u018fT\",\"MAN\u015eET\"],\"inLanguage\":\"az\",\"potentialAction\":[{\"@type\":\"CommentAction\",\"name\":\"Comment\",\"target\":[\"https:\/\/www.zerdab.com\/?p=27746#respond\"]}]},{\"@type\":\"WebPage\",\"@id\":\"https:\/\/www.zerdab.com\/?p=27746\",\"url\":\"https:\/\/www.zerdab.com\/?p=27746\",\"name\":\"Jal\u0259 \u018fliyeva \u015f\u0259hid Nurlan Adbullazad\u0259nin v\u0259 V\u00fcqar Abdullayevin ail\u0259sini ziyar\u0259t edib - Fotolar - Z\u0259rdab.com\",\"isPartOf\":{\"@id\":\"https:\/\/www.zerdab.com\/#website\"},\"primaryImageOfPage\":{\"@id\":\"https:\/\/www.zerdab.com\/?p=27746#primaryimage\"},\"image\":{\"@id\":\"https:\/\/www.zerdab.com\/?p=27746#primaryimage\"},\"thumbnailUrl\":\"http:\/\/www.zerdab.com\/wp-content\/uploads\/2020\/01\/jale-eliyeva-1-550x413.jpg\",\"datePublished\":\"2020-01-22T18:20:08+00:00\",\"dateModified\":\"2020-01-22T18:20:47+00:00\",\"author\":{\"@id\":\"https:\/\/www.zerdab.com\/#\/schema\/person\/97079b7570c1e89ec0d9e138c3672136\"},\"breadcrumb\":{\"@id\":\"https:\/\/www.zerdab.com\/?p=27746#breadcrumb\"},\"inLanguage\":\"az\",\"potentialAction\":[{\"@type\":\"ReadAction\",\"target\":[\"https:\/\/www.zerdab.com\/?p=27746\"]}]},{\"@type\":\"ImageObject\",\"inLanguage\":\"az\",\"@id\":\"https:\/\/www.zerdab.com\/?p=27746#primaryimage\",\"url\":\"https:\/\/www.zerdab.com\/wp-content\/uploads\/2020\/01\/jale-eliyeva-1.jpg\",\"contentUrl\":\"https:\/\/www.zerdab.com\/wp-content\/uploads\/2020\/01\/jale-eliyeva-1.jpg\",\"width\":960,\"height\":720},{\"@type\":\"BreadcrumbList\",\"@id\":\"https:\/\/www.zerdab.com\/?p=27746#breadcrumb\",\"itemListElement\":[{\"@type\":\"ListItem\",\"position\":1,\"name\":\"Home\",\"item\":\"https:\/\/www.zerdab.com\/\"},{\"@type\":\"ListItem\",\"position\":2,\"name\":\"Jal\u0259 \u018fliyeva \u015f\u0259hid Nurlan Adbullazad\u0259nin v\u0259 V\u00fcqar Abdullayevin ail\u0259sini ziyar\u0259t edib &#8211; Fotolar\"}]},{\"@type\":\"WebSite\",\"@id\":\"https:\/\/www.zerdab.com\/#website\",\"url\":\"https:\/\/www.zerdab.com\/\",\"name\":\"Z\u0259rdab.com\",\"description\":\"\",\"potentialAction\":[{\"@type\":\"SearchAction\",\"target\":{\"@type\":\"EntryPoint\",\"urlTemplate\":\"https:\/\/www.zerdab.com\/?s={search_term_string}\"},\"query-input\":{\"@type\":\"PropertyValueSpecification\",\"valueRequired\":true,\"valueName\":\"search_term_string\"}}],\"inLanguage\":\"az\"},{\"@type\":\"Person\",\"@id\":\"https:\/\/www.zerdab.com\/#\/schema\/person\/97079b7570c1e89ec0d9e138c3672136\",\"name\":\"admin\",\"image\":{\"@type\":\"ImageObject\",\"inLanguage\":\"az\",\"@id\":\"https:\/\/www.zerdab.com\/#\/schema\/person\/image\/\",\"url\":\"https:\/\/secure.gravatar.com\/avatar\/d9c52a9a27c32119cb6679a077fa3e2779e5f822c451cbf01098004361d466ec?s=96&d=mm&r=g\",\"contentUrl\":\"https:\/\/secure.gravatar.com\/avatar\/d9c52a9a27c32119cb6679a077fa3e2779e5f822c451cbf01098004361d466ec?s=96&d=mm&r=g\",\"caption\":\"admin\"},\"url\":\"https:\/\/www.zerdab.com\/?author=1\"}]}<\/script>\n<!-- \/ Yoast SEO plugin. -->","yoast_head_json":{"title":"Jal\u0259 \u018fliyeva \u015f\u0259hid Nurlan Adbullazad\u0259nin v\u0259 V\u00fcqar Abdullayevin ail\u0259sini ziyar\u0259t edib - Fotolar - Z\u0259rdab.com","robots":{"index":"index","follow":"follow","max-snippet":"max-snippet:-1","max-image-preview":"max-image-preview:large","max-video-preview":"max-video-preview:-1"},"canonical":"https:\/\/www.zerdab.com\/?p=27746","og_locale":"az_AZ","og_type":"article","og_title":"Jal\u0259 \u018fliyeva \u015f\u0259hid Nurlan Adbullazad\u0259nin v\u0259 V\u00fcqar Abdullayevin ail\u0259sini ziyar\u0259t edib - Fotolar - Z\u0259rdab.com","og_description":"92 sayl\u0131 Z\u0259rdab-Ucar Se\u00e7ki Dair\u0259sind\u0259n deputatl\u0131\u011fa namiz\u0259d, professor, Milli M\u0259clisin (MM) M\u0259d\u0259niyy\u0259t komit\u0259sinin s\u0259dr m\u00fcavini\u00a0Jal\u0259 \u018fliyeva Z\u0259rdab\u0131n Qarav\u0259lli k\u0259ndind\u0259 \u015f\u0259hid V\u00fcqar Abdullayevin atas\u0131n\u0131 v\u0259 do\u011fmalar\u0131n\u0131 ziyar\u0259t edib. Zerdab.com x\u0259b\u0259r verir ki, V\u00fcqar Abdullayev 1993-c\u00fc ild\u0259 v\u0259t\u0259n u\u011frunda d\u00f6y\u00fc\u015fl\u0259rd\u0259 h\u0259lak olub. Mill\u0259t v\u0259kili \u015f\u0259hid V\u00fcqar Abdullayev daxil olmaqla, b\u00fct\u00fcn \u015f\u0259hidl\u0259rin Az\u0259rbaycan xalq\u0131n\u0131n ba\u015f tac\u0131, onlar\u0131n uyuduqlar\u0131 [&hellip;]","og_url":"https:\/\/www.zerdab.com\/?p=27746","og_site_name":"Z\u0259rdab.com","article_published_time":"2020-01-22T18:20:08+00:00","article_modified_time":"2020-01-22T18:20:47+00:00","og_image":[{"url":"http:\/\/www.zerdab.com\/wp-content\/uploads\/2020\/01\/jale-eliyeva-1-550x413.jpg","type":"","width":"","height":""}],"author":"admin","twitter_card":"summary_large_image","twitter_misc":{"Written by":"admin","Est. reading time":"1 minute"},"schema":{"@context":"https:\/\/schema.org","@graph":[{"@type":"Article","@id":"https:\/\/www.zerdab.com\/?p=27746#article","isPartOf":{"@id":"https:\/\/www.zerdab.com\/?p=27746"},"author":{"name":"admin","@id":"https:\/\/www.zerdab.com\/#\/schema\/person\/97079b7570c1e89ec0d9e138c3672136"},"headline":"Jal\u0259 \u018fliyeva \u015f\u0259hid Nurlan Adbullazad\u0259nin v\u0259 V\u00fcqar Abdullayevin ail\u0259sini ziyar\u0259t edib &#8211; Fotolar","datePublished":"2020-01-22T18:20:08+00:00","dateModified":"2020-01-22T18:20:47+00:00","mainEntityOfPage":{"@id":"https:\/\/www.zerdab.com\/?p=27746"},"wordCount":160,"commentCount":0,"image":{"@id":"https:\/\/www.zerdab.com\/?p=27746#primaryimage"},"thumbnailUrl":"http:\/\/www.zerdab.com\/wp-content\/uploads\/2020\/01\/jale-eliyeva-1-550x413.jpg","articleSection":["C\u018fM\u0130YY\u018fT","MAN\u015eET"],"inLanguage":"az","potentialAction":[{"@type":"CommentAction","name":"Comment","target":["https:\/\/www.zerdab.com\/?p=27746#respond"]}]},{"@type":"WebPage","@id":"https:\/\/www.zerdab.com\/?p=27746","url":"https:\/\/www.zerdab.com\/?p=27746","name":"Jal\u0259 \u018fliyeva \u015f\u0259hid Nurlan Adbullazad\u0259nin v\u0259 V\u00fcqar Abdullayevin ail\u0259sini ziyar\u0259t edib - Fotolar - Z\u0259rdab.com","isPartOf":{"@id":"https:\/\/www.zerdab.com\/#website"},"primaryImageOfPage":{"@id":"https:\/\/www.zerdab.com\/?p=27746#primaryimage"},"image":{"@id":"https:\/\/www.zerdab.com\/?p=27746#primaryimage"},"thumbnailUrl":"http:\/\/www.zerdab.com\/wp-content\/uploads\/2020\/01\/jale-eliyeva-1-550x413.jpg","datePublished":"2020-01-22T18:20:08+00:00","dateModified":"2020-01-22T18:20:47+00:00","author":{"@id":"https:\/\/www.zerdab.com\/#\/schema\/person\/97079b7570c1e89ec0d9e138c3672136"},"breadcrumb":{"@id":"https:\/\/www.zerdab.com\/?p=27746#breadcrumb"},"inLanguage":"az","potentialAction":[{"@type":"ReadAction","target":["https:\/\/www.zerdab.com\/?p=27746"]}]},{"@type":"ImageObject","inLanguage":"az","@id":"https:\/\/www.zerdab.com\/?p=27746#primaryimage","url":"https:\/\/www.zerdab.com\/wp-content\/uploads\/2020\/01\/jale-eliyeva-1.jpg","contentUrl":"https:\/\/www.zerdab.com\/wp-content\/uploads\/2020\/01\/jale-eliyeva-1.jpg","width":960,"height":720},{"@type":"BreadcrumbList","@id":"https:\/\/www.zerdab.com\/?p=27746#breadcrumb","itemListElement":[{"@type":"ListItem","position":1,"name":"Home","item":"https:\/\/www.zerdab.com\/"},{"@type":"ListItem","position":2,"name":"Jal\u0259 \u018fliyeva \u015f\u0259hid Nurlan Adbullazad\u0259nin v\u0259 V\u00fcqar Abdullayevin ail\u0259sini ziyar\u0259t edib &#8211; Fotolar"}]},{"@type":"WebSite","@id":"https:\/\/www.zerdab.com\/#website","url":"https:\/\/www.zerdab.com\/","name":"Z\u0259rdab.com","description":"","potentialAction":[{"@type":"SearchAction","target":{"@type":"EntryPoint","urlTemplate":"https:\/\/www.zerdab.com\/?s={search_term_string}"},"query-input":{"@type":"PropertyValueSpecification","valueRequired":true,"valueName":"search_term_string"}}],"inLanguage":"az"},{"@type":"Person","@id":"https:\/\/www.zerdab.com\/#\/schema\/person\/97079b7570c1e89ec0d9e138c3672136","name":"admin","image":{"@type":"ImageObject","inLanguage":"az","@id":"https:\/\/www.zerdab.com\/#\/schema\/person\/image\/","url":"https:\/\/secure.gravatar.com\/avatar\/d9c52a9a27c32119cb6679a077fa3e2779e5f822c451cbf01098004361d466ec?s=96&d=mm&r=g","contentUrl":"https:\/\/secure.gravatar.com\/avatar\/d9c52a9a27c32119cb6679a077fa3e2779e5f822c451cbf01098004361d466ec?s=96&d=mm&r=g","caption":"admin"},"url":"https:\/\/www.zerdab.com\/?author=1"}]}},"_links":{"self":[{"href":"https:\/\/www.zerdab.com\/index.php?rest_route=\/wp\/v2\/posts\/27746","targetHints":{"allow":["GET"]}}],"collection":[{"href":"https:\/\/www.zerdab.com\/index.php?rest_route=\/wp\/v2\/posts"}],"about":[{"href":"https:\/\/www.zerdab.com\/index.php?rest_route=\/wp\/v2\/types\/post"}],"author":[{"embeddable":true,"href":"https:\/\/www.zerdab.com\/index.php?rest_route=\/wp\/v2\/users\/1"}],"replies":[{"embeddable":true,"href":"https:\/\/www.zerdab.com\/index.php?rest_route=%2Fwp%2Fv2%2Fcomments&post=27746"}],"version-history":[{"count":2,"href":"https:\/\/www.zerdab.com\/index.php?rest_route=\/wp\/v2\/posts\/27746\/revisions"}],"predecessor-version":[{"id":27754,"href":"https:\/\/www.zerdab.com\/index.php?rest_route=\/wp\/v2\/posts\/27746\/revisions\/27754"}],"wp:attachment":[{"href":"https:\/\/www.zerdab.com\/index.php?rest_route=%2Fwp%2Fv2%2Fmedia&parent=27746"}],"wp:term":[{"taxonomy":"category","embeddable":true,"href":"https:\/\/www.zerdab.com\/index.php?rest_route=%2Fwp%2Fv2%2Fcategories&post=27746"},{"taxonomy":"post_tag","embeddable":true,"href":"https:\/\/www.zerdab.com\/index.php?rest_route=%2Fwp%2Fv2%2Ftags&post=27746"}],"curies":[{"name":"wp","href":"https:\/\/api.w.org\/{rel}","templated":true}]}}