{"id":27763,"date":"2020-01-24T14:18:43","date_gmt":"2020-01-24T10:18:43","guid":{"rendered":"http:\/\/www.zerdab.com\/?p=27763"},"modified":"2020-02-04T22:28:02","modified_gmt":"2020-02-04T18:28:02","slug":"92-sayli-z%c9%99rdab-ucar-secki-dair%c9%99sind%c9%99n-deputatliga-namiz%c9%99d-seymur-bayramovla-musahib%c9%99","status":"publish","type":"post","link":"https:\/\/www.zerdab.com\/?p=27763","title":{"rendered":"92 sayl\u0131 Z\u0259rdab-Ucar Se\u00e7ki Dair\u0259sind\u0259n deputatl\u0131\u011fa namiz\u0259d Seymur Bayramovla &#8211; M\u00fcsahib\u0259"},"content":{"rendered":"\n<p><strong><em>92 sayl\u0131 Z\u0259rdab-Ucar Se\u00e7ki Dair\u0259sind\u0259n deputatl\u0131\u011fa namiz\u0259dliyi\nqeyd\u0259 al\u0131nm\u0131\u015f&nbsp;Seymur Bayramovun &#8220;Report&#8221;a m\u00fcsahib\u0259si<\/em><\/strong><\/p>\n\n\n\n<p><strong>&#8211; \u018fvv\u0259lc\u0259&nbsp;\u00f6z\u00fcn\u00fcz bar\u0259d\u0259 m\u0259lumat verin&#8230;<\/strong><\/p>\n\n\n\n<p>&#8211; M\u0259n\n1989-cu ild\u0259 Bak\u0131 \u015f\u0259h\u0259rind\u0259 anadan olmu\u015fam. 2012-ci ild\u0259 Qafqaz Universitetinin\nH\u00fcquq fak\u00fclt\u0259sinin Region\u015f\u00fcnasl\u0131q (Avropa \u00f6lk\u0259l\u0259ri \u00fczr\u0259) ixtisas\u0131n\u0131 bitirmi\u015f\u0259m.\nHaz\u0131rda &#8220;Z\u0259rdabi LTD&#8221; \u015firk\u0259tind\u0259 kommersiya m\u0259s\u0259l\u0259l\u0259ri \u00fczr\u0259 direktor\nv\u0259zif\u0259sind\u0259 \u00e7al\u0131\u015f\u0131ram. 92 sayl\u0131 Z\u0259rdab-Ucar se\u00e7ki dair\u0259sind\u0259n deputatl\u0131\u011fa\nnamiz\u0259dliyimi ir\u0259li s\u00fcrm\u00fc\u015f\u0259m. Ail\u0259liy\u0259m, iki \u00f6vlad\u0131m var.<\/p>\n\n\n\n<p><strong>&#8211; \u00dcmumiyy\u0259tl\u0259, se\u00e7ki platforman\u0131zda hans\u0131 m\u0259s\u0259l\u0259l\u0259r \u0259ksini tap\u0131b?<\/strong><\/p>\n\n\n\n<p>&#8211; T\u0259bii ki, se\u00e7kiy\u0259 qat\u0131lma\u011f\u0131m t\u0259sad\u00fcfi deyil. Prezident&nbsp;<a href=\"http:\/\/report.az\/persona\/ilham-%C9%99liyev\/\" target=\"_blank\" rel=\"noreferrer noopener\">\u0130lham \u018fliyev<\/a>in \u015eamax\u0131 rayonunda \u201cASAN xidm\u0259t\u201d\nm\u0259rk\u0259zinin a\u00e7\u0131l\u0131\u015f\u0131nda g\u0259ncl\u0259r\u0259 \u00e7a\u011f\u0131r\u0131\u015f\u0131n\u0131 diqq\u0259tl\u0259 dinl\u0259dim. \u00d6lk\u0259 ba\u015f\u00e7\u0131s\u0131n\u0131n\n\u00e7\u0131x\u0131\u015f\u0131nda qeyd etdiyi b\u00fct\u00fcn m\u0259s\u0259l\u0259l\u0259ri v\u0259 islahatlar d\u00f6n\u0259mind\u0259ki m\u00fcraci\u0259tl\u0259rini\n\u00f6z\u00fcm \u00fc\u00e7\u00fcn \u0259sas g\u00f6t\u00fcr\u0259r\u0259k fikirl\u0259\u015fdim ki, bu prosesl\u0259rd\u0259 bir g\u0259nc kimi\nm\u00fcsb\u0259ty\u00f6n\u00fcml\u00fc m\u00f6vqed\u0259n \u00e7a\u011f\u0131r\u0131\u015fa gedim. Ona g\u00f6r\u0259 d\u0259 92 sayl\u0131 Z\u0259rdab-Ucar se\u00e7ki\ndair\u0259sind\u0259n deputatl\u0131\u011fa namiz\u0259dliyimi ir\u0259li s\u00fcrd\u00fcm. D\u00fc\u015f\u00fcn\u00fcr\u0259m ki, haz\u0131rk\u0131\nprosesl\u0259rd\u0259 d\u00f6vl\u0259t ba\u015f\u00e7\u0131s\u0131n\u0131n m\u00fcraci\u0259tin\u0259 g\u0259ncl\u0259r diqq\u0259tl\u0259 yana\u015fmal\u0131d\u0131r. Bu\nm\u00fcraci\u0259t ona g\u00f6r\u0259dir ki, intellektli, savadl\u0131 g\u0259ncl\u0259r\u0259 v\u0259 onlar\u0131n elmi\nbilikl\u0259rin\u0259 \u00e7ox ehtiyac var. \u018flb\u0259tt\u0259, bu g\u0259ncl\u0259r Az\u0259rbaycan\u0131n sa\u011flam g\u0259l\u0259c\u0259yinin\nformala\u015fmas\u0131nda m\u00fch\u00fcm rol oynamal\u0131d\u0131r v\u0259 oynayacaqlar. Bu s\u0259b\u0259bd\u0259n se\u00e7ki\nprosesl\u0259rin\u0259 \u0259minlikl\u0259 qat\u0131ld\u0131m. Hesab edir\u0259m ki, t\u0259bli\u011fat-t\u0259\u015fviqat\nkampaniyas\u0131&nbsp;zaman\u0131 da ir\u0259li s\u00fcrd\u00fcy\u00fcm platformamla b\u0259rab\u0259r bu g\u00fcn\u00fcn\nt\u0259l\u0259bl\u0259rin\u0259 uy\u011fun \u015f\u0259kild\u0259 bu i\u015fl\u0259ri h\u0259yata ke\u00e7ir\u0259c\u0259y\u0259m.<\/p>\n\n\n\n<p><strong>&#8211; B\u0259s se\u00e7icil\u0259r aras\u0131nda t\u0259bli\u011fat-t\u0259\u015fviqat\nkampaniyas\u0131n\u0131&nbsp;hans\u0131 \u00fcsullarla apar\u0131rs\u0131n\u0131z?<\/strong><\/p>\n\n\n\n<p>&#8211; Haz\u0131rda\nbu sah\u0259d\u0259 t\u0259bli\u011fat-t\u0259\u015fviqat kampaniyas\u0131 bir \u00e7ox istiqam\u0259tl\u0259rd\u0259 davam edir.\nSosial \u015f\u0259b\u0259k\u0259 \u00fcz\u0259rind\u0259n daha aktiv i\u015fl\u0259yirik. F\u0259al &#8220;Facebook&#8221;\nistifad\u0259\u00e7isi olaraq maksimum d\u0259r\u0259c\u0259d\u0259 \u00e7al\u0131\u015f\u0131ram ki, m\u0259hz h\u0259min b\u00f6lg\u0259nin\ninsanlar\u0131 il\u0259 \u00fcnsiyy\u0259td\u0259 olum.&nbsp;Se\u00e7icil\u0259rl\u0259 g\u00f6r\u00fc\u015fl\u0259rimiz v\u0259\nvideom\u00fcraci\u0259tl\u0259rimiz m\u00fct\u0259madi \u015f\u0259kild\u0259 sosial \u015f\u0259b\u0259k\u0259d\u0259 yay\u0131mlan\u0131r.&nbsp;G\u0259ldiyim\nq\u0259na\u0259t odur ki, h\u0259min \u0259razid\u0259n g\u0259ncl\u0259r v\u0259 f\u0259al sosial \u015f\u0259b\u0259k\u0259 istifad\u0259\u00e7il\u0259ri\nvar. \u00c7al\u0131\u015f\u0131ram ki, f\u0259rqli v\u0259 pe\u015f\u0259kar \u015f\u0259kild\u0259 t\u0259bli\u011fat-t\u0259\u015fviqat kampaniyas\u0131\napar\u0131m. Bir namiz\u0259din formala\u015fm\u0131\u015f&nbsp;imici olmal\u0131d\u0131r, onun m\u00fcraci\u0259ti v\u0259\nm\u0259s\u0259l\u0259l\u0259r\u0259 yana\u015fmas\u0131 \u00e7ox \u0259h\u0259miyy\u0259tlidir. Se\u00e7icil\u0259r namiz\u0259di sosial \u015f\u0259b\u0259k\u0259\n\u00fcz\u0259rind\u0259n tan\u0131ma\u011fa \u00e7al\u0131\u015f\u0131rlarsa, dem\u0259li, h\u0259min insan h\u0259r bir r\u0259ftar\u0131nda,\njestind\u0259, m\u00fcnasib\u0259tind\u0259 diqq\u0259tli olmal\u0131d\u0131r.&nbsp;<\/p>\n\n\n\n<p><strong>&#8211; Namiz\u0259dliyinizi ir\u0259li s\u00fcrd\u00fcy\u00fcn\u00fcz dair\u0259d\u0259 insanlar\u0131n \u0259sas\nprobleml\u0259ri n\u0259dir?<\/strong><\/p>\n\n\n\n<p>&#8211;\nNamiz\u0259dliyimi ir\u0259li s\u00fcrd\u00fcy\u00fcm rayonda \u0259n \u00e7ox narahat do\u011furan m\u0259qam insanlar\u0131n\n\u00fcmidsizlik v\u0259 inams\u0131zl\u0131q hissl\u0259ri il\u0259 ya\u015famas\u0131d\u0131r. Bu problem vaxt\u0131nda h\u0259llini\ntapmasa, g\u0259l\u0259c\u0259kd\u0259 d\u0259 davam ed\u0259c\u0259k. Ona g\u00f6r\u0259 d\u0259&nbsp;bir namiz\u0259d olaraq ilk\ng\u00f6rm\u0259li oldu\u011fum v\u0259 ataca\u011f\u0131m add\u0131m inams\u0131z insanlara hans\u0131sa sah\u0259d\u0259 k\u00f6m\u0259klik\ng\u00f6st\u0259rm\u0259k v\u0259 onlar\u0131 buna&nbsp;inand\u0131rmaqd\u0131r. Onlara dem\u0259liyik ki, s\u0259sverm\u0259\nprosesind\u0259 i\u015ftirak ed\u0259r\u0259k&nbsp;layiqli namiz\u0259dinizi se\u00e7s\u0259niz, h\u0259r \u015fey yax\u015f\u0131\nolacaq, probleml\u0259r h\u0259llini tapacaq v\u0259 onlar\u0131n d\u0259rdl\u0259rin\u0259&nbsp;bigan\u0259\nyana\u015f\u0131lmayacaq. Haz\u0131rda se\u00e7icil\u0259ri buna inand\u0131rma\u011fa \u00e7al\u0131\u015f\u0131r\u0131q. \u018flimd\u0259n g\u0259ldiyi\nq\u0259d\u0259r \u00e7al\u0131\u015faca\u011fam ki, insanlardak\u0131 bu inams\u0131zl\u0131\u011f\u0131 aradan qald\u0131r\u0131m. \u00c7al\u0131\u015f\u0131ram\nki,&nbsp;g\u00f6r\u00fc\u015fl\u0259rd\u0259 ham\u0131ya f\u0259rdi yana\u015f\u0131m. H\u0259r bir insan\u0131n problemin\u0259 \u00f6z\nproblemim kimi yana\u015f\u0131ram. \u018fg\u0259r se\u00e7ici g\u00f6rs\u0259 ki, problemin\u0259 \u00f6z problemin kimi\nyana\u015f\u0131rsan, onda h\u0259min \u015f\u0259xs&nbsp;\u00fcmidsizlik sferas\u0131ndan bir add\u0131m \u00e7\u0131xma\u011fa\n\u00e7al\u0131\u015facaq. B\u0259z\u0259n el\u0259 probleml\u0259rl\u0259 rastla\u015f\u0131r\u0131q ki, onun b\u0259sit h\u0259ll yollar\u0131 var.\nDem\u0259li, \u0259sas problem insanlarla t\u0259masdad\u0131r. H\u0259r bir namiz\u0259d, deputat v\u0259 ya\nm\u0259mur birba\u015fa insanlarla yax\u0131ndan t\u0259masda olmal\u0131d\u0131r. K\u0259narda oturub problemin h\u0259llini\ntapmaq m\u00fcmk\u00fcn deyil. H\u0259r bir problemin h\u0259ll yollar\u0131n\u0131 insanlarla olan\nm\u00fcnasib\u0259td\u0259 h\u0259ll etm\u0259k m\u00fcmk\u00fcnd\u00fcr.<\/p>\n\n\n\n<p><strong>&#8211; Deputat se\u00e7ilm\u0259 \u015fans\u0131n\u0131z\u0131 nec\u0259 qiym\u0259tl\u0259ndirirsiniz?<\/strong><\/p>\n\n\n\n<p>&#8211; Bu\nprosesl\u0259rd\u0259 se\u00e7ilm\u0259k \u015fans\u0131 o q\u0259d\u0259r d\u0259 vacib deyil. M\u0259nim \u00fc\u00e7\u00fcn vacib olan\ninsanlarla \u00fcnsiyy\u0259tim, m\u00fcnasib\u0259tim v\u0259 yana\u015fmamd\u0131r. H\u0259d\u0259fim odur ki,\nnamiz\u0259dliyimi ir\u0259li s\u00fcrd\u00fcy\u00fcm dair\u0259d\u0259 el\u0259 bir insan qalmas\u0131n ki, m\u0259n onunla\ng\u00f6r\u00fc\u015fm\u0259yim. Se\u00e7ki g\u00fcn\u00fcn\u0259 q\u0259d\u0259r ist\u0259diyim\u0259 nail olsam, se\u00e7icil\u0259rimin\nprobleml\u0259rini \u00f6yr\u0259n\u0259 bils\u0259m, m\u0259nim \u00fc\u00e7\u00fcn q\u0259l\u0259b\u0259 olacaq. Se\u00e7ki g\u00fcn\u00fc se\u00e7icil\u0259rin\nm\u00f6vqeyini ifad\u0259 etdiyi g\u00fcnd\u00fcr. \u015eanslar\u0131m\u0131 h\u0259l\u0259 ki, d\u0259y\u0259rl\u0259ndirmir\u0259m.\nPlanla\u015fd\u0131rd\u0131\u011f\u0131m v\u0259 d\u00fc\u015f\u00fcnm\u0259li oldu\u011fum m\u0259s\u0259l\u0259 yaln\u0131z insanlarla g\u00f6r\u00fc\u015f\u00fcmd\u00fcr.&nbsp;<\/p>\n","protected":false},"excerpt":{"rendered":"<p>92 sayl\u0131 Z\u0259rdab-Ucar Se\u00e7ki Dair\u0259sind\u0259n deputatl\u0131\u011fa namiz\u0259dliyi qeyd\u0259 al\u0131nm\u0131\u015f&nbsp;Seymur Bayramovun &#8220;Report&#8221;a m\u00fcsahib\u0259si &#8211; \u018fvv\u0259lc\u0259&nbsp;\u00f6z\u00fcn\u00fcz bar\u0259d\u0259 m\u0259lumat verin&#8230; &#8211; M\u0259n 1989-cu ild\u0259 Bak\u0131 \u015f\u0259h\u0259rind\u0259 anadan olmu\u015fam. 2012-ci ild\u0259 Qafqaz Universitetinin H\u00fcquq fak\u00fclt\u0259sinin Region\u015f\u00fcnasl\u0131q (Avropa \u00f6lk\u0259l\u0259ri \u00fczr\u0259) ixtisas\u0131n\u0131 bitirmi\u015f\u0259m. Haz\u0131rda &#8220;Z\u0259rdabi LTD&#8221; \u015firk\u0259tind\u0259 kommersiya m\u0259s\u0259l\u0259l\u0259ri \u00fczr\u0259 direktor v\u0259zif\u0259sind\u0259 \u00e7al\u0131\u015f\u0131ram. 92 sayl\u0131 Z\u0259rdab-Ucar se\u00e7ki dair\u0259sind\u0259n deputatl\u0131\u011fa namiz\u0259dliyimi ir\u0259li [&hellip;]<\/p>\n","protected":false},"author":1,"featured_media":27764,"comment_status":"open","ping_status":"open","sticky":false,"template":"","format":"standard","meta":{"footnotes":""},"categories":[21,63],"tags":[],"class_list":{"0":"post-27763","1":"post","2":"type-post","3":"status-publish","4":"format-standard","5":"has-post-thumbnail","7":"category-zrdab","8":"category-manset"},"yoast_head":"<!-- This site is optimized with the Yoast SEO plugin v27.0 - https:\/\/yoast.com\/product\/yoast-seo-wordpress\/ -->\n<title>92 sayl\u0131 Z\u0259rdab-Ucar Se\u00e7ki Dair\u0259sind\u0259n deputatl\u0131\u011fa namiz\u0259d Seymur Bayramovla - M\u00fcsahib\u0259 - Z\u0259rdab.com<\/title>\n<meta name=\"robots\" content=\"index, follow, max-snippet:-1, max-image-preview:large, max-video-preview:-1\" \/>\n<link rel=\"canonical\" href=\"https:\/\/www.zerdab.com\/?p=27763\" \/>\n<meta property=\"og:locale\" content=\"az_AZ\" \/>\n<meta property=\"og:type\" content=\"article\" \/>\n<meta property=\"og:title\" content=\"92 sayl\u0131 Z\u0259rdab-Ucar Se\u00e7ki Dair\u0259sind\u0259n deputatl\u0131\u011fa namiz\u0259d Seymur Bayramovla - M\u00fcsahib\u0259 - Z\u0259rdab.com\" \/>\n<meta property=\"og:description\" content=\"92 sayl\u0131 Z\u0259rdab-Ucar Se\u00e7ki Dair\u0259sind\u0259n deputatl\u0131\u011fa namiz\u0259dliyi qeyd\u0259 al\u0131nm\u0131\u015f&nbsp;Seymur Bayramovun &#8220;Report&#8221;a m\u00fcsahib\u0259si &#8211; \u018fvv\u0259lc\u0259&nbsp;\u00f6z\u00fcn\u00fcz bar\u0259d\u0259 m\u0259lumat verin&#8230; &#8211; M\u0259n 1989-cu ild\u0259 Bak\u0131 \u015f\u0259h\u0259rind\u0259 anadan olmu\u015fam. 2012-ci ild\u0259 Qafqaz Universitetinin H\u00fcquq fak\u00fclt\u0259sinin Region\u015f\u00fcnasl\u0131q (Avropa \u00f6lk\u0259l\u0259ri \u00fczr\u0259) ixtisas\u0131n\u0131 bitirmi\u015f\u0259m. Haz\u0131rda &#8220;Z\u0259rdabi LTD&#8221; \u015firk\u0259tind\u0259 kommersiya m\u0259s\u0259l\u0259l\u0259ri \u00fczr\u0259 direktor v\u0259zif\u0259sind\u0259 \u00e7al\u0131\u015f\u0131ram. 92 sayl\u0131 Z\u0259rdab-Ucar se\u00e7ki dair\u0259sind\u0259n deputatl\u0131\u011fa namiz\u0259dliyimi ir\u0259li [&hellip;]\" \/>\n<meta property=\"og:url\" content=\"https:\/\/www.zerdab.com\/?p=27763\" \/>\n<meta property=\"og:site_name\" content=\"Z\u0259rdab.com\" \/>\n<meta property=\"article:published_time\" content=\"2020-01-24T10:18:43+00:00\" \/>\n<meta property=\"article:modified_time\" content=\"2020-02-04T18:28:02+00:00\" \/>\n<meta property=\"og:image\" content=\"https:\/\/www.zerdab.com\/wp-content\/uploads\/2020\/01\/seymur-bayramov.jpg\" \/>\n\t<meta property=\"og:image:width\" content=\"5695\" \/>\n\t<meta property=\"og:image:height\" content=\"3840\" \/>\n\t<meta property=\"og:image:type\" content=\"image\/jpeg\" \/>\n<meta name=\"author\" content=\"admin\" \/>\n<meta name=\"twitter:card\" content=\"summary_large_image\" \/>\n<meta name=\"twitter:label1\" content=\"Written by\" \/>\n\t<meta name=\"twitter:data1\" content=\"admin\" \/>\n\t<meta name=\"twitter:label2\" content=\"Est. reading time\" \/>\n\t<meta name=\"twitter:data2\" content=\"5 minutes\" \/>\n<script type=\"application\/ld+json\" class=\"yoast-schema-graph\">{\"@context\":\"https:\/\/schema.org\",\"@graph\":[{\"@type\":\"Article\",\"@id\":\"https:\/\/www.zerdab.com\/?p=27763#article\",\"isPartOf\":{\"@id\":\"https:\/\/www.zerdab.com\/?p=27763\"},\"author\":{\"name\":\"admin\",\"@id\":\"https:\/\/www.zerdab.com\/#\/schema\/person\/97079b7570c1e89ec0d9e138c3672136\"},\"headline\":\"92 sayl\u0131 Z\u0259rdab-Ucar Se\u00e7ki Dair\u0259sind\u0259n deputatl\u0131\u011fa namiz\u0259d Seymur Bayramovla &#8211; M\u00fcsahib\u0259\",\"datePublished\":\"2020-01-24T10:18:43+00:00\",\"dateModified\":\"2020-02-04T18:28:02+00:00\",\"mainEntityOfPage\":{\"@id\":\"https:\/\/www.zerdab.com\/?p=27763\"},\"wordCount\":1049,\"commentCount\":0,\"image\":{\"@id\":\"https:\/\/www.zerdab.com\/?p=27763#primaryimage\"},\"thumbnailUrl\":\"https:\/\/www.zerdab.com\/wp-content\/uploads\/2020\/01\/seymur-bayramov.jpg\",\"articleSection\":[\"C\u018fM\u0130YY\u018fT\",\"MAN\u015eET\"],\"inLanguage\":\"az\",\"potentialAction\":[{\"@type\":\"CommentAction\",\"name\":\"Comment\",\"target\":[\"https:\/\/www.zerdab.com\/?p=27763#respond\"]}]},{\"@type\":\"WebPage\",\"@id\":\"https:\/\/www.zerdab.com\/?p=27763\",\"url\":\"https:\/\/www.zerdab.com\/?p=27763\",\"name\":\"92 sayl\u0131 Z\u0259rdab-Ucar Se\u00e7ki Dair\u0259sind\u0259n deputatl\u0131\u011fa namiz\u0259d Seymur Bayramovla - M\u00fcsahib\u0259 - Z\u0259rdab.com\",\"isPartOf\":{\"@id\":\"https:\/\/www.zerdab.com\/#website\"},\"primaryImageOfPage\":{\"@id\":\"https:\/\/www.zerdab.com\/?p=27763#primaryimage\"},\"image\":{\"@id\":\"https:\/\/www.zerdab.com\/?p=27763#primaryimage\"},\"thumbnailUrl\":\"https:\/\/www.zerdab.com\/wp-content\/uploads\/2020\/01\/seymur-bayramov.jpg\",\"datePublished\":\"2020-01-24T10:18:43+00:00\",\"dateModified\":\"2020-02-04T18:28:02+00:00\",\"author\":{\"@id\":\"https:\/\/www.zerdab.com\/#\/schema\/person\/97079b7570c1e89ec0d9e138c3672136\"},\"breadcrumb\":{\"@id\":\"https:\/\/www.zerdab.com\/?p=27763#breadcrumb\"},\"inLanguage\":\"az\",\"potentialAction\":[{\"@type\":\"ReadAction\",\"target\":[\"https:\/\/www.zerdab.com\/?p=27763\"]}]},{\"@type\":\"ImageObject\",\"inLanguage\":\"az\",\"@id\":\"https:\/\/www.zerdab.com\/?p=27763#primaryimage\",\"url\":\"https:\/\/www.zerdab.com\/wp-content\/uploads\/2020\/01\/seymur-bayramov.jpg\",\"contentUrl\":\"https:\/\/www.zerdab.com\/wp-content\/uploads\/2020\/01\/seymur-bayramov.jpg\",\"width\":5695,\"height\":3840,\"caption\":\"seymur-bayramov\"},{\"@type\":\"BreadcrumbList\",\"@id\":\"https:\/\/www.zerdab.com\/?p=27763#breadcrumb\",\"itemListElement\":[{\"@type\":\"ListItem\",\"position\":1,\"name\":\"Home\",\"item\":\"https:\/\/www.zerdab.com\/\"},{\"@type\":\"ListItem\",\"position\":2,\"name\":\"92 sayl\u0131 Z\u0259rdab-Ucar Se\u00e7ki Dair\u0259sind\u0259n deputatl\u0131\u011fa namiz\u0259d Seymur Bayramovla &#8211; M\u00fcsahib\u0259\"}]},{\"@type\":\"WebSite\",\"@id\":\"https:\/\/www.zerdab.com\/#website\",\"url\":\"https:\/\/www.zerdab.com\/\",\"name\":\"Z\u0259rdab.com\",\"description\":\"\",\"potentialAction\":[{\"@type\":\"SearchAction\",\"target\":{\"@type\":\"EntryPoint\",\"urlTemplate\":\"https:\/\/www.zerdab.com\/?s={search_term_string}\"},\"query-input\":{\"@type\":\"PropertyValueSpecification\",\"valueRequired\":true,\"valueName\":\"search_term_string\"}}],\"inLanguage\":\"az\"},{\"@type\":\"Person\",\"@id\":\"https:\/\/www.zerdab.com\/#\/schema\/person\/97079b7570c1e89ec0d9e138c3672136\",\"name\":\"admin\",\"image\":{\"@type\":\"ImageObject\",\"inLanguage\":\"az\",\"@id\":\"https:\/\/www.zerdab.com\/#\/schema\/person\/image\/\",\"url\":\"https:\/\/secure.gravatar.com\/avatar\/d9c52a9a27c32119cb6679a077fa3e2779e5f822c451cbf01098004361d466ec?s=96&d=mm&r=g\",\"contentUrl\":\"https:\/\/secure.gravatar.com\/avatar\/d9c52a9a27c32119cb6679a077fa3e2779e5f822c451cbf01098004361d466ec?s=96&d=mm&r=g\",\"caption\":\"admin\"},\"url\":\"https:\/\/www.zerdab.com\/?author=1\"}]}<\/script>\n<!-- \/ Yoast SEO plugin. -->","yoast_head_json":{"title":"92 sayl\u0131 Z\u0259rdab-Ucar Se\u00e7ki Dair\u0259sind\u0259n deputatl\u0131\u011fa namiz\u0259d Seymur Bayramovla - M\u00fcsahib\u0259 - Z\u0259rdab.com","robots":{"index":"index","follow":"follow","max-snippet":"max-snippet:-1","max-image-preview":"max-image-preview:large","max-video-preview":"max-video-preview:-1"},"canonical":"https:\/\/www.zerdab.com\/?p=27763","og_locale":"az_AZ","og_type":"article","og_title":"92 sayl\u0131 Z\u0259rdab-Ucar Se\u00e7ki Dair\u0259sind\u0259n deputatl\u0131\u011fa namiz\u0259d Seymur Bayramovla - M\u00fcsahib\u0259 - Z\u0259rdab.com","og_description":"92 sayl\u0131 Z\u0259rdab-Ucar Se\u00e7ki Dair\u0259sind\u0259n deputatl\u0131\u011fa namiz\u0259dliyi qeyd\u0259 al\u0131nm\u0131\u015f&nbsp;Seymur Bayramovun &#8220;Report&#8221;a m\u00fcsahib\u0259si &#8211; \u018fvv\u0259lc\u0259&nbsp;\u00f6z\u00fcn\u00fcz bar\u0259d\u0259 m\u0259lumat verin&#8230; &#8211; M\u0259n 1989-cu ild\u0259 Bak\u0131 \u015f\u0259h\u0259rind\u0259 anadan olmu\u015fam. 2012-ci ild\u0259 Qafqaz Universitetinin H\u00fcquq fak\u00fclt\u0259sinin Region\u015f\u00fcnasl\u0131q (Avropa \u00f6lk\u0259l\u0259ri \u00fczr\u0259) ixtisas\u0131n\u0131 bitirmi\u015f\u0259m. Haz\u0131rda &#8220;Z\u0259rdabi LTD&#8221; \u015firk\u0259tind\u0259 kommersiya m\u0259s\u0259l\u0259l\u0259ri \u00fczr\u0259 direktor v\u0259zif\u0259sind\u0259 \u00e7al\u0131\u015f\u0131ram. 92 sayl\u0131 Z\u0259rdab-Ucar se\u00e7ki dair\u0259sind\u0259n deputatl\u0131\u011fa namiz\u0259dliyimi ir\u0259li [&hellip;]","og_url":"https:\/\/www.zerdab.com\/?p=27763","og_site_name":"Z\u0259rdab.com","article_published_time":"2020-01-24T10:18:43+00:00","article_modified_time":"2020-02-04T18:28:02+00:00","og_image":[{"width":5695,"height":3840,"url":"https:\/\/www.zerdab.com\/wp-content\/uploads\/2020\/01\/seymur-bayramov.jpg","type":"image\/jpeg"}],"author":"admin","twitter_card":"summary_large_image","twitter_misc":{"Written by":"admin","Est. reading time":"5 minutes"},"schema":{"@context":"https:\/\/schema.org","@graph":[{"@type":"Article","@id":"https:\/\/www.zerdab.com\/?p=27763#article","isPartOf":{"@id":"https:\/\/www.zerdab.com\/?p=27763"},"author":{"name":"admin","@id":"https:\/\/www.zerdab.com\/#\/schema\/person\/97079b7570c1e89ec0d9e138c3672136"},"headline":"92 sayl\u0131 Z\u0259rdab-Ucar Se\u00e7ki Dair\u0259sind\u0259n deputatl\u0131\u011fa namiz\u0259d Seymur Bayramovla &#8211; M\u00fcsahib\u0259","datePublished":"2020-01-24T10:18:43+00:00","dateModified":"2020-02-04T18:28:02+00:00","mainEntityOfPage":{"@id":"https:\/\/www.zerdab.com\/?p=27763"},"wordCount":1049,"commentCount":0,"image":{"@id":"https:\/\/www.zerdab.com\/?p=27763#primaryimage"},"thumbnailUrl":"https:\/\/www.zerdab.com\/wp-content\/uploads\/2020\/01\/seymur-bayramov.jpg","articleSection":["C\u018fM\u0130YY\u018fT","MAN\u015eET"],"inLanguage":"az","potentialAction":[{"@type":"CommentAction","name":"Comment","target":["https:\/\/www.zerdab.com\/?p=27763#respond"]}]},{"@type":"WebPage","@id":"https:\/\/www.zerdab.com\/?p=27763","url":"https:\/\/www.zerdab.com\/?p=27763","name":"92 sayl\u0131 Z\u0259rdab-Ucar Se\u00e7ki Dair\u0259sind\u0259n deputatl\u0131\u011fa namiz\u0259d Seymur Bayramovla - M\u00fcsahib\u0259 - Z\u0259rdab.com","isPartOf":{"@id":"https:\/\/www.zerdab.com\/#website"},"primaryImageOfPage":{"@id":"https:\/\/www.zerdab.com\/?p=27763#primaryimage"},"image":{"@id":"https:\/\/www.zerdab.com\/?p=27763#primaryimage"},"thumbnailUrl":"https:\/\/www.zerdab.com\/wp-content\/uploads\/2020\/01\/seymur-bayramov.jpg","datePublished":"2020-01-24T10:18:43+00:00","dateModified":"2020-02-04T18:28:02+00:00","author":{"@id":"https:\/\/www.zerdab.com\/#\/schema\/person\/97079b7570c1e89ec0d9e138c3672136"},"breadcrumb":{"@id":"https:\/\/www.zerdab.com\/?p=27763#breadcrumb"},"inLanguage":"az","potentialAction":[{"@type":"ReadAction","target":["https:\/\/www.zerdab.com\/?p=27763"]}]},{"@type":"ImageObject","inLanguage":"az","@id":"https:\/\/www.zerdab.com\/?p=27763#primaryimage","url":"https:\/\/www.zerdab.com\/wp-content\/uploads\/2020\/01\/seymur-bayramov.jpg","contentUrl":"https:\/\/www.zerdab.com\/wp-content\/uploads\/2020\/01\/seymur-bayramov.jpg","width":5695,"height":3840,"caption":"seymur-bayramov"},{"@type":"BreadcrumbList","@id":"https:\/\/www.zerdab.com\/?p=27763#breadcrumb","itemListElement":[{"@type":"ListItem","position":1,"name":"Home","item":"https:\/\/www.zerdab.com\/"},{"@type":"ListItem","position":2,"name":"92 sayl\u0131 Z\u0259rdab-Ucar Se\u00e7ki Dair\u0259sind\u0259n deputatl\u0131\u011fa namiz\u0259d Seymur Bayramovla &#8211; M\u00fcsahib\u0259"}]},{"@type":"WebSite","@id":"https:\/\/www.zerdab.com\/#website","url":"https:\/\/www.zerdab.com\/","name":"Z\u0259rdab.com","description":"","potentialAction":[{"@type":"SearchAction","target":{"@type":"EntryPoint","urlTemplate":"https:\/\/www.zerdab.com\/?s={search_term_string}"},"query-input":{"@type":"PropertyValueSpecification","valueRequired":true,"valueName":"search_term_string"}}],"inLanguage":"az"},{"@type":"Person","@id":"https:\/\/www.zerdab.com\/#\/schema\/person\/97079b7570c1e89ec0d9e138c3672136","name":"admin","image":{"@type":"ImageObject","inLanguage":"az","@id":"https:\/\/www.zerdab.com\/#\/schema\/person\/image\/","url":"https:\/\/secure.gravatar.com\/avatar\/d9c52a9a27c32119cb6679a077fa3e2779e5f822c451cbf01098004361d466ec?s=96&d=mm&r=g","contentUrl":"https:\/\/secure.gravatar.com\/avatar\/d9c52a9a27c32119cb6679a077fa3e2779e5f822c451cbf01098004361d466ec?s=96&d=mm&r=g","caption":"admin"},"url":"https:\/\/www.zerdab.com\/?author=1"}]}},"_links":{"self":[{"href":"https:\/\/www.zerdab.com\/index.php?rest_route=\/wp\/v2\/posts\/27763","targetHints":{"allow":["GET"]}}],"collection":[{"href":"https:\/\/www.zerdab.com\/index.php?rest_route=\/wp\/v2\/posts"}],"about":[{"href":"https:\/\/www.zerdab.com\/index.php?rest_route=\/wp\/v2\/types\/post"}],"author":[{"embeddable":true,"href":"https:\/\/www.zerdab.com\/index.php?rest_route=\/wp\/v2\/users\/1"}],"replies":[{"embeddable":true,"href":"https:\/\/www.zerdab.com\/index.php?rest_route=%2Fwp%2Fv2%2Fcomments&post=27763"}],"version-history":[{"count":2,"href":"https:\/\/www.zerdab.com\/index.php?rest_route=\/wp\/v2\/posts\/27763\/revisions"}],"predecessor-version":[{"id":27766,"href":"https:\/\/www.zerdab.com\/index.php?rest_route=\/wp\/v2\/posts\/27763\/revisions\/27766"}],"wp:featuredmedia":[{"embeddable":true,"href":"https:\/\/www.zerdab.com\/index.php?rest_route=\/wp\/v2\/media\/27764"}],"wp:attachment":[{"href":"https:\/\/www.zerdab.com\/index.php?rest_route=%2Fwp%2Fv2%2Fmedia&parent=27763"}],"wp:term":[{"taxonomy":"category","embeddable":true,"href":"https:\/\/www.zerdab.com\/index.php?rest_route=%2Fwp%2Fv2%2Fcategories&post=27763"},{"taxonomy":"post_tag","embeddable":true,"href":"https:\/\/www.zerdab.com\/index.php?rest_route=%2Fwp%2Fv2%2Ftags&post=27763"}],"curies":[{"name":"wp","href":"https:\/\/api.w.org\/{rel}","templated":true}]}}