{"id":27767,"date":"2020-01-27T22:06:30","date_gmt":"2020-01-27T18:06:30","guid":{"rendered":"http:\/\/www.zerdab.com\/?p=27767"},"modified":"2020-01-27T22:14:31","modified_gmt":"2020-01-27T18:14:31","slug":"jal%c9%99-%c9%99liyeva-z%c9%99rdabda-secicil%c9%99rl%c9%99-gorusl%c9%99rini-davam-etdirir-fotolar","status":"publish","type":"post","link":"https:\/\/www.zerdab.com\/?p=27767","title":{"rendered":"Jal\u0259 \u018fliyeva Z\u0259rdabda se\u00e7icil\u0259rl\u0259 g\u00f6r\u00fc\u015fl\u0259rini davam etdirir &#8211; FOTOLAR"},"content":{"rendered":"\n<p>92 sayl\u0131 Z\u0259rdab-Ucar Se\u00e7ki Dair\u0259sind\u0259n deputatl\u0131\u011fa namiz\u0259d, professor, Milli M\u0259clisin (MM) M\u0259d\u0259niyy\u0259t komit\u0259sinin s\u0259dr m\u00fcavini Jal\u0259 \u018fliyeva Z\u0259rdab rayonunda se\u00e7icil\u0259rl\u0259 g\u00f6r\u00fc\u015fl\u0259rini davam etdirir.<br><br><strong>Zerdab.com<\/strong>\u00a0sayt\u0131 x\u0259b\u0259r ki, mill\u0259t v\u0259kilinin bud\u0259f\u0259ki g\u00f6r\u00fc\u015fl\u0259ri, yanvar\u0131n 22-d\u0259 Z\u0259rdab\u0131n Qarav\u0259lli, D\u0259kk\u0259oba, B\u00f6y\u00fck D\u0259kk\u0259, \u0130saqba\u011f\u0131, D\u0259liqu\u015f\u00e7u k\u0259ndl\u0259rinin sakinl\u0259ri il\u0259 g\u00f6r\u00fc\u015fl\u0259ri d\u0259 izdihaml\u0131 v\u0259 \u00e7o\u015fqulu ke\u00e7ib.<br>G\u00f6r\u00fc\u015fd\u0259 \u00e7\u0131x\u0131\u015f ed\u0259n k\u0259nd sakinl\u0259ri ba\u015fqalar\u0131 \u00f6lk\u0259d\u0259 apar\u0131lan b\u00f6y\u00fck islahatlardan, \u00f6lk\u0259 ba\u015f\u00e7\u0131s\u0131 \u0130lham \u018fliyevin diqq\u0259ti il\u0259 Z\u0259rdab rayonunda ged\u0259n quruculuq i\u015fl\u0259rind\u0259n m\u0259mnunluq ifad\u0259 edibl\u0259r.<\/p>\n\n\n\n<figure class=\"wp-block-image\"><img decoding=\"async\" src=\"http:\/\/www.zerdab.com\/wp-content\/uploads\/2020\/01\/jale-eliyeva1-2-550x367.jpg\" alt=\"\" class=\"wp-image-27770\"\/><\/figure>\n\n\n\n<p>Sakinl\u0259r son 15 ild\u0259 deputat\u0131n onlar\u0131 MM-d\u0259 layiqinc\u0259 t\u0259msil etdiyi, Z\u0259rdab\u0131n probleml\u0259rini d\u00f6n\u0259-d\u00f6n\u0259 s\u0259sl\u0259ndirdiyi \u00fc\u00e7\u00fcn t\u0259\u015f\u0259kk\u00fcr edibl\u0259r.<br>Xat\u0131rladaq ki, bundan bir xeyli m\u00fcdd\u0259t \u0259vv\u0259l rayonun D\u0259kk\u0259oba k\u0259ndinin bir qrup sakini deputata m\u00fcraci\u0259t ed\u0259r\u0259k, k\u0259ndin \u0259kin sah\u0259l\u0259rinin suvar\u0131lmas\u0131 \u00fc\u00e7\u00fcn ayr\u0131ca su kanal\u0131n\u0131n \u00e7\u0259kilm\u0259si m\u0259s\u0259l\u0259sini aidiyyat\u0131 orqanlar qar\u015f\u0131s\u0131nda qald\u0131r\u0131lmas\u0131n\u0131 mill\u0259t v\u0259kilind\u0259n xahi\u015f etmi\u015fdil\u0259r.<\/p>\n\n\n\n<p>Sevindirici hald\u0131r ki, bu\u00a0 m\u0259s\u0259l\u0259 art\u0131q \u00f6z\u00fcn\u00fcn m\u00fcsb\u0259t h\u0259llini tap\u0131b. Bel\u0259 ki, deputat daha \u0259vv\u0259l-2018-ci ild\u0259 parlamentd\u0259 b\u00fcdc\u0259 m\u00fczakir\u0259l\u0259ri zaman\u0131 bu m\u0259s\u0259l\u0259nin 2019-cu ilin b\u00fcdc\u0259sin\u0259 daxil olunmas\u0131n\u0131 xahi\u015f etmi\u015fdi.<\/p>\n\n\n\n<figure class=\"wp-block-image\"><img decoding=\"async\" src=\"http:\/\/www.zerdab.com\/wp-content\/uploads\/2020\/01\/zerdab-secici-550x367.jpg\" alt=\"\" class=\"wp-image-27771\"\/><\/figure>\n\n\n\n<p>Deputat h\u0259m\u00e7inin, \u00f6t\u0259n il d\u0259 (2019-cu ild\u0259 d\u0259) bu m\u0259s\u0259l\u0259 il\u0259 ba\u011fl\u0131\u00a0 Ba\u015f nazir \u018fli \u018fs\u0259dova m\u00fcraci\u0259t etmi\u015f\u00a0 v\u0259 onun m\u00fcraci\u0259ti diqq\u0259t\u0259 al\u0131nm\u0131\u015fd\u0131r.<br><br>Art\u0131q bununla ba\u011fl\u0131 Meliorasiya v\u0259 Su t\u0259s\u0259rr\u00fcfat\u0131 ASC-nin m\u00fct\u0259x\u0259ssisl\u0259ri\u00a0 D\u0259kk\u0259oba k\u0259ndin\u0259 g\u0259libl\u0259r v\u0259 bug\u00fcnl\u0259rd\u0259 bu m\u0259s\u0259l\u0259nin realla\u015fd\u0131r\u0131lmas\u0131na ba\u015flan\u0131lacaq.<br><br>K\u0259nd sakinl\u0259ri buna, el\u0259c\u0259 d\u0259, k\u0259nd v\u0259 rayon \u0259h\u0259miyy\u0259tli dig\u0259r i\u015fl\u0259rin\u0259 g\u00f6r\u0259, mill\u0259t v\u0259kilin\u0259 x\u00fcsusi t\u0259\u015f\u0259kk\u00fcrl\u0259rini bildiribl\u0259r.<br><br>Eyni zamanda, a\u011fr v\u0259ziyy\u0259td\u0259 olan D\u0259liqu\u015f\u00e7u orta m\u0259kt\u0259binin t\u0259mir edilm\u0259si m\u0259s\u0259l\u0259sinin plana sal\u0131nmas\u0131 \u00fc\u00e7\u00fcn g\u00f6st\u0259rdiyi d\u0259st\u0259y\u0259 g\u00f6r\u0259, k\u0259nd sakinl\u0259ri, ziyal\u0131lar deputata \u00f6z minn\u0259tdarl\u0131qlar\u0131n\u0131 ifad\u0259 edibl\u0259r.<br><br>H\u0259m\u00e7inin, se\u00e7icil\u0259r\u00a0 K\u00fcr \u00e7ay\u0131n\u0131n da\u015fmas\u0131 il\u0259 ba\u011fl\u0131 Z\u0259rdab\u0131n ziyan \u00e7\u0259kmi\u015f k\u0259ndl\u0259rini bir-bir g\u0259zib dola\u015fd\u0131\u011f\u0131na, su alt\u0131nda qalan evl\u0259rl\u0259, m\u0259nzill\u0259rl\u0259 bir-bir yerind\u0259 tan\u0131\u015f oldu\u011funa v\u0259 bu v\u0259ziyy\u0259tin aradan qald\u0131r\u0131lmas\u0131 \u00fc\u00e7\u00fcn aidiyyat\u0131 orqanlar qar\u015f\u0131s\u0131nda m\u0259s\u0259l\u0259 qald\u0131rd\u0131\u011f\u0131na g\u00f6r\u0259, mill\u0259t v\u0259kilin\u0259 t\u0259\u015f\u0259kk\u00fcrl\u0259rini \u00e7atd\u0131r\u0131blar.<br><br>D\u0259kk\u0259oba k\u0259nd orta m\u0259kt\u0259binin direktoru S\u0259lim Zeynalov bu i\u015fd\u0259 g\u00f6st\u0259rdiyi k\u00f6m\u0259y\u0259 g\u00f6r\u0259, deputata x\u00fcsusi t\u0259\u015f\u0259kk\u00fcr\u00fcn\u00fc bildirib.<br><br>Qarav\u0259lli k\u0259nd orta m\u0259kt\u0259binin m\u00fc\u0259llimi K\u0259rim M\u0259mm\u0259dov,\u00a0 D\u0259liqu\u015f\u00e7u k\u0259nd orta m\u0259kt\u0259binin m\u00fc\u0259llimi \u015eirinbac\u0131 Q\u0259hr\u0259manova deputata h\u0259l\u0259 2005-ci ild\u0259 s\u0259s verdikl\u0259rini, onun yan\u0131nda olduqlar\u0131n\u0131, d\u0259st\u0259kl\u0259dikl\u0259rini bildiribl\u0259r.<br><br>Onlar deputata m\u00fcnasib\u0259td\u0259 bu g\u00fcn d\u0259 fikir v\u0259 m\u00f6vqel\u0259rini d\u0259yi\u015fm\u0259dikl\u0259rini, \u00f6t\u0259n 15 il \u0259rzind\u0259 ona inand\u0131qlar\u0131n\u0131, J. \u018fliyevan\u0131n da \u00f6z n\u00f6vb\u0259sind\u0259 b\u00fct\u00fcn add\u0131mlar\u0131 il\u0259 onlar\u0131n yan\u0131nda oldu\u011funu \u00e7\u0131x\u0131\u015flar\u0131nda dil\u0259 g\u0259tiribl\u0259r.<br><br>Se\u00e7icil\u0259r x\u00fcsusil\u0259, Z\u0259rdab-Mollak\u0259nd yolunun yenid\u0259n qurulmas\u0131n\u0131n h\u0259l\u0259 deputal\u0131\u011fa namiz\u0259d kimi, 2005-ci ild\u0259 J. \u018fliyevan\u0131n se\u00e7ki platformas\u0131nda \u0259ksini tapd\u0131\u011f\u0131na v\u0259 daha sonra bu yolun t\u0259mir edildiyin\u0259 g\u00f6r\u0259, mill\u0259t v\u0259kilin\u0259 t\u0259\u015f\u0259kk\u00fcrl\u0259rini bildiribl\u0259r.<br><br>Sonra yenid\u0259n b\u0259rbad v\u0259ziyy\u0259t\u0259 d\u00fc\u015f\u0259n bu yolun n\u00f6vb\u0259ti-ikinc\u0259 d\u0259f\u0259 b\u0259rpas\u0131, t\u0259miri m\u0259s\u0259l\u0259sini qald\u0131rd\u0131\u011f\u0131na v\u0259 art\u0131q bu yolunun yenid\u0259n tikintisin\u0259 ba\u015flan\u0131lmas\u0131na g\u00f6r\u0259, \u00f6lk\u0259\u00a0 Prezidentin\u0259, adiyyat\u0131 qurumlara, o c\u00fcml\u0259d\u0259n, mill\u0259t v\u0259kilin\u0259 minn\u0259tdarl\u0131qlar\u0131n\u0131 ifad\u0259 edibl\u0259r.<br><br><\/p>\n\n\n\n<figure class=\"wp-block-image\"><img loading=\"lazy\" decoding=\"async\" width=\"448\" height=\"299\" src=\"http:\/\/www.zerdab.com\/wp-content\/uploads\/2020\/01\/zerdab-qoruqbagi1.jpg\" alt=\"\" class=\"wp-image-27772\" srcset=\"https:\/\/www.zerdab.com\/wp-content\/uploads\/2020\/01\/zerdab-qoruqbagi1.jpg 448w, https:\/\/www.zerdab.com\/wp-content\/uploads\/2020\/01\/zerdab-qoruqbagi1-400x267.jpg 400w\" sizes=\"auto, (max-width: 448px) 100vw, 448px\" \/><\/figure>\n\n\n\n<p>Jal\u0259 \u018fliyevan\u0131n h\u0259m\u00e7inin Z\u0259rdab\u0131n\u00a0M\u0259likli, Sar\u0131qaya, Qoruqba\u011f\u0131 v\u0259 Burunlu\u00a0k\u0259ndl\u0259rinin sakinl\u0259ri il\u0259\u00a0Qoruqba\u011f\u0131\u00a0k\u0259ndind\u0259 ba\u015f tutan g\u00f6r\u00fc\u015f\u00fc d\u0259 \u00a0izdihaml\u0131 v\u0259 \u00e7o\u015fqulu ke\u00e7ib.<\/p>\n\n\n\n<figure class=\"wp-block-image\"><img decoding=\"async\" src=\"http:\/\/www.zerdab.com\/wp-content\/uploads\/2020\/01\/qoruqbagi-zerdab.jpg\" alt=\"\" class=\"wp-image-27775\"\/><\/figure>\n\n\n\n<p>H\u0259r 4 k\u0259ndd\u0259 qazla\u015fd\u0131rma, elektikl\u0259\u015fdirm\u0259 i\u015fl\u0259ri ba\u015fa \u00e7at\u0131b, yeni transformatorlar qura\u015fd\u0131r\u0131l\u0131b.<\/p>\n\n\n\n<p>X\u00fcsusil\u0259, iki k\u0259ndd\u0259-M\u0259likli\u00a0v\u0259\u00a0Sar\u0131qaya\u00a0k\u0259ndl\u0259rind\u0259 bir ne\u00e7\u0259 il \u00f6nc\u0259 qazla\u015fd\u0131rma il\u0259 ba\u011fl\u0131 yaranm\u0131\u015f problem h\u0259ll olunub. Problem is\u0259 ondan ibar\u0259t olub ki, bu iki k\u0259ndd\u0259 yerl\u0259\u015f\u0259n evl\u0259rin bir hiss\u0259si K\u00fcr \u00e7ay\u0131n\u0131n m\u00fchafiz\u0259 b\u0259ndinin m\u00fchafiz\u0259 zola\u011f\u0131nda yerl\u0259\u015fir.<\/p>\n\n\n\n<figure class=\"wp-block-image\"><img loading=\"lazy\" decoding=\"async\" width=\"448\" height=\"299\" src=\"http:\/\/www.zerdab.com\/wp-content\/uploads\/2020\/01\/qoruqbagi-zerdab1.jpg\" alt=\"\" class=\"wp-image-27777\" srcset=\"https:\/\/www.zerdab.com\/wp-content\/uploads\/2020\/01\/qoruqbagi-zerdab1.jpg 448w, https:\/\/www.zerdab.com\/wp-content\/uploads\/2020\/01\/qoruqbagi-zerdab1-400x267.jpg 400w\" sizes=\"auto, (max-width: 448px) 100vw, 448px\" \/><\/figure>\n\n\n\n<p>Ona g\u00f6r\u0259 bu evl\u0259rin qazla\u015fd\u0131r\u0131lmas\u0131n\u0131 h\u0259yata ke\u00e7irm\u0259k m\u00fcmk\u00fcn olmay\u0131b. Ancaq deputat\u0131n Meliorasiya v\u0259 Su T\u0259s\u0259rr\u00fcfat\u0131 ASC-y\u0259&nbsp;v\u0259 Nazirl\u0259r Kabinetin\u0259 m\u00fcraci\u0259tind\u0259n sonra&nbsp; m\u00fchafiz\u0259 b\u0259ndinin istiqam\u0259ti d\u0259yi\u015fdirilib, b\u0259ndin yolu tamamil\u0259 ba\u015fqa istiqam\u0259td\u0259 qurulub. Bundan sonra evl\u0259rin qazla\u015fd\u0131r\u0131lmas\u0131 m\u00fcmk\u00fcn olub.<\/p>\n\n\n\n<p>\u00d6t\u0259n m\u00fcdd\u0259td\u0259 h\u0259m\u00e7inin, ad\u0131\u00e7\u0259kil\u0259n k\u0259ndl\u0259r\u0259 su bulaqlar\u0131 \u00e7\u0259kilib.<\/p>\n\n\n\n<figure class=\"wp-block-image\"><img decoding=\"async\" src=\"http:\/\/www.zerdab.com\/wp-content\/uploads\/2020\/01\/qoruqbagi-zerdab2.jpg\" alt=\"\" class=\"wp-image-27779\"\/><\/figure>\n\n\n\n<p>M\u0259likli&nbsp;k\u0259ndind\u0259 yerl\u0259\u015f\u0259n k\u0259nd sah\u0259 x\u0259st\u0259xanas\u0131 2018-ci ild\u0259 t\u0259mir olunub.&nbsp;Burunlu&nbsp;k\u0259ndind\u0259 modul tipli yeni m\u0259kt\u0259b binas\u0131 tikilib.<\/p>\n\n\n\n<p>O c\u00fcml\u0259d\u0259n, 2011-c\u0131 ild\u0259&nbsp;Qoruqba\u011f\u0131&nbsp;k\u0259ndind\u0259 u\u015faq ba\u011f\u00e7as\u0131 tikilib istifad\u0259y\u0259 verilib.&nbsp;M\u0259likli&nbsp;k\u0259ndind\u0259&nbsp;\u201cMaral\u00e7\u0131xan\u201d&nbsp;deyil\u0259n \u0259razid\u0259 mill\u0259t v\u0259kilinin t\u0259\u015f\u0259bb\u00fcs\u00fc il\u0259 su nasosu qura\u015fd\u0131r\u0131l\u0131b.<\/p>\n\n\n\n<p>Onu da qeyd ed\u0259k ki, adlar\u0131 \u00e7\u0259kil\u0259n k\u0259ndl\u0259r haz\u0131rda \u0259sasl\u0131 tikinti-t\u0259mir i\u015fl\u0259ri apar\u0131lan&nbsp;Z\u0259rdab-A\u011fcab\u0259di&nbsp;yolunun \u00fcst\u00fcnd\u0259 yerl\u0259\u015f\u0259n k\u0259ndl\u0259rdir. Vaxtil\u0259 yolun b\u0259rbad olmas\u0131 \u00fcz\u00fcnd\u0259n gedi\u015f-g\u0259li\u015f c\u0259tin olan bu k\u0259ndl\u0259r\u0259 art\u0131q q\u0131sa zaman k\u0259siyind\u0259 gedib-g\u0259lm\u0259k m\u00fcmk\u00fcnl\u0259\u015fib, rahatla\u015f\u0131b.<\/p>\n\n\n\n<figure class=\"wp-block-image\"><img decoding=\"async\" src=\"http:\/\/www.zerdab.com\/wp-content\/uploads\/2020\/01\/zerdab-qoruqbagi.jpg\" alt=\"\" class=\"wp-image-27782\"\/><\/figure>\n\n\n\n<p>Odur ki, g\u00f6r\u00fc\u015f i\u015ftirak\u00e7\u0131lar\u0131 g\u00f6r\u00fcl\u0259n bu i\u015fl\u0259r\u0259 g\u00f6r\u0259, \u00f6lk\u0259 Prezidenti ba\u015fda olmaqla, aidiyyat\u0131 qurumlara v\u0259 \u015f\u0259xsl\u0259r\u0259, el\u0259c\u0259 d\u0259, bu m\u0259s\u0259l\u0259l\u0259ri davaml\u0131 \u015f\u0259kild\u0259 \u00e7\u0131x\u0131\u015flar\u0131nda dil\u0259 g\u0259tirdiyin\u0259 v\u0259 onlar\u0131n h\u0259llin\u0259 nail oldu\u011funa g\u00f6r\u0259, mill\u0259t v\u0259kilin\u0259 \u00f6z d\u0259rin t\u0259\u015f\u0259kk\u00fcrl\u0259rini v\u0259 minn\u0259tdarl\u0131qlar\u0131n\u0131 ifad\u0259 edibl\u0259r.<\/p>\n\n\n\n<p>G\u00f6r\u00fc\u015fd\u0259 \u00e7\u0131x\u0131\u015f ed\u0259n Qoruqba\u011f\u0131 k\u0259nd sakini\u00a0R\u00f6v\u015f\u0259n X\u0259lilov\u00a0v\u0259 M\u0259likli k\u0259nd sakini\u00a0N\u00fcran\u0259 H\u00fcseynova\u00a0deputatl\u0131\u011fa namiz\u0259di d\u0259st\u0259kl\u0259dikl\u0259rini, 9 fevtalda ona s\u0259s ver\u0259c\u0259kl\u0259rini biuldiribl\u0259r.<\/p>\n\n\n\n<figure class=\"wp-block-image\"><img decoding=\"async\" src=\"http:\/\/www.zerdab.com\/wp-content\/uploads\/2020\/01\/molla-mustafa-qoruqbagi.jpg\" alt=\"\" class=\"wp-image-27784\"\/><\/figure>\n\n\n\n<p>H\u0259m\u00e7inin, deputatlar\u0131na k\u0259nd v\u0259 rayon \u00fc\u00e7\u00fcn g\u00f6rd\u00fcy\u00fc i\u015fl\u0259r\u0259, f\u0259rdi qaydada insanlar\u0131n probleml\u0259rinin h\u0259llin\u0259 yax\u0131ndan k\u00f6m\u0259klik g\u00f6st\u0259rdiyin\u0259 g\u00f6r\u0259, minn\u0259tdarl\u0131qlar\u0131n\u0131 bildiribl\u0259r.<\/p>\n\n\n\n<p>Xat\u0131rladaq ki, b\u00fct\u00fcn g\u00f6r\u00fc\u015fl\u0259rd\u0259 mill\u0259t v\u0259kilinin f\u0259aliiy\u0259tind\u0259n b\u0259hs ed\u0259n video\u00e7arx da n\u00fcmayi\u015f olunur.<br><\/p>\n\n\n\n<figure class=\"wp-block-image\"><img decoding=\"async\" src=\"http:\/\/www.zerdab.com\/wp-content\/uploads\/2020\/01\/pervanli-zerdab-550x366.jpg\" alt=\"\" class=\"wp-image-27786\"\/><\/figure>\n\n\n\n<p>Mill\u0259t v\u0259kilinin n\u00f6vb\u0259ti g\u00f6r\u00fc\u015fl\u0259ri, Z\u0259rdab\u0131n \u00a0<strong>P\u0259rvanl\u0131, M\u0259mm\u0259qdqas\u0131ml\u0131, L\u0259l\u0259a\u011fac\u0131, G\u00f6d\u0259kqobu\u00a0<\/strong>v\u0259\u00a0<strong>Yarm\u0259mm\u0259dba\u011f\u0131<\/strong>\u00a0\u00a0k\u0259ndinin sakinl\u0259ri il\u0259 \u00a0P\u0259rvanl\u0131 k\u0259ndind\u0259 olub.<\/p>\n\n\n\n<p>G\u00f6r\u00fc\u015fd\u0259n \u0259vv\u0259l is\u0259 deputatl\u0131\u011fa namiz\u0259d t\u0259r\u0259find\u0259n\u00a0<strong>P\u0259rvanl\u0131<\/strong>\u00a0k\u0259ndind\u0259 1995-ci ild\u0259 \u015f\u0259hid olmu\u015f<strong>\u00a0Emin \u0130badov<\/strong>un evi, ail\u0259si ziyar\u0259t olunub.<\/p>\n\n\n\n<figure class=\"wp-block-image\"><img decoding=\"async\" src=\"http:\/\/www.zerdab.com\/wp-content\/uploads\/2020\/01\/pervanli-zerdab1-550x367.jpg\" alt=\"\" class=\"wp-image-27788\"\/><\/figure>\n\n\n\n<p>\u015e\u0259hidin ail\u0259 \u00fczvl\u0259ri il\u0259 \u00e7ay s\u00fcfr\u0259si arxas\u0131nda s\u0259mimi s\u00f6hb\u0259t olub.<\/p>\n\n\n\n<p><strong>Onu da qeyd ed\u0259k ki, \u015f\u0259hidin ail\u0259sinin ya\u015fad\u0131\u011f\u0131 k\u00fc\u00e7\u0259 onun-Emin \u0130badovun ad\u0131n\u0131 da\u015f\u0131y\u0131r.<\/strong><\/p>\n\n\n\n<p>\u015e\u0259hid ail\u0259sini ziyar\u0259td\u0259n sonra deputatl\u0131\u011fa namiz\u0259din se\u00e7icil\u0259rl\u0259 g\u00f6r\u00fc\u015f\u00fc ke\u00e7irilib<\/p>\n\n\n\n<p><strong>Bu g\u00f6r\u00fc\u015f\u0259 \u0259vv\u0259lki g\u00f6r\u00fc\u015fl\u0259rd\u0259n d\u0259 daha \u00e7ox sayda insan qat\u0131l\u0131b.<\/strong><\/p>\n\n\n\n<p>Bu g\u00f6r\u00fc\u015f deputatla se\u00e7icil\u0259r aras\u0131nda yaranan etimad, etibar, \u00fcnsiyy\u0259t k\u00f6rp\u00fcs\u00fcn\u00fcn bariz n\u00fcmun\u0259sin\u0259 \u00e7evril\u0259n v\u0259 isti ortamda ke\u00e7\u0259n bir g\u00f6r\u00fc\u015f olub.<\/p>\n\n\n\n<p>G\u00f6r\u00fc\u015fd\u0259 \u00e7\u0131x\u0131\u015f ed\u0259n k\u0259nd sakinl\u0259ri \u00f6lk\u0259d\u0259 apar\u0131lan b\u00f6y\u00fck islahatlardan, \u00f6lk\u0259 ba\u015f\u00e7\u0131s\u0131 \u0130lham \u018fliyevin diqq\u0259ti il\u0259 Z\u0259rdab rayonunda ged\u0259n quruculuq i\u015fl\u0259rind\u0259n m\u0259mnunluq ifad\u0259 edibl\u0259r.<\/p>\n\n\n\n<figure class=\"wp-block-image\"><img decoding=\"async\" src=\"http:\/\/www.zerdab.com\/wp-content\/uploads\/2020\/01\/pervanli-zerdab2-550x367.jpg\" alt=\"\" class=\"wp-image-27790\"\/><\/figure>\n\n\n\n<p><strong>\u201cZ\u0259hm\u0259t\u0259 qiym\u0259t verm\u0259k \u0259n b\u00f6y\u00fck alic\u0259nabl\u0131qd\u0131r\u201d.<\/strong>Bunu is\u0259 \u00e7\u0131x\u0131\u015f\u0131 zaman\u0131 deputatl\u0131\u011fa namiz\u0259din v\u0259kil<strong>&nbsp;B\u00f6y\u00fckki\u015fi Qas\u0131mov&nbsp;<\/strong>s\u0259sl\u0259ndirib.<\/p>\n\n\n\n<p>V\u0259kilin deputatl\u0131\u011fa namiz\u0259d haqda s\u0259sl\u0259ndirdiyi bu s\u00f6z is\u0259 g\u00f6r\u00fc\u015f i\u015ftirak\u00e7\u0131lar\u0131 t\u0259r\u0259find\u0259n gur alq\u0131\u015flarla qar\u015f\u0131lan\u0131b v\u0259 onlar bir n\u0259f\u0259r kimi<strong>&nbsp;\u201cBiz onun z\u0259hm\u0259tini bilirik v\u0259 m\u00fctl\u0259q qiym\u0259tini alacaq\u201d<\/strong>-deyibl\u0259r.<\/p>\n\n\n\n<p><strong>G\u00f6r\u00fc\u015fd\u0259 mill\u0259t v\u0259kilinin MM-d\u0259ki f\u0259aliyy\u0259tini \u0259ks etdir\u0259n vidofilm n\u00fcmayi\u015f etdirilib.<\/strong><\/p>\n\n\n\n<p><strong>G\u00f6r\u00fc\u015fd\u0259n sonra is\u0259 uzun m\u00fcdd\u0259t davam ed\u0259n xatir\u0259 fotolar\u0131 \u00e7\u0259kdirilib.<\/strong><\/p>\n\n\n\n<figure class=\"wp-block-image\"><img decoding=\"async\" src=\"http:\/\/www.zerdab.com\/wp-content\/uploads\/2020\/01\/pervanli-zerdab3-550x413.jpg\" alt=\"\" class=\"wp-image-27792\"\/><\/figure>\n\n\n\n<p><\/p>\n","protected":false},"excerpt":{"rendered":"<p>92 sayl\u0131 Z\u0259rdab-Ucar Se\u00e7ki Dair\u0259sind\u0259n deputatl\u0131\u011fa namiz\u0259d, professor, Milli M\u0259clisin (MM) M\u0259d\u0259niyy\u0259t komit\u0259sinin s\u0259dr m\u00fcavini Jal\u0259 \u018fliyeva Z\u0259rdab rayonunda se\u00e7icil\u0259rl\u0259 g\u00f6r\u00fc\u015fl\u0259rini davam etdirir. Zerdab.com\u00a0sayt\u0131 x\u0259b\u0259r ki, mill\u0259t v\u0259kilinin bud\u0259f\u0259ki g\u00f6r\u00fc\u015fl\u0259ri, yanvar\u0131n 22-d\u0259 Z\u0259rdab\u0131n Qarav\u0259lli, D\u0259kk\u0259oba, B\u00f6y\u00fck D\u0259kk\u0259, \u0130saqba\u011f\u0131, D\u0259liqu\u015f\u00e7u k\u0259ndl\u0259rinin sakinl\u0259ri il\u0259 g\u00f6r\u00fc\u015fl\u0259ri d\u0259 izdihaml\u0131 v\u0259 \u00e7o\u015fqulu ke\u00e7ib.G\u00f6r\u00fc\u015fd\u0259 \u00e7\u0131x\u0131\u015f ed\u0259n k\u0259nd sakinl\u0259ri ba\u015fqalar\u0131 \u00f6lk\u0259d\u0259 apar\u0131lan [&hellip;]<\/p>\n","protected":false},"author":1,"featured_media":0,"comment_status":"open","ping_status":"open","sticky":false,"template":"","format":"standard","meta":{"footnotes":""},"categories":[63,5],"tags":[],"class_list":{"0":"post-27767","1":"post","2":"type-post","3":"status-publish","4":"format-standard","6":"category-manset","7":"category-knd"},"yoast_head":"<!-- This site is optimized with the Yoast SEO plugin v27.0 - https:\/\/yoast.com\/product\/yoast-seo-wordpress\/ -->\n<title>Jal\u0259 \u018fliyeva Z\u0259rdabda se\u00e7icil\u0259rl\u0259 g\u00f6r\u00fc\u015fl\u0259rini davam etdirir - FOTOLAR - Z\u0259rdab.com<\/title>\n<meta name=\"robots\" content=\"index, follow, max-snippet:-1, max-image-preview:large, max-video-preview:-1\" \/>\n<link rel=\"canonical\" href=\"https:\/\/www.zerdab.com\/?p=27767\" \/>\n<meta property=\"og:locale\" content=\"az_AZ\" \/>\n<meta property=\"og:type\" content=\"article\" \/>\n<meta property=\"og:title\" content=\"Jal\u0259 \u018fliyeva Z\u0259rdabda se\u00e7icil\u0259rl\u0259 g\u00f6r\u00fc\u015fl\u0259rini davam etdirir - FOTOLAR - Z\u0259rdab.com\" \/>\n<meta property=\"og:description\" content=\"92 sayl\u0131 Z\u0259rdab-Ucar Se\u00e7ki Dair\u0259sind\u0259n deputatl\u0131\u011fa namiz\u0259d, professor, Milli M\u0259clisin (MM) M\u0259d\u0259niyy\u0259t komit\u0259sinin s\u0259dr m\u00fcavini Jal\u0259 \u018fliyeva Z\u0259rdab rayonunda se\u00e7icil\u0259rl\u0259 g\u00f6r\u00fc\u015fl\u0259rini davam etdirir. Zerdab.com\u00a0sayt\u0131 x\u0259b\u0259r ki, mill\u0259t v\u0259kilinin bud\u0259f\u0259ki g\u00f6r\u00fc\u015fl\u0259ri, yanvar\u0131n 22-d\u0259 Z\u0259rdab\u0131n Qarav\u0259lli, D\u0259kk\u0259oba, B\u00f6y\u00fck D\u0259kk\u0259, \u0130saqba\u011f\u0131, D\u0259liqu\u015f\u00e7u k\u0259ndl\u0259rinin sakinl\u0259ri il\u0259 g\u00f6r\u00fc\u015fl\u0259ri d\u0259 izdihaml\u0131 v\u0259 \u00e7o\u015fqulu ke\u00e7ib.G\u00f6r\u00fc\u015fd\u0259 \u00e7\u0131x\u0131\u015f ed\u0259n k\u0259nd sakinl\u0259ri ba\u015fqalar\u0131 \u00f6lk\u0259d\u0259 apar\u0131lan [&hellip;]\" \/>\n<meta property=\"og:url\" content=\"https:\/\/www.zerdab.com\/?p=27767\" \/>\n<meta property=\"og:site_name\" content=\"Z\u0259rdab.com\" \/>\n<meta property=\"article:published_time\" content=\"2020-01-27T18:06:30+00:00\" \/>\n<meta property=\"article:modified_time\" content=\"2020-01-27T18:14:31+00:00\" \/>\n<meta property=\"og:image\" content=\"http:\/\/www.zerdab.com\/wp-content\/uploads\/2020\/01\/jale-eliyeva1-2-550x367.jpg\" \/>\n<meta name=\"author\" content=\"admin\" \/>\n<meta name=\"twitter:card\" content=\"summary_large_image\" \/>\n<meta name=\"twitter:label1\" content=\"Written by\" \/>\n\t<meta name=\"twitter:data1\" content=\"admin\" \/>\n\t<meta name=\"twitter:label2\" content=\"Est. reading time\" \/>\n\t<meta name=\"twitter:data2\" content=\"8 minutes\" \/>\n<script type=\"application\/ld+json\" class=\"yoast-schema-graph\">{\"@context\":\"https:\/\/schema.org\",\"@graph\":[{\"@type\":\"Article\",\"@id\":\"https:\/\/www.zerdab.com\/?p=27767#article\",\"isPartOf\":{\"@id\":\"https:\/\/www.zerdab.com\/?p=27767\"},\"author\":{\"name\":\"admin\",\"@id\":\"https:\/\/www.zerdab.com\/#\/schema\/person\/97079b7570c1e89ec0d9e138c3672136\"},\"headline\":\"Jal\u0259 \u018fliyeva Z\u0259rdabda se\u00e7icil\u0259rl\u0259 g\u00f6r\u00fc\u015fl\u0259rini davam etdirir &#8211; FOTOLAR\",\"datePublished\":\"2020-01-27T18:06:30+00:00\",\"dateModified\":\"2020-01-27T18:14:31+00:00\",\"mainEntityOfPage\":{\"@id\":\"https:\/\/www.zerdab.com\/?p=27767\"},\"wordCount\":1684,\"commentCount\":0,\"image\":{\"@id\":\"https:\/\/www.zerdab.com\/?p=27767#primaryimage\"},\"thumbnailUrl\":\"http:\/\/www.zerdab.com\/wp-content\/uploads\/2020\/01\/jale-eliyeva1-2-550x367.jpg\",\"articleSection\":[\"MAN\u015eET\",\"X\u018fB\u018fRL\u018fR\"],\"inLanguage\":\"az\",\"potentialAction\":[{\"@type\":\"CommentAction\",\"name\":\"Comment\",\"target\":[\"https:\/\/www.zerdab.com\/?p=27767#respond\"]}]},{\"@type\":\"WebPage\",\"@id\":\"https:\/\/www.zerdab.com\/?p=27767\",\"url\":\"https:\/\/www.zerdab.com\/?p=27767\",\"name\":\"Jal\u0259 \u018fliyeva Z\u0259rdabda se\u00e7icil\u0259rl\u0259 g\u00f6r\u00fc\u015fl\u0259rini davam etdirir - FOTOLAR - Z\u0259rdab.com\",\"isPartOf\":{\"@id\":\"https:\/\/www.zerdab.com\/#website\"},\"primaryImageOfPage\":{\"@id\":\"https:\/\/www.zerdab.com\/?p=27767#primaryimage\"},\"image\":{\"@id\":\"https:\/\/www.zerdab.com\/?p=27767#primaryimage\"},\"thumbnailUrl\":\"http:\/\/www.zerdab.com\/wp-content\/uploads\/2020\/01\/jale-eliyeva1-2-550x367.jpg\",\"datePublished\":\"2020-01-27T18:06:30+00:00\",\"dateModified\":\"2020-01-27T18:14:31+00:00\",\"author\":{\"@id\":\"https:\/\/www.zerdab.com\/#\/schema\/person\/97079b7570c1e89ec0d9e138c3672136\"},\"breadcrumb\":{\"@id\":\"https:\/\/www.zerdab.com\/?p=27767#breadcrumb\"},\"inLanguage\":\"az\",\"potentialAction\":[{\"@type\":\"ReadAction\",\"target\":[\"https:\/\/www.zerdab.com\/?p=27767\"]}]},{\"@type\":\"ImageObject\",\"inLanguage\":\"az\",\"@id\":\"https:\/\/www.zerdab.com\/?p=27767#primaryimage\",\"url\":\"\",\"contentUrl\":\"\"},{\"@type\":\"BreadcrumbList\",\"@id\":\"https:\/\/www.zerdab.com\/?p=27767#breadcrumb\",\"itemListElement\":[{\"@type\":\"ListItem\",\"position\":1,\"name\":\"Home\",\"item\":\"https:\/\/www.zerdab.com\/\"},{\"@type\":\"ListItem\",\"position\":2,\"name\":\"Jal\u0259 \u018fliyeva Z\u0259rdabda se\u00e7icil\u0259rl\u0259 g\u00f6r\u00fc\u015fl\u0259rini davam etdirir &#8211; FOTOLAR\"}]},{\"@type\":\"WebSite\",\"@id\":\"https:\/\/www.zerdab.com\/#website\",\"url\":\"https:\/\/www.zerdab.com\/\",\"name\":\"Z\u0259rdab.com\",\"description\":\"\",\"potentialAction\":[{\"@type\":\"SearchAction\",\"target\":{\"@type\":\"EntryPoint\",\"urlTemplate\":\"https:\/\/www.zerdab.com\/?s={search_term_string}\"},\"query-input\":{\"@type\":\"PropertyValueSpecification\",\"valueRequired\":true,\"valueName\":\"search_term_string\"}}],\"inLanguage\":\"az\"},{\"@type\":\"Person\",\"@id\":\"https:\/\/www.zerdab.com\/#\/schema\/person\/97079b7570c1e89ec0d9e138c3672136\",\"name\":\"admin\",\"image\":{\"@type\":\"ImageObject\",\"inLanguage\":\"az\",\"@id\":\"https:\/\/www.zerdab.com\/#\/schema\/person\/image\/\",\"url\":\"https:\/\/secure.gravatar.com\/avatar\/d9c52a9a27c32119cb6679a077fa3e2779e5f822c451cbf01098004361d466ec?s=96&d=mm&r=g\",\"contentUrl\":\"https:\/\/secure.gravatar.com\/avatar\/d9c52a9a27c32119cb6679a077fa3e2779e5f822c451cbf01098004361d466ec?s=96&d=mm&r=g\",\"caption\":\"admin\"},\"url\":\"https:\/\/www.zerdab.com\/?author=1\"}]}<\/script>\n<!-- \/ Yoast SEO plugin. -->","yoast_head_json":{"title":"Jal\u0259 \u018fliyeva Z\u0259rdabda se\u00e7icil\u0259rl\u0259 g\u00f6r\u00fc\u015fl\u0259rini davam etdirir - FOTOLAR - Z\u0259rdab.com","robots":{"index":"index","follow":"follow","max-snippet":"max-snippet:-1","max-image-preview":"max-image-preview:large","max-video-preview":"max-video-preview:-1"},"canonical":"https:\/\/www.zerdab.com\/?p=27767","og_locale":"az_AZ","og_type":"article","og_title":"Jal\u0259 \u018fliyeva Z\u0259rdabda se\u00e7icil\u0259rl\u0259 g\u00f6r\u00fc\u015fl\u0259rini davam etdirir - FOTOLAR - Z\u0259rdab.com","og_description":"92 sayl\u0131 Z\u0259rdab-Ucar Se\u00e7ki Dair\u0259sind\u0259n deputatl\u0131\u011fa namiz\u0259d, professor, Milli M\u0259clisin (MM) M\u0259d\u0259niyy\u0259t komit\u0259sinin s\u0259dr m\u00fcavini Jal\u0259 \u018fliyeva Z\u0259rdab rayonunda se\u00e7icil\u0259rl\u0259 g\u00f6r\u00fc\u015fl\u0259rini davam etdirir. Zerdab.com\u00a0sayt\u0131 x\u0259b\u0259r ki, mill\u0259t v\u0259kilinin bud\u0259f\u0259ki g\u00f6r\u00fc\u015fl\u0259ri, yanvar\u0131n 22-d\u0259 Z\u0259rdab\u0131n Qarav\u0259lli, D\u0259kk\u0259oba, B\u00f6y\u00fck D\u0259kk\u0259, \u0130saqba\u011f\u0131, D\u0259liqu\u015f\u00e7u k\u0259ndl\u0259rinin sakinl\u0259ri il\u0259 g\u00f6r\u00fc\u015fl\u0259ri d\u0259 izdihaml\u0131 v\u0259 \u00e7o\u015fqulu ke\u00e7ib.G\u00f6r\u00fc\u015fd\u0259 \u00e7\u0131x\u0131\u015f ed\u0259n k\u0259nd sakinl\u0259ri ba\u015fqalar\u0131 \u00f6lk\u0259d\u0259 apar\u0131lan [&hellip;]","og_url":"https:\/\/www.zerdab.com\/?p=27767","og_site_name":"Z\u0259rdab.com","article_published_time":"2020-01-27T18:06:30+00:00","article_modified_time":"2020-01-27T18:14:31+00:00","og_image":[{"url":"http:\/\/www.zerdab.com\/wp-content\/uploads\/2020\/01\/jale-eliyeva1-2-550x367.jpg","type":"","width":"","height":""}],"author":"admin","twitter_card":"summary_large_image","twitter_misc":{"Written by":"admin","Est. reading time":"8 minutes"},"schema":{"@context":"https:\/\/schema.org","@graph":[{"@type":"Article","@id":"https:\/\/www.zerdab.com\/?p=27767#article","isPartOf":{"@id":"https:\/\/www.zerdab.com\/?p=27767"},"author":{"name":"admin","@id":"https:\/\/www.zerdab.com\/#\/schema\/person\/97079b7570c1e89ec0d9e138c3672136"},"headline":"Jal\u0259 \u018fliyeva Z\u0259rdabda se\u00e7icil\u0259rl\u0259 g\u00f6r\u00fc\u015fl\u0259rini davam etdirir &#8211; FOTOLAR","datePublished":"2020-01-27T18:06:30+00:00","dateModified":"2020-01-27T18:14:31+00:00","mainEntityOfPage":{"@id":"https:\/\/www.zerdab.com\/?p=27767"},"wordCount":1684,"commentCount":0,"image":{"@id":"https:\/\/www.zerdab.com\/?p=27767#primaryimage"},"thumbnailUrl":"http:\/\/www.zerdab.com\/wp-content\/uploads\/2020\/01\/jale-eliyeva1-2-550x367.jpg","articleSection":["MAN\u015eET","X\u018fB\u018fRL\u018fR"],"inLanguage":"az","potentialAction":[{"@type":"CommentAction","name":"Comment","target":["https:\/\/www.zerdab.com\/?p=27767#respond"]}]},{"@type":"WebPage","@id":"https:\/\/www.zerdab.com\/?p=27767","url":"https:\/\/www.zerdab.com\/?p=27767","name":"Jal\u0259 \u018fliyeva Z\u0259rdabda se\u00e7icil\u0259rl\u0259 g\u00f6r\u00fc\u015fl\u0259rini davam etdirir - FOTOLAR - Z\u0259rdab.com","isPartOf":{"@id":"https:\/\/www.zerdab.com\/#website"},"primaryImageOfPage":{"@id":"https:\/\/www.zerdab.com\/?p=27767#primaryimage"},"image":{"@id":"https:\/\/www.zerdab.com\/?p=27767#primaryimage"},"thumbnailUrl":"http:\/\/www.zerdab.com\/wp-content\/uploads\/2020\/01\/jale-eliyeva1-2-550x367.jpg","datePublished":"2020-01-27T18:06:30+00:00","dateModified":"2020-01-27T18:14:31+00:00","author":{"@id":"https:\/\/www.zerdab.com\/#\/schema\/person\/97079b7570c1e89ec0d9e138c3672136"},"breadcrumb":{"@id":"https:\/\/www.zerdab.com\/?p=27767#breadcrumb"},"inLanguage":"az","potentialAction":[{"@type":"ReadAction","target":["https:\/\/www.zerdab.com\/?p=27767"]}]},{"@type":"ImageObject","inLanguage":"az","@id":"https:\/\/www.zerdab.com\/?p=27767#primaryimage","url":"","contentUrl":""},{"@type":"BreadcrumbList","@id":"https:\/\/www.zerdab.com\/?p=27767#breadcrumb","itemListElement":[{"@type":"ListItem","position":1,"name":"Home","item":"https:\/\/www.zerdab.com\/"},{"@type":"ListItem","position":2,"name":"Jal\u0259 \u018fliyeva Z\u0259rdabda se\u00e7icil\u0259rl\u0259 g\u00f6r\u00fc\u015fl\u0259rini davam etdirir &#8211; FOTOLAR"}]},{"@type":"WebSite","@id":"https:\/\/www.zerdab.com\/#website","url":"https:\/\/www.zerdab.com\/","name":"Z\u0259rdab.com","description":"","potentialAction":[{"@type":"SearchAction","target":{"@type":"EntryPoint","urlTemplate":"https:\/\/www.zerdab.com\/?s={search_term_string}"},"query-input":{"@type":"PropertyValueSpecification","valueRequired":true,"valueName":"search_term_string"}}],"inLanguage":"az"},{"@type":"Person","@id":"https:\/\/www.zerdab.com\/#\/schema\/person\/97079b7570c1e89ec0d9e138c3672136","name":"admin","image":{"@type":"ImageObject","inLanguage":"az","@id":"https:\/\/www.zerdab.com\/#\/schema\/person\/image\/","url":"https:\/\/secure.gravatar.com\/avatar\/d9c52a9a27c32119cb6679a077fa3e2779e5f822c451cbf01098004361d466ec?s=96&d=mm&r=g","contentUrl":"https:\/\/secure.gravatar.com\/avatar\/d9c52a9a27c32119cb6679a077fa3e2779e5f822c451cbf01098004361d466ec?s=96&d=mm&r=g","caption":"admin"},"url":"https:\/\/www.zerdab.com\/?author=1"}]}},"_links":{"self":[{"href":"https:\/\/www.zerdab.com\/index.php?rest_route=\/wp\/v2\/posts\/27767","targetHints":{"allow":["GET"]}}],"collection":[{"href":"https:\/\/www.zerdab.com\/index.php?rest_route=\/wp\/v2\/posts"}],"about":[{"href":"https:\/\/www.zerdab.com\/index.php?rest_route=\/wp\/v2\/types\/post"}],"author":[{"embeddable":true,"href":"https:\/\/www.zerdab.com\/index.php?rest_route=\/wp\/v2\/users\/1"}],"replies":[{"embeddable":true,"href":"https:\/\/www.zerdab.com\/index.php?rest_route=%2Fwp%2Fv2%2Fcomments&post=27767"}],"version-history":[{"count":12,"href":"https:\/\/www.zerdab.com\/index.php?rest_route=\/wp\/v2\/posts\/27767\/revisions"}],"predecessor-version":[{"id":27793,"href":"https:\/\/www.zerdab.com\/index.php?rest_route=\/wp\/v2\/posts\/27767\/revisions\/27793"}],"wp:attachment":[{"href":"https:\/\/www.zerdab.com\/index.php?rest_route=%2Fwp%2Fv2%2Fmedia&parent=27767"}],"wp:term":[{"taxonomy":"category","embeddable":true,"href":"https:\/\/www.zerdab.com\/index.php?rest_route=%2Fwp%2Fv2%2Fcategories&post=27767"},{"taxonomy":"post_tag","embeddable":true,"href":"https:\/\/www.zerdab.com\/index.php?rest_route=%2Fwp%2Fv2%2Ftags&post=27767"}],"curies":[{"name":"wp","href":"https:\/\/api.w.org\/{rel}","templated":true}]}}