{"id":27794,"date":"2020-01-31T23:20:39","date_gmt":"2020-01-31T19:20:39","guid":{"rendered":"http:\/\/www.zerdab.com\/?p=27794"},"modified":"2020-02-04T22:27:23","modified_gmt":"2020-02-04T18:27:23","slug":"27794","status":"publish","type":"post","link":"https:\/\/www.zerdab.com\/?p=27794","title":{"rendered":"Jal\u0259 \u018fliyeva Z\u0259rdabda k\u0259ndb\u0259k\u0259nd g\u0259z\u0259r\u0259k se\u00e7icil\u0259rl\u0259 g\u00f6r\u00fc\u015f\u00fcr &#8211; Fotolar"},"content":{"rendered":"\n<p>92 sayl\u0131 Z\u0259rdab-Ucar Se\u00e7ki Dair\u0259sind\u0259n deputatl\u0131\u011fa namiz\u0259d Jal\u0259 \u018fliyeva se\u00e7ki kampaniyas\u0131 \u00e7\u0259r\u00e7iv\u0259sind\u0259 se\u00e7icil\u0259rl\u0259 g\u00f6r\u00fc\u015fl\u0259rini davam etdirir.<\/p>\n\n\n\n<figure class=\"wp-block-image\"><img decoding=\"async\" src=\"http:\/\/www.zerdab.com\/wp-content\/uploads\/2020\/01\/jale-eliyeva-4.jpg\" alt=\"\" class=\"wp-image-27797\"\/><\/figure>\n\n\n\n<p>Zerdab.com sayt\u0131na veril\u0259n m\u0259lumata g\u00f6r\u0259, deputatl\u0131\u011fa namiz\u0259din Z\u0259rdab rayonunun&nbsp;\u018flv\u0259nd, Otmanoba, Sahh\u00fcseynli, G\u0259nd\u0259bil, N\u0259z\u0259ral\u0131l\u0131, A\u011faba\u011f\u0131, \u015e\u0131xba\u011f\u0131, A\u015fa\u011f\u0131 Seyidl\u0259r, \u015e\u0259ft\u0259xal&nbsp;v\u0259&nbsp;Mehdilil\u0259r&nbsp;k\u0259ndl\u0259rinin sakinl\u0259ri il\u0259&nbsp;\u018flv\u0259nd&nbsp;k\u0259nd klubunda \u00e7o\u015fqulu v\u0259 izdihaml\u0131 g\u00f6r\u00fc\u015f\u00fc ba\u015f tutub.<\/p>\n\n\n\n<figure class=\"wp-block-image\"><img decoding=\"async\" src=\"http:\/\/www.zerdab.com\/wp-content\/uploads\/2020\/01\/jale-eliyeva1-3.jpg\" alt=\"\" class=\"wp-image-27798\"\/><\/figure>\n\n\n\n<p>T\u0259kc\u0259 adlar\u0131 \u00e7\u0259kil\u0259n k\u0259ndl\u0259rd\u0259 ya\u015fayanlar deyil, eyni zamanda, h\u0259min&nbsp; b\u00f6lg\u0259l\u0259rd\u0259n olub haz\u0131rda Bak\u0131da ya\u015fayan z\u0259rdabl\u0131lar-ziyal\u0131lar, g\u0259ncl\u0259r, i\u015f adamlar\u0131, sahibkarlar bel\u0259 deputatl\u0131\u011fa namiz\u0259dl\u0259 g\u00f6r\u00fc\u015f\u0259 t\u0259\u015frif buyurublar.<\/p>\n\n\n\n<p>G\u00f6r\u00fc\u015fd\u0259n \u0259vv\u0259l deputatl\u0131\u011fa namiz\u0259d adlar\u0131 \u00e7\u0259kil\u0259n k\u0259ndl\u0259rin sakinl\u0259rind\u0259n b\u0259zil\u0259rinin evl\u0259rin\u0259, o c\u00fcml\u0259d\u0259n, \u015f\u0259hid ail\u0259sin\u0259 ba\u015f \u00e7\u0259kib.<\/p>\n\n\n\n<figure class=\"wp-block-image\"><img loading=\"lazy\" decoding=\"async\" width=\"473\" height=\"355\" src=\"http:\/\/www.zerdab.com\/wp-content\/uploads\/2020\/01\/jale-eliyeva2-2.jpg\" alt=\"\" class=\"wp-image-27799\" srcset=\"https:\/\/www.zerdab.com\/wp-content\/uploads\/2020\/01\/jale-eliyeva2-2.jpg 473w, https:\/\/www.zerdab.com\/wp-content\/uploads\/2020\/01\/jale-eliyeva2-2-400x300.jpg 400w, https:\/\/www.zerdab.com\/wp-content\/uploads\/2020\/01\/jale-eliyeva2-2-80x60.jpg 80w, https:\/\/www.zerdab.com\/wp-content\/uploads\/2020\/01\/jale-eliyeva2-2-265x198.jpg 265w\" sizes=\"auto, (max-width: 473px) 100vw, 473px\" \/><\/figure>\n\n\n\n<p>Bu g\u00f6r\u00fc\u015fl\u0259r d\u0259 s\u0259mimi v\u0259 isti ortamda ke\u00e7ib.<\/p>\n\n\n\n<p>G\u00f6r\u00fc\u015fd\u0259 \u00e7\u0131x\u0131\u015f ed\u0259n se\u00e7i\u00e7il\u0259r, s\u00f6z\u00fcged\u0259n k\u0259ndl\u0259rin sakinl\u0259ri-S\u0259ft\u0259xal k\u0259nd tam orta m\u0259kt\u0259binin&nbsp; direktoru&nbsp;&nbsp;S\u0259diyar X\u0259lilov,&nbsp; \u015eahh\u00fcseynli k\u0259nd tam orta m\u0259kt\u0259binin direktoru&nbsp;&nbsp;Tamam Xaspoladova, \u0259sl\u0259n h\u0259min k\u0259ndd\u0259n olan v\u0259 Bak\u0131da ya\u015fayan sahibkar&nbsp;Ramil Mehdiyev v\u0259 dig\u0259rl\u0259ri se\u00e7kil\u0259rl\u0259-deputatl\u0131\u011fa namiz\u0259dl\u0259 ba\u011fl\u0131 fikirl\u0259ri s\u00f6yl\u0259yibl\u0259r.<\/p>\n\n\n\n<p>\u00c7\u0131x\u0131\u015f\u00e7\u0131lar g\u00f6r\u00fcl\u0259n i\u015fl\u0259r\u0259, at\u0131lan add\u0131mlara g\u00f6r\u0259 \u00f6lk\u0259 prezidenti il\u0259 birinci vitse-prezident\u0259 minn\u0259tdarl\u0131qlar\u0131n\u0131 ifad\u0259 edibl\u0259r. \u00c7\u0131x\u0131\u015f\u00e7\u0131lar h\u0259r zaman d\u00f6vl\u0259tl\u0259rinin yan\u0131nda olduqlar\u0131n\u0131,&nbsp;d\u00f6vl\u0259t\u00e7ilik \u0259n\u0259n\u0259l\u0259rin\u0259 sadiqlikl\u0259rini bildiribl\u0259r.<\/p>\n\n\n\n<p>Eyni zamanda, Jal\u0259 \u018fliyevan\u0131n son 15 ild\u0259ki f\u0259aliyy\u0259ti, Milli M\u0259clisd\u0259ki (MM) \u00e7\u0131x\u0131\u015flar\u0131, b\u00fct\u00fcn aidiyyat\u0131 orqanlara, r\u0259smi instansiyalara m\u00fcraci\u0259tl\u0259ri il\u0259 h\u0259r zaman se\u00e7icil\u0259rinin yan\u0131nda oldu\u011funu, onlar\u0131n m\u0259nafel\u0259rini d\u00fc\u015f\u00fcnd\u00fcy\u00fcn\u00fc dil\u0259 g\u0259tirib, bu f\u0259aliyy\u0259ti y\u00fcks\u0259k qiym\u0259tl\u0259ndiribl\u0259r.<\/p>\n\n\n\n<p>G\u0259nd\u0259bil&nbsp;v\u0259&nbsp;A\u011faba\u011f\u0131&nbsp;istisna olmaqla, dig\u0259r k\u0259ndl\u0259rin qazla\u015fd\u0131r\u0131lmas\u0131nda g\u00f6st\u0259rdiyi f\u0259all\u0131\u011fa, yuxar\u0131 instansiyalara, Nazirl\u0259r Kabinetin\u0259 m\u00fcraci\u0259tl\u0259rin\u0259, prosesin s\u00fcr\u0259tl\u0259ndirilm\u0259sind\u0259ki roluna g\u00f6r\u0259 deputatl\u0131\u011fa namiz\u0259d\u0259 t\u0259\u015f\u0259kk\u00fcrl\u0259rini \u00e7atd\u0131r\u0131blar.<\/p>\n\n\n\n<p>H\u0259m\u00e7inin,&nbsp;G\u0259nd\u0259bil&nbsp;v\u0259&nbsp;A\u011faba\u011f\u0131&nbsp;k\u0259ndl\u0259rinin h\u0259llini g\u00f6zl\u0259y\u0259n qazla\u015fd\u0131rma m\u0259s\u0259l\u0259sinin q\u0131sa m\u00fcdd\u0259td\u0259 realla\u015faca\u011f\u0131na, h\u0259min k\u0259ndl\u0259rin d\u0259 deputatlar\u0131n\u0131n k\u00f6m\u0259kliyi say\u0259sind\u0259 qazla\u015fd\u0131r\u0131laca\u011f\u0131na d\u0259rin inamlar\u0131n\u0131 ifad\u0259 edibl\u0259r. H\u0259tta, m\u0259s\u0259l\u0259 il\u0259 ba\u011fl\u0131 deputatlar\u0131n\u0131n Nazirl\u0259r Kabinetin\u0259 m\u00fcraci\u0259tind\u0259n x\u0259b\u0259rdar olduqlar\u0131n\u0131 da s\u00f6yl\u0259yibl\u0259r.<\/p>\n\n\n\n<p>Bununla yana\u015f\u0131, g\u00f6r\u00fc\u015f zaman\u0131&nbsp;\u015eahh\u00fcseynli&nbsp;k\u0259ndinin sakinl\u0259ri deputatlar\u0131na bir m\u00fcdd\u0259t bundan \u0259vv\u0259l m\u00fcraci\u0259t etdikl\u0259rini bildiribl\u0259r.<\/p>\n\n\n\n<p>Y\u0259ni, 2 min ha-dan art\u0131q \u0259kin\u0259yararl\u0131 \u0259raziy\u0259 sahib olsalar da, su \u00e7at\u0131\u015fmazl\u0131\u011f\u0131ndan uzun ill\u0259r \u0259ziyy\u0259t \u00e7\u0259kdikl\u0259rini, k\u0259ndd\u0259ki su x\u0259ttinin t\u0259l\u0259bat\u0131 tam \u00f6d\u0259m\u0259diyini bildirdikl\u0259rini, onlara bu m\u0259s\u0259l\u0259y\u0259 k\u00f6m\u0259klik g\u00f6st\u0259rilm\u0259sini xahi\u015f etdikl\u0259rini s\u00f6yl\u0259yibl\u0259r.<\/p>\n\n\n\n<p>Deputatl\u0131\u011fa namiz\u0259din d\u0259 \u00e7ox q\u0131sa m\u00fcdd\u0259t \u0259rzind\u0259 bu m\u0259s\u0259l\u0259 il\u0259 ba\u011fl\u0131 h\u0259m parlamentin iclas\u0131nda m\u0259s\u0259l\u0259 qald\u0131rd\u0131\u011f\u0131n\u0131, h\u0259m d\u0259 bu haqda Ba\u015f nazir\u0259 m\u00fcraci\u0259t etdiyini y\u00fcks\u0259k qiym\u0259tl\u0259ndiribl\u0259r. H\u0259m\u00e7inin, m\u0259s\u0259l\u0259nin h\u0259llini tapaca\u011f\u0131na d\u0259rin inamlar\u0131n\u0131 ifad\u0259 edibl\u0259r.<\/p>\n\n\n\n<figure class=\"wp-block-image\"><img decoding=\"async\" src=\"http:\/\/www.zerdab.com\/wp-content\/uploads\/2020\/01\/jale-eliyeva3-3-550x413.jpg\" alt=\"\" class=\"wp-image-27801\"\/><\/figure>\n\n\n\n<p>Deputatl\u0131\u011fa namiz\u0259d, professor Jal\u0259 \u018fliyevan\u0131n n\u00f6vb\u0259ti g\u00f6r\u00fc\u015f\u00fc Z\u0259rdab rayonunun \u00c7all\u0131, M\u0259likumudlu, \u00c7ilovxanl\u0131, Al\u0131canl\u0131 k\u0259ndl\u0259rinin v\u0259 B\u0259yimli q\u0259s\u0259b\u0259sinin sakinl\u0259ri il\u0259 M\u0259likumudlu k\u0259ndind\u0259 g\u00f6r\u00fc\u015f\u00fc ba\u015f tutub.<br><\/p>\n\n\n\n<figure class=\"wp-block-image\"><img decoding=\"async\" src=\"http:\/\/www.zerdab.com\/wp-content\/uploads\/2020\/01\/jale-eliyeva4-2-550x413.jpg\" alt=\"\" class=\"wp-image-27802\"\/><\/figure>\n\n\n\n<p><br>G\u00f6r\u00fc\u015fd\u0259n \u0259vv\u0259l deputatl\u0131\u011fa namiz\u0259din se\u00e7icil\u0259rl\u0259 onlar\u0131n evl\u0259rind\u0259 \u0259n\u0259n\u0259vi f\u0259rdi g\u00f6r\u00fc\u015fl\u0259ri olub v\u0259 bu g\u00f6r\u00fc\u015fl\u0259rd\u0259 d\u0259 s\u0259mimi, isti m\u00fczakir\u0259, fikir m\u00fcbadil\u0259si apar\u0131l\u0131b.<br><br>Eyni zamanda, deputatl\u0131\u011fa namiz\u0259dl\u0259 g\u00f6r\u00fc\u015f zaman\u0131 \u0259vv\u0259lki g\u00f6r\u00fc\u015fl\u0259rd\u0259 oldu\u011fu kimi, J. \u018fliyevan\u0131n Milli M\u0259clisd\u0259ki (MM) f\u0259aliyy\u0259tind\u0259n b\u0259hs ed\u0259n videofilmin n\u00fcmayi\u015fi olub v\u0259 film i\u015ftirak\u00e7\u0131lar t\u0259r\u0259find\u0259n t\u0259qdirl\u0259 qar\u015f\u0131lan\u0131b.<br><br>Al\u0131canl\u0131 k\u0259nd sakini \u018fr\u015fah Cavadov is\u0259 mill\u0259t v\u0259kilin\u0259 rayonun&nbsp; v\u0259 adlar\u0131 \u00e7\u0259kil\u0259n k\u0259ndl\u0259rin probleml\u0259rini daimi olaraq MM-d\u0259 g\u00fcnd\u0259liy\u0259 \u00e7\u0131xard\u0131\u011f\u0131na, h\u0259min b\u00f6lg\u0259l\u0259rin \u0259n b\u00f6y\u00fck problemi olan su \u00e7at\u0131\u015fmazl\u0131\u011f\u0131, kanal, yol probleminin h\u0259lli istiqam\u0259tind\u0259 \u0259m\u0259li add\u0131mlar atd\u0131\u011f\u0131na, \u0259laq\u0259dar t\u0259\u015fkilatlara m\u00fcraci\u0259tl\u0259rin\u0259 g\u00f6r\u0259 t\u0259\u015f\u0259kk\u00fcr\u00fcn\u00fc \u00e7atd\u0131r\u0131b.<br><br>Se\u00e7icil\u0259r h\u0259m\u00e7inin, bir ne\u00e7\u0259 h\u0259lli vacib m\u0259s\u0259l\u0259l\u0259rin-\u00f6r\u00fc\u015f yerl\u0259ri, \u0259kin sah\u0259l\u0259rinin suvar\u0131lmas\u0131 il\u0259 ba\u011fl\u0131 probleml\u0259rin d\u0259 aradan qald\u0131r\u0131lmas\u0131na k\u00f6m\u0259klik g\u00f6st\u0259rilm\u0259sini deputatlar\u0131ndan xahi\u015f edibl\u0259r.<br><br>\u0130\u015ftirak\u00e7\u0131lar bununla yana\u015f\u0131, rayonun b\u00fct\u00fcn k\u0259ndl\u0259rinin qazla\u015fd\u0131r\u0131lmas\u0131nda g\u00f6st\u0259rdiyi t\u0259\u015f\u0259bb\u00fcsl\u0259r\u0259 g\u00f6r\u0259, deputatlar\u0131na minn\u0259tdarl\u0131qlar\u0131 bildirib, h\u0259l\u0259lik qazs\u0131z qalan 4 k\u0259ndd\u0259n biri olan \u00c7ilovxanl\u0131 k\u0259ndin\u0259 qaz x\u0259ttinin \u00e7\u0259kil\u0259c\u0259yin\u0259 inamlar\u0131n\u0131 ifad\u0259 ed\u0259r\u0259k, bu m\u0259s\u0259l\u0259nin h\u0259llin\u0259 d\u0259 J. \u018fliyevan\u0131n k\u00f6m\u0259klik g\u00f6st\u0259rm\u0259sini xahi\u015f edibl\u0259r.<\/p>\n\n\n\n<p>Deputatl\u0131\u011fa namiz\u0259d Jal\u0259 \u018fliyevan\u0131n daha bir g\u00f6r\u00fc\u015f\u00fc is\u0259 rayonun&nbsp;B\u0131\u00e7aq\u00e7\u0131, Seyidl\u0259r, Sileyli&nbsp;v\u0259&nbsp;K\u00f6rp\u00fck\u0259nd&nbsp;k\u0259ndl\u0259rinin sakinl\u0259ri il\u0259&nbsp;B\u0131\u00e7aq\u00e7\u0131&nbsp;k\u0259nd klubunda ke\u00e7iril\u0259n g\u00f6r\u00fc\u015f\u00fc d\u0259 \u0259vv\u0259lki izdiham\u0131 v\u0259 m\u00f6ht\u0259\u015f\u0259mliyi il\u0259 ba\u015f tutub.<\/p>\n\n\n\n<figure class=\"wp-block-image\"><img decoding=\"async\" src=\"http:\/\/www.zerdab.com\/wp-content\/uploads\/2020\/01\/jale-eliyeva5-1-550x413.jpg\" alt=\"\" class=\"wp-image-27803\"\/><\/figure>\n\n\n\n<p>Klubun zal\u0131nda t\u0259xmin\u0259n&nbsp;200-y\u0259 yax\u0131n sakin i\u015ftirak edib, h\u0259m\u00e7inin,&nbsp;100-\u0259 yax\u0131n insan g\u00f6r\u00fc\u015f\u00fc ayaq\u00fcst\u0259 izl\u0259yib.<\/p>\n\n\n\n<p>Bundan \u0259lav\u0259, g\u00f6r\u00fc\u015f\u0259 g\u0259l\u0259nl\u0259rin bir xeyli qismi klubun h\u0259y\u0259tind\u0259 g\u00f6zl\u0259yibl\u0259r.<\/p>\n\n\n\n<p>Onu da qeyd ed\u0259k ki, B\u0131\u00e7aq\u00e7\u0131 k\u0259ndi Qaraba\u011f sava\u015f\u0131nda&nbsp;6&nbsp;\u015f\u0259hid verib v\u0259 onlardan birinin-\u015f\u0259hid&nbsp;M\u00fc\u015ffiq Hac\u0131yevin B\u0131\u00e7aq\u00e7\u0131 k\u0259nd tam orta m\u0259kt\u0259binin h\u0259y\u0259tind\u0259 ucald\u0131lan abid\u0259si ziyar\u0259t olunub, abid\u0259 \u00f6n\u00fcn\u0259 \u00e7i\u00e7\u0259k d\u0259st\u0259l\u0259ri d\u00fcz\u00fcl\u00fcb.<\/p>\n\n\n\n<figure class=\"wp-block-image\"><img decoding=\"async\" src=\"http:\/\/www.zerdab.com\/wp-content\/uploads\/2020\/01\/jale-eliyeva6-1-550x413.jpg\" alt=\"\" class=\"wp-image-27805\"\/><\/figure>\n\n\n\n<p>\u015e\u0259hidin ail\u0259 \u00fczvl\u0259ri d\u0259 \u00f6z t\u0259\u015f\u0259kk\u00fcrl\u0259rini bildiribl\u0259r.<\/p>\n\n\n\n<p>Qeyd etm\u0259y\u0259 d\u0259y\u0259r ki, bu k\u0259nd n\u0259inki Qaraba\u011f sava\u015f\u0131nda, h\u0259m\u00e7inin, B\u00f6y\u00fck V\u0259t\u0259n v\u0259 \u0130kinci D\u00fcnya M\u00fcharib\u0259sind\u0259 i\u015ftirak ed\u0259n igid q\u0259hr\u0259manlar\u0131 il\u0259 tan\u0131n\u0131r.<\/p>\n\n\n\n<p>Onlardan biri d\u0259 Sovet \u0130ttifaq\u0131 Q\u0259hr\u0259man\u0131-m\u0259rhum&nbsp;M\u0259lik M\u0259h\u0259rr\u0259mov&nbsp;olub.<\/p>\n\n\n\n<figure class=\"wp-block-image\"><img decoding=\"async\" src=\"http:\/\/www.zerdab.com\/wp-content\/uploads\/2020\/01\/jale-eliyeva7-1-550x413.jpg\" alt=\"\" class=\"wp-image-27806\"\/><\/figure>\n\n\n\n<p>Xat\u0131rladaq ki, bir ne\u00e7\u0259 il d\u00fcnyas\u0131n\u0131 d\u0259yi\u015f\u0259n&nbsp;M.M\u0259h\u0259r\u0259mmov&nbsp;Az\u0259rbaycan\u0131n sonuncu Sovet \u0130ttifaq\u0131 Q\u0259hr\u0259man\u0131 idi.<\/p>\n\n\n\n<p>Deputatl\u0131\u011fa namiz\u0259d h\u0259m\u00e7inin, Z\u0259rdab\u0131n \u0259n ya\u015fl\u0131 sakini-\u0130kinci D\u00fcnya v\u0259 B\u00f6y\u00fck V\u0259t\u0259n M\u00fcharib\u0259si veteran\u0131-101 ya\u015fl\u0131&nbsp;\u018fhm\u0259d Qurbanovu g\u00f6r\u00fc\u015fd\u0259n sonra evind\u0259 ziyar\u0259t edib, onun a\u011fsaqqal xeyir-duas\u0131n\u0131 al\u0131b.<\/p>\n\n\n\n<p>Deputatl\u0131\u011fa namiz\u0259din dig\u0259r g\u00f6r\u00fc\u015fl\u0259ri 2 saat \u00e7\u0259ks\u0259 d\u0259, bu g\u00f6r\u00fc\u015f\u00fc 5 saata q\u0259d\u0259r davam edib.<\/p>\n\n\n\n<p>H\u0259m g\u00f6r\u00fc\u015fd\u0259 \u00e7\u0131x\u0131\u015f\u00e7\u0131lar\u0131n say\u0131 h\u0259ddind\u0259n art\u0131q \u00e7ox olub, h\u0259m d\u0259 g\u00f6r\u00fc\u015fd\u0259n sonra namiz\u0259d se\u00e7icil\u0259rl\u0259 ekskl\u00fcziv q\u0259bul ke\u00e7irib. Y\u0259ni, klubun arxa ota\u011f\u0131nda s\u0259yyar q\u0259bul ba\u015f tutub.<\/p>\n\n\n\n<p>\u00c7\u0131x\u0131\u015f ed\u0259nl\u0259rd\u0259n t\u0259qa\u00fcdd\u0259 olan m\u00fc\u0259lim&nbsp;R\u0259sulov Eyvaz, K\u00f6rp\u00fck\u0259nd tam orta m\u0259kt\u0259bin direktoru&nbsp;Eminova Ruxsar\u0259, h\u0259m\u00e7inin, B\u0131\u00e7aq\u00e7\u0131 k\u0259nd sakini&nbsp;H\u0259s\u0259nov Qalib, \u015f\u0259hid qarda\u015f\u0131&nbsp;Haciyev B\u0259xtiyar&nbsp;v\u0259 ba\u015fqalar\u0131 se\u00e7kil\u0259rl\u0259, deputatlar\u0131 il\u0259 ba\u011fl\u0131 fikirl\u0259rini a\u00e7\u0131qlay\u0131b, onun f\u0259aliyy\u0259tini t\u0259qdir edib v\u0259 9 fevralda&nbsp;J. \u018fliyevan\u0131 d\u0259st\u0259kl\u0259y\u0259c\u0259kl\u0259rini bildiribl\u0259r.<\/p>\n\n\n\n<p>Bununla yana\u015f\u0131, \u00e7\u0131x\u0131\u015f\u00e7\u0131lar k\u0259nd u\u015faq ba\u011f\u00e7as\u0131n\u0131n v\u0259 orta m\u0259kt\u0259b binas\u0131n\u0131n \u0259sasl\u0131 t\u0259mirini xahi\u015f edibl\u0259r.<\/p>\n\n\n\n<p>Deputatl\u0131\u011fa namiz\u0259d d\u0259 onlara t\u0259\u015f\u0259kk\u00fcrl\u0259rini bildirib, h\u0259r zaman oldu\u011fu kimi, se\u00e7il\u0259c\u0259yi t\u0259qdird\u0259, bundan sonra da se\u00e7icil\u0259rinin, Z\u0259rdab v\u0259 ucarl\u0131lar\u0131n t\u0259klifl\u0259rini daim diqq\u0259td\u0259 saxlayaca\u011f\u0131n\u0131 v\u0259 realla\u015fd\u0131r\u0131lmas\u0131na \u00e7al\u0131\u015faca\u011f\u0131n\u0131 vur\u011fulay\u0131b.<\/p>\n\n\n\n<p>G\u00f6r\u00fc\u015fd\u0259 deputatl\u0131\u011fa namiz\u0259din parlamentd\u0259ki f\u0259aliyy\u0259tind\u0259n b\u0259hs ed\u0259n videofilmi d\u0259 n\u00fcmayi\u015f olunub.<br><\/p>\n","protected":false},"excerpt":{"rendered":"<p>92 sayl\u0131 Z\u0259rdab-Ucar Se\u00e7ki Dair\u0259sind\u0259n deputatl\u0131\u011fa namiz\u0259d Jal\u0259 \u018fliyeva se\u00e7ki kampaniyas\u0131 \u00e7\u0259r\u00e7iv\u0259sind\u0259 se\u00e7icil\u0259rl\u0259 g\u00f6r\u00fc\u015fl\u0259rini davam etdirir. Zerdab.com sayt\u0131na veril\u0259n m\u0259lumata g\u00f6r\u0259, deputatl\u0131\u011fa namiz\u0259din Z\u0259rdab rayonunun&nbsp;\u018flv\u0259nd, Otmanoba, Sahh\u00fcseynli, G\u0259nd\u0259bil, N\u0259z\u0259ral\u0131l\u0131, A\u011faba\u011f\u0131, \u015e\u0131xba\u011f\u0131, A\u015fa\u011f\u0131 Seyidl\u0259r, \u015e\u0259ft\u0259xal&nbsp;v\u0259&nbsp;Mehdilil\u0259r&nbsp;k\u0259ndl\u0259rinin sakinl\u0259ri il\u0259&nbsp;\u018flv\u0259nd&nbsp;k\u0259nd klubunda \u00e7o\u015fqulu v\u0259 izdihaml\u0131 g\u00f6r\u00fc\u015f\u00fc ba\u015f tutub. T\u0259kc\u0259 adlar\u0131 \u00e7\u0259kil\u0259n k\u0259ndl\u0259rd\u0259 ya\u015fayanlar deyil, eyni zamanda, h\u0259min&nbsp; b\u00f6lg\u0259l\u0259rd\u0259n olub haz\u0131rda [&hellip;]<\/p>\n","protected":false},"author":1,"featured_media":0,"comment_status":"open","ping_status":"open","sticky":false,"template":"","format":"standard","meta":{"footnotes":""},"categories":[21,63],"tags":[],"class_list":{"0":"post-27794","1":"post","2":"type-post","3":"status-publish","4":"format-standard","6":"category-zrdab","7":"category-manset"},"yoast_head":"<!-- This site is optimized with the Yoast SEO plugin v27.0 - https:\/\/yoast.com\/product\/yoast-seo-wordpress\/ -->\n<title>Jal\u0259 \u018fliyeva Z\u0259rdabda k\u0259ndb\u0259k\u0259nd g\u0259z\u0259r\u0259k se\u00e7icil\u0259rl\u0259 g\u00f6r\u00fc\u015f\u00fcr - Fotolar - Z\u0259rdab.com<\/title>\n<meta name=\"robots\" content=\"index, follow, max-snippet:-1, max-image-preview:large, max-video-preview:-1\" \/>\n<link rel=\"canonical\" href=\"https:\/\/www.zerdab.com\/?p=27794\" \/>\n<meta property=\"og:locale\" content=\"az_AZ\" \/>\n<meta property=\"og:type\" content=\"article\" \/>\n<meta property=\"og:title\" content=\"Jal\u0259 \u018fliyeva Z\u0259rdabda k\u0259ndb\u0259k\u0259nd g\u0259z\u0259r\u0259k se\u00e7icil\u0259rl\u0259 g\u00f6r\u00fc\u015f\u00fcr - Fotolar - Z\u0259rdab.com\" \/>\n<meta property=\"og:description\" content=\"92 sayl\u0131 Z\u0259rdab-Ucar Se\u00e7ki Dair\u0259sind\u0259n deputatl\u0131\u011fa namiz\u0259d Jal\u0259 \u018fliyeva se\u00e7ki kampaniyas\u0131 \u00e7\u0259r\u00e7iv\u0259sind\u0259 se\u00e7icil\u0259rl\u0259 g\u00f6r\u00fc\u015fl\u0259rini davam etdirir. Zerdab.com sayt\u0131na veril\u0259n m\u0259lumata g\u00f6r\u0259, deputatl\u0131\u011fa namiz\u0259din Z\u0259rdab rayonunun&nbsp;\u018flv\u0259nd, Otmanoba, Sahh\u00fcseynli, G\u0259nd\u0259bil, N\u0259z\u0259ral\u0131l\u0131, A\u011faba\u011f\u0131, \u015e\u0131xba\u011f\u0131, A\u015fa\u011f\u0131 Seyidl\u0259r, \u015e\u0259ft\u0259xal&nbsp;v\u0259&nbsp;Mehdilil\u0259r&nbsp;k\u0259ndl\u0259rinin sakinl\u0259ri il\u0259&nbsp;\u018flv\u0259nd&nbsp;k\u0259nd klubunda \u00e7o\u015fqulu v\u0259 izdihaml\u0131 g\u00f6r\u00fc\u015f\u00fc ba\u015f tutub. T\u0259kc\u0259 adlar\u0131 \u00e7\u0259kil\u0259n k\u0259ndl\u0259rd\u0259 ya\u015fayanlar deyil, eyni zamanda, h\u0259min&nbsp; b\u00f6lg\u0259l\u0259rd\u0259n olub haz\u0131rda [&hellip;]\" \/>\n<meta property=\"og:url\" content=\"https:\/\/www.zerdab.com\/?p=27794\" \/>\n<meta property=\"og:site_name\" content=\"Z\u0259rdab.com\" \/>\n<meta property=\"article:published_time\" content=\"2020-01-31T19:20:39+00:00\" \/>\n<meta property=\"article:modified_time\" content=\"2020-02-04T18:27:23+00:00\" \/>\n<meta property=\"og:image\" content=\"http:\/\/www.zerdab.com\/wp-content\/uploads\/2020\/01\/jale-eliyeva-4.jpg\" \/>\n<meta name=\"author\" content=\"admin\" \/>\n<meta name=\"twitter:card\" content=\"summary_large_image\" \/>\n<meta name=\"twitter:label1\" content=\"Written by\" \/>\n\t<meta name=\"twitter:data1\" content=\"admin\" \/>\n\t<meta name=\"twitter:label2\" content=\"Est. reading time\" \/>\n\t<meta name=\"twitter:data2\" content=\"8 minutes\" \/>\n<script type=\"application\/ld+json\" class=\"yoast-schema-graph\">{\"@context\":\"https:\/\/schema.org\",\"@graph\":[{\"@type\":\"Article\",\"@id\":\"https:\/\/www.zerdab.com\/?p=27794#article\",\"isPartOf\":{\"@id\":\"https:\/\/www.zerdab.com\/?p=27794\"},\"author\":{\"name\":\"admin\",\"@id\":\"https:\/\/www.zerdab.com\/#\/schema\/person\/97079b7570c1e89ec0d9e138c3672136\"},\"headline\":\"Jal\u0259 \u018fliyeva Z\u0259rdabda k\u0259ndb\u0259k\u0259nd g\u0259z\u0259r\u0259k se\u00e7icil\u0259rl\u0259 g\u00f6r\u00fc\u015f\u00fcr &#8211; Fotolar\",\"datePublished\":\"2020-01-31T19:20:39+00:00\",\"dateModified\":\"2020-02-04T18:27:23+00:00\",\"mainEntityOfPage\":{\"@id\":\"https:\/\/www.zerdab.com\/?p=27794\"},\"wordCount\":1631,\"commentCount\":0,\"image\":{\"@id\":\"https:\/\/www.zerdab.com\/?p=27794#primaryimage\"},\"thumbnailUrl\":\"http:\/\/www.zerdab.com\/wp-content\/uploads\/2020\/01\/jale-eliyeva-4.jpg\",\"articleSection\":[\"C\u018fM\u0130YY\u018fT\",\"MAN\u015eET\"],\"inLanguage\":\"az\",\"potentialAction\":[{\"@type\":\"CommentAction\",\"name\":\"Comment\",\"target\":[\"https:\/\/www.zerdab.com\/?p=27794#respond\"]}]},{\"@type\":\"WebPage\",\"@id\":\"https:\/\/www.zerdab.com\/?p=27794\",\"url\":\"https:\/\/www.zerdab.com\/?p=27794\",\"name\":\"Jal\u0259 \u018fliyeva Z\u0259rdabda k\u0259ndb\u0259k\u0259nd g\u0259z\u0259r\u0259k se\u00e7icil\u0259rl\u0259 g\u00f6r\u00fc\u015f\u00fcr - Fotolar - Z\u0259rdab.com\",\"isPartOf\":{\"@id\":\"https:\/\/www.zerdab.com\/#website\"},\"primaryImageOfPage\":{\"@id\":\"https:\/\/www.zerdab.com\/?p=27794#primaryimage\"},\"image\":{\"@id\":\"https:\/\/www.zerdab.com\/?p=27794#primaryimage\"},\"thumbnailUrl\":\"http:\/\/www.zerdab.com\/wp-content\/uploads\/2020\/01\/jale-eliyeva-4.jpg\",\"datePublished\":\"2020-01-31T19:20:39+00:00\",\"dateModified\":\"2020-02-04T18:27:23+00:00\",\"author\":{\"@id\":\"https:\/\/www.zerdab.com\/#\/schema\/person\/97079b7570c1e89ec0d9e138c3672136\"},\"breadcrumb\":{\"@id\":\"https:\/\/www.zerdab.com\/?p=27794#breadcrumb\"},\"inLanguage\":\"az\",\"potentialAction\":[{\"@type\":\"ReadAction\",\"target\":[\"https:\/\/www.zerdab.com\/?p=27794\"]}]},{\"@type\":\"ImageObject\",\"inLanguage\":\"az\",\"@id\":\"https:\/\/www.zerdab.com\/?p=27794#primaryimage\",\"url\":\"\",\"contentUrl\":\"\"},{\"@type\":\"BreadcrumbList\",\"@id\":\"https:\/\/www.zerdab.com\/?p=27794#breadcrumb\",\"itemListElement\":[{\"@type\":\"ListItem\",\"position\":1,\"name\":\"Home\",\"item\":\"https:\/\/www.zerdab.com\/\"},{\"@type\":\"ListItem\",\"position\":2,\"name\":\"Jal\u0259 \u018fliyeva Z\u0259rdabda k\u0259ndb\u0259k\u0259nd g\u0259z\u0259r\u0259k se\u00e7icil\u0259rl\u0259 g\u00f6r\u00fc\u015f\u00fcr &#8211; Fotolar\"}]},{\"@type\":\"WebSite\",\"@id\":\"https:\/\/www.zerdab.com\/#website\",\"url\":\"https:\/\/www.zerdab.com\/\",\"name\":\"Z\u0259rdab.com\",\"description\":\"\",\"potentialAction\":[{\"@type\":\"SearchAction\",\"target\":{\"@type\":\"EntryPoint\",\"urlTemplate\":\"https:\/\/www.zerdab.com\/?s={search_term_string}\"},\"query-input\":{\"@type\":\"PropertyValueSpecification\",\"valueRequired\":true,\"valueName\":\"search_term_string\"}}],\"inLanguage\":\"az\"},{\"@type\":\"Person\",\"@id\":\"https:\/\/www.zerdab.com\/#\/schema\/person\/97079b7570c1e89ec0d9e138c3672136\",\"name\":\"admin\",\"image\":{\"@type\":\"ImageObject\",\"inLanguage\":\"az\",\"@id\":\"https:\/\/www.zerdab.com\/#\/schema\/person\/image\/\",\"url\":\"https:\/\/secure.gravatar.com\/avatar\/d9c52a9a27c32119cb6679a077fa3e2779e5f822c451cbf01098004361d466ec?s=96&d=mm&r=g\",\"contentUrl\":\"https:\/\/secure.gravatar.com\/avatar\/d9c52a9a27c32119cb6679a077fa3e2779e5f822c451cbf01098004361d466ec?s=96&d=mm&r=g\",\"caption\":\"admin\"},\"url\":\"https:\/\/www.zerdab.com\/?author=1\"}]}<\/script>\n<!-- \/ Yoast SEO plugin. -->","yoast_head_json":{"title":"Jal\u0259 \u018fliyeva Z\u0259rdabda k\u0259ndb\u0259k\u0259nd g\u0259z\u0259r\u0259k se\u00e7icil\u0259rl\u0259 g\u00f6r\u00fc\u015f\u00fcr - Fotolar - Z\u0259rdab.com","robots":{"index":"index","follow":"follow","max-snippet":"max-snippet:-1","max-image-preview":"max-image-preview:large","max-video-preview":"max-video-preview:-1"},"canonical":"https:\/\/www.zerdab.com\/?p=27794","og_locale":"az_AZ","og_type":"article","og_title":"Jal\u0259 \u018fliyeva Z\u0259rdabda k\u0259ndb\u0259k\u0259nd g\u0259z\u0259r\u0259k se\u00e7icil\u0259rl\u0259 g\u00f6r\u00fc\u015f\u00fcr - Fotolar - Z\u0259rdab.com","og_description":"92 sayl\u0131 Z\u0259rdab-Ucar Se\u00e7ki Dair\u0259sind\u0259n deputatl\u0131\u011fa namiz\u0259d Jal\u0259 \u018fliyeva se\u00e7ki kampaniyas\u0131 \u00e7\u0259r\u00e7iv\u0259sind\u0259 se\u00e7icil\u0259rl\u0259 g\u00f6r\u00fc\u015fl\u0259rini davam etdirir. Zerdab.com sayt\u0131na veril\u0259n m\u0259lumata g\u00f6r\u0259, deputatl\u0131\u011fa namiz\u0259din Z\u0259rdab rayonunun&nbsp;\u018flv\u0259nd, Otmanoba, Sahh\u00fcseynli, G\u0259nd\u0259bil, N\u0259z\u0259ral\u0131l\u0131, A\u011faba\u011f\u0131, \u015e\u0131xba\u011f\u0131, A\u015fa\u011f\u0131 Seyidl\u0259r, \u015e\u0259ft\u0259xal&nbsp;v\u0259&nbsp;Mehdilil\u0259r&nbsp;k\u0259ndl\u0259rinin sakinl\u0259ri il\u0259&nbsp;\u018flv\u0259nd&nbsp;k\u0259nd klubunda \u00e7o\u015fqulu v\u0259 izdihaml\u0131 g\u00f6r\u00fc\u015f\u00fc ba\u015f tutub. T\u0259kc\u0259 adlar\u0131 \u00e7\u0259kil\u0259n k\u0259ndl\u0259rd\u0259 ya\u015fayanlar deyil, eyni zamanda, h\u0259min&nbsp; b\u00f6lg\u0259l\u0259rd\u0259n olub haz\u0131rda [&hellip;]","og_url":"https:\/\/www.zerdab.com\/?p=27794","og_site_name":"Z\u0259rdab.com","article_published_time":"2020-01-31T19:20:39+00:00","article_modified_time":"2020-02-04T18:27:23+00:00","og_image":[{"url":"http:\/\/www.zerdab.com\/wp-content\/uploads\/2020\/01\/jale-eliyeva-4.jpg","type":"","width":"","height":""}],"author":"admin","twitter_card":"summary_large_image","twitter_misc":{"Written by":"admin","Est. reading time":"8 minutes"},"schema":{"@context":"https:\/\/schema.org","@graph":[{"@type":"Article","@id":"https:\/\/www.zerdab.com\/?p=27794#article","isPartOf":{"@id":"https:\/\/www.zerdab.com\/?p=27794"},"author":{"name":"admin","@id":"https:\/\/www.zerdab.com\/#\/schema\/person\/97079b7570c1e89ec0d9e138c3672136"},"headline":"Jal\u0259 \u018fliyeva Z\u0259rdabda k\u0259ndb\u0259k\u0259nd g\u0259z\u0259r\u0259k se\u00e7icil\u0259rl\u0259 g\u00f6r\u00fc\u015f\u00fcr &#8211; Fotolar","datePublished":"2020-01-31T19:20:39+00:00","dateModified":"2020-02-04T18:27:23+00:00","mainEntityOfPage":{"@id":"https:\/\/www.zerdab.com\/?p=27794"},"wordCount":1631,"commentCount":0,"image":{"@id":"https:\/\/www.zerdab.com\/?p=27794#primaryimage"},"thumbnailUrl":"http:\/\/www.zerdab.com\/wp-content\/uploads\/2020\/01\/jale-eliyeva-4.jpg","articleSection":["C\u018fM\u0130YY\u018fT","MAN\u015eET"],"inLanguage":"az","potentialAction":[{"@type":"CommentAction","name":"Comment","target":["https:\/\/www.zerdab.com\/?p=27794#respond"]}]},{"@type":"WebPage","@id":"https:\/\/www.zerdab.com\/?p=27794","url":"https:\/\/www.zerdab.com\/?p=27794","name":"Jal\u0259 \u018fliyeva Z\u0259rdabda k\u0259ndb\u0259k\u0259nd g\u0259z\u0259r\u0259k se\u00e7icil\u0259rl\u0259 g\u00f6r\u00fc\u015f\u00fcr - Fotolar - Z\u0259rdab.com","isPartOf":{"@id":"https:\/\/www.zerdab.com\/#website"},"primaryImageOfPage":{"@id":"https:\/\/www.zerdab.com\/?p=27794#primaryimage"},"image":{"@id":"https:\/\/www.zerdab.com\/?p=27794#primaryimage"},"thumbnailUrl":"http:\/\/www.zerdab.com\/wp-content\/uploads\/2020\/01\/jale-eliyeva-4.jpg","datePublished":"2020-01-31T19:20:39+00:00","dateModified":"2020-02-04T18:27:23+00:00","author":{"@id":"https:\/\/www.zerdab.com\/#\/schema\/person\/97079b7570c1e89ec0d9e138c3672136"},"breadcrumb":{"@id":"https:\/\/www.zerdab.com\/?p=27794#breadcrumb"},"inLanguage":"az","potentialAction":[{"@type":"ReadAction","target":["https:\/\/www.zerdab.com\/?p=27794"]}]},{"@type":"ImageObject","inLanguage":"az","@id":"https:\/\/www.zerdab.com\/?p=27794#primaryimage","url":"","contentUrl":""},{"@type":"BreadcrumbList","@id":"https:\/\/www.zerdab.com\/?p=27794#breadcrumb","itemListElement":[{"@type":"ListItem","position":1,"name":"Home","item":"https:\/\/www.zerdab.com\/"},{"@type":"ListItem","position":2,"name":"Jal\u0259 \u018fliyeva Z\u0259rdabda k\u0259ndb\u0259k\u0259nd g\u0259z\u0259r\u0259k se\u00e7icil\u0259rl\u0259 g\u00f6r\u00fc\u015f\u00fcr &#8211; Fotolar"}]},{"@type":"WebSite","@id":"https:\/\/www.zerdab.com\/#website","url":"https:\/\/www.zerdab.com\/","name":"Z\u0259rdab.com","description":"","potentialAction":[{"@type":"SearchAction","target":{"@type":"EntryPoint","urlTemplate":"https:\/\/www.zerdab.com\/?s={search_term_string}"},"query-input":{"@type":"PropertyValueSpecification","valueRequired":true,"valueName":"search_term_string"}}],"inLanguage":"az"},{"@type":"Person","@id":"https:\/\/www.zerdab.com\/#\/schema\/person\/97079b7570c1e89ec0d9e138c3672136","name":"admin","image":{"@type":"ImageObject","inLanguage":"az","@id":"https:\/\/www.zerdab.com\/#\/schema\/person\/image\/","url":"https:\/\/secure.gravatar.com\/avatar\/d9c52a9a27c32119cb6679a077fa3e2779e5f822c451cbf01098004361d466ec?s=96&d=mm&r=g","contentUrl":"https:\/\/secure.gravatar.com\/avatar\/d9c52a9a27c32119cb6679a077fa3e2779e5f822c451cbf01098004361d466ec?s=96&d=mm&r=g","caption":"admin"},"url":"https:\/\/www.zerdab.com\/?author=1"}]}},"_links":{"self":[{"href":"https:\/\/www.zerdab.com\/index.php?rest_route=\/wp\/v2\/posts\/27794","targetHints":{"allow":["GET"]}}],"collection":[{"href":"https:\/\/www.zerdab.com\/index.php?rest_route=\/wp\/v2\/posts"}],"about":[{"href":"https:\/\/www.zerdab.com\/index.php?rest_route=\/wp\/v2\/types\/post"}],"author":[{"embeddable":true,"href":"https:\/\/www.zerdab.com\/index.php?rest_route=\/wp\/v2\/users\/1"}],"replies":[{"embeddable":true,"href":"https:\/\/www.zerdab.com\/index.php?rest_route=%2Fwp%2Fv2%2Fcomments&post=27794"}],"version-history":[{"count":8,"href":"https:\/\/www.zerdab.com\/index.php?rest_route=\/wp\/v2\/posts\/27794\/revisions"}],"predecessor-version":[{"id":27847,"href":"https:\/\/www.zerdab.com\/index.php?rest_route=\/wp\/v2\/posts\/27794\/revisions\/27847"}],"wp:attachment":[{"href":"https:\/\/www.zerdab.com\/index.php?rest_route=%2Fwp%2Fv2%2Fmedia&parent=27794"}],"wp:term":[{"taxonomy":"category","embeddable":true,"href":"https:\/\/www.zerdab.com\/index.php?rest_route=%2Fwp%2Fv2%2Fcategories&post=27794"},{"taxonomy":"post_tag","embeddable":true,"href":"https:\/\/www.zerdab.com\/index.php?rest_route=%2Fwp%2Fv2%2Ftags&post=27794"}],"curies":[{"name":"wp","href":"https:\/\/api.w.org\/{rel}","templated":true}]}}