{"id":2780,"date":"2012-06-15T19:43:26","date_gmt":"2012-06-15T14:43:26","guid":{"rendered":"http:\/\/www.zerdab.com\/?p=2780"},"modified":"2012-06-15T19:43:26","modified_gmt":"2012-06-15T14:43:26","slug":"h%c9%99myerlimiz-bakcell-in-simasi-oldu","status":"publish","type":"post","link":"https:\/\/www.zerdab.com\/?p=2780","title":{"rendered":"H\u0259myerlimiz Bakcell-in simas\u0131 oldu"},"content":{"rendered":"<p><a href=\"http:\/\/www.zerdab.com\/?attachment_id=2781\" rel=\"attachment wp-att-2781\"><img loading=\"lazy\" decoding=\"async\" class=\"alignleft  wp-image-2781\" title=\"Dilare-Oqtay-Eliyev-as-Smart-Object-1\" src=\"http:\/\/www.zerdab.com\/wp-content\/uploads\/2012\/06\/Dilare-Oqtay-Eliyev-as-Smart-Object-1-267x350.jpg\" alt=\"\" width=\"179\" height=\"364\" \/><\/a>Az\u0259rbaycan\u0131n \u0259m\u0259kdar artisti, aktrisa v\u0259 apar\u0131c\u0131 Dilar\u0259 \u018fliyeva Bakcell \u015firk\u0259tinin Do\u011fmaC\u0130N tarif plan\u0131n\u0131n simas\u0131 olub. Dilar\u0259 \u018fliyeva Bakcell-in Do\u011fmaC\u0130N tarif plan\u0131n\u0131n daha geni\u015f \u0259hali k\u00fctl\u0259sin\u0259 \u00e7atd\u0131r\u0131lmas\u0131 \u00fc\u00e7\u00fcn reklam kampaniyas\u0131n\u0131n \u0259sas q\u0259hr\u0259man\u0131d\u0131r. Onun i\u015ftirak\u0131 il\u0259 ar\u0131q G\u0259nc\u0259, L\u0259nk\u0259ran v\u0259 \u015e\u0259kid\u0259 reklam \u00e7arxlar\u0131 \u00e7\u0259kilib. T\u0259qdimatda D. \u018fliyeva Bakcell-in r\u0259hb\u0259rliyin\u0259 \u00fcnvanlad\u0131\u011f\u0131 &#8220;Niy\u0259 m\u0259ni se\u00e7diniz?&#8221; sual\u0131na \u015firk\u0259tin Marketinq direktoru Aynur Abjanova bel\u0259 cavab verib: &#8220;Regionlarda \u0259hali aras\u0131nda ke\u00e7irdiyimiz sor\u011funun n\u0259tic\u0259l\u0259rin\u0259 g\u00f6r\u0259, siz respondentl\u0259r t\u0259r\u0259find\u0259n \u0259n m\u0259\u015fhur v\u0259 inan\u0131lan inc\u0259s\u0259n\u0259t n\u00fcmay\u0259nd\u0259si kimi qiym\u0259tl\u0259ndirildiniz, ona g\u00f6r\u0259 d\u0259 se\u00e7imimiz siz oldunuz&#8221;.<br \/>\nLayih\u0259 \u00e7\u0259r\u00e7iv\u0259sind\u0259 D. \u018fliyeva \u0259n ucqar regionlar daxil olmaqla respublikan\u0131n 9 b\u00f6lg\u0259sin\u0259 s\u0259yah\u0259t ed\u0259c\u0259k, yerli \u0259hali il\u0259 t\u0259masda olacaq v\u0259 Do\u011fmaC\u0130N tarifinin \u00fcst\u00fcnl\u00fckl\u0259rini n\u00fcmayi\u015f etdir\u0259c\u0259k, onlara Cin n\u00f6mr\u0259 v\u0259 kontur kart\u0131 h\u0259diyy\u0259 ed\u0259c\u0259k. M\u0259lumat \u00fc\u00e7\u00fcn qeyd ed\u0259k ki, Dilar\u0259 \u018fliyev\u0259 1972-ci il oktyabr\u0131n 27-d\u0259 Sumqay\u0131t \u015f\u0259h\u0259rind\u0259 anadan olub. Atas\u0131 Z\u0259rdab rayonundand\u0131r.<\/p>\n","protected":false},"excerpt":{"rendered":"<p>Az\u0259rbaycan\u0131n \u0259m\u0259kdar artisti, aktrisa v\u0259 apar\u0131c\u0131 Dilar\u0259 \u018fliyeva Bakcell \u015firk\u0259tinin Do\u011fmaC\u0130N tarif plan\u0131n\u0131n simas\u0131 olub. Dilar\u0259 \u018fliyeva Bakcell-in Do\u011fmaC\u0130N tarif plan\u0131n\u0131n daha geni\u015f \u0259hali k\u00fctl\u0259sin\u0259 \u00e7atd\u0131r\u0131lmas\u0131 \u00fc\u00e7\u00fcn reklam kampaniyas\u0131n\u0131n \u0259sas q\u0259hr\u0259man\u0131d\u0131r. Onun i\u015ftirak\u0131 il\u0259 ar\u0131q G\u0259nc\u0259, L\u0259nk\u0259ran v\u0259 \u015e\u0259kid\u0259 reklam \u00e7arxlar\u0131 \u00e7\u0259kilib. T\u0259qdimatda D. \u018fliyeva Bakcell-in r\u0259hb\u0259rliyin\u0259 \u00fcnvanlad\u0131\u011f\u0131 &#8220;Niy\u0259 m\u0259ni se\u00e7diniz?&#8221; sual\u0131na \u015firk\u0259tin Marketinq direktoru [&hellip;]<\/p>\n","protected":false},"author":1,"featured_media":0,"comment_status":"open","ping_status":"open","sticky":false,"template":"","format":"standard","meta":{"footnotes":""},"categories":[5],"tags":[],"class_list":{"0":"post-2780","1":"post","2":"type-post","3":"status-publish","4":"format-standard","6":"category-knd"},"yoast_head":"<!-- This site is optimized with the Yoast SEO plugin v27.0 - https:\/\/yoast.com\/product\/yoast-seo-wordpress\/ -->\n<title>H\u0259myerlimiz Bakcell-in simas\u0131 oldu - Z\u0259rdab.com<\/title>\n<meta name=\"robots\" content=\"index, follow, max-snippet:-1, max-image-preview:large, max-video-preview:-1\" \/>\n<link rel=\"canonical\" href=\"https:\/\/www.zerdab.com\/?p=2780\" \/>\n<meta property=\"og:locale\" content=\"az_AZ\" \/>\n<meta property=\"og:type\" content=\"article\" \/>\n<meta property=\"og:title\" content=\"H\u0259myerlimiz Bakcell-in simas\u0131 oldu - Z\u0259rdab.com\" \/>\n<meta property=\"og:description\" content=\"Az\u0259rbaycan\u0131n \u0259m\u0259kdar artisti, aktrisa v\u0259 apar\u0131c\u0131 Dilar\u0259 \u018fliyeva Bakcell \u015firk\u0259tinin Do\u011fmaC\u0130N tarif plan\u0131n\u0131n simas\u0131 olub. Dilar\u0259 \u018fliyeva Bakcell-in Do\u011fmaC\u0130N tarif plan\u0131n\u0131n daha geni\u015f \u0259hali k\u00fctl\u0259sin\u0259 \u00e7atd\u0131r\u0131lmas\u0131 \u00fc\u00e7\u00fcn reklam kampaniyas\u0131n\u0131n \u0259sas q\u0259hr\u0259man\u0131d\u0131r. Onun i\u015ftirak\u0131 il\u0259 ar\u0131q G\u0259nc\u0259, L\u0259nk\u0259ran v\u0259 \u015e\u0259kid\u0259 reklam \u00e7arxlar\u0131 \u00e7\u0259kilib. T\u0259qdimatda D. \u018fliyeva Bakcell-in r\u0259hb\u0259rliyin\u0259 \u00fcnvanlad\u0131\u011f\u0131 &#8220;Niy\u0259 m\u0259ni se\u00e7diniz?&#8221; sual\u0131na \u015firk\u0259tin Marketinq direktoru [&hellip;]\" \/>\n<meta property=\"og:url\" content=\"https:\/\/www.zerdab.com\/?p=2780\" \/>\n<meta property=\"og:site_name\" content=\"Z\u0259rdab.com\" \/>\n<meta property=\"article:published_time\" content=\"2012-06-15T14:43:26+00:00\" \/>\n<meta property=\"og:image\" content=\"http:\/\/www.zerdab.com\/wp-content\/uploads\/2012\/06\/Dilare-Oqtay-Eliyev-as-Smart-Object-1-267x350.jpg\" \/>\n<meta name=\"author\" content=\"admin\" \/>\n<meta name=\"twitter:card\" content=\"summary_large_image\" \/>\n<meta name=\"twitter:label1\" content=\"Written by\" \/>\n\t<meta name=\"twitter:data1\" content=\"admin\" \/>\n\t<meta name=\"twitter:label2\" content=\"Est. reading time\" \/>\n\t<meta name=\"twitter:data2\" content=\"1 minute\" \/>\n<script type=\"application\/ld+json\" class=\"yoast-schema-graph\">{\"@context\":\"https:\/\/schema.org\",\"@graph\":[{\"@type\":\"Article\",\"@id\":\"https:\/\/www.zerdab.com\/?p=2780#article\",\"isPartOf\":{\"@id\":\"https:\/\/www.zerdab.com\/?p=2780\"},\"author\":{\"name\":\"admin\",\"@id\":\"https:\/\/www.zerdab.com\/#\/schema\/person\/97079b7570c1e89ec0d9e138c3672136\"},\"headline\":\"H\u0259myerlimiz Bakcell-in simas\u0131 oldu\",\"datePublished\":\"2012-06-15T14:43:26+00:00\",\"mainEntityOfPage\":{\"@id\":\"https:\/\/www.zerdab.com\/?p=2780\"},\"wordCount\":226,\"commentCount\":4,\"image\":{\"@id\":\"https:\/\/www.zerdab.com\/?p=2780#primaryimage\"},\"thumbnailUrl\":\"http:\/\/www.zerdab.com\/wp-content\/uploads\/2012\/06\/Dilare-Oqtay-Eliyev-as-Smart-Object-1-267x350.jpg\",\"articleSection\":[\"X\u018fB\u018fRL\u018fR\"],\"inLanguage\":\"az\",\"potentialAction\":[{\"@type\":\"CommentAction\",\"name\":\"Comment\",\"target\":[\"https:\/\/www.zerdab.com\/?p=2780#respond\"]}]},{\"@type\":\"WebPage\",\"@id\":\"https:\/\/www.zerdab.com\/?p=2780\",\"url\":\"https:\/\/www.zerdab.com\/?p=2780\",\"name\":\"H\u0259myerlimiz Bakcell-in simas\u0131 oldu - Z\u0259rdab.com\",\"isPartOf\":{\"@id\":\"https:\/\/www.zerdab.com\/#website\"},\"primaryImageOfPage\":{\"@id\":\"https:\/\/www.zerdab.com\/?p=2780#primaryimage\"},\"image\":{\"@id\":\"https:\/\/www.zerdab.com\/?p=2780#primaryimage\"},\"thumbnailUrl\":\"http:\/\/www.zerdab.com\/wp-content\/uploads\/2012\/06\/Dilare-Oqtay-Eliyev-as-Smart-Object-1-267x350.jpg\",\"datePublished\":\"2012-06-15T14:43:26+00:00\",\"author\":{\"@id\":\"https:\/\/www.zerdab.com\/#\/schema\/person\/97079b7570c1e89ec0d9e138c3672136\"},\"breadcrumb\":{\"@id\":\"https:\/\/www.zerdab.com\/?p=2780#breadcrumb\"},\"inLanguage\":\"az\",\"potentialAction\":[{\"@type\":\"ReadAction\",\"target\":[\"https:\/\/www.zerdab.com\/?p=2780\"]}]},{\"@type\":\"ImageObject\",\"inLanguage\":\"az\",\"@id\":\"https:\/\/www.zerdab.com\/?p=2780#primaryimage\",\"url\":\"\",\"contentUrl\":\"\"},{\"@type\":\"BreadcrumbList\",\"@id\":\"https:\/\/www.zerdab.com\/?p=2780#breadcrumb\",\"itemListElement\":[{\"@type\":\"ListItem\",\"position\":1,\"name\":\"Home\",\"item\":\"https:\/\/www.zerdab.com\/\"},{\"@type\":\"ListItem\",\"position\":2,\"name\":\"H\u0259myerlimiz Bakcell-in simas\u0131 oldu\"}]},{\"@type\":\"WebSite\",\"@id\":\"https:\/\/www.zerdab.com\/#website\",\"url\":\"https:\/\/www.zerdab.com\/\",\"name\":\"Z\u0259rdab.com\",\"description\":\"\",\"potentialAction\":[{\"@type\":\"SearchAction\",\"target\":{\"@type\":\"EntryPoint\",\"urlTemplate\":\"https:\/\/www.zerdab.com\/?s={search_term_string}\"},\"query-input\":{\"@type\":\"PropertyValueSpecification\",\"valueRequired\":true,\"valueName\":\"search_term_string\"}}],\"inLanguage\":\"az\"},{\"@type\":\"Person\",\"@id\":\"https:\/\/www.zerdab.com\/#\/schema\/person\/97079b7570c1e89ec0d9e138c3672136\",\"name\":\"admin\",\"image\":{\"@type\":\"ImageObject\",\"inLanguage\":\"az\",\"@id\":\"https:\/\/www.zerdab.com\/#\/schema\/person\/image\/\",\"url\":\"https:\/\/secure.gravatar.com\/avatar\/d9c52a9a27c32119cb6679a077fa3e2779e5f822c451cbf01098004361d466ec?s=96&d=mm&r=g\",\"contentUrl\":\"https:\/\/secure.gravatar.com\/avatar\/d9c52a9a27c32119cb6679a077fa3e2779e5f822c451cbf01098004361d466ec?s=96&d=mm&r=g\",\"caption\":\"admin\"},\"url\":\"https:\/\/www.zerdab.com\/?author=1\"}]}<\/script>\n<!-- \/ Yoast SEO plugin. -->","yoast_head_json":{"title":"H\u0259myerlimiz Bakcell-in simas\u0131 oldu - Z\u0259rdab.com","robots":{"index":"index","follow":"follow","max-snippet":"max-snippet:-1","max-image-preview":"max-image-preview:large","max-video-preview":"max-video-preview:-1"},"canonical":"https:\/\/www.zerdab.com\/?p=2780","og_locale":"az_AZ","og_type":"article","og_title":"H\u0259myerlimiz Bakcell-in simas\u0131 oldu - Z\u0259rdab.com","og_description":"Az\u0259rbaycan\u0131n \u0259m\u0259kdar artisti, aktrisa v\u0259 apar\u0131c\u0131 Dilar\u0259 \u018fliyeva Bakcell \u015firk\u0259tinin Do\u011fmaC\u0130N tarif plan\u0131n\u0131n simas\u0131 olub. Dilar\u0259 \u018fliyeva Bakcell-in Do\u011fmaC\u0130N tarif plan\u0131n\u0131n daha geni\u015f \u0259hali k\u00fctl\u0259sin\u0259 \u00e7atd\u0131r\u0131lmas\u0131 \u00fc\u00e7\u00fcn reklam kampaniyas\u0131n\u0131n \u0259sas q\u0259hr\u0259man\u0131d\u0131r. Onun i\u015ftirak\u0131 il\u0259 ar\u0131q G\u0259nc\u0259, L\u0259nk\u0259ran v\u0259 \u015e\u0259kid\u0259 reklam \u00e7arxlar\u0131 \u00e7\u0259kilib. T\u0259qdimatda D. \u018fliyeva Bakcell-in r\u0259hb\u0259rliyin\u0259 \u00fcnvanlad\u0131\u011f\u0131 &#8220;Niy\u0259 m\u0259ni se\u00e7diniz?&#8221; sual\u0131na \u015firk\u0259tin Marketinq direktoru [&hellip;]","og_url":"https:\/\/www.zerdab.com\/?p=2780","og_site_name":"Z\u0259rdab.com","article_published_time":"2012-06-15T14:43:26+00:00","og_image":[{"url":"http:\/\/www.zerdab.com\/wp-content\/uploads\/2012\/06\/Dilare-Oqtay-Eliyev-as-Smart-Object-1-267x350.jpg","type":"","width":"","height":""}],"author":"admin","twitter_card":"summary_large_image","twitter_misc":{"Written by":"admin","Est. reading time":"1 minute"},"schema":{"@context":"https:\/\/schema.org","@graph":[{"@type":"Article","@id":"https:\/\/www.zerdab.com\/?p=2780#article","isPartOf":{"@id":"https:\/\/www.zerdab.com\/?p=2780"},"author":{"name":"admin","@id":"https:\/\/www.zerdab.com\/#\/schema\/person\/97079b7570c1e89ec0d9e138c3672136"},"headline":"H\u0259myerlimiz Bakcell-in simas\u0131 oldu","datePublished":"2012-06-15T14:43:26+00:00","mainEntityOfPage":{"@id":"https:\/\/www.zerdab.com\/?p=2780"},"wordCount":226,"commentCount":4,"image":{"@id":"https:\/\/www.zerdab.com\/?p=2780#primaryimage"},"thumbnailUrl":"http:\/\/www.zerdab.com\/wp-content\/uploads\/2012\/06\/Dilare-Oqtay-Eliyev-as-Smart-Object-1-267x350.jpg","articleSection":["X\u018fB\u018fRL\u018fR"],"inLanguage":"az","potentialAction":[{"@type":"CommentAction","name":"Comment","target":["https:\/\/www.zerdab.com\/?p=2780#respond"]}]},{"@type":"WebPage","@id":"https:\/\/www.zerdab.com\/?p=2780","url":"https:\/\/www.zerdab.com\/?p=2780","name":"H\u0259myerlimiz Bakcell-in simas\u0131 oldu - Z\u0259rdab.com","isPartOf":{"@id":"https:\/\/www.zerdab.com\/#website"},"primaryImageOfPage":{"@id":"https:\/\/www.zerdab.com\/?p=2780#primaryimage"},"image":{"@id":"https:\/\/www.zerdab.com\/?p=2780#primaryimage"},"thumbnailUrl":"http:\/\/www.zerdab.com\/wp-content\/uploads\/2012\/06\/Dilare-Oqtay-Eliyev-as-Smart-Object-1-267x350.jpg","datePublished":"2012-06-15T14:43:26+00:00","author":{"@id":"https:\/\/www.zerdab.com\/#\/schema\/person\/97079b7570c1e89ec0d9e138c3672136"},"breadcrumb":{"@id":"https:\/\/www.zerdab.com\/?p=2780#breadcrumb"},"inLanguage":"az","potentialAction":[{"@type":"ReadAction","target":["https:\/\/www.zerdab.com\/?p=2780"]}]},{"@type":"ImageObject","inLanguage":"az","@id":"https:\/\/www.zerdab.com\/?p=2780#primaryimage","url":"","contentUrl":""},{"@type":"BreadcrumbList","@id":"https:\/\/www.zerdab.com\/?p=2780#breadcrumb","itemListElement":[{"@type":"ListItem","position":1,"name":"Home","item":"https:\/\/www.zerdab.com\/"},{"@type":"ListItem","position":2,"name":"H\u0259myerlimiz Bakcell-in simas\u0131 oldu"}]},{"@type":"WebSite","@id":"https:\/\/www.zerdab.com\/#website","url":"https:\/\/www.zerdab.com\/","name":"Z\u0259rdab.com","description":"","potentialAction":[{"@type":"SearchAction","target":{"@type":"EntryPoint","urlTemplate":"https:\/\/www.zerdab.com\/?s={search_term_string}"},"query-input":{"@type":"PropertyValueSpecification","valueRequired":true,"valueName":"search_term_string"}}],"inLanguage":"az"},{"@type":"Person","@id":"https:\/\/www.zerdab.com\/#\/schema\/person\/97079b7570c1e89ec0d9e138c3672136","name":"admin","image":{"@type":"ImageObject","inLanguage":"az","@id":"https:\/\/www.zerdab.com\/#\/schema\/person\/image\/","url":"https:\/\/secure.gravatar.com\/avatar\/d9c52a9a27c32119cb6679a077fa3e2779e5f822c451cbf01098004361d466ec?s=96&d=mm&r=g","contentUrl":"https:\/\/secure.gravatar.com\/avatar\/d9c52a9a27c32119cb6679a077fa3e2779e5f822c451cbf01098004361d466ec?s=96&d=mm&r=g","caption":"admin"},"url":"https:\/\/www.zerdab.com\/?author=1"}]}},"_links":{"self":[{"href":"https:\/\/www.zerdab.com\/index.php?rest_route=\/wp\/v2\/posts\/2780","targetHints":{"allow":["GET"]}}],"collection":[{"href":"https:\/\/www.zerdab.com\/index.php?rest_route=\/wp\/v2\/posts"}],"about":[{"href":"https:\/\/www.zerdab.com\/index.php?rest_route=\/wp\/v2\/types\/post"}],"author":[{"embeddable":true,"href":"https:\/\/www.zerdab.com\/index.php?rest_route=\/wp\/v2\/users\/1"}],"replies":[{"embeddable":true,"href":"https:\/\/www.zerdab.com\/index.php?rest_route=%2Fwp%2Fv2%2Fcomments&post=2780"}],"version-history":[{"count":3,"href":"https:\/\/www.zerdab.com\/index.php?rest_route=\/wp\/v2\/posts\/2780\/revisions"}],"predecessor-version":[{"id":2784,"href":"https:\/\/www.zerdab.com\/index.php?rest_route=\/wp\/v2\/posts\/2780\/revisions\/2784"}],"wp:attachment":[{"href":"https:\/\/www.zerdab.com\/index.php?rest_route=%2Fwp%2Fv2%2Fmedia&parent=2780"}],"wp:term":[{"taxonomy":"category","embeddable":true,"href":"https:\/\/www.zerdab.com\/index.php?rest_route=%2Fwp%2Fv2%2Fcategories&post=2780"},{"taxonomy":"post_tag","embeddable":true,"href":"https:\/\/www.zerdab.com\/index.php?rest_route=%2Fwp%2Fv2%2Ftags&post=2780"}],"curies":[{"name":"wp","href":"https:\/\/api.w.org\/{rel}","templated":true}]}}