{"id":27848,"date":"2020-02-04T22:49:50","date_gmt":"2020-02-04T18:49:50","guid":{"rendered":"http:\/\/www.zerdab.com\/?p=27848"},"modified":"2020-02-04T22:55:44","modified_gmt":"2020-02-04T18:55:44","slug":"jal%c9%99-%c9%99liyeva-secicil%c9%99rl%c9%99-gorusl%c9%99ri-davam-etdirir-fotolar","status":"publish","type":"post","link":"https:\/\/www.zerdab.com\/?p=27848","title":{"rendered":"Jal\u0259 \u018fliyeva se\u00e7icil\u0259rl\u0259 g\u00f6r\u00fc\u015fl\u0259ri davam etdirir &#8211; Fotolar, V\u0130DEO"},"content":{"rendered":"\n<p>92 sayl\u0131 Z\u0259rdab-Ucar Se\u00e7ki Dair\u0259sind\u0259n n\u00f6vb\u0259ti d\u0259f\u0259 deputatl\u0131\u011fa namiz\u0259d, Milli M\u0259clisin (MM) M\u0259d\u0259niyy\u0259t komit\u0259sinin s\u0259dr m\u00fcavini, professor Jal\u0259 \u018fliyeva se\u00e7ki kampaniyas\u0131n\u0131 u\u011furlu \u015f\u0259kild\u0259 davam etdirir.<\/p>\n\n\n\n<figure class=\"wp-block-image\"><img decoding=\"async\" src=\"http:\/\/www.zerdab.com\/wp-content\/uploads\/2020\/02\/jale-eliyeva-550x413.jpg\" alt=\"\" class=\"wp-image-27849\"\/><\/figure>\n\n\n\n<p>J. \u018fliyevan\u0131n Se\u00e7ki Q\u0259rargah\u0131ndan Zerdab.com sayt\u0131na veril\u0259n m\u0259lumata g\u00f6r\u0259, deputatl\u0131\u011fa namiz\u0259d bu d\u0259f\u0259 Se\u00e7ki Dair\u0259sin\u0259 daxil olan\u00a0Ucar\u0131n\u00a0B\u0259rg\u00fc\u015fad\u00a0k\u0259ndinin sakinl\u0259ri il\u0259 a\u00e7\u0131q havada v\u0259 isti ortamda g\u00f6r\u00fc\u015f ke\u00e7irib.<\/p>\n\n\n\n<p>Ucar se\u00e7icil\u0259ri d\u0259 z\u0259rdabl\u0131lar kimi, deputatl\u0131\u011fa namiz\u0259di h\u0259rar\u0259t v\u0259 sevgi il\u0259 qar\u015f\u0131lay\u0131blar.<\/p>\n\n\n\n<p>Onun \u00f6t\u0259n ill\u0259r \u0259rzind\u0259 t\u0259kc\u0259 Z\u0259rdab \u00fc\u00e7\u00fcn deyil, Ucar\u0131n 92 sayl\u0131 Dair\u0259y\u0259 aid olan k\u0259ndl\u0259rinin&nbsp;(B\u0259rg\u00fc\u015fad, L\u0259k v\u0259 X\u0259l\u0259c)&nbsp;d\u0259 probleml\u0259rin\u0259, qay\u011f\u0131lar\u0131na x\u00fcsusi h\u0259ssasl\u0131q v\u0259 diqq\u0259tl\u0259 yana\u015fd\u0131\u011f\u0131n\u0131 dil\u0259 g\u0259tirib, deputatlar\u0131na minn\u0259tdarl\u0131qlar\u0131n\u0131 bildiribl\u0259r.<\/p>\n\n\n\n<figure class=\"wp-block-image\"><img decoding=\"async\" src=\"http:\/\/www.zerdab.com\/wp-content\/uploads\/2020\/02\/jale-eliyeva1-550x413.jpg\" alt=\"\" class=\"wp-image-27850\"\/><\/figure>\n\n\n\n<p>\u00c7\u0131x\u0131\u015f ed\u0259n k\u0259nd a\u011fsaqqallar\u0131 v\u0259 ziyal\u0131lardan&nbsp;Hac\u0131 S\u0259m\u0259d Al\u0131yev, S\u0259xav\u0259t Mehdiyev, Yusif Bax\u0131\u015fov, Ramiz R\u0259himov&nbsp;v\u0259 ba\u015fqalar\u0131 B\u0259rg\u00fc\u015fad v\u0259 dig\u0259r iki k\u0259ndl\u0259 ba\u011fl\u0131 qald\u0131rd\u0131\u011f\u0131 b\u00fct\u00fcn m\u0259s\u0259l\u0259l\u0259r\u0259, \u0259l\u0259lx\u00fcsus, Ucar\u0131n 5 k\u0259ndinin suya t\u0259l\u0259bat\u0131n\u0131 \u00f6d\u0259m\u0259k \u00fc\u00e7\u00fcn Sirvan kanal\u0131n\u0131n geni\u015fl\u0259ndirilm\u0259sin\u0259 olan ehtiyac\u0131 \u00f6t\u0259n ill\u0259rd\u0259 bir nec\u0259 d\u0259f\u0259 parlament k\u00fcrs\u00fcs\u00fcnd\u0259n s\u0259sl\u0259ndirdiyin\u0259, bunu bir t\u0259l\u0259b kimi Nazirl\u0259r Kabineti qar\u015f\u0131s\u0131nda qald\u0131rd\u0131\u011f\u0131na g\u00f6r\u0259, deputatlar\u0131na minn\u0259tdatl\u0131q duy\u011fular\u0131n\u0131 ifad\u0259 edibl\u0259r.<\/p>\n\n\n\n<figure class=\"wp-block-image\"><img decoding=\"async\" src=\"http:\/\/www.zerdab.com\/wp-content\/uploads\/2020\/02\/jale-eliyeva2-550x413.jpg\" alt=\"\" class=\"wp-image-27851\"\/><\/figure>\n\n\n\n<p>Eyni zamanda, k\u0259nd M\u0259d\u0259niyy\u0259t Evinin \u0259sasl\u0131 t\u0259mir\u0259 ehtiyac oldu\u011funu deputatlar\u0131n\u0131n ill\u0259r \u0259rzind\u0259 diqq\u0259t m\u0259rk\u0259zind\u0259 saxlad\u0131\u011f\u0131 \u00fc\u00e7\u00fcn ona t\u0259\u015f\u0259kk\u00fcrl\u0259rini bildirib, o c\u00fcml\u0259d\u0259n, bu m\u0259s\u0259l\u0259nin h\u0259llinin tapmas\u0131 \u00fc\u00e7\u00fcn bundan sonra da k\u00f6m\u0259kliyini \u0259sirg\u0259m\u0259m\u0259sini ondan xahi\u015f edibl\u0259r.<\/p>\n\n\n\n<p>\u00c7\u0131x\u0131\u015f\u00e7\u0131lar daha sonra Ucar-Z\u0259rdab-A\u011fcab\u0259di yolunun \u0259sasl\u0131 t\u0259mir-tikinti i\u015fl\u0259rinin plana sal\u0131nmas\u0131 v\u0259 ba\u015flad\u0131laraq s\u00fcr\u0259tl\u0259 davam etdirilm\u0259sin\u0259 g\u00f6r\u0259, ba\u015fda \u00f6lk\u0259 Prezidenti olmaqla, aidiyyat\u0131 qurumlara v\u0259 \u015f\u0259xsl\u0259r\u0259, o c\u00fcml\u0259d\u0259n, deputatlar\u0131na t\u0259\u015f\u0259kk\u00fcrl\u0259rini dil\u0259 g\u0259tiribl\u0259r.<\/p>\n\n\n\n<figure class=\"wp-block-image\"><img decoding=\"async\" src=\"http:\/\/www.zerdab.com\/wp-content\/uploads\/2020\/02\/jale-eliyeva3-550x413.jpg\" alt=\"\" class=\"wp-image-27852\"\/><\/figure>\n\n\n\n<p>Deputatl\u0131\u011fa namiz\u0259din n\u00f6vb\u0259ti g\u00f6r\u00fc\u015f\u00fc 92 sayl\u0131 Se\u00e7ki Dair\u0259sin\u0259 daxil olan\u00a0Ucar\u00a0rayonunun\u00a0L\u0259k\u00a0v\u0259\u00a0X\u0259l\u0259c\u00a0k\u0259ndl\u0259rinin sakinl\u0259ri il\u0259 L\u0259k M\u0259d\u0259niyy\u0259t klubunda co\u015fqulu g\u00f6r\u00fc\u015f\u00fc ke\u00e7irilib.<\/p>\n\n\n\n<p>Qeyd ed\u0259k ki, L\u0259k M\u0259d\u0259niyy\u0259t klubu q\u0259dim tarix\u0259 malik v\u0259 g\u00f6z\u0259l memarl\u0131q abid\u0259si olan klubdur. Amma son zamanlarda onun b\u00f6y\u00fck t\u0259mir\u0259 ehtiyac\u0131 var.<\/p>\n\n\n\n<figure class=\"wp-block-image\"><img decoding=\"async\" src=\"http:\/\/www.zerdab.com\/wp-content\/uploads\/2020\/02\/jale-eliyeva4-550x413.jpg\" alt=\"\" class=\"wp-image-27853\"\/><\/figure>\n\n\n\n<p>Eyni zamanda, bu M\u0259d\u0259niyy\u0259t klubunun \u0259sasl\u0131 t\u0259miri m\u0259s\u0259l\u0259sinin h\u0259yata ke\u00e7irilm\u0259si \u00fc\u00e7\u00fcn J. \u018fliyeva \u00f6z \u00e7\u0131x\u0131\u015flar\u0131nda d\u0259f\u0259l\u0259rl\u0259 m\u00fcvafiq qurumlara, Nazirl\u0259r Kabinetin\u0259 m\u00fcaric\u0259tl\u0259rini edib.<\/p>\n\n\n\n<p>Bu g\u00f6r\u00fc\u015fd\u0259 d\u0259, ilk n\u00f6vb\u0259d\u0259 deputatlar\u0131ndan ad\u0131\u00e7\u0259kil\u0259n M\u0259d\u0259niyy\u0259t klubunun b\u0259rpa edilm\u0259si xahi\u015fi \u00f6n\u0259 \u00e7\u0259kilib.<\/p>\n\n\n\n<p>H\u0259m\u00e7inin, bu m\u0259s\u0259l\u0259nin deputat\u0131n diqq\u0259tind\u0259 oldu\u011funu bil\u0259n v\u0259 bildir\u0259n se\u00e7icil\u0259r bunun \u00fc\u00e7\u00fcn t\u0259\u015f\u0259kk\u00fcrl\u0259rini ifad\u0259 ed\u0259r\u0259k, eyni zamanda, bir daha bu m\u0259s\u0259l\u0259y\u0259 diqq\u0259t \u00e7\u0259kilm\u0259sini J. \u018fliyevadan xahi\u015f edibl\u0259r.<\/p>\n\n\n\n<p>L\u0259k k\u0259ndinin sakinl\u0259ri&nbsp;Mirmehdi Heyd\u0259rov, Hac\u0131 M\u0259rdan \u018fliyev, Hac\u0131 R\u00f6v\u015f\u0259n \u0130smay\u0131lzad\u0259&nbsp;\u00e7\u0131x\u0131\u015flar\u0131nda h\u0259m\u00e7inin, k\u0259ndin i\u00e7m\u0259li su probleminin oldu\u011funu dil\u0259 g\u0259tir\u0259r\u0259k, m\u0259s\u0259l\u0259nin h\u0259llin\u0259 nail olmaq \u00fc\u00e7\u00fcn k\u00f6m\u0259klik g\u00f6st\u0259rm\u0259sini J. \u018fliyevadan xahi\u015f edibl\u0259r.<\/p>\n\n\n\n<p>Onu da qeyd ed\u0259k ki, quraql\u0131q ucbat\u0131ndan bu il bu problem daha&nbsp; da d\u0259rinl\u0259\u015fib.<\/p>\n\n\n\n<p>Bu bax\u0131mdan, g\u00f6r\u00fc\u015fd\u0259 o da vur\u011fulan\u0131b ki, daha \u0259vv\u0259lki ill\u0259rd\u0259 deputat \u00f6z f\u0259aliyy\u0259tind\u0259 bu m\u0259s\u0259l\u0259y\u0259 \u00e7ox geni\u015f yer verib. Amma bir daha ondan k\u00f6m\u0259yini \u0259sirg\u0259m\u0259m\u0259sini xahi\u015f edibl\u0259r.<\/p>\n\n\n\n<p>G\u00f6r\u00fc\u015fd\u0259 h\u0259m d\u0259 k\u0259nd m\u0259scidinin qazla\u015fd\u0131r\u0131lmas\u0131 m\u0259s\u0259l\u0259sini bir xahi\u015f kimi \u00f6n\u0259 \u00e7\u0259kibl\u0259r. Bu i\u015fd\u0259 d\u0259 k\u00f6m\u0259klik g\u00f6st\u0259rilm\u0259sini xahi\u015f edibl\u0259r.<\/p>\n\n\n\n<p>G\u00f6r\u00fc\u015fd\u0259 \u00e7\u0131x\u0131\u015f ed\u0259n adlar\u0131 \u00e7\u0259kil\u0259n k\u0259ndl\u0259rin axundlar\u0131 J. \u018fliyevaya \u00f6z xeyir-dualar\u0131n\u0131 veribl\u0259r, mill\u0259t v\u0259kilin\u0259 h\u0259r bir m\u0259s\u0259l\u0259y\u0259 diqq\u0259tl\u0259 yana\u015fd\u0131\u011f\u0131 \u00fc\u00e7\u00fcn t\u0259\u015f\u0259kk\u00fcrl\u0259rini edibl\u0259r.<\/p>\n\n\n\n<p>\u00c7\u0131x\u0131\u015f\u00e7\u0131lar, \u00fcmumiyy\u0259tl\u0259, Ucarda ged\u0259n b\u00f6y\u00fck quruculuq i\u015fl\u0259ri, inki\u015faf \u00fc\u00e7\u00fcn \u00f6lk\u0259 Prezidenti&nbsp;\u0130lham \u018fliyev\u0259, birinci xan\u0131m, Birinci vitse-prezident&nbsp;Mehriban \u018fliyevaya \u00e7ox b\u00f6y\u00fck minn\u0259tdarl\u0131q bildiribl\u0259r.<\/p>\n\n\n\n<p>Bu yerd\u0259 qeyd etm\u0259y\u0259 d\u0259y\u0259r ki, g\u00f6r\u00fc\u015f\u00fcn sonunda se\u00e7icil\u0259r deputatlar\u0131 il\u0259 \u015f\u0259kil \u00e7\u0259kdirm\u0259k arzular\u0131n\u0131 dil\u0259 g\u0259titibl\u0259r.<\/p>\n\n\n\n<p>\u018fn maraql\u0131 m\u0259qam is\u0259 g\u00f6r\u00fc\u015f\u0259 g\u0259l\u0259n qad\u0131nlar\u0131n i\u00e7\u0259risind\u0259 Z\u0259rdab rayonundan h\u0259min k\u0259nd\u0259 g\u0259lin k\u00f6\u00e7m\u00fc\u015f iki xan\u0131m\u0131n-Sevil&nbsp;v\u0259&nbsp;Z\u00fclfiyy\u0259&nbsp;adl\u0131 xan\u0131mlar\u0131n olmas\u0131 olub.<\/p>\n\n\n\n<p>Onlar arzular\u0131n\u0131 bildiribl\u0259r ki, deputatla \u015f\u0259kil \u00e7\u0259kdirsinl\u0259r, h\u0259tta, onu evl\u0259rin\u0259 d\u0259 d\u0259v\u0259t edibl\u0259r. <\/p>\n\n\n\n<p>J.\u018fliyeva da \u00f6z n\u00f6vb\u0259sind\u0259 onlara deyib ki,\u00a0\u201c\u00e7ox da uza\u011fa g\u0259lin k\u00f6\u00e7m\u0259misiniz ki?! D\u00fcnyan\u0131n o ba\u015f\u0131na g\u0259lin k\u00f6\u00e7m\u0259misiniz\u2026 L\u0259kl\u0259 Z\u0259rdab\u0131n aras\u0131 \u00e7ox \u015f\u00fck\u00fcr ki, 10-15 kilometrdir v\u0259 \u00fcmumiyy\u0259tl\u0259, b\u00f6y\u00fck v\u0259t\u0259nimizin h\u0259r qar\u0131\u015f torpa\u011f\u0131 birimiz \u00fc\u00e7\u00fcn v\u0259t\u0259ndir\u201d.<\/p>\n\n\n\n<figure class=\"wp-block-image\"><img decoding=\"async\" src=\"http:\/\/www.zerdab.com\/wp-content\/uploads\/2020\/02\/jale-eliyeva5.jpg\" alt=\"\" class=\"wp-image-27854\"\/><\/figure>\n\n\n\n<p><strong>Deputatl\u0131\u011fa namiz\u0259d, professor Jal\u0259 \u018fliyeva fevral\u0131n 1-d\u0259 Z\u0259rdab rayonunun Otmanoba k\u0259ndind\u0259 veteran toyuna da qat\u0131l\u0131b.<\/strong><\/p>\n\n\n\n<p>K\u0259nd sakinl\u0259ri<strong>\u00a0B\u0259hruz v\u0259 G\u00fcnel M\u00fcsl\u00fcmov<\/strong>lar\u0131n \u00f6vlad\u0131r\u0131n\u0131n toyunda i\u015ftirak ed\u0259n mill\u0259t v\u0259kili m\u0259clis i\u015ftirak\u00e7\u0131lar\u0131 t\u0259r\u0259find\u0259n s\u0259mimiyy\u0259tl\u0259 v\u0259 isti m\u00fcnasib\u0259tl\u0259 qar\u015f\u0131lan\u0131b.<\/p>\n\n\n\n<p>Qeyd ed\u0259k ki, toy sahibi B. M\u00fcsl\u00fcmov Qaraba\u011f m\u00fcharib\u0259si veteran\u0131d\u0131r.<\/p>\n\n\n\n<p>Onun \u00f6vlad\u0131-q\u0131z\u0131&nbsp;<strong>H\u0259c\u0259r<\/strong>&nbsp;xan\u0131m&nbsp;<strong>Cahid&nbsp;<\/strong>adl\u0131 o\u011flanla ail\u0259 qurub.<\/p>\n\n\n\n<p>H\u0259m\u00e7inin, qeyd ed\u0259k ki, toya qat\u0131lan Qaraba\u011f m\u00fcharib\u0259si i\u015ftirak\u00e7\u0131lar\u0131, veteranlar\u0131 deputatl\u0131\u011fa namiz\u0259din ba\u015f\u0131na y\u0131\u011f\u0131\u015f\u0131b, ona d\u0259st\u0259kl\u0259rini ifad\u0259 edibl\u0259r.<\/p>\n\n\n\n<figure class=\"wp-block-image\"><img decoding=\"async\" src=\"http:\/\/www.zerdab.com\/wp-content\/uploads\/2020\/02\/jale-eliyeva6.jpg\" alt=\"\" class=\"wp-image-27855\"\/><\/figure>\n\n\n\n<p>Qaraba\u011f \u018flill\u0259ri,Veteranlar\u0131, \u015e\u0259hid Ail\u0259l\u0259ri \u0130ctimai Birliyi Z\u0259rdab rayon \u015f\u00f6b\u0259sinin s\u0259dri&nbsp;<strong>Yediyarov Neman<\/strong>, Qaraba\u011f m\u00fcharib\u0259si \u0259lill\u0259ri \u2013&nbsp;<strong>K\u0259rimov \u0130lqar, K\u0259rimov<\/strong>&nbsp;<strong>Telman, \u0130smay\u0131lov Fariz, M\u00fcsl\u00fcmov B\u0259hruz&nbsp;<\/strong>v\u0259 ba\u015fqalar\u0131 9 fevral se\u00e7iml\u0259rinin J. \u018fliyeva oldu\u011funu qeyd edib, z\u0259rabal\u0131lar\u0131 ona yenid\u0259n etimad g\u00f6st\u0259rm\u0259y\u0259 \u00e7a\u011f\u0131r\u0131blar.<\/p>\n\n\n\n<p><strong>\u00d6z n\u00f6vb\u0259sind\u0259 J. \u018fliyeva ail\u0259 quran c\u00fctl\u00fcy\u00fc t\u0259brik edib, onlara \u00f6z xeyir-duas\u0131n\u0131 verib.<\/strong><\/p>\n\n\n\n<figure class=\"wp-block-image\"><img decoding=\"async\" src=\"http:\/\/www.zerdab.com\/wp-content\/uploads\/2020\/02\/jale-eliyeva7.jpg\" alt=\"\" class=\"wp-image-27856\"\/><\/figure>\n\n\n\n<p>Veteranlar\u0131n, \u015f\u0259hid v\u0259 \u0259lil ail\u0259l\u0259rinin h\u0259r birinin qar\u015f\u0131s\u0131nda ba\u015f \u0259ydini bildirib, d\u00f6vl\u0259tin daim bu kateqoriyadan olan insanlar\u0131n qay\u011f\u0131lar\u0131n\u0131 diqq\u0259tind\u0259 saxlad\u0131\u011f\u0131n\u0131 v\u0259 onlar\u0131n h\u0259r birinin z\u0259hm\u0259tinin, f\u0259dakarl\u0131\u011f\u0131n\u0131n d\u0259y\u0259rl\u0259ndirildiyini bir daha diqq\u0259t\u0259 \u00e7atd\u0131r\u0131b.<\/p>\n\n\n\n<p>O, toy i\u015ftirak\u00e7\u0131lar\u0131na&nbsp;<strong>\u201cH\u0259r birinizin qap\u0131n\u0131zda bel\u0259 bir b\u00fcsat, m\u0259clis, toyb-bayram v\u0259 \u0259n pis g\u00fcn\u00fcm\u00fcz d\u0259 bax bug\u00fcnk\u00fc kimi olsun. O g\u00fcn olsun ki, Qaraba\u011f\u0131m\u0131z i\u015f\u011faldan azad edilsin v\u0259 veteranlarm\u0131z\u0131n, \u0259lill\u0259rimizin \u0259lini s\u0131x\u0131b t\u0259brik etm\u0259k qism\u0259timiz olsun\u201d<\/strong>, deyib.<\/p>\n\n\n\n<p>J. \u018fliyeva h\u0259m\u00e7inin, Prezident, Ali Ba\u015f Komandan&nbsp;<strong>\u0130lham \u018fliyev<\/strong>in bir \u00e7a\u011f\u0131r\u0131\u015f\u0131 il\u0259 v\u0259t\u0259ni h\u0259r an qoruma\u011fa haz\u0131r olan igidl\u0259rimiz haqda dan\u0131\u015f\u0131b, Qaraba\u011f veteranlar\u0131ndan b\u0259hs edib, veteranlara minn\u0259tdarl\u0131\u011f\u0131n\u0131 bildirib.<\/p>\n\n\n\n<p>Eyni zamanda, toy i\u015ftirak\u00e7\u0131lar\u0131 mill\u0259t v\u0259kili-deputatl\u0131\u011fa namiz\u0259din \u00e7\u0131x\u0131\u015f\u0131n\u0131-t\u0259brikini alq\u0131\u015flarla gurultulu m\u00fc\u015faiy\u0259t edibl\u0259r.<\/p>\n\n\n\n<p><strong>Bununla yana\u015f\u0131, deputatl\u0131\u011fa g\u00f6z\u0259l bir mahn\u0131n\u0131n s\u0259dalar\u0131 alt\u0131nda toy sahibl\u0259ri-Qaraba\u011f m\u00fcharib\u0259si veteranlar\u0131 il\u0259 r\u0259qs edib.<\/strong><\/p>\n\n\n\n<figure class=\"wp-block-embed-youtube wp-block-embed is-type-video is-provider-youtube wp-embed-aspect-16-9 wp-has-aspect-ratio\"><div class=\"wp-block-embed__wrapper\">\n<div class=\"youtube-embed\" data-video_id=\"flt0fKeg24Q\"><iframe loading=\"lazy\" width=\"696\" height=\"392\" src=\"https:\/\/www.youtube.com\/embed\/flt0fKeg24Q?feature=oembed&#038;enablejsapi=1&#038;enablejsapi=1\" frameborder=\"0\" allow=\"accelerometer; autoplay; encrypted-media; gyroscope; picture-in-picture\" allowfullscreen><\/iframe><\/div>\n<\/div><\/figure>\n","protected":false},"excerpt":{"rendered":"<p>92 sayl\u0131 Z\u0259rdab-Ucar Se\u00e7ki Dair\u0259sind\u0259n n\u00f6vb\u0259ti d\u0259f\u0259 deputatl\u0131\u011fa namiz\u0259d, Milli M\u0259clisin (MM) M\u0259d\u0259niyy\u0259t komit\u0259sinin s\u0259dr m\u00fcavini, professor Jal\u0259 \u018fliyeva se\u00e7ki kampaniyas\u0131n\u0131 u\u011furlu \u015f\u0259kild\u0259 davam etdirir. J. \u018fliyevan\u0131n Se\u00e7ki Q\u0259rargah\u0131ndan Zerdab.com sayt\u0131na veril\u0259n m\u0259lumata g\u00f6r\u0259, deputatl\u0131\u011fa namiz\u0259d bu d\u0259f\u0259 Se\u00e7ki Dair\u0259sin\u0259 daxil olan\u00a0Ucar\u0131n\u00a0B\u0259rg\u00fc\u015fad\u00a0k\u0259ndinin sakinl\u0259ri il\u0259 a\u00e7\u0131q havada v\u0259 isti ortamda g\u00f6r\u00fc\u015f ke\u00e7irib. Ucar se\u00e7icil\u0259ri d\u0259 z\u0259rdabl\u0131lar [&hellip;]<\/p>\n","protected":false},"author":1,"featured_media":0,"comment_status":"open","ping_status":"open","sticky":false,"template":"","format":"standard","meta":{"footnotes":""},"categories":[21,63],"tags":[],"class_list":{"0":"post-27848","1":"post","2":"type-post","3":"status-publish","4":"format-standard","6":"category-zrdab","7":"category-manset"},"yoast_head":"<!-- This site is optimized with the Yoast SEO plugin v27.0 - https:\/\/yoast.com\/product\/yoast-seo-wordpress\/ -->\n<title>Jal\u0259 \u018fliyeva se\u00e7icil\u0259rl\u0259 g\u00f6r\u00fc\u015fl\u0259ri davam etdirir - Fotolar, V\u0130DEO - Z\u0259rdab.com<\/title>\n<meta name=\"robots\" content=\"index, follow, max-snippet:-1, max-image-preview:large, max-video-preview:-1\" \/>\n<link rel=\"canonical\" href=\"https:\/\/www.zerdab.com\/?p=27848\" \/>\n<meta property=\"og:locale\" content=\"az_AZ\" \/>\n<meta property=\"og:type\" content=\"article\" \/>\n<meta property=\"og:title\" content=\"Jal\u0259 \u018fliyeva se\u00e7icil\u0259rl\u0259 g\u00f6r\u00fc\u015fl\u0259ri davam etdirir - Fotolar, V\u0130DEO - Z\u0259rdab.com\" \/>\n<meta property=\"og:description\" content=\"92 sayl\u0131 Z\u0259rdab-Ucar Se\u00e7ki Dair\u0259sind\u0259n n\u00f6vb\u0259ti d\u0259f\u0259 deputatl\u0131\u011fa namiz\u0259d, Milli M\u0259clisin (MM) M\u0259d\u0259niyy\u0259t komit\u0259sinin s\u0259dr m\u00fcavini, professor Jal\u0259 \u018fliyeva se\u00e7ki kampaniyas\u0131n\u0131 u\u011furlu \u015f\u0259kild\u0259 davam etdirir. J. \u018fliyevan\u0131n Se\u00e7ki Q\u0259rargah\u0131ndan Zerdab.com sayt\u0131na veril\u0259n m\u0259lumata g\u00f6r\u0259, deputatl\u0131\u011fa namiz\u0259d bu d\u0259f\u0259 Se\u00e7ki Dair\u0259sin\u0259 daxil olan\u00a0Ucar\u0131n\u00a0B\u0259rg\u00fc\u015fad\u00a0k\u0259ndinin sakinl\u0259ri il\u0259 a\u00e7\u0131q havada v\u0259 isti ortamda g\u00f6r\u00fc\u015f ke\u00e7irib. Ucar se\u00e7icil\u0259ri d\u0259 z\u0259rdabl\u0131lar [&hellip;]\" \/>\n<meta property=\"og:url\" content=\"https:\/\/www.zerdab.com\/?p=27848\" \/>\n<meta property=\"og:site_name\" content=\"Z\u0259rdab.com\" \/>\n<meta property=\"article:published_time\" content=\"2020-02-04T18:49:50+00:00\" \/>\n<meta property=\"article:modified_time\" content=\"2020-02-04T18:55:44+00:00\" \/>\n<meta property=\"og:image\" content=\"http:\/\/www.zerdab.com\/wp-content\/uploads\/2020\/02\/jale-eliyeva-550x413.jpg\" \/>\n<meta name=\"author\" content=\"admin\" \/>\n<meta name=\"twitter:card\" content=\"summary_large_image\" \/>\n<meta name=\"twitter:label1\" content=\"Written by\" \/>\n\t<meta name=\"twitter:data1\" content=\"admin\" \/>\n\t<meta name=\"twitter:label2\" content=\"Est. reading time\" \/>\n\t<meta name=\"twitter:data2\" content=\"7 minutes\" \/>\n<script type=\"application\/ld+json\" class=\"yoast-schema-graph\">{\"@context\":\"https:\/\/schema.org\",\"@graph\":[{\"@type\":\"Article\",\"@id\":\"https:\/\/www.zerdab.com\/?p=27848#article\",\"isPartOf\":{\"@id\":\"https:\/\/www.zerdab.com\/?p=27848\"},\"author\":{\"name\":\"admin\",\"@id\":\"https:\/\/www.zerdab.com\/#\/schema\/person\/97079b7570c1e89ec0d9e138c3672136\"},\"headline\":\"Jal\u0259 \u018fliyeva se\u00e7icil\u0259rl\u0259 g\u00f6r\u00fc\u015fl\u0259ri davam etdirir &#8211; Fotolar, V\u0130DEO\",\"datePublished\":\"2020-02-04T18:49:50+00:00\",\"dateModified\":\"2020-02-04T18:55:44+00:00\",\"mainEntityOfPage\":{\"@id\":\"https:\/\/www.zerdab.com\/?p=27848\"},\"wordCount\":1484,\"commentCount\":0,\"image\":{\"@id\":\"https:\/\/www.zerdab.com\/?p=27848#primaryimage\"},\"thumbnailUrl\":\"http:\/\/www.zerdab.com\/wp-content\/uploads\/2020\/02\/jale-eliyeva-550x413.jpg\",\"articleSection\":[\"C\u018fM\u0130YY\u018fT\",\"MAN\u015eET\"],\"inLanguage\":\"az\",\"potentialAction\":[{\"@type\":\"CommentAction\",\"name\":\"Comment\",\"target\":[\"https:\/\/www.zerdab.com\/?p=27848#respond\"]}]},{\"@type\":\"WebPage\",\"@id\":\"https:\/\/www.zerdab.com\/?p=27848\",\"url\":\"https:\/\/www.zerdab.com\/?p=27848\",\"name\":\"Jal\u0259 \u018fliyeva se\u00e7icil\u0259rl\u0259 g\u00f6r\u00fc\u015fl\u0259ri davam etdirir - Fotolar, V\u0130DEO - Z\u0259rdab.com\",\"isPartOf\":{\"@id\":\"https:\/\/www.zerdab.com\/#website\"},\"primaryImageOfPage\":{\"@id\":\"https:\/\/www.zerdab.com\/?p=27848#primaryimage\"},\"image\":{\"@id\":\"https:\/\/www.zerdab.com\/?p=27848#primaryimage\"},\"thumbnailUrl\":\"http:\/\/www.zerdab.com\/wp-content\/uploads\/2020\/02\/jale-eliyeva-550x413.jpg\",\"datePublished\":\"2020-02-04T18:49:50+00:00\",\"dateModified\":\"2020-02-04T18:55:44+00:00\",\"author\":{\"@id\":\"https:\/\/www.zerdab.com\/#\/schema\/person\/97079b7570c1e89ec0d9e138c3672136\"},\"breadcrumb\":{\"@id\":\"https:\/\/www.zerdab.com\/?p=27848#breadcrumb\"},\"inLanguage\":\"az\",\"potentialAction\":[{\"@type\":\"ReadAction\",\"target\":[\"https:\/\/www.zerdab.com\/?p=27848\"]}]},{\"@type\":\"ImageObject\",\"inLanguage\":\"az\",\"@id\":\"https:\/\/www.zerdab.com\/?p=27848#primaryimage\",\"url\":\"\",\"contentUrl\":\"\"},{\"@type\":\"BreadcrumbList\",\"@id\":\"https:\/\/www.zerdab.com\/?p=27848#breadcrumb\",\"itemListElement\":[{\"@type\":\"ListItem\",\"position\":1,\"name\":\"Home\",\"item\":\"https:\/\/www.zerdab.com\/\"},{\"@type\":\"ListItem\",\"position\":2,\"name\":\"Jal\u0259 \u018fliyeva se\u00e7icil\u0259rl\u0259 g\u00f6r\u00fc\u015fl\u0259ri davam etdirir &#8211; Fotolar, V\u0130DEO\"}]},{\"@type\":\"WebSite\",\"@id\":\"https:\/\/www.zerdab.com\/#website\",\"url\":\"https:\/\/www.zerdab.com\/\",\"name\":\"Z\u0259rdab.com\",\"description\":\"\",\"potentialAction\":[{\"@type\":\"SearchAction\",\"target\":{\"@type\":\"EntryPoint\",\"urlTemplate\":\"https:\/\/www.zerdab.com\/?s={search_term_string}\"},\"query-input\":{\"@type\":\"PropertyValueSpecification\",\"valueRequired\":true,\"valueName\":\"search_term_string\"}}],\"inLanguage\":\"az\"},{\"@type\":\"Person\",\"@id\":\"https:\/\/www.zerdab.com\/#\/schema\/person\/97079b7570c1e89ec0d9e138c3672136\",\"name\":\"admin\",\"image\":{\"@type\":\"ImageObject\",\"inLanguage\":\"az\",\"@id\":\"https:\/\/www.zerdab.com\/#\/schema\/person\/image\/\",\"url\":\"https:\/\/secure.gravatar.com\/avatar\/d9c52a9a27c32119cb6679a077fa3e2779e5f822c451cbf01098004361d466ec?s=96&d=mm&r=g\",\"contentUrl\":\"https:\/\/secure.gravatar.com\/avatar\/d9c52a9a27c32119cb6679a077fa3e2779e5f822c451cbf01098004361d466ec?s=96&d=mm&r=g\",\"caption\":\"admin\"},\"url\":\"https:\/\/www.zerdab.com\/?author=1\"}]}<\/script>\n<!-- \/ Yoast SEO plugin. -->","yoast_head_json":{"title":"Jal\u0259 \u018fliyeva se\u00e7icil\u0259rl\u0259 g\u00f6r\u00fc\u015fl\u0259ri davam etdirir - Fotolar, V\u0130DEO - Z\u0259rdab.com","robots":{"index":"index","follow":"follow","max-snippet":"max-snippet:-1","max-image-preview":"max-image-preview:large","max-video-preview":"max-video-preview:-1"},"canonical":"https:\/\/www.zerdab.com\/?p=27848","og_locale":"az_AZ","og_type":"article","og_title":"Jal\u0259 \u018fliyeva se\u00e7icil\u0259rl\u0259 g\u00f6r\u00fc\u015fl\u0259ri davam etdirir - Fotolar, V\u0130DEO - Z\u0259rdab.com","og_description":"92 sayl\u0131 Z\u0259rdab-Ucar Se\u00e7ki Dair\u0259sind\u0259n n\u00f6vb\u0259ti d\u0259f\u0259 deputatl\u0131\u011fa namiz\u0259d, Milli M\u0259clisin (MM) M\u0259d\u0259niyy\u0259t komit\u0259sinin s\u0259dr m\u00fcavini, professor Jal\u0259 \u018fliyeva se\u00e7ki kampaniyas\u0131n\u0131 u\u011furlu \u015f\u0259kild\u0259 davam etdirir. J. \u018fliyevan\u0131n Se\u00e7ki Q\u0259rargah\u0131ndan Zerdab.com sayt\u0131na veril\u0259n m\u0259lumata g\u00f6r\u0259, deputatl\u0131\u011fa namiz\u0259d bu d\u0259f\u0259 Se\u00e7ki Dair\u0259sin\u0259 daxil olan\u00a0Ucar\u0131n\u00a0B\u0259rg\u00fc\u015fad\u00a0k\u0259ndinin sakinl\u0259ri il\u0259 a\u00e7\u0131q havada v\u0259 isti ortamda g\u00f6r\u00fc\u015f ke\u00e7irib. Ucar se\u00e7icil\u0259ri d\u0259 z\u0259rdabl\u0131lar [&hellip;]","og_url":"https:\/\/www.zerdab.com\/?p=27848","og_site_name":"Z\u0259rdab.com","article_published_time":"2020-02-04T18:49:50+00:00","article_modified_time":"2020-02-04T18:55:44+00:00","og_image":[{"url":"http:\/\/www.zerdab.com\/wp-content\/uploads\/2020\/02\/jale-eliyeva-550x413.jpg","type":"","width":"","height":""}],"author":"admin","twitter_card":"summary_large_image","twitter_misc":{"Written by":"admin","Est. reading time":"7 minutes"},"schema":{"@context":"https:\/\/schema.org","@graph":[{"@type":"Article","@id":"https:\/\/www.zerdab.com\/?p=27848#article","isPartOf":{"@id":"https:\/\/www.zerdab.com\/?p=27848"},"author":{"name":"admin","@id":"https:\/\/www.zerdab.com\/#\/schema\/person\/97079b7570c1e89ec0d9e138c3672136"},"headline":"Jal\u0259 \u018fliyeva se\u00e7icil\u0259rl\u0259 g\u00f6r\u00fc\u015fl\u0259ri davam etdirir &#8211; Fotolar, V\u0130DEO","datePublished":"2020-02-04T18:49:50+00:00","dateModified":"2020-02-04T18:55:44+00:00","mainEntityOfPage":{"@id":"https:\/\/www.zerdab.com\/?p=27848"},"wordCount":1484,"commentCount":0,"image":{"@id":"https:\/\/www.zerdab.com\/?p=27848#primaryimage"},"thumbnailUrl":"http:\/\/www.zerdab.com\/wp-content\/uploads\/2020\/02\/jale-eliyeva-550x413.jpg","articleSection":["C\u018fM\u0130YY\u018fT","MAN\u015eET"],"inLanguage":"az","potentialAction":[{"@type":"CommentAction","name":"Comment","target":["https:\/\/www.zerdab.com\/?p=27848#respond"]}]},{"@type":"WebPage","@id":"https:\/\/www.zerdab.com\/?p=27848","url":"https:\/\/www.zerdab.com\/?p=27848","name":"Jal\u0259 \u018fliyeva se\u00e7icil\u0259rl\u0259 g\u00f6r\u00fc\u015fl\u0259ri davam etdirir - Fotolar, V\u0130DEO - Z\u0259rdab.com","isPartOf":{"@id":"https:\/\/www.zerdab.com\/#website"},"primaryImageOfPage":{"@id":"https:\/\/www.zerdab.com\/?p=27848#primaryimage"},"image":{"@id":"https:\/\/www.zerdab.com\/?p=27848#primaryimage"},"thumbnailUrl":"http:\/\/www.zerdab.com\/wp-content\/uploads\/2020\/02\/jale-eliyeva-550x413.jpg","datePublished":"2020-02-04T18:49:50+00:00","dateModified":"2020-02-04T18:55:44+00:00","author":{"@id":"https:\/\/www.zerdab.com\/#\/schema\/person\/97079b7570c1e89ec0d9e138c3672136"},"breadcrumb":{"@id":"https:\/\/www.zerdab.com\/?p=27848#breadcrumb"},"inLanguage":"az","potentialAction":[{"@type":"ReadAction","target":["https:\/\/www.zerdab.com\/?p=27848"]}]},{"@type":"ImageObject","inLanguage":"az","@id":"https:\/\/www.zerdab.com\/?p=27848#primaryimage","url":"","contentUrl":""},{"@type":"BreadcrumbList","@id":"https:\/\/www.zerdab.com\/?p=27848#breadcrumb","itemListElement":[{"@type":"ListItem","position":1,"name":"Home","item":"https:\/\/www.zerdab.com\/"},{"@type":"ListItem","position":2,"name":"Jal\u0259 \u018fliyeva se\u00e7icil\u0259rl\u0259 g\u00f6r\u00fc\u015fl\u0259ri davam etdirir &#8211; Fotolar, V\u0130DEO"}]},{"@type":"WebSite","@id":"https:\/\/www.zerdab.com\/#website","url":"https:\/\/www.zerdab.com\/","name":"Z\u0259rdab.com","description":"","potentialAction":[{"@type":"SearchAction","target":{"@type":"EntryPoint","urlTemplate":"https:\/\/www.zerdab.com\/?s={search_term_string}"},"query-input":{"@type":"PropertyValueSpecification","valueRequired":true,"valueName":"search_term_string"}}],"inLanguage":"az"},{"@type":"Person","@id":"https:\/\/www.zerdab.com\/#\/schema\/person\/97079b7570c1e89ec0d9e138c3672136","name":"admin","image":{"@type":"ImageObject","inLanguage":"az","@id":"https:\/\/www.zerdab.com\/#\/schema\/person\/image\/","url":"https:\/\/secure.gravatar.com\/avatar\/d9c52a9a27c32119cb6679a077fa3e2779e5f822c451cbf01098004361d466ec?s=96&d=mm&r=g","contentUrl":"https:\/\/secure.gravatar.com\/avatar\/d9c52a9a27c32119cb6679a077fa3e2779e5f822c451cbf01098004361d466ec?s=96&d=mm&r=g","caption":"admin"},"url":"https:\/\/www.zerdab.com\/?author=1"}]}},"_links":{"self":[{"href":"https:\/\/www.zerdab.com\/index.php?rest_route=\/wp\/v2\/posts\/27848","targetHints":{"allow":["GET"]}}],"collection":[{"href":"https:\/\/www.zerdab.com\/index.php?rest_route=\/wp\/v2\/posts"}],"about":[{"href":"https:\/\/www.zerdab.com\/index.php?rest_route=\/wp\/v2\/types\/post"}],"author":[{"embeddable":true,"href":"https:\/\/www.zerdab.com\/index.php?rest_route=\/wp\/v2\/users\/1"}],"replies":[{"embeddable":true,"href":"https:\/\/www.zerdab.com\/index.php?rest_route=%2Fwp%2Fv2%2Fcomments&post=27848"}],"version-history":[{"count":2,"href":"https:\/\/www.zerdab.com\/index.php?rest_route=\/wp\/v2\/posts\/27848\/revisions"}],"predecessor-version":[{"id":27859,"href":"https:\/\/www.zerdab.com\/index.php?rest_route=\/wp\/v2\/posts\/27848\/revisions\/27859"}],"wp:attachment":[{"href":"https:\/\/www.zerdab.com\/index.php?rest_route=%2Fwp%2Fv2%2Fmedia&parent=27848"}],"wp:term":[{"taxonomy":"category","embeddable":true,"href":"https:\/\/www.zerdab.com\/index.php?rest_route=%2Fwp%2Fv2%2Fcategories&post=27848"},{"taxonomy":"post_tag","embeddable":true,"href":"https:\/\/www.zerdab.com\/index.php?rest_route=%2Fwp%2Fv2%2Ftags&post=27848"}],"curies":[{"name":"wp","href":"https:\/\/api.w.org\/{rel}","templated":true}]}}