{"id":27861,"date":"2020-02-05T14:12:53","date_gmt":"2020-02-05T10:12:53","guid":{"rendered":"http:\/\/www.zerdab.com\/?p=27861"},"modified":"2020-02-05T14:55:12","modified_gmt":"2020-02-05T10:55:12","slug":"z%c9%99rdabda-intihar-ed%c9%99nl%c9%99r-siyahi","status":"publish","type":"post","link":"https:\/\/www.zerdab.com\/?p=27861","title":{"rendered":"Son ill\u0259r Z\u0259rdabda intihar ed\u0259nl\u0259r &#8211; S\u0130YAHI"},"content":{"rendered":"\n<p>M\u00fcasir d\u00f6vr\u00fcn aktual probleml\u0259rind\u0259n biri d\u0259 intihar\nhallar\u0131n\u0131n say\u0131n\u0131n artmas\u0131d\u0131r. Az\u0259rbaycanda da intihar hallar\u0131n\u0131n say\u0131n\u0131n\nartmas\u0131 il\u0259 ba\u011fl\u0131 k\u00fctl\u0259vi informasiya vasit\u0259l\u0259rind\u0259 m\u0259lumatlar yay\u0131mlan\u0131r. <\/p>\n\n\n\n<p>T\u0259\u0259ss\u00fcf ki, son ill\u0259r Z\u0259rdab rayonunda da intihar\ned\u0259nl\u0259rl\u0259 ba\u011fl\u0131 x\u0259b\u0259rl\u0259r\u0259 rast g\u0259lirik. <\/p>\n\n\n\n<p>M\u0259s\u0259l\u0259n, el\u0259 sra\u011fag\u00fcn Z\u0259rdab\u0131n M\u0259likli k\u0259ndind\u0259 3\nu\u015faq atas\u0131, 5 bac\u0131n\u0131n yegan\u0259 qarda\u015f\u0131, 29 ya\u015fl\u0131 La\u00e7\u0131n Manafl\u0131n\u0131n intihar\u0131 x\u0259b\u0259ri\nh\u0259r k\u0259si sars\u0131td\u0131. <\/p>\n\n\n\n<p><strong>Zerdab.com <\/strong>sayt\u0131 olaraq bu yaz\u0131m\u0131zda son ill\u0259r Z\u0259rdab rayonunda intihar ed\u0259nl\u0259rin m\u0259tbuatda yay\u0131lan m\u0259lumatlar \u0259sas\u0131nda siyah\u0131s\u0131n\u0131 t\u0259qdim etm\u0259y\u0259 \u00e7al\u0131\u015faca\u011f\u0131q. <\/p>\n\n\n\n<p>M\u0259lum oldu\u011fu kimi, rayonumuzda sonuncu intihar\nM\u0259likli k\u0259ndind\u0259 qeyd\u0259 al\u0131n\u0131b. <\/p>\n\n\n\n<p>Rayonun\nM\u0259likli k\u0259nd sakini, 1990-c\u0131 il t\u0259v\u0259ll\u00fcdl\u00fc Manafl\u0131 La\u00e7\u0131n \u018fmrah o\u011flu intihar\nedib.<\/p>\n\n\n\n<p>Bir m\u00fcdd\u0259t\n\u00f6nc\u0259 is\u0259 Z\u0259rdabda toyu olacaq 18 ya\u015fl\u0131 q\u0131z\u0131n meyiti tap\u0131lm\u0131\u015fd\u0131. <\/p>\n\n\n\n<p>Rayonun\n\u018flv\u0259nd k\u0259ndind\u0259 ya\u015fayan 2001-ci il t\u0259v\u0259ll\u00fcdl\u00fc \u0130brahimova N\u0259rmin Rakif q\u0131z\u0131\n\u00f6z\u00fcn\u00fc \u00f6ld\u00fcrm\u00fc\u015fd\u00fc.<br>\nNi\u015fanlanan g\u0259nc q\u0131z\u0131n yax\u0131n vaxtlarda toyu planla\u015fd\u0131r\u0131l\u0131rm\u0131\u015f.<br>\nBildirilir ki, ail\u0259nin b\u00f6y\u00fck \u00f6vlad\u0131 olan N\u0259rminin probleminin olmas\u0131 il\u0259 ba\u011fl\u0131\nh\u0259r hans\u0131 m\u0259lumat olmay\u0131b.<br>\nEvin\nh\u0259y\u0259tind\u0259ki t\u00f6vl\u0259y\u0259 daxil olan anas\u0131 N\u0259rminin \u00f6z\u00fcn\u00fc asd\u0131\u011f\u0131n\u0131 g\u00f6r\u00fcb. O, q\u0131z\u0131na k\u00f6m\u0259k etm\u0259y\u0259 \u00e7al\u0131\u015fsa da, 18 ya\u015fl\u0131 N\u0259rminin\nart\u0131q ke\u00e7indiyi m\u0259lum olmu\u015fdu.<\/p>\n\n\n\n<p>Rayonun Yuxar\u0131 Seyidl\u0259r k\u0259ndind\u0259 is\u0259 bir m\u00fcdd\u0259t \u00f6nc\u0259 31 ya\u015fl\u0131 k\u0259nd sakini&nbsp;Ceyhun Boris o\u011flu&nbsp;Abbasov&nbsp;ya\u015fad\u0131\u011f\u0131 h\u0259y\u0259tin t\u00f6vl\u0259sind\u0259 \u00f6z\u00fcn\u00fc asaraq \u00f6ld\u00fcrm\u00fc\u015fd\u00fc. C. Abbasov evli olub, \u00f6vlad\u0131 var.<\/p>\n\n\n\n<p>Z\u0259rdabda\nintihar x\u0259b\u0259ri il\u0259 ba\u011fl\u0131 h\u0259r k\u0259si sars\u0131danlardan biri d\u0259 M\u0259tan\u0259t H\u0259s\u0259nova olub.\n<\/p>\n\n\n\n<p>Onun meyiti Mil-Mu\u011fan-\u015eirvan\nsu kollektorunda tap\u0131lm\u0131\u015fd\u0131. <\/p>\n\n\n\n<p>Bel\u0259 ki,\nFHN-in \u201c112\u201d Z\u0259ng m\u0259rk\u0259zind\u0259n, Mil-Mu\u011fan-\u015eirvan su kollektorunun K\u00fcrd\u0259mir\nrayonu, H\u0259zi M\u0259h\u0259rr\u0259mli k\u0259ndi \u0259razisind\u0259n ke\u00e7\u0259n hiss\u0259sind\u0259, suyun \u00fcz\u0259rind\u0259 1\nqad\u0131n c\u0259s\u0259dinin g\u00f6r\u00fclm\u0259si bar\u0259d\u0259 (\u0259n yax\u0131n m\u0259nt\u0259q\u0259 \u0259razisind\u0259n 140 km aral\u0131\nn\u0259zar\u0259tsiz \u0259razid\u0259) m\u0259lumat daxil olmu\u015fdu.<\/p>\n\n\n\n<p>M\u0259lumat al\u0131nd\u0131qdan d\u0259rhal sonra, xidm\u0259tin\nstrukturuna daxil olan \u201cAran\u201d dal\u011f\u0131c axtar\u0131\u015f qrupundan 5 n\u0259f\u0259r \u015f\u0259xsi hey\u0259t v\u0259\nx\u00fcsusi dal\u011f\u0131c avadanl\u0131qlar\u0131 il\u0259 hadis\u0259 yerin\u0259 g\u00f6nd\u0259rilib. Saat 14:58-d\u0259 intihar\nm\u0259qs\u0259di il\u0259 \u00f6z\u00fcn\u00fc kanala atm\u0131\u015f Z\u0259rdab rayonu \u015eah\u00fcseynli k\u0259nd sakini, 1999-cu il\nt\u0259v\u0259ll\u00fcdl\u00fc H\u0259s\u0259nova M\u0259tan\u0259t Ya\u015far q\u0131z\u0131n\u0131n c\u0259s\u0259di \u201cAran\u201d dal\u011f\u0131c axtar\u0131\u015f qrupunun\ndal\u011f\u0131c-xilasedicil\u0259ri t\u0259r\u0259find\u0259n tap\u0131laraq \u00e7\u0131xar\u0131l\u0131b v\u0259 aidiyyat\u0131 \u00fczr\u0259 t\u0259hvil\nverilmi\u015fdi.<\/p>\n\n\n\n<p>Ba\u015fqa bir\nrayon sakini is\u0259 Z\u0259rdabda deyil, Bak\u0131ya g\u0259l\u0259r\u0259k burada intihar etmi\u015fdi. <\/p>\n\n\n\n<p>Bel\u0259 ki, rayon\nsakini 33 ya\u015fl\u0131 Anar Nazir o\u011flu Qas\u0131mov DYP-nin Ekologiya postunun\nyax\u0131nl\u0131\u011f\u0131ndak\u0131 k\u00f6rp\u00fcd\u0259n \u00f6z\u00fcn\u00fc asfalt \u00f6rt\u00fcy\u00fcn\u00fcn \u00fcst\u00fcn\u0259 ataraq bir m\u00fcdd\u0259t \u00f6nc\u0259 intihar\nedib.<\/p>\n\n\n\n<p>\u018frazid\u0259\nxidm\u0259t aparan D\u00f6vl\u0259t Yol Polis \u0130dar\u0259sinin \u0259m\u0259kda\u015flar\u0131 g\u0259ncin meyitini avtomobil\n\u015fosesind\u0259n g\u00f6t\u00fcr\u00fcbl\u0259r v\u0259 m\u00fcayin\u0259 olunmaq \u00fc\u00e7\u00fcn M\u0259hk\u0259m\u0259 Tibbi Ekspertiza v\u0259\nPataloji Anatomiya Birliyinin Ab\u015feron rayon \u015f\u00f6b\u0259sin\u0259 apar\u0131blar. M\u0259lum olub ki,\nAnar Qas\u0131mov ald\u0131\u011f\u0131 k\u00fct travmalar n\u0259tic\u0259sind\u0259 d\u00fcnyas\u0131n\u0131 d\u0259yi\u015fib.<\/p>\n\n\n\n<p>\u0130\u015fi ara\u015fd\u0131ran prokurorun b\u00f6y\u00fck k\u00f6m\u0259k\u00e7isi \u0130brahim \u0130smay\u0131lzad\u0259nin\nbildirdiyin\u0259 g\u00f6r\u0259, Z\u0259rdab rayon sakininin cibind\u0259n \u00f6z x\u0259tti il\u0259 yaz\u0131lan m\u0259ktub\n\u00e7\u0131x\u0131b. M\u0259rhumun m\u0259ktubunda qeyd olunub: \u201c\u00f6l\u00fcm\u00fcmd\u0259 he\u00e7 kimi g\u00fcnahkar g\u00f6rm\u0259yin\u201d.<\/p>\n\n\n\n<p>Z\u0259rdab rayonunda d\u0259h\u015f\u0259tli intihar hadis\u0259l\u0259rind\u0259n biri d\u0259 yen\u0259 d\u0259 M\u0259likli k\u0259ndind\u0259 qeyd\u0259 al\u0131nm\u0131\u015fd\u0131. M\u0259likli k\u0259nd sakini Ramil \u0130sr\u0259filov \u00f6z\u00fcn\u00fc asaraq intihar etmi\u015fdi. Valideynl\u0259ri onu A\u011fc\u0259b\u0259di Rayon M\u0259rk\u0259zi X\u0259st\u0259xanas\u0131na \u00e7atd\u0131rsalar da h\u0259yat\u0131n\u0131 xilas etm\u0259k m\u00fcmk\u00fcn olmam\u0131\u015fd\u0131.<\/p>\n\n\n\n<p>M\u0259rhum 2 u\u015faq atas\u0131 idi.<\/p>\n\n\n\n<p>Z\u0259rdab rayon sakini, A\u011fayev B\u00fclb\u00fcl Soltanh\u0259mid o\u011flu da bir m\u00fcdd\u0259t \u00f6nc\u0259\ncan\u0131na q\u0131y\u0131b. 1944-c\u00fc il t\u0259v\u0259ll\u00fcdl\u00fc A\u011fayev B\u00fclb\u00fcl Sotanh\u0259mid o\u011flu ya\u015fad\u0131\u011f\u0131 evd\u0259\n\u00f6z\u00fcn\u00fc as\u0131b. <\/p>\n\n\n\n<p>Rayonumuzda\nintihar ed\u0259r\u0259k can\u0131na q\u0131yanlardan biri d\u0259 yen\u0259 d\u0259 M\u0259likli k\u0259ndinin sakini Ya\u015far M\u00fczl\u00fc o\u011flu H\u0259s\u0259nov olub. Bel\u0259 ki, 1963-c\u00fc il\nt\u0259v\u0259ll\u00fcdl\u00fc&nbsp;Ya\u015far M\u00fczl\u00fc o\u011flu H\u0259s\u0259nov ya\u015fad\u0131\u011f\u0131 evd\u0259 \u00f6z\u00fcn\u00fc as\u0131b. M\u0259rhum qon\u015fu\nSar\u0131qaya k\u0259ndind\u0259 rus dili m\u00fc\u0259llimi i\u015fl\u0259yib. S\u0259hh\u0259tind\u0259 yaranm\u0131\u015f psixi\nprobleml\u0259 ba\u011fl\u0131 bir ne\u00e7\u0259 il \u0259vv\u0259l m\u0259kt\u0259bd\u0259n uzaqla\u015fd\u0131r\u0131lm\u0131\u015fd\u0131.&nbsp; <\/p>\n\n\n\n<p>Z\u0259rdabda bir\nne\u00e7\u0259 il \u00f6nc\u0259 intihar yolu se\u00e7\u0259nl\u0259rd\u0259n biri is\u0259 \u018flib\u0259yli k\u0259nd sakini, 1937-ci il\nt\u0259v\u0259ll\u00fcdl\u00fc Sad\u0131qov \u0130di \u018fbd\u00fcll\u0259ziz o\u011flu olub. O, \u00f6z\u00fcn\u00fc ya\u015fad\u0131\u011f\u0131 evin yataq\nota\u011f\u0131nda ipl\u0259 bo\u011faraq \u00f6ld\u00fcr\u00fcb. M\u0259lumata g\u00f6r\u0259, \u0130. Sad\u0131qov uzun m\u00fcdd\u0259t imi\u015f ki,\nm\u0259d\u0259-ba\u011f\u0131rsaq x\u0259st\u0259liyind\u0259n \u0259ziyy\u0259t \u00e7\u0259kirmi\u015f v\u0259 bu onun \u0259s\u0259bl\u0259rinin d\u0259\npozulmas\u0131na s\u0259b\u0259b olubmu\u015f.<\/p>\n\n\n\n<p><strong>Z\u0259rdab\u0131n L\u0259l\u0259a\u011fac\u0131 k\u0259ndind\u0259 is\u0259 bir m\u00fcdd\u0259t \u00f6nc\u0259 <\/strong>21.03.1969-cu\nil t\u0259v\u0259ll\u00fcdl\u00fc, ruhi x\u0259st\u0259 M\u0259mm\u0259dova V\u0259fa \u018fnv\u0259r q\u0131z\u0131 intihar edib. K\u0259nd sakinl\u0259rinin\nverdikl\u0259ri m\u0259lumata g\u00f6r\u0259, onun c\u0259s\u0259di h\u0259y\u0259tl\u0259rind\u0259ki t\u00f6vl\u0259d\u0259, as\u0131lm\u0131\u015f v\u0259ziyy\u0259td\u0259\ntap\u0131l\u0131b. <\/p>\n\n\n\n<p>Sonda\nbir m\u0259qam\u0131 da qeyd ed\u0259k ki, m\u0259tbuatda rayonumuzda daha \u0259vv\u0259lki ill\u0259rd\u0259 intihar\ned\u0259nl\u0259r bar\u0259d\u0259 d\u0259 m\u0259lumatlar var. Ancaq onlar\u0131n ad\u0131n\u0131 bu siyah\u0131ya \u0259lav\u0259\netmirik. <\/p>\n\n\n\n<p>Rayonumuzda\nson ill\u0259r intihar ed\u0259n, ancaq ad\u0131 bu siyah\u0131da olmayan \u015f\u0259xsl\u0259r d\u0259 ola bil\u0259r. Bu\nsiyah\u0131ya yaln\u0131z intihar\u0131 bar\u0259d\u0259 K\u0130V-d\u0259 m\u0259lumat veril\u0259nl\u0259rin adlar\u0131 daxil\nedilib. <\/p>\n\n\n\n<p>Zerdab.com<\/p>\n","protected":false},"excerpt":{"rendered":"<p>M\u00fcasir d\u00f6vr\u00fcn aktual probleml\u0259rind\u0259n biri d\u0259 intihar hallar\u0131n\u0131n say\u0131n\u0131n artmas\u0131d\u0131r. Az\u0259rbaycanda da intihar hallar\u0131n\u0131n say\u0131n\u0131n artmas\u0131 il\u0259 ba\u011fl\u0131 k\u00fctl\u0259vi informasiya vasit\u0259l\u0259rind\u0259 m\u0259lumatlar yay\u0131mlan\u0131r. T\u0259\u0259ss\u00fcf ki, son ill\u0259r Z\u0259rdab rayonunda da intihar ed\u0259nl\u0259rl\u0259 ba\u011fl\u0131 x\u0259b\u0259rl\u0259r\u0259 rast g\u0259lirik. M\u0259s\u0259l\u0259n, el\u0259 sra\u011fag\u00fcn Z\u0259rdab\u0131n M\u0259likli k\u0259ndind\u0259 3 u\u015faq atas\u0131, 5 bac\u0131n\u0131n yegan\u0259 qarda\u015f\u0131, 29 ya\u015fl\u0131 La\u00e7\u0131n Manafl\u0131n\u0131n intihar\u0131 x\u0259b\u0259ri [&hellip;]<\/p>\n","protected":false},"author":1,"featured_media":25394,"comment_status":"open","ping_status":"open","sticky":false,"template":"","format":"standard","meta":{"footnotes":""},"categories":[46,63],"tags":[],"class_list":{"0":"post-27861","1":"post","2":"type-post","3":"status-publish","4":"format-standard","5":"has-post-thumbnail","7":"category-hadis","8":"category-manset"},"yoast_head":"<!-- This site is optimized with the Yoast SEO plugin v27.0 - https:\/\/yoast.com\/product\/yoast-seo-wordpress\/ -->\n<title>Son ill\u0259r Z\u0259rdabda intihar ed\u0259nl\u0259r - S\u0130YAHI - Z\u0259rdab.com<\/title>\n<meta name=\"robots\" content=\"index, follow, max-snippet:-1, max-image-preview:large, max-video-preview:-1\" \/>\n<link rel=\"canonical\" href=\"https:\/\/www.zerdab.com\/?p=27861\" \/>\n<meta property=\"og:locale\" content=\"az_AZ\" \/>\n<meta property=\"og:type\" content=\"article\" \/>\n<meta property=\"og:title\" content=\"Son ill\u0259r Z\u0259rdabda intihar ed\u0259nl\u0259r - S\u0130YAHI - Z\u0259rdab.com\" \/>\n<meta property=\"og:description\" content=\"M\u00fcasir d\u00f6vr\u00fcn aktual probleml\u0259rind\u0259n biri d\u0259 intihar hallar\u0131n\u0131n say\u0131n\u0131n artmas\u0131d\u0131r. Az\u0259rbaycanda da intihar hallar\u0131n\u0131n say\u0131n\u0131n artmas\u0131 il\u0259 ba\u011fl\u0131 k\u00fctl\u0259vi informasiya vasit\u0259l\u0259rind\u0259 m\u0259lumatlar yay\u0131mlan\u0131r. T\u0259\u0259ss\u00fcf ki, son ill\u0259r Z\u0259rdab rayonunda da intihar ed\u0259nl\u0259rl\u0259 ba\u011fl\u0131 x\u0259b\u0259rl\u0259r\u0259 rast g\u0259lirik. M\u0259s\u0259l\u0259n, el\u0259 sra\u011fag\u00fcn Z\u0259rdab\u0131n M\u0259likli k\u0259ndind\u0259 3 u\u015faq atas\u0131, 5 bac\u0131n\u0131n yegan\u0259 qarda\u015f\u0131, 29 ya\u015fl\u0131 La\u00e7\u0131n Manafl\u0131n\u0131n intihar\u0131 x\u0259b\u0259ri [&hellip;]\" \/>\n<meta property=\"og:url\" content=\"https:\/\/www.zerdab.com\/?p=27861\" \/>\n<meta property=\"og:site_name\" content=\"Z\u0259rdab.com\" \/>\n<meta property=\"article:published_time\" content=\"2020-02-05T10:12:53+00:00\" \/>\n<meta property=\"article:modified_time\" content=\"2020-02-05T10:55:12+00:00\" \/>\n<meta property=\"og:image\" content=\"https:\/\/www.zerdab.com\/wp-content\/uploads\/2017\/11\/Z\u0259rdab-rayonu.jpg\" \/>\n\t<meta property=\"og:image:width\" content=\"768\" \/>\n\t<meta property=\"og:image:height\" content=\"634\" \/>\n\t<meta property=\"og:image:type\" content=\"image\/jpeg\" \/>\n<meta name=\"author\" content=\"admin\" \/>\n<meta name=\"twitter:card\" content=\"summary_large_image\" \/>\n<meta name=\"twitter:label1\" content=\"Written by\" \/>\n\t<meta name=\"twitter:data1\" content=\"admin\" \/>\n\t<meta name=\"twitter:label2\" content=\"Est. reading time\" \/>\n\t<meta name=\"twitter:data2\" content=\"6 minutes\" \/>\n<script type=\"application\/ld+json\" class=\"yoast-schema-graph\">{\"@context\":\"https:\/\/schema.org\",\"@graph\":[{\"@type\":\"Article\",\"@id\":\"https:\/\/www.zerdab.com\/?p=27861#article\",\"isPartOf\":{\"@id\":\"https:\/\/www.zerdab.com\/?p=27861\"},\"author\":{\"name\":\"admin\",\"@id\":\"https:\/\/www.zerdab.com\/#\/schema\/person\/97079b7570c1e89ec0d9e138c3672136\"},\"headline\":\"Son ill\u0259r Z\u0259rdabda intihar ed\u0259nl\u0259r &#8211; S\u0130YAHI\",\"datePublished\":\"2020-02-05T10:12:53+00:00\",\"dateModified\":\"2020-02-05T10:55:12+00:00\",\"mainEntityOfPage\":{\"@id\":\"https:\/\/www.zerdab.com\/?p=27861\"},\"wordCount\":1176,\"commentCount\":0,\"image\":{\"@id\":\"https:\/\/www.zerdab.com\/?p=27861#primaryimage\"},\"thumbnailUrl\":\"https:\/\/www.zerdab.com\/wp-content\/uploads\/2017\/11\/Z\u0259rdab-rayonu.jpg\",\"articleSection\":[\"HAD\u0130S\u018f\",\"MAN\u015eET\"],\"inLanguage\":\"az\",\"potentialAction\":[{\"@type\":\"CommentAction\",\"name\":\"Comment\",\"target\":[\"https:\/\/www.zerdab.com\/?p=27861#respond\"]}]},{\"@type\":\"WebPage\",\"@id\":\"https:\/\/www.zerdab.com\/?p=27861\",\"url\":\"https:\/\/www.zerdab.com\/?p=27861\",\"name\":\"Son ill\u0259r Z\u0259rdabda intihar ed\u0259nl\u0259r - S\u0130YAHI - Z\u0259rdab.com\",\"isPartOf\":{\"@id\":\"https:\/\/www.zerdab.com\/#website\"},\"primaryImageOfPage\":{\"@id\":\"https:\/\/www.zerdab.com\/?p=27861#primaryimage\"},\"image\":{\"@id\":\"https:\/\/www.zerdab.com\/?p=27861#primaryimage\"},\"thumbnailUrl\":\"https:\/\/www.zerdab.com\/wp-content\/uploads\/2017\/11\/Z\u0259rdab-rayonu.jpg\",\"datePublished\":\"2020-02-05T10:12:53+00:00\",\"dateModified\":\"2020-02-05T10:55:12+00:00\",\"author\":{\"@id\":\"https:\/\/www.zerdab.com\/#\/schema\/person\/97079b7570c1e89ec0d9e138c3672136\"},\"breadcrumb\":{\"@id\":\"https:\/\/www.zerdab.com\/?p=27861#breadcrumb\"},\"inLanguage\":\"az\",\"potentialAction\":[{\"@type\":\"ReadAction\",\"target\":[\"https:\/\/www.zerdab.com\/?p=27861\"]}]},{\"@type\":\"ImageObject\",\"inLanguage\":\"az\",\"@id\":\"https:\/\/www.zerdab.com\/?p=27861#primaryimage\",\"url\":\"https:\/\/www.zerdab.com\/wp-content\/uploads\/2017\/11\/Z\u0259rdab-rayonu.jpg\",\"contentUrl\":\"https:\/\/www.zerdab.com\/wp-content\/uploads\/2017\/11\/Z\u0259rdab-rayonu.jpg\",\"width\":768,\"height\":634},{\"@type\":\"BreadcrumbList\",\"@id\":\"https:\/\/www.zerdab.com\/?p=27861#breadcrumb\",\"itemListElement\":[{\"@type\":\"ListItem\",\"position\":1,\"name\":\"Home\",\"item\":\"https:\/\/www.zerdab.com\/\"},{\"@type\":\"ListItem\",\"position\":2,\"name\":\"Son ill\u0259r Z\u0259rdabda intihar ed\u0259nl\u0259r &#8211; S\u0130YAHI\"}]},{\"@type\":\"WebSite\",\"@id\":\"https:\/\/www.zerdab.com\/#website\",\"url\":\"https:\/\/www.zerdab.com\/\",\"name\":\"Z\u0259rdab.com\",\"description\":\"\",\"potentialAction\":[{\"@type\":\"SearchAction\",\"target\":{\"@type\":\"EntryPoint\",\"urlTemplate\":\"https:\/\/www.zerdab.com\/?s={search_term_string}\"},\"query-input\":{\"@type\":\"PropertyValueSpecification\",\"valueRequired\":true,\"valueName\":\"search_term_string\"}}],\"inLanguage\":\"az\"},{\"@type\":\"Person\",\"@id\":\"https:\/\/www.zerdab.com\/#\/schema\/person\/97079b7570c1e89ec0d9e138c3672136\",\"name\":\"admin\",\"image\":{\"@type\":\"ImageObject\",\"inLanguage\":\"az\",\"@id\":\"https:\/\/www.zerdab.com\/#\/schema\/person\/image\/\",\"url\":\"https:\/\/secure.gravatar.com\/avatar\/d9c52a9a27c32119cb6679a077fa3e2779e5f822c451cbf01098004361d466ec?s=96&d=mm&r=g\",\"contentUrl\":\"https:\/\/secure.gravatar.com\/avatar\/d9c52a9a27c32119cb6679a077fa3e2779e5f822c451cbf01098004361d466ec?s=96&d=mm&r=g\",\"caption\":\"admin\"},\"url\":\"https:\/\/www.zerdab.com\/?author=1\"}]}<\/script>\n<!-- \/ Yoast SEO plugin. -->","yoast_head_json":{"title":"Son ill\u0259r Z\u0259rdabda intihar ed\u0259nl\u0259r - S\u0130YAHI - Z\u0259rdab.com","robots":{"index":"index","follow":"follow","max-snippet":"max-snippet:-1","max-image-preview":"max-image-preview:large","max-video-preview":"max-video-preview:-1"},"canonical":"https:\/\/www.zerdab.com\/?p=27861","og_locale":"az_AZ","og_type":"article","og_title":"Son ill\u0259r Z\u0259rdabda intihar ed\u0259nl\u0259r - S\u0130YAHI - Z\u0259rdab.com","og_description":"M\u00fcasir d\u00f6vr\u00fcn aktual probleml\u0259rind\u0259n biri d\u0259 intihar hallar\u0131n\u0131n say\u0131n\u0131n artmas\u0131d\u0131r. Az\u0259rbaycanda da intihar hallar\u0131n\u0131n say\u0131n\u0131n artmas\u0131 il\u0259 ba\u011fl\u0131 k\u00fctl\u0259vi informasiya vasit\u0259l\u0259rind\u0259 m\u0259lumatlar yay\u0131mlan\u0131r. T\u0259\u0259ss\u00fcf ki, son ill\u0259r Z\u0259rdab rayonunda da intihar ed\u0259nl\u0259rl\u0259 ba\u011fl\u0131 x\u0259b\u0259rl\u0259r\u0259 rast g\u0259lirik. M\u0259s\u0259l\u0259n, el\u0259 sra\u011fag\u00fcn Z\u0259rdab\u0131n M\u0259likli k\u0259ndind\u0259 3 u\u015faq atas\u0131, 5 bac\u0131n\u0131n yegan\u0259 qarda\u015f\u0131, 29 ya\u015fl\u0131 La\u00e7\u0131n Manafl\u0131n\u0131n intihar\u0131 x\u0259b\u0259ri [&hellip;]","og_url":"https:\/\/www.zerdab.com\/?p=27861","og_site_name":"Z\u0259rdab.com","article_published_time":"2020-02-05T10:12:53+00:00","article_modified_time":"2020-02-05T10:55:12+00:00","og_image":[{"width":768,"height":634,"url":"https:\/\/www.zerdab.com\/wp-content\/uploads\/2017\/11\/Z\u0259rdab-rayonu.jpg","type":"image\/jpeg"}],"author":"admin","twitter_card":"summary_large_image","twitter_misc":{"Written by":"admin","Est. reading time":"6 minutes"},"schema":{"@context":"https:\/\/schema.org","@graph":[{"@type":"Article","@id":"https:\/\/www.zerdab.com\/?p=27861#article","isPartOf":{"@id":"https:\/\/www.zerdab.com\/?p=27861"},"author":{"name":"admin","@id":"https:\/\/www.zerdab.com\/#\/schema\/person\/97079b7570c1e89ec0d9e138c3672136"},"headline":"Son ill\u0259r Z\u0259rdabda intihar ed\u0259nl\u0259r &#8211; S\u0130YAHI","datePublished":"2020-02-05T10:12:53+00:00","dateModified":"2020-02-05T10:55:12+00:00","mainEntityOfPage":{"@id":"https:\/\/www.zerdab.com\/?p=27861"},"wordCount":1176,"commentCount":0,"image":{"@id":"https:\/\/www.zerdab.com\/?p=27861#primaryimage"},"thumbnailUrl":"https:\/\/www.zerdab.com\/wp-content\/uploads\/2017\/11\/Z\u0259rdab-rayonu.jpg","articleSection":["HAD\u0130S\u018f","MAN\u015eET"],"inLanguage":"az","potentialAction":[{"@type":"CommentAction","name":"Comment","target":["https:\/\/www.zerdab.com\/?p=27861#respond"]}]},{"@type":"WebPage","@id":"https:\/\/www.zerdab.com\/?p=27861","url":"https:\/\/www.zerdab.com\/?p=27861","name":"Son ill\u0259r Z\u0259rdabda intihar ed\u0259nl\u0259r - S\u0130YAHI - Z\u0259rdab.com","isPartOf":{"@id":"https:\/\/www.zerdab.com\/#website"},"primaryImageOfPage":{"@id":"https:\/\/www.zerdab.com\/?p=27861#primaryimage"},"image":{"@id":"https:\/\/www.zerdab.com\/?p=27861#primaryimage"},"thumbnailUrl":"https:\/\/www.zerdab.com\/wp-content\/uploads\/2017\/11\/Z\u0259rdab-rayonu.jpg","datePublished":"2020-02-05T10:12:53+00:00","dateModified":"2020-02-05T10:55:12+00:00","author":{"@id":"https:\/\/www.zerdab.com\/#\/schema\/person\/97079b7570c1e89ec0d9e138c3672136"},"breadcrumb":{"@id":"https:\/\/www.zerdab.com\/?p=27861#breadcrumb"},"inLanguage":"az","potentialAction":[{"@type":"ReadAction","target":["https:\/\/www.zerdab.com\/?p=27861"]}]},{"@type":"ImageObject","inLanguage":"az","@id":"https:\/\/www.zerdab.com\/?p=27861#primaryimage","url":"https:\/\/www.zerdab.com\/wp-content\/uploads\/2017\/11\/Z\u0259rdab-rayonu.jpg","contentUrl":"https:\/\/www.zerdab.com\/wp-content\/uploads\/2017\/11\/Z\u0259rdab-rayonu.jpg","width":768,"height":634},{"@type":"BreadcrumbList","@id":"https:\/\/www.zerdab.com\/?p=27861#breadcrumb","itemListElement":[{"@type":"ListItem","position":1,"name":"Home","item":"https:\/\/www.zerdab.com\/"},{"@type":"ListItem","position":2,"name":"Son ill\u0259r Z\u0259rdabda intihar ed\u0259nl\u0259r &#8211; S\u0130YAHI"}]},{"@type":"WebSite","@id":"https:\/\/www.zerdab.com\/#website","url":"https:\/\/www.zerdab.com\/","name":"Z\u0259rdab.com","description":"","potentialAction":[{"@type":"SearchAction","target":{"@type":"EntryPoint","urlTemplate":"https:\/\/www.zerdab.com\/?s={search_term_string}"},"query-input":{"@type":"PropertyValueSpecification","valueRequired":true,"valueName":"search_term_string"}}],"inLanguage":"az"},{"@type":"Person","@id":"https:\/\/www.zerdab.com\/#\/schema\/person\/97079b7570c1e89ec0d9e138c3672136","name":"admin","image":{"@type":"ImageObject","inLanguage":"az","@id":"https:\/\/www.zerdab.com\/#\/schema\/person\/image\/","url":"https:\/\/secure.gravatar.com\/avatar\/d9c52a9a27c32119cb6679a077fa3e2779e5f822c451cbf01098004361d466ec?s=96&d=mm&r=g","contentUrl":"https:\/\/secure.gravatar.com\/avatar\/d9c52a9a27c32119cb6679a077fa3e2779e5f822c451cbf01098004361d466ec?s=96&d=mm&r=g","caption":"admin"},"url":"https:\/\/www.zerdab.com\/?author=1"}]}},"_links":{"self":[{"href":"https:\/\/www.zerdab.com\/index.php?rest_route=\/wp\/v2\/posts\/27861","targetHints":{"allow":["GET"]}}],"collection":[{"href":"https:\/\/www.zerdab.com\/index.php?rest_route=\/wp\/v2\/posts"}],"about":[{"href":"https:\/\/www.zerdab.com\/index.php?rest_route=\/wp\/v2\/types\/post"}],"author":[{"embeddable":true,"href":"https:\/\/www.zerdab.com\/index.php?rest_route=\/wp\/v2\/users\/1"}],"replies":[{"embeddable":true,"href":"https:\/\/www.zerdab.com\/index.php?rest_route=%2Fwp%2Fv2%2Fcomments&post=27861"}],"version-history":[{"count":3,"href":"https:\/\/www.zerdab.com\/index.php?rest_route=\/wp\/v2\/posts\/27861\/revisions"}],"predecessor-version":[{"id":27865,"href":"https:\/\/www.zerdab.com\/index.php?rest_route=\/wp\/v2\/posts\/27861\/revisions\/27865"}],"wp:featuredmedia":[{"embeddable":true,"href":"https:\/\/www.zerdab.com\/index.php?rest_route=\/wp\/v2\/media\/25394"}],"wp:attachment":[{"href":"https:\/\/www.zerdab.com\/index.php?rest_route=%2Fwp%2Fv2%2Fmedia&parent=27861"}],"wp:term":[{"taxonomy":"category","embeddable":true,"href":"https:\/\/www.zerdab.com\/index.php?rest_route=%2Fwp%2Fv2%2Fcategories&post=27861"},{"taxonomy":"post_tag","embeddable":true,"href":"https:\/\/www.zerdab.com\/index.php?rest_route=%2Fwp%2Fv2%2Ftags&post=27861"}],"curies":[{"name":"wp","href":"https:\/\/api.w.org\/{rel}","templated":true}]}}