{"id":27935,"date":"2020-02-24T15:34:18","date_gmt":"2020-02-24T11:34:18","guid":{"rendered":"http:\/\/www.zerdab.com\/?p=27935"},"modified":"2020-02-24T15:34:20","modified_gmt":"2020-02-24T11:34:20","slug":"bu-gun-s%c9%99hid-olan-%c9%99sg%c9%99rimiz-z%c9%99rdabda-d%c9%99fn-olunacaq-atasi-agir-x%c9%99st%c9%99dir","status":"publish","type":"post","link":"https:\/\/www.zerdab.com\/?p=27935","title":{"rendered":"Bu g\u00fcn \u015f\u0259hid olan \u0259sg\u0259rimiz Z\u0259rdabda d\u0259fn olunacaq &#8211; Atas\u0131 a\u011f\u0131r x\u0259st\u0259dir"},"content":{"rendered":"\n<p>Erm\u0259nistan silahl\u0131 q\u00fcvv\u0259l\u0259rinin b\u00f6lm\u0259l\u0259rinin Az\u0259rbaycan-Erm\u0259nistan d\u00f6vl\u0259t s\u0259rh\u0259dind\u0259ki t\u0259mas x\u0259ttind\u0259 t\u00f6r\u0259tdikl\u0259ri t\u0259xribat\u0131n qar\u015f\u0131s\u0131n\u0131 alark\u0259n \u015f\u0259hid olan&nbsp;<strong>V\u0259liyev \u0130brahim \u018fl\u0259m\u015fah o\u011flu&nbsp;<\/strong>K\u0259lb\u0259c\u0259r rayon sakinidir v\u0259 ail\u0259si haz\u0131rda m\u0259cburi k\u00f6\u00e7k\u00fcn kimi Z\u0259rdab rayonunda m\u0259skunla\u015f\u0131b.<\/p>\n\n\n\n<p><strong>Zerdab.com<\/strong> sayt\u0131n\u0131n report-a istinad\u0259n m\u0259lumat\u0131na g\u00f6r\u0259, 2001-ci il t\u0259v\u0259ll\u00fcdl\u00fc \u0130.V\u0259liyev \u00f6t\u0259n ilin oktyabr ay\u0131nda h\u0259rbi xidm\u0259t\u0259 \u00e7a\u011f\u0131r\u0131l\u0131b.<\/p>\n\n\n\n<p>K\u0259lb\u0259c\u0259r rayonunun Mollabayraml\u0131 k\u0259nd sakini olan \u0130.V\u0259liyev ail\u0259d\u0259 3 bac\u0131-qarda\u015f olublar.&nbsp;\u015e\u0259hidin \u00f6z\u00fcnd\u0259n b\u00f6y\u00fck&nbsp;bir bac\u0131s\u0131 v\u0259 \u00f6z\u00fcnd\u0259n ki\u00e7ik bir&nbsp;qarda\u015f\u0131 var.&nbsp;<\/p>\n\n\n\n<p>V\u0259liyevl\u0259r ail\u0259si 1993-c\u00fc ild\u0259n&nbsp;Z\u0259rdab rayon Su-Kanal \u0130dar\u0259sinin binas\u0131nda&nbsp;ya\u015fay\u0131r. \u0130.V\u0259liyevin atas\u0131&nbsp;<strong>\u018fl\u0259m\u015fah V\u0259liyev<\/strong>&nbsp;uzun m\u00fcdd\u0259tdir x\u0259st\u0259likd\u0259n \u0259ziyy\u0259t \u00e7\u0259kir.<\/p>\n\n\n\n<p>Haz\u0131rda ail\u0259 \u015f\u0259hidin n\u0259\u015finin g\u0259tirilm\u0259sini g\u00f6zl\u0259yir. \u0130.V\u0259liyevin Z\u0259rdab rayonunun \u015e\u0259hidl\u0259r xiyaban\u0131nda d\u0259fn olunaca\u011f\u0131 g\u00f6zl\u0259nilir.&nbsp;<\/p>\n\n\n\n<p>Xat\u0131rladaq ki, fevral\u0131n 24-d\u0259 saat 07:00 rad\u0259l\u0259rind\u0259 Erm\u0259nistan silahl\u0131 q\u00fcvv\u0259l\u0259rinin Noyemberyan rayonunun Koti k\u0259ndi yax\u0131nl\u0131\u011f\u0131nda yerl\u0259\u015f\u0259n b\u00f6lm\u0259l\u0259rind\u0259n Qazax rayo\u00adnunun Qu\u015f\u00e7u Ayr\u0131m k\u0259ndi istiqa\u00adm\u0259tin\u00add\u0259ki s\u0259rh\u0259d d\u00f6y\u00fc\u015f m\u0259nt\u0259\u00adq\u0259sin\u0259 diversiya c\u0259hdinin qar\u015f\u0131s\u0131 al\u0131n\u0131b, ciddi itkil\u0259r verm\u0259y\u0259 m\u0259cbur olan d\u00fc\u015fm\u0259nin bir zabiti a\u011f\u0131r yaralan\u0131b, dig\u0259r h\u0259rbi qulluq\u00e7usu \u00f6ld\u00fcr\u00fcl\u00fcb.&nbsp;<\/p>\n\n\n\n<p>D\u00fc\u015fm\u0259nin diversiya qrupunun qumbaraatan v\u0259 dig\u0259r iri\u00e7apl\u0131 silahlar\u0131n t\u0259tbiqi il\u0259 ba\u015f ver\u0259n t\u0259xribat\u0131n\u0131n qar\u015f\u0131s\u0131 al\u0131nark\u0259n s\u0259rh\u0259d\u00e7i \u0259sg\u0259r V\u0259liyev \u0130brahim \u018fl\u0259m\u015fah o\u011flu q\u0259hr\u0259mancas\u0131na \u015f\u0259hid olub.&nbsp;<\/p>\n\n\n\n<p>Onun n\u0259\u015fi Z\u0259rdab rayonunda torpa\u011fa tap\u015f\u0131r\u0131lacaq.&nbsp;<\/p>\n\n\n\n<p>Allah r\u0259hm\u0259t el\u0259sin!<\/p>\n","protected":false},"excerpt":{"rendered":"<p>Erm\u0259nistan silahl\u0131 q\u00fcvv\u0259l\u0259rinin b\u00f6lm\u0259l\u0259rinin Az\u0259rbaycan-Erm\u0259nistan d\u00f6vl\u0259t s\u0259rh\u0259dind\u0259ki t\u0259mas x\u0259ttind\u0259 t\u00f6r\u0259tdikl\u0259ri t\u0259xribat\u0131n qar\u015f\u0131s\u0131n\u0131 alark\u0259n \u015f\u0259hid olan&nbsp;V\u0259liyev \u0130brahim \u018fl\u0259m\u015fah o\u011flu&nbsp;K\u0259lb\u0259c\u0259r rayon sakinidir v\u0259 ail\u0259si haz\u0131rda m\u0259cburi k\u00f6\u00e7k\u00fcn kimi Z\u0259rdab rayonunda m\u0259skunla\u015f\u0131b. Zerdab.com sayt\u0131n\u0131n report-a istinad\u0259n m\u0259lumat\u0131na g\u00f6r\u0259, 2001-ci il t\u0259v\u0259ll\u00fcdl\u00fc \u0130.V\u0259liyev \u00f6t\u0259n ilin oktyabr ay\u0131nda h\u0259rbi xidm\u0259t\u0259 \u00e7a\u011f\u0131r\u0131l\u0131b. K\u0259lb\u0259c\u0259r rayonunun Mollabayraml\u0131 k\u0259nd sakini olan \u0130.V\u0259liyev ail\u0259d\u0259 3 [&hellip;]<\/p>\n","protected":false},"author":1,"featured_media":0,"comment_status":"open","ping_status":"open","sticky":false,"template":"","format":"standard","meta":{"footnotes":""},"categories":[63,5],"tags":[],"class_list":{"0":"post-27935","1":"post","2":"type-post","3":"status-publish","4":"format-standard","6":"category-manset","7":"category-knd"},"yoast_head":"<!-- This site is optimized with the Yoast SEO plugin v27.0 - https:\/\/yoast.com\/product\/yoast-seo-wordpress\/ -->\n<title>Bu g\u00fcn \u015f\u0259hid olan \u0259sg\u0259rimiz Z\u0259rdabda d\u0259fn olunacaq - Atas\u0131 a\u011f\u0131r x\u0259st\u0259dir - Z\u0259rdab.com<\/title>\n<meta name=\"robots\" content=\"index, follow, max-snippet:-1, max-image-preview:large, max-video-preview:-1\" \/>\n<link rel=\"canonical\" href=\"https:\/\/www.zerdab.com\/?p=27935\" \/>\n<meta property=\"og:locale\" content=\"az_AZ\" \/>\n<meta property=\"og:type\" content=\"article\" \/>\n<meta property=\"og:title\" content=\"Bu g\u00fcn \u015f\u0259hid olan \u0259sg\u0259rimiz Z\u0259rdabda d\u0259fn olunacaq - Atas\u0131 a\u011f\u0131r x\u0259st\u0259dir - Z\u0259rdab.com\" \/>\n<meta property=\"og:description\" content=\"Erm\u0259nistan silahl\u0131 q\u00fcvv\u0259l\u0259rinin b\u00f6lm\u0259l\u0259rinin Az\u0259rbaycan-Erm\u0259nistan d\u00f6vl\u0259t s\u0259rh\u0259dind\u0259ki t\u0259mas x\u0259ttind\u0259 t\u00f6r\u0259tdikl\u0259ri t\u0259xribat\u0131n qar\u015f\u0131s\u0131n\u0131 alark\u0259n \u015f\u0259hid olan&nbsp;V\u0259liyev \u0130brahim \u018fl\u0259m\u015fah o\u011flu&nbsp;K\u0259lb\u0259c\u0259r rayon sakinidir v\u0259 ail\u0259si haz\u0131rda m\u0259cburi k\u00f6\u00e7k\u00fcn kimi Z\u0259rdab rayonunda m\u0259skunla\u015f\u0131b. Zerdab.com sayt\u0131n\u0131n report-a istinad\u0259n m\u0259lumat\u0131na g\u00f6r\u0259, 2001-ci il t\u0259v\u0259ll\u00fcdl\u00fc \u0130.V\u0259liyev \u00f6t\u0259n ilin oktyabr ay\u0131nda h\u0259rbi xidm\u0259t\u0259 \u00e7a\u011f\u0131r\u0131l\u0131b. K\u0259lb\u0259c\u0259r rayonunun Mollabayraml\u0131 k\u0259nd sakini olan \u0130.V\u0259liyev ail\u0259d\u0259 3 [&hellip;]\" \/>\n<meta property=\"og:url\" content=\"https:\/\/www.zerdab.com\/?p=27935\" \/>\n<meta property=\"og:site_name\" content=\"Z\u0259rdab.com\" \/>\n<meta property=\"article:published_time\" content=\"2020-02-24T11:34:18+00:00\" \/>\n<meta property=\"article:modified_time\" content=\"2020-02-24T11:34:20+00:00\" \/>\n<meta name=\"author\" content=\"admin\" \/>\n<meta name=\"twitter:card\" content=\"summary_large_image\" \/>\n<meta name=\"twitter:label1\" content=\"Written by\" \/>\n\t<meta name=\"twitter:data1\" content=\"admin\" \/>\n\t<meta name=\"twitter:label2\" content=\"Est. reading time\" \/>\n\t<meta name=\"twitter:data2\" content=\"2 minutes\" \/>\n<script type=\"application\/ld+json\" class=\"yoast-schema-graph\">{\"@context\":\"https:\/\/schema.org\",\"@graph\":[{\"@type\":\"Article\",\"@id\":\"https:\/\/www.zerdab.com\/?p=27935#article\",\"isPartOf\":{\"@id\":\"https:\/\/www.zerdab.com\/?p=27935\"},\"author\":{\"name\":\"admin\",\"@id\":\"https:\/\/www.zerdab.com\/#\/schema\/person\/97079b7570c1e89ec0d9e138c3672136\"},\"headline\":\"Bu g\u00fcn \u015f\u0259hid olan \u0259sg\u0259rimiz Z\u0259rdabda d\u0259fn olunacaq &#8211; Atas\u0131 a\u011f\u0131r x\u0259st\u0259dir\",\"datePublished\":\"2020-02-24T11:34:18+00:00\",\"dateModified\":\"2020-02-24T11:34:20+00:00\",\"mainEntityOfPage\":{\"@id\":\"https:\/\/www.zerdab.com\/?p=27935\"},\"wordCount\":394,\"commentCount\":0,\"articleSection\":[\"MAN\u015eET\",\"X\u018fB\u018fRL\u018fR\"],\"inLanguage\":\"az\",\"potentialAction\":[{\"@type\":\"CommentAction\",\"name\":\"Comment\",\"target\":[\"https:\/\/www.zerdab.com\/?p=27935#respond\"]}]},{\"@type\":\"WebPage\",\"@id\":\"https:\/\/www.zerdab.com\/?p=27935\",\"url\":\"https:\/\/www.zerdab.com\/?p=27935\",\"name\":\"Bu g\u00fcn \u015f\u0259hid olan \u0259sg\u0259rimiz Z\u0259rdabda d\u0259fn olunacaq - Atas\u0131 a\u011f\u0131r x\u0259st\u0259dir - Z\u0259rdab.com\",\"isPartOf\":{\"@id\":\"https:\/\/www.zerdab.com\/#website\"},\"datePublished\":\"2020-02-24T11:34:18+00:00\",\"dateModified\":\"2020-02-24T11:34:20+00:00\",\"author\":{\"@id\":\"https:\/\/www.zerdab.com\/#\/schema\/person\/97079b7570c1e89ec0d9e138c3672136\"},\"breadcrumb\":{\"@id\":\"https:\/\/www.zerdab.com\/?p=27935#breadcrumb\"},\"inLanguage\":\"az\",\"potentialAction\":[{\"@type\":\"ReadAction\",\"target\":[\"https:\/\/www.zerdab.com\/?p=27935\"]}]},{\"@type\":\"BreadcrumbList\",\"@id\":\"https:\/\/www.zerdab.com\/?p=27935#breadcrumb\",\"itemListElement\":[{\"@type\":\"ListItem\",\"position\":1,\"name\":\"Home\",\"item\":\"https:\/\/www.zerdab.com\/\"},{\"@type\":\"ListItem\",\"position\":2,\"name\":\"Bu g\u00fcn \u015f\u0259hid olan \u0259sg\u0259rimiz Z\u0259rdabda d\u0259fn olunacaq &#8211; Atas\u0131 a\u011f\u0131r x\u0259st\u0259dir\"}]},{\"@type\":\"WebSite\",\"@id\":\"https:\/\/www.zerdab.com\/#website\",\"url\":\"https:\/\/www.zerdab.com\/\",\"name\":\"Z\u0259rdab.com\",\"description\":\"\",\"potentialAction\":[{\"@type\":\"SearchAction\",\"target\":{\"@type\":\"EntryPoint\",\"urlTemplate\":\"https:\/\/www.zerdab.com\/?s={search_term_string}\"},\"query-input\":{\"@type\":\"PropertyValueSpecification\",\"valueRequired\":true,\"valueName\":\"search_term_string\"}}],\"inLanguage\":\"az\"},{\"@type\":\"Person\",\"@id\":\"https:\/\/www.zerdab.com\/#\/schema\/person\/97079b7570c1e89ec0d9e138c3672136\",\"name\":\"admin\",\"image\":{\"@type\":\"ImageObject\",\"inLanguage\":\"az\",\"@id\":\"https:\/\/www.zerdab.com\/#\/schema\/person\/image\/\",\"url\":\"https:\/\/secure.gravatar.com\/avatar\/d9c52a9a27c32119cb6679a077fa3e2779e5f822c451cbf01098004361d466ec?s=96&d=mm&r=g\",\"contentUrl\":\"https:\/\/secure.gravatar.com\/avatar\/d9c52a9a27c32119cb6679a077fa3e2779e5f822c451cbf01098004361d466ec?s=96&d=mm&r=g\",\"caption\":\"admin\"},\"url\":\"https:\/\/www.zerdab.com\/?author=1\"}]}<\/script>\n<!-- \/ Yoast SEO plugin. -->","yoast_head_json":{"title":"Bu g\u00fcn \u015f\u0259hid olan \u0259sg\u0259rimiz Z\u0259rdabda d\u0259fn olunacaq - Atas\u0131 a\u011f\u0131r x\u0259st\u0259dir - Z\u0259rdab.com","robots":{"index":"index","follow":"follow","max-snippet":"max-snippet:-1","max-image-preview":"max-image-preview:large","max-video-preview":"max-video-preview:-1"},"canonical":"https:\/\/www.zerdab.com\/?p=27935","og_locale":"az_AZ","og_type":"article","og_title":"Bu g\u00fcn \u015f\u0259hid olan \u0259sg\u0259rimiz Z\u0259rdabda d\u0259fn olunacaq - Atas\u0131 a\u011f\u0131r x\u0259st\u0259dir - Z\u0259rdab.com","og_description":"Erm\u0259nistan silahl\u0131 q\u00fcvv\u0259l\u0259rinin b\u00f6lm\u0259l\u0259rinin Az\u0259rbaycan-Erm\u0259nistan d\u00f6vl\u0259t s\u0259rh\u0259dind\u0259ki t\u0259mas x\u0259ttind\u0259 t\u00f6r\u0259tdikl\u0259ri t\u0259xribat\u0131n qar\u015f\u0131s\u0131n\u0131 alark\u0259n \u015f\u0259hid olan&nbsp;V\u0259liyev \u0130brahim \u018fl\u0259m\u015fah o\u011flu&nbsp;K\u0259lb\u0259c\u0259r rayon sakinidir v\u0259 ail\u0259si haz\u0131rda m\u0259cburi k\u00f6\u00e7k\u00fcn kimi Z\u0259rdab rayonunda m\u0259skunla\u015f\u0131b. Zerdab.com sayt\u0131n\u0131n report-a istinad\u0259n m\u0259lumat\u0131na g\u00f6r\u0259, 2001-ci il t\u0259v\u0259ll\u00fcdl\u00fc \u0130.V\u0259liyev \u00f6t\u0259n ilin oktyabr ay\u0131nda h\u0259rbi xidm\u0259t\u0259 \u00e7a\u011f\u0131r\u0131l\u0131b. K\u0259lb\u0259c\u0259r rayonunun Mollabayraml\u0131 k\u0259nd sakini olan \u0130.V\u0259liyev ail\u0259d\u0259 3 [&hellip;]","og_url":"https:\/\/www.zerdab.com\/?p=27935","og_site_name":"Z\u0259rdab.com","article_published_time":"2020-02-24T11:34:18+00:00","article_modified_time":"2020-02-24T11:34:20+00:00","author":"admin","twitter_card":"summary_large_image","twitter_misc":{"Written by":"admin","Est. reading time":"2 minutes"},"schema":{"@context":"https:\/\/schema.org","@graph":[{"@type":"Article","@id":"https:\/\/www.zerdab.com\/?p=27935#article","isPartOf":{"@id":"https:\/\/www.zerdab.com\/?p=27935"},"author":{"name":"admin","@id":"https:\/\/www.zerdab.com\/#\/schema\/person\/97079b7570c1e89ec0d9e138c3672136"},"headline":"Bu g\u00fcn \u015f\u0259hid olan \u0259sg\u0259rimiz Z\u0259rdabda d\u0259fn olunacaq &#8211; Atas\u0131 a\u011f\u0131r x\u0259st\u0259dir","datePublished":"2020-02-24T11:34:18+00:00","dateModified":"2020-02-24T11:34:20+00:00","mainEntityOfPage":{"@id":"https:\/\/www.zerdab.com\/?p=27935"},"wordCount":394,"commentCount":0,"articleSection":["MAN\u015eET","X\u018fB\u018fRL\u018fR"],"inLanguage":"az","potentialAction":[{"@type":"CommentAction","name":"Comment","target":["https:\/\/www.zerdab.com\/?p=27935#respond"]}]},{"@type":"WebPage","@id":"https:\/\/www.zerdab.com\/?p=27935","url":"https:\/\/www.zerdab.com\/?p=27935","name":"Bu g\u00fcn \u015f\u0259hid olan \u0259sg\u0259rimiz Z\u0259rdabda d\u0259fn olunacaq - Atas\u0131 a\u011f\u0131r x\u0259st\u0259dir - Z\u0259rdab.com","isPartOf":{"@id":"https:\/\/www.zerdab.com\/#website"},"datePublished":"2020-02-24T11:34:18+00:00","dateModified":"2020-02-24T11:34:20+00:00","author":{"@id":"https:\/\/www.zerdab.com\/#\/schema\/person\/97079b7570c1e89ec0d9e138c3672136"},"breadcrumb":{"@id":"https:\/\/www.zerdab.com\/?p=27935#breadcrumb"},"inLanguage":"az","potentialAction":[{"@type":"ReadAction","target":["https:\/\/www.zerdab.com\/?p=27935"]}]},{"@type":"BreadcrumbList","@id":"https:\/\/www.zerdab.com\/?p=27935#breadcrumb","itemListElement":[{"@type":"ListItem","position":1,"name":"Home","item":"https:\/\/www.zerdab.com\/"},{"@type":"ListItem","position":2,"name":"Bu g\u00fcn \u015f\u0259hid olan \u0259sg\u0259rimiz Z\u0259rdabda d\u0259fn olunacaq &#8211; Atas\u0131 a\u011f\u0131r x\u0259st\u0259dir"}]},{"@type":"WebSite","@id":"https:\/\/www.zerdab.com\/#website","url":"https:\/\/www.zerdab.com\/","name":"Z\u0259rdab.com","description":"","potentialAction":[{"@type":"SearchAction","target":{"@type":"EntryPoint","urlTemplate":"https:\/\/www.zerdab.com\/?s={search_term_string}"},"query-input":{"@type":"PropertyValueSpecification","valueRequired":true,"valueName":"search_term_string"}}],"inLanguage":"az"},{"@type":"Person","@id":"https:\/\/www.zerdab.com\/#\/schema\/person\/97079b7570c1e89ec0d9e138c3672136","name":"admin","image":{"@type":"ImageObject","inLanguage":"az","@id":"https:\/\/www.zerdab.com\/#\/schema\/person\/image\/","url":"https:\/\/secure.gravatar.com\/avatar\/d9c52a9a27c32119cb6679a077fa3e2779e5f822c451cbf01098004361d466ec?s=96&d=mm&r=g","contentUrl":"https:\/\/secure.gravatar.com\/avatar\/d9c52a9a27c32119cb6679a077fa3e2779e5f822c451cbf01098004361d466ec?s=96&d=mm&r=g","caption":"admin"},"url":"https:\/\/www.zerdab.com\/?author=1"}]}},"_links":{"self":[{"href":"https:\/\/www.zerdab.com\/index.php?rest_route=\/wp\/v2\/posts\/27935","targetHints":{"allow":["GET"]}}],"collection":[{"href":"https:\/\/www.zerdab.com\/index.php?rest_route=\/wp\/v2\/posts"}],"about":[{"href":"https:\/\/www.zerdab.com\/index.php?rest_route=\/wp\/v2\/types\/post"}],"author":[{"embeddable":true,"href":"https:\/\/www.zerdab.com\/index.php?rest_route=\/wp\/v2\/users\/1"}],"replies":[{"embeddable":true,"href":"https:\/\/www.zerdab.com\/index.php?rest_route=%2Fwp%2Fv2%2Fcomments&post=27935"}],"version-history":[{"count":1,"href":"https:\/\/www.zerdab.com\/index.php?rest_route=\/wp\/v2\/posts\/27935\/revisions"}],"predecessor-version":[{"id":27937,"href":"https:\/\/www.zerdab.com\/index.php?rest_route=\/wp\/v2\/posts\/27935\/revisions\/27937"}],"wp:attachment":[{"href":"https:\/\/www.zerdab.com\/index.php?rest_route=%2Fwp%2Fv2%2Fmedia&parent=27935"}],"wp:term":[{"taxonomy":"category","embeddable":true,"href":"https:\/\/www.zerdab.com\/index.php?rest_route=%2Fwp%2Fv2%2Fcategories&post=27935"},{"taxonomy":"post_tag","embeddable":true,"href":"https:\/\/www.zerdab.com\/index.php?rest_route=%2Fwp%2Fv2%2Ftags&post=27935"}],"curies":[{"name":"wp","href":"https:\/\/api.w.org\/{rel}","templated":true}]}}