{"id":27938,"date":"2020-02-24T23:57:42","date_gmt":"2020-02-24T19:57:42","guid":{"rendered":"http:\/\/www.zerdab.com\/?p=27938"},"modified":"2020-02-25T00:03:16","modified_gmt":"2020-02-24T20:03:16","slug":"s%c9%99hidimizin-n%c9%99si-z%c9%99rdaba-g%c9%99tirildi-foto","status":"publish","type":"post","link":"https:\/\/www.zerdab.com\/?p=27938","title":{"rendered":"\u015e\u0259hidimizin n\u0259\u015fi Z\u0259rdaba g\u0259tirildi &#8211;  Fotolar"},"content":{"rendered":"\n<p> Erm\u0259nistan silahl\u0131 q\u00fcvv\u0259l\u0259rinin b\u00f6lm\u0259l\u0259rinin t\u0259mas x\u0259ttind\u0259 n\u00f6vb\u0259ti d\u0259f\u0259 at\u0259\u015fk\u0259s rejimini kobud \u015f\u0259kild\u0259 pozmas\u0131 n\u0259tic\u0259sind\u0259 \u015f\u0259hid olan s\u0259rh\u0259d\u00e7i \u0259sg\u0259r V\u0259liyev \u0130brahim \u018fl\u0259m\u015fah o\u011flunun n\u0259\u015fi d\u0259fn olunaca\u011f\u0131 Z\u0259rdab rayonuna g\u0259tirilib. Bu g\u00fcn \u015f\u0259hid olan&nbsp; \u0130brahim V\u0259liyevin c\u0259naz\u0259si Z\u0259rdaba g\u0259tirilib.<\/p>\n\n\n\n<p><strong>Zerdab.com<\/strong> sayt\u0131 x\u0259b\u0259r verir ki, \u015f\u0259hidin c\u0259naz\u0259sinin qar\u015f\u0131lanmas\u0131 \u00fc\u00e7\u00fcn minl\u0259rl\u0259 insan toplan\u0131b.<\/p>\n\n\n\n<p>\u015e\u0259hid&nbsp; \u0130brahim V\u0259liyev fevral\u0131n 25-d\u0259 Z\u0259rdab \u015f\u0259h\u0259rind\u0259 torpa\u011fa tap\u015f\u0131r\u0131lacaq.<\/p>\n\n\n\n<figure class=\"wp-block-image\"><img decoding=\"async\" src=\"http:\/\/www.zerdab.com\/wp-content\/uploads\/2020\/02\/ibrahim-veliyev-282x550.jpg\" alt=\"\" class=\"wp-image-27945\"\/><\/figure>\n\n\n\n<p><br><br>&nbsp;Qeyd ed\u0259k ki, D\u00f6vl\u0259t S\u0259rh\u0259d Xidm\u0259tind\u0259n (DSX) m\u0259lumat\u0131na g\u00f6r\u0259, 2020-ci ilin 24 fevral tarixind\u0259 saat 07:00 rad\u0259l\u0259rind\u0259 Erm\u0259nistan silahl\u0131 q\u00fcvv\u0259l\u0259rinin Noyemberyan rayonunun Koti k\u0259ndi yax\u0131nl\u0131\u011f\u0131nda yerl\u0259\u015f\u0259n b\u00f6lm\u0259l\u0259rind\u0259n Qazax rayonunun Qu\u015f\u00e7u Ayr\u0131m k\u0259ndi istiqam\u0259tind\u0259ki s\u0259rh\u0259d d\u00f6y\u00fc\u015f m\u0259nt\u0259q\u0259sin\u0259 diversiya c\u0259hdinin qar\u015f\u0131s\u0131 al\u0131n\u0131b, ciddi itkil\u0259r verm\u0259y\u0259 m\u0259cbur olmu\u015f d\u00fc\u015fm\u0259nin bir zabiti a\u011f\u0131r yaralan\u0131b, dig\u0259r h\u0259rbi qulluq\u00e7usu \u00f6ld\u00fcr\u00fcl\u00fcb.<\/p>\n\n\n\n<figure class=\"wp-block-image\"><img decoding=\"async\" src=\"http:\/\/www.zerdab.com\/wp-content\/uploads\/2020\/02\/sehid-zerdab-303x550.jpg\" alt=\"\" class=\"wp-image-27941\"\/><\/figure>\n\n\n\n<p>D\u00fc\u015fm\u0259nin diversiya qrupunun qumbaraatan v\u0259 dig\u0259r iri\u00e7apl\u0131 silahlar\u0131n t\u0259tbiqi il\u0259 ba\u015f ver\u0259n t\u0259xribat\u0131n\u0131n qar\u015f\u0131s\u0131 al\u0131nark\u0259n s\u0259rh\u0259d\u00e7i \u0259sg\u0259r V\u0259liyev \u0130brahim \u018fl\u0259m\u015fah o\u011flu q\u0259hr\u0259mancas\u0131na \u015f\u0259hid olub.<\/p>\n\n\n\n<figure class=\"wp-block-image\"><img decoding=\"async\" src=\"http:\/\/www.zerdab.com\/wp-content\/uploads\/2020\/02\/sehid-zerdab1-303x550.jpg\" alt=\"\" class=\"wp-image-27943\"\/><\/figure>\n","protected":false},"excerpt":{"rendered":"<p>Erm\u0259nistan silahl\u0131 q\u00fcvv\u0259l\u0259rinin b\u00f6lm\u0259l\u0259rinin t\u0259mas x\u0259ttind\u0259 n\u00f6vb\u0259ti d\u0259f\u0259 at\u0259\u015fk\u0259s rejimini kobud \u015f\u0259kild\u0259 pozmas\u0131 n\u0259tic\u0259sind\u0259 \u015f\u0259hid olan s\u0259rh\u0259d\u00e7i \u0259sg\u0259r V\u0259liyev \u0130brahim \u018fl\u0259m\u015fah o\u011flunun n\u0259\u015fi d\u0259fn olunaca\u011f\u0131 Z\u0259rdab rayonuna g\u0259tirilib. Bu g\u00fcn \u015f\u0259hid olan&nbsp; \u0130brahim V\u0259liyevin c\u0259naz\u0259si Z\u0259rdaba g\u0259tirilib. Zerdab.com sayt\u0131 x\u0259b\u0259r verir ki, \u015f\u0259hidin c\u0259naz\u0259sinin qar\u015f\u0131lanmas\u0131 \u00fc\u00e7\u00fcn minl\u0259rl\u0259 insan toplan\u0131b. \u015e\u0259hid&nbsp; \u0130brahim V\u0259liyev fevral\u0131n 25-d\u0259 Z\u0259rdab [&hellip;]<\/p>\n","protected":false},"author":1,"featured_media":0,"comment_status":"open","ping_status":"open","sticky":false,"template":"","format":"standard","meta":{"footnotes":""},"categories":[21,63],"tags":[],"class_list":{"0":"post-27938","1":"post","2":"type-post","3":"status-publish","4":"format-standard","6":"category-zrdab","7":"category-manset"},"yoast_head":"<!-- This site is optimized with the Yoast SEO plugin v27.0 - https:\/\/yoast.com\/product\/yoast-seo-wordpress\/ -->\n<title>\u015e\u0259hidimizin n\u0259\u015fi Z\u0259rdaba g\u0259tirildi - Fotolar - Z\u0259rdab.com<\/title>\n<meta name=\"robots\" content=\"index, follow, max-snippet:-1, max-image-preview:large, max-video-preview:-1\" \/>\n<link rel=\"canonical\" href=\"https:\/\/www.zerdab.com\/?p=27938\" \/>\n<meta property=\"og:locale\" content=\"az_AZ\" \/>\n<meta property=\"og:type\" content=\"article\" \/>\n<meta property=\"og:title\" content=\"\u015e\u0259hidimizin n\u0259\u015fi Z\u0259rdaba g\u0259tirildi - Fotolar - Z\u0259rdab.com\" \/>\n<meta property=\"og:description\" content=\"Erm\u0259nistan silahl\u0131 q\u00fcvv\u0259l\u0259rinin b\u00f6lm\u0259l\u0259rinin t\u0259mas x\u0259ttind\u0259 n\u00f6vb\u0259ti d\u0259f\u0259 at\u0259\u015fk\u0259s rejimini kobud \u015f\u0259kild\u0259 pozmas\u0131 n\u0259tic\u0259sind\u0259 \u015f\u0259hid olan s\u0259rh\u0259d\u00e7i \u0259sg\u0259r V\u0259liyev \u0130brahim \u018fl\u0259m\u015fah o\u011flunun n\u0259\u015fi d\u0259fn olunaca\u011f\u0131 Z\u0259rdab rayonuna g\u0259tirilib. Bu g\u00fcn \u015f\u0259hid olan&nbsp; \u0130brahim V\u0259liyevin c\u0259naz\u0259si Z\u0259rdaba g\u0259tirilib. Zerdab.com sayt\u0131 x\u0259b\u0259r verir ki, \u015f\u0259hidin c\u0259naz\u0259sinin qar\u015f\u0131lanmas\u0131 \u00fc\u00e7\u00fcn minl\u0259rl\u0259 insan toplan\u0131b. \u015e\u0259hid&nbsp; \u0130brahim V\u0259liyev fevral\u0131n 25-d\u0259 Z\u0259rdab [&hellip;]\" \/>\n<meta property=\"og:url\" content=\"https:\/\/www.zerdab.com\/?p=27938\" \/>\n<meta property=\"og:site_name\" content=\"Z\u0259rdab.com\" \/>\n<meta property=\"article:published_time\" content=\"2020-02-24T19:57:42+00:00\" \/>\n<meta property=\"article:modified_time\" content=\"2020-02-24T20:03:16+00:00\" \/>\n<meta property=\"og:image\" content=\"http:\/\/www.zerdab.com\/wp-content\/uploads\/2020\/02\/ibrahim-veliyev-282x550.jpg\" \/>\n<meta name=\"author\" content=\"admin\" \/>\n<meta name=\"twitter:card\" content=\"summary_large_image\" \/>\n<meta name=\"twitter:label1\" content=\"Written by\" \/>\n\t<meta name=\"twitter:data1\" content=\"admin\" \/>\n\t<meta name=\"twitter:label2\" content=\"Est. reading time\" \/>\n\t<meta name=\"twitter:data2\" content=\"1 minute\" \/>\n<script type=\"application\/ld+json\" class=\"yoast-schema-graph\">{\"@context\":\"https:\/\/schema.org\",\"@graph\":[{\"@type\":\"Article\",\"@id\":\"https:\/\/www.zerdab.com\/?p=27938#article\",\"isPartOf\":{\"@id\":\"https:\/\/www.zerdab.com\/?p=27938\"},\"author\":{\"name\":\"admin\",\"@id\":\"https:\/\/www.zerdab.com\/#\/schema\/person\/97079b7570c1e89ec0d9e138c3672136\"},\"headline\":\"\u015e\u0259hidimizin n\u0259\u015fi Z\u0259rdaba g\u0259tirildi &#8211; Fotolar\",\"datePublished\":\"2020-02-24T19:57:42+00:00\",\"dateModified\":\"2020-02-24T20:03:16+00:00\",\"mainEntityOfPage\":{\"@id\":\"https:\/\/www.zerdab.com\/?p=27938\"},\"wordCount\":271,\"commentCount\":0,\"image\":{\"@id\":\"https:\/\/www.zerdab.com\/?p=27938#primaryimage\"},\"thumbnailUrl\":\"http:\/\/www.zerdab.com\/wp-content\/uploads\/2020\/02\/ibrahim-veliyev-282x550.jpg\",\"articleSection\":[\"C\u018fM\u0130YY\u018fT\",\"MAN\u015eET\"],\"inLanguage\":\"az\",\"potentialAction\":[{\"@type\":\"CommentAction\",\"name\":\"Comment\",\"target\":[\"https:\/\/www.zerdab.com\/?p=27938#respond\"]}]},{\"@type\":\"WebPage\",\"@id\":\"https:\/\/www.zerdab.com\/?p=27938\",\"url\":\"https:\/\/www.zerdab.com\/?p=27938\",\"name\":\"\u015e\u0259hidimizin n\u0259\u015fi Z\u0259rdaba g\u0259tirildi - Fotolar - Z\u0259rdab.com\",\"isPartOf\":{\"@id\":\"https:\/\/www.zerdab.com\/#website\"},\"primaryImageOfPage\":{\"@id\":\"https:\/\/www.zerdab.com\/?p=27938#primaryimage\"},\"image\":{\"@id\":\"https:\/\/www.zerdab.com\/?p=27938#primaryimage\"},\"thumbnailUrl\":\"http:\/\/www.zerdab.com\/wp-content\/uploads\/2020\/02\/ibrahim-veliyev-282x550.jpg\",\"datePublished\":\"2020-02-24T19:57:42+00:00\",\"dateModified\":\"2020-02-24T20:03:16+00:00\",\"author\":{\"@id\":\"https:\/\/www.zerdab.com\/#\/schema\/person\/97079b7570c1e89ec0d9e138c3672136\"},\"breadcrumb\":{\"@id\":\"https:\/\/www.zerdab.com\/?p=27938#breadcrumb\"},\"inLanguage\":\"az\",\"potentialAction\":[{\"@type\":\"ReadAction\",\"target\":[\"https:\/\/www.zerdab.com\/?p=27938\"]}]},{\"@type\":\"ImageObject\",\"inLanguage\":\"az\",\"@id\":\"https:\/\/www.zerdab.com\/?p=27938#primaryimage\",\"url\":\"\",\"contentUrl\":\"\"},{\"@type\":\"BreadcrumbList\",\"@id\":\"https:\/\/www.zerdab.com\/?p=27938#breadcrumb\",\"itemListElement\":[{\"@type\":\"ListItem\",\"position\":1,\"name\":\"Home\",\"item\":\"https:\/\/www.zerdab.com\/\"},{\"@type\":\"ListItem\",\"position\":2,\"name\":\"\u015e\u0259hidimizin n\u0259\u015fi Z\u0259rdaba g\u0259tirildi &#8211; Fotolar\"}]},{\"@type\":\"WebSite\",\"@id\":\"https:\/\/www.zerdab.com\/#website\",\"url\":\"https:\/\/www.zerdab.com\/\",\"name\":\"Z\u0259rdab.com\",\"description\":\"\",\"potentialAction\":[{\"@type\":\"SearchAction\",\"target\":{\"@type\":\"EntryPoint\",\"urlTemplate\":\"https:\/\/www.zerdab.com\/?s={search_term_string}\"},\"query-input\":{\"@type\":\"PropertyValueSpecification\",\"valueRequired\":true,\"valueName\":\"search_term_string\"}}],\"inLanguage\":\"az\"},{\"@type\":\"Person\",\"@id\":\"https:\/\/www.zerdab.com\/#\/schema\/person\/97079b7570c1e89ec0d9e138c3672136\",\"name\":\"admin\",\"image\":{\"@type\":\"ImageObject\",\"inLanguage\":\"az\",\"@id\":\"https:\/\/www.zerdab.com\/#\/schema\/person\/image\/\",\"url\":\"https:\/\/secure.gravatar.com\/avatar\/d9c52a9a27c32119cb6679a077fa3e2779e5f822c451cbf01098004361d466ec?s=96&d=mm&r=g\",\"contentUrl\":\"https:\/\/secure.gravatar.com\/avatar\/d9c52a9a27c32119cb6679a077fa3e2779e5f822c451cbf01098004361d466ec?s=96&d=mm&r=g\",\"caption\":\"admin\"},\"url\":\"https:\/\/www.zerdab.com\/?author=1\"}]}<\/script>\n<!-- \/ Yoast SEO plugin. -->","yoast_head_json":{"title":"\u015e\u0259hidimizin n\u0259\u015fi Z\u0259rdaba g\u0259tirildi - Fotolar - Z\u0259rdab.com","robots":{"index":"index","follow":"follow","max-snippet":"max-snippet:-1","max-image-preview":"max-image-preview:large","max-video-preview":"max-video-preview:-1"},"canonical":"https:\/\/www.zerdab.com\/?p=27938","og_locale":"az_AZ","og_type":"article","og_title":"\u015e\u0259hidimizin n\u0259\u015fi Z\u0259rdaba g\u0259tirildi - Fotolar - Z\u0259rdab.com","og_description":"Erm\u0259nistan silahl\u0131 q\u00fcvv\u0259l\u0259rinin b\u00f6lm\u0259l\u0259rinin t\u0259mas x\u0259ttind\u0259 n\u00f6vb\u0259ti d\u0259f\u0259 at\u0259\u015fk\u0259s rejimini kobud \u015f\u0259kild\u0259 pozmas\u0131 n\u0259tic\u0259sind\u0259 \u015f\u0259hid olan s\u0259rh\u0259d\u00e7i \u0259sg\u0259r V\u0259liyev \u0130brahim \u018fl\u0259m\u015fah o\u011flunun n\u0259\u015fi d\u0259fn olunaca\u011f\u0131 Z\u0259rdab rayonuna g\u0259tirilib. Bu g\u00fcn \u015f\u0259hid olan&nbsp; \u0130brahim V\u0259liyevin c\u0259naz\u0259si Z\u0259rdaba g\u0259tirilib. Zerdab.com sayt\u0131 x\u0259b\u0259r verir ki, \u015f\u0259hidin c\u0259naz\u0259sinin qar\u015f\u0131lanmas\u0131 \u00fc\u00e7\u00fcn minl\u0259rl\u0259 insan toplan\u0131b. \u015e\u0259hid&nbsp; \u0130brahim V\u0259liyev fevral\u0131n 25-d\u0259 Z\u0259rdab [&hellip;]","og_url":"https:\/\/www.zerdab.com\/?p=27938","og_site_name":"Z\u0259rdab.com","article_published_time":"2020-02-24T19:57:42+00:00","article_modified_time":"2020-02-24T20:03:16+00:00","og_image":[{"url":"http:\/\/www.zerdab.com\/wp-content\/uploads\/2020\/02\/ibrahim-veliyev-282x550.jpg","type":"","width":"","height":""}],"author":"admin","twitter_card":"summary_large_image","twitter_misc":{"Written by":"admin","Est. reading time":"1 minute"},"schema":{"@context":"https:\/\/schema.org","@graph":[{"@type":"Article","@id":"https:\/\/www.zerdab.com\/?p=27938#article","isPartOf":{"@id":"https:\/\/www.zerdab.com\/?p=27938"},"author":{"name":"admin","@id":"https:\/\/www.zerdab.com\/#\/schema\/person\/97079b7570c1e89ec0d9e138c3672136"},"headline":"\u015e\u0259hidimizin n\u0259\u015fi Z\u0259rdaba g\u0259tirildi &#8211; Fotolar","datePublished":"2020-02-24T19:57:42+00:00","dateModified":"2020-02-24T20:03:16+00:00","mainEntityOfPage":{"@id":"https:\/\/www.zerdab.com\/?p=27938"},"wordCount":271,"commentCount":0,"image":{"@id":"https:\/\/www.zerdab.com\/?p=27938#primaryimage"},"thumbnailUrl":"http:\/\/www.zerdab.com\/wp-content\/uploads\/2020\/02\/ibrahim-veliyev-282x550.jpg","articleSection":["C\u018fM\u0130YY\u018fT","MAN\u015eET"],"inLanguage":"az","potentialAction":[{"@type":"CommentAction","name":"Comment","target":["https:\/\/www.zerdab.com\/?p=27938#respond"]}]},{"@type":"WebPage","@id":"https:\/\/www.zerdab.com\/?p=27938","url":"https:\/\/www.zerdab.com\/?p=27938","name":"\u015e\u0259hidimizin n\u0259\u015fi Z\u0259rdaba g\u0259tirildi - Fotolar - Z\u0259rdab.com","isPartOf":{"@id":"https:\/\/www.zerdab.com\/#website"},"primaryImageOfPage":{"@id":"https:\/\/www.zerdab.com\/?p=27938#primaryimage"},"image":{"@id":"https:\/\/www.zerdab.com\/?p=27938#primaryimage"},"thumbnailUrl":"http:\/\/www.zerdab.com\/wp-content\/uploads\/2020\/02\/ibrahim-veliyev-282x550.jpg","datePublished":"2020-02-24T19:57:42+00:00","dateModified":"2020-02-24T20:03:16+00:00","author":{"@id":"https:\/\/www.zerdab.com\/#\/schema\/person\/97079b7570c1e89ec0d9e138c3672136"},"breadcrumb":{"@id":"https:\/\/www.zerdab.com\/?p=27938#breadcrumb"},"inLanguage":"az","potentialAction":[{"@type":"ReadAction","target":["https:\/\/www.zerdab.com\/?p=27938"]}]},{"@type":"ImageObject","inLanguage":"az","@id":"https:\/\/www.zerdab.com\/?p=27938#primaryimage","url":"","contentUrl":""},{"@type":"BreadcrumbList","@id":"https:\/\/www.zerdab.com\/?p=27938#breadcrumb","itemListElement":[{"@type":"ListItem","position":1,"name":"Home","item":"https:\/\/www.zerdab.com\/"},{"@type":"ListItem","position":2,"name":"\u015e\u0259hidimizin n\u0259\u015fi Z\u0259rdaba g\u0259tirildi &#8211; Fotolar"}]},{"@type":"WebSite","@id":"https:\/\/www.zerdab.com\/#website","url":"https:\/\/www.zerdab.com\/","name":"Z\u0259rdab.com","description":"","potentialAction":[{"@type":"SearchAction","target":{"@type":"EntryPoint","urlTemplate":"https:\/\/www.zerdab.com\/?s={search_term_string}"},"query-input":{"@type":"PropertyValueSpecification","valueRequired":true,"valueName":"search_term_string"}}],"inLanguage":"az"},{"@type":"Person","@id":"https:\/\/www.zerdab.com\/#\/schema\/person\/97079b7570c1e89ec0d9e138c3672136","name":"admin","image":{"@type":"ImageObject","inLanguage":"az","@id":"https:\/\/www.zerdab.com\/#\/schema\/person\/image\/","url":"https:\/\/secure.gravatar.com\/avatar\/d9c52a9a27c32119cb6679a077fa3e2779e5f822c451cbf01098004361d466ec?s=96&d=mm&r=g","contentUrl":"https:\/\/secure.gravatar.com\/avatar\/d9c52a9a27c32119cb6679a077fa3e2779e5f822c451cbf01098004361d466ec?s=96&d=mm&r=g","caption":"admin"},"url":"https:\/\/www.zerdab.com\/?author=1"}]}},"_links":{"self":[{"href":"https:\/\/www.zerdab.com\/index.php?rest_route=\/wp\/v2\/posts\/27938","targetHints":{"allow":["GET"]}}],"collection":[{"href":"https:\/\/www.zerdab.com\/index.php?rest_route=\/wp\/v2\/posts"}],"about":[{"href":"https:\/\/www.zerdab.com\/index.php?rest_route=\/wp\/v2\/types\/post"}],"author":[{"embeddable":true,"href":"https:\/\/www.zerdab.com\/index.php?rest_route=\/wp\/v2\/users\/1"}],"replies":[{"embeddable":true,"href":"https:\/\/www.zerdab.com\/index.php?rest_route=%2Fwp%2Fv2%2Fcomments&post=27938"}],"version-history":[{"count":4,"href":"https:\/\/www.zerdab.com\/index.php?rest_route=\/wp\/v2\/posts\/27938\/revisions"}],"predecessor-version":[{"id":27947,"href":"https:\/\/www.zerdab.com\/index.php?rest_route=\/wp\/v2\/posts\/27938\/revisions\/27947"}],"wp:attachment":[{"href":"https:\/\/www.zerdab.com\/index.php?rest_route=%2Fwp%2Fv2%2Fmedia&parent=27938"}],"wp:term":[{"taxonomy":"category","embeddable":true,"href":"https:\/\/www.zerdab.com\/index.php?rest_route=%2Fwp%2Fv2%2Fcategories&post=27938"},{"taxonomy":"post_tag","embeddable":true,"href":"https:\/\/www.zerdab.com\/index.php?rest_route=%2Fwp%2Fv2%2Ftags&post=27938"}],"curies":[{"name":"wp","href":"https:\/\/api.w.org\/{rel}","templated":true}]}}