{"id":27964,"date":"2020-02-25T15:22:39","date_gmt":"2020-02-25T11:22:39","guid":{"rendered":"http:\/\/www.zerdab.com\/?p=27964"},"modified":"2020-02-25T16:06:50","modified_gmt":"2020-02-25T12:06:50","slug":"ail%c9%99si-bu-gun-s%c9%99hid-olan-ibrahim-v%c9%99liyevin-yolunu-duz-9-il-gozl%c9%99yibmis-t%c9%99f%c9%99rruatlar","status":"publish","type":"post","link":"https:\/\/www.zerdab.com\/?p=27964","title":{"rendered":"Ail\u0259si bu g\u00fcn \u015f\u0259hid olan \u0130brahim V\u0259liyevin yolunu d\u00fcz 9 il g\u00f6zl\u0259yibmi\u015f &#8211; T\u0259f\u0259rr\u00fcatlar"},"content":{"rendered":"\n<p>X\u0259b\u0259r verdiyimiz kimi, Erm\u0259nistan silahl\u0131 q\u00fcvv\u0259l\u0259rinin fevral\u0131n 24-d\u0259 s\u0259rh\u0259dd\u0259 t\u00f6r\u0259tdikl\u0259ri&nbsp;t\u0259xribat\u0131n qar\u015f\u0131s\u0131n\u0131 alark\u0259n \u015f\u0259hid olan&nbsp;<strong>V\u0259liyev \u0130brahim \u018fl\u0259m\u015fah o\u011flu<\/strong>&nbsp;il\u0259 Z\u0259rdab rayonunda vida m\u0259rasimi ke\u00e7irilib.<\/p>\n\n\n\n<p>\u015e\u0259hidin ail\u0259si Z\u0259rdab rayon Su-Meliorasiya \u0130dar\u0259sinin binas\u0131n\u0131n h\u0259y\u0259tind\u0259&nbsp;m\u0259skunla\u015f\u0131b. <\/p>\n\n\n\n<p><strong>Zerdab.com<\/strong> sayt\u0131 x\u0259b\u0259r verir ki, vida m\u0259rasimind\u0259 \u015f\u0259hidin ail\u0259 \u00fczvl\u0259ri, D\u00f6vl\u0259t S\u0259rh\u0259d Xidm\u0259tinin n\u00fcmay\u0259nd\u0259l\u0259ri, Z\u0259rdab Rayon \u0130cra Hakimiyy\u0259tinin r\u0259hb\u0259rliyi,&nbsp;S\u0259f\u0259rb\u0259rlik v\u0259 H\u0259rbi Xidm\u0259t\u0259 \u00c7a\u011f\u0131r\u0131\u015f \u00fczr\u0259 D\u00f6vl\u0259t Xidm\u0259tinin Z\u0259rdab v\u0259 K\u0259lb\u0259c\u0259r&nbsp;rayon \u015f\u00f6b\u0259l\u0259rinin \u0259m\u0259kda\u015flar\u0131, Z\u0259rdab rayonundan mill\u0259t v\u0259kili Jal\u0259 \u018fliyeva, ictimaiyy\u0259t n\u00fcmay\u0259nd\u0259l\u0259ri i\u015ftirak edibl\u0259r.<\/p>\n\n\n\n<figure class=\"wp-block-image\"><img decoding=\"async\" src=\"http:\/\/www.zerdab.com\/wp-content\/uploads\/2020\/02\/jale-eliyeva-sehid-550x413.jpg\" alt=\"\" class=\"wp-image-27975\"\/><\/figure>\n\n\n\n<p>\u015e\u0259hidin n\u0259\u015finin qar\u015f\u0131lanma v\u0259 d\u0259fn m\u0259rasimind\u0259 i\u015ftirak ed\u0259n J. \u018fliyeva t\u0259\u0259ss\u00fcratlar\u0131n\u0131 bel\u0259 ifad\u0259 edib: &#8220;\u0130brahimin ata babalar\u0131 m\u0259nfur erm\u0259ni i\u015f\u011fal\u0131ndan sonra g\u00f6z\u0259l K\u0259lb\u0259c\u0259ri t\u0259rk etm\u0259k m\u0259cburiyy\u0259tind\u0259 qalaraq b\u00f6y\u00fck V\u0259t\u0259nimizin \u015eirvan elin\u0259, Z\u0259rdaba k\u00f6\u00e7 edibl\u0259r. Bir milyondan \u00e7ox qa\u00e7q\u0131n\u0131m\u0131z, k\u00f6\u00e7k\u00fcn\u00fcm\u00fcz kimi, onlar da m\u0259hrumiyyy\u0259tl\u0259r\u0259 sin\u0259 g\u0259ribl\u0259r, \u00e7\u0259tinlikl\u0259r\u0259 d\u00f6z\u00fcbl\u0259r. Q\u0259lbl\u0259rind\u0259 g\u0259zdirdikl\u0259ri V\u0259t\u0259n sevgisi, D\u00f6vl\u0259t\u0259 b\u0259sl\u0259dikl\u0259ri inamla ya\u015fay\u0131blar h\u0259r zaman. Bu sevgi, bu inam onlar\u0131 h\u0259yata daha m\u00f6hk\u0259m ba\u011flay\u0131b. Atas\u0131 \u018fl\u0259m\u015fah ki\u015fi burada Z\u0259rdabl\u0131 R\u0259fiq\u0259 xan\u0131mla taleyini birl\u0259\u015fdirib. \u0130brahimin yolunu d\u00fcz doqquz il g\u00f6zl\u0259yibl\u0259r&#8230; Bu da son&#8230; R\u0259fiq\u0259 xan\u0131m b\u00fct\u00fcn ax\u015fam el\u0259 ancaq, ay bala, s\u0259ni gec tapd\u0131m, niy\u0259 tez getdin, dey\u0259 t\u0259krar t\u0259krar \u00f6z\u00fc \u00f6z\u00fcn\u0259 cavabs\u0131z suallar verir. Ata, ana, n\u0259n\u0259, baba \u0259sil \u015f\u0259hid ail\u0259sin\u0259 yara\u015facaq bir t\u0259mkin, bir b\u00f6y\u00fckl\u00fck n\u00fcmun\u0259si g\u00f6st\u0259rirl\u0259r. Gec\u0259 boyu \u015f\u0259hidimizi qar\u015f\u0131lama\u011fa g\u0259l\u0259n insan selinin s\u0259sl\u0259ndirdiyi &#8220;\u015e\u0259hidl\u0259r \u00f6lm\u0259z, V\u0259t\u0259n b\u00f6l\u00fcnm\u0259z&#8221; \u015f\u00fcar\u0131, bu ail\u0259nin q\u00fcruru, v\u00fcqar\u0131, d\u00f6z\u00fcm\u00fc qar\u015f\u0131s\u0131nda daha da \u0259z\u0259m\u0259tl\u0259 s\u0259sl\u0259nir sanki. \u0130brahimin qoca babas\u0131n\u0131n nitqini ka\u015f dinl\u0259mi\u015f olayd\u0131n\u0131z&#8221;. <\/p>\n\n\n\n<figure class=\"wp-block-image\"><img decoding=\"async\" src=\"http:\/\/www.zerdab.com\/wp-content\/uploads\/2020\/02\/gelme-kendi-550x413.jpg\" alt=\"\" class=\"wp-image-27957\"\/><\/figure>\n\n\n\n<p>J. \u018fliyeva \u015f\u0259hidin d\u0259fnind\u0259 b\u00f6y\u00fck izdiham oldu\u011funu bildirib: &#8220;<strong><em>B\u00f6y\u00fck bir izdiham var idi\u2026 B\u00fct\u00fcn z\u0259rdabl\u0131lar ayaq \u00fcst\u0259 idi\u2026 H\u0259r k\u0259s \u015e\u0259hidil\u0259, \u015e\u0259hidimizl\u0259 vidala\u015fmaq \u00fc\u00e7\u00fcn onun ya\u015fad\u0131\u011f\u0131 ev\u0259, \u00fcnvana \u00fcz tutur, ax\u0131n edirdi\u2026 N\u0259 q\u0259d\u0259r \u00fcz\u00fcnt\u00fcl\u00fc, k\u0259d\u0259rli bir hal olsa da, g\u0259ncimizi, igid \u00f6vlad\u0131m\u0131z\u0131 itirs\u0259k d\u0259, bu insan selind\u0259n, bu m\u0259nz\u0259rd\u0259n q\u00fcr\u00fcr duymamaq, iftixar hissi ke\u00e7irm\u0259m\u0259k d\u0259 m\u00fcmk\u00fcn deyil\u2026 Bu izdiham, bu m\u0259nz\u0259r\u0259 bir daha g\u00f6st\u0259rir ki, bu mill\u0259ti kims\u0259 \u0259z\u0259, s\u0131nd\u0131ra, m\u0259hv ed\u0259, kims\u0259, hans\u0131sa g\u00fcc bu V\u0259t\u0259nin bir qar\u0131\u015f torpa\u011f\u0131n\u0131 bel\u0259 m\u0259nims\u0259y\u0259, sonad\u0259k i\u015f\u011fal, ilhaq ed\u0259 bilm\u0259y\u0259c\u0259k\u2026 \u00c7ox tezlikl\u0259 d\u00fc\u015fm\u0259n Aprel d\u00f6y\u00fc\u015fl\u0259rind\u0259 oldu\u011fu kimi v\u0259 ondan daha a\u011f\u0131r, daha layiqli cavab\u0131n\u0131 alacaq, \u0130brahiml\u0259rimizin qan\u0131 yerd\u0259 qalmayacaq!\u201d<\/em><\/strong><\/p>\n\n\n\n<figure class=\"wp-block-image\"><img decoding=\"async\" src=\"http:\/\/www.zerdab.com\/wp-content\/uploads\/2020\/02\/sehid-ibrahim-550x413.jpg\" alt=\"\" class=\"wp-image-27971\"\/><\/figure>\n\n\n\n<p>Sonda bir m\u0259qam\u0131 da qeyd ed\u0259k ki, <strong>Zerdab.com<\/strong> sayt\u0131na veril\u0259n m\u0259lumata g\u00f6r\u0259, \u015f\u0259hidin atas\u0131 \u018fl\u0259m\u015fah V\u0259liyev K\u0259lb\u0259c\u0259r rayonundan m\u0259cburi k\u00f6\u00e7k\u00fcn kimi rayonumuzda m\u0259skunla\u015fd\u0131qdan bir m\u00fcdd\u0259t sonra Z\u0259rdab rayonundan olan R\u0259fiq\u0259 xan\u0131mla ail\u0259 qurub. <\/p>\n\n\n\n<p>\u015e\u0259hidimizin anas\u0131 R\u0259fiq\u0259 xan\u0131m \u0259sl\u0259n Z\u0259rdab rayonunun M\u0259mm\u0259dqas\u0131ml\u0131 k\u0259ndind\u0259ndir. <\/p>\n\n\n\n<p>Onlar ail\u0259 qurduqdan sonra d\u00fcz 9 il \u0130brahimin yolunu g\u00f6zl\u0259yibl\u0259r&#8230;<\/p>\n\n\n\n<p><strong>\u015e\u0259hid \u0130brahim V\u0259liyev Z\u0259rdab&nbsp;rayonunda&nbsp;do\u011fulub&nbsp;v\u0259&nbsp;b\u00f6y\u00fcy\u00fcb.&nbsp;<\/strong><\/p>\n\n\n\n<p>Allah r\u0259hm\u0259t el\u0259sin. <\/p>\n\n\n\n\n\n<p>Zerdab.com<\/p>\n\n\n\n<figure class=\"wp-block-image\"><img decoding=\"async\" src=\"http:\/\/www.zerdab.com\/wp-content\/uploads\/2020\/02\/jale-eliyeva-1-550x413.jpg\" alt=\"\" class=\"wp-image-27972\"\/><\/figure>\n","protected":false},"excerpt":{"rendered":"<p>X\u0259b\u0259r verdiyimiz kimi, Erm\u0259nistan silahl\u0131 q\u00fcvv\u0259l\u0259rinin fevral\u0131n 24-d\u0259 s\u0259rh\u0259dd\u0259 t\u00f6r\u0259tdikl\u0259ri&nbsp;t\u0259xribat\u0131n qar\u015f\u0131s\u0131n\u0131 alark\u0259n \u015f\u0259hid olan&nbsp;V\u0259liyev \u0130brahim \u018fl\u0259m\u015fah o\u011flu&nbsp;il\u0259 Z\u0259rdab rayonunda vida m\u0259rasimi ke\u00e7irilib. \u015e\u0259hidin ail\u0259si Z\u0259rdab rayon Su-Meliorasiya \u0130dar\u0259sinin binas\u0131n\u0131n h\u0259y\u0259tind\u0259&nbsp;m\u0259skunla\u015f\u0131b. Zerdab.com sayt\u0131 x\u0259b\u0259r verir ki, vida m\u0259rasimind\u0259 \u015f\u0259hidin ail\u0259 \u00fczvl\u0259ri, D\u00f6vl\u0259t S\u0259rh\u0259d Xidm\u0259tinin n\u00fcmay\u0259nd\u0259l\u0259ri, Z\u0259rdab Rayon \u0130cra Hakimiyy\u0259tinin r\u0259hb\u0259rliyi,&nbsp;S\u0259f\u0259rb\u0259rlik v\u0259 H\u0259rbi Xidm\u0259t\u0259 \u00c7a\u011f\u0131r\u0131\u015f \u00fczr\u0259 D\u00f6vl\u0259t [&hellip;]<\/p>\n","protected":false},"author":1,"featured_media":0,"comment_status":"open","ping_status":"open","sticky":false,"template":"","format":"standard","meta":{"footnotes":""},"categories":[63,5],"tags":[],"class_list":{"0":"post-27964","1":"post","2":"type-post","3":"status-publish","4":"format-standard","6":"category-manset","7":"category-knd"},"yoast_head":"<!-- This site is optimized with the Yoast SEO plugin v27.0 - https:\/\/yoast.com\/product\/yoast-seo-wordpress\/ -->\n<title>Ail\u0259si bu g\u00fcn \u015f\u0259hid olan \u0130brahim V\u0259liyevin yolunu d\u00fcz 9 il g\u00f6zl\u0259yibmi\u015f - T\u0259f\u0259rr\u00fcatlar - Z\u0259rdab.com<\/title>\n<meta name=\"robots\" content=\"index, follow, max-snippet:-1, max-image-preview:large, max-video-preview:-1\" \/>\n<link rel=\"canonical\" href=\"https:\/\/www.zerdab.com\/?p=27964\" \/>\n<meta property=\"og:locale\" content=\"az_AZ\" \/>\n<meta property=\"og:type\" content=\"article\" \/>\n<meta property=\"og:title\" content=\"Ail\u0259si bu g\u00fcn \u015f\u0259hid olan \u0130brahim V\u0259liyevin yolunu d\u00fcz 9 il g\u00f6zl\u0259yibmi\u015f - T\u0259f\u0259rr\u00fcatlar - Z\u0259rdab.com\" \/>\n<meta property=\"og:description\" content=\"X\u0259b\u0259r verdiyimiz kimi, Erm\u0259nistan silahl\u0131 q\u00fcvv\u0259l\u0259rinin fevral\u0131n 24-d\u0259 s\u0259rh\u0259dd\u0259 t\u00f6r\u0259tdikl\u0259ri&nbsp;t\u0259xribat\u0131n qar\u015f\u0131s\u0131n\u0131 alark\u0259n \u015f\u0259hid olan&nbsp;V\u0259liyev \u0130brahim \u018fl\u0259m\u015fah o\u011flu&nbsp;il\u0259 Z\u0259rdab rayonunda vida m\u0259rasimi ke\u00e7irilib. \u015e\u0259hidin ail\u0259si Z\u0259rdab rayon Su-Meliorasiya \u0130dar\u0259sinin binas\u0131n\u0131n h\u0259y\u0259tind\u0259&nbsp;m\u0259skunla\u015f\u0131b. Zerdab.com sayt\u0131 x\u0259b\u0259r verir ki, vida m\u0259rasimind\u0259 \u015f\u0259hidin ail\u0259 \u00fczvl\u0259ri, D\u00f6vl\u0259t S\u0259rh\u0259d Xidm\u0259tinin n\u00fcmay\u0259nd\u0259l\u0259ri, Z\u0259rdab Rayon \u0130cra Hakimiyy\u0259tinin r\u0259hb\u0259rliyi,&nbsp;S\u0259f\u0259rb\u0259rlik v\u0259 H\u0259rbi Xidm\u0259t\u0259 \u00c7a\u011f\u0131r\u0131\u015f \u00fczr\u0259 D\u00f6vl\u0259t [&hellip;]\" \/>\n<meta property=\"og:url\" content=\"https:\/\/www.zerdab.com\/?p=27964\" \/>\n<meta property=\"og:site_name\" content=\"Z\u0259rdab.com\" \/>\n<meta property=\"article:published_time\" content=\"2020-02-25T11:22:39+00:00\" \/>\n<meta property=\"article:modified_time\" content=\"2020-02-25T12:06:50+00:00\" \/>\n<meta property=\"og:image\" content=\"http:\/\/www.zerdab.com\/wp-content\/uploads\/2020\/02\/jale-eliyeva-sehid-550x413.jpg\" \/>\n<meta name=\"author\" content=\"admin\" \/>\n<meta name=\"twitter:card\" content=\"summary_large_image\" \/>\n<meta name=\"twitter:label1\" content=\"Written by\" \/>\n\t<meta name=\"twitter:data1\" content=\"admin\" \/>\n\t<meta name=\"twitter:label2\" content=\"Est. reading time\" \/>\n\t<meta name=\"twitter:data2\" content=\"4 minutes\" \/>\n<script type=\"application\/ld+json\" class=\"yoast-schema-graph\">{\"@context\":\"https:\/\/schema.org\",\"@graph\":[{\"@type\":\"Article\",\"@id\":\"https:\/\/www.zerdab.com\/?p=27964#article\",\"isPartOf\":{\"@id\":\"https:\/\/www.zerdab.com\/?p=27964\"},\"author\":{\"name\":\"admin\",\"@id\":\"https:\/\/www.zerdab.com\/#\/schema\/person\/97079b7570c1e89ec0d9e138c3672136\"},\"headline\":\"Ail\u0259si bu g\u00fcn \u015f\u0259hid olan \u0130brahim V\u0259liyevin yolunu d\u00fcz 9 il g\u00f6zl\u0259yibmi\u015f &#8211; T\u0259f\u0259rr\u00fcatlar\",\"datePublished\":\"2020-02-25T11:22:39+00:00\",\"dateModified\":\"2020-02-25T12:06:50+00:00\",\"mainEntityOfPage\":{\"@id\":\"https:\/\/www.zerdab.com\/?p=27964\"},\"wordCount\":748,\"commentCount\":0,\"image\":{\"@id\":\"https:\/\/www.zerdab.com\/?p=27964#primaryimage\"},\"thumbnailUrl\":\"http:\/\/www.zerdab.com\/wp-content\/uploads\/2020\/02\/jale-eliyeva-sehid-550x413.jpg\",\"articleSection\":[\"MAN\u015eET\",\"X\u018fB\u018fRL\u018fR\"],\"inLanguage\":\"az\",\"potentialAction\":[{\"@type\":\"CommentAction\",\"name\":\"Comment\",\"target\":[\"https:\/\/www.zerdab.com\/?p=27964#respond\"]}]},{\"@type\":\"WebPage\",\"@id\":\"https:\/\/www.zerdab.com\/?p=27964\",\"url\":\"https:\/\/www.zerdab.com\/?p=27964\",\"name\":\"Ail\u0259si bu g\u00fcn \u015f\u0259hid olan \u0130brahim V\u0259liyevin yolunu d\u00fcz 9 il g\u00f6zl\u0259yibmi\u015f - T\u0259f\u0259rr\u00fcatlar - Z\u0259rdab.com\",\"isPartOf\":{\"@id\":\"https:\/\/www.zerdab.com\/#website\"},\"primaryImageOfPage\":{\"@id\":\"https:\/\/www.zerdab.com\/?p=27964#primaryimage\"},\"image\":{\"@id\":\"https:\/\/www.zerdab.com\/?p=27964#primaryimage\"},\"thumbnailUrl\":\"http:\/\/www.zerdab.com\/wp-content\/uploads\/2020\/02\/jale-eliyeva-sehid-550x413.jpg\",\"datePublished\":\"2020-02-25T11:22:39+00:00\",\"dateModified\":\"2020-02-25T12:06:50+00:00\",\"author\":{\"@id\":\"https:\/\/www.zerdab.com\/#\/schema\/person\/97079b7570c1e89ec0d9e138c3672136\"},\"breadcrumb\":{\"@id\":\"https:\/\/www.zerdab.com\/?p=27964#breadcrumb\"},\"inLanguage\":\"az\",\"potentialAction\":[{\"@type\":\"ReadAction\",\"target\":[\"https:\/\/www.zerdab.com\/?p=27964\"]}]},{\"@type\":\"ImageObject\",\"inLanguage\":\"az\",\"@id\":\"https:\/\/www.zerdab.com\/?p=27964#primaryimage\",\"url\":\"\",\"contentUrl\":\"\"},{\"@type\":\"BreadcrumbList\",\"@id\":\"https:\/\/www.zerdab.com\/?p=27964#breadcrumb\",\"itemListElement\":[{\"@type\":\"ListItem\",\"position\":1,\"name\":\"Home\",\"item\":\"https:\/\/www.zerdab.com\/\"},{\"@type\":\"ListItem\",\"position\":2,\"name\":\"Ail\u0259si bu g\u00fcn \u015f\u0259hid olan \u0130brahim V\u0259liyevin yolunu d\u00fcz 9 il g\u00f6zl\u0259yibmi\u015f &#8211; T\u0259f\u0259rr\u00fcatlar\"}]},{\"@type\":\"WebSite\",\"@id\":\"https:\/\/www.zerdab.com\/#website\",\"url\":\"https:\/\/www.zerdab.com\/\",\"name\":\"Z\u0259rdab.com\",\"description\":\"\",\"potentialAction\":[{\"@type\":\"SearchAction\",\"target\":{\"@type\":\"EntryPoint\",\"urlTemplate\":\"https:\/\/www.zerdab.com\/?s={search_term_string}\"},\"query-input\":{\"@type\":\"PropertyValueSpecification\",\"valueRequired\":true,\"valueName\":\"search_term_string\"}}],\"inLanguage\":\"az\"},{\"@type\":\"Person\",\"@id\":\"https:\/\/www.zerdab.com\/#\/schema\/person\/97079b7570c1e89ec0d9e138c3672136\",\"name\":\"admin\",\"image\":{\"@type\":\"ImageObject\",\"inLanguage\":\"az\",\"@id\":\"https:\/\/www.zerdab.com\/#\/schema\/person\/image\/\",\"url\":\"https:\/\/secure.gravatar.com\/avatar\/d9c52a9a27c32119cb6679a077fa3e2779e5f822c451cbf01098004361d466ec?s=96&d=mm&r=g\",\"contentUrl\":\"https:\/\/secure.gravatar.com\/avatar\/d9c52a9a27c32119cb6679a077fa3e2779e5f822c451cbf01098004361d466ec?s=96&d=mm&r=g\",\"caption\":\"admin\"},\"url\":\"https:\/\/www.zerdab.com\/?author=1\"}]}<\/script>\n<!-- \/ Yoast SEO plugin. -->","yoast_head_json":{"title":"Ail\u0259si bu g\u00fcn \u015f\u0259hid olan \u0130brahim V\u0259liyevin yolunu d\u00fcz 9 il g\u00f6zl\u0259yibmi\u015f - T\u0259f\u0259rr\u00fcatlar - Z\u0259rdab.com","robots":{"index":"index","follow":"follow","max-snippet":"max-snippet:-1","max-image-preview":"max-image-preview:large","max-video-preview":"max-video-preview:-1"},"canonical":"https:\/\/www.zerdab.com\/?p=27964","og_locale":"az_AZ","og_type":"article","og_title":"Ail\u0259si bu g\u00fcn \u015f\u0259hid olan \u0130brahim V\u0259liyevin yolunu d\u00fcz 9 il g\u00f6zl\u0259yibmi\u015f - T\u0259f\u0259rr\u00fcatlar - Z\u0259rdab.com","og_description":"X\u0259b\u0259r verdiyimiz kimi, Erm\u0259nistan silahl\u0131 q\u00fcvv\u0259l\u0259rinin fevral\u0131n 24-d\u0259 s\u0259rh\u0259dd\u0259 t\u00f6r\u0259tdikl\u0259ri&nbsp;t\u0259xribat\u0131n qar\u015f\u0131s\u0131n\u0131 alark\u0259n \u015f\u0259hid olan&nbsp;V\u0259liyev \u0130brahim \u018fl\u0259m\u015fah o\u011flu&nbsp;il\u0259 Z\u0259rdab rayonunda vida m\u0259rasimi ke\u00e7irilib. \u015e\u0259hidin ail\u0259si Z\u0259rdab rayon Su-Meliorasiya \u0130dar\u0259sinin binas\u0131n\u0131n h\u0259y\u0259tind\u0259&nbsp;m\u0259skunla\u015f\u0131b. Zerdab.com sayt\u0131 x\u0259b\u0259r verir ki, vida m\u0259rasimind\u0259 \u015f\u0259hidin ail\u0259 \u00fczvl\u0259ri, D\u00f6vl\u0259t S\u0259rh\u0259d Xidm\u0259tinin n\u00fcmay\u0259nd\u0259l\u0259ri, Z\u0259rdab Rayon \u0130cra Hakimiyy\u0259tinin r\u0259hb\u0259rliyi,&nbsp;S\u0259f\u0259rb\u0259rlik v\u0259 H\u0259rbi Xidm\u0259t\u0259 \u00c7a\u011f\u0131r\u0131\u015f \u00fczr\u0259 D\u00f6vl\u0259t [&hellip;]","og_url":"https:\/\/www.zerdab.com\/?p=27964","og_site_name":"Z\u0259rdab.com","article_published_time":"2020-02-25T11:22:39+00:00","article_modified_time":"2020-02-25T12:06:50+00:00","og_image":[{"url":"http:\/\/www.zerdab.com\/wp-content\/uploads\/2020\/02\/jale-eliyeva-sehid-550x413.jpg","type":"","width":"","height":""}],"author":"admin","twitter_card":"summary_large_image","twitter_misc":{"Written by":"admin","Est. reading time":"4 minutes"},"schema":{"@context":"https:\/\/schema.org","@graph":[{"@type":"Article","@id":"https:\/\/www.zerdab.com\/?p=27964#article","isPartOf":{"@id":"https:\/\/www.zerdab.com\/?p=27964"},"author":{"name":"admin","@id":"https:\/\/www.zerdab.com\/#\/schema\/person\/97079b7570c1e89ec0d9e138c3672136"},"headline":"Ail\u0259si bu g\u00fcn \u015f\u0259hid olan \u0130brahim V\u0259liyevin yolunu d\u00fcz 9 il g\u00f6zl\u0259yibmi\u015f &#8211; T\u0259f\u0259rr\u00fcatlar","datePublished":"2020-02-25T11:22:39+00:00","dateModified":"2020-02-25T12:06:50+00:00","mainEntityOfPage":{"@id":"https:\/\/www.zerdab.com\/?p=27964"},"wordCount":748,"commentCount":0,"image":{"@id":"https:\/\/www.zerdab.com\/?p=27964#primaryimage"},"thumbnailUrl":"http:\/\/www.zerdab.com\/wp-content\/uploads\/2020\/02\/jale-eliyeva-sehid-550x413.jpg","articleSection":["MAN\u015eET","X\u018fB\u018fRL\u018fR"],"inLanguage":"az","potentialAction":[{"@type":"CommentAction","name":"Comment","target":["https:\/\/www.zerdab.com\/?p=27964#respond"]}]},{"@type":"WebPage","@id":"https:\/\/www.zerdab.com\/?p=27964","url":"https:\/\/www.zerdab.com\/?p=27964","name":"Ail\u0259si bu g\u00fcn \u015f\u0259hid olan \u0130brahim V\u0259liyevin yolunu d\u00fcz 9 il g\u00f6zl\u0259yibmi\u015f - T\u0259f\u0259rr\u00fcatlar - Z\u0259rdab.com","isPartOf":{"@id":"https:\/\/www.zerdab.com\/#website"},"primaryImageOfPage":{"@id":"https:\/\/www.zerdab.com\/?p=27964#primaryimage"},"image":{"@id":"https:\/\/www.zerdab.com\/?p=27964#primaryimage"},"thumbnailUrl":"http:\/\/www.zerdab.com\/wp-content\/uploads\/2020\/02\/jale-eliyeva-sehid-550x413.jpg","datePublished":"2020-02-25T11:22:39+00:00","dateModified":"2020-02-25T12:06:50+00:00","author":{"@id":"https:\/\/www.zerdab.com\/#\/schema\/person\/97079b7570c1e89ec0d9e138c3672136"},"breadcrumb":{"@id":"https:\/\/www.zerdab.com\/?p=27964#breadcrumb"},"inLanguage":"az","potentialAction":[{"@type":"ReadAction","target":["https:\/\/www.zerdab.com\/?p=27964"]}]},{"@type":"ImageObject","inLanguage":"az","@id":"https:\/\/www.zerdab.com\/?p=27964#primaryimage","url":"","contentUrl":""},{"@type":"BreadcrumbList","@id":"https:\/\/www.zerdab.com\/?p=27964#breadcrumb","itemListElement":[{"@type":"ListItem","position":1,"name":"Home","item":"https:\/\/www.zerdab.com\/"},{"@type":"ListItem","position":2,"name":"Ail\u0259si bu g\u00fcn \u015f\u0259hid olan \u0130brahim V\u0259liyevin yolunu d\u00fcz 9 il g\u00f6zl\u0259yibmi\u015f &#8211; T\u0259f\u0259rr\u00fcatlar"}]},{"@type":"WebSite","@id":"https:\/\/www.zerdab.com\/#website","url":"https:\/\/www.zerdab.com\/","name":"Z\u0259rdab.com","description":"","potentialAction":[{"@type":"SearchAction","target":{"@type":"EntryPoint","urlTemplate":"https:\/\/www.zerdab.com\/?s={search_term_string}"},"query-input":{"@type":"PropertyValueSpecification","valueRequired":true,"valueName":"search_term_string"}}],"inLanguage":"az"},{"@type":"Person","@id":"https:\/\/www.zerdab.com\/#\/schema\/person\/97079b7570c1e89ec0d9e138c3672136","name":"admin","image":{"@type":"ImageObject","inLanguage":"az","@id":"https:\/\/www.zerdab.com\/#\/schema\/person\/image\/","url":"https:\/\/secure.gravatar.com\/avatar\/d9c52a9a27c32119cb6679a077fa3e2779e5f822c451cbf01098004361d466ec?s=96&d=mm&r=g","contentUrl":"https:\/\/secure.gravatar.com\/avatar\/d9c52a9a27c32119cb6679a077fa3e2779e5f822c451cbf01098004361d466ec?s=96&d=mm&r=g","caption":"admin"},"url":"https:\/\/www.zerdab.com\/?author=1"}]}},"_links":{"self":[{"href":"https:\/\/www.zerdab.com\/index.php?rest_route=\/wp\/v2\/posts\/27964","targetHints":{"allow":["GET"]}}],"collection":[{"href":"https:\/\/www.zerdab.com\/index.php?rest_route=\/wp\/v2\/posts"}],"about":[{"href":"https:\/\/www.zerdab.com\/index.php?rest_route=\/wp\/v2\/types\/post"}],"author":[{"embeddable":true,"href":"https:\/\/www.zerdab.com\/index.php?rest_route=\/wp\/v2\/users\/1"}],"replies":[{"embeddable":true,"href":"https:\/\/www.zerdab.com\/index.php?rest_route=%2Fwp%2Fv2%2Fcomments&post=27964"}],"version-history":[{"count":8,"href":"https:\/\/www.zerdab.com\/index.php?rest_route=\/wp\/v2\/posts\/27964\/revisions"}],"predecessor-version":[{"id":27983,"href":"https:\/\/www.zerdab.com\/index.php?rest_route=\/wp\/v2\/posts\/27964\/revisions\/27983"}],"wp:attachment":[{"href":"https:\/\/www.zerdab.com\/index.php?rest_route=%2Fwp%2Fv2%2Fmedia&parent=27964"}],"wp:term":[{"taxonomy":"category","embeddable":true,"href":"https:\/\/www.zerdab.com\/index.php?rest_route=%2Fwp%2Fv2%2Fcategories&post=27964"},{"taxonomy":"post_tag","embeddable":true,"href":"https:\/\/www.zerdab.com\/index.php?rest_route=%2Fwp%2Fv2%2Ftags&post=27964"}],"curies":[{"name":"wp","href":"https:\/\/api.w.org\/{rel}","templated":true}]}}