{"id":28105,"date":"2020-04-04T23:44:54","date_gmt":"2020-04-04T19:44:54","guid":{"rendered":"http:\/\/www.zerdab.com\/?p=28105"},"modified":"2020-04-04T23:47:05","modified_gmt":"2020-04-04T19:47:05","slug":"z%c9%99rdabda-karantin-rejimini-pozan-s%c9%99xs-h%c9%99bs-edilib","status":"publish","type":"post","link":"https:\/\/www.zerdab.com\/?p=28105","title":{"rendered":"Z\u0259rdabda karantin rejimini pozan \u015f\u0259xs h\u0259bs edilib"},"content":{"rendered":"\n<p>Karantin rejimi qaydalar\u0131n\u0131n t\u0259min olunmas\u0131 m\u0259qs\u0259dil\u0259 Z\u0259rdab Rayon Polis \u015e\u00f6b\u0259sinin \u0259m\u0259kda\u015flar\u0131 t\u0259r\u0259find\u0259n t\u0259dbirl\u0259r davam etdirilir.<\/p>\n\n\n\n<p><strong>Zerdab.com<\/strong> sayt\u0131na veril\u0259n m\u0259lumata g\u00f6r\u0259, rayon polis \u015f\u00f6b\u0259sinin \u0259m\u0259kda\u015flar\u0131 karantin rejimin\u0259 \u0259m\u0259l etm\u0259y\u0259n v\u0259 qaydalar\u0131 kobud \u015f\u0259kild\u0259 pozan v\u0259t\u0259nda\u015flara qar\u015f\u0131 reydl\u0259r h\u0259yata ke\u00e7irir. Bel\u0259 ki,\u00a0rayon \u0259razisind\u0259 polis \u0259m\u0259kda\u015flar\u0131 t\u0259r\u0259find\u0259n apar\u0131lan maarifl\u0259ndirici s\u00f6hb\u0259tl\u0259r v\u0259 edil\u0259n x\u0259b\u0259rdarl\u0131qlara baxmayaraq, yen\u0259 d\u0259 x\u00fcsusi karantin rejim qaydalar\u0131n\u0131 pozan \u015f\u0259xsl\u0259r\u0259 rast g\u0259linib.<\/p>\n\n\n\n<p>N\u0259tic\u0259d\u0259 polis \u015f\u00f6b\u0259sinin \u0259m\u0259kda\u015flar\u0131 t\u0259r\u0259find\u0259n son bir g\u00fcn \u0259rzind\u0259 2 n\u0259f\u0259r bar\u0259sind\u0259 \u0130nzibati X\u0259talar M\u0259c\u0259ll\u0259sinin 211-ci madd\u0259si il\u0259 protokol t\u0259rtib edilib, bir n\u0259f\u0259r bar\u0259sind\u0259 10 sutkal\u0131q h\u0259bs c\u0259zas\u0131n\u0131n verilm\u0259si il\u0259 ba\u011fl\u0131 q\u0259rar q\u0259bul edilib.<\/p>\n\n\n\n<p>Haz\u0131rda rayon polis \u015f\u00f6b\u0259sinin \u0259m\u0259kda\u015flar\u0131 t\u0259r\u0259find\u0259n reydl\u0259r davam etdirilir.<\/p>\n","protected":false},"excerpt":{"rendered":"<p>Karantin rejimi qaydalar\u0131n\u0131n t\u0259min olunmas\u0131 m\u0259qs\u0259dil\u0259 Z\u0259rdab Rayon Polis \u015e\u00f6b\u0259sinin \u0259m\u0259kda\u015flar\u0131 t\u0259r\u0259find\u0259n t\u0259dbirl\u0259r davam etdirilir. Zerdab.com sayt\u0131na veril\u0259n m\u0259lumata g\u00f6r\u0259, rayon polis \u015f\u00f6b\u0259sinin \u0259m\u0259kda\u015flar\u0131 karantin rejimin\u0259 \u0259m\u0259l etm\u0259y\u0259n v\u0259 qaydalar\u0131 kobud \u015f\u0259kild\u0259 pozan v\u0259t\u0259nda\u015flara qar\u015f\u0131 reydl\u0259r h\u0259yata ke\u00e7irir. Bel\u0259 ki,\u00a0rayon \u0259razisind\u0259 polis \u0259m\u0259kda\u015flar\u0131 t\u0259r\u0259find\u0259n apar\u0131lan maarifl\u0259ndirici s\u00f6hb\u0259tl\u0259r v\u0259 edil\u0259n x\u0259b\u0259rdarl\u0131qlara baxmayaraq, yen\u0259 d\u0259 x\u00fcsusi karantin [&hellip;]<\/p>\n","protected":false},"author":1,"featured_media":27146,"comment_status":"open","ping_status":"open","sticky":false,"template":"","format":"standard","meta":{"footnotes":""},"categories":[63,5],"tags":[],"class_list":{"0":"post-28105","1":"post","2":"type-post","3":"status-publish","4":"format-standard","5":"has-post-thumbnail","7":"category-manset","8":"category-knd"},"yoast_head":"<!-- This site is optimized with the Yoast SEO plugin v27.0 - https:\/\/yoast.com\/product\/yoast-seo-wordpress\/ -->\n<title>Z\u0259rdabda karantin rejimini pozan \u015f\u0259xs h\u0259bs edilib - Z\u0259rdab.com<\/title>\n<meta name=\"robots\" content=\"index, follow, max-snippet:-1, max-image-preview:large, max-video-preview:-1\" \/>\n<link rel=\"canonical\" href=\"https:\/\/www.zerdab.com\/?p=28105\" \/>\n<meta property=\"og:locale\" content=\"az_AZ\" \/>\n<meta property=\"og:type\" content=\"article\" \/>\n<meta property=\"og:title\" content=\"Z\u0259rdabda karantin rejimini pozan \u015f\u0259xs h\u0259bs edilib - Z\u0259rdab.com\" \/>\n<meta property=\"og:description\" content=\"Karantin rejimi qaydalar\u0131n\u0131n t\u0259min olunmas\u0131 m\u0259qs\u0259dil\u0259 Z\u0259rdab Rayon Polis \u015e\u00f6b\u0259sinin \u0259m\u0259kda\u015flar\u0131 t\u0259r\u0259find\u0259n t\u0259dbirl\u0259r davam etdirilir. Zerdab.com sayt\u0131na veril\u0259n m\u0259lumata g\u00f6r\u0259, rayon polis \u015f\u00f6b\u0259sinin \u0259m\u0259kda\u015flar\u0131 karantin rejimin\u0259 \u0259m\u0259l etm\u0259y\u0259n v\u0259 qaydalar\u0131 kobud \u015f\u0259kild\u0259 pozan v\u0259t\u0259nda\u015flara qar\u015f\u0131 reydl\u0259r h\u0259yata ke\u00e7irir. Bel\u0259 ki,\u00a0rayon \u0259razisind\u0259 polis \u0259m\u0259kda\u015flar\u0131 t\u0259r\u0259find\u0259n apar\u0131lan maarifl\u0259ndirici s\u00f6hb\u0259tl\u0259r v\u0259 edil\u0259n x\u0259b\u0259rdarl\u0131qlara baxmayaraq, yen\u0259 d\u0259 x\u00fcsusi karantin [&hellip;]\" \/>\n<meta property=\"og:url\" content=\"https:\/\/www.zerdab.com\/?p=28105\" \/>\n<meta property=\"og:site_name\" content=\"Z\u0259rdab.com\" \/>\n<meta property=\"article:published_time\" content=\"2020-04-04T19:44:54+00:00\" \/>\n<meta property=\"article:modified_time\" content=\"2020-04-04T19:47:05+00:00\" \/>\n<meta property=\"og:image\" content=\"https:\/\/www.zerdab.com\/wp-content\/uploads\/2019\/05\/zerdab-vakansiya-isci-axtarilir.jpg\" \/>\n\t<meta property=\"og:image:width\" content=\"1024\" \/>\n\t<meta property=\"og:image:height\" content=\"576\" \/>\n\t<meta property=\"og:image:type\" content=\"image\/jpeg\" \/>\n<meta name=\"author\" content=\"admin\" \/>\n<meta name=\"twitter:card\" content=\"summary_large_image\" \/>\n<meta name=\"twitter:label1\" content=\"Written by\" \/>\n\t<meta name=\"twitter:data1\" content=\"admin\" \/>\n\t<meta name=\"twitter:label2\" content=\"Est. reading time\" \/>\n\t<meta name=\"twitter:data2\" content=\"1 minute\" \/>\n<script type=\"application\/ld+json\" class=\"yoast-schema-graph\">{\"@context\":\"https:\/\/schema.org\",\"@graph\":[{\"@type\":\"Article\",\"@id\":\"https:\/\/www.zerdab.com\/?p=28105#article\",\"isPartOf\":{\"@id\":\"https:\/\/www.zerdab.com\/?p=28105\"},\"author\":{\"name\":\"admin\",\"@id\":\"https:\/\/www.zerdab.com\/#\/schema\/person\/97079b7570c1e89ec0d9e138c3672136\"},\"headline\":\"Z\u0259rdabda karantin rejimini pozan \u015f\u0259xs h\u0259bs edilib\",\"datePublished\":\"2020-04-04T19:44:54+00:00\",\"dateModified\":\"2020-04-04T19:47:05+00:00\",\"mainEntityOfPage\":{\"@id\":\"https:\/\/www.zerdab.com\/?p=28105\"},\"wordCount\":199,\"commentCount\":1,\"image\":{\"@id\":\"https:\/\/www.zerdab.com\/?p=28105#primaryimage\"},\"thumbnailUrl\":\"https:\/\/www.zerdab.com\/wp-content\/uploads\/2019\/05\/zerdab-vakansiya-isci-axtarilir.jpg\",\"articleSection\":[\"MAN\u015eET\",\"X\u018fB\u018fRL\u018fR\"],\"inLanguage\":\"az\",\"potentialAction\":[{\"@type\":\"CommentAction\",\"name\":\"Comment\",\"target\":[\"https:\/\/www.zerdab.com\/?p=28105#respond\"]}]},{\"@type\":\"WebPage\",\"@id\":\"https:\/\/www.zerdab.com\/?p=28105\",\"url\":\"https:\/\/www.zerdab.com\/?p=28105\",\"name\":\"Z\u0259rdabda karantin rejimini pozan \u015f\u0259xs h\u0259bs edilib - Z\u0259rdab.com\",\"isPartOf\":{\"@id\":\"https:\/\/www.zerdab.com\/#website\"},\"primaryImageOfPage\":{\"@id\":\"https:\/\/www.zerdab.com\/?p=28105#primaryimage\"},\"image\":{\"@id\":\"https:\/\/www.zerdab.com\/?p=28105#primaryimage\"},\"thumbnailUrl\":\"https:\/\/www.zerdab.com\/wp-content\/uploads\/2019\/05\/zerdab-vakansiya-isci-axtarilir.jpg\",\"datePublished\":\"2020-04-04T19:44:54+00:00\",\"dateModified\":\"2020-04-04T19:47:05+00:00\",\"author\":{\"@id\":\"https:\/\/www.zerdab.com\/#\/schema\/person\/97079b7570c1e89ec0d9e138c3672136\"},\"breadcrumb\":{\"@id\":\"https:\/\/www.zerdab.com\/?p=28105#breadcrumb\"},\"inLanguage\":\"az\",\"potentialAction\":[{\"@type\":\"ReadAction\",\"target\":[\"https:\/\/www.zerdab.com\/?p=28105\"]}]},{\"@type\":\"ImageObject\",\"inLanguage\":\"az\",\"@id\":\"https:\/\/www.zerdab.com\/?p=28105#primaryimage\",\"url\":\"https:\/\/www.zerdab.com\/wp-content\/uploads\/2019\/05\/zerdab-vakansiya-isci-axtarilir.jpg\",\"contentUrl\":\"https:\/\/www.zerdab.com\/wp-content\/uploads\/2019\/05\/zerdab-vakansiya-isci-axtarilir.jpg\",\"width\":1024,\"height\":576,\"caption\":\"zerdab-vakansiya-isci-axtarilir\"},{\"@type\":\"BreadcrumbList\",\"@id\":\"https:\/\/www.zerdab.com\/?p=28105#breadcrumb\",\"itemListElement\":[{\"@type\":\"ListItem\",\"position\":1,\"name\":\"Home\",\"item\":\"https:\/\/www.zerdab.com\/\"},{\"@type\":\"ListItem\",\"position\":2,\"name\":\"Z\u0259rdabda karantin rejimini pozan \u015f\u0259xs h\u0259bs edilib\"}]},{\"@type\":\"WebSite\",\"@id\":\"https:\/\/www.zerdab.com\/#website\",\"url\":\"https:\/\/www.zerdab.com\/\",\"name\":\"Z\u0259rdab.com\",\"description\":\"\",\"potentialAction\":[{\"@type\":\"SearchAction\",\"target\":{\"@type\":\"EntryPoint\",\"urlTemplate\":\"https:\/\/www.zerdab.com\/?s={search_term_string}\"},\"query-input\":{\"@type\":\"PropertyValueSpecification\",\"valueRequired\":true,\"valueName\":\"search_term_string\"}}],\"inLanguage\":\"az\"},{\"@type\":\"Person\",\"@id\":\"https:\/\/www.zerdab.com\/#\/schema\/person\/97079b7570c1e89ec0d9e138c3672136\",\"name\":\"admin\",\"image\":{\"@type\":\"ImageObject\",\"inLanguage\":\"az\",\"@id\":\"https:\/\/www.zerdab.com\/#\/schema\/person\/image\/\",\"url\":\"https:\/\/secure.gravatar.com\/avatar\/d9c52a9a27c32119cb6679a077fa3e2779e5f822c451cbf01098004361d466ec?s=96&d=mm&r=g\",\"contentUrl\":\"https:\/\/secure.gravatar.com\/avatar\/d9c52a9a27c32119cb6679a077fa3e2779e5f822c451cbf01098004361d466ec?s=96&d=mm&r=g\",\"caption\":\"admin\"},\"url\":\"https:\/\/www.zerdab.com\/?author=1\"}]}<\/script>\n<!-- \/ Yoast SEO plugin. -->","yoast_head_json":{"title":"Z\u0259rdabda karantin rejimini pozan \u015f\u0259xs h\u0259bs edilib - Z\u0259rdab.com","robots":{"index":"index","follow":"follow","max-snippet":"max-snippet:-1","max-image-preview":"max-image-preview:large","max-video-preview":"max-video-preview:-1"},"canonical":"https:\/\/www.zerdab.com\/?p=28105","og_locale":"az_AZ","og_type":"article","og_title":"Z\u0259rdabda karantin rejimini pozan \u015f\u0259xs h\u0259bs edilib - Z\u0259rdab.com","og_description":"Karantin rejimi qaydalar\u0131n\u0131n t\u0259min olunmas\u0131 m\u0259qs\u0259dil\u0259 Z\u0259rdab Rayon Polis \u015e\u00f6b\u0259sinin \u0259m\u0259kda\u015flar\u0131 t\u0259r\u0259find\u0259n t\u0259dbirl\u0259r davam etdirilir. Zerdab.com sayt\u0131na veril\u0259n m\u0259lumata g\u00f6r\u0259, rayon polis \u015f\u00f6b\u0259sinin \u0259m\u0259kda\u015flar\u0131 karantin rejimin\u0259 \u0259m\u0259l etm\u0259y\u0259n v\u0259 qaydalar\u0131 kobud \u015f\u0259kild\u0259 pozan v\u0259t\u0259nda\u015flara qar\u015f\u0131 reydl\u0259r h\u0259yata ke\u00e7irir. Bel\u0259 ki,\u00a0rayon \u0259razisind\u0259 polis \u0259m\u0259kda\u015flar\u0131 t\u0259r\u0259find\u0259n apar\u0131lan maarifl\u0259ndirici s\u00f6hb\u0259tl\u0259r v\u0259 edil\u0259n x\u0259b\u0259rdarl\u0131qlara baxmayaraq, yen\u0259 d\u0259 x\u00fcsusi karantin [&hellip;]","og_url":"https:\/\/www.zerdab.com\/?p=28105","og_site_name":"Z\u0259rdab.com","article_published_time":"2020-04-04T19:44:54+00:00","article_modified_time":"2020-04-04T19:47:05+00:00","og_image":[{"width":1024,"height":576,"url":"https:\/\/www.zerdab.com\/wp-content\/uploads\/2019\/05\/zerdab-vakansiya-isci-axtarilir.jpg","type":"image\/jpeg"}],"author":"admin","twitter_card":"summary_large_image","twitter_misc":{"Written by":"admin","Est. reading time":"1 minute"},"schema":{"@context":"https:\/\/schema.org","@graph":[{"@type":"Article","@id":"https:\/\/www.zerdab.com\/?p=28105#article","isPartOf":{"@id":"https:\/\/www.zerdab.com\/?p=28105"},"author":{"name":"admin","@id":"https:\/\/www.zerdab.com\/#\/schema\/person\/97079b7570c1e89ec0d9e138c3672136"},"headline":"Z\u0259rdabda karantin rejimini pozan \u015f\u0259xs h\u0259bs edilib","datePublished":"2020-04-04T19:44:54+00:00","dateModified":"2020-04-04T19:47:05+00:00","mainEntityOfPage":{"@id":"https:\/\/www.zerdab.com\/?p=28105"},"wordCount":199,"commentCount":1,"image":{"@id":"https:\/\/www.zerdab.com\/?p=28105#primaryimage"},"thumbnailUrl":"https:\/\/www.zerdab.com\/wp-content\/uploads\/2019\/05\/zerdab-vakansiya-isci-axtarilir.jpg","articleSection":["MAN\u015eET","X\u018fB\u018fRL\u018fR"],"inLanguage":"az","potentialAction":[{"@type":"CommentAction","name":"Comment","target":["https:\/\/www.zerdab.com\/?p=28105#respond"]}]},{"@type":"WebPage","@id":"https:\/\/www.zerdab.com\/?p=28105","url":"https:\/\/www.zerdab.com\/?p=28105","name":"Z\u0259rdabda karantin rejimini pozan \u015f\u0259xs h\u0259bs edilib - Z\u0259rdab.com","isPartOf":{"@id":"https:\/\/www.zerdab.com\/#website"},"primaryImageOfPage":{"@id":"https:\/\/www.zerdab.com\/?p=28105#primaryimage"},"image":{"@id":"https:\/\/www.zerdab.com\/?p=28105#primaryimage"},"thumbnailUrl":"https:\/\/www.zerdab.com\/wp-content\/uploads\/2019\/05\/zerdab-vakansiya-isci-axtarilir.jpg","datePublished":"2020-04-04T19:44:54+00:00","dateModified":"2020-04-04T19:47:05+00:00","author":{"@id":"https:\/\/www.zerdab.com\/#\/schema\/person\/97079b7570c1e89ec0d9e138c3672136"},"breadcrumb":{"@id":"https:\/\/www.zerdab.com\/?p=28105#breadcrumb"},"inLanguage":"az","potentialAction":[{"@type":"ReadAction","target":["https:\/\/www.zerdab.com\/?p=28105"]}]},{"@type":"ImageObject","inLanguage":"az","@id":"https:\/\/www.zerdab.com\/?p=28105#primaryimage","url":"https:\/\/www.zerdab.com\/wp-content\/uploads\/2019\/05\/zerdab-vakansiya-isci-axtarilir.jpg","contentUrl":"https:\/\/www.zerdab.com\/wp-content\/uploads\/2019\/05\/zerdab-vakansiya-isci-axtarilir.jpg","width":1024,"height":576,"caption":"zerdab-vakansiya-isci-axtarilir"},{"@type":"BreadcrumbList","@id":"https:\/\/www.zerdab.com\/?p=28105#breadcrumb","itemListElement":[{"@type":"ListItem","position":1,"name":"Home","item":"https:\/\/www.zerdab.com\/"},{"@type":"ListItem","position":2,"name":"Z\u0259rdabda karantin rejimini pozan \u015f\u0259xs h\u0259bs edilib"}]},{"@type":"WebSite","@id":"https:\/\/www.zerdab.com\/#website","url":"https:\/\/www.zerdab.com\/","name":"Z\u0259rdab.com","description":"","potentialAction":[{"@type":"SearchAction","target":{"@type":"EntryPoint","urlTemplate":"https:\/\/www.zerdab.com\/?s={search_term_string}"},"query-input":{"@type":"PropertyValueSpecification","valueRequired":true,"valueName":"search_term_string"}}],"inLanguage":"az"},{"@type":"Person","@id":"https:\/\/www.zerdab.com\/#\/schema\/person\/97079b7570c1e89ec0d9e138c3672136","name":"admin","image":{"@type":"ImageObject","inLanguage":"az","@id":"https:\/\/www.zerdab.com\/#\/schema\/person\/image\/","url":"https:\/\/secure.gravatar.com\/avatar\/d9c52a9a27c32119cb6679a077fa3e2779e5f822c451cbf01098004361d466ec?s=96&d=mm&r=g","contentUrl":"https:\/\/secure.gravatar.com\/avatar\/d9c52a9a27c32119cb6679a077fa3e2779e5f822c451cbf01098004361d466ec?s=96&d=mm&r=g","caption":"admin"},"url":"https:\/\/www.zerdab.com\/?author=1"}]}},"_links":{"self":[{"href":"https:\/\/www.zerdab.com\/index.php?rest_route=\/wp\/v2\/posts\/28105","targetHints":{"allow":["GET"]}}],"collection":[{"href":"https:\/\/www.zerdab.com\/index.php?rest_route=\/wp\/v2\/posts"}],"about":[{"href":"https:\/\/www.zerdab.com\/index.php?rest_route=\/wp\/v2\/types\/post"}],"author":[{"embeddable":true,"href":"https:\/\/www.zerdab.com\/index.php?rest_route=\/wp\/v2\/users\/1"}],"replies":[{"embeddable":true,"href":"https:\/\/www.zerdab.com\/index.php?rest_route=%2Fwp%2Fv2%2Fcomments&post=28105"}],"version-history":[{"count":3,"href":"https:\/\/www.zerdab.com\/index.php?rest_route=\/wp\/v2\/posts\/28105\/revisions"}],"predecessor-version":[{"id":28108,"href":"https:\/\/www.zerdab.com\/index.php?rest_route=\/wp\/v2\/posts\/28105\/revisions\/28108"}],"wp:featuredmedia":[{"embeddable":true,"href":"https:\/\/www.zerdab.com\/index.php?rest_route=\/wp\/v2\/media\/27146"}],"wp:attachment":[{"href":"https:\/\/www.zerdab.com\/index.php?rest_route=%2Fwp%2Fv2%2Fmedia&parent=28105"}],"wp:term":[{"taxonomy":"category","embeddable":true,"href":"https:\/\/www.zerdab.com\/index.php?rest_route=%2Fwp%2Fv2%2Fcategories&post=28105"},{"taxonomy":"post_tag","embeddable":true,"href":"https:\/\/www.zerdab.com\/index.php?rest_route=%2Fwp%2Fv2%2Ftags&post=28105"}],"curies":[{"name":"wp","href":"https:\/\/api.w.org\/{rel}","templated":true}]}}