{"id":28161,"date":"2020-05-19T10:39:17","date_gmt":"2020-05-19T06:39:17","guid":{"rendered":"http:\/\/www.zerdab.com\/?p=28161"},"modified":"2020-05-19T10:39:19","modified_gmt":"2020-05-19T06:39:19","slug":"nat%c9%99vanin-hacib%c9%99ylinin-bulbulun-gull%c9%99l%c9%99nmis-abid%c9%99l%c9%99rinin-yeri-s%c9%99hidl%c9%99r-xiyabanidir","status":"publish","type":"post","link":"https:\/\/www.zerdab.com\/?p=28161","title":{"rendered":"&#8220;Nat\u0259van\u0131n, Hac\u0131b\u0259ylinin, B\u00fclb\u00fcl\u00fcn g\u00fcll\u0259l\u0259nmi\u015f abid\u0259l\u0259rinin yeri \u015e\u0259hidl\u0259r xiyaban\u0131d\u0131r&#8221;"},"content":{"rendered":"\n<p><strong><em>\u2013 Jal\u0259 xan\u0131m, haz\u0131rda ya\u015fad\u0131\u011f\u0131m\u0131z may ay\u0131 xalq\u0131m\u0131z \u00fc\u00e7\u00fcn t\u0259\u0259ss\u00fcf ki, k\u0259d\u0259rli g\u00fcnl\u0259rl\u0259, hadis\u0259l\u0259rl\u0259 z\u0259ngindir. Bel\u0259 ki, 28 il \u00f6nc\u0259, c\u0259mi 10 g\u00fcn\u00fcn i\u00e7\u0259risind\u0259 Az\u0259rbaycan \u00fc\u00e7\u00fcn son d\u0259r\u0259c\u0259 m\u00fch\u00fcm strateji \u0259h\u0259miyy\u0259tli v\u0259 b\u0259lk\u0259 d\u0259 Qaraba\u011f m\u00fcnaqi\u015f\u0259sinin h\u0259llind\u0259 a\u00e7ar rolunu oynayacaq iki b\u00f6lg\u0259ni\u2013iki dilb\u0259r gu\u015f\u0259ni\u2013\u015e\u0259rqin kon\u00adservatoriyas\u0131 say\u0131lan \u015eu\u015fan\u0131 v\u0259 La\u00e7\u0131n\u0131 itirdik&#8230; Torpaqlar\u0131m\u0131z\u0131 geri qayta\u00adraca\u011f\u0131m\u0131za \u0259minliyimiz bir an olsun bel\u0259 t\u00fck\u0259nm\u0259yib. Amma itirdiyimiz m\u0259n\u0259vi d\u0259y\u0259rl\u0259rimizi, tarixi-mili-dini s\u0259rv\u0259tl\u0259rimizi geriy\u0259 qaytarmaq b\u0259lk\u0259 d\u0259 m\u00fcmk\u00fcn olmayacaq. Bu bar\u0259d\u0259 siz n\u0259 d\u00fc\u015f\u00fcn\u00fcrs\u00fcn\u00fcz?<\/em><\/strong><\/p>\n\n\n\n<p>\u2013 B\u0259li, \u00e7ox t\u0259\u0259ss\u00fcfl\u0259r olsun ki, 32 ild\u0259n b\u0259ri zorla c\u0259lb olundu\u011fumuz Erm\u0259nistan\u2013 Az\u0259rbaycan, Da\u011fl\u0131q Qa\u00adraba\u011f m\u00fcnaqi\u015f\u0259si h\u0259l\u0259 d\u0259 davam edir. Bu g\u00fcn d\u0259 fa\u015fizmi, nasizmi, rasizmi, terrorizmi d\u00f6vl\u0259t siyas\u0259ti s\u0259viyy\u0259sin\u0259 qald\u0131ran Erm\u0259nistan\u0131n t\u0259cav\u00fczkarl\u0131q v\u0259 i\u015f\u011fal\u00e7\u0131l\u0131q siyas\u0259tini davam etdirm\u0259si, h\u0259l\u0259 d\u0259 beyn\u0259lxalq birliyin, AT\u018fT-in, onun Minsk qrupu h\u0259ms\u0259drl\u0259rinin laqeydliyi v\u0259 bigan\u0259liyi, b\u0259z\u0259n is\u0259 a\u00e7\u0131q-a\u015fkar i\u015f\u011fal\u00e7\u0131 il\u0259 i\u015f\u011fala m\u0259ruz qalan\u0131 eynil\u0259\u015fdirm\u0259si, onlar\u0131n ikili standartlar\u0131 \u00fcz\u00fcnd\u0259n m\u00fcnaqi\u015f\u0259 \u0259dal\u0259tli v\u0259 m\u00fcsb\u0259t h\u0259llini tapm\u0131r. 1993-c\u00fc ild\u0259 BMT T\u0259hl\u00fck\u0259sizlik \u015euras\u0131 t\u0259r\u0259find\u0259n q\u0259bul edil\u0259n 4 q\u0259tnam\u0259 indiy\u0259d\u0259k yerin\u0259 yetirilmir. Daha \u00e7ox t\u0259\u0259ss\u00fcf v\u0259 t\u0259\u0259cc\u00fcb do\u011furan\u0131 is\u0259 h\u0259min q\u0259tnam\u0259l\u0259ri q\u0259bul ed\u0259n t\u0259\u015fkilat\u0131n Erm\u0259nistan\u0131n i\u015f\u011fal\u00e7\u0131 siyas\u0259tini davam etdirm\u0259sin\u0259 laqeyd v\u0259 bigan\u0259 yana\u015fmas\u0131d\u0131r. Daha pis m\u0259qamlardan biri d\u0259 odur ki, BMT, AT\u018fT, Minsk qrupunun h\u0259ms\u0259dr d\u00f6vl\u0259tl\u0259ri h\u0259min q\u0259tnam\u0259l\u0259rin icras\u0131 v\u0259 yerin\u0259 yetirilm\u0259si \u00fc\u00e7\u00fcn Erm\u0259nistana he\u00e7 bir t\u0259sir v\u0259 t\u0259zyiq g\u00f6st\u0259rmir, sanksiyalar t\u0259tbiq etmirl\u0259r. Bu is\u0259 n\u0259tic\u0259 etibaril\u0259 Erm\u0259nistan\u0131 n\u00f6vb\u0259ti d\u0259f\u0259 i\u015f\u011fal\u00e7\u0131l\u0131\u011fa v\u0259 t\u0259cav\u00fczkarl\u0131\u011fa \u015firnikl\u0259ndirir. Ancaq d\u00f6vl\u0259timizin v\u0259 onun ba\u015f\u00e7\u0131s\u0131n\u0131n bu m\u0259s\u0259l\u0259d\u0259 m\u00f6vqeyi q\u0259ti, birm\u0259nal\u0131 v\u0259 yekdildir. Az\u0259rbaycan xalq\u0131 v\u0259 d\u00f6vl\u0259ti bu g\u00fcn\u0259 q\u0259d\u0259r i\u015f\u011fal fakt\u0131n\u0131 q\u0259bul etm\u0259yib, onunla bar\u0131\u015fma\u00ady\u0131b, bundan sonra da q\u0259bul etm\u0259y\u0259c\u0259k v\u0259 bar\u0131\u015fmayacaq. \u00d6lk\u0259 Prezidentinin d\u0259 b\u0259yan etdiyi kimi, Qaraba\u011f Az\u0259rbaycand\u0131r, Qaraba\u011f Az\u0259rbaycan\u0131nd\u0131r! Ancaq Qara\u00adba\u011f\u0131n, yurd yerl\u0259rimizin, o c\u00fcml\u0259d\u0259n, bir ne\u00e7\u0259 g\u00fcn \u00f6nc\u0259 n\u00f6vb\u0259ti i\u015f\u011fal ild\u00f6n\u00fcm\u00fcn\u00fc ya\u015fad\u0131\u011f\u0131m\u0131z \u015eu\u015fan\u0131n v\u0259 La\u00e7\u0131n\u0131n s\u00fcqutu il\u0259 h\u0259m d\u0259 b\u00f6y\u00fck milli-m\u0259d\u0259ni-tarixi-dini s\u0259rv\u0259tl\u0259rimizi itirdik. He\u00e7 bir d\u0259y\u0259r tan\u0131ma\u00adyan Erm\u0259nistan\u0131n v\u0259 erm\u0259nil\u0259rin vanda\u00adlizm siyas\u0259ti n\u0259tic\u0259sind\u0259 i\u015f\u011fal olunmu\u015f yurd yerl\u0259rimizd\u0259ki \u0259srl\u0259rin yadigar\u0131 olan tarixi-dini-milli abid\u0259l\u0259rimiz\u2013 m\u0259scidl\u0259rimiz, ziyar\u0259tgahlar\u0131m\u0131z, q\u0259biristanl\u0131qlar\u0131m\u0131z, a\u00e7\u0131q v\u0259 qapal\u0131 muzeyl\u0259rimiz, s\u0259n\u0259t incil\u0259rimiz \u2013 ham\u0131s\u0131 m\u0259hv edildi, yerl\u0259-yeksan olundu, ya\u011fmaland\u0131. Bunlar\u0131 qaytarmaq, b\u0259rpa etm\u0259k is\u0259 olduqca \u00e7\u0259tin v\u0259 dey\u0259rdim ki, m\u00fc\u015fk\u00fcld\u00fcr. D\u00fcz\u00add\u00fcr, Az\u0259rbaycan d\u00f6vl\u0259tinin, \u00f6lk\u0259 Prezi\u00addentinin, Birinci vitse-prezident Mehriban xan\u0131m \u018fliyevan\u0131n v\u0259 Heyd\u0259r \u018fliyev Fondunun apard\u0131\u011f\u0131 g\u0259rgin i\u015fl\u0259r say\u0259sind\u0259 \u00f6lk\u0259mizin bu m\u0259s\u0259l\u0259l\u0259rd\u0259 d\u0259 haqq s\u0259si d\u00fcnya\u00adya \u00e7atd\u0131r\u0131ld\u0131, m\u00fcvafiq q\u0259rarlarda, s\u0259n\u0259dl\u0259rd\u0259 \u0259ksini tapd\u0131, amma bizi yen\u0259 d\u0259 b\u00f6y\u00fck m\u00fcbariz\u0259 v\u0259 geni\u015f s\u0259f\u0259rb\u0259rlik g\u00f6zl\u0259yir. Can\u00adl\u0131 itkil\u0259rimizi, \u015f\u0259hidl\u0259rimizi geri qaytara bilm\u0259s\u0259k d\u0259, qaytara bil\u0259c\u0259kl\u0259rimizi, d\u00fcnyaya \u0259yani \u015f\u0259kild\u0259 \u00e7atd\u0131ra bil\u0259c\u0259kl\u0259rimizi realla\u015fd\u0131rmaq \u00fc\u00e7\u00fcn ham\u0131l\u0131qla, ellikl\u0259 h\u0259l\u0259 d\u0259 g\u00f6r\u00fcl\u0259c\u0259k i\u015fl\u0259rimiz \u00e7oxdur. Ham\u0131m\u0131z d\u00fc\u015f\u00fcnc\u0259l\u0259rimizi bu m\u0259s\u0259l\u0259l\u0259r \u00fcz\u0259rind\u0259 c\u0259ml\u0259\u015fdirm\u0259liyik.<\/p>\n\n\n\n<p><strong><em>\u2013 Konkret olaraq, n\u0259yi n\u0259z\u0259rd\u0259 tutursunuz?<\/em><\/strong><\/p>\n\n\n\n<p>\u2013 Bu haqda fikirl\u0259rimi bir ne\u00e7\u0259 d\u0259f\u0259 a\u00e7\u0131qlam\u0131\u015fam. H\u0259m yaz\u0131l\u0131 m\u0259tbuatda, h\u0259m d\u0259 televiziya proqramlar\u0131ndak\u0131 \u00e7\u0131x\u0131\u015flar\u0131mda, el\u0259c\u0259 d\u0259 Milli M\u0259clisin komit\u0259 v\u0259 plenar iclas\u00adlar\u0131nda bu y\u00f6nd\u0259 \u00f6z fikir v\u0259 t\u0259klifl\u0259rimi s\u0259sl\u0259ndirmi\u015f\u0259m. El\u0259 c\u0259mi bir ne\u00e7\u0259 g\u00fcn \u00f6nc\u0259, konkret qeyd etm\u0259li olsam, Milli M\u0259clisin may\u0131n 5-d\u0259 ke\u00e7iril\u0259n iclas\u0131nda \u201cN\u0259\u015frl\u0259rin beyn\u0259lxalq m\u00fcbadil\u0259si kon\u00advensiyas\u0131n\u0131n t\u0259sdiq edilm\u0259si haqq\u0131nda\u201d qanun layih\u0259sinin m\u00fczakir\u0259si zaman\u0131 bu bar\u0259d\u0259 bir daha dan\u0131\u015fm\u0131\u015fam, c\u0259miyy\u0259t\u0259 v\u0259 \u0259laq\u0259dar qurumlara \u00e7a\u011f\u0131r\u0131\u015flar etmi\u015f\u0259m. H\u0259min \u00e7\u0131x\u0131\u015f\u0131m\u0131 oldu\u011fu kimi, bir daha qeyd etm\u0259k ist\u0259yir\u0259m. Ham\u0131m\u0131za m\u0259lum oldu\u011fu kimi, Qaraba\u011f\u0131m\u0131z\u0131n, b\u00fct\u00f6vl\u00fckd\u0259, Az\u0259rbaycan\u0131m\u0131z\u0131n m\u0259n\u0259vi s\u0259rv\u0259tl\u0259rind\u0259n, d\u00fchalar\u0131ndan olan Xan q\u0131z\u0131 Nat\u0259van\u0131n, \u00dczeyir b\u0259y Hac\u0131b\u0259ylinin, B\u00fclb\u00fcl\u00fcn uzun ill\u0259r boyu i\u015f\u011fal alt\u0131ndak\u0131 torpaqlar\u0131m\u0131zda vandalizm\u0259 m\u0259ruz qalan g\u00fcll\u0259l\u0259nmi\u015f heyk\u0259ll\u0259ri \u00fcmummilli lider Heyd\u0259r \u018fliyevin s\u0259yl\u0259ri v\u0259 m\u00fcdaxil\u0259si il\u0259 Bak\u0131ya g\u0259tirildi. H\u0259min heyk\u0259ll\u0259r indiy\u0259d\u0259k \u0130nc\u0259s\u0259n\u0259t Muzeyinin arxa h\u0259y\u0259tind\u0259 saxlanmaqda\u00add\u0131r. M\u0259nc\u0259, bu \u015f\u0259hid heyk\u0259ll\u0259r, \u015f\u0259h\u0259rin g\u00f6rm\u0259li yerl\u0259rind\u0259n birind\u0259, m\u0259s\u0259l\u0259n \u015e\u0259hidl\u0259r xiyaban\u0131nda yerl\u0259\u015fdirilm\u0259lidir.<\/p>\n\n\n\n<p>\u00dcmumiy\u0259tl\u0259, XX \u0259srd\u0259 bir ne\u00e7\u0259 d\u0259f\u0259 soyq\u0131r\u0131m\u0131na, repressiyalara m\u0259ruz qalan bir xalq\u0131n tarixi h\u0259qiq\u0259tl\u0259rini v\u0259 haqq\u0131m\u0131z\u0131n geri qaytar\u0131lmas\u0131 u\u011frunda h\u0259yata ke\u00e7iril\u0259n d\u00f6vl\u0259t siyas\u0259tini \u0259ks etdir\u0259n eksponat\u00adlardan ibar\u0259t bir muzeyin a\u00e7\u0131lmas\u0131na ehtiyac var. Bu heyk\u0259ll\u0259r bizim haql\u0131 m\u00fcbariz\u0259mizin pasportudur, Erm\u0259nistan\u0131n torpaqlar\u0131m\u0131zda h\u0259yata ke\u00e7irdiyi da\u011f\u0131\u00add\u0131c\u0131 siyas\u0259tin da\u015fla\u015fm\u0131\u015f yadda\u015f\u0131d\u0131r v\u0259 bu heyk\u0259ll\u0259rin g\u00f6z \u00f6n\u00fcnd\u0259 olmas\u0131 \u00e7ox \u0259h\u0259miyy\u0259tlidir. \u00c7\u00fcnki Az\u0259rbaycan b\u00fc g\u00fcn b\u00fct\u00fcn sah\u0259l\u0259rd\u0259 inki\u015faf etdiyi kimi, turizm sah\u0259sind\u0259 d\u0259 b\u00f6y\u00fck inki\u015faf m\u0259rh\u0259l\u0259sin\u0259 q\u0259d\u0259m qoymu\u015fdur. Az\u0259rbaycan turistl\u0259r \u00fc\u00e7\u00fcn c\u0259lbedici \u00f6lk\u0259y\u0259 \u00e7evrilmi\u015fdir. H\u0259r il y\u00fcz minl\u0259rl\u0259 turist \u00f6lk\u0259miz\u0259, Bak\u0131ya ax\u0131n edir. Onlar\u0131n \u00e7oxunun he\u00e7 d\u0259 Qaraba\u011f m\u00fcnaqi\u015f\u0259sind\u0259n, erm\u0259ni barbarl\u0131\u011f\u0131 v\u0259 vandalizmind\u0259n geni\u015f, m\u00fcf\u0259ss\u0259l m\u0259lumatlar\u0131 yoxdur. Bel\u0259 bir muzeyi ya\u00adratmaqla v\u0259 oraya turistl\u0259rin ax\u0131n\u0131n\u0131 t\u0259\u015fkil etm\u0259kl\u0259, Qaraba\u011f h\u0259qiq\u0259tl\u0259rini, Qaraba\u011f ac\u0131lar\u0131m\u0131z\u0131, ba\u015f\u0131m\u0131za g\u0259tiril\u0259n m\u00fcsib\u0259tl\u0259ri \u0259yani \u015f\u0259kild\u0259 t\u0259qdim etmi\u015f olar\u0131q. \u0130na\u00adn\u0131ram v\u0259 \u0259min\u0259m ki, bunun erm\u0259nil\u0259rin, Erm\u0259nistan\u0131n i\u00e7 \u00fcz\u00fcn\u00fcn a\u00e7\u0131lmas\u0131nda, erm\u0259ni yalanlar\u0131n\u0131n if\u015fa olunmas\u0131nda b\u00f6y\u00fck t\u0259siri ola bil\u0259r. Ona g\u00f6r\u0259 d\u0259 inan\u00admaq ist\u0259rdim ki, yax\u0131n g\u0259l\u0259c\u0259kd\u0259 bu y\u00f6nd\u0259 t\u0259klifim\u0259 m\u00fcsb\u0259t r\u0259y veril\u0259c\u0259k. Yeri g\u0259lmi\u015fk\u0259n, parlamentin bu il may iclas\u0131n\u00adda ir\u0259li s\u00fcrd\u00fcy\u00fcm bu t\u0259klifin n\u0259z\u0259r\u0259 al\u0131n\u00admas\u0131 xahi\u015fi il\u0259 art\u0131q \u0259laq\u0259dar t\u0259\u015fkilatlara m\u00fcraci\u0259t etmi\u015f\u0259m. \u018fmin\u0259m ki, m\u00fcsb\u0259t cavab veril\u0259c\u0259kdir.<\/p>\n\n\n\n<p><strong><em>\u2013 Qeyd etm\u0259k yerin\u0259 d\u00fc\u015f\u0259r ki, sizin bu t\u0259klifiniz art\u0131q \u00f6z\u00fcn\u0259 geni\u015f t\u0259r\u0259fdar ordusu toplamaqdad\u0131r&#8230;<\/em><\/strong><\/p>\n\n\n\n<p>\u2013B\u0259li, m\u0259nim \u00fc\u00e7\u00fcn \u00e7ox xo\u015fdur ki, son bir ne\u00e7\u0259 ild\u0259, el\u0259c\u0259 d\u0259 h\u0259min \u00e7\u0131x\u0131\u015f\u0131mda s\u0259sl\u0259ndirdiyim t\u0259kilfl\u0259r insanlar t\u0259r\u0259find\u0259n r\u0259\u011fb\u0259tl\u0259 qar\u015f\u0131lanmaqda v\u0259 d\u0259st\u0259k qazan\u00admaqdad\u0131r. H\u0259tta, el\u0259 h\u0259min \u00e7\u0131x\u0131\u015f\u0131mdan sonra n\u00f6vb\u0259ti iclas\u0131m\u0131zda h\u0259mkar\u0131m Q\u0259nir\u0259 Pa\u015fayeva da eyni t\u0259klifl\u0259 \u00e7\u0131x\u0131\u015f etdi. M\u0259n ona, t\u0259klifimi d\u0259st\u0259kl\u0259diyi \u00fc\u00e7\u00fcn t\u0259\u015f\u0259kk\u00fcr edir\u0259m. \u00dcmumiyy\u0259tl\u0259, bu m\u0259s\u0259l\u0259 zaman-zaman \u00e7e\u015fidli fikirl\u0259r, t\u0259klifl\u0259r \u015f\u0259klind\u0259 ortaya qoyulur. D\u00fc\u015f\u00fcn\u00fcr\u0259m ki, h\u0259m ad\u0131n\u0131 \u00e7\u0259kdiyimiz g\u00fcll\u0259l\u0259nmi\u015f heyk\u0259ll\u0259rin, h\u0259m d\u0259 i\u015f\u011fal alt\u0131ndak\u0131 torpaq\u00adlarda qalan maddi v\u0259 m\u0259n\u0259vi abid\u0259l\u0259rimiz bar\u0259d\u0259 geni\u015f miqyasda m\u0259lumat verilm\u0259si d\u00fcnya ictimai fikrinin formala\u015f\u00admas\u0131, n\u0259tic\u0259 etibaril\u0259, haqq\u0131m\u0131z\u0131n, \u0259dal\u0259tin b\u0259rq\u0259rar olmas\u0131 bax\u0131m\u0131ndan \u00e7ox vacibdir.<\/p>\n\n\n\n<p><strong><em>M\u00fcsahib\u0259ni q\u0259l\u0259m\u0259 ald\u0131:<br>\u018fliqism\u0259t B\u018fD\u018fLOV, \u201cXalq q\u0259zeti\u201d<\/em><\/strong><\/p>\n","protected":false},"excerpt":{"rendered":"<p>\u2013 Jal\u0259 xan\u0131m, haz\u0131rda ya\u015fad\u0131\u011f\u0131m\u0131z may ay\u0131 xalq\u0131m\u0131z \u00fc\u00e7\u00fcn t\u0259\u0259ss\u00fcf ki, k\u0259d\u0259rli g\u00fcnl\u0259rl\u0259, hadis\u0259l\u0259rl\u0259 z\u0259ngindir. Bel\u0259 ki, 28 il \u00f6nc\u0259, c\u0259mi 10 g\u00fcn\u00fcn i\u00e7\u0259risind\u0259 Az\u0259rbaycan \u00fc\u00e7\u00fcn son d\u0259r\u0259c\u0259 m\u00fch\u00fcm strateji \u0259h\u0259miyy\u0259tli v\u0259 b\u0259lk\u0259 d\u0259 Qaraba\u011f m\u00fcnaqi\u015f\u0259sinin h\u0259llind\u0259 a\u00e7ar rolunu oynayacaq iki b\u00f6lg\u0259ni\u2013iki dilb\u0259r gu\u015f\u0259ni\u2013\u015e\u0259rqin kon\u00adservatoriyas\u0131 say\u0131lan \u015eu\u015fan\u0131 v\u0259 La\u00e7\u0131n\u0131 itirdik&#8230; Torpaqlar\u0131m\u0131z\u0131 geri qayta\u00adraca\u011f\u0131m\u0131za \u0259minliyimiz bir [&hellip;]<\/p>\n","protected":false},"author":1,"featured_media":0,"comment_status":"open","ping_status":"open","sticky":false,"template":"","format":"standard","meta":{"footnotes":""},"categories":[63,5],"tags":[],"class_list":{"0":"post-28161","1":"post","2":"type-post","3":"status-publish","4":"format-standard","6":"category-manset","7":"category-knd"},"yoast_head":"<!-- This site is optimized with the Yoast SEO plugin v27.0 - https:\/\/yoast.com\/product\/yoast-seo-wordpress\/ -->\n<title>&quot;Nat\u0259van\u0131n, Hac\u0131b\u0259ylinin, B\u00fclb\u00fcl\u00fcn g\u00fcll\u0259l\u0259nmi\u015f abid\u0259l\u0259rinin yeri \u015e\u0259hidl\u0259r xiyaban\u0131d\u0131r&quot; - Z\u0259rdab.com<\/title>\n<meta name=\"robots\" content=\"index, follow, max-snippet:-1, max-image-preview:large, max-video-preview:-1\" \/>\n<link rel=\"canonical\" href=\"https:\/\/www.zerdab.com\/?p=28161\" \/>\n<meta property=\"og:locale\" content=\"az_AZ\" \/>\n<meta property=\"og:type\" content=\"article\" \/>\n<meta property=\"og:title\" content=\"&quot;Nat\u0259van\u0131n, Hac\u0131b\u0259ylinin, B\u00fclb\u00fcl\u00fcn g\u00fcll\u0259l\u0259nmi\u015f abid\u0259l\u0259rinin yeri \u015e\u0259hidl\u0259r xiyaban\u0131d\u0131r&quot; - Z\u0259rdab.com\" \/>\n<meta property=\"og:description\" content=\"\u2013 Jal\u0259 xan\u0131m, haz\u0131rda ya\u015fad\u0131\u011f\u0131m\u0131z may ay\u0131 xalq\u0131m\u0131z \u00fc\u00e7\u00fcn t\u0259\u0259ss\u00fcf ki, k\u0259d\u0259rli g\u00fcnl\u0259rl\u0259, hadis\u0259l\u0259rl\u0259 z\u0259ngindir. Bel\u0259 ki, 28 il \u00f6nc\u0259, c\u0259mi 10 g\u00fcn\u00fcn i\u00e7\u0259risind\u0259 Az\u0259rbaycan \u00fc\u00e7\u00fcn son d\u0259r\u0259c\u0259 m\u00fch\u00fcm strateji \u0259h\u0259miyy\u0259tli v\u0259 b\u0259lk\u0259 d\u0259 Qaraba\u011f m\u00fcnaqi\u015f\u0259sinin h\u0259llind\u0259 a\u00e7ar rolunu oynayacaq iki b\u00f6lg\u0259ni\u2013iki dilb\u0259r gu\u015f\u0259ni\u2013\u015e\u0259rqin kon\u00adservatoriyas\u0131 say\u0131lan \u015eu\u015fan\u0131 v\u0259 La\u00e7\u0131n\u0131 itirdik&#8230; Torpaqlar\u0131m\u0131z\u0131 geri qayta\u00adraca\u011f\u0131m\u0131za \u0259minliyimiz bir [&hellip;]\" \/>\n<meta property=\"og:url\" content=\"https:\/\/www.zerdab.com\/?p=28161\" \/>\n<meta property=\"og:site_name\" content=\"Z\u0259rdab.com\" \/>\n<meta property=\"article:published_time\" content=\"2020-05-19T06:39:17+00:00\" \/>\n<meta property=\"article:modified_time\" content=\"2020-05-19T06:39:19+00:00\" \/>\n<meta name=\"author\" content=\"admin\" \/>\n<meta name=\"twitter:card\" content=\"summary_large_image\" \/>\n<meta name=\"twitter:label1\" content=\"Written by\" \/>\n\t<meta name=\"twitter:data1\" content=\"admin\" \/>\n\t<meta name=\"twitter:label2\" content=\"Est. reading time\" \/>\n\t<meta name=\"twitter:data2\" content=\"8 minutes\" \/>\n<script type=\"application\/ld+json\" class=\"yoast-schema-graph\">{\"@context\":\"https:\/\/schema.org\",\"@graph\":[{\"@type\":\"Article\",\"@id\":\"https:\/\/www.zerdab.com\/?p=28161#article\",\"isPartOf\":{\"@id\":\"https:\/\/www.zerdab.com\/?p=28161\"},\"author\":{\"name\":\"admin\",\"@id\":\"https:\/\/www.zerdab.com\/#\/schema\/person\/97079b7570c1e89ec0d9e138c3672136\"},\"headline\":\"&#8220;Nat\u0259van\u0131n, Hac\u0131b\u0259ylinin, B\u00fclb\u00fcl\u00fcn g\u00fcll\u0259l\u0259nmi\u015f abid\u0259l\u0259rinin yeri \u015e\u0259hidl\u0259r xiyaban\u0131d\u0131r&#8221;\",\"datePublished\":\"2020-05-19T06:39:17+00:00\",\"dateModified\":\"2020-05-19T06:39:19+00:00\",\"mainEntityOfPage\":{\"@id\":\"https:\/\/www.zerdab.com\/?p=28161\"},\"wordCount\":1619,\"commentCount\":0,\"articleSection\":[\"MAN\u015eET\",\"X\u018fB\u018fRL\u018fR\"],\"inLanguage\":\"az\",\"potentialAction\":[{\"@type\":\"CommentAction\",\"name\":\"Comment\",\"target\":[\"https:\/\/www.zerdab.com\/?p=28161#respond\"]}]},{\"@type\":\"WebPage\",\"@id\":\"https:\/\/www.zerdab.com\/?p=28161\",\"url\":\"https:\/\/www.zerdab.com\/?p=28161\",\"name\":\"\\\"Nat\u0259van\u0131n, Hac\u0131b\u0259ylinin, B\u00fclb\u00fcl\u00fcn g\u00fcll\u0259l\u0259nmi\u015f abid\u0259l\u0259rinin yeri \u015e\u0259hidl\u0259r xiyaban\u0131d\u0131r\\\" - Z\u0259rdab.com\",\"isPartOf\":{\"@id\":\"https:\/\/www.zerdab.com\/#website\"},\"datePublished\":\"2020-05-19T06:39:17+00:00\",\"dateModified\":\"2020-05-19T06:39:19+00:00\",\"author\":{\"@id\":\"https:\/\/www.zerdab.com\/#\/schema\/person\/97079b7570c1e89ec0d9e138c3672136\"},\"breadcrumb\":{\"@id\":\"https:\/\/www.zerdab.com\/?p=28161#breadcrumb\"},\"inLanguage\":\"az\",\"potentialAction\":[{\"@type\":\"ReadAction\",\"target\":[\"https:\/\/www.zerdab.com\/?p=28161\"]}]},{\"@type\":\"BreadcrumbList\",\"@id\":\"https:\/\/www.zerdab.com\/?p=28161#breadcrumb\",\"itemListElement\":[{\"@type\":\"ListItem\",\"position\":1,\"name\":\"Home\",\"item\":\"https:\/\/www.zerdab.com\/\"},{\"@type\":\"ListItem\",\"position\":2,\"name\":\"&#8220;Nat\u0259van\u0131n, Hac\u0131b\u0259ylinin, B\u00fclb\u00fcl\u00fcn g\u00fcll\u0259l\u0259nmi\u015f abid\u0259l\u0259rinin yeri \u015e\u0259hidl\u0259r xiyaban\u0131d\u0131r&#8221;\"}]},{\"@type\":\"WebSite\",\"@id\":\"https:\/\/www.zerdab.com\/#website\",\"url\":\"https:\/\/www.zerdab.com\/\",\"name\":\"Z\u0259rdab.com\",\"description\":\"\",\"potentialAction\":[{\"@type\":\"SearchAction\",\"target\":{\"@type\":\"EntryPoint\",\"urlTemplate\":\"https:\/\/www.zerdab.com\/?s={search_term_string}\"},\"query-input\":{\"@type\":\"PropertyValueSpecification\",\"valueRequired\":true,\"valueName\":\"search_term_string\"}}],\"inLanguage\":\"az\"},{\"@type\":\"Person\",\"@id\":\"https:\/\/www.zerdab.com\/#\/schema\/person\/97079b7570c1e89ec0d9e138c3672136\",\"name\":\"admin\",\"image\":{\"@type\":\"ImageObject\",\"inLanguage\":\"az\",\"@id\":\"https:\/\/www.zerdab.com\/#\/schema\/person\/image\/\",\"url\":\"https:\/\/secure.gravatar.com\/avatar\/d9c52a9a27c32119cb6679a077fa3e2779e5f822c451cbf01098004361d466ec?s=96&d=mm&r=g\",\"contentUrl\":\"https:\/\/secure.gravatar.com\/avatar\/d9c52a9a27c32119cb6679a077fa3e2779e5f822c451cbf01098004361d466ec?s=96&d=mm&r=g\",\"caption\":\"admin\"},\"url\":\"https:\/\/www.zerdab.com\/?author=1\"}]}<\/script>\n<!-- \/ Yoast SEO plugin. -->","yoast_head_json":{"title":"\"Nat\u0259van\u0131n, Hac\u0131b\u0259ylinin, B\u00fclb\u00fcl\u00fcn g\u00fcll\u0259l\u0259nmi\u015f abid\u0259l\u0259rinin yeri \u015e\u0259hidl\u0259r xiyaban\u0131d\u0131r\" - Z\u0259rdab.com","robots":{"index":"index","follow":"follow","max-snippet":"max-snippet:-1","max-image-preview":"max-image-preview:large","max-video-preview":"max-video-preview:-1"},"canonical":"https:\/\/www.zerdab.com\/?p=28161","og_locale":"az_AZ","og_type":"article","og_title":"\"Nat\u0259van\u0131n, Hac\u0131b\u0259ylinin, B\u00fclb\u00fcl\u00fcn g\u00fcll\u0259l\u0259nmi\u015f abid\u0259l\u0259rinin yeri \u015e\u0259hidl\u0259r xiyaban\u0131d\u0131r\" - Z\u0259rdab.com","og_description":"\u2013 Jal\u0259 xan\u0131m, haz\u0131rda ya\u015fad\u0131\u011f\u0131m\u0131z may ay\u0131 xalq\u0131m\u0131z \u00fc\u00e7\u00fcn t\u0259\u0259ss\u00fcf ki, k\u0259d\u0259rli g\u00fcnl\u0259rl\u0259, hadis\u0259l\u0259rl\u0259 z\u0259ngindir. Bel\u0259 ki, 28 il \u00f6nc\u0259, c\u0259mi 10 g\u00fcn\u00fcn i\u00e7\u0259risind\u0259 Az\u0259rbaycan \u00fc\u00e7\u00fcn son d\u0259r\u0259c\u0259 m\u00fch\u00fcm strateji \u0259h\u0259miyy\u0259tli v\u0259 b\u0259lk\u0259 d\u0259 Qaraba\u011f m\u00fcnaqi\u015f\u0259sinin h\u0259llind\u0259 a\u00e7ar rolunu oynayacaq iki b\u00f6lg\u0259ni\u2013iki dilb\u0259r gu\u015f\u0259ni\u2013\u015e\u0259rqin kon\u00adservatoriyas\u0131 say\u0131lan \u015eu\u015fan\u0131 v\u0259 La\u00e7\u0131n\u0131 itirdik&#8230; Torpaqlar\u0131m\u0131z\u0131 geri qayta\u00adraca\u011f\u0131m\u0131za \u0259minliyimiz bir [&hellip;]","og_url":"https:\/\/www.zerdab.com\/?p=28161","og_site_name":"Z\u0259rdab.com","article_published_time":"2020-05-19T06:39:17+00:00","article_modified_time":"2020-05-19T06:39:19+00:00","author":"admin","twitter_card":"summary_large_image","twitter_misc":{"Written by":"admin","Est. reading time":"8 minutes"},"schema":{"@context":"https:\/\/schema.org","@graph":[{"@type":"Article","@id":"https:\/\/www.zerdab.com\/?p=28161#article","isPartOf":{"@id":"https:\/\/www.zerdab.com\/?p=28161"},"author":{"name":"admin","@id":"https:\/\/www.zerdab.com\/#\/schema\/person\/97079b7570c1e89ec0d9e138c3672136"},"headline":"&#8220;Nat\u0259van\u0131n, Hac\u0131b\u0259ylinin, B\u00fclb\u00fcl\u00fcn g\u00fcll\u0259l\u0259nmi\u015f abid\u0259l\u0259rinin yeri \u015e\u0259hidl\u0259r xiyaban\u0131d\u0131r&#8221;","datePublished":"2020-05-19T06:39:17+00:00","dateModified":"2020-05-19T06:39:19+00:00","mainEntityOfPage":{"@id":"https:\/\/www.zerdab.com\/?p=28161"},"wordCount":1619,"commentCount":0,"articleSection":["MAN\u015eET","X\u018fB\u018fRL\u018fR"],"inLanguage":"az","potentialAction":[{"@type":"CommentAction","name":"Comment","target":["https:\/\/www.zerdab.com\/?p=28161#respond"]}]},{"@type":"WebPage","@id":"https:\/\/www.zerdab.com\/?p=28161","url":"https:\/\/www.zerdab.com\/?p=28161","name":"\"Nat\u0259van\u0131n, Hac\u0131b\u0259ylinin, B\u00fclb\u00fcl\u00fcn g\u00fcll\u0259l\u0259nmi\u015f abid\u0259l\u0259rinin yeri \u015e\u0259hidl\u0259r xiyaban\u0131d\u0131r\" - Z\u0259rdab.com","isPartOf":{"@id":"https:\/\/www.zerdab.com\/#website"},"datePublished":"2020-05-19T06:39:17+00:00","dateModified":"2020-05-19T06:39:19+00:00","author":{"@id":"https:\/\/www.zerdab.com\/#\/schema\/person\/97079b7570c1e89ec0d9e138c3672136"},"breadcrumb":{"@id":"https:\/\/www.zerdab.com\/?p=28161#breadcrumb"},"inLanguage":"az","potentialAction":[{"@type":"ReadAction","target":["https:\/\/www.zerdab.com\/?p=28161"]}]},{"@type":"BreadcrumbList","@id":"https:\/\/www.zerdab.com\/?p=28161#breadcrumb","itemListElement":[{"@type":"ListItem","position":1,"name":"Home","item":"https:\/\/www.zerdab.com\/"},{"@type":"ListItem","position":2,"name":"&#8220;Nat\u0259van\u0131n, Hac\u0131b\u0259ylinin, B\u00fclb\u00fcl\u00fcn g\u00fcll\u0259l\u0259nmi\u015f abid\u0259l\u0259rinin yeri \u015e\u0259hidl\u0259r xiyaban\u0131d\u0131r&#8221;"}]},{"@type":"WebSite","@id":"https:\/\/www.zerdab.com\/#website","url":"https:\/\/www.zerdab.com\/","name":"Z\u0259rdab.com","description":"","potentialAction":[{"@type":"SearchAction","target":{"@type":"EntryPoint","urlTemplate":"https:\/\/www.zerdab.com\/?s={search_term_string}"},"query-input":{"@type":"PropertyValueSpecification","valueRequired":true,"valueName":"search_term_string"}}],"inLanguage":"az"},{"@type":"Person","@id":"https:\/\/www.zerdab.com\/#\/schema\/person\/97079b7570c1e89ec0d9e138c3672136","name":"admin","image":{"@type":"ImageObject","inLanguage":"az","@id":"https:\/\/www.zerdab.com\/#\/schema\/person\/image\/","url":"https:\/\/secure.gravatar.com\/avatar\/d9c52a9a27c32119cb6679a077fa3e2779e5f822c451cbf01098004361d466ec?s=96&d=mm&r=g","contentUrl":"https:\/\/secure.gravatar.com\/avatar\/d9c52a9a27c32119cb6679a077fa3e2779e5f822c451cbf01098004361d466ec?s=96&d=mm&r=g","caption":"admin"},"url":"https:\/\/www.zerdab.com\/?author=1"}]}},"_links":{"self":[{"href":"https:\/\/www.zerdab.com\/index.php?rest_route=\/wp\/v2\/posts\/28161","targetHints":{"allow":["GET"]}}],"collection":[{"href":"https:\/\/www.zerdab.com\/index.php?rest_route=\/wp\/v2\/posts"}],"about":[{"href":"https:\/\/www.zerdab.com\/index.php?rest_route=\/wp\/v2\/types\/post"}],"author":[{"embeddable":true,"href":"https:\/\/www.zerdab.com\/index.php?rest_route=\/wp\/v2\/users\/1"}],"replies":[{"embeddable":true,"href":"https:\/\/www.zerdab.com\/index.php?rest_route=%2Fwp%2Fv2%2Fcomments&post=28161"}],"version-history":[{"count":1,"href":"https:\/\/www.zerdab.com\/index.php?rest_route=\/wp\/v2\/posts\/28161\/revisions"}],"predecessor-version":[{"id":28162,"href":"https:\/\/www.zerdab.com\/index.php?rest_route=\/wp\/v2\/posts\/28161\/revisions\/28162"}],"wp:attachment":[{"href":"https:\/\/www.zerdab.com\/index.php?rest_route=%2Fwp%2Fv2%2Fmedia&parent=28161"}],"wp:term":[{"taxonomy":"category","embeddable":true,"href":"https:\/\/www.zerdab.com\/index.php?rest_route=%2Fwp%2Fv2%2Fcategories&post=28161"},{"taxonomy":"post_tag","embeddable":true,"href":"https:\/\/www.zerdab.com\/index.php?rest_route=%2Fwp%2Fv2%2Ftags&post=28161"}],"curies":[{"name":"wp","href":"https:\/\/api.w.org\/{rel}","templated":true}]}}