{"id":28163,"date":"2020-05-26T23:53:56","date_gmt":"2020-05-26T19:53:56","guid":{"rendered":"http:\/\/www.zerdab.com\/?p=28163"},"modified":"2020-05-27T00:33:54","modified_gmt":"2020-05-26T20:33:54","slug":"mill%c9%99t-v%c9%99kilimiz-jal%c9%99-%c9%99liyeva-z%c9%99rdabda-kims%c9%99siz-usaqlari-sevindirdi-fotolar","status":"publish","type":"post","link":"https:\/\/www.zerdab.com\/?p=28163","title":{"rendered":"Mill\u0259t v\u0259kilimiz Jal\u0259 \u018fliyeva Z\u0259rdab v\u0259 Ucarda se\u00e7icil\u0259ri il\u0259 bayramla\u015fd\u0131  &#8211; Fotolar"},"content":{"rendered":"\n<p><strong>Mill\u0259t v\u0259kilimiz Jal\u0259 \u018fliyeva Ramazan bayram\u0131 m\u00fcnasib\u0259til\u0259 22-25 may tarixl\u0259rind\u0259 Z\u0259rdab v\u0259 Ucar rayonlar\u0131na s\u0259f\u0259r edib.<\/strong><\/p>\n\n\n\n<p><strong>&#8220;Karantin d\u00f6vr\u00fcnd\u0259 m\u00fcbar\u0259k Ramazan bayram\u0131 m\u00fcnasib\u0259til\u0259 n\u00f6vb\u0259ti d\u0259f\u0259 Z\u0259rdaba v\u0259 Ucara s\u0259f\u0259r etdim.<\/strong><\/p>\n\n\n\n<p><strong><em>U\u015faql\u0131\u011f\u0131mdan b\u0259ri m\u0259n\u0259 hakim olan bir d\u00fc\u015f\u00fcnc\u0259 bu g\u00fcn d\u0259 m\u0259ni t\u0259rk etm\u0259yib\u2026<\/em><\/strong><\/p>\n\n\n\n<p><strong>Bayramlar sanki u\u015faqlar \u00fc\u00e7\u00fcnd\u00fcr.<\/strong><\/p>\n\n\n\n<p>Bayramlar sanki ilk n\u00f6vb\u0259d\u0259 u\u015faqlar\u0131n sevinm\u0259si v\u0259 bizim d\u0259 onlar\u0131 sevindirm\u0259yimiz \u00fc\u00e7\u00fcn d\u00fc\u015f\u00fcn\u00fcl\u00fcb\u2026<\/p>\n\n\n\n<p><strong>\u201cD\u00fcnyan\u0131 ver\u0259k u\u015faqlara bir g\u00fcnl\u00fcy\u00fcn\u0259\u201d , deyirdi b\u00f6y\u00fck Nazim Hikm\u0259t.<\/strong><\/p>\n\n\n\n<p>Bir u\u015fa\u011f\u0131n \u00fcz\u00fcn\u00fcn g\u00fclm\u0259si n\u0259 q\u0259d\u0259r g\u00f6z\u0259ldirs\u0259, bir u\u015fa\u011f\u0131n a\u011flamas\u0131 min o q\u0259d\u0259r \u00fcz\u00fcc\u00fcd\u00fcr&#8221;. <strong>Zerdab.com<\/strong> sayt\u0131 x\u0259b\u0259r verir ki, bu s\u00f6zl\u0259ri Z\u0259rdab-Ucar se\u00e7ki dair\u0259sind\u0259n mill\u0259t v\u0259kili Jal\u0259 \u018fliyeva g\u00f6r\u00fc\u015fl\u0259rl\u0259 ba\u011fl\u0131 t\u0259\u0259ss\u00fcratlar\u0131n\u0131 b\u00f6l\u00fc\u015f\u0259rk\u0259n bildirib.<\/p>\n\n\n\n<p><strong>&#8220;H\u0259r gedi\u015fimd\u0259 m\u00fc\u0259yy\u0259n kateqoriya ail\u0259l\u0259rl\u0259 g\u00f6r\u00fc\u015f\u00fcr\u0259m.<\/strong><\/p>\n\n\n\n<p>Bu s\u0259f\u0259r is\u0259 s\u0131rf u\u015faqlarla g\u00f6r\u00fc\u015fm\u0259yi planla\u015fd\u0131rd\u0131m.<\/p>\n\n\n\n<p><strong>Amma bir m\u0259qam\u0131 vur\u011fulamaq ist\u0259yir\u0259m.<\/strong><\/p>\n\n\n\n<figure class=\"wp-block-image\"><img decoding=\"async\" src=\"http:\/\/www.zerdab.com\/wp-content\/uploads\/2020\/05\/jale-eliyeva-413x550.jpg\" alt=\"\" class=\"wp-image-28167\"\/><\/figure>\n\n\n\n<p>U\u015faql\u0131 ail\u0259l\u0259rl\u0259 deyil, A\u0130L\u018fS\u0130Z U\u015eAQLARLA g\u00f6r\u00fc\u015f\u0259c\u0259kdim.<\/p>\n\n\n\n<p><strong>B\u0259li, ki\u00e7ik ya\u015flar\u0131ndan ana, ata n\u0259vazi\u015find\u0259n m\u0259hrum olan, \u0259n yax\u015f\u0131 halda n\u0259n\u0259y\u0259, babaya, onlar yoxdursa day\u0131ya, xalaya s\u0131\u011f\u0131nan, tale \u00fczl\u0259rin\u0259 he\u00e7 g\u00fclm\u0259yibs\u0259 hans\u0131sa bir qohuma p\u0259nah aparan u\u015faqlar\u0131 g\u00f6r\u0259c\u0259k, onlar\u0131 t\u0259brik ed\u0259c\u0259kdim\u2026<\/strong><\/p>\n\n\n\n<p>Etdim d\u0259\u2026<\/p>\n\n\n\n<p><strong>Bir g\u00fcnl\u00fck deyil, he\u00e7 olmasa bir saatl\u0131q da olsa, onlar\u0131 analar\u0131 kimi qucaqlamaq, \u00f6pm\u0259k, \u0259zizl\u0259m\u0259k ist\u0259dim\u2026<\/strong><\/p>\n\n\n\n<p><strong><em>V\u0259\u2026 karantin m\u0259hdudiyy\u0259tl\u0259rin\u0259, t\u0259l\u0259bl\u0259rin\u0259 maksimum riay\u0259t etm\u0259y\u0259 \u00e7al\u0131\u015fsaq da t\u0259\u0259ss\u00fcf ki, m\u0259hz yuxar\u0131da qeyd etdiyim m\u0259lum s\u0259b\u0259bl\u0259 bu t\u0259l\u0259bl\u0259r\u0259 tam \u0259m\u0259l ed\u0259 bilm\u0259dik\u2026<\/em><\/strong><\/p>\n\n\n\n<p>Z\u0259rdab\u0131n G\u0259lm\u0259, A\u015fa\u011f\u0131 Seyidl\u0259r, \u015e\u0131xba\u011f\u0131, D\u0259liqu\u015f\u00e7u, H\u00fcseynxanl\u0131, G\u00f6d\u0259kqobu, M\u0259mm\u0259dqas\u0131ml\u0131, \u00c7all\u0131, Ucar\u0131n L\u0259k, B\u0259rg\u00fc\u015fad k\u0259ndl\u0259rind\u0259 oldum. M\u00fcxt\u0259lif ya\u015flarda olan, m\u00fcxt\u0259lif \u015f\u0259raitl\u0259rd\u0259 ya\u015fayan 21 g\u00f6z\u0259l g\u00f6y\u00e7\u0259k, a\u011f\u0131ll\u0131-kamall\u0131 balayla g\u00f6r\u00fc\u015fd\u00fcm.<\/p>\n\n\n\n<p><strong><em>Z\u0259hra, X\u0259yal\u0259, S\u0259bin\u0259, M\u0259din\u0259, Elm\u0259ddin, Sevinc, Eltun, Soltan, Nuray, V\u00fcsal, Elmir, Malik, Leyla, S\u0259lminaz, \u015e\u0259hla, V\u00fcsal\u0259, Bahar, Ayg\u00fcn, Turan, Ceyhun v\u0259 daha bir S\u0259bin\u0259\u2026<\/em><\/strong><\/p>\n\n\n\n<p>Ya\u015flar\u0131 v\u0259 \u015f\u0259raitl\u0259ri kimi, \u00f6zl\u0259ri, davran\u0131\u015flar\u0131 da f\u0259rqli idi. B\u0259zisi utancaq v\u0259 \u00e7\u0259king\u0259n, b\u0259zisi qay\u011f\u0131s\u0131z v\u0259 \u015f\u0259n\u2026<\/p>\n\n\n\n<p><strong>B\u0259sisi \u00f6z\u00fc, m\u0259kt\u0259bi haqq\u0131nda dan\u0131\u015f\u0131r, g\u0259l\u0259c\u0259kd\u0259 kim olmaq ist\u0259diyini deyirdi, b\u0259zisi d\u0259 g\u00f6zl\u0259rini gizl\u0259dir, fikirli bax\u0131\u015flar\u0131n\u0131 el\u0259 hey uza\u011fa dikirdi\u2026<\/strong><\/p>\n\n\n\n<p>Amma ham\u0131s\u0131n\u0131 birl\u0259\u015fdir\u0259n v\u0259 bundan sonra he\u00e7 kimin he\u00e7 vaxt d\u0259yi\u015fdir\u0259 bilm\u0259y\u0259c\u0259yi bir h\u0259qiq\u0259t var idi!<\/p>\n\n\n\n<p><strong>Ac\u0131 bir h\u0259qiq\u0259t!<\/strong><\/p>\n\n\n\n<p>Bu u\u015faqlar he\u00e7 bir zaman he\u00e7 k\u0259s\u0259 Ana, Ata dey\u0259 bilm\u0259y\u0259c\u0259kl\u0259r, he\u00e7 kimin quca\u011f\u0131na Ana, Ata dey\u0259 qa\u00e7mayacaqlar.<\/p>\n\n\n\n<p><strong>M\u0259rhum anam\u0131n bir beytini xat\u0131rlad\u0131m bu anda:<\/strong><\/p>\n\n\n\n<p>S\u0259n\u0259 ver\u0259c\u0259yim \u2013<\/p>\n\n\n\n<p>H\u0259l\u0259lik bunlard\u0131r:<\/p>\n\n\n\n<p>\u00c7\u00f6r\u0259k, su, yataq\u2026<\/p>\n\n\n\n<p>Anan da ola bil\u0259r\u0259m.<\/p>\n\n\n\n<p>Amma n\u0259 dad\u0131n\u0131, n\u0259 qoxusunu ver\u0259 bil\u0259r\u0259m anan\u0131n<\/p>\n\n\n\n<p>he\u00e7 c\u00fcr\u0259.<\/p>\n\n\n\n<p>\u0130ll\u0259rdir m\u0259n \u00f6z\u00fcm g\u0259zir\u0259m itirdiyim o tam\u0131, o duy\u011funu.<\/p>\n\n\n\n<p><strong>\u0130\u00e7imd\u0259ki bir t\u0259r\u0259fd\u0259n nisgil qar\u0131\u015f\u0131q k\u00f6vr\u0259k hissl\u0259rl\u0259 birlikd\u0259, dig\u0259r t\u0259r\u0259fd\u0259n is\u0259 bu u\u015faqlar\u0131n g\u0259l\u0259c\u0259yin\u0259 b\u0259sl\u0259diyim xo\u015f bir \u00fcmid v\u0259 inamla, sonu m\u00fctl\u0259q yax\u015f\u0131l\u0131qla bit\u0259c\u0259yin\u0259 inand\u0131\u011f\u0131m hekay\u0259l\u0259rinin x\u0259yal\u0131yla h\u0259l\u0259lik ayr\u0131l\u0131ram onlardan\u2026<\/strong><\/p>\n\n\n\n<p><strong><em>Bayram\u0131n\u0131z bir daha m\u00fcbar\u0259k olsun, balacalar!<\/em><\/strong><\/p>\n\n\n\n<p><strong>T\u0259kc\u0259 bayramlarda yox, h\u0259mi\u015f\u0259 xo\u015fb\u0259xt olun&#8221;,-dey\u0259&nbsp;deputat&nbsp;qeyd&nbsp;edib.&nbsp;<\/strong><\/p>\n\n\n\n<p>S\u0259f\u0259r \u00e7\u0259r\u00e7iv\u0259sind\u0259 Jal\u0259 \u018fliyeva \u015f\u0259hid ail\u0259sin\u0259 v\u0259 Qaraba\u011f m\u00fcharib\u0259si \u0259lilin\u0259 ba\u015f \u00e7\u0259kib:<\/p>\n\n\n\n<p><strong><em>&#8220;H\u0259r iki rayonda ba\u015f \u00e7\u0259kdiyim ail\u0259l\u0259rin i\u00e7\u0259risind\u0259 \u015f\u0259hid ail\u0259l\u0259ri, d\u00fcnyas\u0131n\u0131 yeni d\u0259yi\u015fmi\u015fl\u0259rin yax\u0131nlar\u0131 v\u0259 aprel d\u00f6y\u00fc\u015f\u00e7\u00fcs\u00fc olan qazi qarda\u015f\u0131m\u0131z da var idi. <\/em><\/strong><\/p>\n\n\n\n<p><strong>Ucar\u0131n B\u0259rg\u00fc\u015fad k\u0259ndind\u0259n 2016-c\u0131 ild\u0259 \u0259sg\u0259r ged\u0259n v\u0259 daha sonra torpaqlar\u0131m\u0131z u\u011frunda h\u0259yata ke\u00e7iril\u0259n \u015fanl\u0131 aprel d\u00f6y\u00fc\u015fl\u0259rind\u0259 i\u015ftirak ed\u0259n, d\u00fc\u015fm\u0259n g\u00fcll\u0259sin\u0259 tu\u015f g\u0259l\u0259n, a\u011f\u0131r yaralanan, amma xo\u015fb\u0259xtlikd\u0259n sa\u011f qalan 2-ci qrup \u0259lil Nuru\u015f N\u0259siyevi evind\u0259 ziyar\u0259t etdik.<\/strong><\/p>\n\n\n\n<p>Atas\u0131 Az\u0259r ki\u015fi, qarda\u015flar\u0131, anas\u0131, ail\u0259nin dig\u0259r \u00fczvl\u0259ri o q\u0259d\u0259r z\u0259hm\u0259tke\u015f, m\u0259rd v\u0259 q\u00fcrurlu insanlard\u0131rlar ki, bel\u0259 bir ail\u0259ni tan\u0131d\u0131\u011f\u0131na sevinir insan.<\/p>\n\n\n\n<figure class=\"wp-block-image\"><img decoding=\"async\" src=\"http:\/\/www.zerdab.com\/wp-content\/uploads\/2020\/05\/jale-eliyeva-qarabag-elilia-413x550.jpg\" alt=\"\" class=\"wp-image-28181\"\/><\/figure>\n\n\n\n<p><strong>\u0130ndi Cocuq M\u0259rcanl\u0131da dal\u011falanan bayra\u011f\u0131m\u0131za baxd\u0131qca duydu\u011fumuz q\u00fcrur hissind\u0259 bu ail\u0259nin q\u0259hr\u0259man o\u011flunun da pay\u0131 var\u2026<\/strong><\/p>\n\n\n\n<p>H\u0259min g\u00fcn Ucar\u0131n B\u0259rg\u00fc\u015fad k\u0259ndind\u0259 \u015f\u0259hid Ramazan Xudaverdiyevin, \u015f\u0259hid Buludxan \u015e\u0259miyevin, \u015f\u0259hid B\u0259kir \u018flifovun ail\u0259l\u0259ri il\u0259 g\u00f6r\u00fc\u015fd\u00fck.<\/p>\n\n\n\n<figure class=\"wp-block-image\"><img decoding=\"async\" src=\"http:\/\/www.zerdab.com\/wp-content\/uploads\/2020\/05\/jale-eliyeva-1-413x550.jpg\" alt=\"\" class=\"wp-image-28184\"\/><\/figure>\n\n\n\n<p><strong>K\u0259nd a\u011fsaqqal\u0131, 2-ci qrup m\u00fcharib\u0259 \u0259lili hac\u0131 S\u0259m\u0259d \u018fliyevin \u00e7ox s\u0259mimi, mehriban ail\u0259 \u00fczvl\u0259ri il\u0259 yax\u0131ndan tan\u0131\u015f olduq.<\/strong><\/p>\n\n\n\n<p>A\u011fsaqqal\u0131n k\u0259ndl\u0259 ba\u011fl\u0131 d\u0259y\u0259rli t\u00f6vsiy\u0259l\u0259rini dinl\u0259dik.<\/p>\n\n\n\n<p><strong>H\u0259min k\u0259ndd\u0259 valideyn himay\u0259sind\u0259n m\u0259hrum 2 \u00f6vlad\u0131m\u0131z\u0131 sevindirm\u0259y\u0259 \u00e7al\u0131\u015fd\u0131q.<\/strong><\/p>\n\n\n\n<p>Ucar\u0131n L\u0259k k\u0259ndind\u0259 is\u0259 azya\u015fl\u0131 4 \u00f6vlad\u0131m\u0131zla g\u00f6r\u00fc\u015fd\u00fck.<\/p>\n\n\n\n<p><strong>K\u0259nd a\u011fsaqqal\u0131 hac\u0131 N\u0259rimanla v\u0259 ail\u0259siyl\u0259 bayramla\u015fd\u0131q.<\/strong><\/p>\n\n\n\n<p>A\u00e7d\u0131qlar\u0131 \u00e7ay s\u00fcfr\u0259sinin arxas\u0131nda s\u00f6hb\u0259t etdik.<\/p>\n\n\n\n<p><strong>K\u0259ndin probleml\u0259riyl\u0259 maraqland\u0131q.<\/strong><\/p>\n\n\n\n<p>H\u0259mun g\u00fcnl\u0259rd\u0259 Z\u0259rdab\u0131n 6 k\u0259ndind\u0259-G\u0259lm\u0259, A\u015fa\u011f\u0131 Seyidl\u0259r, \u015e\u0131xba\u011f\u0131, D\u0259liqu\u015f\u00e7u, M\u0259mm\u0259dqas\u0131ml\u0131, H\u00fcseynxanl\u0131, G\u00f6d\u0259kqobu k\u0259ndl\u0259rind\u0259-valideyn himay\u0259sind\u0259n m\u0259hrum 15 u\u015fa\u011f\u0131n bayram\u0131n\u0131 t\u0259brik etdik.<\/p>\n\n\n\n<p><strong>Ehtiyaclar\u0131yla maraqland\u0131q.<\/strong><\/p>\n\n\n\n<p>A\u015fa\u011f\u0131 Seyidl\u0259rd\u0259 \u015f\u0259hid&nbsp;<strong>Samir Qurbanov<\/strong>un ail\u0259sin\u0259 ba\u015f \u00e7\u0259kdik.<\/p>\n\n\n\n<p><strong>Rayonda daha 4 azt\u0259minatl\u0131 ail\u0259nin probleml\u0259rini dinl\u0259dik.<\/strong><\/p>\n\n\n\n<p>Bug\u00fcnl\u0259rd\u0259 d\u00fcnyas\u0131n\u0131 d\u0259yi\u015fmi\u015f G\u00fcl\u015f\u0259n m\u00fc\u0259llim\u0259nin, \u018fziz\u0259 anan\u0131n, Akif m\u00fc\u0259llimin ail\u0259l\u0259rini t\u0259skin etdik.<\/p>\n\n\n\n<p><strong>H\u0259m Ucarda, h\u0259m d\u0259 Z\u0259rdabda g\u00f6r\u00fc\u015fl\u0259rimizd\u0259 biziml\u0259 birlikd\u0259 i\u015ftirak ed\u0259n v\u0259 t\u0259\u015fkilati k\u00f6m\u0259yini \u0259sirg\u0259m\u0259y\u0259n b\u00fct\u00fcn icra n\u00fcmay\u0259nd\u0259l\u0259ri, d\u0259y\u0259rli M\u0259cid, \u018ffqan, G\u00fcnd\u00fcz, Veys\u0259l, Sabit, Elman, Rza\u011fa, X\u0259tai, M\u0259tl\u0259b, Fuad qarda\u015flar\u0131m sa\u011f olsunlar.<\/strong><\/p>\n\n\n\n<p>Ramazan \u2013 yard\u0131mla\u015fma, payla\u015fma, m\u0259rh\u0259m\u0259t ay\u0131d\u0131r.<\/p>\n\n\n\n<p><strong>Bu bayramda t\u0259\u015f\u0259bb\u00fcs\u00fcm\u00fcz\u0259 qo\u015fulan h\u0259r k\u0259s\u0259, x\u00fcsusil\u0259 Yeni Yurd \u0130ctimai Birliyinin s\u0259dri, i\u015fqad\u0131n\u0131, xeyirp\u0259rv\u0259r Mahir\u0259 xan\u0131m \u018fs\u0259dovaya g\u00f6r\u00fc\u015fd\u00fcy\u00fcm\u00fcz ail\u0259l\u0259r\u0259 g\u00f6st\u0259rdiyi maddi yard\u0131ma \u00fc\u00e7\u00fcn t\u0259\u015f\u0259kk\u00fcr edir\u0259m.<\/strong><\/p>\n\n\n\n<p><strong><em>Bir d\u0259, \u00f6lk\u0259miz v\u0259 xalq\u0131m\u0131z namin\u0259 g\u00f6rd\u00fckl\u0259ri misilsiz i\u015fl\u0259r\u0259 g\u00f6r\u0259 h\u0259m \u00f6lk\u0259 Prezidenti c\u0259nab \u0130lham \u018fliyevi, h\u0259m d\u0259 Birinci vitse prezident xan\u0131m Mehriban \u018fliyevan\u0131 \u00fcr\u0259kd\u0259n sev\u0259n, onlar\u0131 h\u0259r an d\u0259st\u0259kl\u0259y\u0259n b\u00fct\u00fcn insanlara, g\u00f6r\u00fc\u015fd\u00fcy\u00fcm b\u00fct\u00fcn se\u00e7icil\u0259rim\u0259 bu sa\u011flam m\u00f6vqel\u0259ri \u00fc\u00e7\u00fcn, d\u00f6vl\u0259t\u0259 v\u0259 d\u00f6vl\u0259t\u00e7iliy\u0259 \u00fcr\u0259kd\u0259n ba\u011fl\u0131 olduqlar\u0131 \u00fc\u00e7\u00fcn d\u0259rin minn\u0259tdarl\u0131\u011f\u0131m\u0131 bildirir\u0259m&#8221;.<\/em><\/strong><\/p>\n","protected":false},"excerpt":{"rendered":"<p>Mill\u0259t v\u0259kilimiz Jal\u0259 \u018fliyeva Ramazan bayram\u0131 m\u00fcnasib\u0259til\u0259 22-25 may tarixl\u0259rind\u0259 Z\u0259rdab v\u0259 Ucar rayonlar\u0131na s\u0259f\u0259r edib. &#8220;Karantin d\u00f6vr\u00fcnd\u0259 m\u00fcbar\u0259k Ramazan bayram\u0131 m\u00fcnasib\u0259til\u0259 n\u00f6vb\u0259ti d\u0259f\u0259 Z\u0259rdaba v\u0259 Ucara s\u0259f\u0259r etdim. U\u015faql\u0131\u011f\u0131mdan b\u0259ri m\u0259n\u0259 hakim olan bir d\u00fc\u015f\u00fcnc\u0259 bu g\u00fcn d\u0259 m\u0259ni t\u0259rk etm\u0259yib\u2026 Bayramlar sanki u\u015faqlar \u00fc\u00e7\u00fcnd\u00fcr. Bayramlar sanki ilk n\u00f6vb\u0259d\u0259 u\u015faqlar\u0131n sevinm\u0259si v\u0259 bizim d\u0259 [&hellip;]<\/p>\n","protected":false},"author":1,"featured_media":0,"comment_status":"open","ping_status":"open","sticky":false,"template":"","format":"standard","meta":{"footnotes":""},"categories":[63,5],"tags":[],"class_list":{"0":"post-28163","1":"post","2":"type-post","3":"status-publish","4":"format-standard","6":"category-manset","7":"category-knd"},"yoast_head":"<!-- This site is optimized with the Yoast SEO plugin v27.0 - https:\/\/yoast.com\/product\/yoast-seo-wordpress\/ -->\n<title>Mill\u0259t v\u0259kilimiz Jal\u0259 \u018fliyeva Z\u0259rdab v\u0259 Ucarda se\u00e7icil\u0259ri il\u0259 bayramla\u015fd\u0131 - Fotolar - Z\u0259rdab.com<\/title>\n<meta name=\"robots\" content=\"index, follow, max-snippet:-1, max-image-preview:large, max-video-preview:-1\" \/>\n<link rel=\"canonical\" href=\"https:\/\/www.zerdab.com\/?p=28163\" \/>\n<meta property=\"og:locale\" content=\"az_AZ\" \/>\n<meta property=\"og:type\" content=\"article\" \/>\n<meta property=\"og:title\" content=\"Mill\u0259t v\u0259kilimiz Jal\u0259 \u018fliyeva Z\u0259rdab v\u0259 Ucarda se\u00e7icil\u0259ri il\u0259 bayramla\u015fd\u0131 - Fotolar - Z\u0259rdab.com\" \/>\n<meta property=\"og:description\" content=\"Mill\u0259t v\u0259kilimiz Jal\u0259 \u018fliyeva Ramazan bayram\u0131 m\u00fcnasib\u0259til\u0259 22-25 may tarixl\u0259rind\u0259 Z\u0259rdab v\u0259 Ucar rayonlar\u0131na s\u0259f\u0259r edib. &#8220;Karantin d\u00f6vr\u00fcnd\u0259 m\u00fcbar\u0259k Ramazan bayram\u0131 m\u00fcnasib\u0259til\u0259 n\u00f6vb\u0259ti d\u0259f\u0259 Z\u0259rdaba v\u0259 Ucara s\u0259f\u0259r etdim. U\u015faql\u0131\u011f\u0131mdan b\u0259ri m\u0259n\u0259 hakim olan bir d\u00fc\u015f\u00fcnc\u0259 bu g\u00fcn d\u0259 m\u0259ni t\u0259rk etm\u0259yib\u2026 Bayramlar sanki u\u015faqlar \u00fc\u00e7\u00fcnd\u00fcr. Bayramlar sanki ilk n\u00f6vb\u0259d\u0259 u\u015faqlar\u0131n sevinm\u0259si v\u0259 bizim d\u0259 [&hellip;]\" \/>\n<meta property=\"og:url\" content=\"https:\/\/www.zerdab.com\/?p=28163\" \/>\n<meta property=\"og:site_name\" content=\"Z\u0259rdab.com\" \/>\n<meta property=\"article:published_time\" content=\"2020-05-26T19:53:56+00:00\" \/>\n<meta property=\"article:modified_time\" content=\"2020-05-26T20:33:54+00:00\" \/>\n<meta property=\"og:image\" content=\"http:\/\/www.zerdab.com\/wp-content\/uploads\/2020\/05\/jale-eliyeva-413x550.jpg\" \/>\n<meta name=\"author\" content=\"admin\" \/>\n<meta name=\"twitter:card\" content=\"summary_large_image\" \/>\n<meta name=\"twitter:label1\" content=\"Written by\" \/>\n\t<meta name=\"twitter:data1\" content=\"admin\" \/>\n\t<meta name=\"twitter:label2\" content=\"Est. reading time\" \/>\n\t<meta name=\"twitter:data2\" content=\"7 minutes\" \/>\n<script type=\"application\/ld+json\" class=\"yoast-schema-graph\">{\"@context\":\"https:\/\/schema.org\",\"@graph\":[{\"@type\":\"Article\",\"@id\":\"https:\/\/www.zerdab.com\/?p=28163#article\",\"isPartOf\":{\"@id\":\"https:\/\/www.zerdab.com\/?p=28163\"},\"author\":{\"name\":\"admin\",\"@id\":\"https:\/\/www.zerdab.com\/#\/schema\/person\/97079b7570c1e89ec0d9e138c3672136\"},\"headline\":\"Mill\u0259t v\u0259kilimiz Jal\u0259 \u018fliyeva Z\u0259rdab v\u0259 Ucarda se\u00e7icil\u0259ri il\u0259 bayramla\u015fd\u0131 &#8211; Fotolar\",\"datePublished\":\"2020-05-26T19:53:56+00:00\",\"dateModified\":\"2020-05-26T20:33:54+00:00\",\"mainEntityOfPage\":{\"@id\":\"https:\/\/www.zerdab.com\/?p=28163\"},\"wordCount\":1410,\"commentCount\":0,\"image\":{\"@id\":\"https:\/\/www.zerdab.com\/?p=28163#primaryimage\"},\"thumbnailUrl\":\"http:\/\/www.zerdab.com\/wp-content\/uploads\/2020\/05\/jale-eliyeva-413x550.jpg\",\"articleSection\":[\"MAN\u015eET\",\"X\u018fB\u018fRL\u018fR\"],\"inLanguage\":\"az\",\"potentialAction\":[{\"@type\":\"CommentAction\",\"name\":\"Comment\",\"target\":[\"https:\/\/www.zerdab.com\/?p=28163#respond\"]}]},{\"@type\":\"WebPage\",\"@id\":\"https:\/\/www.zerdab.com\/?p=28163\",\"url\":\"https:\/\/www.zerdab.com\/?p=28163\",\"name\":\"Mill\u0259t v\u0259kilimiz Jal\u0259 \u018fliyeva Z\u0259rdab v\u0259 Ucarda se\u00e7icil\u0259ri il\u0259 bayramla\u015fd\u0131 - Fotolar - Z\u0259rdab.com\",\"isPartOf\":{\"@id\":\"https:\/\/www.zerdab.com\/#website\"},\"primaryImageOfPage\":{\"@id\":\"https:\/\/www.zerdab.com\/?p=28163#primaryimage\"},\"image\":{\"@id\":\"https:\/\/www.zerdab.com\/?p=28163#primaryimage\"},\"thumbnailUrl\":\"http:\/\/www.zerdab.com\/wp-content\/uploads\/2020\/05\/jale-eliyeva-413x550.jpg\",\"datePublished\":\"2020-05-26T19:53:56+00:00\",\"dateModified\":\"2020-05-26T20:33:54+00:00\",\"author\":{\"@id\":\"https:\/\/www.zerdab.com\/#\/schema\/person\/97079b7570c1e89ec0d9e138c3672136\"},\"breadcrumb\":{\"@id\":\"https:\/\/www.zerdab.com\/?p=28163#breadcrumb\"},\"inLanguage\":\"az\",\"potentialAction\":[{\"@type\":\"ReadAction\",\"target\":[\"https:\/\/www.zerdab.com\/?p=28163\"]}]},{\"@type\":\"ImageObject\",\"inLanguage\":\"az\",\"@id\":\"https:\/\/www.zerdab.com\/?p=28163#primaryimage\",\"url\":\"\",\"contentUrl\":\"\"},{\"@type\":\"BreadcrumbList\",\"@id\":\"https:\/\/www.zerdab.com\/?p=28163#breadcrumb\",\"itemListElement\":[{\"@type\":\"ListItem\",\"position\":1,\"name\":\"Home\",\"item\":\"https:\/\/www.zerdab.com\/\"},{\"@type\":\"ListItem\",\"position\":2,\"name\":\"Mill\u0259t v\u0259kilimiz Jal\u0259 \u018fliyeva Z\u0259rdab v\u0259 Ucarda se\u00e7icil\u0259ri il\u0259 bayramla\u015fd\u0131 &#8211; Fotolar\"}]},{\"@type\":\"WebSite\",\"@id\":\"https:\/\/www.zerdab.com\/#website\",\"url\":\"https:\/\/www.zerdab.com\/\",\"name\":\"Z\u0259rdab.com\",\"description\":\"\",\"potentialAction\":[{\"@type\":\"SearchAction\",\"target\":{\"@type\":\"EntryPoint\",\"urlTemplate\":\"https:\/\/www.zerdab.com\/?s={search_term_string}\"},\"query-input\":{\"@type\":\"PropertyValueSpecification\",\"valueRequired\":true,\"valueName\":\"search_term_string\"}}],\"inLanguage\":\"az\"},{\"@type\":\"Person\",\"@id\":\"https:\/\/www.zerdab.com\/#\/schema\/person\/97079b7570c1e89ec0d9e138c3672136\",\"name\":\"admin\",\"image\":{\"@type\":\"ImageObject\",\"inLanguage\":\"az\",\"@id\":\"https:\/\/www.zerdab.com\/#\/schema\/person\/image\/\",\"url\":\"https:\/\/secure.gravatar.com\/avatar\/d9c52a9a27c32119cb6679a077fa3e2779e5f822c451cbf01098004361d466ec?s=96&d=mm&r=g\",\"contentUrl\":\"https:\/\/secure.gravatar.com\/avatar\/d9c52a9a27c32119cb6679a077fa3e2779e5f822c451cbf01098004361d466ec?s=96&d=mm&r=g\",\"caption\":\"admin\"},\"url\":\"https:\/\/www.zerdab.com\/?author=1\"}]}<\/script>\n<!-- \/ Yoast SEO plugin. -->","yoast_head_json":{"title":"Mill\u0259t v\u0259kilimiz Jal\u0259 \u018fliyeva Z\u0259rdab v\u0259 Ucarda se\u00e7icil\u0259ri il\u0259 bayramla\u015fd\u0131 - Fotolar - Z\u0259rdab.com","robots":{"index":"index","follow":"follow","max-snippet":"max-snippet:-1","max-image-preview":"max-image-preview:large","max-video-preview":"max-video-preview:-1"},"canonical":"https:\/\/www.zerdab.com\/?p=28163","og_locale":"az_AZ","og_type":"article","og_title":"Mill\u0259t v\u0259kilimiz Jal\u0259 \u018fliyeva Z\u0259rdab v\u0259 Ucarda se\u00e7icil\u0259ri il\u0259 bayramla\u015fd\u0131 - Fotolar - Z\u0259rdab.com","og_description":"Mill\u0259t v\u0259kilimiz Jal\u0259 \u018fliyeva Ramazan bayram\u0131 m\u00fcnasib\u0259til\u0259 22-25 may tarixl\u0259rind\u0259 Z\u0259rdab v\u0259 Ucar rayonlar\u0131na s\u0259f\u0259r edib. &#8220;Karantin d\u00f6vr\u00fcnd\u0259 m\u00fcbar\u0259k Ramazan bayram\u0131 m\u00fcnasib\u0259til\u0259 n\u00f6vb\u0259ti d\u0259f\u0259 Z\u0259rdaba v\u0259 Ucara s\u0259f\u0259r etdim. U\u015faql\u0131\u011f\u0131mdan b\u0259ri m\u0259n\u0259 hakim olan bir d\u00fc\u015f\u00fcnc\u0259 bu g\u00fcn d\u0259 m\u0259ni t\u0259rk etm\u0259yib\u2026 Bayramlar sanki u\u015faqlar \u00fc\u00e7\u00fcnd\u00fcr. Bayramlar sanki ilk n\u00f6vb\u0259d\u0259 u\u015faqlar\u0131n sevinm\u0259si v\u0259 bizim d\u0259 [&hellip;]","og_url":"https:\/\/www.zerdab.com\/?p=28163","og_site_name":"Z\u0259rdab.com","article_published_time":"2020-05-26T19:53:56+00:00","article_modified_time":"2020-05-26T20:33:54+00:00","og_image":[{"url":"http:\/\/www.zerdab.com\/wp-content\/uploads\/2020\/05\/jale-eliyeva-413x550.jpg","type":"","width":"","height":""}],"author":"admin","twitter_card":"summary_large_image","twitter_misc":{"Written by":"admin","Est. reading time":"7 minutes"},"schema":{"@context":"https:\/\/schema.org","@graph":[{"@type":"Article","@id":"https:\/\/www.zerdab.com\/?p=28163#article","isPartOf":{"@id":"https:\/\/www.zerdab.com\/?p=28163"},"author":{"name":"admin","@id":"https:\/\/www.zerdab.com\/#\/schema\/person\/97079b7570c1e89ec0d9e138c3672136"},"headline":"Mill\u0259t v\u0259kilimiz Jal\u0259 \u018fliyeva Z\u0259rdab v\u0259 Ucarda se\u00e7icil\u0259ri il\u0259 bayramla\u015fd\u0131 &#8211; Fotolar","datePublished":"2020-05-26T19:53:56+00:00","dateModified":"2020-05-26T20:33:54+00:00","mainEntityOfPage":{"@id":"https:\/\/www.zerdab.com\/?p=28163"},"wordCount":1410,"commentCount":0,"image":{"@id":"https:\/\/www.zerdab.com\/?p=28163#primaryimage"},"thumbnailUrl":"http:\/\/www.zerdab.com\/wp-content\/uploads\/2020\/05\/jale-eliyeva-413x550.jpg","articleSection":["MAN\u015eET","X\u018fB\u018fRL\u018fR"],"inLanguage":"az","potentialAction":[{"@type":"CommentAction","name":"Comment","target":["https:\/\/www.zerdab.com\/?p=28163#respond"]}]},{"@type":"WebPage","@id":"https:\/\/www.zerdab.com\/?p=28163","url":"https:\/\/www.zerdab.com\/?p=28163","name":"Mill\u0259t v\u0259kilimiz Jal\u0259 \u018fliyeva Z\u0259rdab v\u0259 Ucarda se\u00e7icil\u0259ri il\u0259 bayramla\u015fd\u0131 - Fotolar - Z\u0259rdab.com","isPartOf":{"@id":"https:\/\/www.zerdab.com\/#website"},"primaryImageOfPage":{"@id":"https:\/\/www.zerdab.com\/?p=28163#primaryimage"},"image":{"@id":"https:\/\/www.zerdab.com\/?p=28163#primaryimage"},"thumbnailUrl":"http:\/\/www.zerdab.com\/wp-content\/uploads\/2020\/05\/jale-eliyeva-413x550.jpg","datePublished":"2020-05-26T19:53:56+00:00","dateModified":"2020-05-26T20:33:54+00:00","author":{"@id":"https:\/\/www.zerdab.com\/#\/schema\/person\/97079b7570c1e89ec0d9e138c3672136"},"breadcrumb":{"@id":"https:\/\/www.zerdab.com\/?p=28163#breadcrumb"},"inLanguage":"az","potentialAction":[{"@type":"ReadAction","target":["https:\/\/www.zerdab.com\/?p=28163"]}]},{"@type":"ImageObject","inLanguage":"az","@id":"https:\/\/www.zerdab.com\/?p=28163#primaryimage","url":"","contentUrl":""},{"@type":"BreadcrumbList","@id":"https:\/\/www.zerdab.com\/?p=28163#breadcrumb","itemListElement":[{"@type":"ListItem","position":1,"name":"Home","item":"https:\/\/www.zerdab.com\/"},{"@type":"ListItem","position":2,"name":"Mill\u0259t v\u0259kilimiz Jal\u0259 \u018fliyeva Z\u0259rdab v\u0259 Ucarda se\u00e7icil\u0259ri il\u0259 bayramla\u015fd\u0131 &#8211; Fotolar"}]},{"@type":"WebSite","@id":"https:\/\/www.zerdab.com\/#website","url":"https:\/\/www.zerdab.com\/","name":"Z\u0259rdab.com","description":"","potentialAction":[{"@type":"SearchAction","target":{"@type":"EntryPoint","urlTemplate":"https:\/\/www.zerdab.com\/?s={search_term_string}"},"query-input":{"@type":"PropertyValueSpecification","valueRequired":true,"valueName":"search_term_string"}}],"inLanguage":"az"},{"@type":"Person","@id":"https:\/\/www.zerdab.com\/#\/schema\/person\/97079b7570c1e89ec0d9e138c3672136","name":"admin","image":{"@type":"ImageObject","inLanguage":"az","@id":"https:\/\/www.zerdab.com\/#\/schema\/person\/image\/","url":"https:\/\/secure.gravatar.com\/avatar\/d9c52a9a27c32119cb6679a077fa3e2779e5f822c451cbf01098004361d466ec?s=96&d=mm&r=g","contentUrl":"https:\/\/secure.gravatar.com\/avatar\/d9c52a9a27c32119cb6679a077fa3e2779e5f822c451cbf01098004361d466ec?s=96&d=mm&r=g","caption":"admin"},"url":"https:\/\/www.zerdab.com\/?author=1"}]}},"_links":{"self":[{"href":"https:\/\/www.zerdab.com\/index.php?rest_route=\/wp\/v2\/posts\/28163","targetHints":{"allow":["GET"]}}],"collection":[{"href":"https:\/\/www.zerdab.com\/index.php?rest_route=\/wp\/v2\/posts"}],"about":[{"href":"https:\/\/www.zerdab.com\/index.php?rest_route=\/wp\/v2\/types\/post"}],"author":[{"embeddable":true,"href":"https:\/\/www.zerdab.com\/index.php?rest_route=\/wp\/v2\/users\/1"}],"replies":[{"embeddable":true,"href":"https:\/\/www.zerdab.com\/index.php?rest_route=%2Fwp%2Fv2%2Fcomments&post=28163"}],"version-history":[{"count":11,"href":"https:\/\/www.zerdab.com\/index.php?rest_route=\/wp\/v2\/posts\/28163\/revisions"}],"predecessor-version":[{"id":28191,"href":"https:\/\/www.zerdab.com\/index.php?rest_route=\/wp\/v2\/posts\/28163\/revisions\/28191"}],"wp:attachment":[{"href":"https:\/\/www.zerdab.com\/index.php?rest_route=%2Fwp%2Fv2%2Fmedia&parent=28163"}],"wp:term":[{"taxonomy":"category","embeddable":true,"href":"https:\/\/www.zerdab.com\/index.php?rest_route=%2Fwp%2Fv2%2Fcategories&post=28163"},{"taxonomy":"post_tag","embeddable":true,"href":"https:\/\/www.zerdab.com\/index.php?rest_route=%2Fwp%2Fv2%2Ftags&post=28163"}],"curies":[{"name":"wp","href":"https:\/\/api.w.org\/{rel}","templated":true}]}}