{"id":2819,"date":"2012-06-17T10:21:07","date_gmt":"2012-06-17T05:21:07","guid":{"rendered":"http:\/\/www.zerdab.com\/?p=2819"},"modified":"2012-06-17T10:26:31","modified_gmt":"2012-06-17T05:26:31","slug":"z%c9%99rdablilarin-bu-yond%c9%99-s%c9%99sin%c9%99-s%c9%99s-verdiyin%c9%99-gor%c9%99-prezident%c9%99-minn%c9%99tdariq","status":"publish","type":"post","link":"https:\/\/www.zerdab.com\/?p=2819","title":{"rendered":"Jal\u0259 \u018fliyeva: &#8220;Yubileyl\u0259r \u0259vv\u0259ll\u0259r \u00e7ox b\u00f6y\u00fck t\u0259mt\u0259raqla ke\u00e7irilirdi&#8221;"},"content":{"rendered":"<p><a href=\"http:\/\/www.zerdab.com\/?attachment_id=2820\" rel=\"attachment wp-att-2820\"><img loading=\"lazy\" decoding=\"async\" class=\"alignleft  wp-image-2820\" title=\"gallery_jale_b_2_201191551112227634516602722270341\" src=\"http:\/\/www.zerdab.com\/wp-content\/uploads\/2012\/06\/gallery_jale_b_2_201191551112227634516602722270341-350x350.png\" alt=\"\" width=\"231\" height=\"274\" \/><\/a>&#8220;Az\u0259rbaycan dilinin qloballa\u015fma \u015f\u0259raitind\u0259 zaman\u0131n t\u0259l\u0259bl\u0259rin\u0259 uy\u011fun istifad\u0259sin\u0259 v\u0259 \u00f6lk\u0259d\u0259 dil\u00e7iliyin inki\u015faf\u0131na dair D\u00f6vl\u0259t Proqram\u0131&#8221; haqda \u00f6lk\u0259 Prezidenti \u0130lham \u018fliyevin bir m\u00fcdd\u0259t \u00f6nc\u0259 verdiyi s\u0259r\u0259ncam\u0131 \u00e7ox y\u00fcks\u0259k qiym\u0259tl\u0259ndirir\u0259m v\u0259 \u00f6z ad\u0131mdan d\u00f6vl\u0259t ba\u015f\u00e7\u0131s\u0131na s\u0259mimi minn\u0259tdarl\u0131\u011f\u0131m\u0131 ifad\u0259 etm\u0259k ist\u0259yir\u0259m. Bu, \u0259slind\u0259 \u00e7oxdan b\u0259ri g\u00f6zl\u0259nil\u0259n bir s\u0259r\u0259ncam idi, \u00e7\u00fcnki ona b\u00f6y\u00fck ehtiyac\u0131m\u0131z vard\u0131&#8221;. Bu s\u00f6zl\u0259ri Milli M\u0259clisin M\u0259d\u0259niyy\u0259t komit\u0259sinin \u00fczv\u00fc, mill\u0259t v\u0259kili Jal\u0259 \u018fliyeva deyib: &#8220;Bel\u0259 d\u00fc\u015f\u00fcn\u00fcr\u00fck ki, bu, \u00e7ox vaxt\u0131nda verilmi\u015f bir s\u0259r\u0259ncamd\u0131r v\u0259 bu s\u0259r\u0259ncamdan sonra n\u0259hay\u0259t, d\u00f6vl\u0259t dilimizin t\u0259mizliyinin, safl\u0131\u011f\u0131n\u0131n qorunmas\u0131 istiqam\u0259tind\u0259 ciddi n\u0259tic\u0259l\u0259r, m\u00fcsb\u0259t ir\u0259lil\u0259yi\u015fl\u0259r \u0259ld\u0259 edil\u0259c\u0259k. H\u0259r halda, h\u0259r birimiz buna b\u00f6y\u00fck \u00fcmid edirik&#8221;.<br \/>\nAz\u0259rbaycan jurnalistikas\u0131n\u0131n banisi H\u0259s\u0259n b\u0259y Z\u0259rdabinin 170 illik yubileyinin ke\u00e7irilm\u0259si haqq\u0131nda veril\u0259n s\u0259r\u0259ncama g\u0259linc\u0259, J. \u018fliyeva deyib: &#8220;Do\u011frudan da, bu s\u0259r\u0259ncam\u0131n verilm\u0259si m\u0259nim \u00fc\u00e7\u00fcn ikiqat \u0259lam\u0259tdar bir hadis\u0259dir v\u0259 onu da \u00e7ox y\u00fcks\u0259k d\u0259y\u0259rl\u0259ndirir\u0259m. Bilirsiniz ki, H\u0259s\u0259n b\u0259y Z\u0259rdabi h\u0259qiq\u0259t\u0259n d\u0259 Az\u0259rbaycan ictimai fikrinin \u00e7ox \u0259h\u0259miyy\u0259tli bir simas\u0131 olub v\u0259 b\u00f6y\u00fck bir n\u0259slin, b\u00f6y\u00fck bir d\u00fc\u015f\u00fcnc\u0259 n\u0259slinin yeti\u015fm\u0259sind\u0259, inki\u015faf\u0131nda b\u00f6y\u00fck bir rolu olmu\u015f insand\u0131r.<br \/>\nAmma \u00e7ox t\u0259\u0259ss\u00fcfl\u0259r olsun ki, bel\u0259 dey\u0259k ki, h\u0259m diqq\u0259td\u0259n, h\u0259m t\u0259dqiqat, ara\u015fd\u0131rma bax\u0131m\u0131ndan dig\u0259rl\u0259rin\u0259, h\u0259tta \u00f6z yeti\u015fdirm\u0259l\u0259rin\u0259, \u015fagirdl\u0259rin\u0259 baxanda bu g\u00fcn\u0259 q\u0259d\u0259r k\u0259narda qalm\u0131\u015f Az\u0259rbaycan ictimai fikrinin n\u00fcmay\u0259nd\u0259sidir. Ona g\u00f6r\u0259 H\u0259s\u0259n b\u0259y Z\u0259rdabinin yubileyinin prezident s\u0259r\u0259ncam\u0131 s\u0259viyy\u0259sind\u0259, d\u00f6vl\u0259t s\u0259viyy\u0259sind\u0259 ke\u00e7irilm\u0259sin\u0259 q\u0259rar verilm\u0259si, d\u00fc\u015f\u00fcn\u00fcr\u0259m ki, b\u00fct\u00fcn \u0259d\u0259biyyatsev\u0259rl\u0259ri sevindirir v\u0259 x\u00fcsusil\u0259 d\u0259 Z\u0259rdabinin yurdunu t\u0259msil etdiyim\u0259, h\u0259m\u00e7inin, h\u0259r bir z\u0259rdabl\u0131n\u0131n, bu y\u00f6nd\u0259 arzular\u0131n\u0131n h\u0259yata ke\u00e7m\u0259si \u00fc\u00e7\u00fcn d\u0259f\u0259l\u0259rl\u0259 m\u00fcraci\u0259t ed\u0259n h\u0259r bir se\u00e7icinin s\u0259sin\u0259 s\u0259s verdiyin\u0259 g\u00f6r\u0259 c\u0259nab Prezident\u0259 \u00e7ox-\u00e7ox b\u00f6y\u00fck t\u0259\u015f\u0259kk\u00fcrl\u0259rimi bildirm\u0259k ist\u0259yir\u0259m. V\u0259 \u0259g\u0259r s\u00f6hb\u0259t yubileyl\u0259rd\u0259n d\u00fc\u015f\u00fcbs\u0259, bir m\u0259s\u0259l\u0259y\u0259 d\u0259 q\u0131saca olaraq fikrimi bildirm\u0259k ist\u0259yir\u0259m. Bildiyiniz kimi, yubileyl\u0259r daha \u0259vv\u0259ll\u0259r \u00e7ox b\u00f6y\u00fck bir t\u0259mt\u0259raqla ke\u00e7irilirdi v\u0259 d\u00f6vl\u0259t televiziyas\u0131 t\u0259r\u0259find\u0259n m\u00fctl\u0259q translyasiya olunurdu. Onu da qeyd edim ki, \u0259vv\u0259l bir televiziya var idis\u0259, indi 9 televiziya var v\u0259 hans\u0131n\u0131n n\u0259 vaxt n\u0259yi translyasiya etdiyini d\u0259 b\u0259lk\u0259 d\u0259 izl\u0259yib bitirm\u0259k olmur, b\u0259zi \u015feyl\u0259ri qa\u00e7\u0131r\u0131r\u0131q, amma \u00e7ox yax\u015f\u0131 hald\u0131r ki, bu g\u00fcn \u0130ctimai Televiziya bu y\u00f6nd\u0259 yeni bir c\u0131\u011f\u0131r a\u00e7\u0131b. Y\u0259ni, bug\u00fcnk\u00fc\u00a0 informasiya bollu\u011funda, x\u00fcsusil\u0259, m\u0259d\u0259niyy\u0259t sah\u0259sind\u0259ki xaosu sanki t\u0259nziml\u0259y\u0259n v\u0259 normal m\u00fcst\u0259viy\u0259 yeni bir istiqam\u0259t g\u0259tir\u0259n bir kanal kimi \u00f6z\u00fcn\u00fc do\u011fruldub. T\u0259bii ki, bu bax\u0131mdan yana\u015fanda Az\u0259rbaycan m\u0259d\u0259niyy\u0259tinin bir par\u00e7as\u0131 olan bu yubileyl\u0259rin i\u015f\u0131qland\u0131r\u0131lmas\u0131, d\u00fc\u015f\u00fcn\u00fcr\u0259m ki, \u0130ctimai Televiziyan\u0131n birinci n\u00f6vb\u0259d\u0259 \u00f6hd\u0259sin\u0259 d\u00fc\u015f\u0259n bir m\u0259s\u0259l\u0259dir. B\u0259lk\u0259 d\u0259 5 ild\u0259n sonra, 10 ild\u0259n sonra he\u00e7 kim\u0259 laz\u0131m olmayacaq s\u0259n\u0259t, m\u0259d\u0259niyy\u0259t, inc\u0259s\u0259n\u0259t n\u00fcmun\u0259l\u0259ri v\u0259 onlar\u0131n apar\u0131c\u0131lar\u0131n\u0131 biz saatlarla izl\u0259y\u0259, onlar\u0131n t\u0259rc\u00fcmeyi-hal\u0131n\u0131 g\u00f6r\u0259 bilirik. Yaxud da, kim harada b\u0131\u00e7aqland\u0131, n\u0259 bilim kim n\u0259 etdi, kim ma\u015f\u0131ndan nec\u0259 d\u00fc\u015fd\u00fc, kim harada yaxaland\u0131, amma art\u0131q Az\u0259rbaycan m\u0259d\u0259niyy\u0259tin\u0259, Az\u0259rbaycan t\u0259f\u0259kk\u00fcr\u00fcn\u0259, elmin\u0259 \u00f6z m\u00f6h\u00fcr\u00fcn\u00fc vurmu\u015f insanlar var ki, c\u0259nab Prezident d\u0259 onlar\u0131n d\u0259y\u0259rini ver\u0259r\u0259k s\u0259r\u0259ncam imzalay\u0131rsa, d\u00fc\u015f\u00fcn\u00fcr\u0259m ki, onlar\u0131n haqq\u0131nda sad\u0259c\u0259, h\u0259min g\u00fcn o salona toplanan 300-500 n\u0259f\u0259r dinl\u0259yici qonaq deyil, milyonlarla az\u0259rbaycanl\u0131 v\u0259 daha geni\u015f miqyasa \u00e7\u0131xarsaq, Az\u0259rbaycan\u0131 izl\u0259y\u0259n dig\u0259r d\u00fcnya xalqlar\u0131 da g\u00f6rm\u0259lidirl\u0259r.<br \/>\nHesab edir\u0259m ki, bu bizim m\u0259n\u0259vi s\u0259rv\u0259timizdir v\u0259 haqq\u0131m\u0131zd\u0131r ki, daha geni\u015f, daha d\u0259rin t\u0259bli\u011f ed\u0259k. Bunun \u00fc\u00e7\u00fcn d\u0259 televiziyadan ba\u015fqa bizim \u0259limizd\u0259 daha b\u00f6y\u00fck bir al\u0259t, silah yoxdur&#8221;&#8230;<\/p>\n","protected":false},"excerpt":{"rendered":"<p>&#8220;Az\u0259rbaycan dilinin qloballa\u015fma \u015f\u0259raitind\u0259 zaman\u0131n t\u0259l\u0259bl\u0259rin\u0259 uy\u011fun istifad\u0259sin\u0259 v\u0259 \u00f6lk\u0259d\u0259 dil\u00e7iliyin inki\u015faf\u0131na dair D\u00f6vl\u0259t Proqram\u0131&#8221; haqda \u00f6lk\u0259 Prezidenti \u0130lham \u018fliyevin bir m\u00fcdd\u0259t \u00f6nc\u0259 verdiyi s\u0259r\u0259ncam\u0131 \u00e7ox y\u00fcks\u0259k qiym\u0259tl\u0259ndirir\u0259m v\u0259 \u00f6z ad\u0131mdan d\u00f6vl\u0259t ba\u015f\u00e7\u0131s\u0131na s\u0259mimi minn\u0259tdarl\u0131\u011f\u0131m\u0131 ifad\u0259 etm\u0259k ist\u0259yir\u0259m. Bu, \u0259slind\u0259 \u00e7oxdan b\u0259ri g\u00f6zl\u0259nil\u0259n bir s\u0259r\u0259ncam idi, \u00e7\u00fcnki ona b\u00f6y\u00fck ehtiyac\u0131m\u0131z vard\u0131&#8221;. Bu s\u00f6zl\u0259ri Milli M\u0259clisin [&hellip;]<\/p>\n","protected":false},"author":1,"featured_media":0,"comment_status":"open","ping_status":"open","sticky":false,"template":"","format":"standard","meta":{"footnotes":""},"categories":[21],"tags":[],"class_list":{"0":"post-2819","1":"post","2":"type-post","3":"status-publish","4":"format-standard","6":"category-zrdab"},"yoast_head":"<!-- This site is optimized with the Yoast SEO plugin v27.0 - https:\/\/yoast.com\/product\/yoast-seo-wordpress\/ -->\n<title>Jal\u0259 \u018fliyeva: &quot;Yubileyl\u0259r \u0259vv\u0259ll\u0259r \u00e7ox b\u00f6y\u00fck t\u0259mt\u0259raqla ke\u00e7irilirdi&quot;  - Z\u0259rdab.com<\/title>\n<meta name=\"robots\" content=\"index, follow, max-snippet:-1, max-image-preview:large, max-video-preview:-1\" \/>\n<link rel=\"canonical\" href=\"https:\/\/www.zerdab.com\/?p=2819\" \/>\n<meta property=\"og:locale\" content=\"az_AZ\" \/>\n<meta property=\"og:type\" content=\"article\" \/>\n<meta property=\"og:title\" content=\"Jal\u0259 \u018fliyeva: &quot;Yubileyl\u0259r \u0259vv\u0259ll\u0259r \u00e7ox b\u00f6y\u00fck t\u0259mt\u0259raqla ke\u00e7irilirdi&quot;  - Z\u0259rdab.com\" \/>\n<meta property=\"og:description\" content=\"&#8220;Az\u0259rbaycan dilinin qloballa\u015fma \u015f\u0259raitind\u0259 zaman\u0131n t\u0259l\u0259bl\u0259rin\u0259 uy\u011fun istifad\u0259sin\u0259 v\u0259 \u00f6lk\u0259d\u0259 dil\u00e7iliyin inki\u015faf\u0131na dair D\u00f6vl\u0259t Proqram\u0131&#8221; haqda \u00f6lk\u0259 Prezidenti \u0130lham \u018fliyevin bir m\u00fcdd\u0259t \u00f6nc\u0259 verdiyi s\u0259r\u0259ncam\u0131 \u00e7ox y\u00fcks\u0259k qiym\u0259tl\u0259ndirir\u0259m v\u0259 \u00f6z ad\u0131mdan d\u00f6vl\u0259t ba\u015f\u00e7\u0131s\u0131na s\u0259mimi minn\u0259tdarl\u0131\u011f\u0131m\u0131 ifad\u0259 etm\u0259k ist\u0259yir\u0259m. Bu, \u0259slind\u0259 \u00e7oxdan b\u0259ri g\u00f6zl\u0259nil\u0259n bir s\u0259r\u0259ncam idi, \u00e7\u00fcnki ona b\u00f6y\u00fck ehtiyac\u0131m\u0131z vard\u0131&#8221;. Bu s\u00f6zl\u0259ri Milli M\u0259clisin [&hellip;]\" \/>\n<meta property=\"og:url\" content=\"https:\/\/www.zerdab.com\/?p=2819\" \/>\n<meta property=\"og:site_name\" content=\"Z\u0259rdab.com\" \/>\n<meta property=\"article:published_time\" content=\"2012-06-17T05:21:07+00:00\" \/>\n<meta property=\"article:modified_time\" content=\"2012-06-17T05:26:31+00:00\" \/>\n<meta property=\"og:image\" content=\"http:\/\/www.zerdab.com\/wp-content\/uploads\/2012\/06\/gallery_jale_b_2_201191551112227634516602722270341-350x350.png\" \/>\n<meta name=\"author\" content=\"admin\" \/>\n<meta name=\"twitter:card\" content=\"summary_large_image\" \/>\n<meta name=\"twitter:label1\" content=\"Written by\" \/>\n\t<meta name=\"twitter:data1\" content=\"admin\" \/>\n\t<meta name=\"twitter:label2\" content=\"Est. reading time\" \/>\n\t<meta name=\"twitter:data2\" content=\"4 minutes\" \/>\n<script type=\"application\/ld+json\" class=\"yoast-schema-graph\">{\"@context\":\"https:\/\/schema.org\",\"@graph\":[{\"@type\":\"Article\",\"@id\":\"https:\/\/www.zerdab.com\/?p=2819#article\",\"isPartOf\":{\"@id\":\"https:\/\/www.zerdab.com\/?p=2819\"},\"author\":{\"name\":\"admin\",\"@id\":\"https:\/\/www.zerdab.com\/#\/schema\/person\/97079b7570c1e89ec0d9e138c3672136\"},\"headline\":\"Jal\u0259 \u018fliyeva: &#8220;Yubileyl\u0259r \u0259vv\u0259ll\u0259r \u00e7ox b\u00f6y\u00fck t\u0259mt\u0259raqla ke\u00e7irilirdi&#8221;\",\"datePublished\":\"2012-06-17T05:21:07+00:00\",\"dateModified\":\"2012-06-17T05:26:31+00:00\",\"mainEntityOfPage\":{\"@id\":\"https:\/\/www.zerdab.com\/?p=2819\"},\"wordCount\":895,\"commentCount\":0,\"image\":{\"@id\":\"https:\/\/www.zerdab.com\/?p=2819#primaryimage\"},\"thumbnailUrl\":\"http:\/\/www.zerdab.com\/wp-content\/uploads\/2012\/06\/gallery_jale_b_2_201191551112227634516602722270341-350x350.png\",\"articleSection\":[\"C\u018fM\u0130YY\u018fT\"],\"inLanguage\":\"az\",\"potentialAction\":[{\"@type\":\"CommentAction\",\"name\":\"Comment\",\"target\":[\"https:\/\/www.zerdab.com\/?p=2819#respond\"]}]},{\"@type\":\"WebPage\",\"@id\":\"https:\/\/www.zerdab.com\/?p=2819\",\"url\":\"https:\/\/www.zerdab.com\/?p=2819\",\"name\":\"Jal\u0259 \u018fliyeva: \\\"Yubileyl\u0259r \u0259vv\u0259ll\u0259r \u00e7ox b\u00f6y\u00fck t\u0259mt\u0259raqla ke\u00e7irilirdi\\\" - Z\u0259rdab.com\",\"isPartOf\":{\"@id\":\"https:\/\/www.zerdab.com\/#website\"},\"primaryImageOfPage\":{\"@id\":\"https:\/\/www.zerdab.com\/?p=2819#primaryimage\"},\"image\":{\"@id\":\"https:\/\/www.zerdab.com\/?p=2819#primaryimage\"},\"thumbnailUrl\":\"http:\/\/www.zerdab.com\/wp-content\/uploads\/2012\/06\/gallery_jale_b_2_201191551112227634516602722270341-350x350.png\",\"datePublished\":\"2012-06-17T05:21:07+00:00\",\"dateModified\":\"2012-06-17T05:26:31+00:00\",\"author\":{\"@id\":\"https:\/\/www.zerdab.com\/#\/schema\/person\/97079b7570c1e89ec0d9e138c3672136\"},\"breadcrumb\":{\"@id\":\"https:\/\/www.zerdab.com\/?p=2819#breadcrumb\"},\"inLanguage\":\"az\",\"potentialAction\":[{\"@type\":\"ReadAction\",\"target\":[\"https:\/\/www.zerdab.com\/?p=2819\"]}]},{\"@type\":\"ImageObject\",\"inLanguage\":\"az\",\"@id\":\"https:\/\/www.zerdab.com\/?p=2819#primaryimage\",\"url\":\"\",\"contentUrl\":\"\"},{\"@type\":\"BreadcrumbList\",\"@id\":\"https:\/\/www.zerdab.com\/?p=2819#breadcrumb\",\"itemListElement\":[{\"@type\":\"ListItem\",\"position\":1,\"name\":\"Home\",\"item\":\"https:\/\/www.zerdab.com\/\"},{\"@type\":\"ListItem\",\"position\":2,\"name\":\"Jal\u0259 \u018fliyeva: &#8220;Yubileyl\u0259r \u0259vv\u0259ll\u0259r \u00e7ox b\u00f6y\u00fck t\u0259mt\u0259raqla ke\u00e7irilirdi&#8221;\"}]},{\"@type\":\"WebSite\",\"@id\":\"https:\/\/www.zerdab.com\/#website\",\"url\":\"https:\/\/www.zerdab.com\/\",\"name\":\"Z\u0259rdab.com\",\"description\":\"\",\"potentialAction\":[{\"@type\":\"SearchAction\",\"target\":{\"@type\":\"EntryPoint\",\"urlTemplate\":\"https:\/\/www.zerdab.com\/?s={search_term_string}\"},\"query-input\":{\"@type\":\"PropertyValueSpecification\",\"valueRequired\":true,\"valueName\":\"search_term_string\"}}],\"inLanguage\":\"az\"},{\"@type\":\"Person\",\"@id\":\"https:\/\/www.zerdab.com\/#\/schema\/person\/97079b7570c1e89ec0d9e138c3672136\",\"name\":\"admin\",\"image\":{\"@type\":\"ImageObject\",\"inLanguage\":\"az\",\"@id\":\"https:\/\/www.zerdab.com\/#\/schema\/person\/image\/\",\"url\":\"https:\/\/secure.gravatar.com\/avatar\/d9c52a9a27c32119cb6679a077fa3e2779e5f822c451cbf01098004361d466ec?s=96&d=mm&r=g\",\"contentUrl\":\"https:\/\/secure.gravatar.com\/avatar\/d9c52a9a27c32119cb6679a077fa3e2779e5f822c451cbf01098004361d466ec?s=96&d=mm&r=g\",\"caption\":\"admin\"},\"url\":\"https:\/\/www.zerdab.com\/?author=1\"}]}<\/script>\n<!-- \/ Yoast SEO plugin. -->","yoast_head_json":{"title":"Jal\u0259 \u018fliyeva: \"Yubileyl\u0259r \u0259vv\u0259ll\u0259r \u00e7ox b\u00f6y\u00fck t\u0259mt\u0259raqla ke\u00e7irilirdi\"  - Z\u0259rdab.com","robots":{"index":"index","follow":"follow","max-snippet":"max-snippet:-1","max-image-preview":"max-image-preview:large","max-video-preview":"max-video-preview:-1"},"canonical":"https:\/\/www.zerdab.com\/?p=2819","og_locale":"az_AZ","og_type":"article","og_title":"Jal\u0259 \u018fliyeva: \"Yubileyl\u0259r \u0259vv\u0259ll\u0259r \u00e7ox b\u00f6y\u00fck t\u0259mt\u0259raqla ke\u00e7irilirdi\"  - Z\u0259rdab.com","og_description":"&#8220;Az\u0259rbaycan dilinin qloballa\u015fma \u015f\u0259raitind\u0259 zaman\u0131n t\u0259l\u0259bl\u0259rin\u0259 uy\u011fun istifad\u0259sin\u0259 v\u0259 \u00f6lk\u0259d\u0259 dil\u00e7iliyin inki\u015faf\u0131na dair D\u00f6vl\u0259t Proqram\u0131&#8221; haqda \u00f6lk\u0259 Prezidenti \u0130lham \u018fliyevin bir m\u00fcdd\u0259t \u00f6nc\u0259 verdiyi s\u0259r\u0259ncam\u0131 \u00e7ox y\u00fcks\u0259k qiym\u0259tl\u0259ndirir\u0259m v\u0259 \u00f6z ad\u0131mdan d\u00f6vl\u0259t ba\u015f\u00e7\u0131s\u0131na s\u0259mimi minn\u0259tdarl\u0131\u011f\u0131m\u0131 ifad\u0259 etm\u0259k ist\u0259yir\u0259m. Bu, \u0259slind\u0259 \u00e7oxdan b\u0259ri g\u00f6zl\u0259nil\u0259n bir s\u0259r\u0259ncam idi, \u00e7\u00fcnki ona b\u00f6y\u00fck ehtiyac\u0131m\u0131z vard\u0131&#8221;. Bu s\u00f6zl\u0259ri Milli M\u0259clisin [&hellip;]","og_url":"https:\/\/www.zerdab.com\/?p=2819","og_site_name":"Z\u0259rdab.com","article_published_time":"2012-06-17T05:21:07+00:00","article_modified_time":"2012-06-17T05:26:31+00:00","og_image":[{"url":"http:\/\/www.zerdab.com\/wp-content\/uploads\/2012\/06\/gallery_jale_b_2_201191551112227634516602722270341-350x350.png","type":"","width":"","height":""}],"author":"admin","twitter_card":"summary_large_image","twitter_misc":{"Written by":"admin","Est. reading time":"4 minutes"},"schema":{"@context":"https:\/\/schema.org","@graph":[{"@type":"Article","@id":"https:\/\/www.zerdab.com\/?p=2819#article","isPartOf":{"@id":"https:\/\/www.zerdab.com\/?p=2819"},"author":{"name":"admin","@id":"https:\/\/www.zerdab.com\/#\/schema\/person\/97079b7570c1e89ec0d9e138c3672136"},"headline":"Jal\u0259 \u018fliyeva: &#8220;Yubileyl\u0259r \u0259vv\u0259ll\u0259r \u00e7ox b\u00f6y\u00fck t\u0259mt\u0259raqla ke\u00e7irilirdi&#8221;","datePublished":"2012-06-17T05:21:07+00:00","dateModified":"2012-06-17T05:26:31+00:00","mainEntityOfPage":{"@id":"https:\/\/www.zerdab.com\/?p=2819"},"wordCount":895,"commentCount":0,"image":{"@id":"https:\/\/www.zerdab.com\/?p=2819#primaryimage"},"thumbnailUrl":"http:\/\/www.zerdab.com\/wp-content\/uploads\/2012\/06\/gallery_jale_b_2_201191551112227634516602722270341-350x350.png","articleSection":["C\u018fM\u0130YY\u018fT"],"inLanguage":"az","potentialAction":[{"@type":"CommentAction","name":"Comment","target":["https:\/\/www.zerdab.com\/?p=2819#respond"]}]},{"@type":"WebPage","@id":"https:\/\/www.zerdab.com\/?p=2819","url":"https:\/\/www.zerdab.com\/?p=2819","name":"Jal\u0259 \u018fliyeva: \"Yubileyl\u0259r \u0259vv\u0259ll\u0259r \u00e7ox b\u00f6y\u00fck t\u0259mt\u0259raqla ke\u00e7irilirdi\" - Z\u0259rdab.com","isPartOf":{"@id":"https:\/\/www.zerdab.com\/#website"},"primaryImageOfPage":{"@id":"https:\/\/www.zerdab.com\/?p=2819#primaryimage"},"image":{"@id":"https:\/\/www.zerdab.com\/?p=2819#primaryimage"},"thumbnailUrl":"http:\/\/www.zerdab.com\/wp-content\/uploads\/2012\/06\/gallery_jale_b_2_201191551112227634516602722270341-350x350.png","datePublished":"2012-06-17T05:21:07+00:00","dateModified":"2012-06-17T05:26:31+00:00","author":{"@id":"https:\/\/www.zerdab.com\/#\/schema\/person\/97079b7570c1e89ec0d9e138c3672136"},"breadcrumb":{"@id":"https:\/\/www.zerdab.com\/?p=2819#breadcrumb"},"inLanguage":"az","potentialAction":[{"@type":"ReadAction","target":["https:\/\/www.zerdab.com\/?p=2819"]}]},{"@type":"ImageObject","inLanguage":"az","@id":"https:\/\/www.zerdab.com\/?p=2819#primaryimage","url":"","contentUrl":""},{"@type":"BreadcrumbList","@id":"https:\/\/www.zerdab.com\/?p=2819#breadcrumb","itemListElement":[{"@type":"ListItem","position":1,"name":"Home","item":"https:\/\/www.zerdab.com\/"},{"@type":"ListItem","position":2,"name":"Jal\u0259 \u018fliyeva: &#8220;Yubileyl\u0259r \u0259vv\u0259ll\u0259r \u00e7ox b\u00f6y\u00fck t\u0259mt\u0259raqla ke\u00e7irilirdi&#8221;"}]},{"@type":"WebSite","@id":"https:\/\/www.zerdab.com\/#website","url":"https:\/\/www.zerdab.com\/","name":"Z\u0259rdab.com","description":"","potentialAction":[{"@type":"SearchAction","target":{"@type":"EntryPoint","urlTemplate":"https:\/\/www.zerdab.com\/?s={search_term_string}"},"query-input":{"@type":"PropertyValueSpecification","valueRequired":true,"valueName":"search_term_string"}}],"inLanguage":"az"},{"@type":"Person","@id":"https:\/\/www.zerdab.com\/#\/schema\/person\/97079b7570c1e89ec0d9e138c3672136","name":"admin","image":{"@type":"ImageObject","inLanguage":"az","@id":"https:\/\/www.zerdab.com\/#\/schema\/person\/image\/","url":"https:\/\/secure.gravatar.com\/avatar\/d9c52a9a27c32119cb6679a077fa3e2779e5f822c451cbf01098004361d466ec?s=96&d=mm&r=g","contentUrl":"https:\/\/secure.gravatar.com\/avatar\/d9c52a9a27c32119cb6679a077fa3e2779e5f822c451cbf01098004361d466ec?s=96&d=mm&r=g","caption":"admin"},"url":"https:\/\/www.zerdab.com\/?author=1"}]}},"_links":{"self":[{"href":"https:\/\/www.zerdab.com\/index.php?rest_route=\/wp\/v2\/posts\/2819","targetHints":{"allow":["GET"]}}],"collection":[{"href":"https:\/\/www.zerdab.com\/index.php?rest_route=\/wp\/v2\/posts"}],"about":[{"href":"https:\/\/www.zerdab.com\/index.php?rest_route=\/wp\/v2\/types\/post"}],"author":[{"embeddable":true,"href":"https:\/\/www.zerdab.com\/index.php?rest_route=\/wp\/v2\/users\/1"}],"replies":[{"embeddable":true,"href":"https:\/\/www.zerdab.com\/index.php?rest_route=%2Fwp%2Fv2%2Fcomments&post=2819"}],"version-history":[{"count":11,"href":"https:\/\/www.zerdab.com\/index.php?rest_route=\/wp\/v2\/posts\/2819\/revisions"}],"predecessor-version":[{"id":2831,"href":"https:\/\/www.zerdab.com\/index.php?rest_route=\/wp\/v2\/posts\/2819\/revisions\/2831"}],"wp:attachment":[{"href":"https:\/\/www.zerdab.com\/index.php?rest_route=%2Fwp%2Fv2%2Fmedia&parent=2819"}],"wp:term":[{"taxonomy":"category","embeddable":true,"href":"https:\/\/www.zerdab.com\/index.php?rest_route=%2Fwp%2Fv2%2Fcategories&post=2819"},{"taxonomy":"post_tag","embeddable":true,"href":"https:\/\/www.zerdab.com\/index.php?rest_route=%2Fwp%2Fv2%2Ftags&post=2819"}],"curies":[{"name":"wp","href":"https:\/\/api.w.org\/{rel}","templated":true}]}}