{"id":28192,"date":"2020-06-05T13:14:12","date_gmt":"2020-06-05T09:14:12","guid":{"rendered":"http:\/\/www.zerdab.com\/?p=28192"},"modified":"2020-06-05T13:14:14","modified_gmt":"2020-06-05T09:14:14","slug":"prezident-z%c9%99rdabda-yol-tikintisin%c9%99-pul-ayirdi","status":"publish","type":"post","link":"https:\/\/www.zerdab.com\/?p=28192","title":{"rendered":"Prezident  Z\u0259rdabda yol tikintisin\u0259 pul ay\u0131rd\u0131"},"content":{"rendered":"\n<p>Prezident \u0130lham \u018fliyev Z\u0259rdab rayonunun\nUcar\u2013Z\u0259rdab\u2013A\u011fcab\u0259di (32 km)\u2013G\u0259lm\u0259\u2013\u018flib\u0259yli\u2013Allahquluba\u011f\u0131 avtomobil yolunun\ntikintisi il\u0259 ba\u011fl\u0131 t\u0259dbirl\u0259r haqq\u0131nda s\u0259r\u0259ncam imzalay\u0131b.<\/p>\n\n\n\n<p><strong>Zerdab.com<\/strong>\u00a0x\u0259b\u0259r verir ki,\u00a0s\u0259r\u0259ncamda qeyd edilir ki, d\u00f6rd min n\u0259f\u0259r \u0259halinin ya\u015fad\u0131\u011f\u0131 3 ya\u015fay\u0131\u015f m\u0259nt\u0259q\u0259sini birl\u0259\u015fdir\u0259n Ucar\u2013Z\u0259rdab\u2013A\u011fcab\u0259di (32 km)\u2013G\u0259lm\u0259\u2013\u018flib\u0259yli\u2013Allahquluba\u011f\u0131 avtomobil yolunun tikintisi m\u0259qs\u0259dil\u0259 \u201cAz\u0259rbaycan Respublikas\u0131n\u0131n 2020-ci il d\u00f6vl\u0259t b\u00fcdc\u0259sind\u0259 d\u00f6vl\u0259t \u0259sasl\u0131 v\u0259sait qoyulu\u015fu (investisiya x\u0259rcl\u0259ri) \u00fc\u00e7\u00fcn n\u0259z\u0259rd\u0259 tutulan v\u0259saitin b\u00f6lg\u00fcs\u00fc\u201dnd\u0259 avtomobil yollar\u0131n\u0131n tikintisi v\u0259 yenid\u0259n qurulmas\u0131 \u00fc\u00e7\u00fcn g\u00f6st\u0259rilmi\u015f v\u0259saitin 3,1 milyon manat\u0131 Az\u0259rbaycan Avtomobil Yollar\u0131 D\u00f6vl\u0259t Agentliyin\u0259 ayr\u0131ls\u0131n.<\/p>\n\n\n\n<p>Maliyy\u0259 Nazirliyin\u0259 bu S\u0259r\u0259ncam\u0131n 1-ci hiss\u0259sind\u0259 g\u00f6st\u0259ril\u0259n m\u0259bl\u0259\u011fd\u0259 maliyy\u0259l\u0259\u015fm\u0259ni t\u0259min etm\u0259k, Nazirl\u0259r Kabinetin\u0259 bu S\u0259r\u0259ncamdan ir\u0259li g\u0259l\u0259n m\u0259s\u0259l\u0259l\u0259ri h\u0259ll etm\u0259k tap\u015f\u0131r\u0131l\u0131r.<\/p>\n","protected":false},"excerpt":{"rendered":"<p>Prezident \u0130lham \u018fliyev Z\u0259rdab rayonunun Ucar\u2013Z\u0259rdab\u2013A\u011fcab\u0259di (32 km)\u2013G\u0259lm\u0259\u2013\u018flib\u0259yli\u2013Allahquluba\u011f\u0131 avtomobil yolunun tikintisi il\u0259 ba\u011fl\u0131 t\u0259dbirl\u0259r haqq\u0131nda s\u0259r\u0259ncam imzalay\u0131b. Zerdab.com\u00a0x\u0259b\u0259r verir ki,\u00a0s\u0259r\u0259ncamda qeyd edilir ki, d\u00f6rd min n\u0259f\u0259r \u0259halinin ya\u015fad\u0131\u011f\u0131 3 ya\u015fay\u0131\u015f m\u0259nt\u0259q\u0259sini birl\u0259\u015fdir\u0259n Ucar\u2013Z\u0259rdab\u2013A\u011fcab\u0259di (32 km)\u2013G\u0259lm\u0259\u2013\u018flib\u0259yli\u2013Allahquluba\u011f\u0131 avtomobil yolunun tikintisi m\u0259qs\u0259dil\u0259 \u201cAz\u0259rbaycan Respublikas\u0131n\u0131n 2020-ci il d\u00f6vl\u0259t b\u00fcdc\u0259sind\u0259 d\u00f6vl\u0259t \u0259sasl\u0131 v\u0259sait qoyulu\u015fu (investisiya x\u0259rcl\u0259ri) \u00fc\u00e7\u00fcn n\u0259z\u0259rd\u0259 tutulan v\u0259saitin [&hellip;]<\/p>\n","protected":false},"author":1,"featured_media":27146,"comment_status":"open","ping_status":"open","sticky":false,"template":"","format":"standard","meta":{"footnotes":""},"categories":[63,5],"tags":[],"class_list":{"0":"post-28192","1":"post","2":"type-post","3":"status-publish","4":"format-standard","5":"has-post-thumbnail","7":"category-manset","8":"category-knd"},"yoast_head":"<!-- This site is optimized with the Yoast SEO plugin v27.0 - https:\/\/yoast.com\/product\/yoast-seo-wordpress\/ -->\n<title>Prezident Z\u0259rdabda yol tikintisin\u0259 pul ay\u0131rd\u0131 - Z\u0259rdab.com<\/title>\n<meta name=\"robots\" content=\"index, follow, max-snippet:-1, max-image-preview:large, max-video-preview:-1\" \/>\n<link rel=\"canonical\" href=\"https:\/\/www.zerdab.com\/?p=28192\" \/>\n<meta property=\"og:locale\" content=\"az_AZ\" \/>\n<meta property=\"og:type\" content=\"article\" \/>\n<meta property=\"og:title\" content=\"Prezident Z\u0259rdabda yol tikintisin\u0259 pul ay\u0131rd\u0131 - Z\u0259rdab.com\" \/>\n<meta property=\"og:description\" content=\"Prezident \u0130lham \u018fliyev Z\u0259rdab rayonunun Ucar\u2013Z\u0259rdab\u2013A\u011fcab\u0259di (32 km)\u2013G\u0259lm\u0259\u2013\u018flib\u0259yli\u2013Allahquluba\u011f\u0131 avtomobil yolunun tikintisi il\u0259 ba\u011fl\u0131 t\u0259dbirl\u0259r haqq\u0131nda s\u0259r\u0259ncam imzalay\u0131b. Zerdab.com\u00a0x\u0259b\u0259r verir ki,\u00a0s\u0259r\u0259ncamda qeyd edilir ki, d\u00f6rd min n\u0259f\u0259r \u0259halinin ya\u015fad\u0131\u011f\u0131 3 ya\u015fay\u0131\u015f m\u0259nt\u0259q\u0259sini birl\u0259\u015fdir\u0259n Ucar\u2013Z\u0259rdab\u2013A\u011fcab\u0259di (32 km)\u2013G\u0259lm\u0259\u2013\u018flib\u0259yli\u2013Allahquluba\u011f\u0131 avtomobil yolunun tikintisi m\u0259qs\u0259dil\u0259 \u201cAz\u0259rbaycan Respublikas\u0131n\u0131n 2020-ci il d\u00f6vl\u0259t b\u00fcdc\u0259sind\u0259 d\u00f6vl\u0259t \u0259sasl\u0131 v\u0259sait qoyulu\u015fu (investisiya x\u0259rcl\u0259ri) \u00fc\u00e7\u00fcn n\u0259z\u0259rd\u0259 tutulan v\u0259saitin [&hellip;]\" \/>\n<meta property=\"og:url\" content=\"https:\/\/www.zerdab.com\/?p=28192\" \/>\n<meta property=\"og:site_name\" content=\"Z\u0259rdab.com\" \/>\n<meta property=\"article:published_time\" content=\"2020-06-05T09:14:12+00:00\" \/>\n<meta property=\"article:modified_time\" content=\"2020-06-05T09:14:14+00:00\" \/>\n<meta property=\"og:image\" content=\"https:\/\/www.zerdab.com\/wp-content\/uploads\/2019\/05\/zerdab-vakansiya-isci-axtarilir.jpg\" \/>\n\t<meta property=\"og:image:width\" content=\"1024\" \/>\n\t<meta property=\"og:image:height\" content=\"576\" \/>\n\t<meta property=\"og:image:type\" content=\"image\/jpeg\" \/>\n<meta name=\"author\" content=\"admin\" \/>\n<meta name=\"twitter:card\" content=\"summary_large_image\" \/>\n<meta name=\"twitter:label1\" content=\"Written by\" \/>\n\t<meta name=\"twitter:data1\" content=\"admin\" \/>\n\t<meta name=\"twitter:label2\" content=\"Est. reading time\" \/>\n\t<meta name=\"twitter:data2\" content=\"1 minute\" \/>\n<script type=\"application\/ld+json\" class=\"yoast-schema-graph\">{\"@context\":\"https:\/\/schema.org\",\"@graph\":[{\"@type\":\"Article\",\"@id\":\"https:\/\/www.zerdab.com\/?p=28192#article\",\"isPartOf\":{\"@id\":\"https:\/\/www.zerdab.com\/?p=28192\"},\"author\":{\"name\":\"admin\",\"@id\":\"https:\/\/www.zerdab.com\/#\/schema\/person\/97079b7570c1e89ec0d9e138c3672136\"},\"headline\":\"Prezident Z\u0259rdabda yol tikintisin\u0259 pul ay\u0131rd\u0131\",\"datePublished\":\"2020-06-05T09:14:12+00:00\",\"dateModified\":\"2020-06-05T09:14:14+00:00\",\"mainEntityOfPage\":{\"@id\":\"https:\/\/www.zerdab.com\/?p=28192\"},\"wordCount\":205,\"commentCount\":0,\"image\":{\"@id\":\"https:\/\/www.zerdab.com\/?p=28192#primaryimage\"},\"thumbnailUrl\":\"https:\/\/www.zerdab.com\/wp-content\/uploads\/2019\/05\/zerdab-vakansiya-isci-axtarilir.jpg\",\"articleSection\":[\"MAN\u015eET\",\"X\u018fB\u018fRL\u018fR\"],\"inLanguage\":\"az\",\"potentialAction\":[{\"@type\":\"CommentAction\",\"name\":\"Comment\",\"target\":[\"https:\/\/www.zerdab.com\/?p=28192#respond\"]}]},{\"@type\":\"WebPage\",\"@id\":\"https:\/\/www.zerdab.com\/?p=28192\",\"url\":\"https:\/\/www.zerdab.com\/?p=28192\",\"name\":\"Prezident Z\u0259rdabda yol tikintisin\u0259 pul ay\u0131rd\u0131 - Z\u0259rdab.com\",\"isPartOf\":{\"@id\":\"https:\/\/www.zerdab.com\/#website\"},\"primaryImageOfPage\":{\"@id\":\"https:\/\/www.zerdab.com\/?p=28192#primaryimage\"},\"image\":{\"@id\":\"https:\/\/www.zerdab.com\/?p=28192#primaryimage\"},\"thumbnailUrl\":\"https:\/\/www.zerdab.com\/wp-content\/uploads\/2019\/05\/zerdab-vakansiya-isci-axtarilir.jpg\",\"datePublished\":\"2020-06-05T09:14:12+00:00\",\"dateModified\":\"2020-06-05T09:14:14+00:00\",\"author\":{\"@id\":\"https:\/\/www.zerdab.com\/#\/schema\/person\/97079b7570c1e89ec0d9e138c3672136\"},\"breadcrumb\":{\"@id\":\"https:\/\/www.zerdab.com\/?p=28192#breadcrumb\"},\"inLanguage\":\"az\",\"potentialAction\":[{\"@type\":\"ReadAction\",\"target\":[\"https:\/\/www.zerdab.com\/?p=28192\"]}]},{\"@type\":\"ImageObject\",\"inLanguage\":\"az\",\"@id\":\"https:\/\/www.zerdab.com\/?p=28192#primaryimage\",\"url\":\"https:\/\/www.zerdab.com\/wp-content\/uploads\/2019\/05\/zerdab-vakansiya-isci-axtarilir.jpg\",\"contentUrl\":\"https:\/\/www.zerdab.com\/wp-content\/uploads\/2019\/05\/zerdab-vakansiya-isci-axtarilir.jpg\",\"width\":1024,\"height\":576,\"caption\":\"zerdab-vakansiya-isci-axtarilir\"},{\"@type\":\"BreadcrumbList\",\"@id\":\"https:\/\/www.zerdab.com\/?p=28192#breadcrumb\",\"itemListElement\":[{\"@type\":\"ListItem\",\"position\":1,\"name\":\"Home\",\"item\":\"https:\/\/www.zerdab.com\/\"},{\"@type\":\"ListItem\",\"position\":2,\"name\":\"Prezident Z\u0259rdabda yol tikintisin\u0259 pul ay\u0131rd\u0131\"}]},{\"@type\":\"WebSite\",\"@id\":\"https:\/\/www.zerdab.com\/#website\",\"url\":\"https:\/\/www.zerdab.com\/\",\"name\":\"Z\u0259rdab.com\",\"description\":\"\",\"potentialAction\":[{\"@type\":\"SearchAction\",\"target\":{\"@type\":\"EntryPoint\",\"urlTemplate\":\"https:\/\/www.zerdab.com\/?s={search_term_string}\"},\"query-input\":{\"@type\":\"PropertyValueSpecification\",\"valueRequired\":true,\"valueName\":\"search_term_string\"}}],\"inLanguage\":\"az\"},{\"@type\":\"Person\",\"@id\":\"https:\/\/www.zerdab.com\/#\/schema\/person\/97079b7570c1e89ec0d9e138c3672136\",\"name\":\"admin\",\"image\":{\"@type\":\"ImageObject\",\"inLanguage\":\"az\",\"@id\":\"https:\/\/www.zerdab.com\/#\/schema\/person\/image\/\",\"url\":\"https:\/\/secure.gravatar.com\/avatar\/d9c52a9a27c32119cb6679a077fa3e2779e5f822c451cbf01098004361d466ec?s=96&d=mm&r=g\",\"contentUrl\":\"https:\/\/secure.gravatar.com\/avatar\/d9c52a9a27c32119cb6679a077fa3e2779e5f822c451cbf01098004361d466ec?s=96&d=mm&r=g\",\"caption\":\"admin\"},\"url\":\"https:\/\/www.zerdab.com\/?author=1\"}]}<\/script>\n<!-- \/ Yoast SEO plugin. -->","yoast_head_json":{"title":"Prezident Z\u0259rdabda yol tikintisin\u0259 pul ay\u0131rd\u0131 - Z\u0259rdab.com","robots":{"index":"index","follow":"follow","max-snippet":"max-snippet:-1","max-image-preview":"max-image-preview:large","max-video-preview":"max-video-preview:-1"},"canonical":"https:\/\/www.zerdab.com\/?p=28192","og_locale":"az_AZ","og_type":"article","og_title":"Prezident Z\u0259rdabda yol tikintisin\u0259 pul ay\u0131rd\u0131 - Z\u0259rdab.com","og_description":"Prezident \u0130lham \u018fliyev Z\u0259rdab rayonunun Ucar\u2013Z\u0259rdab\u2013A\u011fcab\u0259di (32 km)\u2013G\u0259lm\u0259\u2013\u018flib\u0259yli\u2013Allahquluba\u011f\u0131 avtomobil yolunun tikintisi il\u0259 ba\u011fl\u0131 t\u0259dbirl\u0259r haqq\u0131nda s\u0259r\u0259ncam imzalay\u0131b. Zerdab.com\u00a0x\u0259b\u0259r verir ki,\u00a0s\u0259r\u0259ncamda qeyd edilir ki, d\u00f6rd min n\u0259f\u0259r \u0259halinin ya\u015fad\u0131\u011f\u0131 3 ya\u015fay\u0131\u015f m\u0259nt\u0259q\u0259sini birl\u0259\u015fdir\u0259n Ucar\u2013Z\u0259rdab\u2013A\u011fcab\u0259di (32 km)\u2013G\u0259lm\u0259\u2013\u018flib\u0259yli\u2013Allahquluba\u011f\u0131 avtomobil yolunun tikintisi m\u0259qs\u0259dil\u0259 \u201cAz\u0259rbaycan Respublikas\u0131n\u0131n 2020-ci il d\u00f6vl\u0259t b\u00fcdc\u0259sind\u0259 d\u00f6vl\u0259t \u0259sasl\u0131 v\u0259sait qoyulu\u015fu (investisiya x\u0259rcl\u0259ri) \u00fc\u00e7\u00fcn n\u0259z\u0259rd\u0259 tutulan v\u0259saitin [&hellip;]","og_url":"https:\/\/www.zerdab.com\/?p=28192","og_site_name":"Z\u0259rdab.com","article_published_time":"2020-06-05T09:14:12+00:00","article_modified_time":"2020-06-05T09:14:14+00:00","og_image":[{"width":1024,"height":576,"url":"https:\/\/www.zerdab.com\/wp-content\/uploads\/2019\/05\/zerdab-vakansiya-isci-axtarilir.jpg","type":"image\/jpeg"}],"author":"admin","twitter_card":"summary_large_image","twitter_misc":{"Written by":"admin","Est. reading time":"1 minute"},"schema":{"@context":"https:\/\/schema.org","@graph":[{"@type":"Article","@id":"https:\/\/www.zerdab.com\/?p=28192#article","isPartOf":{"@id":"https:\/\/www.zerdab.com\/?p=28192"},"author":{"name":"admin","@id":"https:\/\/www.zerdab.com\/#\/schema\/person\/97079b7570c1e89ec0d9e138c3672136"},"headline":"Prezident Z\u0259rdabda yol tikintisin\u0259 pul ay\u0131rd\u0131","datePublished":"2020-06-05T09:14:12+00:00","dateModified":"2020-06-05T09:14:14+00:00","mainEntityOfPage":{"@id":"https:\/\/www.zerdab.com\/?p=28192"},"wordCount":205,"commentCount":0,"image":{"@id":"https:\/\/www.zerdab.com\/?p=28192#primaryimage"},"thumbnailUrl":"https:\/\/www.zerdab.com\/wp-content\/uploads\/2019\/05\/zerdab-vakansiya-isci-axtarilir.jpg","articleSection":["MAN\u015eET","X\u018fB\u018fRL\u018fR"],"inLanguage":"az","potentialAction":[{"@type":"CommentAction","name":"Comment","target":["https:\/\/www.zerdab.com\/?p=28192#respond"]}]},{"@type":"WebPage","@id":"https:\/\/www.zerdab.com\/?p=28192","url":"https:\/\/www.zerdab.com\/?p=28192","name":"Prezident Z\u0259rdabda yol tikintisin\u0259 pul ay\u0131rd\u0131 - Z\u0259rdab.com","isPartOf":{"@id":"https:\/\/www.zerdab.com\/#website"},"primaryImageOfPage":{"@id":"https:\/\/www.zerdab.com\/?p=28192#primaryimage"},"image":{"@id":"https:\/\/www.zerdab.com\/?p=28192#primaryimage"},"thumbnailUrl":"https:\/\/www.zerdab.com\/wp-content\/uploads\/2019\/05\/zerdab-vakansiya-isci-axtarilir.jpg","datePublished":"2020-06-05T09:14:12+00:00","dateModified":"2020-06-05T09:14:14+00:00","author":{"@id":"https:\/\/www.zerdab.com\/#\/schema\/person\/97079b7570c1e89ec0d9e138c3672136"},"breadcrumb":{"@id":"https:\/\/www.zerdab.com\/?p=28192#breadcrumb"},"inLanguage":"az","potentialAction":[{"@type":"ReadAction","target":["https:\/\/www.zerdab.com\/?p=28192"]}]},{"@type":"ImageObject","inLanguage":"az","@id":"https:\/\/www.zerdab.com\/?p=28192#primaryimage","url":"https:\/\/www.zerdab.com\/wp-content\/uploads\/2019\/05\/zerdab-vakansiya-isci-axtarilir.jpg","contentUrl":"https:\/\/www.zerdab.com\/wp-content\/uploads\/2019\/05\/zerdab-vakansiya-isci-axtarilir.jpg","width":1024,"height":576,"caption":"zerdab-vakansiya-isci-axtarilir"},{"@type":"BreadcrumbList","@id":"https:\/\/www.zerdab.com\/?p=28192#breadcrumb","itemListElement":[{"@type":"ListItem","position":1,"name":"Home","item":"https:\/\/www.zerdab.com\/"},{"@type":"ListItem","position":2,"name":"Prezident Z\u0259rdabda yol tikintisin\u0259 pul ay\u0131rd\u0131"}]},{"@type":"WebSite","@id":"https:\/\/www.zerdab.com\/#website","url":"https:\/\/www.zerdab.com\/","name":"Z\u0259rdab.com","description":"","potentialAction":[{"@type":"SearchAction","target":{"@type":"EntryPoint","urlTemplate":"https:\/\/www.zerdab.com\/?s={search_term_string}"},"query-input":{"@type":"PropertyValueSpecification","valueRequired":true,"valueName":"search_term_string"}}],"inLanguage":"az"},{"@type":"Person","@id":"https:\/\/www.zerdab.com\/#\/schema\/person\/97079b7570c1e89ec0d9e138c3672136","name":"admin","image":{"@type":"ImageObject","inLanguage":"az","@id":"https:\/\/www.zerdab.com\/#\/schema\/person\/image\/","url":"https:\/\/secure.gravatar.com\/avatar\/d9c52a9a27c32119cb6679a077fa3e2779e5f822c451cbf01098004361d466ec?s=96&d=mm&r=g","contentUrl":"https:\/\/secure.gravatar.com\/avatar\/d9c52a9a27c32119cb6679a077fa3e2779e5f822c451cbf01098004361d466ec?s=96&d=mm&r=g","caption":"admin"},"url":"https:\/\/www.zerdab.com\/?author=1"}]}},"_links":{"self":[{"href":"https:\/\/www.zerdab.com\/index.php?rest_route=\/wp\/v2\/posts\/28192","targetHints":{"allow":["GET"]}}],"collection":[{"href":"https:\/\/www.zerdab.com\/index.php?rest_route=\/wp\/v2\/posts"}],"about":[{"href":"https:\/\/www.zerdab.com\/index.php?rest_route=\/wp\/v2\/types\/post"}],"author":[{"embeddable":true,"href":"https:\/\/www.zerdab.com\/index.php?rest_route=\/wp\/v2\/users\/1"}],"replies":[{"embeddable":true,"href":"https:\/\/www.zerdab.com\/index.php?rest_route=%2Fwp%2Fv2%2Fcomments&post=28192"}],"version-history":[{"count":1,"href":"https:\/\/www.zerdab.com\/index.php?rest_route=\/wp\/v2\/posts\/28192\/revisions"}],"predecessor-version":[{"id":28193,"href":"https:\/\/www.zerdab.com\/index.php?rest_route=\/wp\/v2\/posts\/28192\/revisions\/28193"}],"wp:featuredmedia":[{"embeddable":true,"href":"https:\/\/www.zerdab.com\/index.php?rest_route=\/wp\/v2\/media\/27146"}],"wp:attachment":[{"href":"https:\/\/www.zerdab.com\/index.php?rest_route=%2Fwp%2Fv2%2Fmedia&parent=28192"}],"wp:term":[{"taxonomy":"category","embeddable":true,"href":"https:\/\/www.zerdab.com\/index.php?rest_route=%2Fwp%2Fv2%2Fcategories&post=28192"},{"taxonomy":"post_tag","embeddable":true,"href":"https:\/\/www.zerdab.com\/index.php?rest_route=%2Fwp%2Fv2%2Ftags&post=28192"}],"curies":[{"name":"wp","href":"https:\/\/api.w.org\/{rel}","templated":true}]}}