{"id":28253,"date":"2020-06-20T16:29:18","date_gmt":"2020-06-20T12:29:18","guid":{"rendered":"http:\/\/www.zerdab.com\/?p=28253"},"modified":"2020-06-20T16:58:46","modified_gmt":"2020-06-20T12:58:46","slug":"mill%c9%99t-v%c9%99kili-jal%c9%99-%c9%99liyeva-z%c9%99rdabdaki-q%c9%99rargahinda-secicil%c9%99ri-q%c9%99bul-etdi-fotolar","status":"publish","type":"post","link":"https:\/\/www.zerdab.com\/?p=28253","title":{"rendered":"Mill\u0259t v\u0259kili Jal\u0259 \u018fliyeva Z\u0259rdabdak\u0131 q\u0259rargah\u0131nda se\u00e7icil\u0259ri q\u0259bul etdi \u2013 Fotolar"},"content":{"rendered":"\n<p><strong>92 sayl\u0131 Z\u0259rdab-Ucar Se\u00e7ki Dair\u0259sini parlamentd\u0259 t\u0259msil ed\u0259n mill\u0259t v\u0259kili, professor Jal\u0259 \u018fliyeva n\u00f6vb\u0259ti d\u0259f\u0259 se\u00e7icil\u0259rl\u0259 g\u00f6r\u00fc\u015f\u00fcb, onlardan bir ne\u00e7\u0259sini Z\u0259rdabdak\u0131 q\u0259rargah\u0131nda q\u0259bul edib.<\/strong><\/p>\n\n\n\n<p><strong>Zerdab.com<\/strong> sayt\u0131na veril\u0259n m\u0259lumata g\u00f6r\u0259,\u00a0iyunun 18-d\u0259 ba\u015f tutan q\u0259bul-g\u00f6r\u00fc\u015fd\u0259 onlarla se\u00e7ici, rayon sakini i\u015ftirak edib. Qeyd ed\u0259k ki, g\u00f6r\u00fc\u015f-q\u0259bul zaman\u0131 \u00f6lk\u0259d\u0259 ya\u015fanan koronavirus pandemiyas\u0131 il\u0259 ba\u011fl\u0131 t\u0259tbiq edil\u0259n x\u00fcsusi karantin rejiminin t\u0259l\u0259bl\u0259rin\u0259, \u015f\u0259tl\u0259rin\u0259 t\u0259m \u0259m\u0259l edil\u0259r\u0259k, tibbi maskalardan istifad\u0259 olunub, sosial m\u0259saf\u0259 g\u00f6zl\u0259nilib. Q\u0259bul zaman\u0131 rayon sakinl\u0259ri, se\u00e7icil\u0259r ilk n\u00f6vb\u0259d\u0259 koronavirus pandemiyas\u0131n\u0131n qar\u015f\u0131s\u0131n\u0131n al\u0131nmas\u0131 istiqam\u0259tind\u0259 g\u00f6r\u00fcl\u0259n i\u015fl\u0259r\u0259, at\u0131lan \u00e7oxsayl\u0131 add\u0131mlara, h\u0259yata ke\u00e7iril\u0259n siyas\u0259t\u0259, insanlar\u0131n bu b\u0259ladan tezlikl\u0259 qurtulmas\u0131, onlar\u0131n g\u00fcz\u0259ran\u0131n, sosial durumlar\u0131n\u0131n pisl\u0259\u015fm\u0259m\u0259si \u00fc\u00e7\u00fcn ard-arda veril\u0259n F\u0259rman v\u0259 s\u0259r\u0259ncamlara g\u00f6r\u0259, \u00f6lk\u0259 Prezidenti<strong>\u00a0<\/strong>\u0130lham \u018fliyev\u00a0v\u0259 Birinci xan\u0131m, Birinci vitse-prezident<strong>\u00a0<\/strong>Mehriban \u018fliyevaya \u00f6z d\u0259rin minn\u0259tdarl\u0131qlar\u0131n\u0131 ifad\u0259 edibl\u0259r.<\/p>\n\n\n\n<p>Se\u00e7icil\u0259r, rayon sakinl\u0259ri h\u0259r zaman onlar\u0131n,\nAz\u0259rbaycan v\u0259t\u0259nda\u015flar\u0131n\u0131n yan\u0131nda olan, onun qay\u011f\u0131lar\u0131, probleml\u0259ri il\u0259\nya\u015fayan Az\u0259rbaycan d\u00f6vl\u0259tinin v\u0259 d\u00f6vl\u0259t r\u0259hb\u0259rliyinin yan\u0131nda dayand\u0131qlar\u0131n\u0131,\nmilli h\u0259mr\u0259yliy\u0259 ehtiyac duyulan bu h\u0259sass v\u0259 \u00e7\u0259tin g\u00fcnl\u0259rd\u0259 h\u0259r zaman\nv\u0259t\u0259nda\u015fl\u0131q g\u00f6r\u0259vl\u0259rini yerin\u0259 yetirm\u0259y\u0259 haz\u0131r olduqlar\u0131n\u0131 v\u0259 yerin\u0259 yetirm\u0259y\u0259\n\u00e7al\u0131\u015fd\u0131qlar\u0131n\u0131 dil\u0259 g\u0259tiribl\u0259r.<\/p>\n\n\n\n<p>Eyni zamanda, deputatlar\u0131ndan \u00f6z minn\u0259tdarl\u0131qlar\u0131n\u0131, d\u0259rin t\u0259\u015f\u0259kk\u00fcrl\u0259rini \u00f6lk\u0259 Prezidentin\u0259 v\u0259 Birinci xan\u0131ma \u00e7atd\u0131rmalar\u0131n\u0131 xahi\u015f edibl\u0259r. Mill\u0259t v\u0259kili d\u0259 \u00f6z n\u00f6vb\u0259sind\u0259 son aylar d\u00fcnyada v\u0259 onun t\u0259rkib hiss\u0259si olan Az\u0259rbaycan ba\u015f ver\u0259nl\u0259r\u0259 q\u0131sa n\u0259z\u0259r sal\u0131b, x\u00fcsusil\u0259, pandemiyaya qar\u015f\u0131 m\u00fcbariz\u0259d\u0259 \u00f6lk\u0259 r\u0259hb\u0259rinin q\u0259tiyy\u0259tli, c\u0259sar\u0259tli add\u0131mlar\u0131 say\u0259sind\u0259 b\u00f6y\u00fck i\u015fl\u0259rin g\u00f6r\u00fcld\u00fcy\u00fcn\u00fc bildirib. Qeyd edib ki, b\u00fct\u00fcn \u00e7\u0259tinlikl\u0259r\u0259 baxmayaraq, d\u00f6vl\u0259t ba\u015f\u00e7\u0131s\u0131n\u0131n m\u00fcdrik v\u0259 uzaqg\u00f6r\u0259n siyas\u0259ti n\u0259tic\u0259sind\u0259 Az\u0259rbaycan d\u00f6vl\u0259ti v\u0259 xalq\u0131 pandemiyan\u0131n daha a\u011f\u0131r f\u0259sadlar\u0131ndan v\u0259 itkil\u0259rind\u0259n yan ke\u00e7\u0259 bilib. H\u0259m\u00e7inin, insanlar\u0131n sosial durumlar\u0131n\u0131n yax\u015f\u0131la\u015fd\u0131r\u0131lmas\u0131, iqtisadiyat\u0131n ayaqda qalmas\u0131 \u00fc\u00e7\u00fcn 3,5 milyardl\u0131q paket icraya y\u00f6n\u0259ldilib ki, bu da b\u0259zi d\u00f6vl\u0259tl\u0259rin illik b\u00fcdc\u0259si dem\u0259kdir.<\/p>\n\n\n\n<p>Mill\u0259t v\u0259kili d\u00f6vl\u0259t ba\u015f\u00e7\u0131s\u0131n\u0131n r\u0259hb\u0259rliyi v\u0259 onun \u0259traf\u0131nda birl\u0259\u015f\u0259n Az\u0259rbaycan xalq\u0131n\u0131n n\u00f6vb\u0259ti s\u0259f\u0259rb\u0259rliyi, milli h\u0259mr\u0259yliyi il\u0259 bu b\u0259ladan da birlikd\u0259 xilas olaca\u011f\u0131m\u0131z\u0131, qurtulaca\u011f\u0131m\u0131z\u0131 s\u00f6zl\u0259rin\u0259 \u0259lav\u0259 edib. Eyni zamanda, bir daha se\u00e7icil\u0259rd\u0259n, rayon sakinl\u0259rind\u0259n bu h\u0259sas v\u0259 \u00e7\u0259tin d\u00f6n\u0259md\u0259, x\u00fcsusil\u0259, s\u0259rtl\u0259\u015fdirilmi\u015f iki h\u0259ft\u0259lik x\u00fcsusi karantin rejiminin t\u0259l\u0259b v\u0259 \u015f\u0259rtl\u0259rin\u0259 istisnas\u0131z v\u0259 birm\u0259nal\u0131 \u015f\u0259kild\u0259 \u0259m\u0259l etm\u0259l\u0259rinin vacibliyini vur\u011fulay\u0131b. Bildirib ki, bunlar ham\u0131s\u0131 Az\u0259rbaycan xalq\u0131n\u0131n sa\u011flaml\u0131\u011f\u0131n\u0131n t\u0259min edilm\u0259si v\u0259 qorunmas\u0131 il\u0259 ba\u011fl\u0131 at\u0131lan add\u0131mlard\u0131r v\u0259 bu bax\u0131mdan da, h\u0259r k\u0259s s\u0259br, t\u0259mkin, irad\u0259, h\u0259mr\u0259ylik n\u00fcmayi\u015f etdirm\u0259lidir.<\/p>\n\n\n\n<p>Sonra se\u00e7icil\u0259r t\u0259r\u0259find\u0259n onlar\u0131 d\u00fc\u015f\u00fcnd\u00fcr\u0259n, narahat ed\u0259n m\u0259s\u0259l\u0259l\u0259r \u0259rtaf\u0131nda fikir m\u00fcbadil\u0259si apar\u0131l\u0131b. Yen\u0259 d\u0259 yerli, lokal xarakterli b\u0259zi probleml\u0259r dil\u0259 g\u0259tirilib, x\u00fcsusil\u0259 d\u0259, pensiyalar\u0131n verilm\u0259si, \u0259liiliyin m\u00fc\u0259yy\u0259nl\u0259\u015fdirilm\u0259si, su, i\u015fsizlik v\u0259 sair m\u0259s\u0259l\u0259l\u0259rin h\u0259llind\u0259 k\u00f6m\u0259klik g\u00f6st\u0259rilm\u0259si ist\u0259nilib, xahi\u015f olunub. Mill\u0259t v\u0259kili d\u0259 \u00f6z n\u00f6vb\u0259sind\u0259 v\u0259 \u00f6z s\u0259lahiyy\u0259tl\u0259ri \u00e7\u0259r\u00e7iv\u0259sind\u0259 adlar\u0131 \u00e7\u0259kil\u0259n m\u0259s\u0259l\u0259l\u0259rin h\u0259lli istiqam\u0259tind\u0259 \u00fcz\u0259rin\u0259 d\u00fc\u015f\u0259n i\u015fl\u0259ri yerin\u0259 yetirm\u0259y\u0259 \u00e7al\u0131\u015fd\u0131\u011f\u0131n\u0131 v\u0259 \u00e7al\u0131\u015faca\u011f\u0131n\u0131n bildirib. Qeyd ed\u0259k ki, qald\u0131r\u0131lan m\u0259s\u0259l\u0259l\u0259rd\u0259n d\u0259 b\u0259zil\u0259rinin h\u0259lli \u00fc\u00e7\u00fcn el\u0259 yerind\u0259c\u0259 yerli t\u0259\u015fkilatlarla \u0259laq\u0259 saxlan\u0131l\u0131b. Dig\u0259r m\u0259s\u0259l\u0259l\u0259r is\u0259 respublika xarakterli oldu\u011fu \u00fc\u00e7\u00fcn onlarla ba\u011fl\u0131 m\u00fcvafiq \u0259laqadar t\u0259\u015fkilatlara deputat t\u0259r\u0259find\u0259n m\u00fcraci\u0259t olunacaq. B\u00fct\u00f6vl\u00fckd\u0259 g\u00f6r\u00fc\u015f s\u0259mimi, isti ortam \u015f\u0259raitind\u0259 ba\u015f tutub.<\/p>\n\n\n\n<p>Se\u00e7icil\u0259r, rayon sakinl\u0259ri deputatlar\u0131na h\u0259r daim onlar\u0131n probleml\u0259rini, ist\u0259k v\u0259 arzular\u0131n\u0131 ist\u0259r yerli s\u0259viyy\u0259d\u0259, ist\u0259rs\u0259 d\u0259, \u00f6lk\u0259, parlament s\u0259viyy\u0259sind\u0259 dil\u0259 g\u0259tirdiyin\u0259, h\u0259min m\u0259s\u0259l\u0259l\u0259rin h\u0259llin\u0259 \u0259ks\u0259r hallarda nail oldu\u011funa g\u00f6r\u0259, \u00f6z minn\u0259tdarl\u0131qlar\u0131n\u0131 ifad\u0259 edibl\u0259r.<\/p>\n\n\n\n<figure class=\"wp-block-image\"><img decoding=\"async\" src=\"http:\/\/www.zerdab.com\/wp-content\/uploads\/2020\/06\/zerdabda-vetendas-qebulu.1-413x550.jpg\" alt=\"\" class=\"wp-image-28255\"\/><\/figure>\n\n\n\n<figure class=\"wp-block-image\"><img decoding=\"async\" src=\"http:\/\/www.zerdab.com\/wp-content\/uploads\/2020\/06\/zerdabda-vetendas-qebulu.2-413x550.jpg\" alt=\"\" class=\"wp-image-28256\"\/><\/figure>\n\n\n\n<figure class=\"wp-block-image\"><img decoding=\"async\" src=\"http:\/\/www.zerdab.com\/wp-content\/uploads\/2020\/06\/zerdabda-vetendas-qebulu.3-413x550.jpg\" alt=\"\" class=\"wp-image-28257\"\/><\/figure>\n\n\n\n<figure class=\"wp-block-image\"><img loading=\"lazy\" decoding=\"async\" width=\"413\" height=\"550\" src=\"http:\/\/www.zerdab.com\/wp-content\/uploads\/2020\/06\/zerdabda-vetendas-qebulu-413x550.jpg\" alt=\"\" class=\"wp-image-28266\" srcset=\"https:\/\/www.zerdab.com\/wp-content\/uploads\/2020\/06\/zerdabda-vetendas-qebulu-413x550.jpg 413w, https:\/\/www.zerdab.com\/wp-content\/uploads\/2020\/06\/zerdabda-vetendas-qebulu-400x533.jpg 400w, https:\/\/www.zerdab.com\/wp-content\/uploads\/2020\/06\/zerdabda-vetendas-qebulu-768x1024.jpg 768w, https:\/\/www.zerdab.com\/wp-content\/uploads\/2020\/06\/zerdabda-vetendas-qebulu-696x928.jpg 696w, https:\/\/www.zerdab.com\/wp-content\/uploads\/2020\/06\/zerdabda-vetendas-qebulu-315x420.jpg 315w, https:\/\/www.zerdab.com\/wp-content\/uploads\/2020\/06\/zerdabda-vetendas-qebulu.jpg 960w\" sizes=\"auto, (max-width: 413px) 100vw, 413px\" \/><\/figure>\n\n\n\n<figure class=\"wp-block-image\"><img decoding=\"async\" src=\"http:\/\/www.zerdab.com\/wp-content\/uploads\/2020\/06\/zerdabda-vetendas-qebulu.11-550x413.jpg\" alt=\"\" class=\"wp-image-28265\"\/><\/figure>\n\n\n\n<figure class=\"wp-block-image\"><img decoding=\"async\" src=\"http:\/\/www.zerdab.com\/wp-content\/uploads\/2020\/06\/zerdabda-vetendas-qebulu.10-413x550.jpg\" alt=\"\" class=\"wp-image-28264\"\/><\/figure>\n\n\n\n<figure class=\"wp-block-image\"><img decoding=\"async\" src=\"http:\/\/www.zerdab.com\/wp-content\/uploads\/2020\/06\/zerdabda-vetendas-qebulu.8-413x550.jpg\" alt=\"\" class=\"wp-image-28262\"\/><\/figure>\n\n\n\n<figure class=\"wp-block-image\"><img decoding=\"async\" src=\"http:\/\/www.zerdab.com\/wp-content\/uploads\/2020\/06\/zerdabda-vetendas-qebulu.6-413x550.jpg\" alt=\"\" class=\"wp-image-28260\"\/><\/figure>\n\n\n\n<figure class=\"wp-block-image\"><img decoding=\"async\" src=\"http:\/\/www.zerdab.com\/wp-content\/uploads\/2020\/06\/zerdabda-vetendas-qebulu.4-413x550.jpg\" alt=\"\" class=\"wp-image-28258\"\/><\/figure>\n","protected":false},"excerpt":{"rendered":"<p>92 sayl\u0131 Z\u0259rdab-Ucar Se\u00e7ki Dair\u0259sini parlamentd\u0259 t\u0259msil ed\u0259n mill\u0259t v\u0259kili, professor Jal\u0259 \u018fliyeva n\u00f6vb\u0259ti d\u0259f\u0259 se\u00e7icil\u0259rl\u0259 g\u00f6r\u00fc\u015f\u00fcb, onlardan bir ne\u00e7\u0259sini Z\u0259rdabdak\u0131 q\u0259rargah\u0131nda q\u0259bul edib. Zerdab.com sayt\u0131na veril\u0259n m\u0259lumata g\u00f6r\u0259,\u00a0iyunun 18-d\u0259 ba\u015f tutan q\u0259bul-g\u00f6r\u00fc\u015fd\u0259 onlarla se\u00e7ici, rayon sakini i\u015ftirak edib. Qeyd ed\u0259k ki, g\u00f6r\u00fc\u015f-q\u0259bul zaman\u0131 \u00f6lk\u0259d\u0259 ya\u015fanan koronavirus pandemiyas\u0131 il\u0259 ba\u011fl\u0131 t\u0259tbiq edil\u0259n x\u00fcsusi karantin rejiminin [&hellip;]<\/p>\n","protected":false},"author":1,"featured_media":0,"comment_status":"open","ping_status":"open","sticky":false,"template":"","format":"standard","meta":{"footnotes":""},"categories":[63,5],"tags":[],"class_list":{"0":"post-28253","1":"post","2":"type-post","3":"status-publish","4":"format-standard","6":"category-manset","7":"category-knd"},"yoast_head":"<!-- This site is optimized with the Yoast SEO plugin v27.0 - https:\/\/yoast.com\/product\/yoast-seo-wordpress\/ -->\n<title>Mill\u0259t v\u0259kili Jal\u0259 \u018fliyeva Z\u0259rdabdak\u0131 q\u0259rargah\u0131nda se\u00e7icil\u0259ri q\u0259bul etdi \u2013 Fotolar - Z\u0259rdab.com<\/title>\n<meta name=\"robots\" content=\"index, follow, max-snippet:-1, max-image-preview:large, max-video-preview:-1\" \/>\n<link rel=\"canonical\" href=\"https:\/\/www.zerdab.com\/?p=28253\" \/>\n<meta property=\"og:locale\" content=\"az_AZ\" \/>\n<meta property=\"og:type\" content=\"article\" \/>\n<meta property=\"og:title\" content=\"Mill\u0259t v\u0259kili Jal\u0259 \u018fliyeva Z\u0259rdabdak\u0131 q\u0259rargah\u0131nda se\u00e7icil\u0259ri q\u0259bul etdi \u2013 Fotolar - Z\u0259rdab.com\" \/>\n<meta property=\"og:description\" content=\"92 sayl\u0131 Z\u0259rdab-Ucar Se\u00e7ki Dair\u0259sini parlamentd\u0259 t\u0259msil ed\u0259n mill\u0259t v\u0259kili, professor Jal\u0259 \u018fliyeva n\u00f6vb\u0259ti d\u0259f\u0259 se\u00e7icil\u0259rl\u0259 g\u00f6r\u00fc\u015f\u00fcb, onlardan bir ne\u00e7\u0259sini Z\u0259rdabdak\u0131 q\u0259rargah\u0131nda q\u0259bul edib. Zerdab.com sayt\u0131na veril\u0259n m\u0259lumata g\u00f6r\u0259,\u00a0iyunun 18-d\u0259 ba\u015f tutan q\u0259bul-g\u00f6r\u00fc\u015fd\u0259 onlarla se\u00e7ici, rayon sakini i\u015ftirak edib. Qeyd ed\u0259k ki, g\u00f6r\u00fc\u015f-q\u0259bul zaman\u0131 \u00f6lk\u0259d\u0259 ya\u015fanan koronavirus pandemiyas\u0131 il\u0259 ba\u011fl\u0131 t\u0259tbiq edil\u0259n x\u00fcsusi karantin rejiminin [&hellip;]\" \/>\n<meta property=\"og:url\" content=\"https:\/\/www.zerdab.com\/?p=28253\" \/>\n<meta property=\"og:site_name\" content=\"Z\u0259rdab.com\" \/>\n<meta property=\"article:published_time\" content=\"2020-06-20T12:29:18+00:00\" \/>\n<meta property=\"article:modified_time\" content=\"2020-06-20T12:58:46+00:00\" \/>\n<meta property=\"og:image\" content=\"http:\/\/www.zerdab.com\/wp-content\/uploads\/2020\/06\/zerdabda-vetendas-qebulu.1-413x550.jpg\" \/>\n<meta name=\"author\" content=\"admin\" \/>\n<meta name=\"twitter:card\" content=\"summary_large_image\" \/>\n<meta name=\"twitter:label1\" content=\"Written by\" \/>\n\t<meta name=\"twitter:data1\" content=\"admin\" \/>\n\t<meta name=\"twitter:label2\" content=\"Est. reading time\" \/>\n\t<meta name=\"twitter:data2\" content=\"5 minutes\" \/>\n<script type=\"application\/ld+json\" class=\"yoast-schema-graph\">{\"@context\":\"https:\/\/schema.org\",\"@graph\":[{\"@type\":\"Article\",\"@id\":\"https:\/\/www.zerdab.com\/?p=28253#article\",\"isPartOf\":{\"@id\":\"https:\/\/www.zerdab.com\/?p=28253\"},\"author\":{\"name\":\"admin\",\"@id\":\"https:\/\/www.zerdab.com\/#\/schema\/person\/97079b7570c1e89ec0d9e138c3672136\"},\"headline\":\"Mill\u0259t v\u0259kili Jal\u0259 \u018fliyeva Z\u0259rdabdak\u0131 q\u0259rargah\u0131nda se\u00e7icil\u0259ri q\u0259bul etdi \u2013 Fotolar\",\"datePublished\":\"2020-06-20T12:29:18+00:00\",\"dateModified\":\"2020-06-20T12:58:46+00:00\",\"mainEntityOfPage\":{\"@id\":\"https:\/\/www.zerdab.com\/?p=28253\"},\"wordCount\":928,\"commentCount\":0,\"image\":{\"@id\":\"https:\/\/www.zerdab.com\/?p=28253#primaryimage\"},\"thumbnailUrl\":\"http:\/\/www.zerdab.com\/wp-content\/uploads\/2020\/06\/zerdabda-vetendas-qebulu.1-413x550.jpg\",\"articleSection\":[\"MAN\u015eET\",\"X\u018fB\u018fRL\u018fR\"],\"inLanguage\":\"az\",\"potentialAction\":[{\"@type\":\"CommentAction\",\"name\":\"Comment\",\"target\":[\"https:\/\/www.zerdab.com\/?p=28253#respond\"]}]},{\"@type\":\"WebPage\",\"@id\":\"https:\/\/www.zerdab.com\/?p=28253\",\"url\":\"https:\/\/www.zerdab.com\/?p=28253\",\"name\":\"Mill\u0259t v\u0259kili Jal\u0259 \u018fliyeva Z\u0259rdabdak\u0131 q\u0259rargah\u0131nda se\u00e7icil\u0259ri q\u0259bul etdi \u2013 Fotolar - Z\u0259rdab.com\",\"isPartOf\":{\"@id\":\"https:\/\/www.zerdab.com\/#website\"},\"primaryImageOfPage\":{\"@id\":\"https:\/\/www.zerdab.com\/?p=28253#primaryimage\"},\"image\":{\"@id\":\"https:\/\/www.zerdab.com\/?p=28253#primaryimage\"},\"thumbnailUrl\":\"http:\/\/www.zerdab.com\/wp-content\/uploads\/2020\/06\/zerdabda-vetendas-qebulu.1-413x550.jpg\",\"datePublished\":\"2020-06-20T12:29:18+00:00\",\"dateModified\":\"2020-06-20T12:58:46+00:00\",\"author\":{\"@id\":\"https:\/\/www.zerdab.com\/#\/schema\/person\/97079b7570c1e89ec0d9e138c3672136\"},\"breadcrumb\":{\"@id\":\"https:\/\/www.zerdab.com\/?p=28253#breadcrumb\"},\"inLanguage\":\"az\",\"potentialAction\":[{\"@type\":\"ReadAction\",\"target\":[\"https:\/\/www.zerdab.com\/?p=28253\"]}]},{\"@type\":\"ImageObject\",\"inLanguage\":\"az\",\"@id\":\"https:\/\/www.zerdab.com\/?p=28253#primaryimage\",\"url\":\"\",\"contentUrl\":\"\"},{\"@type\":\"BreadcrumbList\",\"@id\":\"https:\/\/www.zerdab.com\/?p=28253#breadcrumb\",\"itemListElement\":[{\"@type\":\"ListItem\",\"position\":1,\"name\":\"Home\",\"item\":\"https:\/\/www.zerdab.com\/\"},{\"@type\":\"ListItem\",\"position\":2,\"name\":\"Mill\u0259t v\u0259kili Jal\u0259 \u018fliyeva Z\u0259rdabdak\u0131 q\u0259rargah\u0131nda se\u00e7icil\u0259ri q\u0259bul etdi \u2013 Fotolar\"}]},{\"@type\":\"WebSite\",\"@id\":\"https:\/\/www.zerdab.com\/#website\",\"url\":\"https:\/\/www.zerdab.com\/\",\"name\":\"Z\u0259rdab.com\",\"description\":\"\",\"potentialAction\":[{\"@type\":\"SearchAction\",\"target\":{\"@type\":\"EntryPoint\",\"urlTemplate\":\"https:\/\/www.zerdab.com\/?s={search_term_string}\"},\"query-input\":{\"@type\":\"PropertyValueSpecification\",\"valueRequired\":true,\"valueName\":\"search_term_string\"}}],\"inLanguage\":\"az\"},{\"@type\":\"Person\",\"@id\":\"https:\/\/www.zerdab.com\/#\/schema\/person\/97079b7570c1e89ec0d9e138c3672136\",\"name\":\"admin\",\"image\":{\"@type\":\"ImageObject\",\"inLanguage\":\"az\",\"@id\":\"https:\/\/www.zerdab.com\/#\/schema\/person\/image\/\",\"url\":\"https:\/\/secure.gravatar.com\/avatar\/d9c52a9a27c32119cb6679a077fa3e2779e5f822c451cbf01098004361d466ec?s=96&d=mm&r=g\",\"contentUrl\":\"https:\/\/secure.gravatar.com\/avatar\/d9c52a9a27c32119cb6679a077fa3e2779e5f822c451cbf01098004361d466ec?s=96&d=mm&r=g\",\"caption\":\"admin\"},\"url\":\"https:\/\/www.zerdab.com\/?author=1\"}]}<\/script>\n<!-- \/ Yoast SEO plugin. -->","yoast_head_json":{"title":"Mill\u0259t v\u0259kili Jal\u0259 \u018fliyeva Z\u0259rdabdak\u0131 q\u0259rargah\u0131nda se\u00e7icil\u0259ri q\u0259bul etdi \u2013 Fotolar - Z\u0259rdab.com","robots":{"index":"index","follow":"follow","max-snippet":"max-snippet:-1","max-image-preview":"max-image-preview:large","max-video-preview":"max-video-preview:-1"},"canonical":"https:\/\/www.zerdab.com\/?p=28253","og_locale":"az_AZ","og_type":"article","og_title":"Mill\u0259t v\u0259kili Jal\u0259 \u018fliyeva Z\u0259rdabdak\u0131 q\u0259rargah\u0131nda se\u00e7icil\u0259ri q\u0259bul etdi \u2013 Fotolar - Z\u0259rdab.com","og_description":"92 sayl\u0131 Z\u0259rdab-Ucar Se\u00e7ki Dair\u0259sini parlamentd\u0259 t\u0259msil ed\u0259n mill\u0259t v\u0259kili, professor Jal\u0259 \u018fliyeva n\u00f6vb\u0259ti d\u0259f\u0259 se\u00e7icil\u0259rl\u0259 g\u00f6r\u00fc\u015f\u00fcb, onlardan bir ne\u00e7\u0259sini Z\u0259rdabdak\u0131 q\u0259rargah\u0131nda q\u0259bul edib. Zerdab.com sayt\u0131na veril\u0259n m\u0259lumata g\u00f6r\u0259,\u00a0iyunun 18-d\u0259 ba\u015f tutan q\u0259bul-g\u00f6r\u00fc\u015fd\u0259 onlarla se\u00e7ici, rayon sakini i\u015ftirak edib. Qeyd ed\u0259k ki, g\u00f6r\u00fc\u015f-q\u0259bul zaman\u0131 \u00f6lk\u0259d\u0259 ya\u015fanan koronavirus pandemiyas\u0131 il\u0259 ba\u011fl\u0131 t\u0259tbiq edil\u0259n x\u00fcsusi karantin rejiminin [&hellip;]","og_url":"https:\/\/www.zerdab.com\/?p=28253","og_site_name":"Z\u0259rdab.com","article_published_time":"2020-06-20T12:29:18+00:00","article_modified_time":"2020-06-20T12:58:46+00:00","og_image":[{"url":"http:\/\/www.zerdab.com\/wp-content\/uploads\/2020\/06\/zerdabda-vetendas-qebulu.1-413x550.jpg","type":"","width":"","height":""}],"author":"admin","twitter_card":"summary_large_image","twitter_misc":{"Written by":"admin","Est. reading time":"5 minutes"},"schema":{"@context":"https:\/\/schema.org","@graph":[{"@type":"Article","@id":"https:\/\/www.zerdab.com\/?p=28253#article","isPartOf":{"@id":"https:\/\/www.zerdab.com\/?p=28253"},"author":{"name":"admin","@id":"https:\/\/www.zerdab.com\/#\/schema\/person\/97079b7570c1e89ec0d9e138c3672136"},"headline":"Mill\u0259t v\u0259kili Jal\u0259 \u018fliyeva Z\u0259rdabdak\u0131 q\u0259rargah\u0131nda se\u00e7icil\u0259ri q\u0259bul etdi \u2013 Fotolar","datePublished":"2020-06-20T12:29:18+00:00","dateModified":"2020-06-20T12:58:46+00:00","mainEntityOfPage":{"@id":"https:\/\/www.zerdab.com\/?p=28253"},"wordCount":928,"commentCount":0,"image":{"@id":"https:\/\/www.zerdab.com\/?p=28253#primaryimage"},"thumbnailUrl":"http:\/\/www.zerdab.com\/wp-content\/uploads\/2020\/06\/zerdabda-vetendas-qebulu.1-413x550.jpg","articleSection":["MAN\u015eET","X\u018fB\u018fRL\u018fR"],"inLanguage":"az","potentialAction":[{"@type":"CommentAction","name":"Comment","target":["https:\/\/www.zerdab.com\/?p=28253#respond"]}]},{"@type":"WebPage","@id":"https:\/\/www.zerdab.com\/?p=28253","url":"https:\/\/www.zerdab.com\/?p=28253","name":"Mill\u0259t v\u0259kili Jal\u0259 \u018fliyeva Z\u0259rdabdak\u0131 q\u0259rargah\u0131nda se\u00e7icil\u0259ri q\u0259bul etdi \u2013 Fotolar - Z\u0259rdab.com","isPartOf":{"@id":"https:\/\/www.zerdab.com\/#website"},"primaryImageOfPage":{"@id":"https:\/\/www.zerdab.com\/?p=28253#primaryimage"},"image":{"@id":"https:\/\/www.zerdab.com\/?p=28253#primaryimage"},"thumbnailUrl":"http:\/\/www.zerdab.com\/wp-content\/uploads\/2020\/06\/zerdabda-vetendas-qebulu.1-413x550.jpg","datePublished":"2020-06-20T12:29:18+00:00","dateModified":"2020-06-20T12:58:46+00:00","author":{"@id":"https:\/\/www.zerdab.com\/#\/schema\/person\/97079b7570c1e89ec0d9e138c3672136"},"breadcrumb":{"@id":"https:\/\/www.zerdab.com\/?p=28253#breadcrumb"},"inLanguage":"az","potentialAction":[{"@type":"ReadAction","target":["https:\/\/www.zerdab.com\/?p=28253"]}]},{"@type":"ImageObject","inLanguage":"az","@id":"https:\/\/www.zerdab.com\/?p=28253#primaryimage","url":"","contentUrl":""},{"@type":"BreadcrumbList","@id":"https:\/\/www.zerdab.com\/?p=28253#breadcrumb","itemListElement":[{"@type":"ListItem","position":1,"name":"Home","item":"https:\/\/www.zerdab.com\/"},{"@type":"ListItem","position":2,"name":"Mill\u0259t v\u0259kili Jal\u0259 \u018fliyeva Z\u0259rdabdak\u0131 q\u0259rargah\u0131nda se\u00e7icil\u0259ri q\u0259bul etdi \u2013 Fotolar"}]},{"@type":"WebSite","@id":"https:\/\/www.zerdab.com\/#website","url":"https:\/\/www.zerdab.com\/","name":"Z\u0259rdab.com","description":"","potentialAction":[{"@type":"SearchAction","target":{"@type":"EntryPoint","urlTemplate":"https:\/\/www.zerdab.com\/?s={search_term_string}"},"query-input":{"@type":"PropertyValueSpecification","valueRequired":true,"valueName":"search_term_string"}}],"inLanguage":"az"},{"@type":"Person","@id":"https:\/\/www.zerdab.com\/#\/schema\/person\/97079b7570c1e89ec0d9e138c3672136","name":"admin","image":{"@type":"ImageObject","inLanguage":"az","@id":"https:\/\/www.zerdab.com\/#\/schema\/person\/image\/","url":"https:\/\/secure.gravatar.com\/avatar\/d9c52a9a27c32119cb6679a077fa3e2779e5f822c451cbf01098004361d466ec?s=96&d=mm&r=g","contentUrl":"https:\/\/secure.gravatar.com\/avatar\/d9c52a9a27c32119cb6679a077fa3e2779e5f822c451cbf01098004361d466ec?s=96&d=mm&r=g","caption":"admin"},"url":"https:\/\/www.zerdab.com\/?author=1"}]}},"_links":{"self":[{"href":"https:\/\/www.zerdab.com\/index.php?rest_route=\/wp\/v2\/posts\/28253","targetHints":{"allow":["GET"]}}],"collection":[{"href":"https:\/\/www.zerdab.com\/index.php?rest_route=\/wp\/v2\/posts"}],"about":[{"href":"https:\/\/www.zerdab.com\/index.php?rest_route=\/wp\/v2\/types\/post"}],"author":[{"embeddable":true,"href":"https:\/\/www.zerdab.com\/index.php?rest_route=\/wp\/v2\/users\/1"}],"replies":[{"embeddable":true,"href":"https:\/\/www.zerdab.com\/index.php?rest_route=%2Fwp%2Fv2%2Fcomments&post=28253"}],"version-history":[{"count":3,"href":"https:\/\/www.zerdab.com\/index.php?rest_route=\/wp\/v2\/posts\/28253\/revisions"}],"predecessor-version":[{"id":28273,"href":"https:\/\/www.zerdab.com\/index.php?rest_route=\/wp\/v2\/posts\/28253\/revisions\/28273"}],"wp:attachment":[{"href":"https:\/\/www.zerdab.com\/index.php?rest_route=%2Fwp%2Fv2%2Fmedia&parent=28253"}],"wp:term":[{"taxonomy":"category","embeddable":true,"href":"https:\/\/www.zerdab.com\/index.php?rest_route=%2Fwp%2Fv2%2Fcategories&post=28253"},{"taxonomy":"post_tag","embeddable":true,"href":"https:\/\/www.zerdab.com\/index.php?rest_route=%2Fwp%2Fv2%2Ftags&post=28253"}],"curies":[{"name":"wp","href":"https:\/\/api.w.org\/{rel}","templated":true}]}}