{"id":28277,"date":"2020-06-23T15:00:26","date_gmt":"2020-06-23T11:00:26","guid":{"rendered":"http:\/\/www.zerdab.com\/?p=28277"},"modified":"2020-06-23T15:05:26","modified_gmt":"2020-06-23T11:05:26","slug":"z%c9%99rdab-rayon-m%c9%99sgulluq-m%c9%99rk%c9%99zinin-direktoru-isd%c9%99n-cixarilib","status":"publish","type":"post","link":"https:\/\/www.zerdab.com\/?p=28277","title":{"rendered":"Z\u0259rdab rayon M\u0259\u015f\u011fulluq M\u0259rk\u0259zinin direktoru i\u015fd\u0259n \u00e7\u0131xar\u0131l\u0131b"},"content":{"rendered":"\n<p>\u018fm\u0259k v\u0259 \u018fhalinin Sosial M\u00fcdafi\u0259si Nazirliyi yan\u0131nda\u00a0D\u00f6vl\u0259t M\u0259\u015f\u011fulluq Xidm\u0259tinin Z\u0259rdab rayon M\u0259\u015f\u011fulluq M\u0259rk\u0259zinin direktoru\u00a0Ayd\u0131n Qafarov v\u0259zif\u0259sind\u0259n azad edilib. Bu bar\u0259d\u0259 m\u00fcvafiq \u0259mr imzalan\u0131b.\u00a0                           Qeyd ed\u0259k ki, A.Qafarov 5 ay \u0259vv\u0259l\u00a0bu v\u0259zif\u0259y\u0259 t\u0259yinat alm\u0131\u015fd\u0131.report<\/p>\n","protected":false},"excerpt":{"rendered":"<p>\u018fm\u0259k v\u0259 \u018fhalinin Sosial M\u00fcdafi\u0259si Nazirliyi yan\u0131nda\u00a0D\u00f6vl\u0259t M\u0259\u015f\u011fulluq Xidm\u0259tinin Z\u0259rdab rayon M\u0259\u015f\u011fulluq M\u0259rk\u0259zinin direktoru\u00a0Ayd\u0131n Qafarov v\u0259zif\u0259sind\u0259n azad edilib. Bu bar\u0259d\u0259 m\u00fcvafiq \u0259mr imzalan\u0131b.\u00a0 Qeyd ed\u0259k ki, A.Qafarov 5 ay \u0259vv\u0259l\u00a0bu v\u0259zif\u0259y\u0259 t\u0259yinat alm\u0131\u015fd\u0131.report<\/p>\n","protected":false},"author":1,"featured_media":27146,"comment_status":"open","ping_status":"open","sticky":false,"template":"","format":"standard","meta":{"footnotes":""},"categories":[63,5],"tags":[],"class_list":{"0":"post-28277","1":"post","2":"type-post","3":"status-publish","4":"format-standard","5":"has-post-thumbnail","7":"category-manset","8":"category-knd"},"yoast_head":"<!-- This site is optimized with the Yoast SEO plugin v27.0 - https:\/\/yoast.com\/product\/yoast-seo-wordpress\/ -->\n<title>Z\u0259rdab rayon M\u0259\u015f\u011fulluq M\u0259rk\u0259zinin direktoru i\u015fd\u0259n \u00e7\u0131xar\u0131l\u0131b - Z\u0259rdab.com<\/title>\n<meta name=\"robots\" content=\"index, follow, max-snippet:-1, max-image-preview:large, max-video-preview:-1\" \/>\n<link rel=\"canonical\" href=\"https:\/\/www.zerdab.com\/?p=28277\" \/>\n<meta property=\"og:locale\" content=\"az_AZ\" \/>\n<meta property=\"og:type\" content=\"article\" \/>\n<meta property=\"og:title\" content=\"Z\u0259rdab rayon M\u0259\u015f\u011fulluq M\u0259rk\u0259zinin direktoru i\u015fd\u0259n \u00e7\u0131xar\u0131l\u0131b - Z\u0259rdab.com\" \/>\n<meta property=\"og:description\" content=\"\u018fm\u0259k v\u0259 \u018fhalinin Sosial M\u00fcdafi\u0259si Nazirliyi yan\u0131nda\u00a0D\u00f6vl\u0259t M\u0259\u015f\u011fulluq Xidm\u0259tinin Z\u0259rdab rayon M\u0259\u015f\u011fulluq M\u0259rk\u0259zinin direktoru\u00a0Ayd\u0131n Qafarov v\u0259zif\u0259sind\u0259n azad edilib. Bu bar\u0259d\u0259 m\u00fcvafiq \u0259mr imzalan\u0131b.\u00a0 Qeyd ed\u0259k ki, A.Qafarov 5 ay \u0259vv\u0259l\u00a0bu v\u0259zif\u0259y\u0259 t\u0259yinat alm\u0131\u015fd\u0131.report\" \/>\n<meta property=\"og:url\" content=\"https:\/\/www.zerdab.com\/?p=28277\" \/>\n<meta property=\"og:site_name\" content=\"Z\u0259rdab.com\" \/>\n<meta property=\"article:published_time\" content=\"2020-06-23T11:00:26+00:00\" \/>\n<meta property=\"article:modified_time\" content=\"2020-06-23T11:05:26+00:00\" \/>\n<meta property=\"og:image\" content=\"https:\/\/www.zerdab.com\/wp-content\/uploads\/2019\/05\/zerdab-vakansiya-isci-axtarilir.jpg\" \/>\n\t<meta property=\"og:image:width\" content=\"1024\" \/>\n\t<meta property=\"og:image:height\" content=\"576\" \/>\n\t<meta property=\"og:image:type\" content=\"image\/jpeg\" \/>\n<meta name=\"author\" content=\"admin\" \/>\n<meta name=\"twitter:card\" content=\"summary_large_image\" \/>\n<meta name=\"twitter:label1\" content=\"Written by\" \/>\n\t<meta name=\"twitter:data1\" content=\"admin\" \/>\n<script type=\"application\/ld+json\" class=\"yoast-schema-graph\">{\"@context\":\"https:\/\/schema.org\",\"@graph\":[{\"@type\":\"Article\",\"@id\":\"https:\/\/www.zerdab.com\/?p=28277#article\",\"isPartOf\":{\"@id\":\"https:\/\/www.zerdab.com\/?p=28277\"},\"author\":{\"name\":\"admin\",\"@id\":\"https:\/\/www.zerdab.com\/#\/schema\/person\/97079b7570c1e89ec0d9e138c3672136\"},\"headline\":\"Z\u0259rdab rayon M\u0259\u015f\u011fulluq M\u0259rk\u0259zinin direktoru i\u015fd\u0259n \u00e7\u0131xar\u0131l\u0131b\",\"datePublished\":\"2020-06-23T11:00:26+00:00\",\"dateModified\":\"2020-06-23T11:05:26+00:00\",\"mainEntityOfPage\":{\"@id\":\"https:\/\/www.zerdab.com\/?p=28277\"},\"wordCount\":77,\"commentCount\":0,\"image\":{\"@id\":\"https:\/\/www.zerdab.com\/?p=28277#primaryimage\"},\"thumbnailUrl\":\"https:\/\/www.zerdab.com\/wp-content\/uploads\/2019\/05\/zerdab-vakansiya-isci-axtarilir.jpg\",\"articleSection\":[\"MAN\u015eET\",\"X\u018fB\u018fRL\u018fR\"],\"inLanguage\":\"az\",\"potentialAction\":[{\"@type\":\"CommentAction\",\"name\":\"Comment\",\"target\":[\"https:\/\/www.zerdab.com\/?p=28277#respond\"]}]},{\"@type\":\"WebPage\",\"@id\":\"https:\/\/www.zerdab.com\/?p=28277\",\"url\":\"https:\/\/www.zerdab.com\/?p=28277\",\"name\":\"Z\u0259rdab rayon M\u0259\u015f\u011fulluq M\u0259rk\u0259zinin direktoru i\u015fd\u0259n \u00e7\u0131xar\u0131l\u0131b - Z\u0259rdab.com\",\"isPartOf\":{\"@id\":\"https:\/\/www.zerdab.com\/#website\"},\"primaryImageOfPage\":{\"@id\":\"https:\/\/www.zerdab.com\/?p=28277#primaryimage\"},\"image\":{\"@id\":\"https:\/\/www.zerdab.com\/?p=28277#primaryimage\"},\"thumbnailUrl\":\"https:\/\/www.zerdab.com\/wp-content\/uploads\/2019\/05\/zerdab-vakansiya-isci-axtarilir.jpg\",\"datePublished\":\"2020-06-23T11:00:26+00:00\",\"dateModified\":\"2020-06-23T11:05:26+00:00\",\"author\":{\"@id\":\"https:\/\/www.zerdab.com\/#\/schema\/person\/97079b7570c1e89ec0d9e138c3672136\"},\"breadcrumb\":{\"@id\":\"https:\/\/www.zerdab.com\/?p=28277#breadcrumb\"},\"inLanguage\":\"az\",\"potentialAction\":[{\"@type\":\"ReadAction\",\"target\":[\"https:\/\/www.zerdab.com\/?p=28277\"]}]},{\"@type\":\"ImageObject\",\"inLanguage\":\"az\",\"@id\":\"https:\/\/www.zerdab.com\/?p=28277#primaryimage\",\"url\":\"https:\/\/www.zerdab.com\/wp-content\/uploads\/2019\/05\/zerdab-vakansiya-isci-axtarilir.jpg\",\"contentUrl\":\"https:\/\/www.zerdab.com\/wp-content\/uploads\/2019\/05\/zerdab-vakansiya-isci-axtarilir.jpg\",\"width\":1024,\"height\":576,\"caption\":\"zerdab-vakansiya-isci-axtarilir\"},{\"@type\":\"BreadcrumbList\",\"@id\":\"https:\/\/www.zerdab.com\/?p=28277#breadcrumb\",\"itemListElement\":[{\"@type\":\"ListItem\",\"position\":1,\"name\":\"Home\",\"item\":\"https:\/\/www.zerdab.com\/\"},{\"@type\":\"ListItem\",\"position\":2,\"name\":\"Z\u0259rdab rayon M\u0259\u015f\u011fulluq M\u0259rk\u0259zinin direktoru i\u015fd\u0259n \u00e7\u0131xar\u0131l\u0131b\"}]},{\"@type\":\"WebSite\",\"@id\":\"https:\/\/www.zerdab.com\/#website\",\"url\":\"https:\/\/www.zerdab.com\/\",\"name\":\"Z\u0259rdab.com\",\"description\":\"\",\"potentialAction\":[{\"@type\":\"SearchAction\",\"target\":{\"@type\":\"EntryPoint\",\"urlTemplate\":\"https:\/\/www.zerdab.com\/?s={search_term_string}\"},\"query-input\":{\"@type\":\"PropertyValueSpecification\",\"valueRequired\":true,\"valueName\":\"search_term_string\"}}],\"inLanguage\":\"az\"},{\"@type\":\"Person\",\"@id\":\"https:\/\/www.zerdab.com\/#\/schema\/person\/97079b7570c1e89ec0d9e138c3672136\",\"name\":\"admin\",\"image\":{\"@type\":\"ImageObject\",\"inLanguage\":\"az\",\"@id\":\"https:\/\/www.zerdab.com\/#\/schema\/person\/image\/\",\"url\":\"https:\/\/secure.gravatar.com\/avatar\/d9c52a9a27c32119cb6679a077fa3e2779e5f822c451cbf01098004361d466ec?s=96&d=mm&r=g\",\"contentUrl\":\"https:\/\/secure.gravatar.com\/avatar\/d9c52a9a27c32119cb6679a077fa3e2779e5f822c451cbf01098004361d466ec?s=96&d=mm&r=g\",\"caption\":\"admin\"},\"url\":\"https:\/\/www.zerdab.com\/?author=1\"}]}<\/script>\n<!-- \/ Yoast SEO plugin. -->","yoast_head_json":{"title":"Z\u0259rdab rayon M\u0259\u015f\u011fulluq M\u0259rk\u0259zinin direktoru i\u015fd\u0259n \u00e7\u0131xar\u0131l\u0131b - Z\u0259rdab.com","robots":{"index":"index","follow":"follow","max-snippet":"max-snippet:-1","max-image-preview":"max-image-preview:large","max-video-preview":"max-video-preview:-1"},"canonical":"https:\/\/www.zerdab.com\/?p=28277","og_locale":"az_AZ","og_type":"article","og_title":"Z\u0259rdab rayon M\u0259\u015f\u011fulluq M\u0259rk\u0259zinin direktoru i\u015fd\u0259n \u00e7\u0131xar\u0131l\u0131b - Z\u0259rdab.com","og_description":"\u018fm\u0259k v\u0259 \u018fhalinin Sosial M\u00fcdafi\u0259si Nazirliyi yan\u0131nda\u00a0D\u00f6vl\u0259t M\u0259\u015f\u011fulluq Xidm\u0259tinin Z\u0259rdab rayon M\u0259\u015f\u011fulluq M\u0259rk\u0259zinin direktoru\u00a0Ayd\u0131n Qafarov v\u0259zif\u0259sind\u0259n azad edilib. Bu bar\u0259d\u0259 m\u00fcvafiq \u0259mr imzalan\u0131b.\u00a0 Qeyd ed\u0259k ki, A.Qafarov 5 ay \u0259vv\u0259l\u00a0bu v\u0259zif\u0259y\u0259 t\u0259yinat alm\u0131\u015fd\u0131.report","og_url":"https:\/\/www.zerdab.com\/?p=28277","og_site_name":"Z\u0259rdab.com","article_published_time":"2020-06-23T11:00:26+00:00","article_modified_time":"2020-06-23T11:05:26+00:00","og_image":[{"width":1024,"height":576,"url":"https:\/\/www.zerdab.com\/wp-content\/uploads\/2019\/05\/zerdab-vakansiya-isci-axtarilir.jpg","type":"image\/jpeg"}],"author":"admin","twitter_card":"summary_large_image","twitter_misc":{"Written by":"admin"},"schema":{"@context":"https:\/\/schema.org","@graph":[{"@type":"Article","@id":"https:\/\/www.zerdab.com\/?p=28277#article","isPartOf":{"@id":"https:\/\/www.zerdab.com\/?p=28277"},"author":{"name":"admin","@id":"https:\/\/www.zerdab.com\/#\/schema\/person\/97079b7570c1e89ec0d9e138c3672136"},"headline":"Z\u0259rdab rayon M\u0259\u015f\u011fulluq M\u0259rk\u0259zinin direktoru i\u015fd\u0259n \u00e7\u0131xar\u0131l\u0131b","datePublished":"2020-06-23T11:00:26+00:00","dateModified":"2020-06-23T11:05:26+00:00","mainEntityOfPage":{"@id":"https:\/\/www.zerdab.com\/?p=28277"},"wordCount":77,"commentCount":0,"image":{"@id":"https:\/\/www.zerdab.com\/?p=28277#primaryimage"},"thumbnailUrl":"https:\/\/www.zerdab.com\/wp-content\/uploads\/2019\/05\/zerdab-vakansiya-isci-axtarilir.jpg","articleSection":["MAN\u015eET","X\u018fB\u018fRL\u018fR"],"inLanguage":"az","potentialAction":[{"@type":"CommentAction","name":"Comment","target":["https:\/\/www.zerdab.com\/?p=28277#respond"]}]},{"@type":"WebPage","@id":"https:\/\/www.zerdab.com\/?p=28277","url":"https:\/\/www.zerdab.com\/?p=28277","name":"Z\u0259rdab rayon M\u0259\u015f\u011fulluq M\u0259rk\u0259zinin direktoru i\u015fd\u0259n \u00e7\u0131xar\u0131l\u0131b - Z\u0259rdab.com","isPartOf":{"@id":"https:\/\/www.zerdab.com\/#website"},"primaryImageOfPage":{"@id":"https:\/\/www.zerdab.com\/?p=28277#primaryimage"},"image":{"@id":"https:\/\/www.zerdab.com\/?p=28277#primaryimage"},"thumbnailUrl":"https:\/\/www.zerdab.com\/wp-content\/uploads\/2019\/05\/zerdab-vakansiya-isci-axtarilir.jpg","datePublished":"2020-06-23T11:00:26+00:00","dateModified":"2020-06-23T11:05:26+00:00","author":{"@id":"https:\/\/www.zerdab.com\/#\/schema\/person\/97079b7570c1e89ec0d9e138c3672136"},"breadcrumb":{"@id":"https:\/\/www.zerdab.com\/?p=28277#breadcrumb"},"inLanguage":"az","potentialAction":[{"@type":"ReadAction","target":["https:\/\/www.zerdab.com\/?p=28277"]}]},{"@type":"ImageObject","inLanguage":"az","@id":"https:\/\/www.zerdab.com\/?p=28277#primaryimage","url":"https:\/\/www.zerdab.com\/wp-content\/uploads\/2019\/05\/zerdab-vakansiya-isci-axtarilir.jpg","contentUrl":"https:\/\/www.zerdab.com\/wp-content\/uploads\/2019\/05\/zerdab-vakansiya-isci-axtarilir.jpg","width":1024,"height":576,"caption":"zerdab-vakansiya-isci-axtarilir"},{"@type":"BreadcrumbList","@id":"https:\/\/www.zerdab.com\/?p=28277#breadcrumb","itemListElement":[{"@type":"ListItem","position":1,"name":"Home","item":"https:\/\/www.zerdab.com\/"},{"@type":"ListItem","position":2,"name":"Z\u0259rdab rayon M\u0259\u015f\u011fulluq M\u0259rk\u0259zinin direktoru i\u015fd\u0259n \u00e7\u0131xar\u0131l\u0131b"}]},{"@type":"WebSite","@id":"https:\/\/www.zerdab.com\/#website","url":"https:\/\/www.zerdab.com\/","name":"Z\u0259rdab.com","description":"","potentialAction":[{"@type":"SearchAction","target":{"@type":"EntryPoint","urlTemplate":"https:\/\/www.zerdab.com\/?s={search_term_string}"},"query-input":{"@type":"PropertyValueSpecification","valueRequired":true,"valueName":"search_term_string"}}],"inLanguage":"az"},{"@type":"Person","@id":"https:\/\/www.zerdab.com\/#\/schema\/person\/97079b7570c1e89ec0d9e138c3672136","name":"admin","image":{"@type":"ImageObject","inLanguage":"az","@id":"https:\/\/www.zerdab.com\/#\/schema\/person\/image\/","url":"https:\/\/secure.gravatar.com\/avatar\/d9c52a9a27c32119cb6679a077fa3e2779e5f822c451cbf01098004361d466ec?s=96&d=mm&r=g","contentUrl":"https:\/\/secure.gravatar.com\/avatar\/d9c52a9a27c32119cb6679a077fa3e2779e5f822c451cbf01098004361d466ec?s=96&d=mm&r=g","caption":"admin"},"url":"https:\/\/www.zerdab.com\/?author=1"}]}},"_links":{"self":[{"href":"https:\/\/www.zerdab.com\/index.php?rest_route=\/wp\/v2\/posts\/28277","targetHints":{"allow":["GET"]}}],"collection":[{"href":"https:\/\/www.zerdab.com\/index.php?rest_route=\/wp\/v2\/posts"}],"about":[{"href":"https:\/\/www.zerdab.com\/index.php?rest_route=\/wp\/v2\/types\/post"}],"author":[{"embeddable":true,"href":"https:\/\/www.zerdab.com\/index.php?rest_route=\/wp\/v2\/users\/1"}],"replies":[{"embeddable":true,"href":"https:\/\/www.zerdab.com\/index.php?rest_route=%2Fwp%2Fv2%2Fcomments&post=28277"}],"version-history":[{"count":3,"href":"https:\/\/www.zerdab.com\/index.php?rest_route=\/wp\/v2\/posts\/28277\/revisions"}],"predecessor-version":[{"id":28281,"href":"https:\/\/www.zerdab.com\/index.php?rest_route=\/wp\/v2\/posts\/28277\/revisions\/28281"}],"wp:featuredmedia":[{"embeddable":true,"href":"https:\/\/www.zerdab.com\/index.php?rest_route=\/wp\/v2\/media\/27146"}],"wp:attachment":[{"href":"https:\/\/www.zerdab.com\/index.php?rest_route=%2Fwp%2Fv2%2Fmedia&parent=28277"}],"wp:term":[{"taxonomy":"category","embeddable":true,"href":"https:\/\/www.zerdab.com\/index.php?rest_route=%2Fwp%2Fv2%2Fcategories&post=28277"},{"taxonomy":"post_tag","embeddable":true,"href":"https:\/\/www.zerdab.com\/index.php?rest_route=%2Fwp%2Fv2%2Ftags&post=28277"}],"curies":[{"name":"wp","href":"https:\/\/api.w.org\/{rel}","templated":true}]}}