{"id":28297,"date":"2020-07-01T22:16:28","date_gmt":"2020-07-01T18:16:28","guid":{"rendered":"http:\/\/www.zerdab.com\/?p=28297"},"modified":"2023-10-20T16:20:15","modified_gmt":"2023-10-20T12:20:15","slug":"h%c9%99s%c9%99n-b%c9%99y-z%c9%99rdabi-h%c9%99ft%c9%99si-ugurla-davam-edir-fotolar","status":"publish","type":"post","link":"https:\/\/www.zerdab.com\/?p=28297","title":{"rendered":"\u201cH\u0259s\u0259n B\u0259y Z\u0259rdabi H\u0259ft\u0259si\u201d u\u011furla davam edir &#8211; Fotolar"},"content":{"rendered":"\r\n<p>28 iyun \u2013 5 iyul tarixl\u0259rini \u0259hat\u0259 ed\u0259n h\u0259ft\u0259 \u00e7\u0259r\u00e7iv\u0259sind\u0259 H\u0259s\u0259n B\u0259y Z\u0259rdabinin irsinin t\u0259bli\u011fi m\u0259qs\u0259dil\u0259 videokonfranslar t\u0259\u015fkil edilir.<\/p>\r\n\r\n\r\n\r\n<p>Bu g\u00fcn\u0259 q\u0259d\u0259r art\u0131q iki videokonfrans ba\u015f tutub. \u0130lk videokonfrans iyun 29-da &#8220;H\u0259s\u0259n B\u0259y Z\u0259rdabi \u0130rsinin T\u0259bli\u011fi T\u0259\u015f\u0259bb\u00fcs Qrupu&#8221;nun facebook s\u0259hif\u0259sind\u0259 ba\u015f tutub. Videokonfrans g\u0259ncl\u0259r t\u0259\u015fkilatlar\u0131 il\u0259 ke\u00e7irilib. \u201cH\u0259s\u0259n B\u0259y Z\u0259rdabi \u0130rsinin v\u0259 Milli m\u0259n\u0259vi d\u0259y\u0259rl\u0259rimizin t\u0259bli\u011find\u0259 g\u0259ncl\u0259rin rolu\u201d m\u00f6vzusunda konfrans zaman\u0131 g\u0259ncl\u0259rimizin sosial \u015f\u0259b\u0259k\u0259l\u0259rd\u0259 bu istiqam\u0259td\u0259 f\u0259aliyy\u0259ti m\u00fczakir\u0259 olunub v\u0259 g\u0259l\u0259c\u0259k yeni v\u0259 innovativ f\u0259aliyy\u0259t metodlar\u0131 t\u0259klif edilib.<\/p>\r\n\r\n\r\n\r\n<p>\u0130kinci onlayn konfrans is\u0259 H\u0259s\u0259n B\u0259y Z\u0259rdabi \u0130rsinin T\u0259bli\u011fi T\u0259\u015f\u0259bb\u00fcs Qrupu, Avrasiya Ekonomik \u0130li\u015fkiler Derne\u011fi (T\u00fcrkiy\u0259), Az\u0259rbaycan Maarif\u00e7il\u0259r Assosasiyas\u0131, Azxeber.com \u0130nformasiya Agentliyi, Press.az, Diasporpress.az \u0130nformasiya M\u0259rk\u0259zi, <strong>Zerdab.com<\/strong>, Qanunla.az, Milli QHT Forumunun birg\u0259 t\u0259\u015f\u0259bb\u00fcs\u00fc il\u0259 30 iyunda ke\u00e7irilib.<\/p>\r\n\r\n\r\n\r\n<p>&#8220;H\u0259s\u0259n B\u0259y Z\u0259rdabi irsinin t\u0259bli\u011fi, maarif\u00e7ilik \u0259n\u0259n\u0259l\u0259rinin v\u0259 milli m\u0259n\u0259vi d\u0259y\u0259rl\u0259rin qorunmas\u0131nda g\u0259ncl\u0259rin rolu&#8221; m\u00f6vzusunda ke\u00e7iril\u0259n onlayn konfransda Az\u0259rbaycan v\u0259 T\u00fcrkiy\u0259 mill\u0259t v\u0259kill\u0259ri, g\u0259ncl\u0259r t\u0259\u015fkilatlar\u0131, ziyal\u0131 v\u0259 QHT-l\u0259r i\u015ftirak edib.<\/p>\r\n\r\n\r\n\r\n<figure class=\"wp-block-image\"><img decoding=\"async\" class=\"wp-image-28301\" src=\"http:\/\/www.zerdab.com\/wp-content\/uploads\/2020\/07\/hesen-bey-zerdabi-irsi-1-550x309.jpg\" alt=\"\" \/><\/figure>\r\n\r\n\r\n\r\n<p>\u00d6nc\u0259 H\u0259s\u0259n B\u0259y Z\u0259rdabi \u0130rsinin T\u0259bli\u011fi T\u0259\u015f\u0259bb\u00fcs Qrupunun r\u0259hb\u0259ri Bayramov Seymur layih\u0259 haqq\u0131nda m\u0259lumat verib v\u0259 H\u0259s\u0259n B\u0259y Z\u0259rdabi h\u0259ft\u0259si haqq\u0131nda i\u015ftirak\u00e7\u0131lar\u0131 m\u0259lumatland\u0131r\u0131b.<\/p>\r\n\r\n\r\n\r\n<p>Daha sonra konfrans i\u015ftirak\u00e7\u0131lar\u0131n\u0131 salamlayan H\u0259s\u0259n B\u0259y Z\u0259rdabi \u0130rsinin T\u0259bli\u011fi T\u0259\u015f\u0259bb\u00fcs Qrupunun \u00fczv\u00fc, Milli M\u0259clisin deputat\u0131, Ail\u0259, qad\u0131n v\u0259 u\u015faq m\u0259s\u0259l\u0259l\u0259ri komit\u0259sinin s\u0259dr m\u00fcavini, filologiya elml\u0259ri doktoru, professor Jal\u0259 \u018fliyeva konfransda i\u015ftirak etdikl\u0259ri \u00fc\u00e7\u00fcn b\u00fct\u00fcn qonaqlara t\u0259\u015f\u0259kk\u00fcr\u00fcn\u00fc bildirdi. Jal\u0259 \u018fliyeva video konfrans\u0131n ke\u00e7irilm\u0259sinin \u0259h\u0259miyy\u0259tind\u0259n s\u00f6z etdi, d\u00f6vl\u0259timizin m\u0259d\u0259ni irsin qorunmas\u0131, g\u0259l\u0259c\u0259k n\u0259sill\u0259r\u0259 sa\u011flam \u015f\u0259kild\u0259 \u00e7atd\u0131r\u0131lmas\u0131, beyn\u0259lxalq m\u00fcst\u0259vid\u0259 t\u0259bli\u011fi sah\u0259sind\u0259 h\u0259yata ke\u00e7irtdiyi f\u0259aliyy\u0259t haqq\u0131nda dan\u0131\u015fd\u0131, g\u0259ncl\u0259rin m\u0259hz bu f\u0259aliyy\u0259td\u0259n \u00f6rn\u0259k g\u00f6t\u00fcr\u0259r\u0259k bu prosesl\u0259rd\u0259 f\u0259al i\u015ftirak\u0131n vacibliyini vur\u011fulad\u0131, H\u0259s\u0259n b\u0259y Z\u0259rdabi irsinin \u00f6yr\u0259nilm\u0259sinin v\u0259 t\u0259bli\u011finin vacibliyind\u0259n dan\u0131\u015fd\u0131. Prezident \u0130lham \u018fliyevin Az\u0259rbaycan milli m\u0259tbuat\u0131n\u0131n 145 illik yubileyinin ke\u00e7irilm\u0259si haqq\u0131nda S\u0259r\u0259ncam imzalamas\u0131n\u0131 vur\u011fulayan J.\u018fliyeva bildirdi ki, bu s\u0259r\u0259ncam \u00f6lk\u0259mizd\u0259 m\u0259tbuata y\u00fcks\u0259k d\u00f6vl\u0259t qay\u011f\u0131s\u0131n\u0131n daha bir bariz n\u00fcmun\u0259sidir.<\/p>\r\n\r\n\r\n\r\n<figure class=\"wp-block-image\"><img decoding=\"async\" class=\"wp-image-28302\" src=\"http:\/\/www.zerdab.com\/wp-content\/uploads\/2020\/07\/hesen-bey-zerdabi-irsi1-550x309.jpg\" alt=\"\" \/><\/figure>\r\n\r\n\r\n\r\n<p>Konfrans zaman\u0131 milli m\u0259n\u0259vi d\u0259y\u0259rl\u0259rimizin, m\u0259d\u0259ni irsimizin, tarixi \u015f\u0259xsiyy\u0259tl\u0259rin h\u0259yat v\u0259 yarad\u0131c\u0131l\u0131qlar\u0131n\u0131n yarad\u0131c\u0131 v\u0259 innovativ g\u0259ncl\u0259rin vasit\u0259si il\u0259 t\u0259bli\u011fat metodlar\u0131 m\u00fczakir\u0259 olunub.<\/p>\r\n\r\n\r\n\r\n<p>&#8220;Yeni Az\u0259rbaycan&#8221; q\u0259zetinin ba\u015f redaktoru, Milli M\u0259clisin deputat\u0131, siyasi elml\u0259r doktoru, professor, Az\u0259rbaycan Jurnalistl\u0259r Birliyinin \u00fczv\u00fc Hikm\u0259t Babao\u011flu \u00e7\u0131x\u0131\u015f ed\u0259r\u0259k H\u0259s\u0259n B\u0259y Z\u0259rdabinin h\u0259yat v\u0259 yarad\u0131c\u0131l\u0131\u011f\u0131 haqq\u0131nda geni\u015f m\u0259lumat ver\u0259rib v\u0259 layih\u0259nin t\u0259\u015f\u0259bb\u00fcskarlar\u0131na x\u00fcsusi minn\u0259tdarl\u0131\u011f\u0131n\u0131 bildirib.<\/p>\r\n\r\n\r\n\r\n<p>H\u0259s\u0259n B\u0259y Z\u0259rdabinin h\u0259yat v\u0259 yarad\u0131c\u0131l\u0131\u011f\u0131 daim g\u0259ncl\u0259r t\u0259r\u0259find\u0259n ara\u015fd\u0131r\u0131lmas\u0131n\u0131n v\u0259 t\u0259bli\u011f olunmas\u0131n\u0131n x\u00fcsusi \u0259h\u0259miyy\u0259tini qeyd ed\u0259n mill\u0259t v\u0259kili bu formatda t\u0259dbirl\u0259rin ke\u00e7irilm\u0259sinin hal haz\u0131rda sosial \u015f\u0259b\u0259k\u0259 vasit\u0259sind\u0259n daha s\u0259m\u0259r\u0259li istifad\u0259y\u0259 v\u0259 d\u00fczg\u00fcn t\u0259bli\u011fat\u0131n apar\u0131lmas\u0131 il\u0259 n\u0259tic\u0259l\u0259n\u0259c\u0259yini bildirdi.<\/p>\r\n\r\n\r\n\r\n<p>\u201cAvrasya Ekonomik \u0130li\u015fkiler Derne\u011fi\u201d \u0130dar\u0259 Hey\u0259tinin s\u0259dri Hikmet Eren Z\u0259rdabi irsinin t\u0259kc\u0259 Az\u0259rbaycanda deyil b\u00fct\u00fcn t\u00fcrk d\u00fcnyas\u0131nda t\u0259bli\u011finin \u0259h\u0259miyy\u0259tini vur\u011fulayaraq r\u0259hb\u0259rlik etdiyi t\u0259\u015fkilat\u0131n bu istiqam\u0259td\u0259 silsil\u0259 t\u0259dbirl\u0259r ke\u00e7ir\u0259c\u0259yini, universitetl\u0259rd\u0259 bu irsin t\u0259bli\u011fi v\u0259 t\u0259drisi il\u0259 \u0259laq\u0259dar t\u0259\u015f\u0259bb\u00fcsl\u0259rin edil\u0259c\u0259yini qeyd edib.<\/p>\r\n\r\n\r\n\r\n<p>T\u00fcrkiy\u0259d\u0259 Z\u0259rdabi irsinin \u0259b\u0259dil\u0259\u015fdirilm\u0259si m\u0259qs\u0259di il\u0259 H\u0259s\u0259n B\u0259y Z\u0259rdabi \u0130rsinin T\u0259bli\u011fi T\u0259\u015f\u0259bb\u00fcs Qrupu il\u0259 birg\u0259 Z\u0259rdabi park\u0131n\u0131n yarad\u0131lmas\u0131 v\u0259 onun ya\u015fad\u0131\u011f\u0131 Z\u0259rdab rayonu il\u0259 T\u00fcrkiy\u0259nin Karaman \u015f\u0259h\u0259ri il\u0259 qarda\u015fla\u015fma t\u0259\u015f\u0259bb\u00fcs\u00fc Az\u0259rbaycan v\u0259 T\u00fcrkiy\u0259 qarda\u015fl\u0131q v\u0259 dostluq \u0259laq\u0259l\u0259rinin eyni zamanda ortaq d\u0259y\u0259rl\u0259rin sa\u011flam \u015f\u0259kild\u0259 t\u0259bli\u011fi v\u0259 g\u0259l\u0259c\u0259k n\u0259sill\u0259r\u0259 \u00f6t\u00fcr\u00fclm\u0259sin\u0259 s\u0259b\u0259b olaca\u011f\u0131n\u0131 s\u00f6yl\u0259yib.<\/p>\r\n\r\n\r\n\r\n<p>Milli M\u0259clisd\u0259 Z\u0259rdab rayonunu t\u0259msil ed\u0259n deputat Jal\u0259 \u018fliyeva bu t\u0259klifin \u0259laq\u0259dar qurumlar t\u0259r\u0259find\u0259n d\u0259st\u0259kl\u0259nm\u0259si \u00fc\u00e7\u00fcn k\u00f6m\u0259yini \u0259sirg\u0259m\u0259y\u0259c\u0259yini bildirib.<\/p>\r\n\r\n\r\n\r\n<p>\u201cOdlar Yurdu\u201d G\u0259ncl\u0259r \u0130ctimai Birliyinin s\u0259dri Nigar \u018fl\u0259sg\u0259rova, Azxeber.com \u0130nformasiya agentliyinin t\u0259sisi\u00e7isi v\u0259 r\u0259hb\u0259ri Hac\u0131b\u0259y Heyd\u0259rli, Az\u0259rbaycan Maarif\u00e7il\u0259r Assosiasiyas\u0131n\u0131n h\u0259mt\u0259sisi\u00e7isi Tofiq Sad\u0131xov, Z\u0259rdab rayonu ziyal\u0131s\u0131 C\u0259mil \u018fs\u0259dov \u00e7\u0131x\u0131\u015flar\u0131nda irsin t\u0259bli\u011fi il\u0259 ba\u011fl\u0131 layih\u0259nin davaml\u0131, sosial, bu g\u00fcn\u00fcn v\u0259 g\u0259l\u0259c\u0259yin trendin\u0259 v\u0259 metodlar\u0131na uy\u011fun \u015f\u0259kild\u0259 apar\u0131lmas\u0131n\u0131 t\u0259klif edibl\u0259r.<\/p>\r\n\r\n\r\n\r\n<p>H\u0259ft\u0259 \u0259rzind\u0259 daha iki konfrans ke\u00e7iril\u0259c\u0259k. Dispora t\u0259\u015fkilatlar\u0131n\u0131n i\u015ftirak\u0131 il\u0259 \u201cH\u0259s\u0259n B\u0259y Z\u0259rdabi \u0130rsinin v\u0259 milli m\u0259n\u0259vi d\u0259y\u0259rl\u0259rimizin t\u0259bli\u011find\u0259 diaspora t\u0259\u015fkilatlar\u0131m\u0131z\u0131n rolu\u201d v\u0259 qeyri-h\u00f6k\u00fcm\u0259t t\u0259\u015fkilatlar\u0131n\u0131n r\u0259hb\u0259rl\u0259rinin i\u015ftirak\u0131 il\u0259 \u201cH\u0259s\u0259n B\u0259y Z\u0259rdabi \u0130rsi v\u0259 milli m\u0259n\u0259vi d\u0259y\u0259rl\u0259rimizin t\u0259bli\u011find\u0259 QHT-l\u0259rin rolu\u201d m\u00f6vzusunda video konfranslar\u0131n ke\u00e7irilm\u0259si n\u0259z\u0259rd\u0259 tutulur.<\/p>\r\n","protected":false},"excerpt":{"rendered":"<p>28 iyun \u2013 5 iyul tarixl\u0259rini \u0259hat\u0259 ed\u0259n h\u0259ft\u0259 \u00e7\u0259r\u00e7iv\u0259sind\u0259 H\u0259s\u0259n B\u0259y Z\u0259rdabinin irsinin t\u0259bli\u011fi m\u0259qs\u0259dil\u0259 videokonfranslar t\u0259\u015fkil edilir. Bu g\u00fcn\u0259 q\u0259d\u0259r art\u0131q iki videokonfrans ba\u015f tutub. \u0130lk videokonfrans iyun 29-da &#8220;H\u0259s\u0259n B\u0259y Z\u0259rdabi \u0130rsinin T\u0259bli\u011fi T\u0259\u015f\u0259bb\u00fcs Qrupu&#8221;nun facebook s\u0259hif\u0259sind\u0259 ba\u015f tutub. Videokonfrans g\u0259ncl\u0259r t\u0259\u015fkilatlar\u0131 il\u0259 ke\u00e7irilib. \u201cH\u0259s\u0259n B\u0259y Z\u0259rdabi \u0130rsinin v\u0259 Milli m\u0259n\u0259vi d\u0259y\u0259rl\u0259rimizin [&hellip;]<\/p>\n","protected":false},"author":1,"featured_media":30021,"comment_status":"open","ping_status":"open","sticky":false,"template":"","format":"standard","meta":{"footnotes":""},"categories":[20,63],"tags":[],"class_list":{"0":"post-28297","1":"post","2":"type-post","3":"status-publish","4":"format-standard","5":"has-post-thumbnail","7":"category-kinci-zrdab-ziyali-qzet-tbitsunas","8":"category-manset"},"yoast_head":"<!-- This site is optimized with the Yoast SEO plugin v27.0 - https:\/\/yoast.com\/product\/yoast-seo-wordpress\/ -->\n<title>\u201cH\u0259s\u0259n B\u0259y Z\u0259rdabi H\u0259ft\u0259si\u201d u\u011furla davam edir - Fotolar - Z\u0259rdab.com<\/title>\n<meta name=\"robots\" content=\"index, follow, max-snippet:-1, max-image-preview:large, max-video-preview:-1\" \/>\n<link rel=\"canonical\" href=\"https:\/\/www.zerdab.com\/?p=28297\" \/>\n<meta property=\"og:locale\" content=\"az_AZ\" \/>\n<meta property=\"og:type\" content=\"article\" \/>\n<meta property=\"og:title\" content=\"\u201cH\u0259s\u0259n B\u0259y Z\u0259rdabi H\u0259ft\u0259si\u201d u\u011furla davam edir - Fotolar - Z\u0259rdab.com\" \/>\n<meta property=\"og:description\" content=\"28 iyun \u2013 5 iyul tarixl\u0259rini \u0259hat\u0259 ed\u0259n h\u0259ft\u0259 \u00e7\u0259r\u00e7iv\u0259sind\u0259 H\u0259s\u0259n B\u0259y Z\u0259rdabinin irsinin t\u0259bli\u011fi m\u0259qs\u0259dil\u0259 videokonfranslar t\u0259\u015fkil edilir. Bu g\u00fcn\u0259 q\u0259d\u0259r art\u0131q iki videokonfrans ba\u015f tutub. \u0130lk videokonfrans iyun 29-da &#8220;H\u0259s\u0259n B\u0259y Z\u0259rdabi \u0130rsinin T\u0259bli\u011fi T\u0259\u015f\u0259bb\u00fcs Qrupu&#8221;nun facebook s\u0259hif\u0259sind\u0259 ba\u015f tutub. Videokonfrans g\u0259ncl\u0259r t\u0259\u015fkilatlar\u0131 il\u0259 ke\u00e7irilib. \u201cH\u0259s\u0259n B\u0259y Z\u0259rdabi \u0130rsinin v\u0259 Milli m\u0259n\u0259vi d\u0259y\u0259rl\u0259rimizin [&hellip;]\" \/>\n<meta property=\"og:url\" content=\"https:\/\/www.zerdab.com\/?p=28297\" \/>\n<meta property=\"og:site_name\" content=\"Z\u0259rdab.com\" \/>\n<meta property=\"article:published_time\" content=\"2020-07-01T18:16:28+00:00\" \/>\n<meta property=\"article:modified_time\" content=\"2023-10-20T12:20:15+00:00\" \/>\n<meta property=\"og:image\" content=\"https:\/\/www.zerdab.com\/wp-content\/uploads\/2023\/07\/ekinci-qezeti-milli-metbuat-hesen-bey-zerdabi.webp\" \/>\n\t<meta property=\"og:image:width\" content=\"960\" \/>\n\t<meta property=\"og:image:height\" content=\"702\" \/>\n\t<meta property=\"og:image:type\" content=\"image\/webp\" \/>\n<meta name=\"author\" content=\"admin\" \/>\n<meta name=\"twitter:card\" content=\"summary_large_image\" \/>\n<meta name=\"twitter:label1\" content=\"Written by\" \/>\n\t<meta name=\"twitter:data1\" content=\"admin\" \/>\n\t<meta name=\"twitter:label2\" content=\"Est. reading time\" \/>\n\t<meta name=\"twitter:data2\" content=\"6 minutes\" \/>\n<script type=\"application\/ld+json\" class=\"yoast-schema-graph\">{\"@context\":\"https:\/\/schema.org\",\"@graph\":[{\"@type\":\"Article\",\"@id\":\"https:\/\/www.zerdab.com\/?p=28297#article\",\"isPartOf\":{\"@id\":\"https:\/\/www.zerdab.com\/?p=28297\"},\"author\":{\"name\":\"admin\",\"@id\":\"https:\/\/www.zerdab.com\/#\/schema\/person\/97079b7570c1e89ec0d9e138c3672136\"},\"headline\":\"\u201cH\u0259s\u0259n B\u0259y Z\u0259rdabi H\u0259ft\u0259si\u201d u\u011furla davam edir &#8211; Fotolar\",\"datePublished\":\"2020-07-01T18:16:28+00:00\",\"dateModified\":\"2023-10-20T12:20:15+00:00\",\"mainEntityOfPage\":{\"@id\":\"https:\/\/www.zerdab.com\/?p=28297\"},\"wordCount\":1144,\"commentCount\":0,\"image\":{\"@id\":\"https:\/\/www.zerdab.com\/?p=28297#primaryimage\"},\"thumbnailUrl\":\"https:\/\/www.zerdab.com\/wp-content\/uploads\/2023\/07\/ekinci-qezeti-milli-metbuat-hesen-bey-zerdabi.webp\",\"articleSection\":[\"H\u018fS\u018fN B\u018fY Z\u018fRDAB\u0130\",\"MAN\u015eET\"],\"inLanguage\":\"az\",\"potentialAction\":[{\"@type\":\"CommentAction\",\"name\":\"Comment\",\"target\":[\"https:\/\/www.zerdab.com\/?p=28297#respond\"]}]},{\"@type\":\"WebPage\",\"@id\":\"https:\/\/www.zerdab.com\/?p=28297\",\"url\":\"https:\/\/www.zerdab.com\/?p=28297\",\"name\":\"\u201cH\u0259s\u0259n B\u0259y Z\u0259rdabi H\u0259ft\u0259si\u201d u\u011furla davam edir - Fotolar - Z\u0259rdab.com\",\"isPartOf\":{\"@id\":\"https:\/\/www.zerdab.com\/#website\"},\"primaryImageOfPage\":{\"@id\":\"https:\/\/www.zerdab.com\/?p=28297#primaryimage\"},\"image\":{\"@id\":\"https:\/\/www.zerdab.com\/?p=28297#primaryimage\"},\"thumbnailUrl\":\"https:\/\/www.zerdab.com\/wp-content\/uploads\/2023\/07\/ekinci-qezeti-milli-metbuat-hesen-bey-zerdabi.webp\",\"datePublished\":\"2020-07-01T18:16:28+00:00\",\"dateModified\":\"2023-10-20T12:20:15+00:00\",\"author\":{\"@id\":\"https:\/\/www.zerdab.com\/#\/schema\/person\/97079b7570c1e89ec0d9e138c3672136\"},\"breadcrumb\":{\"@id\":\"https:\/\/www.zerdab.com\/?p=28297#breadcrumb\"},\"inLanguage\":\"az\",\"potentialAction\":[{\"@type\":\"ReadAction\",\"target\":[\"https:\/\/www.zerdab.com\/?p=28297\"]}]},{\"@type\":\"ImageObject\",\"inLanguage\":\"az\",\"@id\":\"https:\/\/www.zerdab.com\/?p=28297#primaryimage\",\"url\":\"https:\/\/www.zerdab.com\/wp-content\/uploads\/2023\/07\/ekinci-qezeti-milli-metbuat-hesen-bey-zerdabi.webp\",\"contentUrl\":\"https:\/\/www.zerdab.com\/wp-content\/uploads\/2023\/07\/ekinci-qezeti-milli-metbuat-hesen-bey-zerdabi.webp\",\"width\":960,\"height\":702,\"caption\":\"ekinci-qezeti-milli-metbuat-hesen-bey-zerdabi.png\"},{\"@type\":\"BreadcrumbList\",\"@id\":\"https:\/\/www.zerdab.com\/?p=28297#breadcrumb\",\"itemListElement\":[{\"@type\":\"ListItem\",\"position\":1,\"name\":\"Home\",\"item\":\"https:\/\/www.zerdab.com\/\"},{\"@type\":\"ListItem\",\"position\":2,\"name\":\"\u201cH\u0259s\u0259n B\u0259y Z\u0259rdabi H\u0259ft\u0259si\u201d u\u011furla davam edir &#8211; Fotolar\"}]},{\"@type\":\"WebSite\",\"@id\":\"https:\/\/www.zerdab.com\/#website\",\"url\":\"https:\/\/www.zerdab.com\/\",\"name\":\"Z\u0259rdab.com\",\"description\":\"\",\"potentialAction\":[{\"@type\":\"SearchAction\",\"target\":{\"@type\":\"EntryPoint\",\"urlTemplate\":\"https:\/\/www.zerdab.com\/?s={search_term_string}\"},\"query-input\":{\"@type\":\"PropertyValueSpecification\",\"valueRequired\":true,\"valueName\":\"search_term_string\"}}],\"inLanguage\":\"az\"},{\"@type\":\"Person\",\"@id\":\"https:\/\/www.zerdab.com\/#\/schema\/person\/97079b7570c1e89ec0d9e138c3672136\",\"name\":\"admin\",\"image\":{\"@type\":\"ImageObject\",\"inLanguage\":\"az\",\"@id\":\"https:\/\/www.zerdab.com\/#\/schema\/person\/image\/\",\"url\":\"https:\/\/secure.gravatar.com\/avatar\/d9c52a9a27c32119cb6679a077fa3e2779e5f822c451cbf01098004361d466ec?s=96&d=mm&r=g\",\"contentUrl\":\"https:\/\/secure.gravatar.com\/avatar\/d9c52a9a27c32119cb6679a077fa3e2779e5f822c451cbf01098004361d466ec?s=96&d=mm&r=g\",\"caption\":\"admin\"},\"url\":\"https:\/\/www.zerdab.com\/?author=1\"}]}<\/script>\n<!-- \/ Yoast SEO plugin. -->","yoast_head_json":{"title":"\u201cH\u0259s\u0259n B\u0259y Z\u0259rdabi H\u0259ft\u0259si\u201d u\u011furla davam edir - Fotolar - Z\u0259rdab.com","robots":{"index":"index","follow":"follow","max-snippet":"max-snippet:-1","max-image-preview":"max-image-preview:large","max-video-preview":"max-video-preview:-1"},"canonical":"https:\/\/www.zerdab.com\/?p=28297","og_locale":"az_AZ","og_type":"article","og_title":"\u201cH\u0259s\u0259n B\u0259y Z\u0259rdabi H\u0259ft\u0259si\u201d u\u011furla davam edir - Fotolar - Z\u0259rdab.com","og_description":"28 iyun \u2013 5 iyul tarixl\u0259rini \u0259hat\u0259 ed\u0259n h\u0259ft\u0259 \u00e7\u0259r\u00e7iv\u0259sind\u0259 H\u0259s\u0259n B\u0259y Z\u0259rdabinin irsinin t\u0259bli\u011fi m\u0259qs\u0259dil\u0259 videokonfranslar t\u0259\u015fkil edilir. Bu g\u00fcn\u0259 q\u0259d\u0259r art\u0131q iki videokonfrans ba\u015f tutub. \u0130lk videokonfrans iyun 29-da &#8220;H\u0259s\u0259n B\u0259y Z\u0259rdabi \u0130rsinin T\u0259bli\u011fi T\u0259\u015f\u0259bb\u00fcs Qrupu&#8221;nun facebook s\u0259hif\u0259sind\u0259 ba\u015f tutub. Videokonfrans g\u0259ncl\u0259r t\u0259\u015fkilatlar\u0131 il\u0259 ke\u00e7irilib. \u201cH\u0259s\u0259n B\u0259y Z\u0259rdabi \u0130rsinin v\u0259 Milli m\u0259n\u0259vi d\u0259y\u0259rl\u0259rimizin [&hellip;]","og_url":"https:\/\/www.zerdab.com\/?p=28297","og_site_name":"Z\u0259rdab.com","article_published_time":"2020-07-01T18:16:28+00:00","article_modified_time":"2023-10-20T12:20:15+00:00","og_image":[{"width":960,"height":702,"url":"https:\/\/www.zerdab.com\/wp-content\/uploads\/2023\/07\/ekinci-qezeti-milli-metbuat-hesen-bey-zerdabi.webp","type":"image\/webp"}],"author":"admin","twitter_card":"summary_large_image","twitter_misc":{"Written by":"admin","Est. reading time":"6 minutes"},"schema":{"@context":"https:\/\/schema.org","@graph":[{"@type":"Article","@id":"https:\/\/www.zerdab.com\/?p=28297#article","isPartOf":{"@id":"https:\/\/www.zerdab.com\/?p=28297"},"author":{"name":"admin","@id":"https:\/\/www.zerdab.com\/#\/schema\/person\/97079b7570c1e89ec0d9e138c3672136"},"headline":"\u201cH\u0259s\u0259n B\u0259y Z\u0259rdabi H\u0259ft\u0259si\u201d u\u011furla davam edir &#8211; Fotolar","datePublished":"2020-07-01T18:16:28+00:00","dateModified":"2023-10-20T12:20:15+00:00","mainEntityOfPage":{"@id":"https:\/\/www.zerdab.com\/?p=28297"},"wordCount":1144,"commentCount":0,"image":{"@id":"https:\/\/www.zerdab.com\/?p=28297#primaryimage"},"thumbnailUrl":"https:\/\/www.zerdab.com\/wp-content\/uploads\/2023\/07\/ekinci-qezeti-milli-metbuat-hesen-bey-zerdabi.webp","articleSection":["H\u018fS\u018fN B\u018fY Z\u018fRDAB\u0130","MAN\u015eET"],"inLanguage":"az","potentialAction":[{"@type":"CommentAction","name":"Comment","target":["https:\/\/www.zerdab.com\/?p=28297#respond"]}]},{"@type":"WebPage","@id":"https:\/\/www.zerdab.com\/?p=28297","url":"https:\/\/www.zerdab.com\/?p=28297","name":"\u201cH\u0259s\u0259n B\u0259y Z\u0259rdabi H\u0259ft\u0259si\u201d u\u011furla davam edir - Fotolar - Z\u0259rdab.com","isPartOf":{"@id":"https:\/\/www.zerdab.com\/#website"},"primaryImageOfPage":{"@id":"https:\/\/www.zerdab.com\/?p=28297#primaryimage"},"image":{"@id":"https:\/\/www.zerdab.com\/?p=28297#primaryimage"},"thumbnailUrl":"https:\/\/www.zerdab.com\/wp-content\/uploads\/2023\/07\/ekinci-qezeti-milli-metbuat-hesen-bey-zerdabi.webp","datePublished":"2020-07-01T18:16:28+00:00","dateModified":"2023-10-20T12:20:15+00:00","author":{"@id":"https:\/\/www.zerdab.com\/#\/schema\/person\/97079b7570c1e89ec0d9e138c3672136"},"breadcrumb":{"@id":"https:\/\/www.zerdab.com\/?p=28297#breadcrumb"},"inLanguage":"az","potentialAction":[{"@type":"ReadAction","target":["https:\/\/www.zerdab.com\/?p=28297"]}]},{"@type":"ImageObject","inLanguage":"az","@id":"https:\/\/www.zerdab.com\/?p=28297#primaryimage","url":"https:\/\/www.zerdab.com\/wp-content\/uploads\/2023\/07\/ekinci-qezeti-milli-metbuat-hesen-bey-zerdabi.webp","contentUrl":"https:\/\/www.zerdab.com\/wp-content\/uploads\/2023\/07\/ekinci-qezeti-milli-metbuat-hesen-bey-zerdabi.webp","width":960,"height":702,"caption":"ekinci-qezeti-milli-metbuat-hesen-bey-zerdabi.png"},{"@type":"BreadcrumbList","@id":"https:\/\/www.zerdab.com\/?p=28297#breadcrumb","itemListElement":[{"@type":"ListItem","position":1,"name":"Home","item":"https:\/\/www.zerdab.com\/"},{"@type":"ListItem","position":2,"name":"\u201cH\u0259s\u0259n B\u0259y Z\u0259rdabi H\u0259ft\u0259si\u201d u\u011furla davam edir &#8211; Fotolar"}]},{"@type":"WebSite","@id":"https:\/\/www.zerdab.com\/#website","url":"https:\/\/www.zerdab.com\/","name":"Z\u0259rdab.com","description":"","potentialAction":[{"@type":"SearchAction","target":{"@type":"EntryPoint","urlTemplate":"https:\/\/www.zerdab.com\/?s={search_term_string}"},"query-input":{"@type":"PropertyValueSpecification","valueRequired":true,"valueName":"search_term_string"}}],"inLanguage":"az"},{"@type":"Person","@id":"https:\/\/www.zerdab.com\/#\/schema\/person\/97079b7570c1e89ec0d9e138c3672136","name":"admin","image":{"@type":"ImageObject","inLanguage":"az","@id":"https:\/\/www.zerdab.com\/#\/schema\/person\/image\/","url":"https:\/\/secure.gravatar.com\/avatar\/d9c52a9a27c32119cb6679a077fa3e2779e5f822c451cbf01098004361d466ec?s=96&d=mm&r=g","contentUrl":"https:\/\/secure.gravatar.com\/avatar\/d9c52a9a27c32119cb6679a077fa3e2779e5f822c451cbf01098004361d466ec?s=96&d=mm&r=g","caption":"admin"},"url":"https:\/\/www.zerdab.com\/?author=1"}]}},"_links":{"self":[{"href":"https:\/\/www.zerdab.com\/index.php?rest_route=\/wp\/v2\/posts\/28297","targetHints":{"allow":["GET"]}}],"collection":[{"href":"https:\/\/www.zerdab.com\/index.php?rest_route=\/wp\/v2\/posts"}],"about":[{"href":"https:\/\/www.zerdab.com\/index.php?rest_route=\/wp\/v2\/types\/post"}],"author":[{"embeddable":true,"href":"https:\/\/www.zerdab.com\/index.php?rest_route=\/wp\/v2\/users\/1"}],"replies":[{"embeddable":true,"href":"https:\/\/www.zerdab.com\/index.php?rest_route=%2Fwp%2Fv2%2Fcomments&post=28297"}],"version-history":[{"count":3,"href":"https:\/\/www.zerdab.com\/index.php?rest_route=\/wp\/v2\/posts\/28297\/revisions"}],"predecessor-version":[{"id":30257,"href":"https:\/\/www.zerdab.com\/index.php?rest_route=\/wp\/v2\/posts\/28297\/revisions\/30257"}],"wp:featuredmedia":[{"embeddable":true,"href":"https:\/\/www.zerdab.com\/index.php?rest_route=\/wp\/v2\/media\/30021"}],"wp:attachment":[{"href":"https:\/\/www.zerdab.com\/index.php?rest_route=%2Fwp%2Fv2%2Fmedia&parent=28297"}],"wp:term":[{"taxonomy":"category","embeddable":true,"href":"https:\/\/www.zerdab.com\/index.php?rest_route=%2Fwp%2Fv2%2Fcategories&post=28297"},{"taxonomy":"post_tag","embeddable":true,"href":"https:\/\/www.zerdab.com\/index.php?rest_route=%2Fwp%2Fv2%2Ftags&post=28297"}],"curies":[{"name":"wp","href":"https:\/\/api.w.org\/{rel}","templated":true}]}}