{"id":28316,"date":"2020-07-05T22:36:32","date_gmt":"2020-07-05T18:36:32","guid":{"rendered":"http:\/\/www.zerdab.com\/?p=28316"},"modified":"2020-07-06T11:00:56","modified_gmt":"2020-07-06T07:00:56","slug":"h%c9%99s%c9%99n-b%c9%99y-z%c9%99rdabi-h%c9%99ft%c9%99si-devizi-altinda-onlayn-silsil%c9%99-t%c9%99dbirl%c9%99r-kecirilib","status":"publish","type":"post","link":"https:\/\/www.zerdab.com\/?p=28316","title":{"rendered":"\u201cH\u0259s\u0259n b\u0259y Z\u0259rdabi h\u0259ft\u0259si\u201d devizi alt\u0131nda onlayn silsil\u0259 t\u0259dbirl\u0259r ke\u00e7irilib"},"content":{"rendered":"\n<p>H\u0259s\u0259n b\u0259y Z\u0259rdabinin anadan olmas\u0131n\u0131n 183 v\u0259 Milli M\u0259tbuat\u0131m\u0131z\u0131n 145 illiyi m\u00fcnasib\u0259til\u0259 H\u0259s\u0259n B\u0259y Z\u0259rdabi \u0130rsinin T\u0259bli\u011fi T\u0259\u015f\u0259bb\u00fcs Qrupu t\u0259r\u0259find\u0259n \u201cH\u0259s\u0259n b\u0259y Z\u0259rdabi h\u0259ft\u0259si\u201d devizi alt\u0131nda onlayn silsil\u0259 t\u0259dbirl\u0259r ke\u00e7irilib.<\/p>\n\n\n\n<p><a rel=\"noreferrer noopener\" href=\"https:\/\/azertag.az\/\" target=\"_blank\"><\/a>H\u0259ft\u0259 \u00e7\u0259r\u00e7iv\u0259sind\u0259 d\u00f6rd videokonfrans t\u0259\u015fkil edilib. \u0130lk videokonfrans T\u0259\u015f\u0259bb\u00fcs Qrupunun \u201cFacebook\u201d s\u0259hif\u0259sind\u0259 ba\u015f tutub. Videokonfrans g\u0259ncl\u0259r t\u0259\u015fkilatlar\u0131 il\u0259 birg\u0259 ke\u00e7irilib. \u201cH\u0259s\u0259n B\u0259y Z\u0259rdabi \u0130rsinin v\u0259 Milli-m\u0259n\u0259vi d\u0259y\u0259rl\u0259rimizin t\u0259bli\u011find\u0259 g\u0259ncl\u0259rin rolu\u201d m\u00f6vzusunda t\u0259\u015fkil edil\u0259n konfrans zaman\u0131 g\u0259ncl\u0259rimizin sosial \u015f\u0259b\u0259k\u0259l\u0259rd\u0259 bu istiqam\u0259td\u0259 f\u0259aliyy\u0259ti m\u00fczakir\u0259 olunub v\u0259 g\u0259l\u0259c\u0259k yeni v\u0259 innovativ f\u0259aliyy\u0259t metodlar\u0131 t\u0259klif edilib.<\/p>\n\n\n\n<figure class=\"wp-block-image\"><img decoding=\"async\" src=\"blob:http:\/\/www.zerdab.com\/8a26c750-7c9e-4aa2-87c9-152c3f10cce2\" alt=\"\"\/><\/figure>\n\n\n\n<p>\u0130kinci onlayn konfrans is\u0259 &#8220;H\u0259s\u0259n B\u0259y Z\u0259rdabi irsinin t\u0259bli\u011fi, maarif\u00e7ilik \u0259n\u0259n\u0259l\u0259ri, milli-m\u0259n\u0259vi d\u0259y\u0259rl\u0259rin qorunmas\u0131nda m\u0259tbuat v\u0259 sosial \u015f\u0259b\u0259k\u0259nin rolu&#8221; m\u00f6vzusuna h\u0259sr edilib. Videokonfransda Az\u0259rbaycan v\u0259 T\u00fcrkiy\u0259nin deputatlar\u0131, media n\u00fcmay\u0259nd\u0259l\u0259ri, elm adamlar\u0131 i\u015ftirak edibl\u0259r.<\/p>\n\n\n\n<figure class=\"wp-block-image\"><img decoding=\"async\" src=\"http:\/\/www.zerdab.com\/wp-content\/uploads\/2020\/07\/jale-eliyeva-hesen-bey-zerdabi-550x440.jpg\" alt=\"\" class=\"wp-image-28319\"\/><\/figure>\n\n\n\n<p>H\u0259s\u0259n B\u0259y Z\u0259rdabi \u0130rsinin T\u0259bli\u011fi T\u0259\u015f\u0259bb\u00fcs Qrupunun r\u0259hb\u0259ri, g\u0259nc f\u0259al Seymur Bayramov layih\u0259 haqq\u0131nda m\u0259lumat verib, ir\u0259li s\u00fcrd\u00fckl\u0259ri t\u0259\u015f\u0259bb\u00fcs\u00fcn m\u0259n\u0259vi d\u0259y\u0259ri haqq\u0131nda dan\u0131\u015f\u0131b.<\/p>\n\n\n\n<p>Sonra konfrans i\u015ftirak\u00e7\u0131lar\u0131n\u0131 salamlayan T\u0259\u015f\u0259bb\u00fcs Qrupunun \u00fczv\u00fc, Milli M\u0259clisin deputat\u0131, filologiya elml\u0259ri doktoru, professor Jal\u0259 \u018fliyeva konfransda i\u015ftirak etdikl\u0259ri \u00fc\u00e7\u00fcn b\u00fct\u00fcn qonaqlara t\u0259\u015f\u0259kk\u00fcr\u00fcn\u00fc bildirib. Jal\u0259 \u018fliyeva videokonfrans\u0131n ke\u00e7irilm\u0259sinin \u0259h\u0259miyy\u0259tind\u0259n s\u00f6z edib, d\u00f6vl\u0259timizin m\u0259d\u0259ni irsin qorunmas\u0131, g\u0259l\u0259c\u0259k n\u0259sill\u0259r\u0259 sa\u011flam \u015f\u0259kild\u0259 \u00e7atd\u0131r\u0131lmas\u0131, beyn\u0259lxalq m\u00fcst\u0259vid\u0259 t\u0259bli\u011fi sah\u0259sind\u0259 h\u0259yata ke\u00e7irtdiyi f\u0259aliyy\u0259t haqq\u0131nda dan\u0131\u015f\u0131b, g\u0259ncl\u0259rin m\u0259hz bu f\u0259aliyy\u0259td\u0259n \u00f6rn\u0259k g\u00f6t\u00fcr\u0259r\u0259k \u00f6lk\u0259 \u0259h\u0259miyy\u0259tli prosesl\u0259rd\u0259 f\u0259al i\u015ftirak\u0131n\u0131n vacibliyini vur\u011fulay\u0131b. <\/p>\n\n\n\n<figure class=\"wp-block-image\"><img decoding=\"async\" src=\"http:\/\/www.zerdab.com\/wp-content\/uploads\/2020\/07\/seymur-bayramov-550x445.jpg\" alt=\"\" class=\"wp-image-28327\"\/><\/figure>\n\n\n\n<p>O, H\u0259s\u0259n b\u0259y Z\u0259rdabi irsinin \u00f6yr\u0259nilm\u0259sinin v\u0259 t\u0259bli\u011finin vacibliyind\u0259n dan\u0131\u015f\u0131b. Prezident \u0130lham \u018fliyevin Az\u0259rbaycan milli m\u0259tbuat\u0131n\u0131n 145 illik yubileyinin ke\u00e7irilm\u0259si haqq\u0131nda S\u0259r\u0259ncam imzalamas\u0131n\u0131 vur\u011fulayan Jal\u0259 \u018fliyeva bildirib ki, bu S\u0259r\u0259ncam \u00f6lk\u0259mizd\u0259 m\u0259tbuata y\u00fcks\u0259k d\u00f6vl\u0259t qay\u011f\u0131s\u0131n\u0131n daha bir bariz n\u00fcmun\u0259sidir.<\/p>\n\n\n\n<figure class=\"wp-block-image\"><img decoding=\"async\" src=\"http:\/\/www.zerdab.com\/wp-content\/uploads\/2020\/07\/hesen-bey-zerdabi-irsi-550x550.jpg\" alt=\"\" class=\"wp-image-28298\"\/><\/figure>\n\n\n\n<p>Konfrans zaman\u0131 milli-m\u0259n\u0259vi d\u0259y\u0259rl\u0259rimizin, m\u0259d\u0259ni irsimizin, tarixi \u015f\u0259xsiyy\u0259tl\u0259rin h\u0259yat v\u0259 yarad\u0131c\u0131l\u0131qlar\u0131n\u0131n yarad\u0131c\u0131 v\u0259 innovativ g\u0259ncl\u0259rin vasit\u0259sil\u0259 t\u0259bli\u011fat metodlar\u0131 m\u00fczakir\u0259 olunub.<\/p>\n\n\n\n<p>&#8220;Yeni Az\u0259rbaycan&#8221; q\u0259zetinin ba\u015f redaktoru, Milli M\u0259clisin deputat\u0131 Hikm\u0259t Babao\u011flu \u00e7\u0131x\u0131\u015f ed\u0259r\u0259k H\u0259s\u0259n B\u0259y Z\u0259rdabinin h\u0259yat v\u0259 yarad\u0131c\u0131l\u0131\u011f\u0131 haqq\u0131nda geni\u015f m\u0259lumat verib v\u0259 layih\u0259nin t\u0259\u015f\u0259bb\u00fcskarlar\u0131na x\u00fcsusi minn\u0259tdarl\u0131\u011f\u0131n\u0131 bildirib.<\/p>\n\n\n\n<p>H\u0259s\u0259n B\u0259y Z\u0259rdabinin h\u0259yat v\u0259 yarad\u0131c\u0131l\u0131\u011f\u0131 daim g\u0259ncl\u0259r t\u0259r\u0259find\u0259n ara\u015fd\u0131r\u0131lmas\u0131n\u0131n v\u0259 t\u0259bli\u011f olunmas\u0131n\u0131n x\u00fcsusi \u0259h\u0259miyy\u0259tini qeyd ed\u0259n deputat bu formatda t\u0259dbirl\u0259rin ke\u00e7irilm\u0259sinin haz\u0131rda sosial \u015f\u0259b\u0259k\u0259 vasit\u0259sind\u0259n daha s\u0259m\u0259r\u0259li istifad\u0259y\u0259 v\u0259 d\u00fczg\u00fcn t\u0259bli\u011fat\u0131n apar\u0131lmas\u0131 il\u0259 n\u0259tic\u0259l\u0259n\u0259c\u0259yini bildirib.<\/p>\n\n\n\n<figure class=\"wp-block-image\"><img decoding=\"async\" src=\"http:\/\/www.zerdab.com\/wp-content\/uploads\/2020\/07\/jale-eliyeva-hesen-bey-zerdabi2-413x550.jpg\" alt=\"\" class=\"wp-image-28320\"\/><\/figure>\n\n\n\n<p>\u201cAvrasya Ekonomik \u0130li\u015fkiler Derne\u011fi\u201d \u0130dar\u0259 Hey\u0259tinin s\u0259dri Hikmet Eren Z\u0259rdabi irsinin t\u0259kc\u0259 Az\u0259rbaycanda deyil, b\u00fct\u00fcn t\u00fcrk d\u00fcnyas\u0131nda t\u0259bli\u011finin \u0259h\u0259miyy\u0259tini vur\u011fulayaraq r\u0259hb\u0259rlik etdiyi t\u0259\u015fkilat\u0131n bu istiqam\u0259td\u0259 silsil\u0259 t\u0259dbirl\u0259r ke\u00e7ir\u0259c\u0259yini, universitetl\u0259rd\u0259 bu irsin t\u0259bli\u011fi v\u0259 t\u0259drisi il\u0259 \u0259laq\u0259dar t\u0259\u015f\u0259bb\u00fcsl\u0259r g\u00f6st\u0259ril\u0259c\u0259yini qeyd edib. O, T\u00fcrkiy\u0259d\u0259 H\u0259s\u0259n b\u0259y Z\u0259rdabi park\u0131n\u0131n yarad\u0131lmas\u0131 v\u0259 Z\u0259rdab rayonu il\u0259 T\u00fcrkiy\u0259nin Karaman \u015f\u0259h\u0259rinin qarda\u015f \u015f\u0259h\u0259rl\u0259r elan edilm\u0259si t\u0259klifini ir\u0259li s\u00fcr\u00fcb.<\/p>\n\n\n\n<p>Bu t\u0259dbirl\u0259rin davam\u0131 olaraq diaspora t\u0259\u015fkilatlar\u0131n\u0131n i\u015ftirak\u0131 il\u0259 \u201cH\u0259s\u0259n B\u0259y Z\u0259rdabi irsinin v\u0259 milli-m\u0259n\u0259vi d\u0259y\u0259rl\u0259rimizin t\u0259bli\u011find\u0259 diaspora t\u0259\u015fkilatlar\u0131m\u0131z\u0131n rolu\u201d m\u00f6vzusunda videokonfrans ke\u00e7irilib.<\/p>\n\n\n\n<figure class=\"wp-block-image\"><img decoding=\"async\" src=\"http:\/\/www.zerdab.com\/wp-content\/uploads\/2020\/07\/jale-eliyeva-hesen-bey-zerdabi3-550x309.jpg\" alt=\"\" class=\"wp-image-28321\"\/><\/figure>\n\n\n\n<p>Diaspora t\u0259\u015fkilatlar\u0131 n\u00fcmay\u0259nd\u0259l\u0259rinin i\u015ftirak\u0131 il\u0259 ke\u00e7iril\u0259n online g\u00f6r\u00fc\u015fd\u0259 T\u0259\u015f\u0259bb\u00fcs Qrupunun r\u0259hb\u0259ri Seymur Bayramov, qrupun \u00fczvl\u0259ri- Milli M\u0259clisin deputat\u0131 Jal\u0259 \u018fliyeva v\u0259 Z\u0259rdabi n\u0259slinin davam\u00e7\u0131s\u0131, iqtisad\u00e7\u0131-alim N\u00fcsr\u0259t M\u0259likov qonaqlar\u0131 salamlay\u0131b, t\u0259dbirin \u0259h\u0259miyy\u0259ti, \u00f6lk\u0259mizd\u0259 bu sah\u0259d\u0259 h\u0259yata ke\u00e7iril\u0259n u\u011furlu d\u00f6vl\u0259t siyas\u0259ti haqq\u0131nda m\u0259lumat veribl\u0259r. Konfransda Milli M\u0259clisin deputatlar\u0131 Elnur Allahverdiyev v\u0259 B\u0259hruz M\u0259h\u0259rr\u0259mov, \u018fm\u0259kdar m\u00fc\u0259llim \u00d6m\u0259r Tarverdiyev, \u201c\u018fkin\u00e7i\u201d q\u0259zetinin ba\u015f redaktoru \u0130sam\u0259ddin \u018fhm\u0259dov, Nigeriya, Ukrayna, Rusiya, \u0130spaniya, Almaniya, Pol\u015fa, Bel\u00e7ika, v\u0259 Fransada f\u0259aliyy\u0259t g\u00f6st\u0259r\u0259n diaspora t\u0259\u015fkilatlarn\u0131n r\u0259hb\u0259rl\u0259ri, media v\u0259 informasiya agentlikl\u0259rinin n\u00fcmay\u0259nd\u0259l\u0259ri i\u015ftirak v\u0259 \u00e7\u0131x\u0131\u015flar edibl\u0259r.<\/p>\n\n\n\n<p>\u00c7\u0131x\u0131\u015flarda Prezident \u0130lham \u018fliyevin Az\u0259rbaycan milli m\u0259tbuat\u0131n\u0131n 145 illik yubileyinin ke\u00e7irilm\u0259si haqq\u0131nda S\u0259r\u0259ncam imzalamas\u0131 y\u00fcks\u0259k qiym\u0259tl\u0259ndirilib, Birinci vitse-prezident, Heyd\u0259r \u018fliyev Fondunun prezidenti Mehriban xan\u0131m \u018fliyevan\u0131n milli-m\u0259n\u0259vi d\u0259y\u0259rl\u0259rimizin qorunmas\u0131, d\u00fcnya m\u00fcst\u0259visind\u0259 t\u0259bli\u011fi v\u0259 \u00f6lk\u0259mizin m\u00fcsb\u0259t imicinin yarad\u0131lmas\u0131 istiqam\u0259tind\u0259 h\u0259yata ke\u00e7irdiyi f\u0259aliyy\u0259t haqq\u0131nda fikirl\u0259r s\u0259sl\u0259ndirilib.<\/p>\n\n\n\n<p>Bu q\u0259bild\u0259n olan t\u0259dbirl\u0259rd\u0259n biri d\u0259 &#8220;H\u0259s\u0259n B\u0259y Z\u0259rdabi irsinin t\u0259bli\u011fi, maarif\u00e7ilik \u0259n\u0259n\u0259l\u0259rinin, milli m\u0259n\u0259vi d\u0259y\u0259rl\u0259rin qorunmas\u0131nda v\u0259 t\u0259bli\u011find\u0259 Az\u0259rbaycan Qeyri-h\u00f6kum\u0259t t\u0259\u015fkilatlar\u0131n\u0131n rolu&#8221; m\u00f6vzusuna h\u0259sr edilib.<\/p>\n\n\n\n<p>T\u0259\u015f\u0259bb\u00fcs Qrupunun r\u0259hb\u0259ri Seymur Bayramov h\u0259ft\u0259 \u0259rzind\u0259 ke\u00e7iril\u0259n g\u00f6r\u00fc\u015fl\u0259rin q\u0131sa icmal\u0131n\u0131 v\u0259 qeyri-h\u00f6kum\u0259t t\u0259\u015fkilatlar\u0131 il\u0259 bu istiqam\u0259td\u0259 g\u00f6r\u00fcl\u0259c\u0259k birg\u0259 layih\u0259l\u0259rin t\u0259klifl\u0259rini t\u0259qdim edib.<\/p>\n\n\n\n<p>Milli M\u0259clisin deputat\u0131 Jal\u0259 \u018fliyeva irisimizin v\u0259 milli m\u0259n\u0259vi d\u0259y\u0259rl\u0259rimizin t\u0259bli\u011find\u0259 h\u0259mr\u0259ylik n\u00fcmayi\u015f etdir\u0259n t\u0259\u015fkilat r\u0259hb\u0259rl\u0259rin\u0259 minn\u0259tdarl\u0131\u011f\u0131n\u0131 bildirib. N\u0259slin n\u00fcmay\u0259nd\u0259si, iqtisad\u00e7\u0131-alim N\u00fcsr\u0259t M\u0259likov bu t\u0259\u015f\u0259bb\u00fcsd\u0259 \u0259m\u0259yi olan h\u0259r k\u0259s\u0259 t\u0259\u015f\u0259kk\u00fcr edib.<\/p>\n\n\n\n<p>Sonda T\u0259\u015f\u0259bb\u00fcs Qrupunun \u00fczvl\u0259ri t\u0259dbirl\u0259rin pandemiya \u015f\u0259raiti n\u0259z\u0259r\u0259 al\u0131naraq Milli M\u0259tbuat\u0131n 145 illik yubiley g\u00fcnl\u0259ri \u0259r\u0259f\u0259sind\u0259 Z\u0259rdabinin do\u011fma yurdu Z\u0259rdabda davam etdiril\u0259c\u0259yini bildiribl\u0259r.<\/p>\n\n\n\n<p><\/p>\n","protected":false},"excerpt":{"rendered":"<p>H\u0259s\u0259n b\u0259y Z\u0259rdabinin anadan olmas\u0131n\u0131n 183 v\u0259 Milli M\u0259tbuat\u0131m\u0131z\u0131n 145 illiyi m\u00fcnasib\u0259til\u0259 H\u0259s\u0259n B\u0259y Z\u0259rdabi \u0130rsinin T\u0259bli\u011fi T\u0259\u015f\u0259bb\u00fcs Qrupu t\u0259r\u0259find\u0259n \u201cH\u0259s\u0259n b\u0259y Z\u0259rdabi h\u0259ft\u0259si\u201d devizi alt\u0131nda onlayn silsil\u0259 t\u0259dbirl\u0259r ke\u00e7irilib. H\u0259ft\u0259 \u00e7\u0259r\u00e7iv\u0259sind\u0259 d\u00f6rd videokonfrans t\u0259\u015fkil edilib. \u0130lk videokonfrans T\u0259\u015f\u0259bb\u00fcs Qrupunun \u201cFacebook\u201d s\u0259hif\u0259sind\u0259 ba\u015f tutub. Videokonfrans g\u0259ncl\u0259r t\u0259\u015fkilatlar\u0131 il\u0259 birg\u0259 ke\u00e7irilib. \u201cH\u0259s\u0259n B\u0259y Z\u0259rdabi \u0130rsinin v\u0259 [&hellip;]<\/p>\n","protected":false},"author":1,"featured_media":0,"comment_status":"open","ping_status":"open","sticky":false,"template":"","format":"standard","meta":{"footnotes":""},"categories":[21,63],"tags":[],"class_list":{"0":"post-28316","1":"post","2":"type-post","3":"status-publish","4":"format-standard","6":"category-zrdab","7":"category-manset"},"yoast_head":"<!-- This site is optimized with the Yoast SEO plugin v27.0 - https:\/\/yoast.com\/product\/yoast-seo-wordpress\/ -->\n<title>\u201cH\u0259s\u0259n b\u0259y Z\u0259rdabi h\u0259ft\u0259si\u201d devizi alt\u0131nda onlayn silsil\u0259 t\u0259dbirl\u0259r ke\u00e7irilib - Z\u0259rdab.com<\/title>\n<meta name=\"robots\" content=\"index, follow, max-snippet:-1, max-image-preview:large, max-video-preview:-1\" \/>\n<link rel=\"canonical\" href=\"https:\/\/www.zerdab.com\/?p=28316\" \/>\n<meta property=\"og:locale\" content=\"az_AZ\" \/>\n<meta property=\"og:type\" content=\"article\" \/>\n<meta property=\"og:title\" content=\"\u201cH\u0259s\u0259n b\u0259y Z\u0259rdabi h\u0259ft\u0259si\u201d devizi alt\u0131nda onlayn silsil\u0259 t\u0259dbirl\u0259r ke\u00e7irilib - Z\u0259rdab.com\" \/>\n<meta property=\"og:description\" content=\"H\u0259s\u0259n b\u0259y Z\u0259rdabinin anadan olmas\u0131n\u0131n 183 v\u0259 Milli M\u0259tbuat\u0131m\u0131z\u0131n 145 illiyi m\u00fcnasib\u0259til\u0259 H\u0259s\u0259n B\u0259y Z\u0259rdabi \u0130rsinin T\u0259bli\u011fi T\u0259\u015f\u0259bb\u00fcs Qrupu t\u0259r\u0259find\u0259n \u201cH\u0259s\u0259n b\u0259y Z\u0259rdabi h\u0259ft\u0259si\u201d devizi alt\u0131nda onlayn silsil\u0259 t\u0259dbirl\u0259r ke\u00e7irilib. H\u0259ft\u0259 \u00e7\u0259r\u00e7iv\u0259sind\u0259 d\u00f6rd videokonfrans t\u0259\u015fkil edilib. \u0130lk videokonfrans T\u0259\u015f\u0259bb\u00fcs Qrupunun \u201cFacebook\u201d s\u0259hif\u0259sind\u0259 ba\u015f tutub. Videokonfrans g\u0259ncl\u0259r t\u0259\u015fkilatlar\u0131 il\u0259 birg\u0259 ke\u00e7irilib. \u201cH\u0259s\u0259n B\u0259y Z\u0259rdabi \u0130rsinin v\u0259 [&hellip;]\" \/>\n<meta property=\"og:url\" content=\"https:\/\/www.zerdab.com\/?p=28316\" \/>\n<meta property=\"og:site_name\" content=\"Z\u0259rdab.com\" \/>\n<meta property=\"article:published_time\" content=\"2020-07-05T18:36:32+00:00\" \/>\n<meta property=\"article:modified_time\" content=\"2020-07-06T07:00:56+00:00\" \/>\n<meta property=\"og:image\" content=\"http:\/\/www.zerdab.com\/wp-content\/uploads\/2020\/07\/jale-eliyeva-hesen-bey-zerdabi-550x440.jpg\" \/>\n<meta name=\"author\" content=\"admin\" \/>\n<meta name=\"twitter:card\" content=\"summary_large_image\" \/>\n<meta name=\"twitter:label1\" content=\"Written by\" \/>\n\t<meta name=\"twitter:data1\" content=\"admin\" \/>\n\t<meta name=\"twitter:label2\" content=\"Est. reading time\" \/>\n\t<meta name=\"twitter:data2\" content=\"6 minutes\" \/>\n<script type=\"application\/ld+json\" class=\"yoast-schema-graph\">{\"@context\":\"https:\/\/schema.org\",\"@graph\":[{\"@type\":\"Article\",\"@id\":\"https:\/\/www.zerdab.com\/?p=28316#article\",\"isPartOf\":{\"@id\":\"https:\/\/www.zerdab.com\/?p=28316\"},\"author\":{\"name\":\"admin\",\"@id\":\"https:\/\/www.zerdab.com\/#\/schema\/person\/97079b7570c1e89ec0d9e138c3672136\"},\"headline\":\"\u201cH\u0259s\u0259n b\u0259y Z\u0259rdabi h\u0259ft\u0259si\u201d devizi alt\u0131nda onlayn silsil\u0259 t\u0259dbirl\u0259r ke\u00e7irilib\",\"datePublished\":\"2020-07-05T18:36:32+00:00\",\"dateModified\":\"2020-07-06T07:00:56+00:00\",\"mainEntityOfPage\":{\"@id\":\"https:\/\/www.zerdab.com\/?p=28316\"},\"wordCount\":1278,\"commentCount\":0,\"image\":{\"@id\":\"https:\/\/www.zerdab.com\/?p=28316#primaryimage\"},\"thumbnailUrl\":\"http:\/\/www.zerdab.com\/wp-content\/uploads\/2020\/07\/jale-eliyeva-hesen-bey-zerdabi-550x440.jpg\",\"articleSection\":[\"C\u018fM\u0130YY\u018fT\",\"MAN\u015eET\"],\"inLanguage\":\"az\",\"potentialAction\":[{\"@type\":\"CommentAction\",\"name\":\"Comment\",\"target\":[\"https:\/\/www.zerdab.com\/?p=28316#respond\"]}]},{\"@type\":\"WebPage\",\"@id\":\"https:\/\/www.zerdab.com\/?p=28316\",\"url\":\"https:\/\/www.zerdab.com\/?p=28316\",\"name\":\"\u201cH\u0259s\u0259n b\u0259y Z\u0259rdabi h\u0259ft\u0259si\u201d devizi alt\u0131nda onlayn silsil\u0259 t\u0259dbirl\u0259r ke\u00e7irilib - Z\u0259rdab.com\",\"isPartOf\":{\"@id\":\"https:\/\/www.zerdab.com\/#website\"},\"primaryImageOfPage\":{\"@id\":\"https:\/\/www.zerdab.com\/?p=28316#primaryimage\"},\"image\":{\"@id\":\"https:\/\/www.zerdab.com\/?p=28316#primaryimage\"},\"thumbnailUrl\":\"http:\/\/www.zerdab.com\/wp-content\/uploads\/2020\/07\/jale-eliyeva-hesen-bey-zerdabi-550x440.jpg\",\"datePublished\":\"2020-07-05T18:36:32+00:00\",\"dateModified\":\"2020-07-06T07:00:56+00:00\",\"author\":{\"@id\":\"https:\/\/www.zerdab.com\/#\/schema\/person\/97079b7570c1e89ec0d9e138c3672136\"},\"breadcrumb\":{\"@id\":\"https:\/\/www.zerdab.com\/?p=28316#breadcrumb\"},\"inLanguage\":\"az\",\"potentialAction\":[{\"@type\":\"ReadAction\",\"target\":[\"https:\/\/www.zerdab.com\/?p=28316\"]}]},{\"@type\":\"ImageObject\",\"inLanguage\":\"az\",\"@id\":\"https:\/\/www.zerdab.com\/?p=28316#primaryimage\",\"url\":\"\",\"contentUrl\":\"\"},{\"@type\":\"BreadcrumbList\",\"@id\":\"https:\/\/www.zerdab.com\/?p=28316#breadcrumb\",\"itemListElement\":[{\"@type\":\"ListItem\",\"position\":1,\"name\":\"Home\",\"item\":\"https:\/\/www.zerdab.com\/\"},{\"@type\":\"ListItem\",\"position\":2,\"name\":\"\u201cH\u0259s\u0259n b\u0259y Z\u0259rdabi h\u0259ft\u0259si\u201d devizi alt\u0131nda onlayn silsil\u0259 t\u0259dbirl\u0259r ke\u00e7irilib\"}]},{\"@type\":\"WebSite\",\"@id\":\"https:\/\/www.zerdab.com\/#website\",\"url\":\"https:\/\/www.zerdab.com\/\",\"name\":\"Z\u0259rdab.com\",\"description\":\"\",\"potentialAction\":[{\"@type\":\"SearchAction\",\"target\":{\"@type\":\"EntryPoint\",\"urlTemplate\":\"https:\/\/www.zerdab.com\/?s={search_term_string}\"},\"query-input\":{\"@type\":\"PropertyValueSpecification\",\"valueRequired\":true,\"valueName\":\"search_term_string\"}}],\"inLanguage\":\"az\"},{\"@type\":\"Person\",\"@id\":\"https:\/\/www.zerdab.com\/#\/schema\/person\/97079b7570c1e89ec0d9e138c3672136\",\"name\":\"admin\",\"image\":{\"@type\":\"ImageObject\",\"inLanguage\":\"az\",\"@id\":\"https:\/\/www.zerdab.com\/#\/schema\/person\/image\/\",\"url\":\"https:\/\/secure.gravatar.com\/avatar\/d9c52a9a27c32119cb6679a077fa3e2779e5f822c451cbf01098004361d466ec?s=96&d=mm&r=g\",\"contentUrl\":\"https:\/\/secure.gravatar.com\/avatar\/d9c52a9a27c32119cb6679a077fa3e2779e5f822c451cbf01098004361d466ec?s=96&d=mm&r=g\",\"caption\":\"admin\"},\"url\":\"https:\/\/www.zerdab.com\/?author=1\"}]}<\/script>\n<!-- \/ Yoast SEO plugin. -->","yoast_head_json":{"title":"\u201cH\u0259s\u0259n b\u0259y Z\u0259rdabi h\u0259ft\u0259si\u201d devizi alt\u0131nda onlayn silsil\u0259 t\u0259dbirl\u0259r ke\u00e7irilib - Z\u0259rdab.com","robots":{"index":"index","follow":"follow","max-snippet":"max-snippet:-1","max-image-preview":"max-image-preview:large","max-video-preview":"max-video-preview:-1"},"canonical":"https:\/\/www.zerdab.com\/?p=28316","og_locale":"az_AZ","og_type":"article","og_title":"\u201cH\u0259s\u0259n b\u0259y Z\u0259rdabi h\u0259ft\u0259si\u201d devizi alt\u0131nda onlayn silsil\u0259 t\u0259dbirl\u0259r ke\u00e7irilib - Z\u0259rdab.com","og_description":"H\u0259s\u0259n b\u0259y Z\u0259rdabinin anadan olmas\u0131n\u0131n 183 v\u0259 Milli M\u0259tbuat\u0131m\u0131z\u0131n 145 illiyi m\u00fcnasib\u0259til\u0259 H\u0259s\u0259n B\u0259y Z\u0259rdabi \u0130rsinin T\u0259bli\u011fi T\u0259\u015f\u0259bb\u00fcs Qrupu t\u0259r\u0259find\u0259n \u201cH\u0259s\u0259n b\u0259y Z\u0259rdabi h\u0259ft\u0259si\u201d devizi alt\u0131nda onlayn silsil\u0259 t\u0259dbirl\u0259r ke\u00e7irilib. H\u0259ft\u0259 \u00e7\u0259r\u00e7iv\u0259sind\u0259 d\u00f6rd videokonfrans t\u0259\u015fkil edilib. \u0130lk videokonfrans T\u0259\u015f\u0259bb\u00fcs Qrupunun \u201cFacebook\u201d s\u0259hif\u0259sind\u0259 ba\u015f tutub. Videokonfrans g\u0259ncl\u0259r t\u0259\u015fkilatlar\u0131 il\u0259 birg\u0259 ke\u00e7irilib. \u201cH\u0259s\u0259n B\u0259y Z\u0259rdabi \u0130rsinin v\u0259 [&hellip;]","og_url":"https:\/\/www.zerdab.com\/?p=28316","og_site_name":"Z\u0259rdab.com","article_published_time":"2020-07-05T18:36:32+00:00","article_modified_time":"2020-07-06T07:00:56+00:00","og_image":[{"url":"http:\/\/www.zerdab.com\/wp-content\/uploads\/2020\/07\/jale-eliyeva-hesen-bey-zerdabi-550x440.jpg","type":"","width":"","height":""}],"author":"admin","twitter_card":"summary_large_image","twitter_misc":{"Written by":"admin","Est. reading time":"6 minutes"},"schema":{"@context":"https:\/\/schema.org","@graph":[{"@type":"Article","@id":"https:\/\/www.zerdab.com\/?p=28316#article","isPartOf":{"@id":"https:\/\/www.zerdab.com\/?p=28316"},"author":{"name":"admin","@id":"https:\/\/www.zerdab.com\/#\/schema\/person\/97079b7570c1e89ec0d9e138c3672136"},"headline":"\u201cH\u0259s\u0259n b\u0259y Z\u0259rdabi h\u0259ft\u0259si\u201d devizi alt\u0131nda onlayn silsil\u0259 t\u0259dbirl\u0259r ke\u00e7irilib","datePublished":"2020-07-05T18:36:32+00:00","dateModified":"2020-07-06T07:00:56+00:00","mainEntityOfPage":{"@id":"https:\/\/www.zerdab.com\/?p=28316"},"wordCount":1278,"commentCount":0,"image":{"@id":"https:\/\/www.zerdab.com\/?p=28316#primaryimage"},"thumbnailUrl":"http:\/\/www.zerdab.com\/wp-content\/uploads\/2020\/07\/jale-eliyeva-hesen-bey-zerdabi-550x440.jpg","articleSection":["C\u018fM\u0130YY\u018fT","MAN\u015eET"],"inLanguage":"az","potentialAction":[{"@type":"CommentAction","name":"Comment","target":["https:\/\/www.zerdab.com\/?p=28316#respond"]}]},{"@type":"WebPage","@id":"https:\/\/www.zerdab.com\/?p=28316","url":"https:\/\/www.zerdab.com\/?p=28316","name":"\u201cH\u0259s\u0259n b\u0259y Z\u0259rdabi h\u0259ft\u0259si\u201d devizi alt\u0131nda onlayn silsil\u0259 t\u0259dbirl\u0259r ke\u00e7irilib - Z\u0259rdab.com","isPartOf":{"@id":"https:\/\/www.zerdab.com\/#website"},"primaryImageOfPage":{"@id":"https:\/\/www.zerdab.com\/?p=28316#primaryimage"},"image":{"@id":"https:\/\/www.zerdab.com\/?p=28316#primaryimage"},"thumbnailUrl":"http:\/\/www.zerdab.com\/wp-content\/uploads\/2020\/07\/jale-eliyeva-hesen-bey-zerdabi-550x440.jpg","datePublished":"2020-07-05T18:36:32+00:00","dateModified":"2020-07-06T07:00:56+00:00","author":{"@id":"https:\/\/www.zerdab.com\/#\/schema\/person\/97079b7570c1e89ec0d9e138c3672136"},"breadcrumb":{"@id":"https:\/\/www.zerdab.com\/?p=28316#breadcrumb"},"inLanguage":"az","potentialAction":[{"@type":"ReadAction","target":["https:\/\/www.zerdab.com\/?p=28316"]}]},{"@type":"ImageObject","inLanguage":"az","@id":"https:\/\/www.zerdab.com\/?p=28316#primaryimage","url":"","contentUrl":""},{"@type":"BreadcrumbList","@id":"https:\/\/www.zerdab.com\/?p=28316#breadcrumb","itemListElement":[{"@type":"ListItem","position":1,"name":"Home","item":"https:\/\/www.zerdab.com\/"},{"@type":"ListItem","position":2,"name":"\u201cH\u0259s\u0259n b\u0259y Z\u0259rdabi h\u0259ft\u0259si\u201d devizi alt\u0131nda onlayn silsil\u0259 t\u0259dbirl\u0259r ke\u00e7irilib"}]},{"@type":"WebSite","@id":"https:\/\/www.zerdab.com\/#website","url":"https:\/\/www.zerdab.com\/","name":"Z\u0259rdab.com","description":"","potentialAction":[{"@type":"SearchAction","target":{"@type":"EntryPoint","urlTemplate":"https:\/\/www.zerdab.com\/?s={search_term_string}"},"query-input":{"@type":"PropertyValueSpecification","valueRequired":true,"valueName":"search_term_string"}}],"inLanguage":"az"},{"@type":"Person","@id":"https:\/\/www.zerdab.com\/#\/schema\/person\/97079b7570c1e89ec0d9e138c3672136","name":"admin","image":{"@type":"ImageObject","inLanguage":"az","@id":"https:\/\/www.zerdab.com\/#\/schema\/person\/image\/","url":"https:\/\/secure.gravatar.com\/avatar\/d9c52a9a27c32119cb6679a077fa3e2779e5f822c451cbf01098004361d466ec?s=96&d=mm&r=g","contentUrl":"https:\/\/secure.gravatar.com\/avatar\/d9c52a9a27c32119cb6679a077fa3e2779e5f822c451cbf01098004361d466ec?s=96&d=mm&r=g","caption":"admin"},"url":"https:\/\/www.zerdab.com\/?author=1"}]}},"_links":{"self":[{"href":"https:\/\/www.zerdab.com\/index.php?rest_route=\/wp\/v2\/posts\/28316","targetHints":{"allow":["GET"]}}],"collection":[{"href":"https:\/\/www.zerdab.com\/index.php?rest_route=\/wp\/v2\/posts"}],"about":[{"href":"https:\/\/www.zerdab.com\/index.php?rest_route=\/wp\/v2\/types\/post"}],"author":[{"embeddable":true,"href":"https:\/\/www.zerdab.com\/index.php?rest_route=\/wp\/v2\/users\/1"}],"replies":[{"embeddable":true,"href":"https:\/\/www.zerdab.com\/index.php?rest_route=%2Fwp%2Fv2%2Fcomments&post=28316"}],"version-history":[{"count":3,"href":"https:\/\/www.zerdab.com\/index.php?rest_route=\/wp\/v2\/posts\/28316\/revisions"}],"predecessor-version":[{"id":28328,"href":"https:\/\/www.zerdab.com\/index.php?rest_route=\/wp\/v2\/posts\/28316\/revisions\/28328"}],"wp:attachment":[{"href":"https:\/\/www.zerdab.com\/index.php?rest_route=%2Fwp%2Fv2%2Fmedia&parent=28316"}],"wp:term":[{"taxonomy":"category","embeddable":true,"href":"https:\/\/www.zerdab.com\/index.php?rest_route=%2Fwp%2Fv2%2Fcategories&post=28316"},{"taxonomy":"post_tag","embeddable":true,"href":"https:\/\/www.zerdab.com\/index.php?rest_route=%2Fwp%2Fv2%2Ftags&post=28316"}],"curies":[{"name":"wp","href":"https:\/\/api.w.org\/{rel}","templated":true}]}}