{"id":28344,"date":"2020-07-09T13:44:11","date_gmt":"2020-07-09T09:44:11","guid":{"rendered":"http:\/\/www.zerdab.com\/?p=28344"},"modified":"2020-07-09T13:56:56","modified_gmt":"2020-07-09T09:56:56","slug":"z%c9%99rdabda-h%c9%99s%c9%99n-b%c9%99y-z%c9%99rdabi-h%c9%99ft%c9%99sin%c9%99-start-verilib","status":"publish","type":"post","link":"https:\/\/www.zerdab.com\/?p=28344","title":{"rendered":"Z\u0259rdabda &#8220;H\u0259s\u0259n b\u0259y Z\u0259rdabi h\u0259ft\u0259si&#8221;n\u0259 start verilib"},"content":{"rendered":"\n<p>H\u0259s\u0259n B\u0259y Z\u0259rdabi \u0130rsinin T\u0259bli\u011fi T\u0259\u015f\u0259bb\u00fcs Qrupu v\u0259 Z\u0259rdab Rayon \u0130cra Hakimiyy\u0259tinin  birg\u0259 t\u0259\u015fkilat\u00e7\u0131l\u0131\u011f\u0131 il\u0259 Az\u0259rbaycan m\u0259tbuat\u0131n\u0131n 145 illik yubileyi m\u00fcnasib\u0259ti il\u0259 \u201cH\u0259s\u0259n B\u0259y Z\u0259rdabi h\u0259ft\u0259si\u201dn\u0259 start verilib. <strong>Zerdab.com<\/strong> sayt\u0131 x\u0259b\u0259r verir ki, Az\u0259rbaycan Respublikas\u0131n\u0131n Prezidenti c\u0259nab \u0130lham \u018fliyevin Az\u0259rbaycan milli m\u0259tbuat\u0131n\u0131n 145 illik yubileyinin ke\u00e7irilm\u0259si haqq\u0131nda 30 iyun 2020-ci il tarixli s\u0259r\u0259ncam\u0131 v\u0259 g\u00f6rk\u0259mli ziyal\u0131 v\u0259 maarif\u00e7i-publisist H\u0259s\u0259n b\u0259y Z\u0259rdabinin do\u011fum g\u00fcn\u00fcn\u0259 h\u0259sr olunmu\u015f h\u0259ft\u0259 \u00e7\u0259r\u00e7iv\u0259sind\u0259 Z\u0259rdab Rayon G\u0259ncl\u0259r v\u0259 \u0130dman \u0130dar\u0259si, Z\u0259rdab Rayon T\u0259hsil \u015e\u00f6b\u0259sinin t\u0259\u015fkilat\u00e7\u0131l\u0131\u011f\u0131 il\u0259 rayon g\u0259ncl\u0259rinin, ziyal\u0131 v\u0259 m\u00fc\u0259lliml\u0259rinin i\u015ftirak\u0131 il\u0259 08 iyul 2020-ci il 16:00-da Z\u0259rdab rayonunun g\u0259ncl\u0259r, m\u00fc\u0259llim, \u015fagird v\u0259 ziyal\u0131lar\u0131n\u0131n i\u015ftirak\u0131 il\u0259 videokonfrans t\u0259\u015fkil olunub. T\u0259qdimat zaman\u0131 H\u0259s\u0259n B\u0259y Z\u0259rdabinin h\u0259yat v\u0259 yarad\u0131c\u0131l\u0131\u011f\u0131, xidm\u0259tl\u0259ri haqq\u0131nda geni\u015f m\u0259lumat verilib, irsin v\u0259 milli-m\u0259n\u0259vi d\u0259y\u0259rl\u0259rimizin t\u0259bli\u011fi il\u0259 ba\u011fl\u0131 t\u0259klifl\u0259r s\u0259sl\u0259ndirilib. H\u0259ft\u0259 \u00e7\u0259r\u00e7iv\u0259sind\u0259 dig\u0259r t\u0259dbirl\u0259rin d\u0259 t\u0259\u015fkili n\u0259z\u0259rd\u0259 tutulur. Qeyd ed\u0259k ki, t\u0259dbirin informasiya d\u0259st\u0259k\u00e7il\u0259rind\u0259n biri d\u0259 <strong>Zerdab.com<\/strong> sayt\u0131d\u0131r.<\/p>\n\n\n\n<figure class=\"wp-block-image\"><img loading=\"lazy\" decoding=\"async\" width=\"550\" height=\"550\" src=\"http:\/\/www.zerdab.com\/wp-content\/uploads\/2020\/07\/zerdab.com-hesen-bey-zerdabi-550x550.jpg\" alt=\"\" class=\"wp-image-28347\" srcset=\"https:\/\/www.zerdab.com\/wp-content\/uploads\/2020\/07\/zerdab.com-hesen-bey-zerdabi-550x550.jpg 550w, https:\/\/www.zerdab.com\/wp-content\/uploads\/2020\/07\/zerdab.com-hesen-bey-zerdabi-400x400.jpg 400w, https:\/\/www.zerdab.com\/wp-content\/uploads\/2020\/07\/zerdab.com-hesen-bey-zerdabi-768x768.jpg 768w, https:\/\/www.zerdab.com\/wp-content\/uploads\/2020\/07\/zerdab.com-hesen-bey-zerdabi-696x696.jpg 696w, https:\/\/www.zerdab.com\/wp-content\/uploads\/2020\/07\/zerdab.com-hesen-bey-zerdabi-420x420.jpg 420w, https:\/\/www.zerdab.com\/wp-content\/uploads\/2020\/07\/zerdab.com-hesen-bey-zerdabi.jpg 1024w\" sizes=\"auto, (max-width: 550px) 100vw, 550px\" \/><\/figure>\n","protected":false},"excerpt":{"rendered":"<p>H\u0259s\u0259n B\u0259y Z\u0259rdabi \u0130rsinin T\u0259bli\u011fi T\u0259\u015f\u0259bb\u00fcs Qrupu v\u0259 Z\u0259rdab Rayon \u0130cra Hakimiyy\u0259tinin birg\u0259 t\u0259\u015fkilat\u00e7\u0131l\u0131\u011f\u0131 il\u0259 Az\u0259rbaycan m\u0259tbuat\u0131n\u0131n 145 illik yubileyi m\u00fcnasib\u0259ti il\u0259 \u201cH\u0259s\u0259n B\u0259y Z\u0259rdabi h\u0259ft\u0259si\u201dn\u0259 start verilib. Zerdab.com sayt\u0131 x\u0259b\u0259r verir ki, Az\u0259rbaycan Respublikas\u0131n\u0131n Prezidenti c\u0259nab \u0130lham \u018fliyevin Az\u0259rbaycan milli m\u0259tbuat\u0131n\u0131n 145 illik yubileyinin ke\u00e7irilm\u0259si haqq\u0131nda 30 iyun 2020-ci il tarixli s\u0259r\u0259ncam\u0131 v\u0259 g\u00f6rk\u0259mli [&hellip;]<\/p>\n","protected":false},"author":1,"featured_media":27146,"comment_status":"open","ping_status":"open","sticky":false,"template":"","format":"standard","meta":{"footnotes":""},"categories":[63,5],"tags":[],"class_list":{"0":"post-28344","1":"post","2":"type-post","3":"status-publish","4":"format-standard","5":"has-post-thumbnail","7":"category-manset","8":"category-knd"},"yoast_head":"<!-- This site is optimized with the Yoast SEO plugin v27.0 - https:\/\/yoast.com\/product\/yoast-seo-wordpress\/ -->\n<title>Z\u0259rdabda &quot;H\u0259s\u0259n b\u0259y Z\u0259rdabi h\u0259ft\u0259si&quot;n\u0259 start verilib - Z\u0259rdab.com<\/title>\n<meta name=\"robots\" content=\"index, follow, max-snippet:-1, max-image-preview:large, max-video-preview:-1\" \/>\n<link rel=\"canonical\" href=\"https:\/\/www.zerdab.com\/?p=28344\" \/>\n<meta property=\"og:locale\" content=\"az_AZ\" \/>\n<meta property=\"og:type\" content=\"article\" \/>\n<meta property=\"og:title\" content=\"Z\u0259rdabda &quot;H\u0259s\u0259n b\u0259y Z\u0259rdabi h\u0259ft\u0259si&quot;n\u0259 start verilib - Z\u0259rdab.com\" \/>\n<meta property=\"og:description\" content=\"H\u0259s\u0259n B\u0259y Z\u0259rdabi \u0130rsinin T\u0259bli\u011fi T\u0259\u015f\u0259bb\u00fcs Qrupu v\u0259 Z\u0259rdab Rayon \u0130cra Hakimiyy\u0259tinin birg\u0259 t\u0259\u015fkilat\u00e7\u0131l\u0131\u011f\u0131 il\u0259 Az\u0259rbaycan m\u0259tbuat\u0131n\u0131n 145 illik yubileyi m\u00fcnasib\u0259ti il\u0259 \u201cH\u0259s\u0259n B\u0259y Z\u0259rdabi h\u0259ft\u0259si\u201dn\u0259 start verilib. Zerdab.com sayt\u0131 x\u0259b\u0259r verir ki, Az\u0259rbaycan Respublikas\u0131n\u0131n Prezidenti c\u0259nab \u0130lham \u018fliyevin Az\u0259rbaycan milli m\u0259tbuat\u0131n\u0131n 145 illik yubileyinin ke\u00e7irilm\u0259si haqq\u0131nda 30 iyun 2020-ci il tarixli s\u0259r\u0259ncam\u0131 v\u0259 g\u00f6rk\u0259mli [&hellip;]\" \/>\n<meta property=\"og:url\" content=\"https:\/\/www.zerdab.com\/?p=28344\" \/>\n<meta property=\"og:site_name\" content=\"Z\u0259rdab.com\" \/>\n<meta property=\"article:published_time\" content=\"2020-07-09T09:44:11+00:00\" \/>\n<meta property=\"article:modified_time\" content=\"2020-07-09T09:56:56+00:00\" \/>\n<meta property=\"og:image\" content=\"https:\/\/www.zerdab.com\/wp-content\/uploads\/2019\/05\/zerdab-vakansiya-isci-axtarilir.jpg\" \/>\n\t<meta property=\"og:image:width\" content=\"1024\" \/>\n\t<meta property=\"og:image:height\" content=\"576\" \/>\n\t<meta property=\"og:image:type\" content=\"image\/jpeg\" \/>\n<meta name=\"author\" content=\"admin\" \/>\n<meta name=\"twitter:card\" content=\"summary_large_image\" \/>\n<meta name=\"twitter:label1\" content=\"Written by\" \/>\n\t<meta name=\"twitter:data1\" content=\"admin\" \/>\n\t<meta name=\"twitter:label2\" content=\"Est. reading time\" \/>\n\t<meta name=\"twitter:data2\" content=\"1 minute\" \/>\n<script type=\"application\/ld+json\" class=\"yoast-schema-graph\">{\"@context\":\"https:\/\/schema.org\",\"@graph\":[{\"@type\":\"Article\",\"@id\":\"https:\/\/www.zerdab.com\/?p=28344#article\",\"isPartOf\":{\"@id\":\"https:\/\/www.zerdab.com\/?p=28344\"},\"author\":{\"name\":\"admin\",\"@id\":\"https:\/\/www.zerdab.com\/#\/schema\/person\/97079b7570c1e89ec0d9e138c3672136\"},\"headline\":\"Z\u0259rdabda &#8220;H\u0259s\u0259n b\u0259y Z\u0259rdabi h\u0259ft\u0259si&#8221;n\u0259 start verilib\",\"datePublished\":\"2020-07-09T09:44:11+00:00\",\"dateModified\":\"2020-07-09T09:56:56+00:00\",\"mainEntityOfPage\":{\"@id\":\"https:\/\/www.zerdab.com\/?p=28344\"},\"wordCount\":275,\"commentCount\":0,\"image\":{\"@id\":\"https:\/\/www.zerdab.com\/?p=28344#primaryimage\"},\"thumbnailUrl\":\"https:\/\/www.zerdab.com\/wp-content\/uploads\/2019\/05\/zerdab-vakansiya-isci-axtarilir.jpg\",\"articleSection\":[\"MAN\u015eET\",\"X\u018fB\u018fRL\u018fR\"],\"inLanguage\":\"az\",\"potentialAction\":[{\"@type\":\"CommentAction\",\"name\":\"Comment\",\"target\":[\"https:\/\/www.zerdab.com\/?p=28344#respond\"]}]},{\"@type\":\"WebPage\",\"@id\":\"https:\/\/www.zerdab.com\/?p=28344\",\"url\":\"https:\/\/www.zerdab.com\/?p=28344\",\"name\":\"Z\u0259rdabda \\\"H\u0259s\u0259n b\u0259y Z\u0259rdabi h\u0259ft\u0259si\\\"n\u0259 start verilib - Z\u0259rdab.com\",\"isPartOf\":{\"@id\":\"https:\/\/www.zerdab.com\/#website\"},\"primaryImageOfPage\":{\"@id\":\"https:\/\/www.zerdab.com\/?p=28344#primaryimage\"},\"image\":{\"@id\":\"https:\/\/www.zerdab.com\/?p=28344#primaryimage\"},\"thumbnailUrl\":\"https:\/\/www.zerdab.com\/wp-content\/uploads\/2019\/05\/zerdab-vakansiya-isci-axtarilir.jpg\",\"datePublished\":\"2020-07-09T09:44:11+00:00\",\"dateModified\":\"2020-07-09T09:56:56+00:00\",\"author\":{\"@id\":\"https:\/\/www.zerdab.com\/#\/schema\/person\/97079b7570c1e89ec0d9e138c3672136\"},\"breadcrumb\":{\"@id\":\"https:\/\/www.zerdab.com\/?p=28344#breadcrumb\"},\"inLanguage\":\"az\",\"potentialAction\":[{\"@type\":\"ReadAction\",\"target\":[\"https:\/\/www.zerdab.com\/?p=28344\"]}]},{\"@type\":\"ImageObject\",\"inLanguage\":\"az\",\"@id\":\"https:\/\/www.zerdab.com\/?p=28344#primaryimage\",\"url\":\"https:\/\/www.zerdab.com\/wp-content\/uploads\/2019\/05\/zerdab-vakansiya-isci-axtarilir.jpg\",\"contentUrl\":\"https:\/\/www.zerdab.com\/wp-content\/uploads\/2019\/05\/zerdab-vakansiya-isci-axtarilir.jpg\",\"width\":1024,\"height\":576,\"caption\":\"zerdab-vakansiya-isci-axtarilir\"},{\"@type\":\"BreadcrumbList\",\"@id\":\"https:\/\/www.zerdab.com\/?p=28344#breadcrumb\",\"itemListElement\":[{\"@type\":\"ListItem\",\"position\":1,\"name\":\"Home\",\"item\":\"https:\/\/www.zerdab.com\/\"},{\"@type\":\"ListItem\",\"position\":2,\"name\":\"Z\u0259rdabda &#8220;H\u0259s\u0259n b\u0259y Z\u0259rdabi h\u0259ft\u0259si&#8221;n\u0259 start verilib\"}]},{\"@type\":\"WebSite\",\"@id\":\"https:\/\/www.zerdab.com\/#website\",\"url\":\"https:\/\/www.zerdab.com\/\",\"name\":\"Z\u0259rdab.com\",\"description\":\"\",\"potentialAction\":[{\"@type\":\"SearchAction\",\"target\":{\"@type\":\"EntryPoint\",\"urlTemplate\":\"https:\/\/www.zerdab.com\/?s={search_term_string}\"},\"query-input\":{\"@type\":\"PropertyValueSpecification\",\"valueRequired\":true,\"valueName\":\"search_term_string\"}}],\"inLanguage\":\"az\"},{\"@type\":\"Person\",\"@id\":\"https:\/\/www.zerdab.com\/#\/schema\/person\/97079b7570c1e89ec0d9e138c3672136\",\"name\":\"admin\",\"image\":{\"@type\":\"ImageObject\",\"inLanguage\":\"az\",\"@id\":\"https:\/\/www.zerdab.com\/#\/schema\/person\/image\/\",\"url\":\"https:\/\/secure.gravatar.com\/avatar\/d9c52a9a27c32119cb6679a077fa3e2779e5f822c451cbf01098004361d466ec?s=96&d=mm&r=g\",\"contentUrl\":\"https:\/\/secure.gravatar.com\/avatar\/d9c52a9a27c32119cb6679a077fa3e2779e5f822c451cbf01098004361d466ec?s=96&d=mm&r=g\",\"caption\":\"admin\"},\"url\":\"https:\/\/www.zerdab.com\/?author=1\"}]}<\/script>\n<!-- \/ Yoast SEO plugin. -->","yoast_head_json":{"title":"Z\u0259rdabda \"H\u0259s\u0259n b\u0259y Z\u0259rdabi h\u0259ft\u0259si\"n\u0259 start verilib - Z\u0259rdab.com","robots":{"index":"index","follow":"follow","max-snippet":"max-snippet:-1","max-image-preview":"max-image-preview:large","max-video-preview":"max-video-preview:-1"},"canonical":"https:\/\/www.zerdab.com\/?p=28344","og_locale":"az_AZ","og_type":"article","og_title":"Z\u0259rdabda \"H\u0259s\u0259n b\u0259y Z\u0259rdabi h\u0259ft\u0259si\"n\u0259 start verilib - Z\u0259rdab.com","og_description":"H\u0259s\u0259n B\u0259y Z\u0259rdabi \u0130rsinin T\u0259bli\u011fi T\u0259\u015f\u0259bb\u00fcs Qrupu v\u0259 Z\u0259rdab Rayon \u0130cra Hakimiyy\u0259tinin birg\u0259 t\u0259\u015fkilat\u00e7\u0131l\u0131\u011f\u0131 il\u0259 Az\u0259rbaycan m\u0259tbuat\u0131n\u0131n 145 illik yubileyi m\u00fcnasib\u0259ti il\u0259 \u201cH\u0259s\u0259n B\u0259y Z\u0259rdabi h\u0259ft\u0259si\u201dn\u0259 start verilib. Zerdab.com sayt\u0131 x\u0259b\u0259r verir ki, Az\u0259rbaycan Respublikas\u0131n\u0131n Prezidenti c\u0259nab \u0130lham \u018fliyevin Az\u0259rbaycan milli m\u0259tbuat\u0131n\u0131n 145 illik yubileyinin ke\u00e7irilm\u0259si haqq\u0131nda 30 iyun 2020-ci il tarixli s\u0259r\u0259ncam\u0131 v\u0259 g\u00f6rk\u0259mli [&hellip;]","og_url":"https:\/\/www.zerdab.com\/?p=28344","og_site_name":"Z\u0259rdab.com","article_published_time":"2020-07-09T09:44:11+00:00","article_modified_time":"2020-07-09T09:56:56+00:00","og_image":[{"width":1024,"height":576,"url":"https:\/\/www.zerdab.com\/wp-content\/uploads\/2019\/05\/zerdab-vakansiya-isci-axtarilir.jpg","type":"image\/jpeg"}],"author":"admin","twitter_card":"summary_large_image","twitter_misc":{"Written by":"admin","Est. reading time":"1 minute"},"schema":{"@context":"https:\/\/schema.org","@graph":[{"@type":"Article","@id":"https:\/\/www.zerdab.com\/?p=28344#article","isPartOf":{"@id":"https:\/\/www.zerdab.com\/?p=28344"},"author":{"name":"admin","@id":"https:\/\/www.zerdab.com\/#\/schema\/person\/97079b7570c1e89ec0d9e138c3672136"},"headline":"Z\u0259rdabda &#8220;H\u0259s\u0259n b\u0259y Z\u0259rdabi h\u0259ft\u0259si&#8221;n\u0259 start verilib","datePublished":"2020-07-09T09:44:11+00:00","dateModified":"2020-07-09T09:56:56+00:00","mainEntityOfPage":{"@id":"https:\/\/www.zerdab.com\/?p=28344"},"wordCount":275,"commentCount":0,"image":{"@id":"https:\/\/www.zerdab.com\/?p=28344#primaryimage"},"thumbnailUrl":"https:\/\/www.zerdab.com\/wp-content\/uploads\/2019\/05\/zerdab-vakansiya-isci-axtarilir.jpg","articleSection":["MAN\u015eET","X\u018fB\u018fRL\u018fR"],"inLanguage":"az","potentialAction":[{"@type":"CommentAction","name":"Comment","target":["https:\/\/www.zerdab.com\/?p=28344#respond"]}]},{"@type":"WebPage","@id":"https:\/\/www.zerdab.com\/?p=28344","url":"https:\/\/www.zerdab.com\/?p=28344","name":"Z\u0259rdabda \"H\u0259s\u0259n b\u0259y Z\u0259rdabi h\u0259ft\u0259si\"n\u0259 start verilib - Z\u0259rdab.com","isPartOf":{"@id":"https:\/\/www.zerdab.com\/#website"},"primaryImageOfPage":{"@id":"https:\/\/www.zerdab.com\/?p=28344#primaryimage"},"image":{"@id":"https:\/\/www.zerdab.com\/?p=28344#primaryimage"},"thumbnailUrl":"https:\/\/www.zerdab.com\/wp-content\/uploads\/2019\/05\/zerdab-vakansiya-isci-axtarilir.jpg","datePublished":"2020-07-09T09:44:11+00:00","dateModified":"2020-07-09T09:56:56+00:00","author":{"@id":"https:\/\/www.zerdab.com\/#\/schema\/person\/97079b7570c1e89ec0d9e138c3672136"},"breadcrumb":{"@id":"https:\/\/www.zerdab.com\/?p=28344#breadcrumb"},"inLanguage":"az","potentialAction":[{"@type":"ReadAction","target":["https:\/\/www.zerdab.com\/?p=28344"]}]},{"@type":"ImageObject","inLanguage":"az","@id":"https:\/\/www.zerdab.com\/?p=28344#primaryimage","url":"https:\/\/www.zerdab.com\/wp-content\/uploads\/2019\/05\/zerdab-vakansiya-isci-axtarilir.jpg","contentUrl":"https:\/\/www.zerdab.com\/wp-content\/uploads\/2019\/05\/zerdab-vakansiya-isci-axtarilir.jpg","width":1024,"height":576,"caption":"zerdab-vakansiya-isci-axtarilir"},{"@type":"BreadcrumbList","@id":"https:\/\/www.zerdab.com\/?p=28344#breadcrumb","itemListElement":[{"@type":"ListItem","position":1,"name":"Home","item":"https:\/\/www.zerdab.com\/"},{"@type":"ListItem","position":2,"name":"Z\u0259rdabda &#8220;H\u0259s\u0259n b\u0259y Z\u0259rdabi h\u0259ft\u0259si&#8221;n\u0259 start verilib"}]},{"@type":"WebSite","@id":"https:\/\/www.zerdab.com\/#website","url":"https:\/\/www.zerdab.com\/","name":"Z\u0259rdab.com","description":"","potentialAction":[{"@type":"SearchAction","target":{"@type":"EntryPoint","urlTemplate":"https:\/\/www.zerdab.com\/?s={search_term_string}"},"query-input":{"@type":"PropertyValueSpecification","valueRequired":true,"valueName":"search_term_string"}}],"inLanguage":"az"},{"@type":"Person","@id":"https:\/\/www.zerdab.com\/#\/schema\/person\/97079b7570c1e89ec0d9e138c3672136","name":"admin","image":{"@type":"ImageObject","inLanguage":"az","@id":"https:\/\/www.zerdab.com\/#\/schema\/person\/image\/","url":"https:\/\/secure.gravatar.com\/avatar\/d9c52a9a27c32119cb6679a077fa3e2779e5f822c451cbf01098004361d466ec?s=96&d=mm&r=g","contentUrl":"https:\/\/secure.gravatar.com\/avatar\/d9c52a9a27c32119cb6679a077fa3e2779e5f822c451cbf01098004361d466ec?s=96&d=mm&r=g","caption":"admin"},"url":"https:\/\/www.zerdab.com\/?author=1"}]}},"_links":{"self":[{"href":"https:\/\/www.zerdab.com\/index.php?rest_route=\/wp\/v2\/posts\/28344","targetHints":{"allow":["GET"]}}],"collection":[{"href":"https:\/\/www.zerdab.com\/index.php?rest_route=\/wp\/v2\/posts"}],"about":[{"href":"https:\/\/www.zerdab.com\/index.php?rest_route=\/wp\/v2\/types\/post"}],"author":[{"embeddable":true,"href":"https:\/\/www.zerdab.com\/index.php?rest_route=\/wp\/v2\/users\/1"}],"replies":[{"embeddable":true,"href":"https:\/\/www.zerdab.com\/index.php?rest_route=%2Fwp%2Fv2%2Fcomments&post=28344"}],"version-history":[{"count":2,"href":"https:\/\/www.zerdab.com\/index.php?rest_route=\/wp\/v2\/posts\/28344\/revisions"}],"predecessor-version":[{"id":28351,"href":"https:\/\/www.zerdab.com\/index.php?rest_route=\/wp\/v2\/posts\/28344\/revisions\/28351"}],"wp:featuredmedia":[{"embeddable":true,"href":"https:\/\/www.zerdab.com\/index.php?rest_route=\/wp\/v2\/media\/27146"}],"wp:attachment":[{"href":"https:\/\/www.zerdab.com\/index.php?rest_route=%2Fwp%2Fv2%2Fmedia&parent=28344"}],"wp:term":[{"taxonomy":"category","embeddable":true,"href":"https:\/\/www.zerdab.com\/index.php?rest_route=%2Fwp%2Fv2%2Fcategories&post=28344"},{"taxonomy":"post_tag","embeddable":true,"href":"https:\/\/www.zerdab.com\/index.php?rest_route=%2Fwp%2Fv2%2Ftags&post=28344"}],"curies":[{"name":"wp","href":"https:\/\/api.w.org\/{rel}","templated":true}]}}