{"id":28387,"date":"2020-07-13T14:30:34","date_gmt":"2020-07-13T10:30:34","guid":{"rendered":"http:\/\/www.zerdab.com\/?p=28387"},"modified":"2020-07-13T14:30:35","modified_gmt":"2020-07-13T10:30:35","slug":"dovl%c9%99t-bascisi-h%c9%99lak-olan-h%c9%99rbcil%c9%99rimizin-qisasi-alindi","status":"publish","type":"post","link":"https:\/\/www.zerdab.com\/?p=28387","title":{"rendered":"D\u00f6vl\u0259t ba\u015f\u00e7\u0131s\u0131: \u201cH\u0259lak olan h\u0259rb\u00e7il\u0259rimizin qisas\u0131 al\u0131nd\u0131\u201d"},"content":{"rendered":"\n<p>\u201cBu g\u00fcn s\u0259rh\u0259dd\u0259 g\u0259rgin v\u0259ziyy\u0259t davam edir. D\u00fcn\u0259n gec\u0259 b\u00fct\u00fcn aidiyy\u0259ti qurumlarla, komandanlarla \u0259laq\u0259d\u0259 idim. Bu g\u00fcn s\u0259h\u0259r tezd\u0259n d\u0259 m\u0259n\u0259 operativ m\u0259lumat verilib v\u0259 s\u0259rh\u0259dd\u0259 v\u0259ziyy\u0259t sabitl\u0259\u015fm\u0259yib\u201d.<\/p>\n\n\n\n<p> <br><strong>Zerdab.com<\/strong>\u00a0sayt\u0131 x\u0259b\u0259r verir ki, bunu Prezident \u0130lham \u018fliyev iyulun 13-d\u0259 T\u0259hl\u00fck\u0259sizlik \u015euras\u0131n\u0131n iclas\u0131nda \u00e7\u0131x\u0131\u015f\u0131 zaman\u0131 deyib.<\/p>\n\n\n\n<p>Prezident vur\u011fulay\u0131b ki, b\u00fct\u00fcn m\u0259suliyy\u0259ti Erm\u0259nistan\u0131n h\u0259rbi-siyasi r\u0259hb\u0259rliyi da\u015f\u0131y\u0131r:<\/p>\n\n\n\n<p>\u201c\u00c7\u00fcnki m\u0259hz Erm\u0259nistan r\u0259hb\u0259rliyinin iki\u00fczl\u00fc v\u0259 riyakar f\u0259aliyy\u0259tin\u0259 g\u00f6r\u0259 bel\u0259 hadis\u0259l\u0259r ba\u015f verir. Bir t\u0259r\u0259fd\u0259n, beyn\u0259lxalq ictimaiyy\u0259t\u0259 m\u00fcraci\u0259t edir v\u0259 Erm\u0259nistan-Az\u0259rbaycan qo\u015funlar\u0131n\u0131n t\u0259mas x\u0259ttind\u0259 at\u0259\u015fk\u0259s rejiminin m\u00f6hk\u0259ml\u0259ndirilm\u0259si \u00fc\u00e7\u00fcn k\u00f6m\u0259k xahi\u015f edir.<\/p>\n\n\n\n<p>Dig\u0259r t\u0259r\u0259fd\u0259n, h\u0259rbi t\u0259xribatlar t\u00f6r\u0259d\u0259r\u0259k Az\u0259rbaycan \u0259razisin\u0259 basq\u0131n etm\u0259k ist\u0259yir, m\u00f6vqel\u0259rimizi z\u0259bt etm\u0259k ist\u0259yir, m\u00fclki \u0259halini, k\u0259ndl\u0259rimizi at\u0259\u015f\u0259 tutur.<\/p>\n\n\n\n<p>Bu \u00e7irkin v\u0259 m\u0259krli siyas\u0259t Erm\u0259nistan\u0131 u\u00e7uruma aparacaq. B\u00fct\u00fcn m\u0259suliyy\u0259t Erm\u0259nistan\u0131n r\u0259hb\u0259rliyi \u00fcz\u0259rin\u0259 d\u00fc\u015f\u00fcr. Az\u0259rbaycan \u00f6z \u0259razi b\u00fct\u00f6vl\u00fcy\u00fcn\u00fc bundan sonra da qoruyacaq, \u00f6z s\u0259rh\u0259dl\u0259rimizi qoruyacaq.<\/p>\n\n\n\n<p>D\u00fcn\u0259n g\u00fcnorta saatlar\u0131nda v\u0259 bu g\u00fcn gec\u0259 d\u00fc\u015fm\u0259n\u0259 vurulmu\u015f sars\u0131d\u0131c\u0131 z\u0259rb\u0259l\u0259r bir daha onu g\u00f6st\u0259rdi. H\u0259lak olan h\u0259rb\u00e7il\u0259rimizin qisas\u0131 al\u0131nd\u0131 v\u0259 onlar\u0131n qan\u0131 yerd\u0259 qalmay\u0131b v\u0259 qalmayacaq\u201d.<\/p>\n","protected":false},"excerpt":{"rendered":"<p>\u201cBu g\u00fcn s\u0259rh\u0259dd\u0259 g\u0259rgin v\u0259ziyy\u0259t davam edir. D\u00fcn\u0259n gec\u0259 b\u00fct\u00fcn aidiyy\u0259ti qurumlarla, komandanlarla \u0259laq\u0259d\u0259 idim. Bu g\u00fcn s\u0259h\u0259r tezd\u0259n d\u0259 m\u0259n\u0259 operativ m\u0259lumat verilib v\u0259 s\u0259rh\u0259dd\u0259 v\u0259ziyy\u0259t sabitl\u0259\u015fm\u0259yib\u201d. Zerdab.com\u00a0sayt\u0131 x\u0259b\u0259r verir ki, bunu Prezident \u0130lham \u018fliyev iyulun 13-d\u0259 T\u0259hl\u00fck\u0259sizlik \u015euras\u0131n\u0131n iclas\u0131nda \u00e7\u0131x\u0131\u015f\u0131 zaman\u0131 deyib. Prezident vur\u011fulay\u0131b ki, b\u00fct\u00fcn m\u0259suliyy\u0259ti Erm\u0259nistan\u0131n h\u0259rbi-siyasi r\u0259hb\u0259rliyi da\u015f\u0131y\u0131r: \u201c\u00c7\u00fcnki m\u0259hz [&hellip;]<\/p>\n","protected":false},"author":1,"featured_media":28388,"comment_status":"open","ping_status":"open","sticky":false,"template":"","format":"standard","meta":{"footnotes":""},"categories":[63,5],"tags":[],"class_list":{"0":"post-28387","1":"post","2":"type-post","3":"status-publish","4":"format-standard","5":"has-post-thumbnail","7":"category-manset","8":"category-knd"},"yoast_head":"<!-- This site is optimized with the Yoast SEO plugin v27.0 - https:\/\/yoast.com\/product\/yoast-seo-wordpress\/ -->\n<title>D\u00f6vl\u0259t ba\u015f\u00e7\u0131s\u0131: \u201cH\u0259lak olan h\u0259rb\u00e7il\u0259rimizin qisas\u0131 al\u0131nd\u0131\u201d - Z\u0259rdab.com<\/title>\n<meta name=\"robots\" content=\"index, follow, max-snippet:-1, max-image-preview:large, max-video-preview:-1\" \/>\n<link rel=\"canonical\" href=\"https:\/\/www.zerdab.com\/?p=28387\" \/>\n<meta property=\"og:locale\" content=\"az_AZ\" \/>\n<meta property=\"og:type\" content=\"article\" \/>\n<meta property=\"og:title\" content=\"D\u00f6vl\u0259t ba\u015f\u00e7\u0131s\u0131: \u201cH\u0259lak olan h\u0259rb\u00e7il\u0259rimizin qisas\u0131 al\u0131nd\u0131\u201d - Z\u0259rdab.com\" \/>\n<meta property=\"og:description\" content=\"\u201cBu g\u00fcn s\u0259rh\u0259dd\u0259 g\u0259rgin v\u0259ziyy\u0259t davam edir. D\u00fcn\u0259n gec\u0259 b\u00fct\u00fcn aidiyy\u0259ti qurumlarla, komandanlarla \u0259laq\u0259d\u0259 idim. Bu g\u00fcn s\u0259h\u0259r tezd\u0259n d\u0259 m\u0259n\u0259 operativ m\u0259lumat verilib v\u0259 s\u0259rh\u0259dd\u0259 v\u0259ziyy\u0259t sabitl\u0259\u015fm\u0259yib\u201d. Zerdab.com\u00a0sayt\u0131 x\u0259b\u0259r verir ki, bunu Prezident \u0130lham \u018fliyev iyulun 13-d\u0259 T\u0259hl\u00fck\u0259sizlik \u015euras\u0131n\u0131n iclas\u0131nda \u00e7\u0131x\u0131\u015f\u0131 zaman\u0131 deyib. Prezident vur\u011fulay\u0131b ki, b\u00fct\u00fcn m\u0259suliyy\u0259ti Erm\u0259nistan\u0131n h\u0259rbi-siyasi r\u0259hb\u0259rliyi da\u015f\u0131y\u0131r: \u201c\u00c7\u00fcnki m\u0259hz [&hellip;]\" \/>\n<meta property=\"og:url\" content=\"https:\/\/www.zerdab.com\/?p=28387\" \/>\n<meta property=\"og:site_name\" content=\"Z\u0259rdab.com\" \/>\n<meta property=\"article:published_time\" content=\"2020-07-13T10:30:34+00:00\" \/>\n<meta property=\"article:modified_time\" content=\"2020-07-13T10:30:35+00:00\" \/>\n<meta property=\"og:image\" content=\"https:\/\/www.zerdab.com\/wp-content\/uploads\/2020\/07\/prezident.jpg\" \/>\n\t<meta property=\"og:image:width\" content=\"620\" \/>\n\t<meta property=\"og:image:height\" content=\"444\" \/>\n\t<meta property=\"og:image:type\" content=\"image\/jpeg\" \/>\n<meta name=\"author\" content=\"admin\" \/>\n<meta name=\"twitter:card\" content=\"summary_large_image\" \/>\n<meta name=\"twitter:label1\" content=\"Written by\" \/>\n\t<meta name=\"twitter:data1\" content=\"admin\" \/>\n\t<meta name=\"twitter:label2\" content=\"Est. reading time\" \/>\n\t<meta name=\"twitter:data2\" content=\"1 minute\" \/>\n<script type=\"application\/ld+json\" class=\"yoast-schema-graph\">{\"@context\":\"https:\/\/schema.org\",\"@graph\":[{\"@type\":\"Article\",\"@id\":\"https:\/\/www.zerdab.com\/?p=28387#article\",\"isPartOf\":{\"@id\":\"https:\/\/www.zerdab.com\/?p=28387\"},\"author\":{\"name\":\"admin\",\"@id\":\"https:\/\/www.zerdab.com\/#\/schema\/person\/97079b7570c1e89ec0d9e138c3672136\"},\"headline\":\"D\u00f6vl\u0259t ba\u015f\u00e7\u0131s\u0131: \u201cH\u0259lak olan h\u0259rb\u00e7il\u0259rimizin qisas\u0131 al\u0131nd\u0131\u201d\",\"datePublished\":\"2020-07-13T10:30:34+00:00\",\"dateModified\":\"2020-07-13T10:30:35+00:00\",\"mainEntityOfPage\":{\"@id\":\"https:\/\/www.zerdab.com\/?p=28387\"},\"wordCount\":314,\"commentCount\":0,\"image\":{\"@id\":\"https:\/\/www.zerdab.com\/?p=28387#primaryimage\"},\"thumbnailUrl\":\"https:\/\/www.zerdab.com\/wp-content\/uploads\/2020\/07\/prezident.jpg\",\"articleSection\":[\"MAN\u015eET\",\"X\u018fB\u018fRL\u018fR\"],\"inLanguage\":\"az\",\"potentialAction\":[{\"@type\":\"CommentAction\",\"name\":\"Comment\",\"target\":[\"https:\/\/www.zerdab.com\/?p=28387#respond\"]}]},{\"@type\":\"WebPage\",\"@id\":\"https:\/\/www.zerdab.com\/?p=28387\",\"url\":\"https:\/\/www.zerdab.com\/?p=28387\",\"name\":\"D\u00f6vl\u0259t ba\u015f\u00e7\u0131s\u0131: \u201cH\u0259lak olan h\u0259rb\u00e7il\u0259rimizin qisas\u0131 al\u0131nd\u0131\u201d - Z\u0259rdab.com\",\"isPartOf\":{\"@id\":\"https:\/\/www.zerdab.com\/#website\"},\"primaryImageOfPage\":{\"@id\":\"https:\/\/www.zerdab.com\/?p=28387#primaryimage\"},\"image\":{\"@id\":\"https:\/\/www.zerdab.com\/?p=28387#primaryimage\"},\"thumbnailUrl\":\"https:\/\/www.zerdab.com\/wp-content\/uploads\/2020\/07\/prezident.jpg\",\"datePublished\":\"2020-07-13T10:30:34+00:00\",\"dateModified\":\"2020-07-13T10:30:35+00:00\",\"author\":{\"@id\":\"https:\/\/www.zerdab.com\/#\/schema\/person\/97079b7570c1e89ec0d9e138c3672136\"},\"breadcrumb\":{\"@id\":\"https:\/\/www.zerdab.com\/?p=28387#breadcrumb\"},\"inLanguage\":\"az\",\"potentialAction\":[{\"@type\":\"ReadAction\",\"target\":[\"https:\/\/www.zerdab.com\/?p=28387\"]}]},{\"@type\":\"ImageObject\",\"inLanguage\":\"az\",\"@id\":\"https:\/\/www.zerdab.com\/?p=28387#primaryimage\",\"url\":\"https:\/\/www.zerdab.com\/wp-content\/uploads\/2020\/07\/prezident.jpg\",\"contentUrl\":\"https:\/\/www.zerdab.com\/wp-content\/uploads\/2020\/07\/prezident.jpg\",\"width\":620,\"height\":444},{\"@type\":\"BreadcrumbList\",\"@id\":\"https:\/\/www.zerdab.com\/?p=28387#breadcrumb\",\"itemListElement\":[{\"@type\":\"ListItem\",\"position\":1,\"name\":\"Home\",\"item\":\"https:\/\/www.zerdab.com\/\"},{\"@type\":\"ListItem\",\"position\":2,\"name\":\"D\u00f6vl\u0259t ba\u015f\u00e7\u0131s\u0131: \u201cH\u0259lak olan h\u0259rb\u00e7il\u0259rimizin qisas\u0131 al\u0131nd\u0131\u201d\"}]},{\"@type\":\"WebSite\",\"@id\":\"https:\/\/www.zerdab.com\/#website\",\"url\":\"https:\/\/www.zerdab.com\/\",\"name\":\"Z\u0259rdab.com\",\"description\":\"\",\"potentialAction\":[{\"@type\":\"SearchAction\",\"target\":{\"@type\":\"EntryPoint\",\"urlTemplate\":\"https:\/\/www.zerdab.com\/?s={search_term_string}\"},\"query-input\":{\"@type\":\"PropertyValueSpecification\",\"valueRequired\":true,\"valueName\":\"search_term_string\"}}],\"inLanguage\":\"az\"},{\"@type\":\"Person\",\"@id\":\"https:\/\/www.zerdab.com\/#\/schema\/person\/97079b7570c1e89ec0d9e138c3672136\",\"name\":\"admin\",\"image\":{\"@type\":\"ImageObject\",\"inLanguage\":\"az\",\"@id\":\"https:\/\/www.zerdab.com\/#\/schema\/person\/image\/\",\"url\":\"https:\/\/secure.gravatar.com\/avatar\/d9c52a9a27c32119cb6679a077fa3e2779e5f822c451cbf01098004361d466ec?s=96&d=mm&r=g\",\"contentUrl\":\"https:\/\/secure.gravatar.com\/avatar\/d9c52a9a27c32119cb6679a077fa3e2779e5f822c451cbf01098004361d466ec?s=96&d=mm&r=g\",\"caption\":\"admin\"},\"url\":\"https:\/\/www.zerdab.com\/?author=1\"}]}<\/script>\n<!-- \/ Yoast SEO plugin. -->","yoast_head_json":{"title":"D\u00f6vl\u0259t ba\u015f\u00e7\u0131s\u0131: \u201cH\u0259lak olan h\u0259rb\u00e7il\u0259rimizin qisas\u0131 al\u0131nd\u0131\u201d - Z\u0259rdab.com","robots":{"index":"index","follow":"follow","max-snippet":"max-snippet:-1","max-image-preview":"max-image-preview:large","max-video-preview":"max-video-preview:-1"},"canonical":"https:\/\/www.zerdab.com\/?p=28387","og_locale":"az_AZ","og_type":"article","og_title":"D\u00f6vl\u0259t ba\u015f\u00e7\u0131s\u0131: \u201cH\u0259lak olan h\u0259rb\u00e7il\u0259rimizin qisas\u0131 al\u0131nd\u0131\u201d - Z\u0259rdab.com","og_description":"\u201cBu g\u00fcn s\u0259rh\u0259dd\u0259 g\u0259rgin v\u0259ziyy\u0259t davam edir. D\u00fcn\u0259n gec\u0259 b\u00fct\u00fcn aidiyy\u0259ti qurumlarla, komandanlarla \u0259laq\u0259d\u0259 idim. Bu g\u00fcn s\u0259h\u0259r tezd\u0259n d\u0259 m\u0259n\u0259 operativ m\u0259lumat verilib v\u0259 s\u0259rh\u0259dd\u0259 v\u0259ziyy\u0259t sabitl\u0259\u015fm\u0259yib\u201d. Zerdab.com\u00a0sayt\u0131 x\u0259b\u0259r verir ki, bunu Prezident \u0130lham \u018fliyev iyulun 13-d\u0259 T\u0259hl\u00fck\u0259sizlik \u015euras\u0131n\u0131n iclas\u0131nda \u00e7\u0131x\u0131\u015f\u0131 zaman\u0131 deyib. Prezident vur\u011fulay\u0131b ki, b\u00fct\u00fcn m\u0259suliyy\u0259ti Erm\u0259nistan\u0131n h\u0259rbi-siyasi r\u0259hb\u0259rliyi da\u015f\u0131y\u0131r: \u201c\u00c7\u00fcnki m\u0259hz [&hellip;]","og_url":"https:\/\/www.zerdab.com\/?p=28387","og_site_name":"Z\u0259rdab.com","article_published_time":"2020-07-13T10:30:34+00:00","article_modified_time":"2020-07-13T10:30:35+00:00","og_image":[{"width":620,"height":444,"url":"https:\/\/www.zerdab.com\/wp-content\/uploads\/2020\/07\/prezident.jpg","type":"image\/jpeg"}],"author":"admin","twitter_card":"summary_large_image","twitter_misc":{"Written by":"admin","Est. reading time":"1 minute"},"schema":{"@context":"https:\/\/schema.org","@graph":[{"@type":"Article","@id":"https:\/\/www.zerdab.com\/?p=28387#article","isPartOf":{"@id":"https:\/\/www.zerdab.com\/?p=28387"},"author":{"name":"admin","@id":"https:\/\/www.zerdab.com\/#\/schema\/person\/97079b7570c1e89ec0d9e138c3672136"},"headline":"D\u00f6vl\u0259t ba\u015f\u00e7\u0131s\u0131: \u201cH\u0259lak olan h\u0259rb\u00e7il\u0259rimizin qisas\u0131 al\u0131nd\u0131\u201d","datePublished":"2020-07-13T10:30:34+00:00","dateModified":"2020-07-13T10:30:35+00:00","mainEntityOfPage":{"@id":"https:\/\/www.zerdab.com\/?p=28387"},"wordCount":314,"commentCount":0,"image":{"@id":"https:\/\/www.zerdab.com\/?p=28387#primaryimage"},"thumbnailUrl":"https:\/\/www.zerdab.com\/wp-content\/uploads\/2020\/07\/prezident.jpg","articleSection":["MAN\u015eET","X\u018fB\u018fRL\u018fR"],"inLanguage":"az","potentialAction":[{"@type":"CommentAction","name":"Comment","target":["https:\/\/www.zerdab.com\/?p=28387#respond"]}]},{"@type":"WebPage","@id":"https:\/\/www.zerdab.com\/?p=28387","url":"https:\/\/www.zerdab.com\/?p=28387","name":"D\u00f6vl\u0259t ba\u015f\u00e7\u0131s\u0131: \u201cH\u0259lak olan h\u0259rb\u00e7il\u0259rimizin qisas\u0131 al\u0131nd\u0131\u201d - Z\u0259rdab.com","isPartOf":{"@id":"https:\/\/www.zerdab.com\/#website"},"primaryImageOfPage":{"@id":"https:\/\/www.zerdab.com\/?p=28387#primaryimage"},"image":{"@id":"https:\/\/www.zerdab.com\/?p=28387#primaryimage"},"thumbnailUrl":"https:\/\/www.zerdab.com\/wp-content\/uploads\/2020\/07\/prezident.jpg","datePublished":"2020-07-13T10:30:34+00:00","dateModified":"2020-07-13T10:30:35+00:00","author":{"@id":"https:\/\/www.zerdab.com\/#\/schema\/person\/97079b7570c1e89ec0d9e138c3672136"},"breadcrumb":{"@id":"https:\/\/www.zerdab.com\/?p=28387#breadcrumb"},"inLanguage":"az","potentialAction":[{"@type":"ReadAction","target":["https:\/\/www.zerdab.com\/?p=28387"]}]},{"@type":"ImageObject","inLanguage":"az","@id":"https:\/\/www.zerdab.com\/?p=28387#primaryimage","url":"https:\/\/www.zerdab.com\/wp-content\/uploads\/2020\/07\/prezident.jpg","contentUrl":"https:\/\/www.zerdab.com\/wp-content\/uploads\/2020\/07\/prezident.jpg","width":620,"height":444},{"@type":"BreadcrumbList","@id":"https:\/\/www.zerdab.com\/?p=28387#breadcrumb","itemListElement":[{"@type":"ListItem","position":1,"name":"Home","item":"https:\/\/www.zerdab.com\/"},{"@type":"ListItem","position":2,"name":"D\u00f6vl\u0259t ba\u015f\u00e7\u0131s\u0131: \u201cH\u0259lak olan h\u0259rb\u00e7il\u0259rimizin qisas\u0131 al\u0131nd\u0131\u201d"}]},{"@type":"WebSite","@id":"https:\/\/www.zerdab.com\/#website","url":"https:\/\/www.zerdab.com\/","name":"Z\u0259rdab.com","description":"","potentialAction":[{"@type":"SearchAction","target":{"@type":"EntryPoint","urlTemplate":"https:\/\/www.zerdab.com\/?s={search_term_string}"},"query-input":{"@type":"PropertyValueSpecification","valueRequired":true,"valueName":"search_term_string"}}],"inLanguage":"az"},{"@type":"Person","@id":"https:\/\/www.zerdab.com\/#\/schema\/person\/97079b7570c1e89ec0d9e138c3672136","name":"admin","image":{"@type":"ImageObject","inLanguage":"az","@id":"https:\/\/www.zerdab.com\/#\/schema\/person\/image\/","url":"https:\/\/secure.gravatar.com\/avatar\/d9c52a9a27c32119cb6679a077fa3e2779e5f822c451cbf01098004361d466ec?s=96&d=mm&r=g","contentUrl":"https:\/\/secure.gravatar.com\/avatar\/d9c52a9a27c32119cb6679a077fa3e2779e5f822c451cbf01098004361d466ec?s=96&d=mm&r=g","caption":"admin"},"url":"https:\/\/www.zerdab.com\/?author=1"}]}},"_links":{"self":[{"href":"https:\/\/www.zerdab.com\/index.php?rest_route=\/wp\/v2\/posts\/28387","targetHints":{"allow":["GET"]}}],"collection":[{"href":"https:\/\/www.zerdab.com\/index.php?rest_route=\/wp\/v2\/posts"}],"about":[{"href":"https:\/\/www.zerdab.com\/index.php?rest_route=\/wp\/v2\/types\/post"}],"author":[{"embeddable":true,"href":"https:\/\/www.zerdab.com\/index.php?rest_route=\/wp\/v2\/users\/1"}],"replies":[{"embeddable":true,"href":"https:\/\/www.zerdab.com\/index.php?rest_route=%2Fwp%2Fv2%2Fcomments&post=28387"}],"version-history":[{"count":1,"href":"https:\/\/www.zerdab.com\/index.php?rest_route=\/wp\/v2\/posts\/28387\/revisions"}],"predecessor-version":[{"id":28389,"href":"https:\/\/www.zerdab.com\/index.php?rest_route=\/wp\/v2\/posts\/28387\/revisions\/28389"}],"wp:featuredmedia":[{"embeddable":true,"href":"https:\/\/www.zerdab.com\/index.php?rest_route=\/wp\/v2\/media\/28388"}],"wp:attachment":[{"href":"https:\/\/www.zerdab.com\/index.php?rest_route=%2Fwp%2Fv2%2Fmedia&parent=28387"}],"wp:term":[{"taxonomy":"category","embeddable":true,"href":"https:\/\/www.zerdab.com\/index.php?rest_route=%2Fwp%2Fv2%2Fcategories&post=28387"},{"taxonomy":"post_tag","embeddable":true,"href":"https:\/\/www.zerdab.com\/index.php?rest_route=%2Fwp%2Fv2%2Ftags&post=28387"}],"curies":[{"name":"wp","href":"https:\/\/api.w.org\/{rel}","templated":true}]}}