{"id":28434,"date":"2020-07-15T15:34:04","date_gmt":"2020-07-15T11:34:04","guid":{"rendered":"http:\/\/www.zerdab.com\/?p=28434"},"modified":"2020-07-15T15:34:06","modified_gmt":"2020-07-15T11:34:06","slug":"dovl%c9%99timizin-s%c9%99r%c9%99fli-imtahan-verdiyi-vaxtda-bel%c9%99-bir-hadis%c9%99-olmamali-idi","status":"publish","type":"post","link":"https:\/\/www.zerdab.com\/?p=28434","title":{"rendered":"\u201cD\u00f6vl\u0259timizin \u015f\u0259r\u0259fli imtahan verdiyi vaxtda bel\u0259 bir hadis\u0259 olmamal\u0131 idi\u201d"},"content":{"rendered":"\n<p>\u201c\u0130\u015f\u011fal\u00e7\u0131 v\u0259 t\u0259cav\u00fczkar Erm\u0259nistan bir daha i\u00e7 \u00fcz\u00fcn\u00fc a\u00e7d\u0131, murdar v\u0259 eyb\u0259c\u0259r sif\u0259tini, m\u0259nhus v\u0259 m\u0259nfur mahiyy\u0259tini ortaya qoydu. N\u00f6vb\u0259ti d\u0259f\u0259 at\u0259\u015fk\u0259s rejimini pozaraq, t\u0259xribata, fitn\u0259karl\u0131\u011fa \u0259l atd\u0131, Az\u0259rbaycan-Erm\u0259nistan d\u00f6vl\u0259t s\u0259rh\u0259dinin Tovuz istiqam\u0259tind\u0259ki m\u00f6vqel\u0259rini \u0259l\u0259 ke\u00e7irm\u0259k m\u0259qs\u0259dil\u0259 artilleriya at\u0259\u015fl\u0259rind\u0259n istifad\u0259 ed\u0259r\u0259k h\u00fccuma ke\u00e7m\u0259k c\u0259hdi etdil\u0259r. V\u0259  d\u0259rhal layiqli cavablar\u0131n\u0131 da ald\u0131lar, b\u00f6y\u00fck itkil\u0259r ver\u0259r\u0259k, Az\u0259rbaycan Ordusunun igid, q\u0259hr\u0259man \u0259sg\u0259r v\u0259 zabitl\u0259ri t\u0259r\u0259find\u0259n geri otuzduruldular. Ba\u015fqa c\u00fcr ola da bilm\u0259zdi\u201d. <br> <strong>Zerdab.com<\/strong> sayt\u0131 x\u0259b\u0259r verir ki, bu fikirl\u0259ri mill\u0259t v\u0259kili Jal\u0259 \u018fliyeva s\u0259rh\u0259dd\u0259 ba\u015f ver\u0259n erm\u0259ni t\u0259xribat\u0131n\u0131 \u015f\u0259rh ed\u0259rk\u0259n bildirib. <br> Mill\u0259t v\u0259kili Az\u0259rbaycan Ordusuna d\u0259st\u0259k aksiyas\u0131n\u0131n sonunda ba\u015f ver\u0259n b\u0259zi xo\u015fag\u0259lm\u0259z hadis\u0259l\u0259r\u0259 d\u0259 m\u00fcnasib\u0259tini ifad\u0259 edib.<br> Deputat Jal\u0259 \u018fliyeva y\u00fcr\u00fc\u015f zaman\u0131 t\u0259xribata \u0259l atanlar\u0131n kimliyinin m\u00fc\u0259yy\u0259n edilm\u0259sinin vacibliyini vur\u011fulay\u0131b:<br>  \u201cH\u0259r bir insan\u0131m\u0131z, g\u0259ncimiz v\u0259t\u0259n, torpaq u\u011funda d\u00f6y\u00fc\u015fm\u0259y\u0259 haz\u0131rd\u0131r. D\u00fcn\u0259n ax\u015famdan etibar\u0259n y\u00fcz minl\u0259rl\u0259 insan\u0131n topla\u015fd\u0131\u011f\u0131 n\u00fcmayi\u015fl\u0259r onu g\u00f6st\u0259rdi ki, Az\u0259rbaycan xalq\u0131 h\u0259qiq\u0259t\u0259n d\u0259 m\u00fct\u0259\u015f\u0259kkil olma\u011f\u0131 bacar\u0131r\u201d.<\/p>\n\n\n\n<p>Mill\u0259t v\u0259kili deyib ki, bu g\u00fcn bizim s\u0131naq g\u00fcn\u00fcm\u00fczd\u00fcr: \u201cOtuz il\u0259 yax\u0131nd\u0131r ki, torpaqlar\u0131m\u0131z\u0131n b\u00fct\u00f6vl\u00fcy\u00fc u\u011frunda apard\u0131\u011f\u0131m\u0131z m\u00fcbariz\u0259d\u0259 ordumuzun \u0259sg\u0259r v\u0259 zabitl\u0259rinin \u00f6z s\u00f6z\u00fcn\u00fc dey\u0259r\u0259k, q\u0259hr\u0259manl\u0131qlar\u0131n\u0131 g\u00f6st\u0259r\u0259r\u0259k ir\u0259liy\u0259 do\u011fru getdikl\u0259ri, Ali Ba\u015f Komandan\u0131m\u0131zdan h\u0259r birimiz \u0259mr g\u00f6zl\u0259diyimiz anda d\u00fc\u015f\u00fcn\u00fcr\u00fck ki, daha \u00e7ox s\u0259f\u0259rb\u0259r v\u0259 h\u0259mr\u0259y olmal\u0131y\u0131q. Biz \u0259slind\u0259 bu s\u0259f\u0259rb\u0259rliyi v\u0259 h\u0259mr\u0259yliyi g\u00f6r\u00fcr\u00fck. H\u0259r bir insan\u0131m\u0131z, g\u0259ncimiz v\u0259t\u0259n, torpaq u\u011frunda d\u00f6y\u00fc\u015fm\u0259y\u0259 haz\u0131rd\u0131r\u201d. <\/p>\n\n\n\n<p>Jal\u0259 \u018fliyeva qeyd edib ki, y\u00fcz minl\u0259rl\u0259 insan\u0131n topla\u015fd\u0131\u011f\u0131 n\u00fcmayi\u015fl\u0259r onu g\u00f6st\u0259rdi ki, Az\u0259rbaycan xalq\u0131 m\u00fct\u0259\u015f\u0259kkil olma\u011f\u0131 bacar\u0131r: \u201c\u00c7ox sakit v\u0259 dinc bir y\u00fcr\u00fc\u015f idi, \u0259sas \u015f\u00fcar\u0131 da v\u0259t\u0259n, torpaq v\u0259 c\u0259nab Prezident\u0259n m\u00fcharib\u0259d\u0259 onlar\u0131n i\u015ftirak etm\u0259si \u00fc\u00e7\u00fcn icaz\u0259 ist\u0259nilirdi. Lakin \u00e7ox t\u0259\u0259ss\u00fcfl\u0259r olsun ki, sonradan gec\u0259 saatlar\u0131nda bird\u0259n-bir\u0259 hans\u0131sa t\u0259xribat\u00e7\u0131 \u0259l insanlar\u0131n bir hiss\u0259sini yanl\u0131\u015f istiqam\u0259t\u0259 y\u00f6nl\u0259ndirdi. N\u00fcmayi\u015f da\u011f\u0131lmaq \u00fczr\u0259 ik\u0259n bir topa insan parlament binas\u0131na yol ald\u0131 v\u0259 \u00fcr\u0259ka\u00e7mayan hadis\u0259l\u0259r ba\u015f verdi\u201d. <br> Deputat bu xo\u015fag\u0259lm\u0259z hadis\u0259ni t\u00f6r\u0259d\u0259nl\u0259rin kimliyinin m\u00fc\u0259yy\u0259nl\u0259\u015fdiril\u0259c\u0259yin\u0259 \u0259minliyini ifad\u0259 edib: <br> \u201cParlament \u00f6lk\u0259nin qanunverici orqan\u0131d\u0131r, d\u00f6vl\u0259t qurumudur v\u0259 erm\u0259ni orda yox, s\u0259ng\u0259rd\u0259dir. S\u0259ng\u0259r yerin\u0259 Milli M\u0259clisi h\u0259d\u0259f g\u00f6t\u00fcrm\u0259k m\u0259n\u0259 el\u0259 g\u0259lir ki, bir t\u0259xribat\u0131n izi idi. Bel\u0259 bir m\u0259qamda, \u00f6lk\u0259mizin, xalq\u0131m\u0131z\u0131n, d\u00f6vl\u0259timizin \u015f\u0259r\u0259fli bir imtahan verdiyi, general\u0131m\u0131z\u0131n, zabitimizin \u015f\u0259hid oldu\u011fu bir zamanda d\u00fc\u015f\u00fcn\u00fcr\u00fck ki, bel\u0259 bir hadis\u0259 olmamal\u0131 idi\u201d.<br> <strong>Zerdab.com<\/strong><\/p>\n","protected":false},"excerpt":{"rendered":"<p>\u201c\u0130\u015f\u011fal\u00e7\u0131 v\u0259 t\u0259cav\u00fczkar Erm\u0259nistan bir daha i\u00e7 \u00fcz\u00fcn\u00fc a\u00e7d\u0131, murdar v\u0259 eyb\u0259c\u0259r sif\u0259tini, m\u0259nhus v\u0259 m\u0259nfur mahiyy\u0259tini ortaya qoydu. N\u00f6vb\u0259ti d\u0259f\u0259 at\u0259\u015fk\u0259s rejimini pozaraq, t\u0259xribata, fitn\u0259karl\u0131\u011fa \u0259l atd\u0131, Az\u0259rbaycan-Erm\u0259nistan d\u00f6vl\u0259t s\u0259rh\u0259dinin Tovuz istiqam\u0259tind\u0259ki m\u00f6vqel\u0259rini \u0259l\u0259 ke\u00e7irm\u0259k m\u0259qs\u0259dil\u0259 artilleriya at\u0259\u015fl\u0259rind\u0259n istifad\u0259 ed\u0259r\u0259k h\u00fccuma ke\u00e7m\u0259k c\u0259hdi etdil\u0259r. V\u0259 d\u0259rhal layiqli cavablar\u0131n\u0131 da ald\u0131lar, b\u00f6y\u00fck itkil\u0259r ver\u0259r\u0259k, Az\u0259rbaycan [&hellip;]<\/p>\n","protected":false},"author":1,"featured_media":0,"comment_status":"open","ping_status":"open","sticky":false,"template":"","format":"standard","meta":{"footnotes":""},"categories":[63,5],"tags":[],"class_list":{"0":"post-28434","1":"post","2":"type-post","3":"status-publish","4":"format-standard","6":"category-manset","7":"category-knd"},"yoast_head":"<!-- This site is optimized with the Yoast SEO plugin v27.0 - https:\/\/yoast.com\/product\/yoast-seo-wordpress\/ -->\n<title>\u201cD\u00f6vl\u0259timizin \u015f\u0259r\u0259fli imtahan verdiyi vaxtda bel\u0259 bir hadis\u0259 olmamal\u0131 idi\u201d - Z\u0259rdab.com<\/title>\n<meta name=\"robots\" content=\"index, follow, max-snippet:-1, max-image-preview:large, max-video-preview:-1\" \/>\n<link rel=\"canonical\" href=\"https:\/\/www.zerdab.com\/?p=28434\" \/>\n<meta property=\"og:locale\" content=\"az_AZ\" \/>\n<meta property=\"og:type\" content=\"article\" \/>\n<meta property=\"og:title\" content=\"\u201cD\u00f6vl\u0259timizin \u015f\u0259r\u0259fli imtahan verdiyi vaxtda bel\u0259 bir hadis\u0259 olmamal\u0131 idi\u201d - Z\u0259rdab.com\" \/>\n<meta property=\"og:description\" content=\"\u201c\u0130\u015f\u011fal\u00e7\u0131 v\u0259 t\u0259cav\u00fczkar Erm\u0259nistan bir daha i\u00e7 \u00fcz\u00fcn\u00fc a\u00e7d\u0131, murdar v\u0259 eyb\u0259c\u0259r sif\u0259tini, m\u0259nhus v\u0259 m\u0259nfur mahiyy\u0259tini ortaya qoydu. N\u00f6vb\u0259ti d\u0259f\u0259 at\u0259\u015fk\u0259s rejimini pozaraq, t\u0259xribata, fitn\u0259karl\u0131\u011fa \u0259l atd\u0131, Az\u0259rbaycan-Erm\u0259nistan d\u00f6vl\u0259t s\u0259rh\u0259dinin Tovuz istiqam\u0259tind\u0259ki m\u00f6vqel\u0259rini \u0259l\u0259 ke\u00e7irm\u0259k m\u0259qs\u0259dil\u0259 artilleriya at\u0259\u015fl\u0259rind\u0259n istifad\u0259 ed\u0259r\u0259k h\u00fccuma ke\u00e7m\u0259k c\u0259hdi etdil\u0259r. V\u0259 d\u0259rhal layiqli cavablar\u0131n\u0131 da ald\u0131lar, b\u00f6y\u00fck itkil\u0259r ver\u0259r\u0259k, Az\u0259rbaycan [&hellip;]\" \/>\n<meta property=\"og:url\" content=\"https:\/\/www.zerdab.com\/?p=28434\" \/>\n<meta property=\"og:site_name\" content=\"Z\u0259rdab.com\" \/>\n<meta property=\"article:published_time\" content=\"2020-07-15T11:34:04+00:00\" \/>\n<meta property=\"article:modified_time\" content=\"2020-07-15T11:34:06+00:00\" \/>\n<meta name=\"author\" content=\"admin\" \/>\n<meta name=\"twitter:card\" content=\"summary_large_image\" \/>\n<meta name=\"twitter:label1\" content=\"Written by\" \/>\n\t<meta name=\"twitter:data1\" content=\"admin\" \/>\n\t<meta name=\"twitter:label2\" content=\"Est. reading time\" \/>\n\t<meta name=\"twitter:data2\" content=\"3 minutes\" \/>\n<script type=\"application\/ld+json\" class=\"yoast-schema-graph\">{\"@context\":\"https:\/\/schema.org\",\"@graph\":[{\"@type\":\"Article\",\"@id\":\"https:\/\/www.zerdab.com\/?p=28434#article\",\"isPartOf\":{\"@id\":\"https:\/\/www.zerdab.com\/?p=28434\"},\"author\":{\"name\":\"admin\",\"@id\":\"https:\/\/www.zerdab.com\/#\/schema\/person\/97079b7570c1e89ec0d9e138c3672136\"},\"headline\":\"\u201cD\u00f6vl\u0259timizin \u015f\u0259r\u0259fli imtahan verdiyi vaxtda bel\u0259 bir hadis\u0259 olmamal\u0131 idi\u201d\",\"datePublished\":\"2020-07-15T11:34:04+00:00\",\"dateModified\":\"2020-07-15T11:34:06+00:00\",\"mainEntityOfPage\":{\"@id\":\"https:\/\/www.zerdab.com\/?p=28434\"},\"wordCount\":651,\"commentCount\":0,\"articleSection\":[\"MAN\u015eET\",\"X\u018fB\u018fRL\u018fR\"],\"inLanguage\":\"az\",\"potentialAction\":[{\"@type\":\"CommentAction\",\"name\":\"Comment\",\"target\":[\"https:\/\/www.zerdab.com\/?p=28434#respond\"]}]},{\"@type\":\"WebPage\",\"@id\":\"https:\/\/www.zerdab.com\/?p=28434\",\"url\":\"https:\/\/www.zerdab.com\/?p=28434\",\"name\":\"\u201cD\u00f6vl\u0259timizin \u015f\u0259r\u0259fli imtahan verdiyi vaxtda bel\u0259 bir hadis\u0259 olmamal\u0131 idi\u201d - Z\u0259rdab.com\",\"isPartOf\":{\"@id\":\"https:\/\/www.zerdab.com\/#website\"},\"datePublished\":\"2020-07-15T11:34:04+00:00\",\"dateModified\":\"2020-07-15T11:34:06+00:00\",\"author\":{\"@id\":\"https:\/\/www.zerdab.com\/#\/schema\/person\/97079b7570c1e89ec0d9e138c3672136\"},\"breadcrumb\":{\"@id\":\"https:\/\/www.zerdab.com\/?p=28434#breadcrumb\"},\"inLanguage\":\"az\",\"potentialAction\":[{\"@type\":\"ReadAction\",\"target\":[\"https:\/\/www.zerdab.com\/?p=28434\"]}]},{\"@type\":\"BreadcrumbList\",\"@id\":\"https:\/\/www.zerdab.com\/?p=28434#breadcrumb\",\"itemListElement\":[{\"@type\":\"ListItem\",\"position\":1,\"name\":\"Home\",\"item\":\"https:\/\/www.zerdab.com\/\"},{\"@type\":\"ListItem\",\"position\":2,\"name\":\"\u201cD\u00f6vl\u0259timizin \u015f\u0259r\u0259fli imtahan verdiyi vaxtda bel\u0259 bir hadis\u0259 olmamal\u0131 idi\u201d\"}]},{\"@type\":\"WebSite\",\"@id\":\"https:\/\/www.zerdab.com\/#website\",\"url\":\"https:\/\/www.zerdab.com\/\",\"name\":\"Z\u0259rdab.com\",\"description\":\"\",\"potentialAction\":[{\"@type\":\"SearchAction\",\"target\":{\"@type\":\"EntryPoint\",\"urlTemplate\":\"https:\/\/www.zerdab.com\/?s={search_term_string}\"},\"query-input\":{\"@type\":\"PropertyValueSpecification\",\"valueRequired\":true,\"valueName\":\"search_term_string\"}}],\"inLanguage\":\"az\"},{\"@type\":\"Person\",\"@id\":\"https:\/\/www.zerdab.com\/#\/schema\/person\/97079b7570c1e89ec0d9e138c3672136\",\"name\":\"admin\",\"image\":{\"@type\":\"ImageObject\",\"inLanguage\":\"az\",\"@id\":\"https:\/\/www.zerdab.com\/#\/schema\/person\/image\/\",\"url\":\"https:\/\/secure.gravatar.com\/avatar\/d9c52a9a27c32119cb6679a077fa3e2779e5f822c451cbf01098004361d466ec?s=96&d=mm&r=g\",\"contentUrl\":\"https:\/\/secure.gravatar.com\/avatar\/d9c52a9a27c32119cb6679a077fa3e2779e5f822c451cbf01098004361d466ec?s=96&d=mm&r=g\",\"caption\":\"admin\"},\"url\":\"https:\/\/www.zerdab.com\/?author=1\"}]}<\/script>\n<!-- \/ Yoast SEO plugin. -->","yoast_head_json":{"title":"\u201cD\u00f6vl\u0259timizin \u015f\u0259r\u0259fli imtahan verdiyi vaxtda bel\u0259 bir hadis\u0259 olmamal\u0131 idi\u201d - Z\u0259rdab.com","robots":{"index":"index","follow":"follow","max-snippet":"max-snippet:-1","max-image-preview":"max-image-preview:large","max-video-preview":"max-video-preview:-1"},"canonical":"https:\/\/www.zerdab.com\/?p=28434","og_locale":"az_AZ","og_type":"article","og_title":"\u201cD\u00f6vl\u0259timizin \u015f\u0259r\u0259fli imtahan verdiyi vaxtda bel\u0259 bir hadis\u0259 olmamal\u0131 idi\u201d - Z\u0259rdab.com","og_description":"\u201c\u0130\u015f\u011fal\u00e7\u0131 v\u0259 t\u0259cav\u00fczkar Erm\u0259nistan bir daha i\u00e7 \u00fcz\u00fcn\u00fc a\u00e7d\u0131, murdar v\u0259 eyb\u0259c\u0259r sif\u0259tini, m\u0259nhus v\u0259 m\u0259nfur mahiyy\u0259tini ortaya qoydu. N\u00f6vb\u0259ti d\u0259f\u0259 at\u0259\u015fk\u0259s rejimini pozaraq, t\u0259xribata, fitn\u0259karl\u0131\u011fa \u0259l atd\u0131, Az\u0259rbaycan-Erm\u0259nistan d\u00f6vl\u0259t s\u0259rh\u0259dinin Tovuz istiqam\u0259tind\u0259ki m\u00f6vqel\u0259rini \u0259l\u0259 ke\u00e7irm\u0259k m\u0259qs\u0259dil\u0259 artilleriya at\u0259\u015fl\u0259rind\u0259n istifad\u0259 ed\u0259r\u0259k h\u00fccuma ke\u00e7m\u0259k c\u0259hdi etdil\u0259r. V\u0259 d\u0259rhal layiqli cavablar\u0131n\u0131 da ald\u0131lar, b\u00f6y\u00fck itkil\u0259r ver\u0259r\u0259k, Az\u0259rbaycan [&hellip;]","og_url":"https:\/\/www.zerdab.com\/?p=28434","og_site_name":"Z\u0259rdab.com","article_published_time":"2020-07-15T11:34:04+00:00","article_modified_time":"2020-07-15T11:34:06+00:00","author":"admin","twitter_card":"summary_large_image","twitter_misc":{"Written by":"admin","Est. reading time":"3 minutes"},"schema":{"@context":"https:\/\/schema.org","@graph":[{"@type":"Article","@id":"https:\/\/www.zerdab.com\/?p=28434#article","isPartOf":{"@id":"https:\/\/www.zerdab.com\/?p=28434"},"author":{"name":"admin","@id":"https:\/\/www.zerdab.com\/#\/schema\/person\/97079b7570c1e89ec0d9e138c3672136"},"headline":"\u201cD\u00f6vl\u0259timizin \u015f\u0259r\u0259fli imtahan verdiyi vaxtda bel\u0259 bir hadis\u0259 olmamal\u0131 idi\u201d","datePublished":"2020-07-15T11:34:04+00:00","dateModified":"2020-07-15T11:34:06+00:00","mainEntityOfPage":{"@id":"https:\/\/www.zerdab.com\/?p=28434"},"wordCount":651,"commentCount":0,"articleSection":["MAN\u015eET","X\u018fB\u018fRL\u018fR"],"inLanguage":"az","potentialAction":[{"@type":"CommentAction","name":"Comment","target":["https:\/\/www.zerdab.com\/?p=28434#respond"]}]},{"@type":"WebPage","@id":"https:\/\/www.zerdab.com\/?p=28434","url":"https:\/\/www.zerdab.com\/?p=28434","name":"\u201cD\u00f6vl\u0259timizin \u015f\u0259r\u0259fli imtahan verdiyi vaxtda bel\u0259 bir hadis\u0259 olmamal\u0131 idi\u201d - Z\u0259rdab.com","isPartOf":{"@id":"https:\/\/www.zerdab.com\/#website"},"datePublished":"2020-07-15T11:34:04+00:00","dateModified":"2020-07-15T11:34:06+00:00","author":{"@id":"https:\/\/www.zerdab.com\/#\/schema\/person\/97079b7570c1e89ec0d9e138c3672136"},"breadcrumb":{"@id":"https:\/\/www.zerdab.com\/?p=28434#breadcrumb"},"inLanguage":"az","potentialAction":[{"@type":"ReadAction","target":["https:\/\/www.zerdab.com\/?p=28434"]}]},{"@type":"BreadcrumbList","@id":"https:\/\/www.zerdab.com\/?p=28434#breadcrumb","itemListElement":[{"@type":"ListItem","position":1,"name":"Home","item":"https:\/\/www.zerdab.com\/"},{"@type":"ListItem","position":2,"name":"\u201cD\u00f6vl\u0259timizin \u015f\u0259r\u0259fli imtahan verdiyi vaxtda bel\u0259 bir hadis\u0259 olmamal\u0131 idi\u201d"}]},{"@type":"WebSite","@id":"https:\/\/www.zerdab.com\/#website","url":"https:\/\/www.zerdab.com\/","name":"Z\u0259rdab.com","description":"","potentialAction":[{"@type":"SearchAction","target":{"@type":"EntryPoint","urlTemplate":"https:\/\/www.zerdab.com\/?s={search_term_string}"},"query-input":{"@type":"PropertyValueSpecification","valueRequired":true,"valueName":"search_term_string"}}],"inLanguage":"az"},{"@type":"Person","@id":"https:\/\/www.zerdab.com\/#\/schema\/person\/97079b7570c1e89ec0d9e138c3672136","name":"admin","image":{"@type":"ImageObject","inLanguage":"az","@id":"https:\/\/www.zerdab.com\/#\/schema\/person\/image\/","url":"https:\/\/secure.gravatar.com\/avatar\/d9c52a9a27c32119cb6679a077fa3e2779e5f822c451cbf01098004361d466ec?s=96&d=mm&r=g","contentUrl":"https:\/\/secure.gravatar.com\/avatar\/d9c52a9a27c32119cb6679a077fa3e2779e5f822c451cbf01098004361d466ec?s=96&d=mm&r=g","caption":"admin"},"url":"https:\/\/www.zerdab.com\/?author=1"}]}},"_links":{"self":[{"href":"https:\/\/www.zerdab.com\/index.php?rest_route=\/wp\/v2\/posts\/28434","targetHints":{"allow":["GET"]}}],"collection":[{"href":"https:\/\/www.zerdab.com\/index.php?rest_route=\/wp\/v2\/posts"}],"about":[{"href":"https:\/\/www.zerdab.com\/index.php?rest_route=\/wp\/v2\/types\/post"}],"author":[{"embeddable":true,"href":"https:\/\/www.zerdab.com\/index.php?rest_route=\/wp\/v2\/users\/1"}],"replies":[{"embeddable":true,"href":"https:\/\/www.zerdab.com\/index.php?rest_route=%2Fwp%2Fv2%2Fcomments&post=28434"}],"version-history":[{"count":1,"href":"https:\/\/www.zerdab.com\/index.php?rest_route=\/wp\/v2\/posts\/28434\/revisions"}],"predecessor-version":[{"id":28435,"href":"https:\/\/www.zerdab.com\/index.php?rest_route=\/wp\/v2\/posts\/28434\/revisions\/28435"}],"wp:attachment":[{"href":"https:\/\/www.zerdab.com\/index.php?rest_route=%2Fwp%2Fv2%2Fmedia&parent=28434"}],"wp:term":[{"taxonomy":"category","embeddable":true,"href":"https:\/\/www.zerdab.com\/index.php?rest_route=%2Fwp%2Fv2%2Fcategories&post=28434"},{"taxonomy":"post_tag","embeddable":true,"href":"https:\/\/www.zerdab.com\/index.php?rest_route=%2Fwp%2Fv2%2Ftags&post=28434"}],"curies":[{"name":"wp","href":"https:\/\/api.w.org\/{rel}","templated":true}]}}