{"id":28436,"date":"2020-07-16T13:49:25","date_gmt":"2020-07-16T09:49:25","guid":{"rendered":"http:\/\/www.zerdab.com\/?p=28436"},"modified":"2020-07-16T14:45:58","modified_gmt":"2020-07-16T10:45:58","slug":"prezidentin-cagirisindan-sonra-minl%c9%99rl%c9%99-g%c9%99nc-s%c9%99f%c9%99rb%c9%99rlik-ucun-qeydiyyata-alinir","status":"publish","type":"post","link":"https:\/\/www.zerdab.com\/?p=28436","title":{"rendered":"Prezidentin \u00e7a\u011f\u0131r\u0131\u015f\u0131ndan sonra minl\u0259rl\u0259 g\u0259nc k\u00f6n\u00fcll\u00fc qeydiyyata yaz\u0131l\u0131r"},"content":{"rendered":"\n<p><strong>\u201c\u0130yulun 15-d\u0259 Nazirl\u0259r Kabinetinin 2020-ci ilin birinci yar\u0131s\u0131n\u0131n sosial-iqtisadi inki\u015faf\u0131n\u0131n yekunlar\u0131na v\u0259 qar\u015f\u0131da duran v\u0259zif\u0259l\u0259r\u0259 h\u0259sr olunan iclas\u0131nda \u201c\u018fg\u0259r kims\u0259, hans\u0131sa v\u0259t\u0259np\u0259rv\u0259r insan orduda xidm\u0259t etm\u0259k ist\u0259yirs\u0259, m\u0259n bunu ancaq alq\u0131\u015flay\u0131ram\u201d,-dey\u0259n Az\u0259rbaycan Prezidenti c\u0259nab \u0130lham \u018fliyevin \u00e7a\u011f\u0131r\u0131\u015f\u0131na s\u0259s ver\u0259n minl\u0259rl\u0259 g\u0259nc S\u0259f\u0259rb\u0259rlik v\u0259 H\u0259rbi Xidm\u0259t\u0259 \u00c7a\u011f\u0131r\u0131\u015f \u00fczr\u0259 D\u00f6vl\u0259t Xidm\u0259tinin qeydiyyatda olduqlar\u0131 yerli idar\u0259, \u015f\u00f6b\u0259 v\u0259 b\u00f6lm\u0259l\u0259rin\u0259 g\u0259l\u0259r\u0259k k\u00f6n\u00fcll\u00fc olaraq orduda xidm\u0259t etm\u0259k haqq\u0131nda \u00f6z arzular\u0131n\u0131 ifad\u0259 edir v\u0259 m\u00fcvafiq qaydada qeydiyyata al\u0131n\u0131rlar\u201d.<\/strong><\/p>\n\n\n\n<p> <br><strong>Zerdab.com<\/strong>&nbsp;sayt\u0131 x\u0259b\u0259r verir ki, bu bar\u0259d\u0259 S\u0259f\u0259rb\u0259rlik v\u0259 H\u0259rbi Xidm\u0259t\u0259 \u00c7a\u011f\u0131r\u0131\u015f \u00fczr\u0259 D\u00f6vl\u0259t Xidm\u0259ti m\u0259lumat yay\u0131b.                                          \u201cS\u0259f\u0259rb\u0259rlik v\u0259 H\u0259rbi Xidm\u0259t\u0259 \u00c7a\u011f\u0131r\u0131\u015f \u00fczr\u0259 D\u00f6vl\u0259t Xidm\u0259ti v\u0259t\u0259nda\u015flar\u0131m\u0131za g\u00f6st\u0259rdikl\u0259ri y\u00fcks\u0259k v\u0259t\u0259np\u0259rv\u0259rliy\u0259 g\u00f6r\u0259 t\u0259\u015f\u0259kk\u00fcr\u00fcn\u00fc bildirir. Bir daha xat\u0131rlad\u0131r ki, hal-haz\u0131rda Az\u0259rbaycan Silahl\u0131 Q\u00fcvv\u0259l\u0259ri qanunvericiliyin t\u0259l\u0259bl\u0259rin\u0259 uy\u011fun olaraq komplektl\u0259\u015fdirilib. Az\u0259rbaycan Respublikas\u0131n\u0131n \u0259razi b\u00fct\u00f6vl\u00fcy\u00fcn\u00fcn m\u00fcdafi\u0259si Az\u0259rbaycan Ordusu t\u0259r\u0259find\u0259n tam t\u0259min edilir. Z\u0259rur\u0259t yarand\u0131\u011f\u0131 halda ehtiyatda olan h\u0259rbi v\u0259zif\u0259lil\u0259r m\u00f6vcud qanunvericiliyin t\u0259l\u0259bl\u0259rin\u0259 \u0259sas\u0259n Xidm\u0259tin yerli struktur b\u00f6lm\u0259l\u0259rin\u0259 \u00e7a\u011f\u0131r\u0131laraq \u00f6lk\u0259nin m\u00fcdafi\u0259sinin v\u0259 d\u00f6vl\u0259tin t\u0259hl\u00fck\u0259sizliyinin t\u0259min edilm\u0259si m\u0259qs\u0259dil\u0259 m\u00fcvafiq t\u0259dbirl\u0259r\u0259 c\u0259lb edil\u0259 bil\u0259rl\u0259r\u201d -, dey\u0259 a\u00e7\u0131qlamada bildirilib.&nbsp;<\/p>\n","protected":false},"excerpt":{"rendered":"<p>\u201c\u0130yulun 15-d\u0259 Nazirl\u0259r Kabinetinin 2020-ci ilin birinci yar\u0131s\u0131n\u0131n sosial-iqtisadi inki\u015faf\u0131n\u0131n yekunlar\u0131na v\u0259 qar\u015f\u0131da duran v\u0259zif\u0259l\u0259r\u0259 h\u0259sr olunan iclas\u0131nda \u201c\u018fg\u0259r kims\u0259, hans\u0131sa v\u0259t\u0259np\u0259rv\u0259r insan orduda xidm\u0259t etm\u0259k ist\u0259yirs\u0259, m\u0259n bunu ancaq alq\u0131\u015flay\u0131ram\u201d,-dey\u0259n Az\u0259rbaycan Prezidenti c\u0259nab \u0130lham \u018fliyevin \u00e7a\u011f\u0131r\u0131\u015f\u0131na s\u0259s ver\u0259n minl\u0259rl\u0259 g\u0259nc S\u0259f\u0259rb\u0259rlik v\u0259 H\u0259rbi Xidm\u0259t\u0259 \u00c7a\u011f\u0131r\u0131\u015f \u00fczr\u0259 D\u00f6vl\u0259t Xidm\u0259tinin qeydiyyatda olduqlar\u0131 yerli idar\u0259, \u015f\u00f6b\u0259 v\u0259 [&hellip;]<\/p>\n","protected":false},"author":1,"featured_media":28388,"comment_status":"open","ping_status":"open","sticky":false,"template":"","format":"standard","meta":{"footnotes":""},"categories":[63,5],"tags":[],"class_list":{"0":"post-28436","1":"post","2":"type-post","3":"status-publish","4":"format-standard","5":"has-post-thumbnail","7":"category-manset","8":"category-knd"},"yoast_head":"<!-- This site is optimized with the Yoast SEO plugin v27.0 - https:\/\/yoast.com\/product\/yoast-seo-wordpress\/ -->\n<title>Prezidentin \u00e7a\u011f\u0131r\u0131\u015f\u0131ndan sonra minl\u0259rl\u0259 g\u0259nc k\u00f6n\u00fcll\u00fc qeydiyyata yaz\u0131l\u0131r - Z\u0259rdab.com<\/title>\n<meta name=\"robots\" content=\"index, follow, max-snippet:-1, max-image-preview:large, max-video-preview:-1\" \/>\n<link rel=\"canonical\" href=\"https:\/\/www.zerdab.com\/?p=28436\" \/>\n<meta property=\"og:locale\" content=\"az_AZ\" \/>\n<meta property=\"og:type\" content=\"article\" \/>\n<meta property=\"og:title\" content=\"Prezidentin \u00e7a\u011f\u0131r\u0131\u015f\u0131ndan sonra minl\u0259rl\u0259 g\u0259nc k\u00f6n\u00fcll\u00fc qeydiyyata yaz\u0131l\u0131r - Z\u0259rdab.com\" \/>\n<meta property=\"og:description\" content=\"\u201c\u0130yulun 15-d\u0259 Nazirl\u0259r Kabinetinin 2020-ci ilin birinci yar\u0131s\u0131n\u0131n sosial-iqtisadi inki\u015faf\u0131n\u0131n yekunlar\u0131na v\u0259 qar\u015f\u0131da duran v\u0259zif\u0259l\u0259r\u0259 h\u0259sr olunan iclas\u0131nda \u201c\u018fg\u0259r kims\u0259, hans\u0131sa v\u0259t\u0259np\u0259rv\u0259r insan orduda xidm\u0259t etm\u0259k ist\u0259yirs\u0259, m\u0259n bunu ancaq alq\u0131\u015flay\u0131ram\u201d,-dey\u0259n Az\u0259rbaycan Prezidenti c\u0259nab \u0130lham \u018fliyevin \u00e7a\u011f\u0131r\u0131\u015f\u0131na s\u0259s ver\u0259n minl\u0259rl\u0259 g\u0259nc S\u0259f\u0259rb\u0259rlik v\u0259 H\u0259rbi Xidm\u0259t\u0259 \u00c7a\u011f\u0131r\u0131\u015f \u00fczr\u0259 D\u00f6vl\u0259t Xidm\u0259tinin qeydiyyatda olduqlar\u0131 yerli idar\u0259, \u015f\u00f6b\u0259 v\u0259 [&hellip;]\" \/>\n<meta property=\"og:url\" content=\"https:\/\/www.zerdab.com\/?p=28436\" \/>\n<meta property=\"og:site_name\" content=\"Z\u0259rdab.com\" \/>\n<meta property=\"article:published_time\" content=\"2020-07-16T09:49:25+00:00\" \/>\n<meta property=\"article:modified_time\" content=\"2020-07-16T10:45:58+00:00\" \/>\n<meta property=\"og:image\" content=\"https:\/\/www.zerdab.com\/wp-content\/uploads\/2020\/07\/prezident.jpg\" \/>\n\t<meta property=\"og:image:width\" content=\"620\" \/>\n\t<meta property=\"og:image:height\" content=\"444\" \/>\n\t<meta property=\"og:image:type\" content=\"image\/jpeg\" \/>\n<meta name=\"author\" content=\"admin\" \/>\n<meta name=\"twitter:card\" content=\"summary_large_image\" \/>\n<meta name=\"twitter:label1\" content=\"Written by\" \/>\n\t<meta name=\"twitter:data1\" content=\"admin\" \/>\n\t<meta name=\"twitter:label2\" content=\"Est. reading time\" \/>\n\t<meta name=\"twitter:data2\" content=\"2 minutes\" \/>\n<script type=\"application\/ld+json\" class=\"yoast-schema-graph\">{\"@context\":\"https:\/\/schema.org\",\"@graph\":[{\"@type\":\"Article\",\"@id\":\"https:\/\/www.zerdab.com\/?p=28436#article\",\"isPartOf\":{\"@id\":\"https:\/\/www.zerdab.com\/?p=28436\"},\"author\":{\"name\":\"admin\",\"@id\":\"https:\/\/www.zerdab.com\/#\/schema\/person\/97079b7570c1e89ec0d9e138c3672136\"},\"headline\":\"Prezidentin \u00e7a\u011f\u0131r\u0131\u015f\u0131ndan sonra minl\u0259rl\u0259 g\u0259nc k\u00f6n\u00fcll\u00fc qeydiyyata yaz\u0131l\u0131r\",\"datePublished\":\"2020-07-16T09:49:25+00:00\",\"dateModified\":\"2020-07-16T10:45:58+00:00\",\"mainEntityOfPage\":{\"@id\":\"https:\/\/www.zerdab.com\/?p=28436\"},\"wordCount\":344,\"commentCount\":0,\"image\":{\"@id\":\"https:\/\/www.zerdab.com\/?p=28436#primaryimage\"},\"thumbnailUrl\":\"https:\/\/www.zerdab.com\/wp-content\/uploads\/2020\/07\/prezident.jpg\",\"articleSection\":[\"MAN\u015eET\",\"X\u018fB\u018fRL\u018fR\"],\"inLanguage\":\"az\",\"potentialAction\":[{\"@type\":\"CommentAction\",\"name\":\"Comment\",\"target\":[\"https:\/\/www.zerdab.com\/?p=28436#respond\"]}]},{\"@type\":\"WebPage\",\"@id\":\"https:\/\/www.zerdab.com\/?p=28436\",\"url\":\"https:\/\/www.zerdab.com\/?p=28436\",\"name\":\"Prezidentin \u00e7a\u011f\u0131r\u0131\u015f\u0131ndan sonra minl\u0259rl\u0259 g\u0259nc k\u00f6n\u00fcll\u00fc qeydiyyata yaz\u0131l\u0131r - Z\u0259rdab.com\",\"isPartOf\":{\"@id\":\"https:\/\/www.zerdab.com\/#website\"},\"primaryImageOfPage\":{\"@id\":\"https:\/\/www.zerdab.com\/?p=28436#primaryimage\"},\"image\":{\"@id\":\"https:\/\/www.zerdab.com\/?p=28436#primaryimage\"},\"thumbnailUrl\":\"https:\/\/www.zerdab.com\/wp-content\/uploads\/2020\/07\/prezident.jpg\",\"datePublished\":\"2020-07-16T09:49:25+00:00\",\"dateModified\":\"2020-07-16T10:45:58+00:00\",\"author\":{\"@id\":\"https:\/\/www.zerdab.com\/#\/schema\/person\/97079b7570c1e89ec0d9e138c3672136\"},\"breadcrumb\":{\"@id\":\"https:\/\/www.zerdab.com\/?p=28436#breadcrumb\"},\"inLanguage\":\"az\",\"potentialAction\":[{\"@type\":\"ReadAction\",\"target\":[\"https:\/\/www.zerdab.com\/?p=28436\"]}]},{\"@type\":\"ImageObject\",\"inLanguage\":\"az\",\"@id\":\"https:\/\/www.zerdab.com\/?p=28436#primaryimage\",\"url\":\"https:\/\/www.zerdab.com\/wp-content\/uploads\/2020\/07\/prezident.jpg\",\"contentUrl\":\"https:\/\/www.zerdab.com\/wp-content\/uploads\/2020\/07\/prezident.jpg\",\"width\":620,\"height\":444},{\"@type\":\"BreadcrumbList\",\"@id\":\"https:\/\/www.zerdab.com\/?p=28436#breadcrumb\",\"itemListElement\":[{\"@type\":\"ListItem\",\"position\":1,\"name\":\"Home\",\"item\":\"https:\/\/www.zerdab.com\/\"},{\"@type\":\"ListItem\",\"position\":2,\"name\":\"Prezidentin \u00e7a\u011f\u0131r\u0131\u015f\u0131ndan sonra minl\u0259rl\u0259 g\u0259nc k\u00f6n\u00fcll\u00fc qeydiyyata yaz\u0131l\u0131r\"}]},{\"@type\":\"WebSite\",\"@id\":\"https:\/\/www.zerdab.com\/#website\",\"url\":\"https:\/\/www.zerdab.com\/\",\"name\":\"Z\u0259rdab.com\",\"description\":\"\",\"potentialAction\":[{\"@type\":\"SearchAction\",\"target\":{\"@type\":\"EntryPoint\",\"urlTemplate\":\"https:\/\/www.zerdab.com\/?s={search_term_string}\"},\"query-input\":{\"@type\":\"PropertyValueSpecification\",\"valueRequired\":true,\"valueName\":\"search_term_string\"}}],\"inLanguage\":\"az\"},{\"@type\":\"Person\",\"@id\":\"https:\/\/www.zerdab.com\/#\/schema\/person\/97079b7570c1e89ec0d9e138c3672136\",\"name\":\"admin\",\"image\":{\"@type\":\"ImageObject\",\"inLanguage\":\"az\",\"@id\":\"https:\/\/www.zerdab.com\/#\/schema\/person\/image\/\",\"url\":\"https:\/\/secure.gravatar.com\/avatar\/d9c52a9a27c32119cb6679a077fa3e2779e5f822c451cbf01098004361d466ec?s=96&d=mm&r=g\",\"contentUrl\":\"https:\/\/secure.gravatar.com\/avatar\/d9c52a9a27c32119cb6679a077fa3e2779e5f822c451cbf01098004361d466ec?s=96&d=mm&r=g\",\"caption\":\"admin\"},\"url\":\"https:\/\/www.zerdab.com\/?author=1\"}]}<\/script>\n<!-- \/ Yoast SEO plugin. -->","yoast_head_json":{"title":"Prezidentin \u00e7a\u011f\u0131r\u0131\u015f\u0131ndan sonra minl\u0259rl\u0259 g\u0259nc k\u00f6n\u00fcll\u00fc qeydiyyata yaz\u0131l\u0131r - Z\u0259rdab.com","robots":{"index":"index","follow":"follow","max-snippet":"max-snippet:-1","max-image-preview":"max-image-preview:large","max-video-preview":"max-video-preview:-1"},"canonical":"https:\/\/www.zerdab.com\/?p=28436","og_locale":"az_AZ","og_type":"article","og_title":"Prezidentin \u00e7a\u011f\u0131r\u0131\u015f\u0131ndan sonra minl\u0259rl\u0259 g\u0259nc k\u00f6n\u00fcll\u00fc qeydiyyata yaz\u0131l\u0131r - Z\u0259rdab.com","og_description":"\u201c\u0130yulun 15-d\u0259 Nazirl\u0259r Kabinetinin 2020-ci ilin birinci yar\u0131s\u0131n\u0131n sosial-iqtisadi inki\u015faf\u0131n\u0131n yekunlar\u0131na v\u0259 qar\u015f\u0131da duran v\u0259zif\u0259l\u0259r\u0259 h\u0259sr olunan iclas\u0131nda \u201c\u018fg\u0259r kims\u0259, hans\u0131sa v\u0259t\u0259np\u0259rv\u0259r insan orduda xidm\u0259t etm\u0259k ist\u0259yirs\u0259, m\u0259n bunu ancaq alq\u0131\u015flay\u0131ram\u201d,-dey\u0259n Az\u0259rbaycan Prezidenti c\u0259nab \u0130lham \u018fliyevin \u00e7a\u011f\u0131r\u0131\u015f\u0131na s\u0259s ver\u0259n minl\u0259rl\u0259 g\u0259nc S\u0259f\u0259rb\u0259rlik v\u0259 H\u0259rbi Xidm\u0259t\u0259 \u00c7a\u011f\u0131r\u0131\u015f \u00fczr\u0259 D\u00f6vl\u0259t Xidm\u0259tinin qeydiyyatda olduqlar\u0131 yerli idar\u0259, \u015f\u00f6b\u0259 v\u0259 [&hellip;]","og_url":"https:\/\/www.zerdab.com\/?p=28436","og_site_name":"Z\u0259rdab.com","article_published_time":"2020-07-16T09:49:25+00:00","article_modified_time":"2020-07-16T10:45:58+00:00","og_image":[{"width":620,"height":444,"url":"https:\/\/www.zerdab.com\/wp-content\/uploads\/2020\/07\/prezident.jpg","type":"image\/jpeg"}],"author":"admin","twitter_card":"summary_large_image","twitter_misc":{"Written by":"admin","Est. reading time":"2 minutes"},"schema":{"@context":"https:\/\/schema.org","@graph":[{"@type":"Article","@id":"https:\/\/www.zerdab.com\/?p=28436#article","isPartOf":{"@id":"https:\/\/www.zerdab.com\/?p=28436"},"author":{"name":"admin","@id":"https:\/\/www.zerdab.com\/#\/schema\/person\/97079b7570c1e89ec0d9e138c3672136"},"headline":"Prezidentin \u00e7a\u011f\u0131r\u0131\u015f\u0131ndan sonra minl\u0259rl\u0259 g\u0259nc k\u00f6n\u00fcll\u00fc qeydiyyata yaz\u0131l\u0131r","datePublished":"2020-07-16T09:49:25+00:00","dateModified":"2020-07-16T10:45:58+00:00","mainEntityOfPage":{"@id":"https:\/\/www.zerdab.com\/?p=28436"},"wordCount":344,"commentCount":0,"image":{"@id":"https:\/\/www.zerdab.com\/?p=28436#primaryimage"},"thumbnailUrl":"https:\/\/www.zerdab.com\/wp-content\/uploads\/2020\/07\/prezident.jpg","articleSection":["MAN\u015eET","X\u018fB\u018fRL\u018fR"],"inLanguage":"az","potentialAction":[{"@type":"CommentAction","name":"Comment","target":["https:\/\/www.zerdab.com\/?p=28436#respond"]}]},{"@type":"WebPage","@id":"https:\/\/www.zerdab.com\/?p=28436","url":"https:\/\/www.zerdab.com\/?p=28436","name":"Prezidentin \u00e7a\u011f\u0131r\u0131\u015f\u0131ndan sonra minl\u0259rl\u0259 g\u0259nc k\u00f6n\u00fcll\u00fc qeydiyyata yaz\u0131l\u0131r - Z\u0259rdab.com","isPartOf":{"@id":"https:\/\/www.zerdab.com\/#website"},"primaryImageOfPage":{"@id":"https:\/\/www.zerdab.com\/?p=28436#primaryimage"},"image":{"@id":"https:\/\/www.zerdab.com\/?p=28436#primaryimage"},"thumbnailUrl":"https:\/\/www.zerdab.com\/wp-content\/uploads\/2020\/07\/prezident.jpg","datePublished":"2020-07-16T09:49:25+00:00","dateModified":"2020-07-16T10:45:58+00:00","author":{"@id":"https:\/\/www.zerdab.com\/#\/schema\/person\/97079b7570c1e89ec0d9e138c3672136"},"breadcrumb":{"@id":"https:\/\/www.zerdab.com\/?p=28436#breadcrumb"},"inLanguage":"az","potentialAction":[{"@type":"ReadAction","target":["https:\/\/www.zerdab.com\/?p=28436"]}]},{"@type":"ImageObject","inLanguage":"az","@id":"https:\/\/www.zerdab.com\/?p=28436#primaryimage","url":"https:\/\/www.zerdab.com\/wp-content\/uploads\/2020\/07\/prezident.jpg","contentUrl":"https:\/\/www.zerdab.com\/wp-content\/uploads\/2020\/07\/prezident.jpg","width":620,"height":444},{"@type":"BreadcrumbList","@id":"https:\/\/www.zerdab.com\/?p=28436#breadcrumb","itemListElement":[{"@type":"ListItem","position":1,"name":"Home","item":"https:\/\/www.zerdab.com\/"},{"@type":"ListItem","position":2,"name":"Prezidentin \u00e7a\u011f\u0131r\u0131\u015f\u0131ndan sonra minl\u0259rl\u0259 g\u0259nc k\u00f6n\u00fcll\u00fc qeydiyyata yaz\u0131l\u0131r"}]},{"@type":"WebSite","@id":"https:\/\/www.zerdab.com\/#website","url":"https:\/\/www.zerdab.com\/","name":"Z\u0259rdab.com","description":"","potentialAction":[{"@type":"SearchAction","target":{"@type":"EntryPoint","urlTemplate":"https:\/\/www.zerdab.com\/?s={search_term_string}"},"query-input":{"@type":"PropertyValueSpecification","valueRequired":true,"valueName":"search_term_string"}}],"inLanguage":"az"},{"@type":"Person","@id":"https:\/\/www.zerdab.com\/#\/schema\/person\/97079b7570c1e89ec0d9e138c3672136","name":"admin","image":{"@type":"ImageObject","inLanguage":"az","@id":"https:\/\/www.zerdab.com\/#\/schema\/person\/image\/","url":"https:\/\/secure.gravatar.com\/avatar\/d9c52a9a27c32119cb6679a077fa3e2779e5f822c451cbf01098004361d466ec?s=96&d=mm&r=g","contentUrl":"https:\/\/secure.gravatar.com\/avatar\/d9c52a9a27c32119cb6679a077fa3e2779e5f822c451cbf01098004361d466ec?s=96&d=mm&r=g","caption":"admin"},"url":"https:\/\/www.zerdab.com\/?author=1"}]}},"_links":{"self":[{"href":"https:\/\/www.zerdab.com\/index.php?rest_route=\/wp\/v2\/posts\/28436","targetHints":{"allow":["GET"]}}],"collection":[{"href":"https:\/\/www.zerdab.com\/index.php?rest_route=\/wp\/v2\/posts"}],"about":[{"href":"https:\/\/www.zerdab.com\/index.php?rest_route=\/wp\/v2\/types\/post"}],"author":[{"embeddable":true,"href":"https:\/\/www.zerdab.com\/index.php?rest_route=\/wp\/v2\/users\/1"}],"replies":[{"embeddable":true,"href":"https:\/\/www.zerdab.com\/index.php?rest_route=%2Fwp%2Fv2%2Fcomments&post=28436"}],"version-history":[{"count":2,"href":"https:\/\/www.zerdab.com\/index.php?rest_route=\/wp\/v2\/posts\/28436\/revisions"}],"predecessor-version":[{"id":28439,"href":"https:\/\/www.zerdab.com\/index.php?rest_route=\/wp\/v2\/posts\/28436\/revisions\/28439"}],"wp:featuredmedia":[{"embeddable":true,"href":"https:\/\/www.zerdab.com\/index.php?rest_route=\/wp\/v2\/media\/28388"}],"wp:attachment":[{"href":"https:\/\/www.zerdab.com\/index.php?rest_route=%2Fwp%2Fv2%2Fmedia&parent=28436"}],"wp:term":[{"taxonomy":"category","embeddable":true,"href":"https:\/\/www.zerdab.com\/index.php?rest_route=%2Fwp%2Fv2%2Fcategories&post=28436"},{"taxonomy":"post_tag","embeddable":true,"href":"https:\/\/www.zerdab.com\/index.php?rest_route=%2Fwp%2Fv2%2Ftags&post=28436"}],"curies":[{"name":"wp","href":"https:\/\/api.w.org\/{rel}","templated":true}]}}