{"id":28457,"date":"2020-07-18T10:22:06","date_gmt":"2020-07-18T06:22:06","guid":{"rendered":"http:\/\/www.zerdab.com\/?p=28457"},"modified":"2020-07-18T10:51:53","modified_gmt":"2020-07-18T06:51:53","slug":"turkiy%c9%99nin-karaman-s%c9%99h%c9%99ri-il%c9%99-z%c9%99rdab-rayonu","status":"publish","type":"post","link":"https:\/\/www.zerdab.com\/?p=28457","title":{"rendered":"T\u00fcrkiy\u0259nin Karaman \u015f\u0259h\u0259ri il\u0259 Z\u0259rdab rayonu qarda\u015fla\u015f\u0131r &#8211; Z\u0259rdabl\u0131lar\u0131 sevindir\u0259n t\u0259\u015f\u0259bb\u00fcs"},"content":{"rendered":"\n<p>H\u0259s\u0259n b\u0259y Z\u0259rdabi \u0130rsinin T\u0259bli\u011fi T\u0259\u015f\u0259bb\u00fcs qrupunun t\u0259\u015fkilat\u00e7\u0131l\u0131\u011f\u0131 il\u0259 n\u00f6vb\u0259ti videokonfrans t\u0259\u015fkil olunub.<\/p>\n\n\n\n<p>Videokonfransda T\u00fcrkiy\u0259nin Az\u0259rbaycandak\u0131 sabiq s\u0259firi, t\u0259cr\u00fcb\u0259li diplomat\u00a0Hulusi K\u0131l\u0131\u00e7, T\u00fcrkiy\u0259 B\u00f6y\u00fck Mill\u0259t M\u0259clisinin \u00fczv\u00fc, T\u00fcrkiy\u0259-Az\u0259rbaycan Parlamentl\u0259raras\u0131 Dostluq qrupunun r\u0259hb\u0259ri, \u0259sl\u0259n az\u0259rbaycanl\u0131\u00a0\u015eamil Ay\u0131r\u0131m, &#8220;EkoAvrasya&#8221; Y\u00f6netim Kurulunun ba\u015fqan\u0131\u00a0Hikmet Eren, Karaman \u015f\u0259h\u0259r B\u0259l\u0259diyy\u0259sinin s\u0259dr m\u00fcavini\u00a0Ey\u00fcp Aslan, Az\u0259rbaycan Milli M\u0259clisinin deputat\u0131, T\u0259\u015f\u0259bb\u00fcs Qrupunun \u00fczv\u00fc Jal\u0259 \u018fliyeva, mill\u0259t v\u0259kili Hikm\u0259t Babao\u011flu, deputat Elnur Allahverdiyev\u00a0v\u0259 T\u0259\u015f\u0259bb\u00fcs Qrupundan &#8211; ziyal\u0131 g\u0259ncl\u0259rin n\u00fcmay\u0259nd\u0259si\u00a0Seymur Bayramov, Z\u0259rdabi n\u0259slinin davam\u00e7\u0131s\u0131, iqtisad\u00e7\u0131 alim\u00a0N\u00fcsr\u0259t M\u0259likov, o c\u00fcml\u0259d\u0259n, t\u00fcrkiy\u0259li ziyal\u0131lar, tarix\u00e7il\u0259r i\u015ftirak edibl\u0259r.<\/p>\n\n\n\n<figure class=\"wp-block-image\"><img decoding=\"async\" src=\"http:\/\/www.zerdab.com\/wp-content\/uploads\/2020\/07\/jale-eliyeva-zerdabi--550x237.jpg\" alt=\"jale-eliyeva-zerdabi-\" class=\"wp-image-28463\"\/><\/figure>\n\n\n\n<p>Zerdab.com sayt\u0131 x\u0259b\u0259r verir ki, konfransla ba\u011fl\u0131 mill\u0259t v\u0259kilimiz Jal\u0259 \u018fliyeva fikirl\u0259rini b\u00f6l\u00fc\u015f\u00fcb: &#8220;<strong>B\u00f6y\u00fck m\u00fcv\u0259ff\u0259qiyy\u0259tl\u0259 ke\u00e7\u0259n bu y\u00fcks\u0259k s\u0259viyy\u0259li videokonfrans\u0131n t\u0259\u015fkilind\u0259 biz\u0259 yard\u0131m\u00e7\u0131 olan h\u0259r k\u0259s\u0259 t\u0259\u015f\u0259kk\u00fcr edirik. Bud\u0259f\u0259ki toplant\u0131da T\u00fcrkiy\u0259nin v\u0259 Az\u0259rbaycan\u0131n mill\u0259t v\u0259kill\u0259ri, n\u00fcfuzlu siyas\u0259t\u00e7il\u0259ri, ziyal\u0131lar, d\u00f6vl\u0259t qurumlar\u0131n\u0131n n\u00fcmay\u0259nd\u0259l\u0259ri i\u015ftirak edirdil\u0259r. Videokonfrans\u0131n m\u00f6vzusu H\u0259s\u0259n B\u0259y Z\u0259rdabi, Az\u0259rbaycan m\u0259tbuat\u0131n\u0131n 145 illiyi olsa da, daha \u00e7ox m\u0259lum 12 iyul hadis\u0259l\u0259ri, h\u0259m\u00e7inin, 15 iyul hadis\u0259l\u0259ri, son g\u00fcnl\u0259r yen\u0259 d\u0259 h\u0259r iki t\u0259r\u0259fd\u0259n \u015f\u0259hidl\u0259rin verilm\u0259si, dostluq, qarda\u015fl\u0131q \u0259laq\u0259l\u0259rinin daha da g\u00fccl\u0259ndirilm\u0259si v\u0259 sair m\u0259s\u0259l\u0259l\u0259r \u0259traf\u0131nda m\u00fczakir\u0259l\u0259r getdi.<\/strong><\/p>\n\n\n\n<p><strong><em>X\u00fcsusil\u0259, 12 iyulda i\u015f\u011fal\u00e7\u0131, t\u0259cav\u00fczkar Erm\u0259nistan\u0131n n\u00f6vb\u0259ti t\u0259xribat\u0131 n\u0259tic\u0259sind\u0259 Az\u0259rbaycan-Ern\u0259nistan s\u0259rh\u0259ddinin Tovuz istiqam\u0259tind\u0259 ya\u015fanan g\u0259rginlik, erm\u0259nil\u0259rin v\u0259 Erm\u0259nistan\u0131n qanl\u0131 \u0259m\u0259ll\u0259ri q\u0259tiyy\u0259tl\u0259, pisl\u0259nildi. Eyni zamanda, h\u0259r iki qarda\u015f \u00f6lk\u0259nin mill\u0259t v\u0259kill\u0259rinin beyn\u0259lxalq t\u0259\u015fkilatlarda koordinasiyal\u0131 f\u0259aliyy\u0259ti, Erm\u0259nistan\u0131n birlikd\u0259 if\u015fa m\u0259s\u0259l\u0259si \u00f6n\u0259 \u00e7\u0259kildi, bu istiqam\u0259td\u0259 f\u0259aliyy\u0259tin daha g\u00fccl\u0259ndirilm\u0259si dil\u0259 g\u0259tirildi. Bununla yana\u015f\u0131, Az\u0259rbaycan v\u0259 qarda\u015f T\u00fcrkiy\u0259nin b\u00f6lg\u0259d\u0259<\/em>\u00a0v\u0259<em>\u00a0d\u00fcnyada artan, geni\u015fl\u0259n\u0259n n\u00fcfuzuna x\u00fcsusi diqq\u0259t yetirildi&#8221;.\u00a0\u00a0<\/em><\/strong><\/p>\n\n\n\n<figure class=\"wp-block-image\"><img decoding=\"async\" src=\"http:\/\/www.zerdab.com\/wp-content\/uploads\/2020\/07\/hulusi-kilic-zerdabi-550x239.jpg\" alt=\"\" class=\"wp-image-28466\"\/><\/figure>\n\n\n\n<p>Mill\u0259t v\u0259kilinin fikrinc\u0259, \u00fcmumilikd\u0259 iki saatdan \u00e7ox davam ed\u0259n konfrans h\u0259r iki \u00f6lk\u0259nin qarda\u015fl\u0131\u011f\u0131n\u0131n, ist\u0259r yax\u015f\u0131 g\u00fcnd\u0259, ist\u0259r pis g\u00fcnd\u0259 bir-birimizin yan\u0131nda olma\u011f\u0131m\u0131z\u0131n bariz n\u00fcmayi\u015fin\u0259 \u00e7evrildi.<\/p>\n\n\n\n<p>J. \u018fliyeva videokonfrans zaman\u0131 Karaman \u015f\u0259h\u0259r b\u0259l\u0259diyy\u0259 ba\u015fqan\u0131n\u0131n birinci m\u00fcavininin b\u0259l\u0259diyy\u0259 ba\u015fqan\u0131 t\u0259r\u0259find\u0259n Karamanla Z\u0259rdab\u0131n \u201cqarda\u015fla\u015fm\u0131\u015f \u015f\u0259h\u0259rl\u0259r\u201d elan olunmas\u0131 t\u0259klifini ir\u0259li s\u00fcrd\u00fcy\u00fcn\u00fc dil\u0259 g\u0259tirdiyini bildirib.<\/p>\n\n\n\n<figure class=\"wp-block-image\"><img loading=\"lazy\" decoding=\"async\" width=\"550\" height=\"260\" src=\"http:\/\/www.zerdab.com\/wp-content\/uploads\/2020\/07\/elnur-allahverdiyev-zerdabi-550x260.jpg\" alt=\"\" class=\"wp-image-28469\" srcset=\"https:\/\/www.zerdab.com\/wp-content\/uploads\/2020\/07\/elnur-allahverdiyev-zerdabi-550x260.jpg 550w, https:\/\/www.zerdab.com\/wp-content\/uploads\/2020\/07\/elnur-allahverdiyev-zerdabi-400x189.jpg 400w, https:\/\/www.zerdab.com\/wp-content\/uploads\/2020\/07\/elnur-allahverdiyev-zerdabi-768x362.jpg 768w, https:\/\/www.zerdab.com\/wp-content\/uploads\/2020\/07\/elnur-allahverdiyev-zerdabi-696x328.jpg 696w, https:\/\/www.zerdab.com\/wp-content\/uploads\/2020\/07\/elnur-allahverdiyev-zerdabi-1068x504.jpg 1068w, https:\/\/www.zerdab.com\/wp-content\/uploads\/2020\/07\/elnur-allahverdiyev-zerdabi-890x420.jpg 890w, https:\/\/www.zerdab.com\/wp-content\/uploads\/2020\/07\/elnur-allahverdiyev-zerdabi.jpg 1263w\" sizes=\"auto, (max-width: 550px) 100vw, 550px\" \/><\/figure>\n\n\n\n<p><strong><em>\u201cEyni zamanda, Karaman \u015f\u0259h\u0259rind\u0259 H\u0259s\u0259n B\u0259y Z\u0259rdabinin heyk\u0259linin ucald\u0131lmas\u0131 n\u0259z\u0259rd\u0259 tutulur. Videokonfrans zaman\u0131 bu t\u0259\u015f\u0259bb\u00fcsl\u0259rind\u0259n dolay\u0131 h\u0259m b\u0259l\u0259diyy\u0259 ba\u015fqan\u0131n\u0131n m\u00fcavinin\u0259, h\u0259m d\u0259 Karaman b\u0259l\u0259diyy\u0259 ba\u015fqan\u0131na Z\u0259rdabisev\u0259rl\u0259r v\u0259 z\u0259rdabl\u0131lar ad\u0131ndan d\u0259rin minn\u0259tdarl\u0131\u011f\u0131m\u0131 v\u0259 t\u0259\u015f\u0259k\u00fcrl\u0259rimi ifad\u0259 etdim. Bildirdim v\u0259 bir daha bildirm\u0259k ist\u0259yir\u0259m ki, bu, iki qarda\u015f v\u0259 dost d\u00f6vl\u0259t aras\u0131nda y\u00fcks\u0259k m\u00fcnasib\u0259tl\u0259rin \u0259yani t\u0259c\u0259ss\u00fcm\u00fc olmaqla, yana\u015f\u0131, \u0259laq\u0259l\u0259rin daha da g\u00fccl\u0259ndirilm\u0259si, s\u0131xla\u015fd\u0131r\u0131lmas\u0131 istiqam\u0259tind\u0259 t\u00f6hf\u0259 ver\u0259 bil\u0259c\u0259k g\u00f6z\u0259l add\u0131mlardand\u0131r. Bu istiqam\u0259td\u0259 h\u0259m T\u0259\u015f\u0259bb\u00fcs Qrupunun \u00fczv\u00fc, h\u0259m d\u0259 Z\u0259rdab\u0131 parlamentd\u0259 t\u0259msil ed\u0259n mill\u0259t v\u0259kili olaraq, \u00fcz\u0259rim\u0259 d\u00fc\u015f\u0259n b\u00fct\u00fcn add\u0131mlar\u0131 atma\u011fa haz\u0131ram v\u0259 bu istiqam\u0259td\u0259 n\u0259 laz\u0131md\u0131rsa, \u0259limd\u0259n g\u0259l\u0259ni \u0259sirg\u0259m\u0259y\u0259c\u0259y\u0259m\u201d<\/em><\/strong>-dey\u0259 mill\u0259t v\u0259kili s\u00f6zl\u0259rin\u0259 \u0259lav\u0259 edib.<\/p>\n\n\n\n<figure class=\"wp-block-image\"><img decoding=\"async\" src=\"http:\/\/www.zerdab.com\/wp-content\/uploads\/2020\/07\/hekim.docx\" alt=\"\" class=\"wp-image-28474\"\/><\/figure>\n\n\n\n<figure class=\"wp-block-image\"><img decoding=\"async\" src=\"http:\/\/www.zerdab.com\/wp-content\/uploads\/2020\/07\/hikmet-babaoglu-zerdabi-550x242.jpg\" alt=\"\" class=\"wp-image-28477\"\/><\/figure>\n\n\n\n<p>Qeyd ed\u0259k ki, Z\u0259rdab rayonunun T\u00fcrkiy\u0259nin Qaraman \u015f\u0259h\u0259ri il\u0259 qarda\u015fla\u015fmas\u0131 t\u0259\u015f\u0259bb\u00fcs\u00fc h\u0259r bir Z\u0259rdabl\u0131n\u0131n mara\u011f\u0131na s\u0259b\u0259b olan, \u00fcr\u0259yinc\u0259 bir t\u0259klifdir. S\u00f6z\u00fcged\u0259n \u015f\u0259h\u0259rd\u0259 H\u0259s\u0259n b\u0259y Z\u0259rdabi ad\u0131na park\u0131n sal\u0131nmas\u0131, heyk\u0259linin ucald\u0131lmas\u0131 t\u0259klifi d\u0259 bir Z\u0259rdabl\u0131 olaraq h\u0259r birimizin \u00fcr\u0259yinc\u0259dir. \u0130n\u015fallah, bir g\u00fcn s\u00f6z\u00fcged\u0259n park\u0131n, heyk\u0259lin a\u00e7\u0131l\u0131\u015f\u0131 il\u0259 ba\u011fl\u0131 x\u0259b\u0259rl\u0259r payla\u015fmaq n\u0259sibimiz olar. <\/p>\n\n\n\n<figure class=\"wp-block-image\"><img decoding=\"async\" src=\"http:\/\/www.zerdab.com\/wp-content\/uploads\/2020\/07\/seymur-bayramov-tesebbus-550x259.jpg\" alt=\"seymur-bayramov-tesebbus\" class=\"wp-image-28482\"\/><\/figure>\n\n\n\n<figure class=\"wp-block-image\"><img decoding=\"async\" src=\"http:\/\/www.zerdab.com\/wp-content\/uploads\/2020\/07\/zerdabi-tesebbus-qrupu-550x258.jpg\" alt=\"\" class=\"wp-image-28485\"\/><\/figure>\n\n\n\n<figure class=\"wp-block-image\"><img decoding=\"async\" src=\"http:\/\/www.zerdab.com\/wp-content\/uploads\/2020\/07\/zerdabi-tesebbus-qrupu1-550x293.jpg\" alt=\"\" class=\"wp-image-28488\"\/><\/figure>\n\n\n\n<p><strong>Zerdab.com   <\/strong><\/p>\n","protected":false},"excerpt":{"rendered":"<p>H\u0259s\u0259n b\u0259y Z\u0259rdabi \u0130rsinin T\u0259bli\u011fi T\u0259\u015f\u0259bb\u00fcs qrupunun t\u0259\u015fkilat\u00e7\u0131l\u0131\u011f\u0131 il\u0259 n\u00f6vb\u0259ti videokonfrans t\u0259\u015fkil olunub. Videokonfransda T\u00fcrkiy\u0259nin Az\u0259rbaycandak\u0131 sabiq s\u0259firi, t\u0259cr\u00fcb\u0259li diplomat\u00a0Hulusi K\u0131l\u0131\u00e7, T\u00fcrkiy\u0259 B\u00f6y\u00fck Mill\u0259t M\u0259clisinin \u00fczv\u00fc, T\u00fcrkiy\u0259-Az\u0259rbaycan Parlamentl\u0259raras\u0131 Dostluq qrupunun r\u0259hb\u0259ri, \u0259sl\u0259n az\u0259rbaycanl\u0131\u00a0\u015eamil Ay\u0131r\u0131m, &#8220;EkoAvrasya&#8221; Y\u00f6netim Kurulunun ba\u015fqan\u0131\u00a0Hikmet Eren, Karaman \u015f\u0259h\u0259r B\u0259l\u0259diyy\u0259sinin s\u0259dr m\u00fcavini\u00a0Ey\u00fcp Aslan, Az\u0259rbaycan Milli M\u0259clisinin deputat\u0131, T\u0259\u015f\u0259bb\u00fcs Qrupunun \u00fczv\u00fc Jal\u0259 \u018fliyeva, mill\u0259t [&hellip;]<\/p>\n","protected":false},"author":1,"featured_media":28136,"comment_status":"open","ping_status":"open","sticky":false,"template":"","format":"standard","meta":{"footnotes":""},"categories":[63,5],"tags":[],"class_list":{"0":"post-28457","1":"post","2":"type-post","3":"status-publish","4":"format-standard","5":"has-post-thumbnail","7":"category-manset","8":"category-knd"},"yoast_head":"<!-- This site is optimized with the Yoast SEO plugin v27.0 - https:\/\/yoast.com\/product\/yoast-seo-wordpress\/ -->\n<title>T\u00fcrkiy\u0259nin Karaman \u015f\u0259h\u0259ri il\u0259 Z\u0259rdab rayonu qarda\u015fla\u015f\u0131r - Z\u0259rdabl\u0131lar\u0131 sevindir\u0259n t\u0259\u015f\u0259bb\u00fcs - Z\u0259rdab.com<\/title>\n<meta name=\"robots\" content=\"index, follow, max-snippet:-1, max-image-preview:large, max-video-preview:-1\" \/>\n<link rel=\"canonical\" href=\"https:\/\/www.zerdab.com\/?p=28457\" \/>\n<meta property=\"og:locale\" content=\"az_AZ\" \/>\n<meta property=\"og:type\" content=\"article\" \/>\n<meta property=\"og:title\" content=\"T\u00fcrkiy\u0259nin Karaman \u015f\u0259h\u0259ri il\u0259 Z\u0259rdab rayonu qarda\u015fla\u015f\u0131r - Z\u0259rdabl\u0131lar\u0131 sevindir\u0259n t\u0259\u015f\u0259bb\u00fcs - Z\u0259rdab.com\" \/>\n<meta property=\"og:description\" content=\"H\u0259s\u0259n b\u0259y Z\u0259rdabi \u0130rsinin T\u0259bli\u011fi T\u0259\u015f\u0259bb\u00fcs qrupunun t\u0259\u015fkilat\u00e7\u0131l\u0131\u011f\u0131 il\u0259 n\u00f6vb\u0259ti videokonfrans t\u0259\u015fkil olunub. Videokonfransda T\u00fcrkiy\u0259nin Az\u0259rbaycandak\u0131 sabiq s\u0259firi, t\u0259cr\u00fcb\u0259li diplomat\u00a0Hulusi K\u0131l\u0131\u00e7, T\u00fcrkiy\u0259 B\u00f6y\u00fck Mill\u0259t M\u0259clisinin \u00fczv\u00fc, T\u00fcrkiy\u0259-Az\u0259rbaycan Parlamentl\u0259raras\u0131 Dostluq qrupunun r\u0259hb\u0259ri, \u0259sl\u0259n az\u0259rbaycanl\u0131\u00a0\u015eamil Ay\u0131r\u0131m, &#8220;EkoAvrasya&#8221; Y\u00f6netim Kurulunun ba\u015fqan\u0131\u00a0Hikmet Eren, Karaman \u015f\u0259h\u0259r B\u0259l\u0259diyy\u0259sinin s\u0259dr m\u00fcavini\u00a0Ey\u00fcp Aslan, Az\u0259rbaycan Milli M\u0259clisinin deputat\u0131, T\u0259\u015f\u0259bb\u00fcs Qrupunun \u00fczv\u00fc Jal\u0259 \u018fliyeva, mill\u0259t [&hellip;]\" \/>\n<meta property=\"og:url\" content=\"https:\/\/www.zerdab.com\/?p=28457\" \/>\n<meta property=\"og:site_name\" content=\"Z\u0259rdab.com\" \/>\n<meta property=\"article:published_time\" content=\"2020-07-18T06:22:06+00:00\" \/>\n<meta property=\"article:modified_time\" content=\"2020-07-18T06:51:53+00:00\" \/>\n<meta property=\"og:image\" content=\"https:\/\/www.zerdab.com\/wp-content\/uploads\/2020\/05\/zerdab-park.jpg\" \/>\n\t<meta property=\"og:image:width\" content=\"720\" \/>\n\t<meta property=\"og:image:height\" content=\"480\" \/>\n\t<meta property=\"og:image:type\" content=\"image\/jpeg\" \/>\n<meta name=\"author\" content=\"admin\" \/>\n<meta name=\"twitter:card\" content=\"summary_large_image\" \/>\n<meta name=\"twitter:label1\" content=\"Written by\" \/>\n\t<meta name=\"twitter:data1\" content=\"admin\" \/>\n\t<meta name=\"twitter:label2\" content=\"Est. reading time\" \/>\n\t<meta name=\"twitter:data2\" content=\"4 minutes\" \/>\n<script type=\"application\/ld+json\" class=\"yoast-schema-graph\">{\"@context\":\"https:\/\/schema.org\",\"@graph\":[{\"@type\":\"Article\",\"@id\":\"https:\/\/www.zerdab.com\/?p=28457#article\",\"isPartOf\":{\"@id\":\"https:\/\/www.zerdab.com\/?p=28457\"},\"author\":{\"name\":\"admin\",\"@id\":\"https:\/\/www.zerdab.com\/#\/schema\/person\/97079b7570c1e89ec0d9e138c3672136\"},\"headline\":\"T\u00fcrkiy\u0259nin Karaman \u015f\u0259h\u0259ri il\u0259 Z\u0259rdab rayonu qarda\u015fla\u015f\u0131r &#8211; Z\u0259rdabl\u0131lar\u0131 sevindir\u0259n t\u0259\u015f\u0259bb\u00fcs\",\"datePublished\":\"2020-07-18T06:22:06+00:00\",\"dateModified\":\"2020-07-18T06:51:53+00:00\",\"mainEntityOfPage\":{\"@id\":\"https:\/\/www.zerdab.com\/?p=28457\"},\"wordCount\":880,\"commentCount\":0,\"image\":{\"@id\":\"https:\/\/www.zerdab.com\/?p=28457#primaryimage\"},\"thumbnailUrl\":\"https:\/\/www.zerdab.com\/wp-content\/uploads\/2020\/05\/zerdab-park.jpg\",\"articleSection\":[\"MAN\u015eET\",\"X\u018fB\u018fRL\u018fR\"],\"inLanguage\":\"az\",\"potentialAction\":[{\"@type\":\"CommentAction\",\"name\":\"Comment\",\"target\":[\"https:\/\/www.zerdab.com\/?p=28457#respond\"]}]},{\"@type\":\"WebPage\",\"@id\":\"https:\/\/www.zerdab.com\/?p=28457\",\"url\":\"https:\/\/www.zerdab.com\/?p=28457\",\"name\":\"T\u00fcrkiy\u0259nin Karaman \u015f\u0259h\u0259ri il\u0259 Z\u0259rdab rayonu qarda\u015fla\u015f\u0131r - Z\u0259rdabl\u0131lar\u0131 sevindir\u0259n t\u0259\u015f\u0259bb\u00fcs - Z\u0259rdab.com\",\"isPartOf\":{\"@id\":\"https:\/\/www.zerdab.com\/#website\"},\"primaryImageOfPage\":{\"@id\":\"https:\/\/www.zerdab.com\/?p=28457#primaryimage\"},\"image\":{\"@id\":\"https:\/\/www.zerdab.com\/?p=28457#primaryimage\"},\"thumbnailUrl\":\"https:\/\/www.zerdab.com\/wp-content\/uploads\/2020\/05\/zerdab-park.jpg\",\"datePublished\":\"2020-07-18T06:22:06+00:00\",\"dateModified\":\"2020-07-18T06:51:53+00:00\",\"author\":{\"@id\":\"https:\/\/www.zerdab.com\/#\/schema\/person\/97079b7570c1e89ec0d9e138c3672136\"},\"breadcrumb\":{\"@id\":\"https:\/\/www.zerdab.com\/?p=28457#breadcrumb\"},\"inLanguage\":\"az\",\"potentialAction\":[{\"@type\":\"ReadAction\",\"target\":[\"https:\/\/www.zerdab.com\/?p=28457\"]}]},{\"@type\":\"ImageObject\",\"inLanguage\":\"az\",\"@id\":\"https:\/\/www.zerdab.com\/?p=28457#primaryimage\",\"url\":\"https:\/\/www.zerdab.com\/wp-content\/uploads\/2020\/05\/zerdab-park.jpg\",\"contentUrl\":\"https:\/\/www.zerdab.com\/wp-content\/uploads\/2020\/05\/zerdab-park.jpg\",\"width\":720,\"height\":480},{\"@type\":\"BreadcrumbList\",\"@id\":\"https:\/\/www.zerdab.com\/?p=28457#breadcrumb\",\"itemListElement\":[{\"@type\":\"ListItem\",\"position\":1,\"name\":\"Home\",\"item\":\"https:\/\/www.zerdab.com\/\"},{\"@type\":\"ListItem\",\"position\":2,\"name\":\"T\u00fcrkiy\u0259nin Karaman \u015f\u0259h\u0259ri il\u0259 Z\u0259rdab rayonu qarda\u015fla\u015f\u0131r &#8211; Z\u0259rdabl\u0131lar\u0131 sevindir\u0259n t\u0259\u015f\u0259bb\u00fcs\"}]},{\"@type\":\"WebSite\",\"@id\":\"https:\/\/www.zerdab.com\/#website\",\"url\":\"https:\/\/www.zerdab.com\/\",\"name\":\"Z\u0259rdab.com\",\"description\":\"\",\"potentialAction\":[{\"@type\":\"SearchAction\",\"target\":{\"@type\":\"EntryPoint\",\"urlTemplate\":\"https:\/\/www.zerdab.com\/?s={search_term_string}\"},\"query-input\":{\"@type\":\"PropertyValueSpecification\",\"valueRequired\":true,\"valueName\":\"search_term_string\"}}],\"inLanguage\":\"az\"},{\"@type\":\"Person\",\"@id\":\"https:\/\/www.zerdab.com\/#\/schema\/person\/97079b7570c1e89ec0d9e138c3672136\",\"name\":\"admin\",\"image\":{\"@type\":\"ImageObject\",\"inLanguage\":\"az\",\"@id\":\"https:\/\/www.zerdab.com\/#\/schema\/person\/image\/\",\"url\":\"https:\/\/secure.gravatar.com\/avatar\/d9c52a9a27c32119cb6679a077fa3e2779e5f822c451cbf01098004361d466ec?s=96&d=mm&r=g\",\"contentUrl\":\"https:\/\/secure.gravatar.com\/avatar\/d9c52a9a27c32119cb6679a077fa3e2779e5f822c451cbf01098004361d466ec?s=96&d=mm&r=g\",\"caption\":\"admin\"},\"url\":\"https:\/\/www.zerdab.com\/?author=1\"}]}<\/script>\n<!-- \/ Yoast SEO plugin. -->","yoast_head_json":{"title":"T\u00fcrkiy\u0259nin Karaman \u015f\u0259h\u0259ri il\u0259 Z\u0259rdab rayonu qarda\u015fla\u015f\u0131r - Z\u0259rdabl\u0131lar\u0131 sevindir\u0259n t\u0259\u015f\u0259bb\u00fcs - Z\u0259rdab.com","robots":{"index":"index","follow":"follow","max-snippet":"max-snippet:-1","max-image-preview":"max-image-preview:large","max-video-preview":"max-video-preview:-1"},"canonical":"https:\/\/www.zerdab.com\/?p=28457","og_locale":"az_AZ","og_type":"article","og_title":"T\u00fcrkiy\u0259nin Karaman \u015f\u0259h\u0259ri il\u0259 Z\u0259rdab rayonu qarda\u015fla\u015f\u0131r - Z\u0259rdabl\u0131lar\u0131 sevindir\u0259n t\u0259\u015f\u0259bb\u00fcs - Z\u0259rdab.com","og_description":"H\u0259s\u0259n b\u0259y Z\u0259rdabi \u0130rsinin T\u0259bli\u011fi T\u0259\u015f\u0259bb\u00fcs qrupunun t\u0259\u015fkilat\u00e7\u0131l\u0131\u011f\u0131 il\u0259 n\u00f6vb\u0259ti videokonfrans t\u0259\u015fkil olunub. Videokonfransda T\u00fcrkiy\u0259nin Az\u0259rbaycandak\u0131 sabiq s\u0259firi, t\u0259cr\u00fcb\u0259li diplomat\u00a0Hulusi K\u0131l\u0131\u00e7, T\u00fcrkiy\u0259 B\u00f6y\u00fck Mill\u0259t M\u0259clisinin \u00fczv\u00fc, T\u00fcrkiy\u0259-Az\u0259rbaycan Parlamentl\u0259raras\u0131 Dostluq qrupunun r\u0259hb\u0259ri, \u0259sl\u0259n az\u0259rbaycanl\u0131\u00a0\u015eamil Ay\u0131r\u0131m, &#8220;EkoAvrasya&#8221; Y\u00f6netim Kurulunun ba\u015fqan\u0131\u00a0Hikmet Eren, Karaman \u015f\u0259h\u0259r B\u0259l\u0259diyy\u0259sinin s\u0259dr m\u00fcavini\u00a0Ey\u00fcp Aslan, Az\u0259rbaycan Milli M\u0259clisinin deputat\u0131, T\u0259\u015f\u0259bb\u00fcs Qrupunun \u00fczv\u00fc Jal\u0259 \u018fliyeva, mill\u0259t [&hellip;]","og_url":"https:\/\/www.zerdab.com\/?p=28457","og_site_name":"Z\u0259rdab.com","article_published_time":"2020-07-18T06:22:06+00:00","article_modified_time":"2020-07-18T06:51:53+00:00","og_image":[{"width":720,"height":480,"url":"https:\/\/www.zerdab.com\/wp-content\/uploads\/2020\/05\/zerdab-park.jpg","type":"image\/jpeg"}],"author":"admin","twitter_card":"summary_large_image","twitter_misc":{"Written by":"admin","Est. reading time":"4 minutes"},"schema":{"@context":"https:\/\/schema.org","@graph":[{"@type":"Article","@id":"https:\/\/www.zerdab.com\/?p=28457#article","isPartOf":{"@id":"https:\/\/www.zerdab.com\/?p=28457"},"author":{"name":"admin","@id":"https:\/\/www.zerdab.com\/#\/schema\/person\/97079b7570c1e89ec0d9e138c3672136"},"headline":"T\u00fcrkiy\u0259nin Karaman \u015f\u0259h\u0259ri il\u0259 Z\u0259rdab rayonu qarda\u015fla\u015f\u0131r &#8211; Z\u0259rdabl\u0131lar\u0131 sevindir\u0259n t\u0259\u015f\u0259bb\u00fcs","datePublished":"2020-07-18T06:22:06+00:00","dateModified":"2020-07-18T06:51:53+00:00","mainEntityOfPage":{"@id":"https:\/\/www.zerdab.com\/?p=28457"},"wordCount":880,"commentCount":0,"image":{"@id":"https:\/\/www.zerdab.com\/?p=28457#primaryimage"},"thumbnailUrl":"https:\/\/www.zerdab.com\/wp-content\/uploads\/2020\/05\/zerdab-park.jpg","articleSection":["MAN\u015eET","X\u018fB\u018fRL\u018fR"],"inLanguage":"az","potentialAction":[{"@type":"CommentAction","name":"Comment","target":["https:\/\/www.zerdab.com\/?p=28457#respond"]}]},{"@type":"WebPage","@id":"https:\/\/www.zerdab.com\/?p=28457","url":"https:\/\/www.zerdab.com\/?p=28457","name":"T\u00fcrkiy\u0259nin Karaman \u015f\u0259h\u0259ri il\u0259 Z\u0259rdab rayonu qarda\u015fla\u015f\u0131r - Z\u0259rdabl\u0131lar\u0131 sevindir\u0259n t\u0259\u015f\u0259bb\u00fcs - Z\u0259rdab.com","isPartOf":{"@id":"https:\/\/www.zerdab.com\/#website"},"primaryImageOfPage":{"@id":"https:\/\/www.zerdab.com\/?p=28457#primaryimage"},"image":{"@id":"https:\/\/www.zerdab.com\/?p=28457#primaryimage"},"thumbnailUrl":"https:\/\/www.zerdab.com\/wp-content\/uploads\/2020\/05\/zerdab-park.jpg","datePublished":"2020-07-18T06:22:06+00:00","dateModified":"2020-07-18T06:51:53+00:00","author":{"@id":"https:\/\/www.zerdab.com\/#\/schema\/person\/97079b7570c1e89ec0d9e138c3672136"},"breadcrumb":{"@id":"https:\/\/www.zerdab.com\/?p=28457#breadcrumb"},"inLanguage":"az","potentialAction":[{"@type":"ReadAction","target":["https:\/\/www.zerdab.com\/?p=28457"]}]},{"@type":"ImageObject","inLanguage":"az","@id":"https:\/\/www.zerdab.com\/?p=28457#primaryimage","url":"https:\/\/www.zerdab.com\/wp-content\/uploads\/2020\/05\/zerdab-park.jpg","contentUrl":"https:\/\/www.zerdab.com\/wp-content\/uploads\/2020\/05\/zerdab-park.jpg","width":720,"height":480},{"@type":"BreadcrumbList","@id":"https:\/\/www.zerdab.com\/?p=28457#breadcrumb","itemListElement":[{"@type":"ListItem","position":1,"name":"Home","item":"https:\/\/www.zerdab.com\/"},{"@type":"ListItem","position":2,"name":"T\u00fcrkiy\u0259nin Karaman \u015f\u0259h\u0259ri il\u0259 Z\u0259rdab rayonu qarda\u015fla\u015f\u0131r &#8211; Z\u0259rdabl\u0131lar\u0131 sevindir\u0259n t\u0259\u015f\u0259bb\u00fcs"}]},{"@type":"WebSite","@id":"https:\/\/www.zerdab.com\/#website","url":"https:\/\/www.zerdab.com\/","name":"Z\u0259rdab.com","description":"","potentialAction":[{"@type":"SearchAction","target":{"@type":"EntryPoint","urlTemplate":"https:\/\/www.zerdab.com\/?s={search_term_string}"},"query-input":{"@type":"PropertyValueSpecification","valueRequired":true,"valueName":"search_term_string"}}],"inLanguage":"az"},{"@type":"Person","@id":"https:\/\/www.zerdab.com\/#\/schema\/person\/97079b7570c1e89ec0d9e138c3672136","name":"admin","image":{"@type":"ImageObject","inLanguage":"az","@id":"https:\/\/www.zerdab.com\/#\/schema\/person\/image\/","url":"https:\/\/secure.gravatar.com\/avatar\/d9c52a9a27c32119cb6679a077fa3e2779e5f822c451cbf01098004361d466ec?s=96&d=mm&r=g","contentUrl":"https:\/\/secure.gravatar.com\/avatar\/d9c52a9a27c32119cb6679a077fa3e2779e5f822c451cbf01098004361d466ec?s=96&d=mm&r=g","caption":"admin"},"url":"https:\/\/www.zerdab.com\/?author=1"}]}},"_links":{"self":[{"href":"https:\/\/www.zerdab.com\/index.php?rest_route=\/wp\/v2\/posts\/28457","targetHints":{"allow":["GET"]}}],"collection":[{"href":"https:\/\/www.zerdab.com\/index.php?rest_route=\/wp\/v2\/posts"}],"about":[{"href":"https:\/\/www.zerdab.com\/index.php?rest_route=\/wp\/v2\/types\/post"}],"author":[{"embeddable":true,"href":"https:\/\/www.zerdab.com\/index.php?rest_route=\/wp\/v2\/users\/1"}],"replies":[{"embeddable":true,"href":"https:\/\/www.zerdab.com\/index.php?rest_route=%2Fwp%2Fv2%2Fcomments&post=28457"}],"version-history":[{"count":17,"href":"https:\/\/www.zerdab.com\/index.php?rest_route=\/wp\/v2\/posts\/28457\/revisions"}],"predecessor-version":[{"id":28492,"href":"https:\/\/www.zerdab.com\/index.php?rest_route=\/wp\/v2\/posts\/28457\/revisions\/28492"}],"wp:featuredmedia":[{"embeddable":true,"href":"https:\/\/www.zerdab.com\/index.php?rest_route=\/wp\/v2\/media\/28136"}],"wp:attachment":[{"href":"https:\/\/www.zerdab.com\/index.php?rest_route=%2Fwp%2Fv2%2Fmedia&parent=28457"}],"wp:term":[{"taxonomy":"category","embeddable":true,"href":"https:\/\/www.zerdab.com\/index.php?rest_route=%2Fwp%2Fv2%2Fcategories&post=28457"},{"taxonomy":"post_tag","embeddable":true,"href":"https:\/\/www.zerdab.com\/index.php?rest_route=%2Fwp%2Fv2%2Ftags&post=28457"}],"curies":[{"name":"wp","href":"https:\/\/api.w.org\/{rel}","templated":true}]}}