{"id":28533,"date":"2020-07-22T22:31:56","date_gmt":"2020-07-22T18:31:56","guid":{"rendered":"http:\/\/www.zerdab.com\/?p=28533"},"modified":"2020-07-23T14:11:12","modified_gmt":"2020-07-23T10:11:12","slug":"bakidan-z%c9%99rdabacan-anilan-boyuk-z%c9%99rdadi-fotolar","status":"publish","type":"post","link":"https:\/\/www.zerdab.com\/?p=28533","title":{"rendered":"Bak\u0131dan Z\u0259rdabacan an\u0131lan-B\u00d6Y\u00dcK Z\u018fRDAB\u0130\u2026 \u2013 FOTOLAR"},"content":{"rendered":"\n<p>Az\u0259rbaycan Respublikas\u0131n\u0131n Prezidenti \u0130lham \u018fliyevin Az\u0259rbaycan Milli M\u0259tbuat\u0131n 145 illik yubileyinin ke\u00e7irilm\u0259si haqq\u0131nda 30 iyun 2020-ci il s\u0259r\u0259ncam\u0131ndan ir\u0259li g\u0259l\u0259r\u0259k, H\u0259s\u0259n b\u0259y Z\u0259rdabi irsinin t\u0259bli\u011fi, milli-m\u0259n\u0259vi d\u0259y\u0259rl\u0259rimizin qorunmas\u0131na d\u0259st\u0259k m\u0259qs\u0259dil\u0259 T\u0259\u015f\u0259bb\u00fcs Qrupu respublikan\u0131n g\u0259ncl\u0259r t\u0259\u015fkilatlar\u0131, h\u00f6kum\u0259t, qeyri-h\u00f6kum\u0259t v\u0259 diaspora t\u0259\u015fkilatlar\u0131 il\u0259 m\u00fcxt\u0259lif m\u00f6vzularda silsil\u0259 online video-konfranslar d\u00fcz\u0259nl\u0259nib.<br> <strong>Zerdab.com<\/strong> sayt\u0131 x\u0259b\u0259r verir ki, H\u0259s\u0259n B\u0259y Z\u0259rdabi irsinin t\u0259dqiqi v\u0259 ara\u015fd\u0131r\u0131lmas\u0131 sah\u0259sind\u0259 geni\u015f m\u0259lumat\u0131 v\u0259 f\u0259aliyy\u0259ti olan Z\u0259rdabi\u015f\u00fcnas aliml\u0259rin online webinarlar\u0131 f\u0259al sosial \u015f\u0259b\u0259k\u0259 istifad\u0259\u00e7il\u0259ri t\u0259r\u0259find\u0259n b\u00f6y\u00fck maraqla izl\u0259nilib.<br> 28 iyun 2020-ci il tarixd\u0259n start veril\u0259n silsil\u0259 online video-konfranslar \u00e7\u0259r\u00e7iv\u0259sind\u0259 Az\u0259rbaycan v\u0259 T\u00fcrkiy\u0259 ziyal\u0131lar\u0131n\u0131n, mill\u0259t v\u0259kill\u0259rinin, m\u0259tbuat n\u00fcmay\u0131nd\u0259l\u0259rinin, h\u00f6k\u00fcm\u0259t v\u0259 qeyri-h\u00f6k\u00fcm\u0259t t\u0259\u015fkilatlar\u0131 t\u0259msil\u00e7il\u0259rinin i\u015ftirak\u0131 il\u0259 geni\u015f mara\u011fa s\u0259b\u0259b olan g\u00f6r\u00fc\u015fl\u0259r ke\u00e7irilib.<br> H\u0259s\u0259n B\u0259y Z\u0259rdabinin ev muzeyind\u0259n canl\u0131 yay\u0131m vasit\u0259sil\u0259 izl\u0259yicil\u0259r\u0259 geni\u015f m\u0259lumatlar verilib. H\u0259s\u0259n B\u0259y Z\u0259rdabi irsinin t\u0259kc\u0259 Az\u0259rbaycanda deyil eyni zamanda diaspora t\u0259\u015fkilatlar\u0131n\u0131n d\u0259st\u0259yi il\u0259 d\u00fcnyan\u0131n bir \u00e7ox \u00f6lk\u0259l\u0259rind\u0259, x\u00fcsusi il\u0259 T\u00fcrkiy\u0259d\u0259 geni\u015f t\u0259bli\u011fi q\u0259rara al\u0131n\u0131b.<br> Karaman \u015f\u0259h\u0259ri il\u0259 Z\u0259rdab rayonunun qarda\u015fla\u015fmas\u0131 v\u0259 T\u00fcrkiy\u0259nin tarixi Karaman \u015f\u0259h\u0259rind\u0259 H\u0259s\u0259n b\u0259y Z\u0259rdabinin ad\u0131na park\u0131n sal\u0131nmas\u0131 t\u0259\u015f\u0259bb\u00fcs\u00fc ir\u0259li s\u00fcr\u00fcl\u00fcb.<\/p>\n\n\n\n<p>22 iyul Az\u0259rbaycan m\u0259tbuat\u0131n\u0131n 145 illiyi m\u00fcnasib\u0259ti il\u0259 H\u0259s\u0259n b\u0259y Z\u0259rdabi \u0130rsinin T\u0259bli\u011fi T\u0259\u015f\u0259bb\u00fcs Qrupunun \u00fczvl\u0259ri \u2013 Milli M\u0259clisin Ail\u0259, qad\u0131n v\u0259 u\u015faq m\u0259s\u0259l\u0259l\u0259ri komit\u0259sinin s\u0259dr m\u00fcavini, professor Jal\u0259 \u018fliyeva, H\u0259s\u0259n b\u0259y Z\u0259rdabi n\u0259slinin n\u00fcmay\u0259nd\u0259si, iqtisad\u00e7\u0131 alim N\u00fcsr\u0259t M\u0259likov, g\u0259nc ictimai f\u0259al Seymur Bayramov bu g\u00fcn \u00fcmumilli lider Heyd\u0259r \u018fliyevin, g\u00f6rk\u0259mli oftolmoloq alim Z\u0259rif\u0259 \u018fliyevan\u0131n, ictimai xadim, ziyal\u0131, maarif\u00e7i-publisist, Az\u0259rbaycan m\u0259tbuat\u0131n\u0131n banisi H\u0259s\u0259n b\u0259y Z\u0259rdabinin m\u0259zar\u0131n\u0131 ziyar\u0259t edibl\u0259r.<\/p>\n\n\n\n<figure class=\"wp-block-image is-resized\"><img loading=\"lazy\" decoding=\"async\" src=\"http:\/\/www.zerdab.com\/wp-content\/uploads\/2020\/07\/hesen-bey-zerdabi-145-il-1.jpg\" alt=\"\" class=\"wp-image-28535\" width=\"451\" height=\"396\"\/><\/figure>\n\n\n\n<figure class=\"wp-block-image is-resized\"><img loading=\"lazy\" decoding=\"async\" src=\"http:\/\/www.zerdab.com\/wp-content\/uploads\/2020\/07\/hesen-bey-zerdabi-145-il-2.jpg\" alt=\"\" class=\"wp-image-28536\" width=\"449\" height=\"401\"\/><\/figure>\n\n\n\n<figure class=\"wp-block-image is-resized\"><img loading=\"lazy\" decoding=\"async\" src=\"http:\/\/www.zerdab.com\/wp-content\/uploads\/2020\/07\/hesen-bey-zerdabi-145-il-3.jpg\" alt=\"\" class=\"wp-image-28537\" width=\"458\" height=\"305\"\/><\/figure>\n\n\n\n<p>Sonra Z\u0259rdab Rayon \u0130cra Hakimiyy\u0259ti t\u0259r\u0259find\u0259n 22 iyul \u2013 Milli M\u0259tbuat G\u00fcn\u00fc il\u0259 \u0259laq\u0259dar \u00f6lk\u0259d\u0259 koronavirus (COVID-19) pandemiyas\u0131 il\u0259 \u0259laq\u0259dar Az\u0259rbaycan Respublikas\u0131n\u0131n \u0259razisind\u0259 t\u0259tbiq edil\u0259n x\u00fcsusi karantin rejiminin t\u0259l\u0259bl\u0259ri v\u0259 Az\u0259rbaycan Respublikas\u0131n\u0131n Nazirl\u0259r Kabineti yan\u0131nda Operativ Q\u0259rargah\u0131n t\u00f6vsiy\u0259l\u0259ri n\u0259z\u0259r\u0259 al\u0131nmaqla Z\u0259rdab rayonunda ke\u00e7iril\u0259n t\u0259dbir\u0259 qat\u0131lan H\u0259s\u0259n B\u0259y Z\u0259rdabi \u0130rsinin T\u0259bli\u011fi T\u0259\u015f\u0259bb\u00fcs Qrupu \u0130cra Hakimiyy\u0259tinin ba\u015f\u00e7\u0131s\u0131 M\u0259rdan Camalzad\u0259 v\u0259 bir qrup ziyal\u0131 &#8211; \u201c\u018fkin\u00e7i\u201d q\u0259zetinin ba\u015f redaktoru \u0130sam\u0259ddin \u018fhm\u0259dov, Z\u0259rdabi\u015f\u00fcnas alim Eld\u0259niz H\u0259s\u0259nov, \u018fm\u0259kdar m\u00fc\u0259llim \u00d6m\u0259r Tarverdiyev, veteran jurnalist Mira\u011fa Ba\u011f\u0131rov, Z\u0259rdabi LTD MMC-nin direktoru Elman Qas\u0131mov, jurnalistl\u0259r V\u00fcqar R\u0259himov, S\u00fcleyman Tarverdi, Co\u015fqun Abdullayev, i\u015f adamlar\u0131 V\u0259fa Muradzad\u0259 v\u0259 Ramil Mehdiyev H\u0259s\u0259n b\u0259y Z\u0259rdabinin abid\u0259si \u00f6n\u00fcn\u0259 t\u0259r g\u00fcl-\u00e7i\u00e7\u0259k d\u0259st\u0259l\u0259ri d\u00fcz\u00fcb, bu dahi \u015f\u0259xsiyy\u0259tin parlaq xatir\u0259si qar\u015f\u0131s\u0131nda ehtiramla ba\u015f \u0259yibl\u0259r.<br> Sonra t\u0259dbir i\u015ftirak\u00e7\u0131lar\u0131 H\u0259s\u0259n b\u0259y Z\u0259rdabinin ev muzeyind\u0259 olub, Z\u0259rdabinin h\u0259yat v\u0259 yarad\u0131c\u0131l\u0131\u011f\u0131 il\u0259 yax\u0131ndan tan\u0131\u015f olublar. H\u0259s\u0259n b\u0259y Z\u0259rdabinin ev muzeyinin direktoru V\u0259fa Bayramova t\u0259dbir i\u015ftirak\u00e7\u0131lar\u0131na Milli M\u0259tbuat\u0131n banisi Z\u0259rdabinin h\u0259yat v\u0259 yarad\u0131c\u0131l\u0131\u011f\u0131ndan v\u0259 ke\u00e7diyi \u015f\u0259r\u0259fli yoldan dan\u0131\u015f\u0131b, H\u0259s\u0259n b\u0259y Z\u0259rdabi ideyalar\u0131n\u0131 v\u0259 \u201c\u018fkin\u00e7i\u201d \u0259n\u0259n\u0259l\u0259rini ya\u015fadan Az\u0259rbaycan m\u0259tbuat\u0131n\u0131n uzun v\u0259 \u015f\u0259r\u0259fli yol ke\u00e7diyini bildir\u0259r\u0259k \u201c\u018fkin\u00e7i\u201d q\u0259zetinin xalq\u0131m\u0131z\u0131n milli oyan\u0131\u015f\u0131nda, milli birliyin m\u00f6hk\u0259ml\u0259nm\u0259sind\u0259 b\u00f6y\u00fck rol oynad\u0131\u011f\u0131n\u0131 s\u00f6yl\u0259yib.<\/p>\n\n\n\n<p>T\u0259dbird\u0259 \u00e7\u0131x\u0131\u015f ed\u0259n Z\u0259rdab Rayon \u0130cra Hakimiyy\u0259tinin ba\u015f\u00e7\u0131s\u0131 M\u0259rdan Camalzad\u0259, Milli M\u0259clisin deputat\u0131 Jal\u0259 \u018fliyeva m\u0259tbuat n\u00fcmay\u0259nd\u0259l\u0259rin\u0259 22 iyul \u2013 Milli M\u0259tbuat g\u00fcn\u00fc m\u00fcnasib\u0259ti il\u0259 t\u0259brikl\u0259rini \u00e7atd\u0131r\u0131blar.<br>\nH\u0259m\u00e7inin diqq\u0259t\u0259 \u00e7atd\u0131r\u0131l\u0131b ki, Az\u0259rbaycanda s\u00f6z, fikir v\u0259 m\u0259tbuat azadl\u0131\u011f\u0131n\u0131n t\u0259min edilm\u0259sind\u0259 \u00dcmummilli lider Heyd\u0259r \u018fliyevin tarixi xidm\u0259tl\u0259ri olub. Ulu \u00f6nd\u0259r Heyd\u0259r \u018fliyevin milli m\u0259tbuata g\u00f6st\u0259rdiyi diqq\u0259t v\u0259 qay\u011f\u0131n\u0131n bu g\u00fcn Prezident \u0130lham \u018fliyev t\u0259r\u0259find\u0259n u\u011furla davam etdirildiyi vur\u011fulan\u0131b. Prezident \u0130lham \u018fliyevin r\u0259hb\u0259rliyi il\u0259 m\u0259tbuat\u0131n inki\u015faf\u0131, onun probleml\u0259rinin h\u0259lli, jurnalistl\u0259rin m\u0259nzil-m\u0259i\u015f\u0259t \u015f\u0259raitinin yax\u015f\u0131la\u015fd\u0131r\u0131lmas\u0131 istiqam\u0259tind\u0259 m\u00fch\u00fcm i\u015fl\u0259r g\u00f6r\u00fcld\u00fcy\u00fc x\u00fcsusi olaraq vur\u011fulan\u0131b.<br>\nDaha sonra t\u0259dbir i\u015ftirak\u00e7\u0131lar\u0131, rayon r\u0259hb\u0259rliyi il\u0259 birlikd\u0259 K\u00fcr \u0259traf\u0131nda yerl\u0259\u015f\u0259n parkda v\u0259 rayonda q\u0131sa m\u00fcdd\u0259td\u0259 ged\u0259n tikinti, abadl\u0131q, quruculuq v\u0259 ya\u015f\u0131lla\u015fd\u0131rma i\u015fl\u0259ri il\u0259, o c\u00fcml\u0259d\u0259n bir ne\u00e7\u0259 ay \u0259rzind\u0259 m\u00fcasir t\u0259rtibatda tamamil\u0259 yenid\u0259n in\u015fa edil\u0259r\u0259k istifad\u0259y\u0259 veril\u0259n H\u0259s\u0259n b\u0259y Z\u0259rdabi Park\u0131 il\u0259 tan\u0131\u015f olublar.<\/p>\n\n\n\n<p><strong>Zerdab.com<\/strong><\/p>\n\n\n\n<figure class=\"wp-block-image is-resized\"><img loading=\"lazy\" decoding=\"async\" src=\"http:\/\/www.zerdab.com\/wp-content\/uploads\/2020\/07\/hesen-bey-zerdabi-145-il-4-309x550.jpg\" alt=\"\" class=\"wp-image-28538\" width=\"289\" height=\"514\"\/><\/figure>\n\n\n\n<figure class=\"wp-block-image is-resized\"><img loading=\"lazy\" decoding=\"async\" src=\"http:\/\/www.zerdab.com\/wp-content\/uploads\/2020\/07\/hesen-bey-zerdabi-145-il-5-309x550.jpg\" alt=\"\" class=\"wp-image-28539\" width=\"302\" height=\"539\"\/><\/figure>\n\n\n\n<figure class=\"wp-block-image\"><img decoding=\"async\" src=\"http:\/\/www.zerdab.com\/wp-content\/uploads\/2020\/07\/hesen-bey-zerdabi-145-il-6-309x550.jpg\" alt=\"\" class=\"wp-image-28540\"\/><\/figure>\n\n\n\n<figure class=\"wp-block-image is-resized\"><img loading=\"lazy\" decoding=\"async\" src=\"http:\/\/www.zerdab.com\/wp-content\/uploads\/2020\/07\/hesen-bey-zerdabi-145-il-7-309x550.jpg\" alt=\"\" class=\"wp-image-28541\" width=\"320\" height=\"570\" srcset=\"https:\/\/www.zerdab.com\/wp-content\/uploads\/2020\/07\/hesen-bey-zerdabi-145-il-7-309x550.jpg 309w, https:\/\/www.zerdab.com\/wp-content\/uploads\/2020\/07\/hesen-bey-zerdabi-145-il-7-400x711.jpg 400w, https:\/\/www.zerdab.com\/wp-content\/uploads\/2020\/07\/hesen-bey-zerdabi-145-il-7-236x420.jpg 236w, https:\/\/www.zerdab.com\/wp-content\/uploads\/2020\/07\/hesen-bey-zerdabi-145-il-7.jpg 576w\" sizes=\"auto, (max-width: 320px) 100vw, 320px\" \/><\/figure>\n\n\n\n<figure class=\"wp-block-embed-youtube wp-block-embed is-type-video is-provider-youtube wp-embed-aspect-16-9 wp-has-aspect-ratio\"><div class=\"wp-block-embed__wrapper\">\n<div class=\"youtube-embed\" data-video_id=\"wicZVxYBM5c\"><iframe loading=\"lazy\" width=\"696\" height=\"392\" src=\"https:\/\/www.youtube.com\/embed\/wicZVxYBM5c?feature=oembed&#038;enablejsapi=1&#038;enablejsapi=1\" frameborder=\"0\" allow=\"accelerometer; autoplay; encrypted-media; gyroscope; picture-in-picture\" allowfullscreen><\/iframe><\/div>\n<\/div><\/figure>\n","protected":false},"excerpt":{"rendered":"<p>Az\u0259rbaycan Respublikas\u0131n\u0131n Prezidenti \u0130lham \u018fliyevin Az\u0259rbaycan Milli M\u0259tbuat\u0131n 145 illik yubileyinin ke\u00e7irilm\u0259si haqq\u0131nda 30 iyun 2020-ci il s\u0259r\u0259ncam\u0131ndan ir\u0259li g\u0259l\u0259r\u0259k, H\u0259s\u0259n b\u0259y Z\u0259rdabi irsinin t\u0259bli\u011fi, milli-m\u0259n\u0259vi d\u0259y\u0259rl\u0259rimizin qorunmas\u0131na d\u0259st\u0259k m\u0259qs\u0259dil\u0259 T\u0259\u015f\u0259bb\u00fcs Qrupu respublikan\u0131n g\u0259ncl\u0259r t\u0259\u015fkilatlar\u0131, h\u00f6kum\u0259t, qeyri-h\u00f6kum\u0259t v\u0259 diaspora t\u0259\u015fkilatlar\u0131 il\u0259 m\u00fcxt\u0259lif m\u00f6vzularda silsil\u0259 online video-konfranslar d\u00fcz\u0259nl\u0259nib. Zerdab.com sayt\u0131 x\u0259b\u0259r verir ki, H\u0259s\u0259n B\u0259y Z\u0259rdabi [&hellip;]<\/p>\n","protected":false},"author":1,"featured_media":0,"comment_status":"open","ping_status":"open","sticky":false,"template":"","format":"standard","meta":{"footnotes":""},"categories":[63,5],"tags":[],"class_list":{"0":"post-28533","1":"post","2":"type-post","3":"status-publish","4":"format-standard","6":"category-manset","7":"category-knd"},"yoast_head":"<!-- This site is optimized with the Yoast SEO plugin v27.0 - https:\/\/yoast.com\/product\/yoast-seo-wordpress\/ -->\n<title>Bak\u0131dan Z\u0259rdabacan an\u0131lan-B\u00d6Y\u00dcK Z\u018fRDAB\u0130\u2026 \u2013 FOTOLAR - Z\u0259rdab.com<\/title>\n<meta name=\"robots\" content=\"index, follow, max-snippet:-1, max-image-preview:large, max-video-preview:-1\" \/>\n<link rel=\"canonical\" href=\"https:\/\/www.zerdab.com\/?p=28533\" \/>\n<meta property=\"og:locale\" content=\"az_AZ\" \/>\n<meta property=\"og:type\" content=\"article\" \/>\n<meta property=\"og:title\" content=\"Bak\u0131dan Z\u0259rdabacan an\u0131lan-B\u00d6Y\u00dcK Z\u018fRDAB\u0130\u2026 \u2013 FOTOLAR - Z\u0259rdab.com\" \/>\n<meta property=\"og:description\" content=\"Az\u0259rbaycan Respublikas\u0131n\u0131n Prezidenti \u0130lham \u018fliyevin Az\u0259rbaycan Milli M\u0259tbuat\u0131n 145 illik yubileyinin ke\u00e7irilm\u0259si haqq\u0131nda 30 iyun 2020-ci il s\u0259r\u0259ncam\u0131ndan ir\u0259li g\u0259l\u0259r\u0259k, H\u0259s\u0259n b\u0259y Z\u0259rdabi irsinin t\u0259bli\u011fi, milli-m\u0259n\u0259vi d\u0259y\u0259rl\u0259rimizin qorunmas\u0131na d\u0259st\u0259k m\u0259qs\u0259dil\u0259 T\u0259\u015f\u0259bb\u00fcs Qrupu respublikan\u0131n g\u0259ncl\u0259r t\u0259\u015fkilatlar\u0131, h\u00f6kum\u0259t, qeyri-h\u00f6kum\u0259t v\u0259 diaspora t\u0259\u015fkilatlar\u0131 il\u0259 m\u00fcxt\u0259lif m\u00f6vzularda silsil\u0259 online video-konfranslar d\u00fcz\u0259nl\u0259nib. Zerdab.com sayt\u0131 x\u0259b\u0259r verir ki, H\u0259s\u0259n B\u0259y Z\u0259rdabi [&hellip;]\" \/>\n<meta property=\"og:url\" content=\"https:\/\/www.zerdab.com\/?p=28533\" \/>\n<meta property=\"og:site_name\" content=\"Z\u0259rdab.com\" \/>\n<meta property=\"article:published_time\" content=\"2020-07-22T18:31:56+00:00\" \/>\n<meta property=\"article:modified_time\" content=\"2020-07-23T10:11:12+00:00\" \/>\n<meta property=\"og:image\" content=\"http:\/\/www.zerdab.com\/wp-content\/uploads\/2020\/07\/hesen-bey-zerdabi-145-il-1.jpg\" \/>\n<meta name=\"author\" content=\"admin\" \/>\n<meta name=\"twitter:card\" content=\"summary_large_image\" \/>\n<meta name=\"twitter:label1\" content=\"Written by\" \/>\n\t<meta name=\"twitter:data1\" content=\"admin\" \/>\n\t<meta name=\"twitter:label2\" content=\"Est. reading time\" \/>\n\t<meta name=\"twitter:data2\" content=\"5 minutes\" \/>\n<script type=\"application\/ld+json\" class=\"yoast-schema-graph\">{\"@context\":\"https:\/\/schema.org\",\"@graph\":[{\"@type\":\"Article\",\"@id\":\"https:\/\/www.zerdab.com\/?p=28533#article\",\"isPartOf\":{\"@id\":\"https:\/\/www.zerdab.com\/?p=28533\"},\"author\":{\"name\":\"admin\",\"@id\":\"https:\/\/www.zerdab.com\/#\/schema\/person\/97079b7570c1e89ec0d9e138c3672136\"},\"headline\":\"Bak\u0131dan Z\u0259rdabacan an\u0131lan-B\u00d6Y\u00dcK Z\u018fRDAB\u0130\u2026 \u2013 FOTOLAR\",\"datePublished\":\"2020-07-22T18:31:56+00:00\",\"dateModified\":\"2020-07-23T10:11:12+00:00\",\"mainEntityOfPage\":{\"@id\":\"https:\/\/www.zerdab.com\/?p=28533\"},\"wordCount\":1051,\"commentCount\":0,\"image\":{\"@id\":\"https:\/\/www.zerdab.com\/?p=28533#primaryimage\"},\"thumbnailUrl\":\"http:\/\/www.zerdab.com\/wp-content\/uploads\/2020\/07\/hesen-bey-zerdabi-145-il-1.jpg\",\"articleSection\":[\"MAN\u015eET\",\"X\u018fB\u018fRL\u018fR\"],\"inLanguage\":\"az\",\"potentialAction\":[{\"@type\":\"CommentAction\",\"name\":\"Comment\",\"target\":[\"https:\/\/www.zerdab.com\/?p=28533#respond\"]}]},{\"@type\":\"WebPage\",\"@id\":\"https:\/\/www.zerdab.com\/?p=28533\",\"url\":\"https:\/\/www.zerdab.com\/?p=28533\",\"name\":\"Bak\u0131dan Z\u0259rdabacan an\u0131lan-B\u00d6Y\u00dcK Z\u018fRDAB\u0130\u2026 \u2013 FOTOLAR - Z\u0259rdab.com\",\"isPartOf\":{\"@id\":\"https:\/\/www.zerdab.com\/#website\"},\"primaryImageOfPage\":{\"@id\":\"https:\/\/www.zerdab.com\/?p=28533#primaryimage\"},\"image\":{\"@id\":\"https:\/\/www.zerdab.com\/?p=28533#primaryimage\"},\"thumbnailUrl\":\"http:\/\/www.zerdab.com\/wp-content\/uploads\/2020\/07\/hesen-bey-zerdabi-145-il-1.jpg\",\"datePublished\":\"2020-07-22T18:31:56+00:00\",\"dateModified\":\"2020-07-23T10:11:12+00:00\",\"author\":{\"@id\":\"https:\/\/www.zerdab.com\/#\/schema\/person\/97079b7570c1e89ec0d9e138c3672136\"},\"breadcrumb\":{\"@id\":\"https:\/\/www.zerdab.com\/?p=28533#breadcrumb\"},\"inLanguage\":\"az\",\"potentialAction\":[{\"@type\":\"ReadAction\",\"target\":[\"https:\/\/www.zerdab.com\/?p=28533\"]}]},{\"@type\":\"ImageObject\",\"inLanguage\":\"az\",\"@id\":\"https:\/\/www.zerdab.com\/?p=28533#primaryimage\",\"url\":\"\",\"contentUrl\":\"\"},{\"@type\":\"BreadcrumbList\",\"@id\":\"https:\/\/www.zerdab.com\/?p=28533#breadcrumb\",\"itemListElement\":[{\"@type\":\"ListItem\",\"position\":1,\"name\":\"Home\",\"item\":\"https:\/\/www.zerdab.com\/\"},{\"@type\":\"ListItem\",\"position\":2,\"name\":\"Bak\u0131dan Z\u0259rdabacan an\u0131lan-B\u00d6Y\u00dcK Z\u018fRDAB\u0130\u2026 \u2013 FOTOLAR\"}]},{\"@type\":\"WebSite\",\"@id\":\"https:\/\/www.zerdab.com\/#website\",\"url\":\"https:\/\/www.zerdab.com\/\",\"name\":\"Z\u0259rdab.com\",\"description\":\"\",\"potentialAction\":[{\"@type\":\"SearchAction\",\"target\":{\"@type\":\"EntryPoint\",\"urlTemplate\":\"https:\/\/www.zerdab.com\/?s={search_term_string}\"},\"query-input\":{\"@type\":\"PropertyValueSpecification\",\"valueRequired\":true,\"valueName\":\"search_term_string\"}}],\"inLanguage\":\"az\"},{\"@type\":\"Person\",\"@id\":\"https:\/\/www.zerdab.com\/#\/schema\/person\/97079b7570c1e89ec0d9e138c3672136\",\"name\":\"admin\",\"image\":{\"@type\":\"ImageObject\",\"inLanguage\":\"az\",\"@id\":\"https:\/\/www.zerdab.com\/#\/schema\/person\/image\/\",\"url\":\"https:\/\/secure.gravatar.com\/avatar\/d9c52a9a27c32119cb6679a077fa3e2779e5f822c451cbf01098004361d466ec?s=96&d=mm&r=g\",\"contentUrl\":\"https:\/\/secure.gravatar.com\/avatar\/d9c52a9a27c32119cb6679a077fa3e2779e5f822c451cbf01098004361d466ec?s=96&d=mm&r=g\",\"caption\":\"admin\"},\"url\":\"https:\/\/www.zerdab.com\/?author=1\"}]}<\/script>\n<!-- \/ Yoast SEO plugin. -->","yoast_head_json":{"title":"Bak\u0131dan Z\u0259rdabacan an\u0131lan-B\u00d6Y\u00dcK Z\u018fRDAB\u0130\u2026 \u2013 FOTOLAR - Z\u0259rdab.com","robots":{"index":"index","follow":"follow","max-snippet":"max-snippet:-1","max-image-preview":"max-image-preview:large","max-video-preview":"max-video-preview:-1"},"canonical":"https:\/\/www.zerdab.com\/?p=28533","og_locale":"az_AZ","og_type":"article","og_title":"Bak\u0131dan Z\u0259rdabacan an\u0131lan-B\u00d6Y\u00dcK Z\u018fRDAB\u0130\u2026 \u2013 FOTOLAR - Z\u0259rdab.com","og_description":"Az\u0259rbaycan Respublikas\u0131n\u0131n Prezidenti \u0130lham \u018fliyevin Az\u0259rbaycan Milli M\u0259tbuat\u0131n 145 illik yubileyinin ke\u00e7irilm\u0259si haqq\u0131nda 30 iyun 2020-ci il s\u0259r\u0259ncam\u0131ndan ir\u0259li g\u0259l\u0259r\u0259k, H\u0259s\u0259n b\u0259y Z\u0259rdabi irsinin t\u0259bli\u011fi, milli-m\u0259n\u0259vi d\u0259y\u0259rl\u0259rimizin qorunmas\u0131na d\u0259st\u0259k m\u0259qs\u0259dil\u0259 T\u0259\u015f\u0259bb\u00fcs Qrupu respublikan\u0131n g\u0259ncl\u0259r t\u0259\u015fkilatlar\u0131, h\u00f6kum\u0259t, qeyri-h\u00f6kum\u0259t v\u0259 diaspora t\u0259\u015fkilatlar\u0131 il\u0259 m\u00fcxt\u0259lif m\u00f6vzularda silsil\u0259 online video-konfranslar d\u00fcz\u0259nl\u0259nib. Zerdab.com sayt\u0131 x\u0259b\u0259r verir ki, H\u0259s\u0259n B\u0259y Z\u0259rdabi [&hellip;]","og_url":"https:\/\/www.zerdab.com\/?p=28533","og_site_name":"Z\u0259rdab.com","article_published_time":"2020-07-22T18:31:56+00:00","article_modified_time":"2020-07-23T10:11:12+00:00","og_image":[{"url":"http:\/\/www.zerdab.com\/wp-content\/uploads\/2020\/07\/hesen-bey-zerdabi-145-il-1.jpg","type":"","width":"","height":""}],"author":"admin","twitter_card":"summary_large_image","twitter_misc":{"Written by":"admin","Est. reading time":"5 minutes"},"schema":{"@context":"https:\/\/schema.org","@graph":[{"@type":"Article","@id":"https:\/\/www.zerdab.com\/?p=28533#article","isPartOf":{"@id":"https:\/\/www.zerdab.com\/?p=28533"},"author":{"name":"admin","@id":"https:\/\/www.zerdab.com\/#\/schema\/person\/97079b7570c1e89ec0d9e138c3672136"},"headline":"Bak\u0131dan Z\u0259rdabacan an\u0131lan-B\u00d6Y\u00dcK Z\u018fRDAB\u0130\u2026 \u2013 FOTOLAR","datePublished":"2020-07-22T18:31:56+00:00","dateModified":"2020-07-23T10:11:12+00:00","mainEntityOfPage":{"@id":"https:\/\/www.zerdab.com\/?p=28533"},"wordCount":1051,"commentCount":0,"image":{"@id":"https:\/\/www.zerdab.com\/?p=28533#primaryimage"},"thumbnailUrl":"http:\/\/www.zerdab.com\/wp-content\/uploads\/2020\/07\/hesen-bey-zerdabi-145-il-1.jpg","articleSection":["MAN\u015eET","X\u018fB\u018fRL\u018fR"],"inLanguage":"az","potentialAction":[{"@type":"CommentAction","name":"Comment","target":["https:\/\/www.zerdab.com\/?p=28533#respond"]}]},{"@type":"WebPage","@id":"https:\/\/www.zerdab.com\/?p=28533","url":"https:\/\/www.zerdab.com\/?p=28533","name":"Bak\u0131dan Z\u0259rdabacan an\u0131lan-B\u00d6Y\u00dcK Z\u018fRDAB\u0130\u2026 \u2013 FOTOLAR - Z\u0259rdab.com","isPartOf":{"@id":"https:\/\/www.zerdab.com\/#website"},"primaryImageOfPage":{"@id":"https:\/\/www.zerdab.com\/?p=28533#primaryimage"},"image":{"@id":"https:\/\/www.zerdab.com\/?p=28533#primaryimage"},"thumbnailUrl":"http:\/\/www.zerdab.com\/wp-content\/uploads\/2020\/07\/hesen-bey-zerdabi-145-il-1.jpg","datePublished":"2020-07-22T18:31:56+00:00","dateModified":"2020-07-23T10:11:12+00:00","author":{"@id":"https:\/\/www.zerdab.com\/#\/schema\/person\/97079b7570c1e89ec0d9e138c3672136"},"breadcrumb":{"@id":"https:\/\/www.zerdab.com\/?p=28533#breadcrumb"},"inLanguage":"az","potentialAction":[{"@type":"ReadAction","target":["https:\/\/www.zerdab.com\/?p=28533"]}]},{"@type":"ImageObject","inLanguage":"az","@id":"https:\/\/www.zerdab.com\/?p=28533#primaryimage","url":"","contentUrl":""},{"@type":"BreadcrumbList","@id":"https:\/\/www.zerdab.com\/?p=28533#breadcrumb","itemListElement":[{"@type":"ListItem","position":1,"name":"Home","item":"https:\/\/www.zerdab.com\/"},{"@type":"ListItem","position":2,"name":"Bak\u0131dan Z\u0259rdabacan an\u0131lan-B\u00d6Y\u00dcK Z\u018fRDAB\u0130\u2026 \u2013 FOTOLAR"}]},{"@type":"WebSite","@id":"https:\/\/www.zerdab.com\/#website","url":"https:\/\/www.zerdab.com\/","name":"Z\u0259rdab.com","description":"","potentialAction":[{"@type":"SearchAction","target":{"@type":"EntryPoint","urlTemplate":"https:\/\/www.zerdab.com\/?s={search_term_string}"},"query-input":{"@type":"PropertyValueSpecification","valueRequired":true,"valueName":"search_term_string"}}],"inLanguage":"az"},{"@type":"Person","@id":"https:\/\/www.zerdab.com\/#\/schema\/person\/97079b7570c1e89ec0d9e138c3672136","name":"admin","image":{"@type":"ImageObject","inLanguage":"az","@id":"https:\/\/www.zerdab.com\/#\/schema\/person\/image\/","url":"https:\/\/secure.gravatar.com\/avatar\/d9c52a9a27c32119cb6679a077fa3e2779e5f822c451cbf01098004361d466ec?s=96&d=mm&r=g","contentUrl":"https:\/\/secure.gravatar.com\/avatar\/d9c52a9a27c32119cb6679a077fa3e2779e5f822c451cbf01098004361d466ec?s=96&d=mm&r=g","caption":"admin"},"url":"https:\/\/www.zerdab.com\/?author=1"}]}},"_links":{"self":[{"href":"https:\/\/www.zerdab.com\/index.php?rest_route=\/wp\/v2\/posts\/28533","targetHints":{"allow":["GET"]}}],"collection":[{"href":"https:\/\/www.zerdab.com\/index.php?rest_route=\/wp\/v2\/posts"}],"about":[{"href":"https:\/\/www.zerdab.com\/index.php?rest_route=\/wp\/v2\/types\/post"}],"author":[{"embeddable":true,"href":"https:\/\/www.zerdab.com\/index.php?rest_route=\/wp\/v2\/users\/1"}],"replies":[{"embeddable":true,"href":"https:\/\/www.zerdab.com\/index.php?rest_route=%2Fwp%2Fv2%2Fcomments&post=28533"}],"version-history":[{"count":3,"href":"https:\/\/www.zerdab.com\/index.php?rest_route=\/wp\/v2\/posts\/28533\/revisions"}],"predecessor-version":[{"id":28547,"href":"https:\/\/www.zerdab.com\/index.php?rest_route=\/wp\/v2\/posts\/28533\/revisions\/28547"}],"wp:attachment":[{"href":"https:\/\/www.zerdab.com\/index.php?rest_route=%2Fwp%2Fv2%2Fmedia&parent=28533"}],"wp:term":[{"taxonomy":"category","embeddable":true,"href":"https:\/\/www.zerdab.com\/index.php?rest_route=%2Fwp%2Fv2%2Fcategories&post=28533"},{"taxonomy":"post_tag","embeddable":true,"href":"https:\/\/www.zerdab.com\/index.php?rest_route=%2Fwp%2Fv2%2Ftags&post=28533"}],"curies":[{"name":"wp","href":"https:\/\/api.w.org\/{rel}","templated":true}]}}