{"id":28577,"date":"2020-08-24T17:30:59","date_gmt":"2020-08-24T13:30:59","guid":{"rendered":"http:\/\/www.zerdab.com\/?p=28577"},"modified":"2023-12-04T14:52:39","modified_gmt":"2023-12-04T10:52:39","slug":"z%c9%99rdabisunas-alim-eld%c9%99niz-h%c9%99s%c9%99nov-heyd%c9%99r-zirv%c9%99si-medali-il%c9%99-t%c9%99ltif-olunub-fotolar","status":"publish","type":"post","link":"https:\/\/www.zerdab.com\/?p=28577","title":{"rendered":"Z\u0259rdabi\u015f\u00fcnas alim Eld\u0259niz H\u0259s\u0259nov \u201cHeyd\u0259r Zirv\u0259si&#8221; medal\u0131 il\u0259 t\u0259ltif olunub &#8211; Fotolar"},"content":{"rendered":"\r\n<p>Aqrar elml\u0259r \u00fczr\u0259 f\u0259ls\u0259f\u0259 doktoru, Beyn\u0259lxalq Ekoenergetika Akademiyas\u0131n\u0131n ekologiya \u00fczr\u0259 professoru, Z\u0259rdabi\u015f\u00fcnas, Az\u0259rbaycan Jurnalistl\u0259r v\u0259 Yaz\u0131\u00e7\u0131lar Birliyinin \u00fczv\u00fc, \u201cQ\u0131z\u0131l Q\u0259l\u0259m\u201d v\u0259 Ali Media M\u00fckafat\u0131 laureat\u0131, h\u0259myerlimiz Eld\u0259niz \u018fli o\u011flu H\u0259s\u0259nov \u201cQafqaz-Media\u201d \u0130ctimai Birliyinin \u201cHeyd\u0259r Zirv\u0259si\u201d medal\u0131na layiq g\u00f6r\u00fcl\u00fcb. <strong>Zerdab.com<\/strong> sayt\u0131na veril\u0259n m\u0259lumata g\u00f6r\u0259, medal\u0131n t\u0259qdimetm\u0259 t\u0259dbirind\u0259 Z\u0259rdab rayonundan mill\u0259t v\u0259kili, professor Jal\u0259 \u018fliyeva, h\u0259myerlimiz, sahibkar V\u0259fa Muradzad\u0259, H\u0259s\u0259n b\u0259y Z\u0259rdabi irsinin T\u0259bli\u011fi T\u0259\u015f\u0259bb\u00fcs Qrupunun f\u0259allar\u0131ndan olan Seymur Bayramov, Z\u0259rdabi n\u0259slinin davam\u00e7\u0131s\u0131 N\u00fcsr\u0259t M\u0259likov i\u015ftirak edibl\u0259r.<\/p>\r\n\r\n\r\n\r\n<figure class=\"wp-block-image\"><img loading=\"lazy\" decoding=\"async\" width=\"413\" height=\"550\" class=\"wp-image-28582\" src=\"http:\/\/www.zerdab.com\/wp-content\/uploads\/2020\/08\/zerdabisunas-eldeniz-hesenov-413x550.jpg\" alt=\"\" srcset=\"https:\/\/www.zerdab.com\/wp-content\/uploads\/2020\/08\/zerdabisunas-eldeniz-hesenov-413x550.jpg 413w, https:\/\/www.zerdab.com\/wp-content\/uploads\/2020\/08\/zerdabisunas-eldeniz-hesenov-400x533.jpg 400w, https:\/\/www.zerdab.com\/wp-content\/uploads\/2020\/08\/zerdabisunas-eldeniz-hesenov.jpg 768w, https:\/\/www.zerdab.com\/wp-content\/uploads\/2020\/08\/zerdabisunas-eldeniz-hesenov-696x928.jpg 696w, https:\/\/www.zerdab.com\/wp-content\/uploads\/2020\/08\/zerdabisunas-eldeniz-hesenov-315x420.jpg 315w\" sizes=\"auto, (max-width: 413px) 100vw, 413px\" \/><\/figure>\r\n\r\n\r\n\r\n<p>T\u0259dbiri giri\u015f s\u00f6z\u00fc il\u0259 a\u00e7an \u201cQafqaz-Media\u201d \u0130ctimai Birliyinin s\u0259dr m\u00fcavini Sahil\u0259 Abdullayeva medal\u0131n \u00f6lk\u0259mizd\u0259 elmin, t\u0259hsilin, inc\u0259s\u0259n\u0259tin inki\u015faf\u0131nda xidm\u0259tl\u0259ri olan ziyal\u0131lara verildiyini vur\u011fulay\u0131b.<\/p>\r\n\r\n\r\n\r\n<p>S. Abdullayeva bu medala layiq g\u00f6r\u00fclm\u0259si m\u00fcnasib\u0259ti il\u0259 Eld\u0259niz H\u0259s\u0259novu t\u0259brik edib v\u0259 ona f\u0259aliyy\u0259tind\u0259 yeni-yeni u\u011furlar arzulay\u0131b.<\/p>\r\n\r\n\r\n\r\n<p>Daha sonra Eld\u0259niz H\u0259s\u0259nova \u201c\u0130lhaml\u0131 Az\u0259rbaycan\u0131m\u201d diplomu, Milli M\u0259tbuat\u0131n145 illik yubileyi m\u00fcnasib\u0259til\u0259 \u201cHeyd\u0259r Zirv\u0259si\u201d medal\u0131 v\u0259 \u201cQ\u0131z\u0131l Kitab\u201d diplomu t\u0259qdim edilib.<\/p>\r\n\r\n\r\n\r\n<figure class=\"wp-block-image\"><img loading=\"lazy\" decoding=\"async\" width=\"413\" height=\"550\" class=\"wp-image-28585\" src=\"http:\/\/www.zerdab.com\/wp-content\/uploads\/2020\/08\/zerdabisunas-eldeniz-hesenov1-413x550.jpg\" alt=\"\" srcset=\"https:\/\/www.zerdab.com\/wp-content\/uploads\/2020\/08\/zerdabisunas-eldeniz-hesenov1-413x550.jpg 413w, https:\/\/www.zerdab.com\/wp-content\/uploads\/2020\/08\/zerdabisunas-eldeniz-hesenov1-400x533.jpg 400w, https:\/\/www.zerdab.com\/wp-content\/uploads\/2020\/08\/zerdabisunas-eldeniz-hesenov1.jpg 768w, https:\/\/www.zerdab.com\/wp-content\/uploads\/2020\/08\/zerdabisunas-eldeniz-hesenov1-696x928.jpg 696w, https:\/\/www.zerdab.com\/wp-content\/uploads\/2020\/08\/zerdabisunas-eldeniz-hesenov1-315x420.jpg 315w\" sizes=\"auto, (max-width: 413px) 100vw, 413px\" \/><\/figure>\r\n\r\n\r\n\r\n<p>Aqrar elml\u0259r \u00fczr\u0259 f\u0259ls\u0259f\u0259 doktoru, Beyn\u0259lxalq Ekoenergetika Akademiyas\u0131n\u0131n ekologiya \u00fczr\u0259 professoru, Z\u0259rdabi\u015f\u00fcnas, Ali Media M\u00fckafat\u0131 laureat\u0131 E. H\u0259s\u0259nov \u0259m\u0259yin\u0259 veril\u0259n qiym\u0259t\u0259 g\u00f6r\u0259 t\u0259\u015f\u0259kk\u00fcr\u00fcn\u00fc bildirib v\u0259 H\u0259s\u0259n b\u0259y Z\u0259rdabinin h\u0259yat\u0131 v\u0259 yarad\u0131c\u0131l\u0131\u011f\u0131, onun elmi irsinin t\u0259dqiqi istiqam\u0259tind\u0259 f\u0259aliyy\u0259tini davam etdir\u0259c\u0259yini vur\u011fulay\u0131b.<\/p>\r\n\r\n\r\n\r\n<figure class=\"wp-block-image\"><img loading=\"lazy\" decoding=\"async\" width=\"550\" height=\"413\" class=\"wp-image-28588\" src=\"http:\/\/www.zerdab.com\/wp-content\/uploads\/2020\/08\/zerdabisunas-eldeniz-hesenov2-550x413.jpg\" alt=\"\" srcset=\"https:\/\/www.zerdab.com\/wp-content\/uploads\/2020\/08\/zerdabisunas-eldeniz-hesenov2-550x413.jpg 550w, https:\/\/www.zerdab.com\/wp-content\/uploads\/2020\/08\/zerdabisunas-eldeniz-hesenov2-400x300.jpg 400w, https:\/\/www.zerdab.com\/wp-content\/uploads\/2020\/08\/zerdabisunas-eldeniz-hesenov2-768x576.jpg 768w, https:\/\/www.zerdab.com\/wp-content\/uploads\/2020\/08\/zerdabisunas-eldeniz-hesenov2-80x60.jpg 80w, https:\/\/www.zerdab.com\/wp-content\/uploads\/2020\/08\/zerdabisunas-eldeniz-hesenov2-265x198.jpg 265w, https:\/\/www.zerdab.com\/wp-content\/uploads\/2020\/08\/zerdabisunas-eldeniz-hesenov2-696x522.jpg 696w, https:\/\/www.zerdab.com\/wp-content\/uploads\/2020\/08\/zerdabisunas-eldeniz-hesenov2-560x420.jpg 560w, https:\/\/www.zerdab.com\/wp-content\/uploads\/2020\/08\/zerdabisunas-eldeniz-hesenov2.jpg 1024w\" sizes=\"auto, (max-width: 550px) 100vw, 550px\" \/><\/figure>\r\n\r\n\r\n\r\n<p>E. H\u0259s\u0259nov m\u00fc\u0259llifi oldu\u011fu<strong> \u201c<\/strong>H\u0259s\u0259n b\u0259y Z\u0259rdabi irsi, ke\u015fm\u0259ke\u015fli h\u0259yat yolu\u201d adl\u0131 d\u0259y\u0259rli monoqrafiyas\u0131n\u0131 v\u0259 \u201cH\u0259s\u0259n b\u0259y Z\u0259rdabi Az\u0259rbaycanda yerqurulu\u015fu elminin v\u0259 torpaq islahat\u0131n\u0131n banisidir\u201d adl\u0131 kitab\u0131n\u0131 \u201cQafqaz-Media\u201d \u0130ctimai Birliyin\u0259 \u00a0t\u0259qdim edib.<\/p>\r\n\r\n\r\n\r\n<figure class=\"wp-block-image\"><img loading=\"lazy\" decoding=\"async\" width=\"550\" height=\"408\" class=\"wp-image-28592\" src=\"http:\/\/www.zerdab.com\/wp-content\/uploads\/2020\/08\/zerdabisunas-eldeniz-hesenov3-550x408.jpg\" alt=\"\" srcset=\"https:\/\/www.zerdab.com\/wp-content\/uploads\/2020\/08\/zerdabisunas-eldeniz-hesenov3-550x408.jpg 550w, https:\/\/www.zerdab.com\/wp-content\/uploads\/2020\/08\/zerdabisunas-eldeniz-hesenov3-400x296.jpg 400w, https:\/\/www.zerdab.com\/wp-content\/uploads\/2020\/08\/zerdabisunas-eldeniz-hesenov3-768x569.jpg 768w, https:\/\/www.zerdab.com\/wp-content\/uploads\/2020\/08\/zerdabisunas-eldeniz-hesenov3-80x60.jpg 80w, https:\/\/www.zerdab.com\/wp-content\/uploads\/2020\/08\/zerdabisunas-eldeniz-hesenov3-265x198.jpg 265w, https:\/\/www.zerdab.com\/wp-content\/uploads\/2020\/08\/zerdabisunas-eldeniz-hesenov3-696x516.jpg 696w, https:\/\/www.zerdab.com\/wp-content\/uploads\/2020\/08\/zerdabisunas-eldeniz-hesenov3-567x420.jpg 567w, https:\/\/www.zerdab.com\/wp-content\/uploads\/2020\/08\/zerdabisunas-eldeniz-hesenov3.jpg 1024w\" sizes=\"auto, (max-width: 550px) 100vw, 550px\" \/><\/figure>\r\n\r\n\r\n\r\n<p>T\u0259dbir \u00e7ay s\u00fcfr\u0259si arxas\u0131nda ziyal\u0131lar\u0131n m\u00fczakir\u0259si il\u0259 davam etdirilib.<\/p>\r\n\r\n\r\n\r\n<p>Sonda xatir\u0259 \u015f\u0259kill\u0259ri \u00e7\u0259kdirilib.<\/p>\r\n","protected":false},"excerpt":{"rendered":"<p>Aqrar elml\u0259r \u00fczr\u0259 f\u0259ls\u0259f\u0259 doktoru, Beyn\u0259lxalq Ekoenergetika Akademiyas\u0131n\u0131n ekologiya \u00fczr\u0259 professoru, Z\u0259rdabi\u015f\u00fcnas, Az\u0259rbaycan Jurnalistl\u0259r v\u0259 Yaz\u0131\u00e7\u0131lar Birliyinin \u00fczv\u00fc, \u201cQ\u0131z\u0131l Q\u0259l\u0259m\u201d v\u0259 Ali Media M\u00fckafat\u0131 laureat\u0131, h\u0259myerlimiz Eld\u0259niz \u018fli o\u011flu H\u0259s\u0259nov \u201cQafqaz-Media\u201d \u0130ctimai Birliyinin \u201cHeyd\u0259r Zirv\u0259si\u201d medal\u0131na layiq g\u00f6r\u00fcl\u00fcb. Zerdab.com sayt\u0131na veril\u0259n m\u0259lumata g\u00f6r\u0259, medal\u0131n t\u0259qdimetm\u0259 t\u0259dbirind\u0259 Z\u0259rdab rayonundan mill\u0259t v\u0259kili, professor Jal\u0259 \u018fliyeva, h\u0259myerlimiz, sahibkar [&hellip;]<\/p>\n","protected":false},"author":1,"featured_media":28579,"comment_status":"open","ping_status":"open","sticky":false,"template":"","format":"standard","meta":{"footnotes":""},"categories":[21,63],"tags":[],"class_list":{"0":"post-28577","1":"post","2":"type-post","3":"status-publish","4":"format-standard","5":"has-post-thumbnail","7":"category-zrdab","8":"category-manset"},"yoast_head":"<!-- This site is optimized with the Yoast SEO plugin v27.0 - https:\/\/yoast.com\/product\/yoast-seo-wordpress\/ -->\n<title>Z\u0259rdabi\u015f\u00fcnas alim Eld\u0259niz H\u0259s\u0259nov \u201cHeyd\u0259r Zirv\u0259si&quot; medal\u0131 il\u0259 t\u0259ltif olunub - Fotolar - Z\u0259rdab.com<\/title>\n<meta name=\"robots\" content=\"index, follow, max-snippet:-1, max-image-preview:large, max-video-preview:-1\" \/>\n<link rel=\"canonical\" href=\"https:\/\/www.zerdab.com\/?p=28577\" \/>\n<meta property=\"og:locale\" content=\"az_AZ\" \/>\n<meta property=\"og:type\" content=\"article\" \/>\n<meta property=\"og:title\" content=\"Z\u0259rdabi\u015f\u00fcnas alim Eld\u0259niz H\u0259s\u0259nov \u201cHeyd\u0259r Zirv\u0259si&quot; medal\u0131 il\u0259 t\u0259ltif olunub - Fotolar - Z\u0259rdab.com\" \/>\n<meta property=\"og:description\" content=\"Aqrar elml\u0259r \u00fczr\u0259 f\u0259ls\u0259f\u0259 doktoru, Beyn\u0259lxalq Ekoenergetika Akademiyas\u0131n\u0131n ekologiya \u00fczr\u0259 professoru, Z\u0259rdabi\u015f\u00fcnas, Az\u0259rbaycan Jurnalistl\u0259r v\u0259 Yaz\u0131\u00e7\u0131lar Birliyinin \u00fczv\u00fc, \u201cQ\u0131z\u0131l Q\u0259l\u0259m\u201d v\u0259 Ali Media M\u00fckafat\u0131 laureat\u0131, h\u0259myerlimiz Eld\u0259niz \u018fli o\u011flu H\u0259s\u0259nov \u201cQafqaz-Media\u201d \u0130ctimai Birliyinin \u201cHeyd\u0259r Zirv\u0259si\u201d medal\u0131na layiq g\u00f6r\u00fcl\u00fcb. Zerdab.com sayt\u0131na veril\u0259n m\u0259lumata g\u00f6r\u0259, medal\u0131n t\u0259qdimetm\u0259 t\u0259dbirind\u0259 Z\u0259rdab rayonundan mill\u0259t v\u0259kili, professor Jal\u0259 \u018fliyeva, h\u0259myerlimiz, sahibkar [&hellip;]\" \/>\n<meta property=\"og:url\" content=\"https:\/\/www.zerdab.com\/?p=28577\" \/>\n<meta property=\"og:site_name\" content=\"Z\u0259rdab.com\" \/>\n<meta property=\"article:published_time\" content=\"2020-08-24T13:30:59+00:00\" \/>\n<meta property=\"article:modified_time\" content=\"2023-12-04T10:52:39+00:00\" \/>\n<meta property=\"og:image\" content=\"http:\/\/www.zerdab.com\/wp-content\/uploads\/2020\/08\/hesen-bey-zerdabi-irsi-eldeniz-hesenov.jpg\" \/>\n\t<meta property=\"og:image:width\" content=\"990\" \/>\n\t<meta property=\"og:image:height\" content=\"655\" \/>\n\t<meta property=\"og:image:type\" content=\"image\/jpeg\" \/>\n<meta name=\"author\" content=\"admin\" \/>\n<meta name=\"twitter:card\" content=\"summary_large_image\" \/>\n<meta name=\"twitter:label1\" content=\"Written by\" \/>\n\t<meta name=\"twitter:data1\" content=\"admin\" \/>\n\t<meta name=\"twitter:label2\" content=\"Est. reading time\" \/>\n\t<meta name=\"twitter:data2\" content=\"3 minutes\" \/>\n<script type=\"application\/ld+json\" class=\"yoast-schema-graph\">{\"@context\":\"https:\/\/schema.org\",\"@graph\":[{\"@type\":\"Article\",\"@id\":\"https:\/\/www.zerdab.com\/?p=28577#article\",\"isPartOf\":{\"@id\":\"https:\/\/www.zerdab.com\/?p=28577\"},\"author\":{\"name\":\"admin\",\"@id\":\"https:\/\/www.zerdab.com\/#\/schema\/person\/97079b7570c1e89ec0d9e138c3672136\"},\"headline\":\"Z\u0259rdabi\u015f\u00fcnas alim Eld\u0259niz H\u0259s\u0259nov \u201cHeyd\u0259r Zirv\u0259si&#8221; medal\u0131 il\u0259 t\u0259ltif olunub &#8211; Fotolar\",\"datePublished\":\"2020-08-24T13:30:59+00:00\",\"dateModified\":\"2023-12-04T10:52:39+00:00\",\"mainEntityOfPage\":{\"@id\":\"https:\/\/www.zerdab.com\/?p=28577\"},\"wordCount\":412,\"commentCount\":0,\"image\":{\"@id\":\"https:\/\/www.zerdab.com\/?p=28577#primaryimage\"},\"thumbnailUrl\":\"https:\/\/www.zerdab.com\/wp-content\/uploads\/2020\/08\/hesen-bey-zerdabi-irsi-eldeniz-hesenov.jpg\",\"articleSection\":[\"C\u018fM\u0130YY\u018fT\",\"MAN\u015eET\"],\"inLanguage\":\"az\",\"potentialAction\":[{\"@type\":\"CommentAction\",\"name\":\"Comment\",\"target\":[\"https:\/\/www.zerdab.com\/?p=28577#respond\"]}]},{\"@type\":\"WebPage\",\"@id\":\"https:\/\/www.zerdab.com\/?p=28577\",\"url\":\"https:\/\/www.zerdab.com\/?p=28577\",\"name\":\"Z\u0259rdabi\u015f\u00fcnas alim Eld\u0259niz H\u0259s\u0259nov \u201cHeyd\u0259r Zirv\u0259si\\\" medal\u0131 il\u0259 t\u0259ltif olunub - Fotolar - Z\u0259rdab.com\",\"isPartOf\":{\"@id\":\"https:\/\/www.zerdab.com\/#website\"},\"primaryImageOfPage\":{\"@id\":\"https:\/\/www.zerdab.com\/?p=28577#primaryimage\"},\"image\":{\"@id\":\"https:\/\/www.zerdab.com\/?p=28577#primaryimage\"},\"thumbnailUrl\":\"https:\/\/www.zerdab.com\/wp-content\/uploads\/2020\/08\/hesen-bey-zerdabi-irsi-eldeniz-hesenov.jpg\",\"datePublished\":\"2020-08-24T13:30:59+00:00\",\"dateModified\":\"2023-12-04T10:52:39+00:00\",\"author\":{\"@id\":\"https:\/\/www.zerdab.com\/#\/schema\/person\/97079b7570c1e89ec0d9e138c3672136\"},\"breadcrumb\":{\"@id\":\"https:\/\/www.zerdab.com\/?p=28577#breadcrumb\"},\"inLanguage\":\"az\",\"potentialAction\":[{\"@type\":\"ReadAction\",\"target\":[\"https:\/\/www.zerdab.com\/?p=28577\"]}]},{\"@type\":\"ImageObject\",\"inLanguage\":\"az\",\"@id\":\"https:\/\/www.zerdab.com\/?p=28577#primaryimage\",\"url\":\"https:\/\/www.zerdab.com\/wp-content\/uploads\/2020\/08\/hesen-bey-zerdabi-irsi-eldeniz-hesenov.jpg\",\"contentUrl\":\"https:\/\/www.zerdab.com\/wp-content\/uploads\/2020\/08\/hesen-bey-zerdabi-irsi-eldeniz-hesenov.jpg\",\"width\":990,\"height\":655,\"caption\":\"hesen-bey-zerdabi-irsi-eldeniz-hesenov\"},{\"@type\":\"BreadcrumbList\",\"@id\":\"https:\/\/www.zerdab.com\/?p=28577#breadcrumb\",\"itemListElement\":[{\"@type\":\"ListItem\",\"position\":1,\"name\":\"Home\",\"item\":\"https:\/\/www.zerdab.com\/\"},{\"@type\":\"ListItem\",\"position\":2,\"name\":\"Z\u0259rdabi\u015f\u00fcnas alim Eld\u0259niz H\u0259s\u0259nov \u201cHeyd\u0259r Zirv\u0259si&#8221; medal\u0131 il\u0259 t\u0259ltif olunub &#8211; Fotolar\"}]},{\"@type\":\"WebSite\",\"@id\":\"https:\/\/www.zerdab.com\/#website\",\"url\":\"https:\/\/www.zerdab.com\/\",\"name\":\"Z\u0259rdab.com\",\"description\":\"\",\"potentialAction\":[{\"@type\":\"SearchAction\",\"target\":{\"@type\":\"EntryPoint\",\"urlTemplate\":\"https:\/\/www.zerdab.com\/?s={search_term_string}\"},\"query-input\":{\"@type\":\"PropertyValueSpecification\",\"valueRequired\":true,\"valueName\":\"search_term_string\"}}],\"inLanguage\":\"az\"},{\"@type\":\"Person\",\"@id\":\"https:\/\/www.zerdab.com\/#\/schema\/person\/97079b7570c1e89ec0d9e138c3672136\",\"name\":\"admin\",\"image\":{\"@type\":\"ImageObject\",\"inLanguage\":\"az\",\"@id\":\"https:\/\/www.zerdab.com\/#\/schema\/person\/image\/\",\"url\":\"https:\/\/secure.gravatar.com\/avatar\/d9c52a9a27c32119cb6679a077fa3e2779e5f822c451cbf01098004361d466ec?s=96&d=mm&r=g\",\"contentUrl\":\"https:\/\/secure.gravatar.com\/avatar\/d9c52a9a27c32119cb6679a077fa3e2779e5f822c451cbf01098004361d466ec?s=96&d=mm&r=g\",\"caption\":\"admin\"},\"url\":\"https:\/\/www.zerdab.com\/?author=1\"}]}<\/script>\n<!-- \/ Yoast SEO plugin. -->","yoast_head_json":{"title":"Z\u0259rdabi\u015f\u00fcnas alim Eld\u0259niz H\u0259s\u0259nov \u201cHeyd\u0259r Zirv\u0259si\" medal\u0131 il\u0259 t\u0259ltif olunub - Fotolar - Z\u0259rdab.com","robots":{"index":"index","follow":"follow","max-snippet":"max-snippet:-1","max-image-preview":"max-image-preview:large","max-video-preview":"max-video-preview:-1"},"canonical":"https:\/\/www.zerdab.com\/?p=28577","og_locale":"az_AZ","og_type":"article","og_title":"Z\u0259rdabi\u015f\u00fcnas alim Eld\u0259niz H\u0259s\u0259nov \u201cHeyd\u0259r Zirv\u0259si\" medal\u0131 il\u0259 t\u0259ltif olunub - Fotolar - Z\u0259rdab.com","og_description":"Aqrar elml\u0259r \u00fczr\u0259 f\u0259ls\u0259f\u0259 doktoru, Beyn\u0259lxalq Ekoenergetika Akademiyas\u0131n\u0131n ekologiya \u00fczr\u0259 professoru, Z\u0259rdabi\u015f\u00fcnas, Az\u0259rbaycan Jurnalistl\u0259r v\u0259 Yaz\u0131\u00e7\u0131lar Birliyinin \u00fczv\u00fc, \u201cQ\u0131z\u0131l Q\u0259l\u0259m\u201d v\u0259 Ali Media M\u00fckafat\u0131 laureat\u0131, h\u0259myerlimiz Eld\u0259niz \u018fli o\u011flu H\u0259s\u0259nov \u201cQafqaz-Media\u201d \u0130ctimai Birliyinin \u201cHeyd\u0259r Zirv\u0259si\u201d medal\u0131na layiq g\u00f6r\u00fcl\u00fcb. Zerdab.com sayt\u0131na veril\u0259n m\u0259lumata g\u00f6r\u0259, medal\u0131n t\u0259qdimetm\u0259 t\u0259dbirind\u0259 Z\u0259rdab rayonundan mill\u0259t v\u0259kili, professor Jal\u0259 \u018fliyeva, h\u0259myerlimiz, sahibkar [&hellip;]","og_url":"https:\/\/www.zerdab.com\/?p=28577","og_site_name":"Z\u0259rdab.com","article_published_time":"2020-08-24T13:30:59+00:00","article_modified_time":"2023-12-04T10:52:39+00:00","og_image":[{"width":990,"height":655,"url":"http:\/\/www.zerdab.com\/wp-content\/uploads\/2020\/08\/hesen-bey-zerdabi-irsi-eldeniz-hesenov.jpg","type":"image\/jpeg"}],"author":"admin","twitter_card":"summary_large_image","twitter_misc":{"Written by":"admin","Est. reading time":"3 minutes"},"schema":{"@context":"https:\/\/schema.org","@graph":[{"@type":"Article","@id":"https:\/\/www.zerdab.com\/?p=28577#article","isPartOf":{"@id":"https:\/\/www.zerdab.com\/?p=28577"},"author":{"name":"admin","@id":"https:\/\/www.zerdab.com\/#\/schema\/person\/97079b7570c1e89ec0d9e138c3672136"},"headline":"Z\u0259rdabi\u015f\u00fcnas alim Eld\u0259niz H\u0259s\u0259nov \u201cHeyd\u0259r Zirv\u0259si&#8221; medal\u0131 il\u0259 t\u0259ltif olunub &#8211; Fotolar","datePublished":"2020-08-24T13:30:59+00:00","dateModified":"2023-12-04T10:52:39+00:00","mainEntityOfPage":{"@id":"https:\/\/www.zerdab.com\/?p=28577"},"wordCount":412,"commentCount":0,"image":{"@id":"https:\/\/www.zerdab.com\/?p=28577#primaryimage"},"thumbnailUrl":"https:\/\/www.zerdab.com\/wp-content\/uploads\/2020\/08\/hesen-bey-zerdabi-irsi-eldeniz-hesenov.jpg","articleSection":["C\u018fM\u0130YY\u018fT","MAN\u015eET"],"inLanguage":"az","potentialAction":[{"@type":"CommentAction","name":"Comment","target":["https:\/\/www.zerdab.com\/?p=28577#respond"]}]},{"@type":"WebPage","@id":"https:\/\/www.zerdab.com\/?p=28577","url":"https:\/\/www.zerdab.com\/?p=28577","name":"Z\u0259rdabi\u015f\u00fcnas alim Eld\u0259niz H\u0259s\u0259nov \u201cHeyd\u0259r Zirv\u0259si\" medal\u0131 il\u0259 t\u0259ltif olunub - Fotolar - Z\u0259rdab.com","isPartOf":{"@id":"https:\/\/www.zerdab.com\/#website"},"primaryImageOfPage":{"@id":"https:\/\/www.zerdab.com\/?p=28577#primaryimage"},"image":{"@id":"https:\/\/www.zerdab.com\/?p=28577#primaryimage"},"thumbnailUrl":"https:\/\/www.zerdab.com\/wp-content\/uploads\/2020\/08\/hesen-bey-zerdabi-irsi-eldeniz-hesenov.jpg","datePublished":"2020-08-24T13:30:59+00:00","dateModified":"2023-12-04T10:52:39+00:00","author":{"@id":"https:\/\/www.zerdab.com\/#\/schema\/person\/97079b7570c1e89ec0d9e138c3672136"},"breadcrumb":{"@id":"https:\/\/www.zerdab.com\/?p=28577#breadcrumb"},"inLanguage":"az","potentialAction":[{"@type":"ReadAction","target":["https:\/\/www.zerdab.com\/?p=28577"]}]},{"@type":"ImageObject","inLanguage":"az","@id":"https:\/\/www.zerdab.com\/?p=28577#primaryimage","url":"https:\/\/www.zerdab.com\/wp-content\/uploads\/2020\/08\/hesen-bey-zerdabi-irsi-eldeniz-hesenov.jpg","contentUrl":"https:\/\/www.zerdab.com\/wp-content\/uploads\/2020\/08\/hesen-bey-zerdabi-irsi-eldeniz-hesenov.jpg","width":990,"height":655,"caption":"hesen-bey-zerdabi-irsi-eldeniz-hesenov"},{"@type":"BreadcrumbList","@id":"https:\/\/www.zerdab.com\/?p=28577#breadcrumb","itemListElement":[{"@type":"ListItem","position":1,"name":"Home","item":"https:\/\/www.zerdab.com\/"},{"@type":"ListItem","position":2,"name":"Z\u0259rdabi\u015f\u00fcnas alim Eld\u0259niz H\u0259s\u0259nov \u201cHeyd\u0259r Zirv\u0259si&#8221; medal\u0131 il\u0259 t\u0259ltif olunub &#8211; Fotolar"}]},{"@type":"WebSite","@id":"https:\/\/www.zerdab.com\/#website","url":"https:\/\/www.zerdab.com\/","name":"Z\u0259rdab.com","description":"","potentialAction":[{"@type":"SearchAction","target":{"@type":"EntryPoint","urlTemplate":"https:\/\/www.zerdab.com\/?s={search_term_string}"},"query-input":{"@type":"PropertyValueSpecification","valueRequired":true,"valueName":"search_term_string"}}],"inLanguage":"az"},{"@type":"Person","@id":"https:\/\/www.zerdab.com\/#\/schema\/person\/97079b7570c1e89ec0d9e138c3672136","name":"admin","image":{"@type":"ImageObject","inLanguage":"az","@id":"https:\/\/www.zerdab.com\/#\/schema\/person\/image\/","url":"https:\/\/secure.gravatar.com\/avatar\/d9c52a9a27c32119cb6679a077fa3e2779e5f822c451cbf01098004361d466ec?s=96&d=mm&r=g","contentUrl":"https:\/\/secure.gravatar.com\/avatar\/d9c52a9a27c32119cb6679a077fa3e2779e5f822c451cbf01098004361d466ec?s=96&d=mm&r=g","caption":"admin"},"url":"https:\/\/www.zerdab.com\/?author=1"}]}},"_links":{"self":[{"href":"https:\/\/www.zerdab.com\/index.php?rest_route=\/wp\/v2\/posts\/28577","targetHints":{"allow":["GET"]}}],"collection":[{"href":"https:\/\/www.zerdab.com\/index.php?rest_route=\/wp\/v2\/posts"}],"about":[{"href":"https:\/\/www.zerdab.com\/index.php?rest_route=\/wp\/v2\/types\/post"}],"author":[{"embeddable":true,"href":"https:\/\/www.zerdab.com\/index.php?rest_route=\/wp\/v2\/users\/1"}],"replies":[{"embeddable":true,"href":"https:\/\/www.zerdab.com\/index.php?rest_route=%2Fwp%2Fv2%2Fcomments&post=28577"}],"version-history":[{"count":7,"href":"https:\/\/www.zerdab.com\/index.php?rest_route=\/wp\/v2\/posts\/28577\/revisions"}],"predecessor-version":[{"id":30514,"href":"https:\/\/www.zerdab.com\/index.php?rest_route=\/wp\/v2\/posts\/28577\/revisions\/30514"}],"wp:featuredmedia":[{"embeddable":true,"href":"https:\/\/www.zerdab.com\/index.php?rest_route=\/wp\/v2\/media\/28579"}],"wp:attachment":[{"href":"https:\/\/www.zerdab.com\/index.php?rest_route=%2Fwp%2Fv2%2Fmedia&parent=28577"}],"wp:term":[{"taxonomy":"category","embeddable":true,"href":"https:\/\/www.zerdab.com\/index.php?rest_route=%2Fwp%2Fv2%2Fcategories&post=28577"},{"taxonomy":"post_tag","embeddable":true,"href":"https:\/\/www.zerdab.com\/index.php?rest_route=%2Fwp%2Fv2%2Ftags&post=28577"}],"curies":[{"name":"wp","href":"https:\/\/api.w.org\/{rel}","templated":true}]}}