{"id":28601,"date":"2020-09-08T13:58:05","date_gmt":"2020-09-08T09:58:05","guid":{"rendered":"http:\/\/www.zerdab.com\/?p=28601"},"modified":"2020-09-08T13:59:29","modified_gmt":"2020-09-08T09:59:29","slug":"z%c9%99rdabda-d%c9%99hs%c9%99tli-intihar-3-usaq-atasi-idi","status":"publish","type":"post","link":"https:\/\/www.zerdab.com\/?p=28601","title":{"rendered":"Z\u0259rdabda d\u0259h\u015f\u0259tli intihar &#8211; 3 u\u015faq atas\u0131 idi"},"content":{"rendered":"\n<p><strong>Z\u0259rdab rayonunda&nbsp;intihar hadis\u0259si ba\u015f verib.<\/strong><\/p>\n\n\n\n<p>Hadis\u0259 rayonun Yarm\u0259mm\u0259dba\u011f\u0131 k\u0259ndind\u0259 qeyd\u0259 al\u0131n\u0131b.<\/p>\n\n\n\n<p>Bel\u0259 ki, k\u0259nd sakini, 33 ya\u015fl\u0131 Osmanov Fariz Vaqif o\u011flu \u00f6z\u00fcn\u00fc asaraq intihar edib.<\/p>\n\n\n\n<p>Faktla ba\u011fl\u0131 ara\u015fd\u0131rma apar\u0131l\u0131r.<\/p>\n\n\n\n<p>Qeyd ed\u0259k ki, F.Osmanov ail\u0259li idi,&nbsp;3 azya\u015fl\u0131 u\u015fa\u011f\u0131 var.report<\/p>\n","protected":false},"excerpt":{"rendered":"<p>Z\u0259rdab rayonunda&nbsp;intihar hadis\u0259si ba\u015f verib. Hadis\u0259 rayonun Yarm\u0259mm\u0259dba\u011f\u0131 k\u0259ndind\u0259 qeyd\u0259 al\u0131n\u0131b. Bel\u0259 ki, k\u0259nd sakini, 33 ya\u015fl\u0131 Osmanov Fariz Vaqif o\u011flu \u00f6z\u00fcn\u00fc asaraq intihar edib. Faktla ba\u011fl\u0131 ara\u015fd\u0131rma apar\u0131l\u0131r. Qeyd ed\u0259k ki, F.Osmanov ail\u0259li idi,&nbsp;3 azya\u015fl\u0131 u\u015fa\u011f\u0131 var.report<\/p>\n","protected":false},"author":1,"featured_media":27146,"comment_status":"open","ping_status":"open","sticky":false,"template":"","format":"standard","meta":{"footnotes":""},"categories":[46,63],"tags":[],"class_list":{"0":"post-28601","1":"post","2":"type-post","3":"status-publish","4":"format-standard","5":"has-post-thumbnail","7":"category-hadis","8":"category-manset"},"yoast_head":"<!-- This site is optimized with the Yoast SEO plugin v27.0 - https:\/\/yoast.com\/product\/yoast-seo-wordpress\/ -->\n<title>Z\u0259rdabda d\u0259h\u015f\u0259tli intihar - 3 u\u015faq atas\u0131 idi - Z\u0259rdab.com<\/title>\n<meta name=\"robots\" content=\"index, follow, max-snippet:-1, max-image-preview:large, max-video-preview:-1\" \/>\n<link rel=\"canonical\" href=\"https:\/\/www.zerdab.com\/?p=28601\" \/>\n<meta property=\"og:locale\" content=\"az_AZ\" \/>\n<meta property=\"og:type\" content=\"article\" \/>\n<meta property=\"og:title\" content=\"Z\u0259rdabda d\u0259h\u015f\u0259tli intihar - 3 u\u015faq atas\u0131 idi - Z\u0259rdab.com\" \/>\n<meta property=\"og:description\" content=\"Z\u0259rdab rayonunda&nbsp;intihar hadis\u0259si ba\u015f verib. Hadis\u0259 rayonun Yarm\u0259mm\u0259dba\u011f\u0131 k\u0259ndind\u0259 qeyd\u0259 al\u0131n\u0131b. Bel\u0259 ki, k\u0259nd sakini, 33 ya\u015fl\u0131 Osmanov Fariz Vaqif o\u011flu \u00f6z\u00fcn\u00fc asaraq intihar edib. Faktla ba\u011fl\u0131 ara\u015fd\u0131rma apar\u0131l\u0131r. Qeyd ed\u0259k ki, F.Osmanov ail\u0259li idi,&nbsp;3 azya\u015fl\u0131 u\u015fa\u011f\u0131 var.report\" \/>\n<meta property=\"og:url\" content=\"https:\/\/www.zerdab.com\/?p=28601\" \/>\n<meta property=\"og:site_name\" content=\"Z\u0259rdab.com\" \/>\n<meta property=\"article:published_time\" content=\"2020-09-08T09:58:05+00:00\" \/>\n<meta property=\"article:modified_time\" content=\"2020-09-08T09:59:29+00:00\" \/>\n<meta property=\"og:image\" content=\"https:\/\/www.zerdab.com\/wp-content\/uploads\/2019\/05\/zerdab-vakansiya-isci-axtarilir.jpg\" \/>\n\t<meta property=\"og:image:width\" content=\"1024\" \/>\n\t<meta property=\"og:image:height\" content=\"576\" \/>\n\t<meta property=\"og:image:type\" content=\"image\/jpeg\" \/>\n<meta name=\"author\" content=\"admin\" \/>\n<meta name=\"twitter:card\" content=\"summary_large_image\" \/>\n<meta name=\"twitter:label1\" content=\"Written by\" \/>\n\t<meta name=\"twitter:data1\" content=\"admin\" \/>\n<script type=\"application\/ld+json\" class=\"yoast-schema-graph\">{\"@context\":\"https:\/\/schema.org\",\"@graph\":[{\"@type\":\"Article\",\"@id\":\"https:\/\/www.zerdab.com\/?p=28601#article\",\"isPartOf\":{\"@id\":\"https:\/\/www.zerdab.com\/?p=28601\"},\"author\":{\"name\":\"admin\",\"@id\":\"https:\/\/www.zerdab.com\/#\/schema\/person\/97079b7570c1e89ec0d9e138c3672136\"},\"headline\":\"Z\u0259rdabda d\u0259h\u015f\u0259tli intihar &#8211; 3 u\u015faq atas\u0131 idi\",\"datePublished\":\"2020-09-08T09:58:05+00:00\",\"dateModified\":\"2020-09-08T09:59:29+00:00\",\"mainEntityOfPage\":{\"@id\":\"https:\/\/www.zerdab.com\/?p=28601\"},\"wordCount\":73,\"commentCount\":0,\"image\":{\"@id\":\"https:\/\/www.zerdab.com\/?p=28601#primaryimage\"},\"thumbnailUrl\":\"https:\/\/www.zerdab.com\/wp-content\/uploads\/2019\/05\/zerdab-vakansiya-isci-axtarilir.jpg\",\"articleSection\":[\"HAD\u0130S\u018f\",\"MAN\u015eET\"],\"inLanguage\":\"az\",\"potentialAction\":[{\"@type\":\"CommentAction\",\"name\":\"Comment\",\"target\":[\"https:\/\/www.zerdab.com\/?p=28601#respond\"]}]},{\"@type\":\"WebPage\",\"@id\":\"https:\/\/www.zerdab.com\/?p=28601\",\"url\":\"https:\/\/www.zerdab.com\/?p=28601\",\"name\":\"Z\u0259rdabda d\u0259h\u015f\u0259tli intihar - 3 u\u015faq atas\u0131 idi - Z\u0259rdab.com\",\"isPartOf\":{\"@id\":\"https:\/\/www.zerdab.com\/#website\"},\"primaryImageOfPage\":{\"@id\":\"https:\/\/www.zerdab.com\/?p=28601#primaryimage\"},\"image\":{\"@id\":\"https:\/\/www.zerdab.com\/?p=28601#primaryimage\"},\"thumbnailUrl\":\"https:\/\/www.zerdab.com\/wp-content\/uploads\/2019\/05\/zerdab-vakansiya-isci-axtarilir.jpg\",\"datePublished\":\"2020-09-08T09:58:05+00:00\",\"dateModified\":\"2020-09-08T09:59:29+00:00\",\"author\":{\"@id\":\"https:\/\/www.zerdab.com\/#\/schema\/person\/97079b7570c1e89ec0d9e138c3672136\"},\"breadcrumb\":{\"@id\":\"https:\/\/www.zerdab.com\/?p=28601#breadcrumb\"},\"inLanguage\":\"az\",\"potentialAction\":[{\"@type\":\"ReadAction\",\"target\":[\"https:\/\/www.zerdab.com\/?p=28601\"]}]},{\"@type\":\"ImageObject\",\"inLanguage\":\"az\",\"@id\":\"https:\/\/www.zerdab.com\/?p=28601#primaryimage\",\"url\":\"https:\/\/www.zerdab.com\/wp-content\/uploads\/2019\/05\/zerdab-vakansiya-isci-axtarilir.jpg\",\"contentUrl\":\"https:\/\/www.zerdab.com\/wp-content\/uploads\/2019\/05\/zerdab-vakansiya-isci-axtarilir.jpg\",\"width\":1024,\"height\":576,\"caption\":\"zerdab-vakansiya-isci-axtarilir\"},{\"@type\":\"BreadcrumbList\",\"@id\":\"https:\/\/www.zerdab.com\/?p=28601#breadcrumb\",\"itemListElement\":[{\"@type\":\"ListItem\",\"position\":1,\"name\":\"Home\",\"item\":\"https:\/\/www.zerdab.com\/\"},{\"@type\":\"ListItem\",\"position\":2,\"name\":\"Z\u0259rdabda d\u0259h\u015f\u0259tli intihar &#8211; 3 u\u015faq atas\u0131 idi\"}]},{\"@type\":\"WebSite\",\"@id\":\"https:\/\/www.zerdab.com\/#website\",\"url\":\"https:\/\/www.zerdab.com\/\",\"name\":\"Z\u0259rdab.com\",\"description\":\"\",\"potentialAction\":[{\"@type\":\"SearchAction\",\"target\":{\"@type\":\"EntryPoint\",\"urlTemplate\":\"https:\/\/www.zerdab.com\/?s={search_term_string}\"},\"query-input\":{\"@type\":\"PropertyValueSpecification\",\"valueRequired\":true,\"valueName\":\"search_term_string\"}}],\"inLanguage\":\"az\"},{\"@type\":\"Person\",\"@id\":\"https:\/\/www.zerdab.com\/#\/schema\/person\/97079b7570c1e89ec0d9e138c3672136\",\"name\":\"admin\",\"image\":{\"@type\":\"ImageObject\",\"inLanguage\":\"az\",\"@id\":\"https:\/\/www.zerdab.com\/#\/schema\/person\/image\/\",\"url\":\"https:\/\/secure.gravatar.com\/avatar\/d9c52a9a27c32119cb6679a077fa3e2779e5f822c451cbf01098004361d466ec?s=96&d=mm&r=g\",\"contentUrl\":\"https:\/\/secure.gravatar.com\/avatar\/d9c52a9a27c32119cb6679a077fa3e2779e5f822c451cbf01098004361d466ec?s=96&d=mm&r=g\",\"caption\":\"admin\"},\"url\":\"https:\/\/www.zerdab.com\/?author=1\"}]}<\/script>\n<!-- \/ Yoast SEO plugin. -->","yoast_head_json":{"title":"Z\u0259rdabda d\u0259h\u015f\u0259tli intihar - 3 u\u015faq atas\u0131 idi - Z\u0259rdab.com","robots":{"index":"index","follow":"follow","max-snippet":"max-snippet:-1","max-image-preview":"max-image-preview:large","max-video-preview":"max-video-preview:-1"},"canonical":"https:\/\/www.zerdab.com\/?p=28601","og_locale":"az_AZ","og_type":"article","og_title":"Z\u0259rdabda d\u0259h\u015f\u0259tli intihar - 3 u\u015faq atas\u0131 idi - Z\u0259rdab.com","og_description":"Z\u0259rdab rayonunda&nbsp;intihar hadis\u0259si ba\u015f verib. Hadis\u0259 rayonun Yarm\u0259mm\u0259dba\u011f\u0131 k\u0259ndind\u0259 qeyd\u0259 al\u0131n\u0131b. Bel\u0259 ki, k\u0259nd sakini, 33 ya\u015fl\u0131 Osmanov Fariz Vaqif o\u011flu \u00f6z\u00fcn\u00fc asaraq intihar edib. Faktla ba\u011fl\u0131 ara\u015fd\u0131rma apar\u0131l\u0131r. Qeyd ed\u0259k ki, F.Osmanov ail\u0259li idi,&nbsp;3 azya\u015fl\u0131 u\u015fa\u011f\u0131 var.report","og_url":"https:\/\/www.zerdab.com\/?p=28601","og_site_name":"Z\u0259rdab.com","article_published_time":"2020-09-08T09:58:05+00:00","article_modified_time":"2020-09-08T09:59:29+00:00","og_image":[{"width":1024,"height":576,"url":"https:\/\/www.zerdab.com\/wp-content\/uploads\/2019\/05\/zerdab-vakansiya-isci-axtarilir.jpg","type":"image\/jpeg"}],"author":"admin","twitter_card":"summary_large_image","twitter_misc":{"Written by":"admin"},"schema":{"@context":"https:\/\/schema.org","@graph":[{"@type":"Article","@id":"https:\/\/www.zerdab.com\/?p=28601#article","isPartOf":{"@id":"https:\/\/www.zerdab.com\/?p=28601"},"author":{"name":"admin","@id":"https:\/\/www.zerdab.com\/#\/schema\/person\/97079b7570c1e89ec0d9e138c3672136"},"headline":"Z\u0259rdabda d\u0259h\u015f\u0259tli intihar &#8211; 3 u\u015faq atas\u0131 idi","datePublished":"2020-09-08T09:58:05+00:00","dateModified":"2020-09-08T09:59:29+00:00","mainEntityOfPage":{"@id":"https:\/\/www.zerdab.com\/?p=28601"},"wordCount":73,"commentCount":0,"image":{"@id":"https:\/\/www.zerdab.com\/?p=28601#primaryimage"},"thumbnailUrl":"https:\/\/www.zerdab.com\/wp-content\/uploads\/2019\/05\/zerdab-vakansiya-isci-axtarilir.jpg","articleSection":["HAD\u0130S\u018f","MAN\u015eET"],"inLanguage":"az","potentialAction":[{"@type":"CommentAction","name":"Comment","target":["https:\/\/www.zerdab.com\/?p=28601#respond"]}]},{"@type":"WebPage","@id":"https:\/\/www.zerdab.com\/?p=28601","url":"https:\/\/www.zerdab.com\/?p=28601","name":"Z\u0259rdabda d\u0259h\u015f\u0259tli intihar - 3 u\u015faq atas\u0131 idi - Z\u0259rdab.com","isPartOf":{"@id":"https:\/\/www.zerdab.com\/#website"},"primaryImageOfPage":{"@id":"https:\/\/www.zerdab.com\/?p=28601#primaryimage"},"image":{"@id":"https:\/\/www.zerdab.com\/?p=28601#primaryimage"},"thumbnailUrl":"https:\/\/www.zerdab.com\/wp-content\/uploads\/2019\/05\/zerdab-vakansiya-isci-axtarilir.jpg","datePublished":"2020-09-08T09:58:05+00:00","dateModified":"2020-09-08T09:59:29+00:00","author":{"@id":"https:\/\/www.zerdab.com\/#\/schema\/person\/97079b7570c1e89ec0d9e138c3672136"},"breadcrumb":{"@id":"https:\/\/www.zerdab.com\/?p=28601#breadcrumb"},"inLanguage":"az","potentialAction":[{"@type":"ReadAction","target":["https:\/\/www.zerdab.com\/?p=28601"]}]},{"@type":"ImageObject","inLanguage":"az","@id":"https:\/\/www.zerdab.com\/?p=28601#primaryimage","url":"https:\/\/www.zerdab.com\/wp-content\/uploads\/2019\/05\/zerdab-vakansiya-isci-axtarilir.jpg","contentUrl":"https:\/\/www.zerdab.com\/wp-content\/uploads\/2019\/05\/zerdab-vakansiya-isci-axtarilir.jpg","width":1024,"height":576,"caption":"zerdab-vakansiya-isci-axtarilir"},{"@type":"BreadcrumbList","@id":"https:\/\/www.zerdab.com\/?p=28601#breadcrumb","itemListElement":[{"@type":"ListItem","position":1,"name":"Home","item":"https:\/\/www.zerdab.com\/"},{"@type":"ListItem","position":2,"name":"Z\u0259rdabda d\u0259h\u015f\u0259tli intihar &#8211; 3 u\u015faq atas\u0131 idi"}]},{"@type":"WebSite","@id":"https:\/\/www.zerdab.com\/#website","url":"https:\/\/www.zerdab.com\/","name":"Z\u0259rdab.com","description":"","potentialAction":[{"@type":"SearchAction","target":{"@type":"EntryPoint","urlTemplate":"https:\/\/www.zerdab.com\/?s={search_term_string}"},"query-input":{"@type":"PropertyValueSpecification","valueRequired":true,"valueName":"search_term_string"}}],"inLanguage":"az"},{"@type":"Person","@id":"https:\/\/www.zerdab.com\/#\/schema\/person\/97079b7570c1e89ec0d9e138c3672136","name":"admin","image":{"@type":"ImageObject","inLanguage":"az","@id":"https:\/\/www.zerdab.com\/#\/schema\/person\/image\/","url":"https:\/\/secure.gravatar.com\/avatar\/d9c52a9a27c32119cb6679a077fa3e2779e5f822c451cbf01098004361d466ec?s=96&d=mm&r=g","contentUrl":"https:\/\/secure.gravatar.com\/avatar\/d9c52a9a27c32119cb6679a077fa3e2779e5f822c451cbf01098004361d466ec?s=96&d=mm&r=g","caption":"admin"},"url":"https:\/\/www.zerdab.com\/?author=1"}]}},"_links":{"self":[{"href":"https:\/\/www.zerdab.com\/index.php?rest_route=\/wp\/v2\/posts\/28601","targetHints":{"allow":["GET"]}}],"collection":[{"href":"https:\/\/www.zerdab.com\/index.php?rest_route=\/wp\/v2\/posts"}],"about":[{"href":"https:\/\/www.zerdab.com\/index.php?rest_route=\/wp\/v2\/types\/post"}],"author":[{"embeddable":true,"href":"https:\/\/www.zerdab.com\/index.php?rest_route=\/wp\/v2\/users\/1"}],"replies":[{"embeddable":true,"href":"https:\/\/www.zerdab.com\/index.php?rest_route=%2Fwp%2Fv2%2Fcomments&post=28601"}],"version-history":[{"count":2,"href":"https:\/\/www.zerdab.com\/index.php?rest_route=\/wp\/v2\/posts\/28601\/revisions"}],"predecessor-version":[{"id":28604,"href":"https:\/\/www.zerdab.com\/index.php?rest_route=\/wp\/v2\/posts\/28601\/revisions\/28604"}],"wp:featuredmedia":[{"embeddable":true,"href":"https:\/\/www.zerdab.com\/index.php?rest_route=\/wp\/v2\/media\/27146"}],"wp:attachment":[{"href":"https:\/\/www.zerdab.com\/index.php?rest_route=%2Fwp%2Fv2%2Fmedia&parent=28601"}],"wp:term":[{"taxonomy":"category","embeddable":true,"href":"https:\/\/www.zerdab.com\/index.php?rest_route=%2Fwp%2Fv2%2Fcategories&post=28601"},{"taxonomy":"post_tag","embeddable":true,"href":"https:\/\/www.zerdab.com\/index.php?rest_route=%2Fwp%2Fv2%2Ftags&post=28601"}],"curies":[{"name":"wp","href":"https:\/\/api.w.org\/{rel}","templated":true}]}}