{"id":2861,"date":"2012-06-18T17:07:27","date_gmt":"2012-06-18T12:07:27","guid":{"rendered":"http:\/\/www.zerdab.com\/?p=2861"},"modified":"2012-06-18T17:09:18","modified_gmt":"2012-06-18T12:09:18","slug":"adiu-nun-mu%c9%99llimi-h%c9%99myerlimiz-%c9%99lili-amil","status":"publish","type":"post","link":"https:\/\/www.zerdab.com\/?p=2861","title":{"rendered":"AD\u0130U-nun m\u00fc\u0259llimi, h\u0259myerlimiz \u018flili Amil A\u011faismay\u0131l o\u011flu"},"content":{"rendered":"<p><a href=\"http:\/\/www.zerdab.com\/?attachment_id=2866\" rel=\"attachment wp-att-2866\"><img loading=\"lazy\" decoding=\"async\" class=\"alignleft  wp-image-2866\" title=\"\u018flili Amil A\u011faismay\u0131l\" src=\"http:\/\/www.zerdab.com\/wp-content\/uploads\/2012\/06\/\u018flili-Amil-A\u011faismay\u0131l2.jpg\" alt=\"\" width=\"154\" height=\"202\" \/><\/a>\u018flili Amil A\u011faismay\u0131l o\u011flu 28 yanvar 1978-ci ild\u0259 Z\u0259rdab rayonunda anadan olub. 1997-ci ild\u0259 Az\u0259rbaycan D\u00f6vl\u0259t \u0130qtisad \u0130nstitutunun (indiki Az\u0259rbaycan D\u00f6vl\u0259t \u0130qtisad Universitetinin) bakalavr pill\u0259sini v\u0259 1999-cu ild\u0259 magistratura \u015f\u00f6b\u0259sinin &#8220;\u0130\u015f\u00e7i hey\u0259tinin idar\u0259edilm\u0259si&#8221; ixtisas\u0131n\u0131 f\u0259rql\u0259nm\u0259 diplomu il\u0259 bitirib. Az\u0259rbaycan Respublikas\u0131n\u0131n Prezidenti yan\u0131nda D\u00f6vl\u0259t \u0130dar\u0259\u00e7ilik Akademiyas\u0131nda &#8220;D\u00f6vl\u0259t v\u0259 b\u0259l\u0259diyy\u0259 idar\u0259etm\u0259si&#8221; ixtisas\u0131 \u00fczr\u0259 m\u00fcdavimdir. \u018flili Amil A\u011faismay\u0131l o\u011flu 2001-ci ild\u0259n Az\u0259rbaycan D\u00f6vl\u0259t \u0130qtisad Universitetinin &#8220;\u018fm\u0259yin iqtisadiyyat\u0131 v\u0259 t\u0259\u015fkili&#8221; kafedras\u0131nda \u0259m\u0259k f\u0259aliyy\u0259tin\u0259 ba\u015flay\u0131b, &#8220;M\u00fc\u0259ssis\u0259 g\u0259lirl\u0259rinin formala\u015fmas\u0131 v\u0259 b\u00f6l\u00fc\u015fd\u00fcr\u00fclm\u0259sind\u0259 i\u015f\u00e7i hey\u0259tinin i\u015ftirak\u0131 v\u0259 onun sosial-iqtisadi probleml\u0259ri&#8221; m\u00f6vzusunda namiz\u0259dlik dissertasiyas\u0131 \u00fczr\u0259 elmi-t\u0259dqiqat i\u015fl\u0259ri apar\u0131b. Respublikada ke\u00e7iril\u0259n m\u00fcxt\u0259lif elmi-praktiki konfranslar\u0131n i\u015ftirak\u00e7\u0131s\u0131 v\u0259 m\u0259ruz\u0259\u00e7isi olub. 2007-ci ild\u0259 J\u0130CA t\u0259\u015fkilat\u0131n\u0131n x\u0259tti il\u0259 Yaponiyada &#8220;Biznes menecmenti&#8221; \u00fczr\u0259 t\u0259lim kursu ke\u00e7ib, m\u00fcxt\u0259lif d\u00f6vrl\u0259rd\u0259 is\u0259 \u0130rlandiya, Misir, T\u00fcrkiy\u0259 v\u0259 s \u00f6lk\u0259l\u0259rd\u0259 iqtisadi inki\u015faf t\u0259cr\u00fcb\u0259sinin \u00f6yr\u0259nilm\u0259si m\u0259qs\u0259dil\u0259 t\u0259lim s\u0259f\u0259rl\u0259rind\u0259 olub. Evlidir.<\/p>\n","protected":false},"excerpt":{"rendered":"<p>\u018flili Amil A\u011faismay\u0131l o\u011flu 28 yanvar 1978-ci ild\u0259 Z\u0259rdab rayonunda anadan olub. 1997-ci ild\u0259 Az\u0259rbaycan D\u00f6vl\u0259t \u0130qtisad \u0130nstitutunun (indiki Az\u0259rbaycan D\u00f6vl\u0259t \u0130qtisad Universitetinin) bakalavr pill\u0259sini v\u0259 1999-cu ild\u0259 magistratura \u015f\u00f6b\u0259sinin &#8220;\u0130\u015f\u00e7i hey\u0259tinin idar\u0259edilm\u0259si&#8221; ixtisas\u0131n\u0131 f\u0259rql\u0259nm\u0259 diplomu il\u0259 bitirib. Az\u0259rbaycan Respublikas\u0131n\u0131n Prezidenti yan\u0131nda D\u00f6vl\u0259t \u0130dar\u0259\u00e7ilik Akademiyas\u0131nda &#8220;D\u00f6vl\u0259t v\u0259 b\u0259l\u0259diyy\u0259 idar\u0259etm\u0259si&#8221; ixtisas\u0131 \u00fczr\u0259 m\u00fcdavimdir. \u018flili Amil A\u011faismay\u0131l [&hellip;]<\/p>\n","protected":false},"author":1,"featured_media":0,"comment_status":"open","ping_status":"open","sticky":false,"template":"","format":"standard","meta":{"footnotes":""},"categories":[7],"tags":[],"class_list":{"0":"post-2861","1":"post","2":"type-post","3":"status-publish","4":"format-standard","6":"category-ziyalilar"},"yoast_head":"<!-- This site is optimized with the Yoast SEO plugin v27.0 - https:\/\/yoast.com\/product\/yoast-seo-wordpress\/ -->\n<title>AD\u0130U-nun m\u00fc\u0259llimi, h\u0259myerlimiz \u018flili Amil A\u011faismay\u0131l o\u011flu  - Z\u0259rdab.com<\/title>\n<meta name=\"robots\" content=\"index, follow, max-snippet:-1, max-image-preview:large, max-video-preview:-1\" \/>\n<link rel=\"canonical\" href=\"https:\/\/www.zerdab.com\/?p=2861\" \/>\n<meta property=\"og:locale\" content=\"az_AZ\" \/>\n<meta property=\"og:type\" content=\"article\" \/>\n<meta property=\"og:title\" content=\"AD\u0130U-nun m\u00fc\u0259llimi, h\u0259myerlimiz \u018flili Amil A\u011faismay\u0131l o\u011flu  - Z\u0259rdab.com\" \/>\n<meta property=\"og:description\" content=\"\u018flili Amil A\u011faismay\u0131l o\u011flu 28 yanvar 1978-ci ild\u0259 Z\u0259rdab rayonunda anadan olub. 1997-ci ild\u0259 Az\u0259rbaycan D\u00f6vl\u0259t \u0130qtisad \u0130nstitutunun (indiki Az\u0259rbaycan D\u00f6vl\u0259t \u0130qtisad Universitetinin) bakalavr pill\u0259sini v\u0259 1999-cu ild\u0259 magistratura \u015f\u00f6b\u0259sinin &#8220;\u0130\u015f\u00e7i hey\u0259tinin idar\u0259edilm\u0259si&#8221; ixtisas\u0131n\u0131 f\u0259rql\u0259nm\u0259 diplomu il\u0259 bitirib. Az\u0259rbaycan Respublikas\u0131n\u0131n Prezidenti yan\u0131nda D\u00f6vl\u0259t \u0130dar\u0259\u00e7ilik Akademiyas\u0131nda &#8220;D\u00f6vl\u0259t v\u0259 b\u0259l\u0259diyy\u0259 idar\u0259etm\u0259si&#8221; ixtisas\u0131 \u00fczr\u0259 m\u00fcdavimdir. \u018flili Amil A\u011faismay\u0131l [&hellip;]\" \/>\n<meta property=\"og:url\" content=\"https:\/\/www.zerdab.com\/?p=2861\" \/>\n<meta property=\"og:site_name\" content=\"Z\u0259rdab.com\" \/>\n<meta property=\"article:published_time\" content=\"2012-06-18T12:07:27+00:00\" \/>\n<meta property=\"article:modified_time\" content=\"2012-06-18T12:09:18+00:00\" \/>\n<meta name=\"author\" content=\"admin\" \/>\n<meta name=\"twitter:card\" content=\"summary_large_image\" \/>\n<meta name=\"twitter:label1\" content=\"Written by\" \/>\n\t<meta name=\"twitter:data1\" content=\"admin\" \/>\n\t<meta name=\"twitter:label2\" content=\"Est. reading time\" \/>\n\t<meta name=\"twitter:data2\" content=\"1 minute\" \/>\n<script type=\"application\/ld+json\" class=\"yoast-schema-graph\">{\"@context\":\"https:\/\/schema.org\",\"@graph\":[{\"@type\":\"Article\",\"@id\":\"https:\/\/www.zerdab.com\/?p=2861#article\",\"isPartOf\":{\"@id\":\"https:\/\/www.zerdab.com\/?p=2861\"},\"author\":{\"name\":\"admin\",\"@id\":\"https:\/\/www.zerdab.com\/#\/schema\/person\/97079b7570c1e89ec0d9e138c3672136\"},\"headline\":\"AD\u0130U-nun m\u00fc\u0259llimi, h\u0259myerlimiz \u018flili Amil A\u011faismay\u0131l o\u011flu\",\"datePublished\":\"2012-06-18T12:07:27+00:00\",\"dateModified\":\"2012-06-18T12:09:18+00:00\",\"mainEntityOfPage\":{\"@id\":\"https:\/\/www.zerdab.com\/?p=2861\"},\"wordCount\":243,\"commentCount\":9,\"articleSection\":[\"F\u018fXRL\u018fR\u0130M\u0130Z\"],\"inLanguage\":\"az\",\"potentialAction\":[{\"@type\":\"CommentAction\",\"name\":\"Comment\",\"target\":[\"https:\/\/www.zerdab.com\/?p=2861#respond\"]}]},{\"@type\":\"WebPage\",\"@id\":\"https:\/\/www.zerdab.com\/?p=2861\",\"url\":\"https:\/\/www.zerdab.com\/?p=2861\",\"name\":\"AD\u0130U-nun m\u00fc\u0259llimi, h\u0259myerlimiz \u018flili Amil A\u011faismay\u0131l o\u011flu - Z\u0259rdab.com\",\"isPartOf\":{\"@id\":\"https:\/\/www.zerdab.com\/#website\"},\"datePublished\":\"2012-06-18T12:07:27+00:00\",\"dateModified\":\"2012-06-18T12:09:18+00:00\",\"author\":{\"@id\":\"https:\/\/www.zerdab.com\/#\/schema\/person\/97079b7570c1e89ec0d9e138c3672136\"},\"breadcrumb\":{\"@id\":\"https:\/\/www.zerdab.com\/?p=2861#breadcrumb\"},\"inLanguage\":\"az\",\"potentialAction\":[{\"@type\":\"ReadAction\",\"target\":[\"https:\/\/www.zerdab.com\/?p=2861\"]}]},{\"@type\":\"BreadcrumbList\",\"@id\":\"https:\/\/www.zerdab.com\/?p=2861#breadcrumb\",\"itemListElement\":[{\"@type\":\"ListItem\",\"position\":1,\"name\":\"Home\",\"item\":\"https:\/\/www.zerdab.com\/\"},{\"@type\":\"ListItem\",\"position\":2,\"name\":\"AD\u0130U-nun m\u00fc\u0259llimi, h\u0259myerlimiz \u018flili Amil A\u011faismay\u0131l o\u011flu\"}]},{\"@type\":\"WebSite\",\"@id\":\"https:\/\/www.zerdab.com\/#website\",\"url\":\"https:\/\/www.zerdab.com\/\",\"name\":\"Z\u0259rdab.com\",\"description\":\"\",\"potentialAction\":[{\"@type\":\"SearchAction\",\"target\":{\"@type\":\"EntryPoint\",\"urlTemplate\":\"https:\/\/www.zerdab.com\/?s={search_term_string}\"},\"query-input\":{\"@type\":\"PropertyValueSpecification\",\"valueRequired\":true,\"valueName\":\"search_term_string\"}}],\"inLanguage\":\"az\"},{\"@type\":\"Person\",\"@id\":\"https:\/\/www.zerdab.com\/#\/schema\/person\/97079b7570c1e89ec0d9e138c3672136\",\"name\":\"admin\",\"image\":{\"@type\":\"ImageObject\",\"inLanguage\":\"az\",\"@id\":\"https:\/\/www.zerdab.com\/#\/schema\/person\/image\/\",\"url\":\"https:\/\/secure.gravatar.com\/avatar\/d9c52a9a27c32119cb6679a077fa3e2779e5f822c451cbf01098004361d466ec?s=96&d=mm&r=g\",\"contentUrl\":\"https:\/\/secure.gravatar.com\/avatar\/d9c52a9a27c32119cb6679a077fa3e2779e5f822c451cbf01098004361d466ec?s=96&d=mm&r=g\",\"caption\":\"admin\"},\"url\":\"https:\/\/www.zerdab.com\/?author=1\"}]}<\/script>\n<!-- \/ Yoast SEO plugin. -->","yoast_head_json":{"title":"AD\u0130U-nun m\u00fc\u0259llimi, h\u0259myerlimiz \u018flili Amil A\u011faismay\u0131l o\u011flu  - Z\u0259rdab.com","robots":{"index":"index","follow":"follow","max-snippet":"max-snippet:-1","max-image-preview":"max-image-preview:large","max-video-preview":"max-video-preview:-1"},"canonical":"https:\/\/www.zerdab.com\/?p=2861","og_locale":"az_AZ","og_type":"article","og_title":"AD\u0130U-nun m\u00fc\u0259llimi, h\u0259myerlimiz \u018flili Amil A\u011faismay\u0131l o\u011flu  - Z\u0259rdab.com","og_description":"\u018flili Amil A\u011faismay\u0131l o\u011flu 28 yanvar 1978-ci ild\u0259 Z\u0259rdab rayonunda anadan olub. 1997-ci ild\u0259 Az\u0259rbaycan D\u00f6vl\u0259t \u0130qtisad \u0130nstitutunun (indiki Az\u0259rbaycan D\u00f6vl\u0259t \u0130qtisad Universitetinin) bakalavr pill\u0259sini v\u0259 1999-cu ild\u0259 magistratura \u015f\u00f6b\u0259sinin &#8220;\u0130\u015f\u00e7i hey\u0259tinin idar\u0259edilm\u0259si&#8221; ixtisas\u0131n\u0131 f\u0259rql\u0259nm\u0259 diplomu il\u0259 bitirib. Az\u0259rbaycan Respublikas\u0131n\u0131n Prezidenti yan\u0131nda D\u00f6vl\u0259t \u0130dar\u0259\u00e7ilik Akademiyas\u0131nda &#8220;D\u00f6vl\u0259t v\u0259 b\u0259l\u0259diyy\u0259 idar\u0259etm\u0259si&#8221; ixtisas\u0131 \u00fczr\u0259 m\u00fcdavimdir. \u018flili Amil A\u011faismay\u0131l [&hellip;]","og_url":"https:\/\/www.zerdab.com\/?p=2861","og_site_name":"Z\u0259rdab.com","article_published_time":"2012-06-18T12:07:27+00:00","article_modified_time":"2012-06-18T12:09:18+00:00","author":"admin","twitter_card":"summary_large_image","twitter_misc":{"Written by":"admin","Est. reading time":"1 minute"},"schema":{"@context":"https:\/\/schema.org","@graph":[{"@type":"Article","@id":"https:\/\/www.zerdab.com\/?p=2861#article","isPartOf":{"@id":"https:\/\/www.zerdab.com\/?p=2861"},"author":{"name":"admin","@id":"https:\/\/www.zerdab.com\/#\/schema\/person\/97079b7570c1e89ec0d9e138c3672136"},"headline":"AD\u0130U-nun m\u00fc\u0259llimi, h\u0259myerlimiz \u018flili Amil A\u011faismay\u0131l o\u011flu","datePublished":"2012-06-18T12:07:27+00:00","dateModified":"2012-06-18T12:09:18+00:00","mainEntityOfPage":{"@id":"https:\/\/www.zerdab.com\/?p=2861"},"wordCount":243,"commentCount":9,"articleSection":["F\u018fXRL\u018fR\u0130M\u0130Z"],"inLanguage":"az","potentialAction":[{"@type":"CommentAction","name":"Comment","target":["https:\/\/www.zerdab.com\/?p=2861#respond"]}]},{"@type":"WebPage","@id":"https:\/\/www.zerdab.com\/?p=2861","url":"https:\/\/www.zerdab.com\/?p=2861","name":"AD\u0130U-nun m\u00fc\u0259llimi, h\u0259myerlimiz \u018flili Amil A\u011faismay\u0131l o\u011flu - Z\u0259rdab.com","isPartOf":{"@id":"https:\/\/www.zerdab.com\/#website"},"datePublished":"2012-06-18T12:07:27+00:00","dateModified":"2012-06-18T12:09:18+00:00","author":{"@id":"https:\/\/www.zerdab.com\/#\/schema\/person\/97079b7570c1e89ec0d9e138c3672136"},"breadcrumb":{"@id":"https:\/\/www.zerdab.com\/?p=2861#breadcrumb"},"inLanguage":"az","potentialAction":[{"@type":"ReadAction","target":["https:\/\/www.zerdab.com\/?p=2861"]}]},{"@type":"BreadcrumbList","@id":"https:\/\/www.zerdab.com\/?p=2861#breadcrumb","itemListElement":[{"@type":"ListItem","position":1,"name":"Home","item":"https:\/\/www.zerdab.com\/"},{"@type":"ListItem","position":2,"name":"AD\u0130U-nun m\u00fc\u0259llimi, h\u0259myerlimiz \u018flili Amil A\u011faismay\u0131l o\u011flu"}]},{"@type":"WebSite","@id":"https:\/\/www.zerdab.com\/#website","url":"https:\/\/www.zerdab.com\/","name":"Z\u0259rdab.com","description":"","potentialAction":[{"@type":"SearchAction","target":{"@type":"EntryPoint","urlTemplate":"https:\/\/www.zerdab.com\/?s={search_term_string}"},"query-input":{"@type":"PropertyValueSpecification","valueRequired":true,"valueName":"search_term_string"}}],"inLanguage":"az"},{"@type":"Person","@id":"https:\/\/www.zerdab.com\/#\/schema\/person\/97079b7570c1e89ec0d9e138c3672136","name":"admin","image":{"@type":"ImageObject","inLanguage":"az","@id":"https:\/\/www.zerdab.com\/#\/schema\/person\/image\/","url":"https:\/\/secure.gravatar.com\/avatar\/d9c52a9a27c32119cb6679a077fa3e2779e5f822c451cbf01098004361d466ec?s=96&d=mm&r=g","contentUrl":"https:\/\/secure.gravatar.com\/avatar\/d9c52a9a27c32119cb6679a077fa3e2779e5f822c451cbf01098004361d466ec?s=96&d=mm&r=g","caption":"admin"},"url":"https:\/\/www.zerdab.com\/?author=1"}]}},"_links":{"self":[{"href":"https:\/\/www.zerdab.com\/index.php?rest_route=\/wp\/v2\/posts\/2861","targetHints":{"allow":["GET"]}}],"collection":[{"href":"https:\/\/www.zerdab.com\/index.php?rest_route=\/wp\/v2\/posts"}],"about":[{"href":"https:\/\/www.zerdab.com\/index.php?rest_route=\/wp\/v2\/types\/post"}],"author":[{"embeddable":true,"href":"https:\/\/www.zerdab.com\/index.php?rest_route=\/wp\/v2\/users\/1"}],"replies":[{"embeddable":true,"href":"https:\/\/www.zerdab.com\/index.php?rest_route=%2Fwp%2Fv2%2Fcomments&post=2861"}],"version-history":[{"count":7,"href":"https:\/\/www.zerdab.com\/index.php?rest_route=\/wp\/v2\/posts\/2861\/revisions"}],"predecessor-version":[{"id":2871,"href":"https:\/\/www.zerdab.com\/index.php?rest_route=\/wp\/v2\/posts\/2861\/revisions\/2871"}],"wp:attachment":[{"href":"https:\/\/www.zerdab.com\/index.php?rest_route=%2Fwp%2Fv2%2Fmedia&parent=2861"}],"wp:term":[{"taxonomy":"category","embeddable":true,"href":"https:\/\/www.zerdab.com\/index.php?rest_route=%2Fwp%2Fv2%2Fcategories&post=2861"},{"taxonomy":"post_tag","embeddable":true,"href":"https:\/\/www.zerdab.com\/index.php?rest_route=%2Fwp%2Fv2%2Ftags&post=2861"}],"curies":[{"name":"wp","href":"https:\/\/api.w.org\/{rel}","templated":true}]}}