{"id":28724,"date":"2020-12-01T15:46:59","date_gmt":"2020-12-01T11:46:59","guid":{"rendered":"http:\/\/www.zerdab.com\/?p=28724"},"modified":"2020-12-01T15:47:01","modified_gmt":"2020-12-01T11:47:01","slug":"bu-s%c9%99xsl%c9%99r-dekabrin-2-d%c9%99n-h%c9%99rbi-xidm%c9%99td%c9%99n-t%c9%99rxis-edilir-s%c9%99r%c9%99ncam","status":"publish","type":"post","link":"https:\/\/www.zerdab.com\/?p=28724","title":{"rendered":"Bu \u015f\u0259xsl\u0259r dekabr\u0131n 2-d\u0259n h\u0259rbi xidm\u0259td\u0259n t\u0259rxis edilir \u2013 S\u0259r\u0259ncam"},"content":{"rendered":"\n<p><strong>Az\u0259rbaycan Prezidenti \u0130lham \u018fliyev bir qrup h\u0259rbi qulluq\u00e7unun s\u0259f\u0259rb\u0259rlik \u00fczr\u0259 h\u0259rbi xidm\u0259td\u0259n t\u0259rxis edilm\u0259si haqq\u0131nda s\u0259r\u0259ncam imzalay\u0131b.&nbsp;<\/strong><\/p>\n\n\n\n<p><strong>Zerdab.com<\/strong>\u00a0x\u0259b\u0259r verir ki, s\u0259r\u0259ncamda deyilir:<\/p>\n\n\n\n<p>1. Az\u0259rbaycan Respublikas\u0131 Prezidentinin 2020-ci il 28 sentyabr tarixli 2280 n\u00f6mr\u0259li S\u0259r\u0259ncam\u0131na \u0259sas\u0259n h\u0259rbi xidm\u0259t\u0259 \u00e7a\u011f\u0131r\u0131lm\u0131\u015f a\u015fa\u011f\u0131dak\u0131 kateqoriyadan olan h\u0259rbi qulluq\u00e7ular 2020-ci il dekabr\u0131n 2-d\u0259n s\u0259f\u0259rb\u0259rlik \u00fczr\u0259 h\u0259rbi xidm\u0259td\u0259n t\u0259rxis edilsinl\u0259r:<\/p>\n\n\n\n<p>1.1. \u00fc\u00e7 v\u0259 ya daha \u00e7ox u\u015fa\u011f\u0131 olan;<\/p>\n\n\n\n<p>1.2. himay\u0259sind\u0259 I d\u0259r\u0259c\u0259 \u0259lilliyi m\u00fc\u0259yy\u0259n edilmi\u015f \u015f\u0259xs olan;<\/p>\n\n\n\n<p>1.3. himay\u0259sind\u0259 yetkinlik ya\u015f\u0131na \u00e7atmayan bac\u0131s\u0131 v\u0259 ya qarda\u015f\u0131 olan;<\/p>\n\n\n\n<p>1.4. ail\u0259nin t\u0259k \u00f6vlad\u0131 olan;<\/p>\n\n\n\n<p>1.5. atalar\u0131 v\u0259 ya qarda\u015flar\u0131 d\u00f6y\u00fc\u015f \u0259m\u0259liyyatlar\u0131, habel\u0259 h\u0259rbi xidm\u0259t \u00fczr\u0259 v\u0259zif\u0259l\u0259rin icras\u0131 zaman\u0131 h\u0259lak olmu\u015f v\u0259 ya v\u0259fat etmi\u015f;<\/p>\n\n\n\n<p>1.6. d\u00f6y\u00fc\u015f \u0259m\u0259liyyatlar\u0131 zaman\u0131 yaralanm\u0131\u015f, habel\u0259 h\u0259rbi-h\u0259kim komissiyalar\u0131 t\u0259r\u0259find\u0259n dinc d\u00f6vrd\u0259 h\u0259rbi xidm\u0259t\u0259 yarars\u0131z, m\u00fcharib\u0259 d\u00f6vr\u00fcnd\u0259 m\u0259hdud yararl\u0131 say\u0131lan;<\/p>\n\n\n\n<p>1.7. yax\u0131n qohumlar\u0131 Erm\u0259nistan Respublikas\u0131n\u0131n h\u0259rbi t\u0259xribatlar\u0131 v\u0259 Az\u0259rbaycan Respublikas\u0131n\u0131n \u0259razil\u0259rini at\u0259\u015f\u0259 tutmas\u0131 n\u0259tic\u0259sind\u0259 h\u0259lak olmu\u015f;<\/p>\n\n\n\n<p>1.8. m\u00fclkiyy\u0259t v\u0259 t\u0259\u015fkilati-h\u00fcquqi formas\u0131ndan as\u0131l\u0131 olmayaraq d\u00f6vl\u0259t qeydiyyat\u0131na al\u0131nm\u0131\u015f, f\u0259aliyy\u0259tin\u0259 x\u00fcsusi raz\u0131l\u0131q (lisenziya) verilmi\u015f v\u0259 akkreditasiya olunmu\u015f t\u0259hsil m\u00fc\u0259ssis\u0259l\u0259rind\u0259, el\u0259c\u0259 d\u0259 onlar\u0131n filiallar\u0131nda, Az\u0259rbaycan Milli Elml\u0259r Akademiyas\u0131nda v\u0259 Az\u0259rbaycan Respublikas\u0131 Nazirl\u0259r Kabinetinin 2010-cu il 14 dekabr tarixli 235 n\u00f6mr\u0259li Q\u0259rar\u0131 il\u0259 t\u0259sdiq edilmi\u015f \u201cDoktoranturalar yarad\u0131lan Az\u0259rbaycan Respublikas\u0131n\u0131n ali t\u0259hsil m\u00fc\u0259ssis\u0259l\u0259rinin v\u0259 elmi t\u0259\u015fkilatlar\u0131n Siyah\u0131s\u0131\u201dnda n\u0259z\u0259rd\u0259 tutulmu\u015f dig\u0259r elmi t\u0259\u015fkilatlarda \u0259yani t\u0259hsilalma formas\u0131nda bakalavriatda, magistraturada, doktoranturada (adyunkturada), \u0259sas (baza ali) tibb t\u0259hsili v\u0259 rezidenturada t\u0259hsil alan.<\/p>\n\n\n\n<p>2. Az\u0259rbaycan Respublikas\u0131n\u0131n Nazirl\u0259r Kabineti bu S\u0259r\u0259ncamdan ir\u0259li g\u0259l\u0259n m\u0259s\u0259l\u0259l\u0259ri h\u0259ll etsin.<\/p>\n\n\n\n<p>3. Bu S\u0259r\u0259ncam imzaland\u0131\u011f\u0131 g\u00fcnd\u0259n q\u00fcvv\u0259y\u0259 minir.<\/p>\n\n\n\n<p><strong>Zerdab.com<\/strong><\/p>\n","protected":false},"excerpt":{"rendered":"<p>Az\u0259rbaycan Prezidenti \u0130lham \u018fliyev bir qrup h\u0259rbi qulluq\u00e7unun s\u0259f\u0259rb\u0259rlik \u00fczr\u0259 h\u0259rbi xidm\u0259td\u0259n t\u0259rxis edilm\u0259si haqq\u0131nda s\u0259r\u0259ncam imzalay\u0131b.&nbsp; Zerdab.com\u00a0x\u0259b\u0259r verir ki, s\u0259r\u0259ncamda deyilir: 1. Az\u0259rbaycan Respublikas\u0131 Prezidentinin 2020-ci il 28 sentyabr tarixli 2280 n\u00f6mr\u0259li S\u0259r\u0259ncam\u0131na \u0259sas\u0259n h\u0259rbi xidm\u0259t\u0259 \u00e7a\u011f\u0131r\u0131lm\u0131\u015f a\u015fa\u011f\u0131dak\u0131 kateqoriyadan olan h\u0259rbi qulluq\u00e7ular 2020-ci il dekabr\u0131n 2-d\u0259n s\u0259f\u0259rb\u0259rlik \u00fczr\u0259 h\u0259rbi xidm\u0259td\u0259n t\u0259rxis edilsinl\u0259r: 1.1. \u00fc\u00e7 [&hellip;]<\/p>\n","protected":false},"author":1,"featured_media":0,"comment_status":"open","ping_status":"open","sticky":false,"template":"","format":"standard","meta":{"footnotes":""},"categories":[63,5],"tags":[],"class_list":{"0":"post-28724","1":"post","2":"type-post","3":"status-publish","4":"format-standard","6":"category-manset","7":"category-knd"},"yoast_head":"<!-- This site is optimized with the Yoast SEO plugin v27.0 - https:\/\/yoast.com\/product\/yoast-seo-wordpress\/ -->\n<title>Bu \u015f\u0259xsl\u0259r dekabr\u0131n 2-d\u0259n h\u0259rbi xidm\u0259td\u0259n t\u0259rxis edilir \u2013 S\u0259r\u0259ncam - Z\u0259rdab.com<\/title>\n<meta name=\"robots\" content=\"index, follow, max-snippet:-1, max-image-preview:large, max-video-preview:-1\" \/>\n<link rel=\"canonical\" href=\"https:\/\/www.zerdab.com\/?p=28724\" \/>\n<meta property=\"og:locale\" content=\"az_AZ\" \/>\n<meta property=\"og:type\" content=\"article\" \/>\n<meta property=\"og:title\" content=\"Bu \u015f\u0259xsl\u0259r dekabr\u0131n 2-d\u0259n h\u0259rbi xidm\u0259td\u0259n t\u0259rxis edilir \u2013 S\u0259r\u0259ncam - Z\u0259rdab.com\" \/>\n<meta property=\"og:description\" content=\"Az\u0259rbaycan Prezidenti \u0130lham \u018fliyev bir qrup h\u0259rbi qulluq\u00e7unun s\u0259f\u0259rb\u0259rlik \u00fczr\u0259 h\u0259rbi xidm\u0259td\u0259n t\u0259rxis edilm\u0259si haqq\u0131nda s\u0259r\u0259ncam imzalay\u0131b.&nbsp; Zerdab.com\u00a0x\u0259b\u0259r verir ki, s\u0259r\u0259ncamda deyilir: 1. Az\u0259rbaycan Respublikas\u0131 Prezidentinin 2020-ci il 28 sentyabr tarixli 2280 n\u00f6mr\u0259li S\u0259r\u0259ncam\u0131na \u0259sas\u0259n h\u0259rbi xidm\u0259t\u0259 \u00e7a\u011f\u0131r\u0131lm\u0131\u015f a\u015fa\u011f\u0131dak\u0131 kateqoriyadan olan h\u0259rbi qulluq\u00e7ular 2020-ci il dekabr\u0131n 2-d\u0259n s\u0259f\u0259rb\u0259rlik \u00fczr\u0259 h\u0259rbi xidm\u0259td\u0259n t\u0259rxis edilsinl\u0259r: 1.1. \u00fc\u00e7 [&hellip;]\" \/>\n<meta property=\"og:url\" content=\"https:\/\/www.zerdab.com\/?p=28724\" \/>\n<meta property=\"og:site_name\" content=\"Z\u0259rdab.com\" \/>\n<meta property=\"article:published_time\" content=\"2020-12-01T11:46:59+00:00\" \/>\n<meta property=\"article:modified_time\" content=\"2020-12-01T11:47:01+00:00\" \/>\n<meta name=\"author\" content=\"admin\" \/>\n<meta name=\"twitter:card\" content=\"summary_large_image\" \/>\n<meta name=\"twitter:label1\" content=\"Written by\" \/>\n\t<meta name=\"twitter:data1\" content=\"admin\" \/>\n\t<meta name=\"twitter:label2\" content=\"Est. reading time\" \/>\n\t<meta name=\"twitter:data2\" content=\"2 minutes\" \/>\n<script type=\"application\/ld+json\" class=\"yoast-schema-graph\">{\"@context\":\"https:\/\/schema.org\",\"@graph\":[{\"@type\":\"Article\",\"@id\":\"https:\/\/www.zerdab.com\/?p=28724#article\",\"isPartOf\":{\"@id\":\"https:\/\/www.zerdab.com\/?p=28724\"},\"author\":{\"name\":\"admin\",\"@id\":\"https:\/\/www.zerdab.com\/#\/schema\/person\/97079b7570c1e89ec0d9e138c3672136\"},\"headline\":\"Bu \u015f\u0259xsl\u0259r dekabr\u0131n 2-d\u0259n h\u0259rbi xidm\u0259td\u0259n t\u0259rxis edilir \u2013 S\u0259r\u0259ncam\",\"datePublished\":\"2020-12-01T11:46:59+00:00\",\"dateModified\":\"2020-12-01T11:47:01+00:00\",\"mainEntityOfPage\":{\"@id\":\"https:\/\/www.zerdab.com\/?p=28724\"},\"wordCount\":407,\"commentCount\":0,\"articleSection\":[\"MAN\u015eET\",\"X\u018fB\u018fRL\u018fR\"],\"inLanguage\":\"az\",\"potentialAction\":[{\"@type\":\"CommentAction\",\"name\":\"Comment\",\"target\":[\"https:\/\/www.zerdab.com\/?p=28724#respond\"]}]},{\"@type\":\"WebPage\",\"@id\":\"https:\/\/www.zerdab.com\/?p=28724\",\"url\":\"https:\/\/www.zerdab.com\/?p=28724\",\"name\":\"Bu \u015f\u0259xsl\u0259r dekabr\u0131n 2-d\u0259n h\u0259rbi xidm\u0259td\u0259n t\u0259rxis edilir \u2013 S\u0259r\u0259ncam - Z\u0259rdab.com\",\"isPartOf\":{\"@id\":\"https:\/\/www.zerdab.com\/#website\"},\"datePublished\":\"2020-12-01T11:46:59+00:00\",\"dateModified\":\"2020-12-01T11:47:01+00:00\",\"author\":{\"@id\":\"https:\/\/www.zerdab.com\/#\/schema\/person\/97079b7570c1e89ec0d9e138c3672136\"},\"breadcrumb\":{\"@id\":\"https:\/\/www.zerdab.com\/?p=28724#breadcrumb\"},\"inLanguage\":\"az\",\"potentialAction\":[{\"@type\":\"ReadAction\",\"target\":[\"https:\/\/www.zerdab.com\/?p=28724\"]}]},{\"@type\":\"BreadcrumbList\",\"@id\":\"https:\/\/www.zerdab.com\/?p=28724#breadcrumb\",\"itemListElement\":[{\"@type\":\"ListItem\",\"position\":1,\"name\":\"Home\",\"item\":\"https:\/\/www.zerdab.com\/\"},{\"@type\":\"ListItem\",\"position\":2,\"name\":\"Bu \u015f\u0259xsl\u0259r dekabr\u0131n 2-d\u0259n h\u0259rbi xidm\u0259td\u0259n t\u0259rxis edilir \u2013 S\u0259r\u0259ncam\"}]},{\"@type\":\"WebSite\",\"@id\":\"https:\/\/www.zerdab.com\/#website\",\"url\":\"https:\/\/www.zerdab.com\/\",\"name\":\"Z\u0259rdab.com\",\"description\":\"\",\"potentialAction\":[{\"@type\":\"SearchAction\",\"target\":{\"@type\":\"EntryPoint\",\"urlTemplate\":\"https:\/\/www.zerdab.com\/?s={search_term_string}\"},\"query-input\":{\"@type\":\"PropertyValueSpecification\",\"valueRequired\":true,\"valueName\":\"search_term_string\"}}],\"inLanguage\":\"az\"},{\"@type\":\"Person\",\"@id\":\"https:\/\/www.zerdab.com\/#\/schema\/person\/97079b7570c1e89ec0d9e138c3672136\",\"name\":\"admin\",\"image\":{\"@type\":\"ImageObject\",\"inLanguage\":\"az\",\"@id\":\"https:\/\/www.zerdab.com\/#\/schema\/person\/image\/\",\"url\":\"https:\/\/secure.gravatar.com\/avatar\/d9c52a9a27c32119cb6679a077fa3e2779e5f822c451cbf01098004361d466ec?s=96&d=mm&r=g\",\"contentUrl\":\"https:\/\/secure.gravatar.com\/avatar\/d9c52a9a27c32119cb6679a077fa3e2779e5f822c451cbf01098004361d466ec?s=96&d=mm&r=g\",\"caption\":\"admin\"},\"url\":\"https:\/\/www.zerdab.com\/?author=1\"}]}<\/script>\n<!-- \/ Yoast SEO plugin. -->","yoast_head_json":{"title":"Bu \u015f\u0259xsl\u0259r dekabr\u0131n 2-d\u0259n h\u0259rbi xidm\u0259td\u0259n t\u0259rxis edilir \u2013 S\u0259r\u0259ncam - Z\u0259rdab.com","robots":{"index":"index","follow":"follow","max-snippet":"max-snippet:-1","max-image-preview":"max-image-preview:large","max-video-preview":"max-video-preview:-1"},"canonical":"https:\/\/www.zerdab.com\/?p=28724","og_locale":"az_AZ","og_type":"article","og_title":"Bu \u015f\u0259xsl\u0259r dekabr\u0131n 2-d\u0259n h\u0259rbi xidm\u0259td\u0259n t\u0259rxis edilir \u2013 S\u0259r\u0259ncam - Z\u0259rdab.com","og_description":"Az\u0259rbaycan Prezidenti \u0130lham \u018fliyev bir qrup h\u0259rbi qulluq\u00e7unun s\u0259f\u0259rb\u0259rlik \u00fczr\u0259 h\u0259rbi xidm\u0259td\u0259n t\u0259rxis edilm\u0259si haqq\u0131nda s\u0259r\u0259ncam imzalay\u0131b.&nbsp; Zerdab.com\u00a0x\u0259b\u0259r verir ki, s\u0259r\u0259ncamda deyilir: 1. Az\u0259rbaycan Respublikas\u0131 Prezidentinin 2020-ci il 28 sentyabr tarixli 2280 n\u00f6mr\u0259li S\u0259r\u0259ncam\u0131na \u0259sas\u0259n h\u0259rbi xidm\u0259t\u0259 \u00e7a\u011f\u0131r\u0131lm\u0131\u015f a\u015fa\u011f\u0131dak\u0131 kateqoriyadan olan h\u0259rbi qulluq\u00e7ular 2020-ci il dekabr\u0131n 2-d\u0259n s\u0259f\u0259rb\u0259rlik \u00fczr\u0259 h\u0259rbi xidm\u0259td\u0259n t\u0259rxis edilsinl\u0259r: 1.1. \u00fc\u00e7 [&hellip;]","og_url":"https:\/\/www.zerdab.com\/?p=28724","og_site_name":"Z\u0259rdab.com","article_published_time":"2020-12-01T11:46:59+00:00","article_modified_time":"2020-12-01T11:47:01+00:00","author":"admin","twitter_card":"summary_large_image","twitter_misc":{"Written by":"admin","Est. reading time":"2 minutes"},"schema":{"@context":"https:\/\/schema.org","@graph":[{"@type":"Article","@id":"https:\/\/www.zerdab.com\/?p=28724#article","isPartOf":{"@id":"https:\/\/www.zerdab.com\/?p=28724"},"author":{"name":"admin","@id":"https:\/\/www.zerdab.com\/#\/schema\/person\/97079b7570c1e89ec0d9e138c3672136"},"headline":"Bu \u015f\u0259xsl\u0259r dekabr\u0131n 2-d\u0259n h\u0259rbi xidm\u0259td\u0259n t\u0259rxis edilir \u2013 S\u0259r\u0259ncam","datePublished":"2020-12-01T11:46:59+00:00","dateModified":"2020-12-01T11:47:01+00:00","mainEntityOfPage":{"@id":"https:\/\/www.zerdab.com\/?p=28724"},"wordCount":407,"commentCount":0,"articleSection":["MAN\u015eET","X\u018fB\u018fRL\u018fR"],"inLanguage":"az","potentialAction":[{"@type":"CommentAction","name":"Comment","target":["https:\/\/www.zerdab.com\/?p=28724#respond"]}]},{"@type":"WebPage","@id":"https:\/\/www.zerdab.com\/?p=28724","url":"https:\/\/www.zerdab.com\/?p=28724","name":"Bu \u015f\u0259xsl\u0259r dekabr\u0131n 2-d\u0259n h\u0259rbi xidm\u0259td\u0259n t\u0259rxis edilir \u2013 S\u0259r\u0259ncam - Z\u0259rdab.com","isPartOf":{"@id":"https:\/\/www.zerdab.com\/#website"},"datePublished":"2020-12-01T11:46:59+00:00","dateModified":"2020-12-01T11:47:01+00:00","author":{"@id":"https:\/\/www.zerdab.com\/#\/schema\/person\/97079b7570c1e89ec0d9e138c3672136"},"breadcrumb":{"@id":"https:\/\/www.zerdab.com\/?p=28724#breadcrumb"},"inLanguage":"az","potentialAction":[{"@type":"ReadAction","target":["https:\/\/www.zerdab.com\/?p=28724"]}]},{"@type":"BreadcrumbList","@id":"https:\/\/www.zerdab.com\/?p=28724#breadcrumb","itemListElement":[{"@type":"ListItem","position":1,"name":"Home","item":"https:\/\/www.zerdab.com\/"},{"@type":"ListItem","position":2,"name":"Bu \u015f\u0259xsl\u0259r dekabr\u0131n 2-d\u0259n h\u0259rbi xidm\u0259td\u0259n t\u0259rxis edilir \u2013 S\u0259r\u0259ncam"}]},{"@type":"WebSite","@id":"https:\/\/www.zerdab.com\/#website","url":"https:\/\/www.zerdab.com\/","name":"Z\u0259rdab.com","description":"","potentialAction":[{"@type":"SearchAction","target":{"@type":"EntryPoint","urlTemplate":"https:\/\/www.zerdab.com\/?s={search_term_string}"},"query-input":{"@type":"PropertyValueSpecification","valueRequired":true,"valueName":"search_term_string"}}],"inLanguage":"az"},{"@type":"Person","@id":"https:\/\/www.zerdab.com\/#\/schema\/person\/97079b7570c1e89ec0d9e138c3672136","name":"admin","image":{"@type":"ImageObject","inLanguage":"az","@id":"https:\/\/www.zerdab.com\/#\/schema\/person\/image\/","url":"https:\/\/secure.gravatar.com\/avatar\/d9c52a9a27c32119cb6679a077fa3e2779e5f822c451cbf01098004361d466ec?s=96&d=mm&r=g","contentUrl":"https:\/\/secure.gravatar.com\/avatar\/d9c52a9a27c32119cb6679a077fa3e2779e5f822c451cbf01098004361d466ec?s=96&d=mm&r=g","caption":"admin"},"url":"https:\/\/www.zerdab.com\/?author=1"}]}},"_links":{"self":[{"href":"https:\/\/www.zerdab.com\/index.php?rest_route=\/wp\/v2\/posts\/28724","targetHints":{"allow":["GET"]}}],"collection":[{"href":"https:\/\/www.zerdab.com\/index.php?rest_route=\/wp\/v2\/posts"}],"about":[{"href":"https:\/\/www.zerdab.com\/index.php?rest_route=\/wp\/v2\/types\/post"}],"author":[{"embeddable":true,"href":"https:\/\/www.zerdab.com\/index.php?rest_route=\/wp\/v2\/users\/1"}],"replies":[{"embeddable":true,"href":"https:\/\/www.zerdab.com\/index.php?rest_route=%2Fwp%2Fv2%2Fcomments&post=28724"}],"version-history":[{"count":1,"href":"https:\/\/www.zerdab.com\/index.php?rest_route=\/wp\/v2\/posts\/28724\/revisions"}],"predecessor-version":[{"id":28726,"href":"https:\/\/www.zerdab.com\/index.php?rest_route=\/wp\/v2\/posts\/28724\/revisions\/28726"}],"wp:attachment":[{"href":"https:\/\/www.zerdab.com\/index.php?rest_route=%2Fwp%2Fv2%2Fmedia&parent=28724"}],"wp:term":[{"taxonomy":"category","embeddable":true,"href":"https:\/\/www.zerdab.com\/index.php?rest_route=%2Fwp%2Fv2%2Fcategories&post=28724"},{"taxonomy":"post_tag","embeddable":true,"href":"https:\/\/www.zerdab.com\/index.php?rest_route=%2Fwp%2Fv2%2Ftags&post=28724"}],"curies":[{"name":"wp","href":"https:\/\/api.w.org\/{rel}","templated":true}]}}