{"id":28738,"date":"2020-12-03T16:59:11","date_gmt":"2020-12-03T12:59:11","guid":{"rendered":"http:\/\/www.zerdab.com\/?p=28738"},"modified":"2020-12-03T17:00:22","modified_gmt":"2020-12-03T13:00:22","slug":"lutv%c9%99li-babayev-prezident%c9%99-m%c9%99ktub-yazdi-m%c9%99ktubun-m%c9%99tni","status":"publish","type":"post","link":"https:\/\/www.zerdab.com\/?p=28738","title":{"rendered":"L\u00fctv\u0259li Babayev Prezident\u0259 m\u0259ktub yazd\u0131 &#8211; M\u0259ktubun m\u0259tni"},"content":{"rendered":"\n<p>Az\u0259rbaycan tarix boyu bir \u00e7ox \u00e7\u0259tinlikl\u0259r\u0259 d\u00fc\u00e7ar olsa da, b\u00fct\u00fcn bunlara m\u0259rdlikl\u0259 sin\u0259 g\u0259rmi\u015fdir. Bug\u00fcnk\u00fc Az\u0259rbaycan\u0131n Q\u0259l\u0259b\u0259y\u0259 ged\u0259n yolu ulu \u00f6nd\u0259r Heyd\u0259r \u018fliyevin 1969-cu ild\u0259 \u00f6lk\u0259y\u0259 r\u0259hb\u0259rliyi d\u00f6vr\u00fcnd\u0259n ba\u015flam\u0131\u015fd\u0131r. \u00d6lk\u0259mizin iqtisadi, siyasi, elmi v\u0259 m\u0259d\u0259ni potensial\u0131 h\u0259l\u0259 sovetl\u0259r d\u00f6n\u0259mind\u0259 bir \u00e7oxlar\u0131n\u0131 q\u0131c\u0131qland\u0131r\u0131rd\u0131. Ulu \u00f6nd\u0259r Heyd\u0259r \u018fliyevin Az\u0259rbaycan tarixin\u0259, x\u00fcsusil\u0259 Qaraba\u011f tarixin\u0259 diqq\u0259ti, oran\u0131n \u0259z\u0259li V\u0259t\u0259nimizin bir par\u00e7as\u0131 olmas\u0131 bar\u0259d\u0259 k\u0259lamlar\u0131 v\u0259 \u00f6lk\u0259mizin inki\u015faf\u0131 \u00fc\u00e7\u00fcn f\u0259aliyy\u0259ti dan\u0131lmaz s\u00fcbutdur. T\u0259\u0259ss\u00fcf ki, Az\u0259rbaycan\u0131n ke\u00e7mi\u015f s\u0259ri\u015ft\u0259siz r\u0259hb\u0259rl\u0259ri bu f\u0259aliyy\u0259ti davam etdirm\u0259dil\u0259r. N\u0259 yax\u015f\u0131 ki, Az\u0259rbaycan xalq\u0131n\u0131n t\u0259kidi il\u0259 ulu \u00f6nd\u0259r Heyd\u0259r \u018fliyev d\u00f6vl\u0259t\u0259 ba\u015f\u00e7\u0131l\u0131q etdi. Az\u0259rbaycan\u0131n y\u00fcks\u0259li\u015fi o vaxtdan ba\u015flad\u0131. Onun h\u0259yata ke\u00e7irm\u0259k ist\u0259diyi, lakin yar\u0131m\u00e7\u0131q qalm\u0131\u015f layih\u0259l\u0259rini, n\u0259 g\u00f6z\u0259l ki, Siz davam etdirirsiniz.<\/p>\n\n\n\n<p>Az\u0259rbaycan torpaqlar\u0131 bir ne\u00e7\u0259 \u0259sr \u0259rzind\u0259 i\u015f\u011fala m\u0259ruz qalm\u0131\u015fd\u0131r. Qaraba\u011f\u0131n erm\u0259ni fa\u015fistl\u0259ri t\u0259r\u0259find\u0259n i\u015f\u011fal\u0131na he\u00e7 d\u00f6zm\u0259k olmurdu. Onlar \u00f6z i\u015f\u011fallar\u0131n\u0131 d\u00fcnyaya yalandan haqq m\u00fcbariz\u0259si kimi t\u0259bli\u011f edirdil\u0259r. Ulu \u00f6nd\u0259r Heyd\u0259r \u018fliyev \u00f6lk\u0259y\u0259 r\u0259hb\u0259rliyi d\u00f6vr\u00fcnd\u0259 d\u00fcnya ictimaiyy\u0259tin\u0259 erm\u0259nil\u0259rin i\u00e7 \u00fcz\u00fcn\u00fc a\u00e7m\u0131\u015f, onlar\u0131n q\u0259sbkarl\u0131\u011f\u0131n\u0131 s\u00fcbut etm\u0259y\u0259 m\u00fcv\u0259ff\u0259q olmu\u015fdu.<\/p>\n\n\n\n<p>M\u00f6ht\u0259r\u0259m Prezident, c\u0259nab Ali Ba\u015f Komandan,<\/p>\n\n\n\n<p>Sizin r\u0259hb\u0259rliyinizl\u0259 Az\u0259rbaycan\u0131n m\u00fcz\u0259ff\u0259r ordusunun q\u0259l\u0259b\u0259l\u0259ri, x\u00fcsusil\u0259 \u015eu\u015fan\u0131n i\u015f\u011faldan azad olunmas\u0131 v\u0259 d\u00fc\u015fm\u0259nin kapitulyasiya akt\u0131n\u0131 imzalamas\u0131 xalq\u0131n q\u00fcruru, l\u0259yaq\u0259ti v\u0259 ba\u015f ucal\u0131\u011f\u0131d\u0131r. Bu q\u0259l\u0259b\u0259l\u0259r Sizin g\u0259rgin \u0259m\u0259yinizin n\u0259tic\u0259sidir. H\u0259min q\u0259l\u0259b\u0259l\u0259r\u0259 Az\u0259rbaycan xalq\u0131 il\u0259 yana\u015f\u0131 V\u0259t\u0259nin h\u0259r da\u015f\u0131-torpa\u011f\u0131, g\u00fcl\u00fc-\u00e7i\u00e7\u0259yi, canl\u0131 al\u0259mi, habel\u0259 \u015f\u0259hidl\u0259rimizin v\u0259 \u0259cdadlar\u0131m\u0131z\u0131n da ruhlar\u0131 sevinir. C\u0259nab Prezident, Siz Az\u0259rbaycana u\u011fur v\u0259 z\u0259f\u0259r g\u0259tirirsiniz. Siz Az\u0259rbaycan\u0131n U\u011furlu Prezidentisiniz. M\u0259n\u0259 el\u0259 g\u0259lir ki, g\u0259l\u0259c\u0259k n\u0259sil tarix kitablar\u0131nda ad\u0131n\u0131z\u0131n qar\u015f\u0131s\u0131nda \u201cU\u011furlu Prezident\u201d s\u00f6z\u00fcn\u00fc m\u00fctl\u0259q yazacaqd\u0131r.<\/p>\n\n\n\n<p>H\u00f6rm\u0259tli Prezident, c\u0259nab Ali Ba\u015f Komandan, Sizi Az\u0259rbaycan Bayra\u011f\u0131n\u0131 i\u015f\u011faldan azad olunmu\u015f \u0259razil\u0259rd\u0259 ucaltma\u011f\u0131n\u0131z m\u00fcnasib\u0259til\u0259 ail\u0259m ad\u0131ndan t\u0259brik edir, yeni-yeni u\u011furlar arzulay\u0131ram.<\/p>\n\n\n\n<p>Qoy \u0259dal\u0259t z\u0259f\u0259r \u00e7als\u0131n! Qaraba\u011f Az\u0259rbaycand\u0131r!<\/p>\n\n\n\n<p>H\u00f6rm\u0259tl\u0259,<\/p>\n\n\n\n<p><strong>Babayev L\u00fctv\u0259li,<\/strong><\/p>\n\n\n\n<p><strong>Yeni Az\u0259rbaycan Partiyas\u0131n\u0131n \u00fczv\u00fc, 2-ci d\u0259r\u0259c\u0259li v\u0259t\u0259n\u0259 xidm\u0259t ordeni, \u201cAz\u0259rbaycan Xalq C\u00fcmhuriyy\u0259tinin 100 illiyi\u201d yubiley medal\u0131n\u0131n t\u0259rtib\u00e7isi, \u0130qtisadiyyat elml\u0259ri \u00fczr\u0259 f\u0259ls\u0259f\u0259 doktoru, Ming\u0259\u00e7evir \u015f\u0259h\u0259r v\u0259 Z\u0259rdab rayon icra hakimiyy\u0259tl\u0259rinin ke\u00e7mi\u015f ba\u015f\u00e7\u0131s\u0131.<\/strong><\/p>\n\n\n\n<p><strong>Az\u0259rbaycan Respublikas\u0131, Ming\u0259\u00e7evir \u015f\u0259h\u0259ri.<\/strong><\/p>\n","protected":false},"excerpt":{"rendered":"<p>Az\u0259rbaycan tarix boyu bir \u00e7ox \u00e7\u0259tinlikl\u0259r\u0259 d\u00fc\u00e7ar olsa da, b\u00fct\u00fcn bunlara m\u0259rdlikl\u0259 sin\u0259 g\u0259rmi\u015fdir. Bug\u00fcnk\u00fc Az\u0259rbaycan\u0131n Q\u0259l\u0259b\u0259y\u0259 ged\u0259n yolu ulu \u00f6nd\u0259r Heyd\u0259r \u018fliyevin 1969-cu ild\u0259 \u00f6lk\u0259y\u0259 r\u0259hb\u0259rliyi d\u00f6vr\u00fcnd\u0259n ba\u015flam\u0131\u015fd\u0131r. \u00d6lk\u0259mizin iqtisadi, siyasi, elmi v\u0259 m\u0259d\u0259ni potensial\u0131 h\u0259l\u0259 sovetl\u0259r d\u00f6n\u0259mind\u0259 bir \u00e7oxlar\u0131n\u0131 q\u0131c\u0131qland\u0131r\u0131rd\u0131. Ulu \u00f6nd\u0259r Heyd\u0259r \u018fliyevin Az\u0259rbaycan tarixin\u0259, x\u00fcsusil\u0259 Qaraba\u011f tarixin\u0259 diqq\u0259ti, oran\u0131n \u0259z\u0259li V\u0259t\u0259nimizin [&hellip;]<\/p>\n","protected":false},"author":1,"featured_media":0,"comment_status":"open","ping_status":"open","sticky":false,"template":"","format":"standard","meta":{"footnotes":""},"categories":[63,5],"tags":[],"class_list":{"0":"post-28738","1":"post","2":"type-post","3":"status-publish","4":"format-standard","6":"category-manset","7":"category-knd"},"yoast_head":"<!-- This site is optimized with the Yoast SEO plugin v27.0 - https:\/\/yoast.com\/product\/yoast-seo-wordpress\/ -->\n<title>L\u00fctv\u0259li Babayev Prezident\u0259 m\u0259ktub yazd\u0131 - M\u0259ktubun m\u0259tni - Z\u0259rdab.com<\/title>\n<meta name=\"robots\" content=\"index, follow, max-snippet:-1, max-image-preview:large, max-video-preview:-1\" \/>\n<link rel=\"canonical\" href=\"https:\/\/www.zerdab.com\/?p=28738\" \/>\n<meta property=\"og:locale\" content=\"az_AZ\" \/>\n<meta property=\"og:type\" content=\"article\" \/>\n<meta property=\"og:title\" content=\"L\u00fctv\u0259li Babayev Prezident\u0259 m\u0259ktub yazd\u0131 - M\u0259ktubun m\u0259tni - Z\u0259rdab.com\" \/>\n<meta property=\"og:description\" content=\"Az\u0259rbaycan tarix boyu bir \u00e7ox \u00e7\u0259tinlikl\u0259r\u0259 d\u00fc\u00e7ar olsa da, b\u00fct\u00fcn bunlara m\u0259rdlikl\u0259 sin\u0259 g\u0259rmi\u015fdir. Bug\u00fcnk\u00fc Az\u0259rbaycan\u0131n Q\u0259l\u0259b\u0259y\u0259 ged\u0259n yolu ulu \u00f6nd\u0259r Heyd\u0259r \u018fliyevin 1969-cu ild\u0259 \u00f6lk\u0259y\u0259 r\u0259hb\u0259rliyi d\u00f6vr\u00fcnd\u0259n ba\u015flam\u0131\u015fd\u0131r. \u00d6lk\u0259mizin iqtisadi, siyasi, elmi v\u0259 m\u0259d\u0259ni potensial\u0131 h\u0259l\u0259 sovetl\u0259r d\u00f6n\u0259mind\u0259 bir \u00e7oxlar\u0131n\u0131 q\u0131c\u0131qland\u0131r\u0131rd\u0131. Ulu \u00f6nd\u0259r Heyd\u0259r \u018fliyevin Az\u0259rbaycan tarixin\u0259, x\u00fcsusil\u0259 Qaraba\u011f tarixin\u0259 diqq\u0259ti, oran\u0131n \u0259z\u0259li V\u0259t\u0259nimizin [&hellip;]\" \/>\n<meta property=\"og:url\" content=\"https:\/\/www.zerdab.com\/?p=28738\" \/>\n<meta property=\"og:site_name\" content=\"Z\u0259rdab.com\" \/>\n<meta property=\"article:published_time\" content=\"2020-12-03T12:59:11+00:00\" \/>\n<meta property=\"article:modified_time\" content=\"2020-12-03T13:00:22+00:00\" \/>\n<meta name=\"author\" content=\"admin\" \/>\n<meta name=\"twitter:card\" content=\"summary_large_image\" \/>\n<meta name=\"twitter:label1\" content=\"Written by\" \/>\n\t<meta name=\"twitter:data1\" content=\"admin\" \/>\n\t<meta name=\"twitter:label2\" content=\"Est. reading time\" \/>\n\t<meta name=\"twitter:data2\" content=\"3 minutes\" \/>\n<script type=\"application\/ld+json\" class=\"yoast-schema-graph\">{\"@context\":\"https:\/\/schema.org\",\"@graph\":[{\"@type\":\"Article\",\"@id\":\"https:\/\/www.zerdab.com\/?p=28738#article\",\"isPartOf\":{\"@id\":\"https:\/\/www.zerdab.com\/?p=28738\"},\"author\":{\"name\":\"admin\",\"@id\":\"https:\/\/www.zerdab.com\/#\/schema\/person\/97079b7570c1e89ec0d9e138c3672136\"},\"headline\":\"L\u00fctv\u0259li Babayev Prezident\u0259 m\u0259ktub yazd\u0131 &#8211; M\u0259ktubun m\u0259tni\",\"datePublished\":\"2020-12-03T12:59:11+00:00\",\"dateModified\":\"2020-12-03T13:00:22+00:00\",\"mainEntityOfPage\":{\"@id\":\"https:\/\/www.zerdab.com\/?p=28738\"},\"wordCount\":593,\"commentCount\":0,\"articleSection\":[\"MAN\u015eET\",\"X\u018fB\u018fRL\u018fR\"],\"inLanguage\":\"az\",\"potentialAction\":[{\"@type\":\"CommentAction\",\"name\":\"Comment\",\"target\":[\"https:\/\/www.zerdab.com\/?p=28738#respond\"]}]},{\"@type\":\"WebPage\",\"@id\":\"https:\/\/www.zerdab.com\/?p=28738\",\"url\":\"https:\/\/www.zerdab.com\/?p=28738\",\"name\":\"L\u00fctv\u0259li Babayev Prezident\u0259 m\u0259ktub yazd\u0131 - M\u0259ktubun m\u0259tni - Z\u0259rdab.com\",\"isPartOf\":{\"@id\":\"https:\/\/www.zerdab.com\/#website\"},\"datePublished\":\"2020-12-03T12:59:11+00:00\",\"dateModified\":\"2020-12-03T13:00:22+00:00\",\"author\":{\"@id\":\"https:\/\/www.zerdab.com\/#\/schema\/person\/97079b7570c1e89ec0d9e138c3672136\"},\"breadcrumb\":{\"@id\":\"https:\/\/www.zerdab.com\/?p=28738#breadcrumb\"},\"inLanguage\":\"az\",\"potentialAction\":[{\"@type\":\"ReadAction\",\"target\":[\"https:\/\/www.zerdab.com\/?p=28738\"]}]},{\"@type\":\"BreadcrumbList\",\"@id\":\"https:\/\/www.zerdab.com\/?p=28738#breadcrumb\",\"itemListElement\":[{\"@type\":\"ListItem\",\"position\":1,\"name\":\"Home\",\"item\":\"https:\/\/www.zerdab.com\/\"},{\"@type\":\"ListItem\",\"position\":2,\"name\":\"L\u00fctv\u0259li Babayev Prezident\u0259 m\u0259ktub yazd\u0131 &#8211; M\u0259ktubun m\u0259tni\"}]},{\"@type\":\"WebSite\",\"@id\":\"https:\/\/www.zerdab.com\/#website\",\"url\":\"https:\/\/www.zerdab.com\/\",\"name\":\"Z\u0259rdab.com\",\"description\":\"\",\"potentialAction\":[{\"@type\":\"SearchAction\",\"target\":{\"@type\":\"EntryPoint\",\"urlTemplate\":\"https:\/\/www.zerdab.com\/?s={search_term_string}\"},\"query-input\":{\"@type\":\"PropertyValueSpecification\",\"valueRequired\":true,\"valueName\":\"search_term_string\"}}],\"inLanguage\":\"az\"},{\"@type\":\"Person\",\"@id\":\"https:\/\/www.zerdab.com\/#\/schema\/person\/97079b7570c1e89ec0d9e138c3672136\",\"name\":\"admin\",\"image\":{\"@type\":\"ImageObject\",\"inLanguage\":\"az\",\"@id\":\"https:\/\/www.zerdab.com\/#\/schema\/person\/image\/\",\"url\":\"https:\/\/secure.gravatar.com\/avatar\/d9c52a9a27c32119cb6679a077fa3e2779e5f822c451cbf01098004361d466ec?s=96&d=mm&r=g\",\"contentUrl\":\"https:\/\/secure.gravatar.com\/avatar\/d9c52a9a27c32119cb6679a077fa3e2779e5f822c451cbf01098004361d466ec?s=96&d=mm&r=g\",\"caption\":\"admin\"},\"url\":\"https:\/\/www.zerdab.com\/?author=1\"}]}<\/script>\n<!-- \/ Yoast SEO plugin. -->","yoast_head_json":{"title":"L\u00fctv\u0259li Babayev Prezident\u0259 m\u0259ktub yazd\u0131 - M\u0259ktubun m\u0259tni - Z\u0259rdab.com","robots":{"index":"index","follow":"follow","max-snippet":"max-snippet:-1","max-image-preview":"max-image-preview:large","max-video-preview":"max-video-preview:-1"},"canonical":"https:\/\/www.zerdab.com\/?p=28738","og_locale":"az_AZ","og_type":"article","og_title":"L\u00fctv\u0259li Babayev Prezident\u0259 m\u0259ktub yazd\u0131 - M\u0259ktubun m\u0259tni - Z\u0259rdab.com","og_description":"Az\u0259rbaycan tarix boyu bir \u00e7ox \u00e7\u0259tinlikl\u0259r\u0259 d\u00fc\u00e7ar olsa da, b\u00fct\u00fcn bunlara m\u0259rdlikl\u0259 sin\u0259 g\u0259rmi\u015fdir. Bug\u00fcnk\u00fc Az\u0259rbaycan\u0131n Q\u0259l\u0259b\u0259y\u0259 ged\u0259n yolu ulu \u00f6nd\u0259r Heyd\u0259r \u018fliyevin 1969-cu ild\u0259 \u00f6lk\u0259y\u0259 r\u0259hb\u0259rliyi d\u00f6vr\u00fcnd\u0259n ba\u015flam\u0131\u015fd\u0131r. \u00d6lk\u0259mizin iqtisadi, siyasi, elmi v\u0259 m\u0259d\u0259ni potensial\u0131 h\u0259l\u0259 sovetl\u0259r d\u00f6n\u0259mind\u0259 bir \u00e7oxlar\u0131n\u0131 q\u0131c\u0131qland\u0131r\u0131rd\u0131. Ulu \u00f6nd\u0259r Heyd\u0259r \u018fliyevin Az\u0259rbaycan tarixin\u0259, x\u00fcsusil\u0259 Qaraba\u011f tarixin\u0259 diqq\u0259ti, oran\u0131n \u0259z\u0259li V\u0259t\u0259nimizin [&hellip;]","og_url":"https:\/\/www.zerdab.com\/?p=28738","og_site_name":"Z\u0259rdab.com","article_published_time":"2020-12-03T12:59:11+00:00","article_modified_time":"2020-12-03T13:00:22+00:00","author":"admin","twitter_card":"summary_large_image","twitter_misc":{"Written by":"admin","Est. reading time":"3 minutes"},"schema":{"@context":"https:\/\/schema.org","@graph":[{"@type":"Article","@id":"https:\/\/www.zerdab.com\/?p=28738#article","isPartOf":{"@id":"https:\/\/www.zerdab.com\/?p=28738"},"author":{"name":"admin","@id":"https:\/\/www.zerdab.com\/#\/schema\/person\/97079b7570c1e89ec0d9e138c3672136"},"headline":"L\u00fctv\u0259li Babayev Prezident\u0259 m\u0259ktub yazd\u0131 &#8211; M\u0259ktubun m\u0259tni","datePublished":"2020-12-03T12:59:11+00:00","dateModified":"2020-12-03T13:00:22+00:00","mainEntityOfPage":{"@id":"https:\/\/www.zerdab.com\/?p=28738"},"wordCount":593,"commentCount":0,"articleSection":["MAN\u015eET","X\u018fB\u018fRL\u018fR"],"inLanguage":"az","potentialAction":[{"@type":"CommentAction","name":"Comment","target":["https:\/\/www.zerdab.com\/?p=28738#respond"]}]},{"@type":"WebPage","@id":"https:\/\/www.zerdab.com\/?p=28738","url":"https:\/\/www.zerdab.com\/?p=28738","name":"L\u00fctv\u0259li Babayev Prezident\u0259 m\u0259ktub yazd\u0131 - M\u0259ktubun m\u0259tni - Z\u0259rdab.com","isPartOf":{"@id":"https:\/\/www.zerdab.com\/#website"},"datePublished":"2020-12-03T12:59:11+00:00","dateModified":"2020-12-03T13:00:22+00:00","author":{"@id":"https:\/\/www.zerdab.com\/#\/schema\/person\/97079b7570c1e89ec0d9e138c3672136"},"breadcrumb":{"@id":"https:\/\/www.zerdab.com\/?p=28738#breadcrumb"},"inLanguage":"az","potentialAction":[{"@type":"ReadAction","target":["https:\/\/www.zerdab.com\/?p=28738"]}]},{"@type":"BreadcrumbList","@id":"https:\/\/www.zerdab.com\/?p=28738#breadcrumb","itemListElement":[{"@type":"ListItem","position":1,"name":"Home","item":"https:\/\/www.zerdab.com\/"},{"@type":"ListItem","position":2,"name":"L\u00fctv\u0259li Babayev Prezident\u0259 m\u0259ktub yazd\u0131 &#8211; M\u0259ktubun m\u0259tni"}]},{"@type":"WebSite","@id":"https:\/\/www.zerdab.com\/#website","url":"https:\/\/www.zerdab.com\/","name":"Z\u0259rdab.com","description":"","potentialAction":[{"@type":"SearchAction","target":{"@type":"EntryPoint","urlTemplate":"https:\/\/www.zerdab.com\/?s={search_term_string}"},"query-input":{"@type":"PropertyValueSpecification","valueRequired":true,"valueName":"search_term_string"}}],"inLanguage":"az"},{"@type":"Person","@id":"https:\/\/www.zerdab.com\/#\/schema\/person\/97079b7570c1e89ec0d9e138c3672136","name":"admin","image":{"@type":"ImageObject","inLanguage":"az","@id":"https:\/\/www.zerdab.com\/#\/schema\/person\/image\/","url":"https:\/\/secure.gravatar.com\/avatar\/d9c52a9a27c32119cb6679a077fa3e2779e5f822c451cbf01098004361d466ec?s=96&d=mm&r=g","contentUrl":"https:\/\/secure.gravatar.com\/avatar\/d9c52a9a27c32119cb6679a077fa3e2779e5f822c451cbf01098004361d466ec?s=96&d=mm&r=g","caption":"admin"},"url":"https:\/\/www.zerdab.com\/?author=1"}]}},"_links":{"self":[{"href":"https:\/\/www.zerdab.com\/index.php?rest_route=\/wp\/v2\/posts\/28738","targetHints":{"allow":["GET"]}}],"collection":[{"href":"https:\/\/www.zerdab.com\/index.php?rest_route=\/wp\/v2\/posts"}],"about":[{"href":"https:\/\/www.zerdab.com\/index.php?rest_route=\/wp\/v2\/types\/post"}],"author":[{"embeddable":true,"href":"https:\/\/www.zerdab.com\/index.php?rest_route=\/wp\/v2\/users\/1"}],"replies":[{"embeddable":true,"href":"https:\/\/www.zerdab.com\/index.php?rest_route=%2Fwp%2Fv2%2Fcomments&post=28738"}],"version-history":[{"count":2,"href":"https:\/\/www.zerdab.com\/index.php?rest_route=\/wp\/v2\/posts\/28738\/revisions"}],"predecessor-version":[{"id":28741,"href":"https:\/\/www.zerdab.com\/index.php?rest_route=\/wp\/v2\/posts\/28738\/revisions\/28741"}],"wp:attachment":[{"href":"https:\/\/www.zerdab.com\/index.php?rest_route=%2Fwp%2Fv2%2Fmedia&parent=28738"}],"wp:term":[{"taxonomy":"category","embeddable":true,"href":"https:\/\/www.zerdab.com\/index.php?rest_route=%2Fwp%2Fv2%2Fcategories&post=28738"},{"taxonomy":"post_tag","embeddable":true,"href":"https:\/\/www.zerdab.com\/index.php?rest_route=%2Fwp%2Fv2%2Ftags&post=28738"}],"curies":[{"name":"wp","href":"https:\/\/api.w.org\/{rel}","templated":true}]}}