{"id":28762,"date":"2020-12-11T15:41:41","date_gmt":"2020-12-11T11:41:41","guid":{"rendered":"http:\/\/www.zerdab.com\/?p=28762"},"modified":"2020-12-11T15:46:08","modified_gmt":"2020-12-11T11:46:08","slug":"paradda-daxili-isl%c9%99r-nazirliyinin-daxili-qosunlarinin-parad-hey%c9%99tin%c9%99-r%c9%99hb%c9%99rlik-ed%c9%99n-z%c9%99rdabli-general-mayor-kimdir","status":"publish","type":"post","link":"https:\/\/www.zerdab.com\/?p=28762","title":{"rendered":"Daxili \u0130\u015fl\u0259r Nazirliyinin Daxili Qo\u015funlar\u0131n\u0131n parad hey\u0259tin\u0259 r\u0259hb\u0259rlik ed\u0259n Z\u0259rdabl\u0131 general-mayor &#8211; \u0130nqilab Muradov"},"content":{"rendered":"\n<p>D\u00fcn\u0259n V\u0259t\u0259n\nm\u00fcharib\u0259sind\u0259 Q\u0259l\u0259b\u0259y\u0259 h\u0259sr olunmu\u015f Z\u0259f\u0259r&nbsp;parad\u0131na Az\u0259rbaycan Ordusunun\nqo\u015fun n\u00f6vl\u0259rinin bayraqlar\u0131 da g\u0259tirilib.<\/p>\n\n\n\n<p><strong>Zerdab.com<\/strong> sayt\u0131 x\u0259b\u0259r verir ki, Daxili \u0130\u015fl\u0259r Nazirliyinin Daxili\nQo\u015funlar\u0131n\u0131n parad hey\u0259tin\u0259 general-mayor&nbsp;\u0130nqilab Muradov ba\u015f\u00e7\u0131l\u0131q edib.<\/p>\n\n\n\n<p>Zerdab.com sayt\u0131 x\u0259b\u0259r verir\nki, Prezident&nbsp;\u0130lham \u018fliyevin h\u0259l\u0259 2019-cu ilin mart ay\u0131nda imzalad\u0131\u011f\u0131 s\u0259r\u0259ncamla&nbsp;\u0130nqilab\nHeyd\u0259r o\u011flu Muradova general-mayor h\u0259rbi\nr\u00fctb\u0259si verilib.<\/p>\n\n\n\n<p>\u0130nqilab Muradov 1967-ci ild\u0259 Z\u0259rdab rayonunun \u0130saqba\u011f\u0131 k\u0259ndind\u0259\nanadan olub. 1984-1988-ci ill\u0259rd\u0259 Rusiyan\u0131n Kam\u0131\u015finski Ali H\u0259rbi Komandanl\u0131q M\u0259kt\u0259bind\u0259 t\u0259hsil al\u0131b. 1993-c\u00fc ild\u0259n Az\u0259rbaycan\nRespublikas\u0131 Daxili \u0130\u015fl\u0259r Nazirliyinin Daxili Qo\u015funlar\u0131nda\nxidm\u0259t edir.<br>\n30 iyun 2002-ci ild\u0259 \u201cAz\u0259rbaycan bayra\u011f\u0131\u201d ordeni il\u0259 t\u0259ltif edilib. H\u0259m\u00e7inin \u0130nqilab Muradov \u201cQ\u00fcsursuz xidm\u0259tl\u0259r\u0259 g\u00f6r\u0259\u201d,\n\u201cH\u0259rbi xidm\u0259tl\u0259r\u0259 g\u00f6r\u0259\u201d,\n2 v\u0259 3 d\u0259r\u0259c\u0259li \u201cH\u0259rbi\nxidm\u0259td\u0259 f\u0259rql\u0259nm\u0259y\u0259 g\u00f6r\u0259\u201d,\nAz\u0259rbaycan Respublikas\u0131 Silahl\u0131 Q\u00fcvv\u0259l\u0259rinin yubiley medallar\u0131 il\u0259 d\u0259 t\u0259ltif olunub.<br>\nPrezidentin s\u0259r\u0259ncam\u0131 il\u0259\n2018-ci ild\u0259n \u0130nqilab Muradov Daxili \u0130\u015fl\u0259r Nazirliyi Daxili Qo\u015funlar\u0131n\u0131n Q\u0259rargah r\u0259isinin\n1-ci m\u00fcavinidir.<\/p>\n\n\n\n<p>10 dekabr 2020-ci il\ntarixind\u0259 ke\u00e7iril\u0259n Z\u0259f\u0259r parad\u0131nda Daxili Qo\u015funlar\u0131n parad hey\u0259tin\u0259\ngeneral-mayor \u0130nqilab Muradov ba\u015f\u00e7\u0131l\u0131q edib.<\/p>\n\n\n\n<p>H\u0259myerlimizl\u0259 f\u0259xr\nedir, u\u011furlar\u0131n\u0131n davaml\u0131 olmas\u0131n\u0131 dil\u0259yirik. <\/p>\n","protected":false},"excerpt":{"rendered":"<p>D\u00fcn\u0259n V\u0259t\u0259n m\u00fcharib\u0259sind\u0259 Q\u0259l\u0259b\u0259y\u0259 h\u0259sr olunmu\u015f Z\u0259f\u0259r&nbsp;parad\u0131na Az\u0259rbaycan Ordusunun qo\u015fun n\u00f6vl\u0259rinin bayraqlar\u0131 da g\u0259tirilib. Zerdab.com sayt\u0131 x\u0259b\u0259r verir ki, Daxili \u0130\u015fl\u0259r Nazirliyinin Daxili Qo\u015funlar\u0131n\u0131n parad hey\u0259tin\u0259 general-mayor&nbsp;\u0130nqilab Muradov ba\u015f\u00e7\u0131l\u0131q edib. Zerdab.com sayt\u0131 x\u0259b\u0259r verir ki, Prezident&nbsp;\u0130lham \u018fliyevin h\u0259l\u0259 2019-cu ilin mart ay\u0131nda imzalad\u0131\u011f\u0131 s\u0259r\u0259ncamla&nbsp;\u0130nqilab Heyd\u0259r o\u011flu Muradova general-mayor h\u0259rbi r\u00fctb\u0259si verilib. \u0130nqilab Muradov 1967-ci ild\u0259 [&hellip;]<\/p>\n","protected":false},"author":1,"featured_media":0,"comment_status":"open","ping_status":"open","sticky":false,"template":"","format":"standard","meta":{"footnotes":""},"categories":[63,5],"tags":[],"class_list":{"0":"post-28762","1":"post","2":"type-post","3":"status-publish","4":"format-standard","6":"category-manset","7":"category-knd"},"yoast_head":"<!-- This site is optimized with the Yoast SEO plugin v27.0 - https:\/\/yoast.com\/product\/yoast-seo-wordpress\/ -->\n<title>Daxili \u0130\u015fl\u0259r Nazirliyinin Daxili Qo\u015funlar\u0131n\u0131n parad hey\u0259tin\u0259 r\u0259hb\u0259rlik ed\u0259n Z\u0259rdabl\u0131 general-mayor - \u0130nqilab Muradov - Z\u0259rdab.com<\/title>\n<meta name=\"robots\" content=\"index, follow, max-snippet:-1, max-image-preview:large, max-video-preview:-1\" \/>\n<link rel=\"canonical\" href=\"https:\/\/www.zerdab.com\/?p=28762\" \/>\n<meta property=\"og:locale\" content=\"az_AZ\" \/>\n<meta property=\"og:type\" content=\"article\" \/>\n<meta property=\"og:title\" content=\"Daxili \u0130\u015fl\u0259r Nazirliyinin Daxili Qo\u015funlar\u0131n\u0131n parad hey\u0259tin\u0259 r\u0259hb\u0259rlik ed\u0259n Z\u0259rdabl\u0131 general-mayor - \u0130nqilab Muradov - Z\u0259rdab.com\" \/>\n<meta property=\"og:description\" content=\"D\u00fcn\u0259n V\u0259t\u0259n m\u00fcharib\u0259sind\u0259 Q\u0259l\u0259b\u0259y\u0259 h\u0259sr olunmu\u015f Z\u0259f\u0259r&nbsp;parad\u0131na Az\u0259rbaycan Ordusunun qo\u015fun n\u00f6vl\u0259rinin bayraqlar\u0131 da g\u0259tirilib. Zerdab.com sayt\u0131 x\u0259b\u0259r verir ki, Daxili \u0130\u015fl\u0259r Nazirliyinin Daxili Qo\u015funlar\u0131n\u0131n parad hey\u0259tin\u0259 general-mayor&nbsp;\u0130nqilab Muradov ba\u015f\u00e7\u0131l\u0131q edib. Zerdab.com sayt\u0131 x\u0259b\u0259r verir ki, Prezident&nbsp;\u0130lham \u018fliyevin h\u0259l\u0259 2019-cu ilin mart ay\u0131nda imzalad\u0131\u011f\u0131 s\u0259r\u0259ncamla&nbsp;\u0130nqilab Heyd\u0259r o\u011flu Muradova general-mayor h\u0259rbi r\u00fctb\u0259si verilib. \u0130nqilab Muradov 1967-ci ild\u0259 [&hellip;]\" \/>\n<meta property=\"og:url\" content=\"https:\/\/www.zerdab.com\/?p=28762\" \/>\n<meta property=\"og:site_name\" content=\"Z\u0259rdab.com\" \/>\n<meta property=\"article:published_time\" content=\"2020-12-11T11:41:41+00:00\" \/>\n<meta property=\"article:modified_time\" content=\"2020-12-11T11:46:08+00:00\" \/>\n<meta name=\"author\" content=\"admin\" \/>\n<meta name=\"twitter:card\" content=\"summary_large_image\" \/>\n<meta name=\"twitter:label1\" content=\"Written by\" \/>\n\t<meta name=\"twitter:data1\" content=\"admin\" \/>\n\t<meta name=\"twitter:label2\" content=\"Est. reading time\" \/>\n\t<meta name=\"twitter:data2\" content=\"1 minute\" \/>\n<script type=\"application\/ld+json\" class=\"yoast-schema-graph\">{\"@context\":\"https:\/\/schema.org\",\"@graph\":[{\"@type\":\"Article\",\"@id\":\"https:\/\/www.zerdab.com\/?p=28762#article\",\"isPartOf\":{\"@id\":\"https:\/\/www.zerdab.com\/?p=28762\"},\"author\":{\"name\":\"admin\",\"@id\":\"https:\/\/www.zerdab.com\/#\/schema\/person\/97079b7570c1e89ec0d9e138c3672136\"},\"headline\":\"Daxili \u0130\u015fl\u0259r Nazirliyinin Daxili Qo\u015funlar\u0131n\u0131n parad hey\u0259tin\u0259 r\u0259hb\u0259rlik ed\u0259n Z\u0259rdabl\u0131 general-mayor &#8211; \u0130nqilab Muradov\",\"datePublished\":\"2020-12-11T11:41:41+00:00\",\"dateModified\":\"2020-12-11T11:46:08+00:00\",\"mainEntityOfPage\":{\"@id\":\"https:\/\/www.zerdab.com\/?p=28762\"},\"wordCount\":297,\"commentCount\":0,\"articleSection\":[\"MAN\u015eET\",\"X\u018fB\u018fRL\u018fR\"],\"inLanguage\":\"az\",\"potentialAction\":[{\"@type\":\"CommentAction\",\"name\":\"Comment\",\"target\":[\"https:\/\/www.zerdab.com\/?p=28762#respond\"]}]},{\"@type\":\"WebPage\",\"@id\":\"https:\/\/www.zerdab.com\/?p=28762\",\"url\":\"https:\/\/www.zerdab.com\/?p=28762\",\"name\":\"Daxili \u0130\u015fl\u0259r Nazirliyinin Daxili Qo\u015funlar\u0131n\u0131n parad hey\u0259tin\u0259 r\u0259hb\u0259rlik ed\u0259n Z\u0259rdabl\u0131 general-mayor - \u0130nqilab Muradov - Z\u0259rdab.com\",\"isPartOf\":{\"@id\":\"https:\/\/www.zerdab.com\/#website\"},\"datePublished\":\"2020-12-11T11:41:41+00:00\",\"dateModified\":\"2020-12-11T11:46:08+00:00\",\"author\":{\"@id\":\"https:\/\/www.zerdab.com\/#\/schema\/person\/97079b7570c1e89ec0d9e138c3672136\"},\"breadcrumb\":{\"@id\":\"https:\/\/www.zerdab.com\/?p=28762#breadcrumb\"},\"inLanguage\":\"az\",\"potentialAction\":[{\"@type\":\"ReadAction\",\"target\":[\"https:\/\/www.zerdab.com\/?p=28762\"]}]},{\"@type\":\"BreadcrumbList\",\"@id\":\"https:\/\/www.zerdab.com\/?p=28762#breadcrumb\",\"itemListElement\":[{\"@type\":\"ListItem\",\"position\":1,\"name\":\"Home\",\"item\":\"https:\/\/www.zerdab.com\/\"},{\"@type\":\"ListItem\",\"position\":2,\"name\":\"Daxili \u0130\u015fl\u0259r Nazirliyinin Daxili Qo\u015funlar\u0131n\u0131n parad hey\u0259tin\u0259 r\u0259hb\u0259rlik ed\u0259n Z\u0259rdabl\u0131 general-mayor &#8211; \u0130nqilab Muradov\"}]},{\"@type\":\"WebSite\",\"@id\":\"https:\/\/www.zerdab.com\/#website\",\"url\":\"https:\/\/www.zerdab.com\/\",\"name\":\"Z\u0259rdab.com\",\"description\":\"\",\"potentialAction\":[{\"@type\":\"SearchAction\",\"target\":{\"@type\":\"EntryPoint\",\"urlTemplate\":\"https:\/\/www.zerdab.com\/?s={search_term_string}\"},\"query-input\":{\"@type\":\"PropertyValueSpecification\",\"valueRequired\":true,\"valueName\":\"search_term_string\"}}],\"inLanguage\":\"az\"},{\"@type\":\"Person\",\"@id\":\"https:\/\/www.zerdab.com\/#\/schema\/person\/97079b7570c1e89ec0d9e138c3672136\",\"name\":\"admin\",\"image\":{\"@type\":\"ImageObject\",\"inLanguage\":\"az\",\"@id\":\"https:\/\/www.zerdab.com\/#\/schema\/person\/image\/\",\"url\":\"https:\/\/secure.gravatar.com\/avatar\/d9c52a9a27c32119cb6679a077fa3e2779e5f822c451cbf01098004361d466ec?s=96&d=mm&r=g\",\"contentUrl\":\"https:\/\/secure.gravatar.com\/avatar\/d9c52a9a27c32119cb6679a077fa3e2779e5f822c451cbf01098004361d466ec?s=96&d=mm&r=g\",\"caption\":\"admin\"},\"url\":\"https:\/\/www.zerdab.com\/?author=1\"}]}<\/script>\n<!-- \/ Yoast SEO plugin. -->","yoast_head_json":{"title":"Daxili \u0130\u015fl\u0259r Nazirliyinin Daxili Qo\u015funlar\u0131n\u0131n parad hey\u0259tin\u0259 r\u0259hb\u0259rlik ed\u0259n Z\u0259rdabl\u0131 general-mayor - \u0130nqilab Muradov - Z\u0259rdab.com","robots":{"index":"index","follow":"follow","max-snippet":"max-snippet:-1","max-image-preview":"max-image-preview:large","max-video-preview":"max-video-preview:-1"},"canonical":"https:\/\/www.zerdab.com\/?p=28762","og_locale":"az_AZ","og_type":"article","og_title":"Daxili \u0130\u015fl\u0259r Nazirliyinin Daxili Qo\u015funlar\u0131n\u0131n parad hey\u0259tin\u0259 r\u0259hb\u0259rlik ed\u0259n Z\u0259rdabl\u0131 general-mayor - \u0130nqilab Muradov - Z\u0259rdab.com","og_description":"D\u00fcn\u0259n V\u0259t\u0259n m\u00fcharib\u0259sind\u0259 Q\u0259l\u0259b\u0259y\u0259 h\u0259sr olunmu\u015f Z\u0259f\u0259r&nbsp;parad\u0131na Az\u0259rbaycan Ordusunun qo\u015fun n\u00f6vl\u0259rinin bayraqlar\u0131 da g\u0259tirilib. Zerdab.com sayt\u0131 x\u0259b\u0259r verir ki, Daxili \u0130\u015fl\u0259r Nazirliyinin Daxili Qo\u015funlar\u0131n\u0131n parad hey\u0259tin\u0259 general-mayor&nbsp;\u0130nqilab Muradov ba\u015f\u00e7\u0131l\u0131q edib. Zerdab.com sayt\u0131 x\u0259b\u0259r verir ki, Prezident&nbsp;\u0130lham \u018fliyevin h\u0259l\u0259 2019-cu ilin mart ay\u0131nda imzalad\u0131\u011f\u0131 s\u0259r\u0259ncamla&nbsp;\u0130nqilab Heyd\u0259r o\u011flu Muradova general-mayor h\u0259rbi r\u00fctb\u0259si verilib. \u0130nqilab Muradov 1967-ci ild\u0259 [&hellip;]","og_url":"https:\/\/www.zerdab.com\/?p=28762","og_site_name":"Z\u0259rdab.com","article_published_time":"2020-12-11T11:41:41+00:00","article_modified_time":"2020-12-11T11:46:08+00:00","author":"admin","twitter_card":"summary_large_image","twitter_misc":{"Written by":"admin","Est. reading time":"1 minute"},"schema":{"@context":"https:\/\/schema.org","@graph":[{"@type":"Article","@id":"https:\/\/www.zerdab.com\/?p=28762#article","isPartOf":{"@id":"https:\/\/www.zerdab.com\/?p=28762"},"author":{"name":"admin","@id":"https:\/\/www.zerdab.com\/#\/schema\/person\/97079b7570c1e89ec0d9e138c3672136"},"headline":"Daxili \u0130\u015fl\u0259r Nazirliyinin Daxili Qo\u015funlar\u0131n\u0131n parad hey\u0259tin\u0259 r\u0259hb\u0259rlik ed\u0259n Z\u0259rdabl\u0131 general-mayor &#8211; \u0130nqilab Muradov","datePublished":"2020-12-11T11:41:41+00:00","dateModified":"2020-12-11T11:46:08+00:00","mainEntityOfPage":{"@id":"https:\/\/www.zerdab.com\/?p=28762"},"wordCount":297,"commentCount":0,"articleSection":["MAN\u015eET","X\u018fB\u018fRL\u018fR"],"inLanguage":"az","potentialAction":[{"@type":"CommentAction","name":"Comment","target":["https:\/\/www.zerdab.com\/?p=28762#respond"]}]},{"@type":"WebPage","@id":"https:\/\/www.zerdab.com\/?p=28762","url":"https:\/\/www.zerdab.com\/?p=28762","name":"Daxili \u0130\u015fl\u0259r Nazirliyinin Daxili Qo\u015funlar\u0131n\u0131n parad hey\u0259tin\u0259 r\u0259hb\u0259rlik ed\u0259n Z\u0259rdabl\u0131 general-mayor - \u0130nqilab Muradov - Z\u0259rdab.com","isPartOf":{"@id":"https:\/\/www.zerdab.com\/#website"},"datePublished":"2020-12-11T11:41:41+00:00","dateModified":"2020-12-11T11:46:08+00:00","author":{"@id":"https:\/\/www.zerdab.com\/#\/schema\/person\/97079b7570c1e89ec0d9e138c3672136"},"breadcrumb":{"@id":"https:\/\/www.zerdab.com\/?p=28762#breadcrumb"},"inLanguage":"az","potentialAction":[{"@type":"ReadAction","target":["https:\/\/www.zerdab.com\/?p=28762"]}]},{"@type":"BreadcrumbList","@id":"https:\/\/www.zerdab.com\/?p=28762#breadcrumb","itemListElement":[{"@type":"ListItem","position":1,"name":"Home","item":"https:\/\/www.zerdab.com\/"},{"@type":"ListItem","position":2,"name":"Daxili \u0130\u015fl\u0259r Nazirliyinin Daxili Qo\u015funlar\u0131n\u0131n parad hey\u0259tin\u0259 r\u0259hb\u0259rlik ed\u0259n Z\u0259rdabl\u0131 general-mayor &#8211; \u0130nqilab Muradov"}]},{"@type":"WebSite","@id":"https:\/\/www.zerdab.com\/#website","url":"https:\/\/www.zerdab.com\/","name":"Z\u0259rdab.com","description":"","potentialAction":[{"@type":"SearchAction","target":{"@type":"EntryPoint","urlTemplate":"https:\/\/www.zerdab.com\/?s={search_term_string}"},"query-input":{"@type":"PropertyValueSpecification","valueRequired":true,"valueName":"search_term_string"}}],"inLanguage":"az"},{"@type":"Person","@id":"https:\/\/www.zerdab.com\/#\/schema\/person\/97079b7570c1e89ec0d9e138c3672136","name":"admin","image":{"@type":"ImageObject","inLanguage":"az","@id":"https:\/\/www.zerdab.com\/#\/schema\/person\/image\/","url":"https:\/\/secure.gravatar.com\/avatar\/d9c52a9a27c32119cb6679a077fa3e2779e5f822c451cbf01098004361d466ec?s=96&d=mm&r=g","contentUrl":"https:\/\/secure.gravatar.com\/avatar\/d9c52a9a27c32119cb6679a077fa3e2779e5f822c451cbf01098004361d466ec?s=96&d=mm&r=g","caption":"admin"},"url":"https:\/\/www.zerdab.com\/?author=1"}]}},"_links":{"self":[{"href":"https:\/\/www.zerdab.com\/index.php?rest_route=\/wp\/v2\/posts\/28762","targetHints":{"allow":["GET"]}}],"collection":[{"href":"https:\/\/www.zerdab.com\/index.php?rest_route=\/wp\/v2\/posts"}],"about":[{"href":"https:\/\/www.zerdab.com\/index.php?rest_route=\/wp\/v2\/types\/post"}],"author":[{"embeddable":true,"href":"https:\/\/www.zerdab.com\/index.php?rest_route=\/wp\/v2\/users\/1"}],"replies":[{"embeddable":true,"href":"https:\/\/www.zerdab.com\/index.php?rest_route=%2Fwp%2Fv2%2Fcomments&post=28762"}],"version-history":[{"count":3,"href":"https:\/\/www.zerdab.com\/index.php?rest_route=\/wp\/v2\/posts\/28762\/revisions"}],"predecessor-version":[{"id":28766,"href":"https:\/\/www.zerdab.com\/index.php?rest_route=\/wp\/v2\/posts\/28762\/revisions\/28766"}],"wp:attachment":[{"href":"https:\/\/www.zerdab.com\/index.php?rest_route=%2Fwp%2Fv2%2Fmedia&parent=28762"}],"wp:term":[{"taxonomy":"category","embeddable":true,"href":"https:\/\/www.zerdab.com\/index.php?rest_route=%2Fwp%2Fv2%2Fcategories&post=28762"},{"taxonomy":"post_tag","embeddable":true,"href":"https:\/\/www.zerdab.com\/index.php?rest_route=%2Fwp%2Fv2%2Ftags&post=28762"}],"curies":[{"name":"wp","href":"https:\/\/api.w.org\/{rel}","templated":true}]}}