{"id":28774,"date":"2020-12-24T21:20:29","date_gmt":"2020-12-24T17:20:29","guid":{"rendered":"http:\/\/www.zerdab.com\/?p=28774"},"modified":"2020-12-24T21:20:31","modified_gmt":"2020-12-24T17:20:31","slug":"z%c9%99rdab-rayon-heyd%c9%99r-%c9%99liyev-m%c9%99rk%c9%99zinin-t%c9%99skilatciligi-il%c9%99-videokonfrans-kecirilib","status":"publish","type":"post","link":"https:\/\/www.zerdab.com\/?p=28774","title":{"rendered":"Z\u0259rdab rayon Heyd\u0259r \u018fliyev M\u0259rk\u0259zinin t\u0259\u015fkilat\u00e7\u0131l\u0131\u011f\u0131 il\u0259 videokonfrans ke\u00e7irilib"},"content":{"rendered":"\n<h4 class=\"wp-block-heading\">Milli maraqlar Ali Ba\u015f Komandan\u0131m\u0131z \u00fc\u00e7\u00fcn \u0259n ali d\u0259y\u0259rdir<\/h4>\n\n\n\n<p>Dekabr\u0131n 23-d\u0259 A\u011fda\u015f Regional M\u0259d\u0259niyy\u0259t idar\u0259sinin tabeliyind\u0259 f\u0259aliyy\u0259t g\u00f6st\u0259r\u0259n Z\u0259rdab rayon Heyd\u0259r \u018fliyev M\u0259rk\u0259zinin t\u0259\u015fkilat\u00e7\u0131l\u0131\u011f\u0131 il\u0259 \u201cQ\u0259l\u0259b\u0259l\u0259rimizin, z\u0259f\u0259rl\u0259rimizin ba\u015f memar\u0131 \u2013 Ali Ba\u015f Komandan c\u0259nab \u0130lham Heyd\u0259r o\u011flu \u018fliyev\u201d m\u00f6vzusunda videokonfrans ke\u00e7irilib.<\/p>\n\n\n\n<p>Z\u0259rdab rayon Heyd\u0259r \u018fliyev M\u0259rk\u0259zinin direktoru K\u00f6n\u00fcl R\u0259himova videokonfransda \u00e7\u0131x\u0131\u015f ed\u0259r\u0259k Prezident \u0130lham \u018fliyevin h\u0259yat v\u0259 f\u0259aliyy\u0259ti bar\u0259d\u0259&nbsp; \u0259trafl\u0131 dan\u0131\u015f\u0131b.<\/p>\n\n\n\n<p>Daha sonra \u00e7\u0131x\u0131\u015f ed\u0259n Milli M\u0259clisin deputat\u0131 Jal\u0259 \u018fliyeva bildirib ki, 2003-c\u00fc ild\u0259n etibar\u0259n Prezident \u0130lham \u018fliyevin r\u0259hb\u0259rliyi il\u0259 Az\u0259rbaycanda davaml\u0131 inki\u015faf, iqtisadiyyat\u0131n s\u00fcr\u0259tli y\u00fcks\u0259li\u015fi m\u00fc\u015fahid\u0259 olunur: \u201cSon 17 il Az\u0259rbaycan\u0131n tarixin\u0259 u\u011furlar, nailiyy\u0259tl\u0259r, q\u0259l\u0259b\u0259 ill\u0259ri kimi yaz\u0131l\u0131b. Xalq\u0131m\u0131z\u0131n arzular\u0131n\u0131 ger\u00e7\u0259kl\u0259\u015fdir\u0259n Ali Ba\u015f Komandan \u0130lham \u018fliyev\u0259 minn\u0259tdar\u0131q. D\u00f6vl\u0259t ba\u015f\u00e7\u0131s\u0131 \u0130lham \u018fliyev son 200 ild\u0259 tarixi torpaqlar\u0131n\u0131 ard\u0131c\u0131l \u015f\u0259kild\u0259 itirm\u0259y\u0259 m\u0259hkum edilmi\u015f Az\u0259rbaycan xalq\u0131n\u0131n m\u0259n\u0259vi ruhunu \u00f6z\u00fcn\u0259 qaytard\u0131, tarixi \u0259dal\u0259ti b\u0259rpa etdi.\u201d<\/p>\n\n\n\n<figure class=\"wp-block-image\"><img decoding=\"async\" src=\"http:\/\/www.zerdab.com\/wp-content\/uploads\/2020\/12\/zerdab-konfrans-milli-maraqlar-550x305.jpg\" alt=\"zerdab-konfrans-milli-maraqlar\" class=\"wp-image-28775\"\/><\/figure>\n\n\n\n<p>Videokonfransda A\u011fda\u015f Regional M\u0259d\u0259niyy\u0259t \u0130dar\u0259sinin A\u011fda\u015f rayonu \u00fczr\u0259&nbsp;&nbsp; n\u00fcmay\u0259nd\u0259si \u0130lqar V\u0259liyev, Z\u0259rdab rayon M\u0259d\u0259niyy\u0259t M\u0259rk\u0259zinin direktoru Elyura M\u0259mm\u0259dova, Ucar rayon Heyd\u0259r \u018fliyev M\u0259rk\u0259zinin direktoru M\u0259tan\u0259t Q\u0259ribova, Astara rayon Heyd\u0259r \u018fliyev M\u0259rk\u0259zinin direktoru Kubra S\u0259m\u0259dova, Salyan rayon Heyd\u0259r \u018fliyev M\u0259rk\u0259zinin direktoru N\u00fcbar \u018fliyeva, K\u00fcrd\u0259mir rayon Heyd\u0259r \u018fliyev M\u0259rk\u0259zinin direktoru D\u00fcrriyy\u0259 S\u0259m\u0259dova \u00e7\u0131x\u0131\u015f ed\u0259r\u0259k Prezident \u0130lham \u018fliyevin y\u00fcr\u00fctd\u00fcy\u00fc u\u011furlu siyas\u0259t kursu haqq\u0131nda \u0259trafl\u0131 dan\u0131\u015f\u0131blar. Natiql\u0259r bildiribl\u0259r ki, milli maraqlar Ali Ba\u015f Komandan \u0130lham \u018fliyev \u00fc\u00e7\u00fcn \u0259n ali d\u0259y\u0259rdir. Vur\u011fulay\u0131blar ki, \u0130kinci Qaraba\u011f m\u00fcharib\u0259sind\u0259 qazan\u0131lan m\u00f6ht\u0259\u015f\u0259m Z\u0259f\u0259r Az\u0259rbaycan\u0131n beyn\u0259lxalq m\u00fcst\u0259vid\u0259 m\u00f6vqel\u0259rini daha da g\u00fccl\u0259ndir\u0259c\u0259k.<\/p>\n\n\n\n<p>Videokonfrans i\u015ftirak\u00e7\u0131lar\u0131 c\u0259nab Prezident \u0130lham \u018fliyevin do\u011fum g\u00fcn\u00fcn\u00fc t\u0259brik ed\u0259r\u0259k, Allahdan ona mill\u0259timiz v\u0259 d\u00f6vl\u0259timiz ad\u0131na uzun, sa\u011fl\u0131ql\u0131 \u00f6m\u00fcr arzulay\u0131blar.<\/p>\n","protected":false},"excerpt":{"rendered":"<p>Milli maraqlar Ali Ba\u015f Komandan\u0131m\u0131z \u00fc\u00e7\u00fcn \u0259n ali d\u0259y\u0259rdir Dekabr\u0131n 23-d\u0259 A\u011fda\u015f Regional M\u0259d\u0259niyy\u0259t idar\u0259sinin tabeliyind\u0259 f\u0259aliyy\u0259t g\u00f6st\u0259r\u0259n Z\u0259rdab rayon Heyd\u0259r \u018fliyev M\u0259rk\u0259zinin t\u0259\u015fkilat\u00e7\u0131l\u0131\u011f\u0131 il\u0259 \u201cQ\u0259l\u0259b\u0259l\u0259rimizin, z\u0259f\u0259rl\u0259rimizin ba\u015f memar\u0131 \u2013 Ali Ba\u015f Komandan c\u0259nab \u0130lham Heyd\u0259r o\u011flu \u018fliyev\u201d m\u00f6vzusunda videokonfrans ke\u00e7irilib. Z\u0259rdab rayon Heyd\u0259r \u018fliyev M\u0259rk\u0259zinin direktoru K\u00f6n\u00fcl R\u0259himova videokonfransda \u00e7\u0131x\u0131\u015f ed\u0259r\u0259k Prezident \u0130lham \u018fliyevin [&hellip;]<\/p>\n","protected":false},"author":1,"featured_media":0,"comment_status":"open","ping_status":"open","sticky":false,"template":"","format":"standard","meta":{"footnotes":""},"categories":[63,5],"tags":[],"class_list":{"0":"post-28774","1":"post","2":"type-post","3":"status-publish","4":"format-standard","6":"category-manset","7":"category-knd"},"yoast_head":"<!-- This site is optimized with the Yoast SEO plugin v27.0 - https:\/\/yoast.com\/product\/yoast-seo-wordpress\/ -->\n<title>Z\u0259rdab rayon Heyd\u0259r \u018fliyev M\u0259rk\u0259zinin t\u0259\u015fkilat\u00e7\u0131l\u0131\u011f\u0131 il\u0259 videokonfrans ke\u00e7irilib - Z\u0259rdab.com<\/title>\n<meta name=\"robots\" content=\"index, follow, max-snippet:-1, max-image-preview:large, max-video-preview:-1\" \/>\n<link rel=\"canonical\" href=\"https:\/\/www.zerdab.com\/?p=28774\" \/>\n<meta property=\"og:locale\" content=\"az_AZ\" \/>\n<meta property=\"og:type\" content=\"article\" \/>\n<meta property=\"og:title\" content=\"Z\u0259rdab rayon Heyd\u0259r \u018fliyev M\u0259rk\u0259zinin t\u0259\u015fkilat\u00e7\u0131l\u0131\u011f\u0131 il\u0259 videokonfrans ke\u00e7irilib - Z\u0259rdab.com\" \/>\n<meta property=\"og:description\" content=\"Milli maraqlar Ali Ba\u015f Komandan\u0131m\u0131z \u00fc\u00e7\u00fcn \u0259n ali d\u0259y\u0259rdir Dekabr\u0131n 23-d\u0259 A\u011fda\u015f Regional M\u0259d\u0259niyy\u0259t idar\u0259sinin tabeliyind\u0259 f\u0259aliyy\u0259t g\u00f6st\u0259r\u0259n Z\u0259rdab rayon Heyd\u0259r \u018fliyev M\u0259rk\u0259zinin t\u0259\u015fkilat\u00e7\u0131l\u0131\u011f\u0131 il\u0259 \u201cQ\u0259l\u0259b\u0259l\u0259rimizin, z\u0259f\u0259rl\u0259rimizin ba\u015f memar\u0131 \u2013 Ali Ba\u015f Komandan c\u0259nab \u0130lham Heyd\u0259r o\u011flu \u018fliyev\u201d m\u00f6vzusunda videokonfrans ke\u00e7irilib. Z\u0259rdab rayon Heyd\u0259r \u018fliyev M\u0259rk\u0259zinin direktoru K\u00f6n\u00fcl R\u0259himova videokonfransda \u00e7\u0131x\u0131\u015f ed\u0259r\u0259k Prezident \u0130lham \u018fliyevin [&hellip;]\" \/>\n<meta property=\"og:url\" content=\"https:\/\/www.zerdab.com\/?p=28774\" \/>\n<meta property=\"og:site_name\" content=\"Z\u0259rdab.com\" \/>\n<meta property=\"article:published_time\" content=\"2020-12-24T17:20:29+00:00\" \/>\n<meta property=\"article:modified_time\" content=\"2020-12-24T17:20:31+00:00\" \/>\n<meta property=\"og:image\" content=\"http:\/\/www.zerdab.com\/wp-content\/uploads\/2020\/12\/zerdab-konfrans-milli-maraqlar-550x305.jpg\" \/>\n<meta name=\"author\" content=\"admin\" \/>\n<meta name=\"twitter:card\" content=\"summary_large_image\" \/>\n<meta name=\"twitter:label1\" content=\"Written by\" \/>\n\t<meta name=\"twitter:data1\" content=\"admin\" \/>\n\t<meta name=\"twitter:label2\" content=\"Est. reading time\" \/>\n\t<meta name=\"twitter:data2\" content=\"2 minutes\" \/>\n<script type=\"application\/ld+json\" class=\"yoast-schema-graph\">{\"@context\":\"https:\/\/schema.org\",\"@graph\":[{\"@type\":\"Article\",\"@id\":\"https:\/\/www.zerdab.com\/?p=28774#article\",\"isPartOf\":{\"@id\":\"https:\/\/www.zerdab.com\/?p=28774\"},\"author\":{\"name\":\"admin\",\"@id\":\"https:\/\/www.zerdab.com\/#\/schema\/person\/97079b7570c1e89ec0d9e138c3672136\"},\"headline\":\"Z\u0259rdab rayon Heyd\u0259r \u018fliyev M\u0259rk\u0259zinin t\u0259\u015fkilat\u00e7\u0131l\u0131\u011f\u0131 il\u0259 videokonfrans ke\u00e7irilib\",\"datePublished\":\"2020-12-24T17:20:29+00:00\",\"dateModified\":\"2020-12-24T17:20:31+00:00\",\"mainEntityOfPage\":{\"@id\":\"https:\/\/www.zerdab.com\/?p=28774\"},\"wordCount\":447,\"commentCount\":0,\"image\":{\"@id\":\"https:\/\/www.zerdab.com\/?p=28774#primaryimage\"},\"thumbnailUrl\":\"http:\/\/www.zerdab.com\/wp-content\/uploads\/2020\/12\/zerdab-konfrans-milli-maraqlar-550x305.jpg\",\"articleSection\":[\"MAN\u015eET\",\"X\u018fB\u018fRL\u018fR\"],\"inLanguage\":\"az\",\"potentialAction\":[{\"@type\":\"CommentAction\",\"name\":\"Comment\",\"target\":[\"https:\/\/www.zerdab.com\/?p=28774#respond\"]}]},{\"@type\":\"WebPage\",\"@id\":\"https:\/\/www.zerdab.com\/?p=28774\",\"url\":\"https:\/\/www.zerdab.com\/?p=28774\",\"name\":\"Z\u0259rdab rayon Heyd\u0259r \u018fliyev M\u0259rk\u0259zinin t\u0259\u015fkilat\u00e7\u0131l\u0131\u011f\u0131 il\u0259 videokonfrans ke\u00e7irilib - Z\u0259rdab.com\",\"isPartOf\":{\"@id\":\"https:\/\/www.zerdab.com\/#website\"},\"primaryImageOfPage\":{\"@id\":\"https:\/\/www.zerdab.com\/?p=28774#primaryimage\"},\"image\":{\"@id\":\"https:\/\/www.zerdab.com\/?p=28774#primaryimage\"},\"thumbnailUrl\":\"http:\/\/www.zerdab.com\/wp-content\/uploads\/2020\/12\/zerdab-konfrans-milli-maraqlar-550x305.jpg\",\"datePublished\":\"2020-12-24T17:20:29+00:00\",\"dateModified\":\"2020-12-24T17:20:31+00:00\",\"author\":{\"@id\":\"https:\/\/www.zerdab.com\/#\/schema\/person\/97079b7570c1e89ec0d9e138c3672136\"},\"breadcrumb\":{\"@id\":\"https:\/\/www.zerdab.com\/?p=28774#breadcrumb\"},\"inLanguage\":\"az\",\"potentialAction\":[{\"@type\":\"ReadAction\",\"target\":[\"https:\/\/www.zerdab.com\/?p=28774\"]}]},{\"@type\":\"ImageObject\",\"inLanguage\":\"az\",\"@id\":\"https:\/\/www.zerdab.com\/?p=28774#primaryimage\",\"url\":\"\",\"contentUrl\":\"\"},{\"@type\":\"BreadcrumbList\",\"@id\":\"https:\/\/www.zerdab.com\/?p=28774#breadcrumb\",\"itemListElement\":[{\"@type\":\"ListItem\",\"position\":1,\"name\":\"Home\",\"item\":\"https:\/\/www.zerdab.com\/\"},{\"@type\":\"ListItem\",\"position\":2,\"name\":\"Z\u0259rdab rayon Heyd\u0259r \u018fliyev M\u0259rk\u0259zinin t\u0259\u015fkilat\u00e7\u0131l\u0131\u011f\u0131 il\u0259 videokonfrans ke\u00e7irilib\"}]},{\"@type\":\"WebSite\",\"@id\":\"https:\/\/www.zerdab.com\/#website\",\"url\":\"https:\/\/www.zerdab.com\/\",\"name\":\"Z\u0259rdab.com\",\"description\":\"\",\"potentialAction\":[{\"@type\":\"SearchAction\",\"target\":{\"@type\":\"EntryPoint\",\"urlTemplate\":\"https:\/\/www.zerdab.com\/?s={search_term_string}\"},\"query-input\":{\"@type\":\"PropertyValueSpecification\",\"valueRequired\":true,\"valueName\":\"search_term_string\"}}],\"inLanguage\":\"az\"},{\"@type\":\"Person\",\"@id\":\"https:\/\/www.zerdab.com\/#\/schema\/person\/97079b7570c1e89ec0d9e138c3672136\",\"name\":\"admin\",\"image\":{\"@type\":\"ImageObject\",\"inLanguage\":\"az\",\"@id\":\"https:\/\/www.zerdab.com\/#\/schema\/person\/image\/\",\"url\":\"https:\/\/secure.gravatar.com\/avatar\/d9c52a9a27c32119cb6679a077fa3e2779e5f822c451cbf01098004361d466ec?s=96&d=mm&r=g\",\"contentUrl\":\"https:\/\/secure.gravatar.com\/avatar\/d9c52a9a27c32119cb6679a077fa3e2779e5f822c451cbf01098004361d466ec?s=96&d=mm&r=g\",\"caption\":\"admin\"},\"url\":\"https:\/\/www.zerdab.com\/?author=1\"}]}<\/script>\n<!-- \/ Yoast SEO plugin. -->","yoast_head_json":{"title":"Z\u0259rdab rayon Heyd\u0259r \u018fliyev M\u0259rk\u0259zinin t\u0259\u015fkilat\u00e7\u0131l\u0131\u011f\u0131 il\u0259 videokonfrans ke\u00e7irilib - Z\u0259rdab.com","robots":{"index":"index","follow":"follow","max-snippet":"max-snippet:-1","max-image-preview":"max-image-preview:large","max-video-preview":"max-video-preview:-1"},"canonical":"https:\/\/www.zerdab.com\/?p=28774","og_locale":"az_AZ","og_type":"article","og_title":"Z\u0259rdab rayon Heyd\u0259r \u018fliyev M\u0259rk\u0259zinin t\u0259\u015fkilat\u00e7\u0131l\u0131\u011f\u0131 il\u0259 videokonfrans ke\u00e7irilib - Z\u0259rdab.com","og_description":"Milli maraqlar Ali Ba\u015f Komandan\u0131m\u0131z \u00fc\u00e7\u00fcn \u0259n ali d\u0259y\u0259rdir Dekabr\u0131n 23-d\u0259 A\u011fda\u015f Regional M\u0259d\u0259niyy\u0259t idar\u0259sinin tabeliyind\u0259 f\u0259aliyy\u0259t g\u00f6st\u0259r\u0259n Z\u0259rdab rayon Heyd\u0259r \u018fliyev M\u0259rk\u0259zinin t\u0259\u015fkilat\u00e7\u0131l\u0131\u011f\u0131 il\u0259 \u201cQ\u0259l\u0259b\u0259l\u0259rimizin, z\u0259f\u0259rl\u0259rimizin ba\u015f memar\u0131 \u2013 Ali Ba\u015f Komandan c\u0259nab \u0130lham Heyd\u0259r o\u011flu \u018fliyev\u201d m\u00f6vzusunda videokonfrans ke\u00e7irilib. Z\u0259rdab rayon Heyd\u0259r \u018fliyev M\u0259rk\u0259zinin direktoru K\u00f6n\u00fcl R\u0259himova videokonfransda \u00e7\u0131x\u0131\u015f ed\u0259r\u0259k Prezident \u0130lham \u018fliyevin [&hellip;]","og_url":"https:\/\/www.zerdab.com\/?p=28774","og_site_name":"Z\u0259rdab.com","article_published_time":"2020-12-24T17:20:29+00:00","article_modified_time":"2020-12-24T17:20:31+00:00","og_image":[{"url":"http:\/\/www.zerdab.com\/wp-content\/uploads\/2020\/12\/zerdab-konfrans-milli-maraqlar-550x305.jpg","type":"","width":"","height":""}],"author":"admin","twitter_card":"summary_large_image","twitter_misc":{"Written by":"admin","Est. reading time":"2 minutes"},"schema":{"@context":"https:\/\/schema.org","@graph":[{"@type":"Article","@id":"https:\/\/www.zerdab.com\/?p=28774#article","isPartOf":{"@id":"https:\/\/www.zerdab.com\/?p=28774"},"author":{"name":"admin","@id":"https:\/\/www.zerdab.com\/#\/schema\/person\/97079b7570c1e89ec0d9e138c3672136"},"headline":"Z\u0259rdab rayon Heyd\u0259r \u018fliyev M\u0259rk\u0259zinin t\u0259\u015fkilat\u00e7\u0131l\u0131\u011f\u0131 il\u0259 videokonfrans ke\u00e7irilib","datePublished":"2020-12-24T17:20:29+00:00","dateModified":"2020-12-24T17:20:31+00:00","mainEntityOfPage":{"@id":"https:\/\/www.zerdab.com\/?p=28774"},"wordCount":447,"commentCount":0,"image":{"@id":"https:\/\/www.zerdab.com\/?p=28774#primaryimage"},"thumbnailUrl":"http:\/\/www.zerdab.com\/wp-content\/uploads\/2020\/12\/zerdab-konfrans-milli-maraqlar-550x305.jpg","articleSection":["MAN\u015eET","X\u018fB\u018fRL\u018fR"],"inLanguage":"az","potentialAction":[{"@type":"CommentAction","name":"Comment","target":["https:\/\/www.zerdab.com\/?p=28774#respond"]}]},{"@type":"WebPage","@id":"https:\/\/www.zerdab.com\/?p=28774","url":"https:\/\/www.zerdab.com\/?p=28774","name":"Z\u0259rdab rayon Heyd\u0259r \u018fliyev M\u0259rk\u0259zinin t\u0259\u015fkilat\u00e7\u0131l\u0131\u011f\u0131 il\u0259 videokonfrans ke\u00e7irilib - Z\u0259rdab.com","isPartOf":{"@id":"https:\/\/www.zerdab.com\/#website"},"primaryImageOfPage":{"@id":"https:\/\/www.zerdab.com\/?p=28774#primaryimage"},"image":{"@id":"https:\/\/www.zerdab.com\/?p=28774#primaryimage"},"thumbnailUrl":"http:\/\/www.zerdab.com\/wp-content\/uploads\/2020\/12\/zerdab-konfrans-milli-maraqlar-550x305.jpg","datePublished":"2020-12-24T17:20:29+00:00","dateModified":"2020-12-24T17:20:31+00:00","author":{"@id":"https:\/\/www.zerdab.com\/#\/schema\/person\/97079b7570c1e89ec0d9e138c3672136"},"breadcrumb":{"@id":"https:\/\/www.zerdab.com\/?p=28774#breadcrumb"},"inLanguage":"az","potentialAction":[{"@type":"ReadAction","target":["https:\/\/www.zerdab.com\/?p=28774"]}]},{"@type":"ImageObject","inLanguage":"az","@id":"https:\/\/www.zerdab.com\/?p=28774#primaryimage","url":"","contentUrl":""},{"@type":"BreadcrumbList","@id":"https:\/\/www.zerdab.com\/?p=28774#breadcrumb","itemListElement":[{"@type":"ListItem","position":1,"name":"Home","item":"https:\/\/www.zerdab.com\/"},{"@type":"ListItem","position":2,"name":"Z\u0259rdab rayon Heyd\u0259r \u018fliyev M\u0259rk\u0259zinin t\u0259\u015fkilat\u00e7\u0131l\u0131\u011f\u0131 il\u0259 videokonfrans ke\u00e7irilib"}]},{"@type":"WebSite","@id":"https:\/\/www.zerdab.com\/#website","url":"https:\/\/www.zerdab.com\/","name":"Z\u0259rdab.com","description":"","potentialAction":[{"@type":"SearchAction","target":{"@type":"EntryPoint","urlTemplate":"https:\/\/www.zerdab.com\/?s={search_term_string}"},"query-input":{"@type":"PropertyValueSpecification","valueRequired":true,"valueName":"search_term_string"}}],"inLanguage":"az"},{"@type":"Person","@id":"https:\/\/www.zerdab.com\/#\/schema\/person\/97079b7570c1e89ec0d9e138c3672136","name":"admin","image":{"@type":"ImageObject","inLanguage":"az","@id":"https:\/\/www.zerdab.com\/#\/schema\/person\/image\/","url":"https:\/\/secure.gravatar.com\/avatar\/d9c52a9a27c32119cb6679a077fa3e2779e5f822c451cbf01098004361d466ec?s=96&d=mm&r=g","contentUrl":"https:\/\/secure.gravatar.com\/avatar\/d9c52a9a27c32119cb6679a077fa3e2779e5f822c451cbf01098004361d466ec?s=96&d=mm&r=g","caption":"admin"},"url":"https:\/\/www.zerdab.com\/?author=1"}]}},"_links":{"self":[{"href":"https:\/\/www.zerdab.com\/index.php?rest_route=\/wp\/v2\/posts\/28774","targetHints":{"allow":["GET"]}}],"collection":[{"href":"https:\/\/www.zerdab.com\/index.php?rest_route=\/wp\/v2\/posts"}],"about":[{"href":"https:\/\/www.zerdab.com\/index.php?rest_route=\/wp\/v2\/types\/post"}],"author":[{"embeddable":true,"href":"https:\/\/www.zerdab.com\/index.php?rest_route=\/wp\/v2\/users\/1"}],"replies":[{"embeddable":true,"href":"https:\/\/www.zerdab.com\/index.php?rest_route=%2Fwp%2Fv2%2Fcomments&post=28774"}],"version-history":[{"count":1,"href":"https:\/\/www.zerdab.com\/index.php?rest_route=\/wp\/v2\/posts\/28774\/revisions"}],"predecessor-version":[{"id":28777,"href":"https:\/\/www.zerdab.com\/index.php?rest_route=\/wp\/v2\/posts\/28774\/revisions\/28777"}],"wp:attachment":[{"href":"https:\/\/www.zerdab.com\/index.php?rest_route=%2Fwp%2Fv2%2Fmedia&parent=28774"}],"wp:term":[{"taxonomy":"category","embeddable":true,"href":"https:\/\/www.zerdab.com\/index.php?rest_route=%2Fwp%2Fv2%2Fcategories&post=28774"},{"taxonomy":"post_tag","embeddable":true,"href":"https:\/\/www.zerdab.com\/index.php?rest_route=%2Fwp%2Fv2%2Ftags&post=28774"}],"curies":[{"name":"wp","href":"https:\/\/api.w.org\/{rel}","templated":true}]}}