{"id":28793,"date":"2021-01-04T14:40:57","date_gmt":"2021-01-04T10:40:57","guid":{"rendered":"http:\/\/www.zerdab.com\/?p=28793"},"modified":"2021-01-04T14:44:52","modified_gmt":"2021-01-04T10:44:52","slug":"z%c9%99rdabda-daha-bir-qazi-ail%c9%99sin%c9%99-yardim-edildi-fotolar","status":"publish","type":"post","link":"https:\/\/www.zerdab.com\/?p=28793","title":{"rendered":"Z\u0259rdabda daha bir qazi ail\u0259sin\u0259 yard\u0131m edildi &#8211; Fotolar"},"content":{"rendered":"\n<p><strong>V\u0259t\u0259n m\u00fcharib\u0259sind\u0259 yaralanm\u0131\u015f Mirz\u0259liyev Roman Aleksandr o\u011flunun&nbsp;\u0259lillikl\u0259 ba\u011fl\u0131 s\u0259n\u0259dl\u0259\u015fm\u0259 i\u015fl\u0259ri ba\u015fa \u00e7atandan sonra ona \u0259lillik&nbsp;&nbsp;t\u0259yin olunacaq, h\u0259r ay&nbsp;&nbsp;t\u0259qa\u00fcd v\u0259 m\u00fcavin\u0259tl\u0259 t\u0259min edil\u0259c\u0259k. Ail\u0259 \u00fczvl\u0259rinin m\u0259\u015f\u011fullu\u011funa&nbsp;&nbsp;d\u0259st\u0259k i\u015fl\u0259ri d\u0259 apar\u0131l\u0131r.<\/strong><\/p>\n\n\n\n<p>\u018fm\u0259k v\u0259 \u018fhalinin Sosial M\u00fcdafi\u0259si Nazirliyind\u0259n <strong>Zerdab.com<\/strong>-a\u00a0veril\u0259n m\u0259lumata g\u00f6r\u0259, nazirliyin \u0259m\u0259kda\u015flar\u0131 qazinin ail\u0259sind\u0259 (Z\u0259rdab rayonu) olark\u0259n bu bar\u0259d\u0259 m\u0259lumat veribl\u0259r.<\/p>\n\n\n\n<figure class=\"wp-block-image\"><img decoding=\"async\" src=\"http:\/\/www.zerdab.com\/wp-content\/uploads\/2021\/01\/Zerdab-qazi-yardim1-550x254.jpeg\" alt=\"\" class=\"wp-image-28797\"\/><\/figure>\n\n\n\n<p>G\u00f6r\u00fc\u015f zaman\u0131 ail\u0259y\u0259 Heyd\u0259r \u018fliyev Fondunun \u0259rzaq yard\u0131m\u0131 da \u00e7atd\u0131r\u0131l\u0131b.<\/p>\n\n\n\n<p>Roman haz\u0131rda evd\u0259 m\u00fcalic\u0259sini davam edir. Atas\u0131 Aleksandr Mirz\u0259liyev\u0259 \u00f6z\u00fcn\u00fcm\u0259\u015f\u011fulluq proqram\u0131 \u00e7\u0259r\u00e7iv\u0259sind\u0259 onun \u00fc\u00e7\u00fcn ki\u00e7ik t\u0259s\u0259rr\u00fcfat yarad\u0131lmas\u0131 t\u0259klif edilib. Lakin o, \u00f6d\u0259ni\u015fli ictimai i\u015fl\u0259rd\u0259 i\u015fl\u0259m\u0259k ist\u0259diyi \u00fc\u00e7\u00fcn yax\u0131n g\u00fcnl\u0259rd\u0259 h\u0259min i\u015fl\u0259r\u0259 c\u0259lb olunmaq \u00fc\u00e7\u00fcn qeydiyyata al\u0131n\u0131b. Qazinin&nbsp;anas\u0131n\u0131n ist\u0259yi \u0259sas\u0131nda onun da i\u015fl\u0259 t\u0259min olunmas\u0131 n\u0259z\u0259rd\u0259 tutulub.<\/p>\n\n\n\n<figure class=\"wp-block-image\"><img decoding=\"async\" src=\"http:\/\/www.zerdab.com\/wp-content\/uploads\/2021\/01\/Zerdab-qazi-yardim2-550x254.jpeg\" alt=\"\" class=\"wp-image-28798\"\/><\/figure>\n\n\n\n<p>Roman\u0131n \u00f6z\u00fc&nbsp;&nbsp;m\u00fcdd\u0259td\u0259n art\u0131q h\u0259rbi xidm\u0259t&nbsp;&nbsp;ed\u0259n h\u0259rbi qulluq\u00e7udur. Qarda\u015f\u0131 X\u0259yyam h\u0259qiqi h\u0259rbi xidm\u0259td\u0259dir. \u0130ki bac\u0131s\u0131 is\u0259 m\u0259kt\u0259blidir.<\/p>\n\n\n\n<p>Ail\u0259nin ya\u015fay\u0131\u015f\u0131 bundan sonra da diqq\u0259td\u0259 saxlanacaq.<\/p>\n\n\n\n<p><strong>Zerdab.com<\/strong><\/p>\n","protected":false},"excerpt":{"rendered":"<p>V\u0259t\u0259n m\u00fcharib\u0259sind\u0259 yaralanm\u0131\u015f Mirz\u0259liyev Roman Aleksandr o\u011flunun&nbsp;\u0259lillikl\u0259 ba\u011fl\u0131 s\u0259n\u0259dl\u0259\u015fm\u0259 i\u015fl\u0259ri ba\u015fa \u00e7atandan sonra ona \u0259lillik&nbsp;&nbsp;t\u0259yin olunacaq, h\u0259r ay&nbsp;&nbsp;t\u0259qa\u00fcd v\u0259 m\u00fcavin\u0259tl\u0259 t\u0259min edil\u0259c\u0259k. Ail\u0259 \u00fczvl\u0259rinin m\u0259\u015f\u011fullu\u011funa&nbsp;&nbsp;d\u0259st\u0259k i\u015fl\u0259ri d\u0259 apar\u0131l\u0131r. \u018fm\u0259k v\u0259 \u018fhalinin Sosial M\u00fcdafi\u0259si Nazirliyind\u0259n Zerdab.com-a\u00a0veril\u0259n m\u0259lumata g\u00f6r\u0259, nazirliyin \u0259m\u0259kda\u015flar\u0131 qazinin ail\u0259sind\u0259 (Z\u0259rdab rayonu) olark\u0259n bu bar\u0259d\u0259 m\u0259lumat veribl\u0259r. G\u00f6r\u00fc\u015f zaman\u0131 ail\u0259y\u0259 Heyd\u0259r \u018fliyev Fondunun \u0259rzaq [&hellip;]<\/p>\n","protected":false},"author":1,"featured_media":0,"comment_status":"open","ping_status":"open","sticky":false,"template":"","format":"standard","meta":{"footnotes":""},"categories":[63,5],"tags":[],"class_list":{"0":"post-28793","1":"post","2":"type-post","3":"status-publish","4":"format-standard","6":"category-manset","7":"category-knd"},"yoast_head":"<!-- This site is optimized with the Yoast SEO plugin v27.0 - https:\/\/yoast.com\/product\/yoast-seo-wordpress\/ -->\n<title>Z\u0259rdabda daha bir qazi ail\u0259sin\u0259 yard\u0131m edildi - Fotolar - Z\u0259rdab.com<\/title>\n<meta name=\"robots\" content=\"index, follow, max-snippet:-1, max-image-preview:large, max-video-preview:-1\" \/>\n<link rel=\"canonical\" href=\"https:\/\/www.zerdab.com\/?p=28793\" \/>\n<meta property=\"og:locale\" content=\"az_AZ\" \/>\n<meta property=\"og:type\" content=\"article\" \/>\n<meta property=\"og:title\" content=\"Z\u0259rdabda daha bir qazi ail\u0259sin\u0259 yard\u0131m edildi - Fotolar - Z\u0259rdab.com\" \/>\n<meta property=\"og:description\" content=\"V\u0259t\u0259n m\u00fcharib\u0259sind\u0259 yaralanm\u0131\u015f Mirz\u0259liyev Roman Aleksandr o\u011flunun&nbsp;\u0259lillikl\u0259 ba\u011fl\u0131 s\u0259n\u0259dl\u0259\u015fm\u0259 i\u015fl\u0259ri ba\u015fa \u00e7atandan sonra ona \u0259lillik&nbsp;&nbsp;t\u0259yin olunacaq, h\u0259r ay&nbsp;&nbsp;t\u0259qa\u00fcd v\u0259 m\u00fcavin\u0259tl\u0259 t\u0259min edil\u0259c\u0259k. Ail\u0259 \u00fczvl\u0259rinin m\u0259\u015f\u011fullu\u011funa&nbsp;&nbsp;d\u0259st\u0259k i\u015fl\u0259ri d\u0259 apar\u0131l\u0131r. \u018fm\u0259k v\u0259 \u018fhalinin Sosial M\u00fcdafi\u0259si Nazirliyind\u0259n Zerdab.com-a\u00a0veril\u0259n m\u0259lumata g\u00f6r\u0259, nazirliyin \u0259m\u0259kda\u015flar\u0131 qazinin ail\u0259sind\u0259 (Z\u0259rdab rayonu) olark\u0259n bu bar\u0259d\u0259 m\u0259lumat veribl\u0259r. G\u00f6r\u00fc\u015f zaman\u0131 ail\u0259y\u0259 Heyd\u0259r \u018fliyev Fondunun \u0259rzaq [&hellip;]\" \/>\n<meta property=\"og:url\" content=\"https:\/\/www.zerdab.com\/?p=28793\" \/>\n<meta property=\"og:site_name\" content=\"Z\u0259rdab.com\" \/>\n<meta property=\"article:published_time\" content=\"2021-01-04T10:40:57+00:00\" \/>\n<meta property=\"article:modified_time\" content=\"2021-01-04T10:44:52+00:00\" \/>\n<meta property=\"og:image\" content=\"http:\/\/www.zerdab.com\/wp-content\/uploads\/2021\/01\/Zerdab-qazi-yardim1-550x254.jpeg\" \/>\n<meta name=\"author\" content=\"admin\" \/>\n<meta name=\"twitter:card\" content=\"summary_large_image\" \/>\n<meta name=\"twitter:label1\" content=\"Written by\" \/>\n\t<meta name=\"twitter:data1\" content=\"admin\" \/>\n\t<meta name=\"twitter:label2\" content=\"Est. reading time\" \/>\n\t<meta name=\"twitter:data2\" content=\"1 minute\" \/>\n<script type=\"application\/ld+json\" class=\"yoast-schema-graph\">{\"@context\":\"https:\/\/schema.org\",\"@graph\":[{\"@type\":\"Article\",\"@id\":\"https:\/\/www.zerdab.com\/?p=28793#article\",\"isPartOf\":{\"@id\":\"https:\/\/www.zerdab.com\/?p=28793\"},\"author\":{\"name\":\"admin\",\"@id\":\"https:\/\/www.zerdab.com\/#\/schema\/person\/97079b7570c1e89ec0d9e138c3672136\"},\"headline\":\"Z\u0259rdabda daha bir qazi ail\u0259sin\u0259 yard\u0131m edildi &#8211; Fotolar\",\"datePublished\":\"2021-01-04T10:40:57+00:00\",\"dateModified\":\"2021-01-04T10:44:52+00:00\",\"mainEntityOfPage\":{\"@id\":\"https:\/\/www.zerdab.com\/?p=28793\"},\"wordCount\":276,\"commentCount\":0,\"image\":{\"@id\":\"https:\/\/www.zerdab.com\/?p=28793#primaryimage\"},\"thumbnailUrl\":\"http:\/\/www.zerdab.com\/wp-content\/uploads\/2021\/01\/Zerdab-qazi-yardim1-550x254.jpeg\",\"articleSection\":[\"MAN\u015eET\",\"X\u018fB\u018fRL\u018fR\"],\"inLanguage\":\"az\",\"potentialAction\":[{\"@type\":\"CommentAction\",\"name\":\"Comment\",\"target\":[\"https:\/\/www.zerdab.com\/?p=28793#respond\"]}]},{\"@type\":\"WebPage\",\"@id\":\"https:\/\/www.zerdab.com\/?p=28793\",\"url\":\"https:\/\/www.zerdab.com\/?p=28793\",\"name\":\"Z\u0259rdabda daha bir qazi ail\u0259sin\u0259 yard\u0131m edildi - Fotolar - Z\u0259rdab.com\",\"isPartOf\":{\"@id\":\"https:\/\/www.zerdab.com\/#website\"},\"primaryImageOfPage\":{\"@id\":\"https:\/\/www.zerdab.com\/?p=28793#primaryimage\"},\"image\":{\"@id\":\"https:\/\/www.zerdab.com\/?p=28793#primaryimage\"},\"thumbnailUrl\":\"http:\/\/www.zerdab.com\/wp-content\/uploads\/2021\/01\/Zerdab-qazi-yardim1-550x254.jpeg\",\"datePublished\":\"2021-01-04T10:40:57+00:00\",\"dateModified\":\"2021-01-04T10:44:52+00:00\",\"author\":{\"@id\":\"https:\/\/www.zerdab.com\/#\/schema\/person\/97079b7570c1e89ec0d9e138c3672136\"},\"breadcrumb\":{\"@id\":\"https:\/\/www.zerdab.com\/?p=28793#breadcrumb\"},\"inLanguage\":\"az\",\"potentialAction\":[{\"@type\":\"ReadAction\",\"target\":[\"https:\/\/www.zerdab.com\/?p=28793\"]}]},{\"@type\":\"ImageObject\",\"inLanguage\":\"az\",\"@id\":\"https:\/\/www.zerdab.com\/?p=28793#primaryimage\",\"url\":\"\",\"contentUrl\":\"\"},{\"@type\":\"BreadcrumbList\",\"@id\":\"https:\/\/www.zerdab.com\/?p=28793#breadcrumb\",\"itemListElement\":[{\"@type\":\"ListItem\",\"position\":1,\"name\":\"Home\",\"item\":\"https:\/\/www.zerdab.com\/\"},{\"@type\":\"ListItem\",\"position\":2,\"name\":\"Z\u0259rdabda daha bir qazi ail\u0259sin\u0259 yard\u0131m edildi &#8211; Fotolar\"}]},{\"@type\":\"WebSite\",\"@id\":\"https:\/\/www.zerdab.com\/#website\",\"url\":\"https:\/\/www.zerdab.com\/\",\"name\":\"Z\u0259rdab.com\",\"description\":\"\",\"potentialAction\":[{\"@type\":\"SearchAction\",\"target\":{\"@type\":\"EntryPoint\",\"urlTemplate\":\"https:\/\/www.zerdab.com\/?s={search_term_string}\"},\"query-input\":{\"@type\":\"PropertyValueSpecification\",\"valueRequired\":true,\"valueName\":\"search_term_string\"}}],\"inLanguage\":\"az\"},{\"@type\":\"Person\",\"@id\":\"https:\/\/www.zerdab.com\/#\/schema\/person\/97079b7570c1e89ec0d9e138c3672136\",\"name\":\"admin\",\"image\":{\"@type\":\"ImageObject\",\"inLanguage\":\"az\",\"@id\":\"https:\/\/www.zerdab.com\/#\/schema\/person\/image\/\",\"url\":\"https:\/\/secure.gravatar.com\/avatar\/d9c52a9a27c32119cb6679a077fa3e2779e5f822c451cbf01098004361d466ec?s=96&d=mm&r=g\",\"contentUrl\":\"https:\/\/secure.gravatar.com\/avatar\/d9c52a9a27c32119cb6679a077fa3e2779e5f822c451cbf01098004361d466ec?s=96&d=mm&r=g\",\"caption\":\"admin\"},\"url\":\"https:\/\/www.zerdab.com\/?author=1\"}]}<\/script>\n<!-- \/ Yoast SEO plugin. -->","yoast_head_json":{"title":"Z\u0259rdabda daha bir qazi ail\u0259sin\u0259 yard\u0131m edildi - Fotolar - Z\u0259rdab.com","robots":{"index":"index","follow":"follow","max-snippet":"max-snippet:-1","max-image-preview":"max-image-preview:large","max-video-preview":"max-video-preview:-1"},"canonical":"https:\/\/www.zerdab.com\/?p=28793","og_locale":"az_AZ","og_type":"article","og_title":"Z\u0259rdabda daha bir qazi ail\u0259sin\u0259 yard\u0131m edildi - Fotolar - Z\u0259rdab.com","og_description":"V\u0259t\u0259n m\u00fcharib\u0259sind\u0259 yaralanm\u0131\u015f Mirz\u0259liyev Roman Aleksandr o\u011flunun&nbsp;\u0259lillikl\u0259 ba\u011fl\u0131 s\u0259n\u0259dl\u0259\u015fm\u0259 i\u015fl\u0259ri ba\u015fa \u00e7atandan sonra ona \u0259lillik&nbsp;&nbsp;t\u0259yin olunacaq, h\u0259r ay&nbsp;&nbsp;t\u0259qa\u00fcd v\u0259 m\u00fcavin\u0259tl\u0259 t\u0259min edil\u0259c\u0259k. Ail\u0259 \u00fczvl\u0259rinin m\u0259\u015f\u011fullu\u011funa&nbsp;&nbsp;d\u0259st\u0259k i\u015fl\u0259ri d\u0259 apar\u0131l\u0131r. \u018fm\u0259k v\u0259 \u018fhalinin Sosial M\u00fcdafi\u0259si Nazirliyind\u0259n Zerdab.com-a\u00a0veril\u0259n m\u0259lumata g\u00f6r\u0259, nazirliyin \u0259m\u0259kda\u015flar\u0131 qazinin ail\u0259sind\u0259 (Z\u0259rdab rayonu) olark\u0259n bu bar\u0259d\u0259 m\u0259lumat veribl\u0259r. G\u00f6r\u00fc\u015f zaman\u0131 ail\u0259y\u0259 Heyd\u0259r \u018fliyev Fondunun \u0259rzaq [&hellip;]","og_url":"https:\/\/www.zerdab.com\/?p=28793","og_site_name":"Z\u0259rdab.com","article_published_time":"2021-01-04T10:40:57+00:00","article_modified_time":"2021-01-04T10:44:52+00:00","og_image":[{"url":"http:\/\/www.zerdab.com\/wp-content\/uploads\/2021\/01\/Zerdab-qazi-yardim1-550x254.jpeg","type":"","width":"","height":""}],"author":"admin","twitter_card":"summary_large_image","twitter_misc":{"Written by":"admin","Est. reading time":"1 minute"},"schema":{"@context":"https:\/\/schema.org","@graph":[{"@type":"Article","@id":"https:\/\/www.zerdab.com\/?p=28793#article","isPartOf":{"@id":"https:\/\/www.zerdab.com\/?p=28793"},"author":{"name":"admin","@id":"https:\/\/www.zerdab.com\/#\/schema\/person\/97079b7570c1e89ec0d9e138c3672136"},"headline":"Z\u0259rdabda daha bir qazi ail\u0259sin\u0259 yard\u0131m edildi &#8211; Fotolar","datePublished":"2021-01-04T10:40:57+00:00","dateModified":"2021-01-04T10:44:52+00:00","mainEntityOfPage":{"@id":"https:\/\/www.zerdab.com\/?p=28793"},"wordCount":276,"commentCount":0,"image":{"@id":"https:\/\/www.zerdab.com\/?p=28793#primaryimage"},"thumbnailUrl":"http:\/\/www.zerdab.com\/wp-content\/uploads\/2021\/01\/Zerdab-qazi-yardim1-550x254.jpeg","articleSection":["MAN\u015eET","X\u018fB\u018fRL\u018fR"],"inLanguage":"az","potentialAction":[{"@type":"CommentAction","name":"Comment","target":["https:\/\/www.zerdab.com\/?p=28793#respond"]}]},{"@type":"WebPage","@id":"https:\/\/www.zerdab.com\/?p=28793","url":"https:\/\/www.zerdab.com\/?p=28793","name":"Z\u0259rdabda daha bir qazi ail\u0259sin\u0259 yard\u0131m edildi - Fotolar - Z\u0259rdab.com","isPartOf":{"@id":"https:\/\/www.zerdab.com\/#website"},"primaryImageOfPage":{"@id":"https:\/\/www.zerdab.com\/?p=28793#primaryimage"},"image":{"@id":"https:\/\/www.zerdab.com\/?p=28793#primaryimage"},"thumbnailUrl":"http:\/\/www.zerdab.com\/wp-content\/uploads\/2021\/01\/Zerdab-qazi-yardim1-550x254.jpeg","datePublished":"2021-01-04T10:40:57+00:00","dateModified":"2021-01-04T10:44:52+00:00","author":{"@id":"https:\/\/www.zerdab.com\/#\/schema\/person\/97079b7570c1e89ec0d9e138c3672136"},"breadcrumb":{"@id":"https:\/\/www.zerdab.com\/?p=28793#breadcrumb"},"inLanguage":"az","potentialAction":[{"@type":"ReadAction","target":["https:\/\/www.zerdab.com\/?p=28793"]}]},{"@type":"ImageObject","inLanguage":"az","@id":"https:\/\/www.zerdab.com\/?p=28793#primaryimage","url":"","contentUrl":""},{"@type":"BreadcrumbList","@id":"https:\/\/www.zerdab.com\/?p=28793#breadcrumb","itemListElement":[{"@type":"ListItem","position":1,"name":"Home","item":"https:\/\/www.zerdab.com\/"},{"@type":"ListItem","position":2,"name":"Z\u0259rdabda daha bir qazi ail\u0259sin\u0259 yard\u0131m edildi &#8211; Fotolar"}]},{"@type":"WebSite","@id":"https:\/\/www.zerdab.com\/#website","url":"https:\/\/www.zerdab.com\/","name":"Z\u0259rdab.com","description":"","potentialAction":[{"@type":"SearchAction","target":{"@type":"EntryPoint","urlTemplate":"https:\/\/www.zerdab.com\/?s={search_term_string}"},"query-input":{"@type":"PropertyValueSpecification","valueRequired":true,"valueName":"search_term_string"}}],"inLanguage":"az"},{"@type":"Person","@id":"https:\/\/www.zerdab.com\/#\/schema\/person\/97079b7570c1e89ec0d9e138c3672136","name":"admin","image":{"@type":"ImageObject","inLanguage":"az","@id":"https:\/\/www.zerdab.com\/#\/schema\/person\/image\/","url":"https:\/\/secure.gravatar.com\/avatar\/d9c52a9a27c32119cb6679a077fa3e2779e5f822c451cbf01098004361d466ec?s=96&d=mm&r=g","contentUrl":"https:\/\/secure.gravatar.com\/avatar\/d9c52a9a27c32119cb6679a077fa3e2779e5f822c451cbf01098004361d466ec?s=96&d=mm&r=g","caption":"admin"},"url":"https:\/\/www.zerdab.com\/?author=1"}]}},"_links":{"self":[{"href":"https:\/\/www.zerdab.com\/index.php?rest_route=\/wp\/v2\/posts\/28793","targetHints":{"allow":["GET"]}}],"collection":[{"href":"https:\/\/www.zerdab.com\/index.php?rest_route=\/wp\/v2\/posts"}],"about":[{"href":"https:\/\/www.zerdab.com\/index.php?rest_route=\/wp\/v2\/types\/post"}],"author":[{"embeddable":true,"href":"https:\/\/www.zerdab.com\/index.php?rest_route=\/wp\/v2\/users\/1"}],"replies":[{"embeddable":true,"href":"https:\/\/www.zerdab.com\/index.php?rest_route=%2Fwp%2Fv2%2Fcomments&post=28793"}],"version-history":[{"count":2,"href":"https:\/\/www.zerdab.com\/index.php?rest_route=\/wp\/v2\/posts\/28793\/revisions"}],"predecessor-version":[{"id":28799,"href":"https:\/\/www.zerdab.com\/index.php?rest_route=\/wp\/v2\/posts\/28793\/revisions\/28799"}],"wp:attachment":[{"href":"https:\/\/www.zerdab.com\/index.php?rest_route=%2Fwp%2Fv2%2Fmedia&parent=28793"}],"wp:term":[{"taxonomy":"category","embeddable":true,"href":"https:\/\/www.zerdab.com\/index.php?rest_route=%2Fwp%2Fv2%2Fcategories&post=28793"},{"taxonomy":"post_tag","embeddable":true,"href":"https:\/\/www.zerdab.com\/index.php?rest_route=%2Fwp%2Fv2%2Ftags&post=28793"}],"curies":[{"name":"wp","href":"https:\/\/api.w.org\/{rel}","templated":true}]}}