{"id":28801,"date":"2021-01-09T15:58:27","date_gmt":"2021-01-09T11:58:27","guid":{"rendered":"http:\/\/www.zerdab.com\/?p=28801"},"modified":"2021-01-09T15:58:29","modified_gmt":"2021-01-09T11:58:29","slug":"mill%c9%99t-v%c9%99kilimiz-jal%c9%99-%c9%99liyeva-s%c9%99hidl%c9%99rimizin-m%c9%99zarlarini-ziyar%c9%99t-edib-ail%c9%99-uzvl%c9%99ri-il%c9%99-gorusub-fotolar","status":"publish","type":"post","link":"https:\/\/www.zerdab.com\/?p=28801","title":{"rendered":"Mill\u0259t v\u0259kilimiz Jal\u0259 \u018fliyeva \u015f\u0259hidl\u0259rimizin m\u0259zarlar\u0131n\u0131 ziyar\u0259t edib, ail\u0259 \u00fczvl\u0259ri il\u0259 g\u00f6r\u00fc\u015f\u00fcb &#8211; Fotolar"},"content":{"rendered":"\n<p><strong>\u015e\u0259hidl\u0259rimiz bizim h\u0259r birimizin ba\u015f tac\u0131d\u0131r, \u015e\u0259hid m\u0259zarlar\u0131, \u015e\u0259hidl\u0259r xiyabanlar\u0131 bizim m\u00fcq\u0259dd\u0259s and yerimizdir. Ham\u0131s\u0131na minn\u0259tdar\u0131q, ham\u0131s\u0131na bir \u00f6m\u00fcr boyu borcluyuq.<\/strong><\/p>\n\n\n\n<p><span style=\"background-color: rgb(232, 234, 235);\">Bunu 92 sayl\u0131\u00a0Z\u0259rdab-Ucar Se\u00e7ki Dair\u0259sind\u0259n olan mill\u0259t v\u0259kili, professor\u00a0Jal\u0259 \u018fliyeva\u00a0deyib.<\/p>\n\n\n\n<p>H\u0259r zaman se\u00e7icil\u0259rinin qay\u011f\u0131lar\u0131n\u0131, probleml\u0259rini dinl\u0259y\u0259n, dil\u0259 g\u0259tiril\u0259n m\u0259s\u0259l\u0259l\u0259ri parlament tribunas\u0131ndan, dig\u0259r k\u00fcrs\u00fcl\u0259rd\u0259n s\u0259sl\u0259ndir\u0259n, bir \u00e7ox hallarda onlar\u0131n h\u0259llin\u0259 nail olan mill\u0259t v\u0259kili \u015e\u0259hid v\u0259 Qazil\u0259ri, onlar\u0131n ail\u0259l\u0259rini d\u0259 he\u00e7 zaman unutmay\u0131b, diqq\u0259td\u0259n k\u0259narda saxlamay\u0131b.<\/p>\n\n\n\n<p><strong>Z\u0259rdaba v\u0259 Ucara &#8211; 92 sayl\u0131 Se\u00e7ki Dair\u0259sin\u0259 aid olan b\u00f6lg\u0259l\u0259r\u0259 s\u0259f\u0259rl\u0259ri zaman\u0131 h\u0259r zaman \u015e\u0259hid v\u0259 Qazi ail\u0259l\u0259ri il\u0259 g\u00f6r\u00fc\u015f\u00fcb, onlar\u0131 d\u00fc\u015f\u00fcnd\u00fcr\u0259n m\u0259s\u0259l\u0259l\u0259rl\u0259 maraqlan\u0131b, d\u0259st\u0259k olub.<\/strong><\/p>\n\n\n\n<p>Z\u0259rdaba n\u00f6vb\u0259ti s\u0259f\u0259ri zaman\u0131 mill\u0259t v\u0259kili yen\u0259 d\u0259 \u015e\u0259hid ail\u0259l\u0259rin\u0259 &#8211; 44 g\u00fcnl\u00fck tarixi \u0130kinci V\u0259t\u0259n M\u00fcharib\u0259sind\u0259 dastan yazm\u0131\u015f, \u015e\u0259hidlik m\u0259qam\u0131na ucalm\u0131\u015f Z\u0259rdabl\u0131 \u015e\u0259hidl\u0259rin ail\u0259l\u0259l\u0259rin\u0259 ba\u015f \u00e7\u0259kib, V\u0259t\u0259n q\u0259hr\u0259manlar\u0131n\u0131n m\u0259zarlar\u0131n\u0131 ziyar\u0259t edib.<\/p>\n\n\n\n<p><strong>Mill\u0259t v\u0259kili a\u00e7\u0131qlamas\u0131nda q\u0131saca olaraq bunlar\u0131 deyib:<\/strong><\/p>\n\n\n\n<p><strong><em>\u201cZ\u0259rdabda \u015f\u0259hid M\u0259mm\u0259dzad\u0259 Anar Nazim o\u011flunun, K\u00f6rp\u00fck\u0259nd k\u0259ndind\u0259 \u015f\u0259hid Muradov Turan Vaqif o\u011flunun, \u015f\u0259hid A\u011fayev \u0130lkin Tehran o\u011flunun, H\u00fcseynxanl\u0131 k\u0259ndind\u0259 \u015f\u0259hid Abbasov A\u011faqarda\u015f \u0130lham o\u011flunun m\u0259zarlar\u0131 qar\u015f\u0131s\u0131nda ruhlar\u0131na dualar oxuduq, do\u011fulub b\u00f6y\u00fcd\u00fckl\u0259ri evl\u0259rind\u0259 valideynl\u0259rini, \u0259zizl\u0259rini ziyar\u0259t etdik. G\u00f6z\u00fc ya\u015fl\u0131, amma q\u00fcrurlu ata-analar\u0131na, \u00f6m\u00fcr-g\u00fcn yolda\u015flar\u0131na Allahdan s\u0259br dil\u0259dik. N\u0259 des\u0259k, n\u0259 ets\u0259k, borclar\u0131ndan \u00e7\u0131xa bilm\u0259rik. Onlar \u00f6lm\u0259dil\u0259r! Onlar h\u0259r zaman biziml\u0259dirl\u0259r\u201d.<\/em><\/strong><\/p>\n\n\n\n<figure class=\"wp-block-image\"><img decoding=\"async\" src=\"https:\/\/etikxeber.az\/wp-content\/uploads\/2021\/01\/sehid-jala.jpg\" alt=\"\" class=\"wp-image-79859\"\/><\/figure>\n\n\n\n<figure class=\"wp-block-image\"><img decoding=\"async\" src=\"https:\/\/etikxeber.az\/wp-content\/uploads\/2021\/01\/sehid-jala-1.jpg\" alt=\"\" class=\"wp-image-79860\"\/><\/figure>\n\n\n\n<figure class=\"wp-block-image\"><img decoding=\"async\" src=\"https:\/\/etikxeber.az\/wp-content\/uploads\/2021\/01\/sehid-jala-2.jpg\" alt=\"\" class=\"wp-image-79861\"\/><\/figure>\n\n\n\n<figure class=\"wp-block-image\"><img decoding=\"async\" src=\"https:\/\/etikxeber.az\/wp-content\/uploads\/2021\/01\/sehid-jala-3.jpg\" alt=\"\" class=\"wp-image-79862\"\/><\/figure>\n\n\n\n<figure class=\"wp-block-image\"><img decoding=\"async\" src=\"https:\/\/etikxeber.az\/wp-content\/uploads\/2021\/01\/sehid-jala-4.jpg\" alt=\"\" class=\"wp-image-79863\"\/><\/figure>\n\n\n\n<figure class=\"wp-block-image\"><img decoding=\"async\" src=\"https:\/\/etikxeber.az\/wp-content\/uploads\/2021\/01\/sehid-jala-5.jpg\" alt=\"\" class=\"wp-image-79864\"\/><\/figure>\n\n\n\n<figure class=\"wp-block-image\"><img decoding=\"async\" src=\"https:\/\/etikxeber.az\/wp-content\/uploads\/2021\/01\/sehid-jala-6.jpg\" alt=\"\" class=\"wp-image-79865\"\/><\/figure>\n\n\n\n<figure class=\"wp-block-image\"><img decoding=\"async\" src=\"https:\/\/etikxeber.az\/wp-content\/uploads\/2021\/01\/sehid-jala-7.jpg\" alt=\"\" class=\"wp-image-79866\"\/><\/figure>\n\n\n\n<figure class=\"wp-block-image\"><img decoding=\"async\" src=\"https:\/\/etikxeber.az\/wp-content\/uploads\/2021\/01\/sehid-jala-8.jpg\" alt=\"\" class=\"wp-image-79867\"\/><\/figure>\n","protected":false},"excerpt":{"rendered":"<p>\u015e\u0259hidl\u0259rimiz bizim h\u0259r birimizin ba\u015f tac\u0131d\u0131r, \u015e\u0259hid m\u0259zarlar\u0131, \u015e\u0259hidl\u0259r xiyabanlar\u0131 bizim m\u00fcq\u0259dd\u0259s and yerimizdir. Ham\u0131s\u0131na minn\u0259tdar\u0131q, ham\u0131s\u0131na bir \u00f6m\u00fcr boyu borcluyuq. Bunu 92 sayl\u0131\u00a0Z\u0259rdab-Ucar Se\u00e7ki Dair\u0259sind\u0259n olan mill\u0259t v\u0259kili, professor\u00a0Jal\u0259 \u018fliyeva\u00a0deyib. H\u0259r zaman se\u00e7icil\u0259rinin qay\u011f\u0131lar\u0131n\u0131, probleml\u0259rini dinl\u0259y\u0259n, dil\u0259 g\u0259tiril\u0259n m\u0259s\u0259l\u0259l\u0259ri parlament tribunas\u0131ndan, dig\u0259r k\u00fcrs\u00fcl\u0259rd\u0259n s\u0259sl\u0259ndir\u0259n, bir \u00e7ox hallarda onlar\u0131n h\u0259llin\u0259 nail olan mill\u0259t v\u0259kili \u015e\u0259hid [&hellip;]<\/p>\n","protected":false},"author":1,"featured_media":0,"comment_status":"open","ping_status":"open","sticky":false,"template":"","format":"standard","meta":{"footnotes":""},"categories":[63,5],"tags":[],"class_list":{"0":"post-28801","1":"post","2":"type-post","3":"status-publish","4":"format-standard","6":"category-manset","7":"category-knd"},"yoast_head":"<!-- This site is optimized with the Yoast SEO plugin v27.0 - https:\/\/yoast.com\/product\/yoast-seo-wordpress\/ -->\n<title>Mill\u0259t v\u0259kilimiz Jal\u0259 \u018fliyeva \u015f\u0259hidl\u0259rimizin m\u0259zarlar\u0131n\u0131 ziyar\u0259t edib, ail\u0259 \u00fczvl\u0259ri il\u0259 g\u00f6r\u00fc\u015f\u00fcb - Fotolar - Z\u0259rdab.com<\/title>\n<meta name=\"robots\" content=\"index, follow, max-snippet:-1, max-image-preview:large, max-video-preview:-1\" \/>\n<link rel=\"canonical\" href=\"https:\/\/www.zerdab.com\/?p=28801\" \/>\n<meta property=\"og:locale\" content=\"az_AZ\" \/>\n<meta property=\"og:type\" content=\"article\" \/>\n<meta property=\"og:title\" content=\"Mill\u0259t v\u0259kilimiz Jal\u0259 \u018fliyeva \u015f\u0259hidl\u0259rimizin m\u0259zarlar\u0131n\u0131 ziyar\u0259t edib, ail\u0259 \u00fczvl\u0259ri il\u0259 g\u00f6r\u00fc\u015f\u00fcb - Fotolar - Z\u0259rdab.com\" \/>\n<meta property=\"og:description\" content=\"\u015e\u0259hidl\u0259rimiz bizim h\u0259r birimizin ba\u015f tac\u0131d\u0131r, \u015e\u0259hid m\u0259zarlar\u0131, \u015e\u0259hidl\u0259r xiyabanlar\u0131 bizim m\u00fcq\u0259dd\u0259s and yerimizdir. Ham\u0131s\u0131na minn\u0259tdar\u0131q, ham\u0131s\u0131na bir \u00f6m\u00fcr boyu borcluyuq. Bunu 92 sayl\u0131\u00a0Z\u0259rdab-Ucar Se\u00e7ki Dair\u0259sind\u0259n olan mill\u0259t v\u0259kili, professor\u00a0Jal\u0259 \u018fliyeva\u00a0deyib. H\u0259r zaman se\u00e7icil\u0259rinin qay\u011f\u0131lar\u0131n\u0131, probleml\u0259rini dinl\u0259y\u0259n, dil\u0259 g\u0259tiril\u0259n m\u0259s\u0259l\u0259l\u0259ri parlament tribunas\u0131ndan, dig\u0259r k\u00fcrs\u00fcl\u0259rd\u0259n s\u0259sl\u0259ndir\u0259n, bir \u00e7ox hallarda onlar\u0131n h\u0259llin\u0259 nail olan mill\u0259t v\u0259kili \u015e\u0259hid [&hellip;]\" \/>\n<meta property=\"og:url\" content=\"https:\/\/www.zerdab.com\/?p=28801\" \/>\n<meta property=\"og:site_name\" content=\"Z\u0259rdab.com\" \/>\n<meta property=\"article:published_time\" content=\"2021-01-09T11:58:27+00:00\" \/>\n<meta property=\"article:modified_time\" content=\"2021-01-09T11:58:29+00:00\" \/>\n<meta property=\"og:image\" content=\"https:\/\/etikxeber.az\/wp-content\/uploads\/2021\/01\/sehid-jala.jpg\" \/>\n<meta name=\"author\" content=\"admin\" \/>\n<meta name=\"twitter:card\" content=\"summary_large_image\" \/>\n<meta name=\"twitter:label1\" content=\"Written by\" \/>\n\t<meta name=\"twitter:data1\" content=\"admin\" \/>\n\t<meta name=\"twitter:label2\" content=\"Est. reading time\" \/>\n\t<meta name=\"twitter:data2\" content=\"2 minutes\" \/>\n<script type=\"application\/ld+json\" class=\"yoast-schema-graph\">{\"@context\":\"https:\/\/schema.org\",\"@graph\":[{\"@type\":\"Article\",\"@id\":\"https:\/\/www.zerdab.com\/?p=28801#article\",\"isPartOf\":{\"@id\":\"https:\/\/www.zerdab.com\/?p=28801\"},\"author\":{\"name\":\"admin\",\"@id\":\"https:\/\/www.zerdab.com\/#\/schema\/person\/97079b7570c1e89ec0d9e138c3672136\"},\"headline\":\"Mill\u0259t v\u0259kilimiz Jal\u0259 \u018fliyeva \u015f\u0259hidl\u0259rimizin m\u0259zarlar\u0131n\u0131 ziyar\u0259t edib, ail\u0259 \u00fczvl\u0259ri il\u0259 g\u00f6r\u00fc\u015f\u00fcb &#8211; Fotolar\",\"datePublished\":\"2021-01-09T11:58:27+00:00\",\"dateModified\":\"2021-01-09T11:58:29+00:00\",\"mainEntityOfPage\":{\"@id\":\"https:\/\/www.zerdab.com\/?p=28801\"},\"wordCount\":380,\"commentCount\":0,\"image\":{\"@id\":\"https:\/\/www.zerdab.com\/?p=28801#primaryimage\"},\"thumbnailUrl\":\"https:\/\/etikxeber.az\/wp-content\/uploads\/2021\/01\/sehid-jala.jpg\",\"articleSection\":[\"MAN\u015eET\",\"X\u018fB\u018fRL\u018fR\"],\"inLanguage\":\"az\",\"potentialAction\":[{\"@type\":\"CommentAction\",\"name\":\"Comment\",\"target\":[\"https:\/\/www.zerdab.com\/?p=28801#respond\"]}]},{\"@type\":\"WebPage\",\"@id\":\"https:\/\/www.zerdab.com\/?p=28801\",\"url\":\"https:\/\/www.zerdab.com\/?p=28801\",\"name\":\"Mill\u0259t v\u0259kilimiz Jal\u0259 \u018fliyeva \u015f\u0259hidl\u0259rimizin m\u0259zarlar\u0131n\u0131 ziyar\u0259t edib, ail\u0259 \u00fczvl\u0259ri il\u0259 g\u00f6r\u00fc\u015f\u00fcb - Fotolar - Z\u0259rdab.com\",\"isPartOf\":{\"@id\":\"https:\/\/www.zerdab.com\/#website\"},\"primaryImageOfPage\":{\"@id\":\"https:\/\/www.zerdab.com\/?p=28801#primaryimage\"},\"image\":{\"@id\":\"https:\/\/www.zerdab.com\/?p=28801#primaryimage\"},\"thumbnailUrl\":\"https:\/\/etikxeber.az\/wp-content\/uploads\/2021\/01\/sehid-jala.jpg\",\"datePublished\":\"2021-01-09T11:58:27+00:00\",\"dateModified\":\"2021-01-09T11:58:29+00:00\",\"author\":{\"@id\":\"https:\/\/www.zerdab.com\/#\/schema\/person\/97079b7570c1e89ec0d9e138c3672136\"},\"breadcrumb\":{\"@id\":\"https:\/\/www.zerdab.com\/?p=28801#breadcrumb\"},\"inLanguage\":\"az\",\"potentialAction\":[{\"@type\":\"ReadAction\",\"target\":[\"https:\/\/www.zerdab.com\/?p=28801\"]}]},{\"@type\":\"ImageObject\",\"inLanguage\":\"az\",\"@id\":\"https:\/\/www.zerdab.com\/?p=28801#primaryimage\",\"url\":\"https:\/\/etikxeber.az\/wp-content\/uploads\/2021\/01\/sehid-jala.jpg\",\"contentUrl\":\"https:\/\/etikxeber.az\/wp-content\/uploads\/2021\/01\/sehid-jala.jpg\"},{\"@type\":\"BreadcrumbList\",\"@id\":\"https:\/\/www.zerdab.com\/?p=28801#breadcrumb\",\"itemListElement\":[{\"@type\":\"ListItem\",\"position\":1,\"name\":\"Home\",\"item\":\"https:\/\/www.zerdab.com\/\"},{\"@type\":\"ListItem\",\"position\":2,\"name\":\"Mill\u0259t v\u0259kilimiz Jal\u0259 \u018fliyeva \u015f\u0259hidl\u0259rimizin m\u0259zarlar\u0131n\u0131 ziyar\u0259t edib, ail\u0259 \u00fczvl\u0259ri il\u0259 g\u00f6r\u00fc\u015f\u00fcb &#8211; Fotolar\"}]},{\"@type\":\"WebSite\",\"@id\":\"https:\/\/www.zerdab.com\/#website\",\"url\":\"https:\/\/www.zerdab.com\/\",\"name\":\"Z\u0259rdab.com\",\"description\":\"\",\"potentialAction\":[{\"@type\":\"SearchAction\",\"target\":{\"@type\":\"EntryPoint\",\"urlTemplate\":\"https:\/\/www.zerdab.com\/?s={search_term_string}\"},\"query-input\":{\"@type\":\"PropertyValueSpecification\",\"valueRequired\":true,\"valueName\":\"search_term_string\"}}],\"inLanguage\":\"az\"},{\"@type\":\"Person\",\"@id\":\"https:\/\/www.zerdab.com\/#\/schema\/person\/97079b7570c1e89ec0d9e138c3672136\",\"name\":\"admin\",\"image\":{\"@type\":\"ImageObject\",\"inLanguage\":\"az\",\"@id\":\"https:\/\/www.zerdab.com\/#\/schema\/person\/image\/\",\"url\":\"https:\/\/secure.gravatar.com\/avatar\/d9c52a9a27c32119cb6679a077fa3e2779e5f822c451cbf01098004361d466ec?s=96&d=mm&r=g\",\"contentUrl\":\"https:\/\/secure.gravatar.com\/avatar\/d9c52a9a27c32119cb6679a077fa3e2779e5f822c451cbf01098004361d466ec?s=96&d=mm&r=g\",\"caption\":\"admin\"},\"url\":\"https:\/\/www.zerdab.com\/?author=1\"}]}<\/script>\n<!-- \/ Yoast SEO plugin. -->","yoast_head_json":{"title":"Mill\u0259t v\u0259kilimiz Jal\u0259 \u018fliyeva \u015f\u0259hidl\u0259rimizin m\u0259zarlar\u0131n\u0131 ziyar\u0259t edib, ail\u0259 \u00fczvl\u0259ri il\u0259 g\u00f6r\u00fc\u015f\u00fcb - Fotolar - Z\u0259rdab.com","robots":{"index":"index","follow":"follow","max-snippet":"max-snippet:-1","max-image-preview":"max-image-preview:large","max-video-preview":"max-video-preview:-1"},"canonical":"https:\/\/www.zerdab.com\/?p=28801","og_locale":"az_AZ","og_type":"article","og_title":"Mill\u0259t v\u0259kilimiz Jal\u0259 \u018fliyeva \u015f\u0259hidl\u0259rimizin m\u0259zarlar\u0131n\u0131 ziyar\u0259t edib, ail\u0259 \u00fczvl\u0259ri il\u0259 g\u00f6r\u00fc\u015f\u00fcb - Fotolar - Z\u0259rdab.com","og_description":"\u015e\u0259hidl\u0259rimiz bizim h\u0259r birimizin ba\u015f tac\u0131d\u0131r, \u015e\u0259hid m\u0259zarlar\u0131, \u015e\u0259hidl\u0259r xiyabanlar\u0131 bizim m\u00fcq\u0259dd\u0259s and yerimizdir. Ham\u0131s\u0131na minn\u0259tdar\u0131q, ham\u0131s\u0131na bir \u00f6m\u00fcr boyu borcluyuq. Bunu 92 sayl\u0131\u00a0Z\u0259rdab-Ucar Se\u00e7ki Dair\u0259sind\u0259n olan mill\u0259t v\u0259kili, professor\u00a0Jal\u0259 \u018fliyeva\u00a0deyib. H\u0259r zaman se\u00e7icil\u0259rinin qay\u011f\u0131lar\u0131n\u0131, probleml\u0259rini dinl\u0259y\u0259n, dil\u0259 g\u0259tiril\u0259n m\u0259s\u0259l\u0259l\u0259ri parlament tribunas\u0131ndan, dig\u0259r k\u00fcrs\u00fcl\u0259rd\u0259n s\u0259sl\u0259ndir\u0259n, bir \u00e7ox hallarda onlar\u0131n h\u0259llin\u0259 nail olan mill\u0259t v\u0259kili \u015e\u0259hid [&hellip;]","og_url":"https:\/\/www.zerdab.com\/?p=28801","og_site_name":"Z\u0259rdab.com","article_published_time":"2021-01-09T11:58:27+00:00","article_modified_time":"2021-01-09T11:58:29+00:00","og_image":[{"url":"https:\/\/etikxeber.az\/wp-content\/uploads\/2021\/01\/sehid-jala.jpg","type":"","width":"","height":""}],"author":"admin","twitter_card":"summary_large_image","twitter_misc":{"Written by":"admin","Est. reading time":"2 minutes"},"schema":{"@context":"https:\/\/schema.org","@graph":[{"@type":"Article","@id":"https:\/\/www.zerdab.com\/?p=28801#article","isPartOf":{"@id":"https:\/\/www.zerdab.com\/?p=28801"},"author":{"name":"admin","@id":"https:\/\/www.zerdab.com\/#\/schema\/person\/97079b7570c1e89ec0d9e138c3672136"},"headline":"Mill\u0259t v\u0259kilimiz Jal\u0259 \u018fliyeva \u015f\u0259hidl\u0259rimizin m\u0259zarlar\u0131n\u0131 ziyar\u0259t edib, ail\u0259 \u00fczvl\u0259ri il\u0259 g\u00f6r\u00fc\u015f\u00fcb &#8211; Fotolar","datePublished":"2021-01-09T11:58:27+00:00","dateModified":"2021-01-09T11:58:29+00:00","mainEntityOfPage":{"@id":"https:\/\/www.zerdab.com\/?p=28801"},"wordCount":380,"commentCount":0,"image":{"@id":"https:\/\/www.zerdab.com\/?p=28801#primaryimage"},"thumbnailUrl":"https:\/\/etikxeber.az\/wp-content\/uploads\/2021\/01\/sehid-jala.jpg","articleSection":["MAN\u015eET","X\u018fB\u018fRL\u018fR"],"inLanguage":"az","potentialAction":[{"@type":"CommentAction","name":"Comment","target":["https:\/\/www.zerdab.com\/?p=28801#respond"]}]},{"@type":"WebPage","@id":"https:\/\/www.zerdab.com\/?p=28801","url":"https:\/\/www.zerdab.com\/?p=28801","name":"Mill\u0259t v\u0259kilimiz Jal\u0259 \u018fliyeva \u015f\u0259hidl\u0259rimizin m\u0259zarlar\u0131n\u0131 ziyar\u0259t edib, ail\u0259 \u00fczvl\u0259ri il\u0259 g\u00f6r\u00fc\u015f\u00fcb - Fotolar - Z\u0259rdab.com","isPartOf":{"@id":"https:\/\/www.zerdab.com\/#website"},"primaryImageOfPage":{"@id":"https:\/\/www.zerdab.com\/?p=28801#primaryimage"},"image":{"@id":"https:\/\/www.zerdab.com\/?p=28801#primaryimage"},"thumbnailUrl":"https:\/\/etikxeber.az\/wp-content\/uploads\/2021\/01\/sehid-jala.jpg","datePublished":"2021-01-09T11:58:27+00:00","dateModified":"2021-01-09T11:58:29+00:00","author":{"@id":"https:\/\/www.zerdab.com\/#\/schema\/person\/97079b7570c1e89ec0d9e138c3672136"},"breadcrumb":{"@id":"https:\/\/www.zerdab.com\/?p=28801#breadcrumb"},"inLanguage":"az","potentialAction":[{"@type":"ReadAction","target":["https:\/\/www.zerdab.com\/?p=28801"]}]},{"@type":"ImageObject","inLanguage":"az","@id":"https:\/\/www.zerdab.com\/?p=28801#primaryimage","url":"https:\/\/etikxeber.az\/wp-content\/uploads\/2021\/01\/sehid-jala.jpg","contentUrl":"https:\/\/etikxeber.az\/wp-content\/uploads\/2021\/01\/sehid-jala.jpg"},{"@type":"BreadcrumbList","@id":"https:\/\/www.zerdab.com\/?p=28801#breadcrumb","itemListElement":[{"@type":"ListItem","position":1,"name":"Home","item":"https:\/\/www.zerdab.com\/"},{"@type":"ListItem","position":2,"name":"Mill\u0259t v\u0259kilimiz Jal\u0259 \u018fliyeva \u015f\u0259hidl\u0259rimizin m\u0259zarlar\u0131n\u0131 ziyar\u0259t edib, ail\u0259 \u00fczvl\u0259ri il\u0259 g\u00f6r\u00fc\u015f\u00fcb &#8211; Fotolar"}]},{"@type":"WebSite","@id":"https:\/\/www.zerdab.com\/#website","url":"https:\/\/www.zerdab.com\/","name":"Z\u0259rdab.com","description":"","potentialAction":[{"@type":"SearchAction","target":{"@type":"EntryPoint","urlTemplate":"https:\/\/www.zerdab.com\/?s={search_term_string}"},"query-input":{"@type":"PropertyValueSpecification","valueRequired":true,"valueName":"search_term_string"}}],"inLanguage":"az"},{"@type":"Person","@id":"https:\/\/www.zerdab.com\/#\/schema\/person\/97079b7570c1e89ec0d9e138c3672136","name":"admin","image":{"@type":"ImageObject","inLanguage":"az","@id":"https:\/\/www.zerdab.com\/#\/schema\/person\/image\/","url":"https:\/\/secure.gravatar.com\/avatar\/d9c52a9a27c32119cb6679a077fa3e2779e5f822c451cbf01098004361d466ec?s=96&d=mm&r=g","contentUrl":"https:\/\/secure.gravatar.com\/avatar\/d9c52a9a27c32119cb6679a077fa3e2779e5f822c451cbf01098004361d466ec?s=96&d=mm&r=g","caption":"admin"},"url":"https:\/\/www.zerdab.com\/?author=1"}]}},"_links":{"self":[{"href":"https:\/\/www.zerdab.com\/index.php?rest_route=\/wp\/v2\/posts\/28801","targetHints":{"allow":["GET"]}}],"collection":[{"href":"https:\/\/www.zerdab.com\/index.php?rest_route=\/wp\/v2\/posts"}],"about":[{"href":"https:\/\/www.zerdab.com\/index.php?rest_route=\/wp\/v2\/types\/post"}],"author":[{"embeddable":true,"href":"https:\/\/www.zerdab.com\/index.php?rest_route=\/wp\/v2\/users\/1"}],"replies":[{"embeddable":true,"href":"https:\/\/www.zerdab.com\/index.php?rest_route=%2Fwp%2Fv2%2Fcomments&post=28801"}],"version-history":[{"count":1,"href":"https:\/\/www.zerdab.com\/index.php?rest_route=\/wp\/v2\/posts\/28801\/revisions"}],"predecessor-version":[{"id":28803,"href":"https:\/\/www.zerdab.com\/index.php?rest_route=\/wp\/v2\/posts\/28801\/revisions\/28803"}],"wp:attachment":[{"href":"https:\/\/www.zerdab.com\/index.php?rest_route=%2Fwp%2Fv2%2Fmedia&parent=28801"}],"wp:term":[{"taxonomy":"category","embeddable":true,"href":"https:\/\/www.zerdab.com\/index.php?rest_route=%2Fwp%2Fv2%2Fcategories&post=28801"},{"taxonomy":"post_tag","embeddable":true,"href":"https:\/\/www.zerdab.com\/index.php?rest_route=%2Fwp%2Fv2%2Ftags&post=28801"}],"curies":[{"name":"wp","href":"https:\/\/api.w.org\/{rel}","templated":true}]}}