{"id":28805,"date":"2021-01-16T15:50:54","date_gmt":"2021-01-16T11:50:54","guid":{"rendered":"http:\/\/www.zerdab.com\/?p=28805"},"modified":"2021-01-16T15:59:27","modified_gmt":"2021-01-16T11:59:27","slug":"az%c9%99rbaycanda-s%c9%99rt-karantin-rejimi-yumsaldilir-operativ-q%c9%99rargah-siyahini-aciqladi","status":"publish","type":"post","link":"https:\/\/www.zerdab.com\/?p=28805","title":{"rendered":"Az\u0259rbaycanda s\u0259rt karantin rejimi yum\u015fald\u0131l\u0131r \u2013 Operativ Q\u0259rargah siyah\u0131n\u0131 a\u00e7\u0131qlad\u0131"},"content":{"rendered":"\n<p><strong>Nazirl\u0259r Kabineti yan\u0131nda Operativ Q\u0259rargah m\u0259lumat yay\u0131b.<\/strong><\/p>\n\n\n\n<p><strong>Zerdab.com<\/strong>&nbsp;sayt\u0131 x\u0259b\u0259r verir ki, d\u00fcnyada, o c\u00fcml\u0259d\u0259n Az\u0259rbaycan \u0259razisind\u0259 yeni n\u00f6v koronavirus (COVID-19) x\u0259st\u0259liyi il\u0259 ba\u011fl\u0131 m\u00f6vcud sanitar-epidemioloji v\u0259ziyy\u0259t t\u0259hlil edilib, virusun yay\u0131lmas\u0131n\u0131n v\u0259 onun t\u00f6r\u0259d\u0259 bil\u0259c\u0259yi f\u0259sadlar\u0131n qar\u015f\u0131s\u0131n\u0131n al\u0131nmas\u0131 m\u0259qs\u0259di il\u0259 \u00f6lk\u0259 \u0259razisind\u0259 x\u00fcsusi karantin rejiminin m\u00fcdd\u0259tinin 2021-ci il 1 aprel saat 06:00-d\u0259k uzad\u0131lmas\u0131na q\u0259rar verilib.<\/p>\n\n\n\n<p>Eyni zamanda bir s\u0131ra \u00f6lk\u0259l\u0259rd\u0259 v\u0259 Az\u0259rbaycanda x\u0259st\u0259liyin yay\u0131lma dinamikas\u0131nda m\u00fc\u0259yy\u0259n stabillik m\u00fc\u015fahid\u0259 olundu\u011fundan s\u0259rtl\u0259\u015fdirilmi\u015f x\u00fcsusi karantin rejimi \u00e7\u0259r\u00e7iv\u0259sind\u0259ki m\u0259hdudiyy\u0259tl\u0259rin bir qisminin 2021-ci il 18 yanvar saat 00:00-dan yum\u015fald\u0131lmas\u0131 q\u0259rara al\u0131n\u0131b.<\/p>\n\n\n\n<p><strong>Az\u0259rbaycan Respublikas\u0131 Nazirl\u0259r Kabinetinin m\u00fcvafiq q\u0259rar\u0131na \u0259sas\u0259n, 2021-ci il 18 yanvar saat 00:00-dan etibar\u0259n:<\/strong><\/p>\n\n\n\n<p>\u25cf Bak\u0131, Sumqay\u0131t, G\u0259nc\u0259, Ming\u0259\u00e7evir, \u015eirvan \u015f\u0259h\u0259rl\u0259rinin v\u0259 Ab\u015feron rayonunun \u0259razisind\u0259, el\u0259c\u0259 d\u0259 L\u0259nk\u0259ran, Masall\u0131, C\u0259lilabad, \u015e\u0259ki, Zaqatala, Quba, Xa\u00e7maz, Yevlax, B\u0259rd\u0259, Bil\u0259suvar v\u0259 \u0130smay\u0131ll\u0131 rayon m\u0259rk\u0259zl\u0259rind\u0259 ya\u015fay\u0131\u015f yerini v\u0259 oldu\u011fu yeri \u201cSMS\u201d icaz\u0259, \u201cicaze.e-gov.az\u201d portal\u0131 v\u0259 xidm\u0259ti v\u0259siq\u0259 \u0259sas\u0131nda t\u0259rk etm\u0259k sistemi l\u0259\u011fv olunur.<\/p>\n\n\n\n<p><strong>2021-ci il 25 yanvar saat 00:00-dan etibar\u0259n \u00f6lk\u0259 \u0259razisind\u0259 a\u015fa\u011f\u0131dak\u0131 i\u015f v\u0259 xidm\u0259tl\u0259rin f\u0259aliyy\u0259tin\u0259 icaz\u0259 verilir:<\/strong><\/p>\n\n\n\n<p>\u25cf ticar\u0259t obyektl\u0259rinin f\u0259aliyy\u0259ti (ictimai ia\u015f\u0259 obyektl\u0259ri, kafe, \u00e7ay evl\u0259ri v\u0259 bu kimi m\u0259kanlarda m\u00fc\u015ft\u0259ril\u0259r\u0259 yerind\u0259 xidm\u0259t v\u0259 iri ticar\u0259t m\u0259rk\u0259zl\u0259rinin, \u201cMall\u201dlar\u0131n f\u0259aliyy\u0259ti istisna olmaqla);<\/p>\n\n\n\n<p>\u25cf b\u0259rb\u0259rxanalar\u0131n, g\u00f6z\u0259llik salonlar\u0131n\u0131n f\u0259aliyy\u0259ti v\u0259 kosmetik xidm\u0259tl\u0259r (o c\u00fcml\u0259d\u0259n, bu sah\u0259l\u0259rd\u0259 m\u00fc\u015ft\u0259rinin evind\u0259 v\u0259 ya dig\u0259r m\u0259kanda xidm\u0259t);<\/p>\n\n\n\n<p>\u25cf muzey v\u0259 s\u0259rgi zallar\u0131n\u0131n f\u0259aliyy\u0259ti;<\/p>\n\n\n\n<p>\u25cf \u015f\u0259h\u0259rl\u0259raras\u0131 v\u0259 rayonlararas\u0131 h\u0259r\u0259k\u0259t.<\/p>\n\n\n\n<p><strong>2021-ci il 1 fevral saat 00:00-dan etibar\u0259n \u00f6lk\u0259 \u0259razisind\u0259 ictimai ia\u015f\u0259 obyektl\u0259ri, el\u0259c\u0259 d\u0259 restoran, kafe v\u0259 \u00e7ay evl\u0259ri v\u0259 bu kimi dig\u0259r m\u0259kanlarda m\u00fc\u015ft\u0259ril\u0259r\u0259 saat 06:00-dan 00:00-d\u0259k yerind\u0259 xidm\u0259tl\u0259r b\u0259rpa olunur.&nbsp;<\/strong><\/p>\n\n\n\n<p>F\u0259aliyy\u0259tin\u0259 icaz\u0259 veril\u0259n i\u015f v\u0259 xidm\u0259t sah\u0259l\u0259rind\u0259 pandemiya d\u00f6vr\u00fc il\u0259 \u0259laq\u0259dar Az\u0259rbaycan Respublikas\u0131 Nazirl\u0259r Kabinetinin m\u00fcvafiq q\u0259rarlar\u0131 il\u0259 m\u00fc\u0259yy\u0259n edilmi\u015f m\u0259hdudiyy\u0259t v\u0259 t\u0259l\u0259bl\u0259r\u0259 ciddi riay\u0259t olunmal\u0131d\u0131r.<\/p>\n\n\n\n<p>2021-ci il 18 yanvar saat 00:00-dan 25 yanvar saat 00:00-d\u0259k Bak\u0131, Sumqay\u0131t, G\u0259nc\u0259, Ming\u0259\u00e7evir, \u015eirvan \u015f\u0259h\u0259rl\u0259rinin v\u0259 Ab\u015feron rayonunun \u0259razisin\u0259, el\u0259c\u0259 d\u0259 L\u0259nk\u0259ran, Masall\u0131, C\u0259lilabad, \u015e\u0259ki, Zaqatala, Quba, Xa\u00e7maz, Yevlax, B\u0259rd\u0259, Bil\u0259suvar v\u0259 \u0130smay\u0131ll\u0131 rayon m\u0259rk\u0259zl\u0259rinin \u0259razil\u0259rin\u0259 (k\u0259nd v\u0259 q\u0259s\u0259b\u0259l\u0259r istisna olmaqla) giri\u015f-\u00e7\u0131x\u0131\u015fa Az\u0259rbaycan Respublikas\u0131 Nazirl\u0259r Kabinetinin m\u00fc\u0259yy\u0259n etdiyi qaydada m\u00fcvafiq t\u0259\u015fkilatlar\u0131n \u0259m\u0259kda\u015flar\u0131na xidm\u0259ti v\u0259siq\u0259, ezamiyy\u0259 v\u0259r\u0259q\u0259si, diplomatik n\u00fcmay\u0259nd\u0259likl\u0259rin v\u0259 beyn\u0259lxalq t\u0259\u015fkilatlar\u0131n \u0259m\u0259kda\u015flar\u0131na is\u0259 m\u00fcvafiq akkreditasiya kartlar\u0131 \u0259sas\u0131nda, habel\u0259 Nazirl\u0259r Kabinetinin q\u0259rar\u0131 il\u0259 m\u00fc\u0259yy\u0259n edil\u0259n dig\u0259r \u015f\u0259xsl\u0259rin qeyd olunan \u0259razil\u0259r\u0259 giri\u015f-\u00e7\u0131x\u0131\u015f\u0131na h\u0259min \u015f\u0259xsl\u0259r bar\u0259sind\u0259 m\u0259lumatlar i\u015f\u0259g\u00f6t\u00fcr\u0259n t\u0259r\u0259find\u0259n g\u00fccl\u0259ndirilmi\u015f elektron imzadan istifad\u0259 edilm\u0259kl\u0259 \u201cicaz\u0259.e-gov.az\u201d portal\u0131na daxil edildikd\u0259n sonra ezamiyy\u0259 v\u0259r\u0259q\u0259si \u0259sas\u0131nda icaz\u0259 veril\u0259c\u0259kdir. Yax\u0131n qohumunun d\u0259fnind\u0259 i\u015ftirakla \u0259laq\u0259dar Bak\u0131, Sumqay\u0131t, G\u0259nc\u0259, Ming\u0259\u00e7evir, \u015eirvan \u015f\u0259h\u0259rl\u0259ri v\u0259 Ab\u015feron rayonu, el\u0259c\u0259 d\u0259 L\u0259nk\u0259ran, Masall\u0131, C\u0259lilabad, \u015e\u0259ki, Zaqatala, Quba, Xa\u00e7maz, Yevlax, B\u0259rd\u0259, Bil\u0259suvar v\u0259 \u0130smay\u0131ll\u0131 rayon m\u0259rk\u0259zl\u0259ri (k\u0259nd v\u0259 q\u0259s\u0259b\u0259l\u0259r istisna olmaqla) aras\u0131nda v\u0259 onlar\u0131n h\u00fcdudlar\u0131ndan k\u0259nara h\u0259r bir \u015f\u0259xs Az\u0259rbaycan Respublikas\u0131 Daxili \u0130\u015fl\u0259r Nazirliyinin N\u00f6vb\u0259t\u00e7i Hiss\u0259l\u0259ri \u0130dar\u0259etm\u0259 Xidm\u0259tinin \u201c102\u201d Xidm\u0259ti \u2013 Z\u0259ng M\u0259rk\u0259zi vasit\u0259sil\u0259 al\u0131nm\u0131\u015f icaz\u0259 \u0259sas\u0131nda h\u0259r\u0259k\u0259t ed\u0259 bil\u0259r.<\/p>\n\n\n\n<p>2021-ci il 18 yanvar saat 00:00-dan 25 yanvar saat 00:00-d\u0259k beyn\u0259lxalq v\u0259 \u00f6lk\u0259daxili u\u00e7u\u015flara m\u00fcvafiq reys \u00fc\u00e7\u00fcn bileti olan \u015f\u0259xsl\u0259rin Bak\u0131, Sumqay\u0131t, G\u0259nc\u0259, Ming\u0259\u00e7evir, \u015eirvan \u015f\u0259h\u0259rl\u0259ri v\u0259 Ab\u015feron rayonu, el\u0259c\u0259 d\u0259 L\u0259nk\u0259ran, Masall\u0131, C\u0259lilabad, \u015e\u0259ki, Zaqatala, Quba, Xa\u00e7maz, Yevlax, B\u0259rd\u0259, Bil\u0259suvar v\u0259 \u0130smay\u0131ll\u0131 rayon m\u0259rk\u0259zl\u0259ri (k\u0259nd v\u0259 q\u0259s\u0259b\u0259l\u0259r istisna olmaqla) aras\u0131nda v\u0259 onlar\u0131n h\u00fcdudlar\u0131ndan k\u0259nara h\u0259r\u0259k\u0259tin\u0259 onlar\u0131n biletl\u0259ri \u0259sas\u0131nda, d\u00f6vl\u0259t s\u0259rh\u0259dind\u0259n m\u00fcvafiq qaydada \u00f6lk\u0259y\u0259 daxil olan \u015f\u0259xsl\u0259rin h\u0259min \u0259razil\u0259r\u0259 g\u0259lm\u0259sin\u0259 is\u0259 onlar\u0131n pasportuna vurulmu\u015f \u015ftamp \u0259sas\u0131nda icaz\u0259 verilir.<\/p>\n\n\n\n<p>Bak\u0131 metropolitenind\u0259 s\u0259rni\u015finda\u015f\u0131man\u0131n f\u0259aliyy\u0259tin\u0259 t\u0259tbiq olunan m\u0259hdudiyy\u0259t haz\u0131rda q\u00fcvv\u0259d\u0259 qal\u0131r.<\/p>\n\n\n\n<p>B\u00fct\u00fcn \u00f6lk\u0259 \u0259razisind\u0259 \u015f\u0259nb\u0259 v\u0259 bazar g\u00fcnl\u0259ri ictimai n\u0259qliyyat\u0131n f\u0259aliyy\u0259tin\u0259 t\u0259tbiq olunan m\u0259hdudiyy\u0259t, el\u0259c\u0259 d\u0259 dig\u0259r qada\u011falar is\u0259 x\u00fcsusi karantin rejiminin sonunad\u0259k t\u0259tbiq olunacaqd\u0131r.<\/p>\n\n\n\n<p>Az\u0259rbaycanda x\u00fcsusi karantin rejimi \u00e7\u0259r\u00e7iv\u0259sind\u0259 t\u0259tbiq edil\u0259c\u0259k yum\u015fald\u0131lmalar \u0259sas\u0131nda yanvar\u0131n 18-d\u0259n icaz\u0259 sistemi l\u0259\u011fv edilir, rayonlara gedi\u015f-g\u0259li\u015f m\u0259hdudiyy\u0259ti is\u0259 yanvar\u0131n 25-d\u0259k q\u00fcvv\u0259d\u0259dir.&nbsp;<\/p>\n\n\n\n<p><strong>Nazirl\u0259r Kabineti yan\u0131nda Operativ Q\u0259rargah yanvar\u0131n 18-d\u0259n 25-d\u0259k  rayonlara gedi\u015f-g\u0259li\u015f\u0259 hans\u0131 qaydada icaz\u0259 veril\u0259c\u0259yini a\u00e7\u0131qlay\u0131b.<\/strong><\/p>\n\n\n\n<p>Bel\u0259 ki, 2021-ci il 18 yanvar saat 00:00-dan 2021-ci il 25 yanvar&nbsp;saat 00:00-d\u0259k Bak\u0131, Sumqay\u0131t, G\u0259nc\u0259, Ming\u0259\u00e7evir, \u015eirvan&nbsp;\u015f\u0259h\u0259rl\u0259rinin v\u0259 Ab\u015feron rayonunun \u0259razisind\u0259, habel\u0259 L\u0259nk\u0259ran,&nbsp;Masall\u0131, C\u0259lilabad, \u015e\u0259ki, Zaqatala, Quba, Xa\u00e7maz, Yevlax, B\u0259rd\u0259,Bil\u0259suvar v\u0259 \u0130smay\u0131ll\u0131 rayon m\u0259rk\u0259zl\u0259rinin (k\u0259nd v\u0259 q\u0259s\u0259b\u0259l\u0259r istisna olmaqla) \u0259razil\u0259rin\u0259 giri\u015f-\u00e7\u0131x\u0131\u015f a\u015fa\u011f\u0131dak\u0131 qaydada h\u0259yata ke\u00e7irilir.&nbsp;<\/p>\n\n\n\n<p><strong>Bu \u015f\u0259xsl\u0259r xidm\u0259ti v\u0259siq\u0259 \u0259sas\u0131nda:<\/strong><\/p>\n\n\n\n<p>1. Az\u0259rbaycan Respublikas\u0131 Prezidentinin Administrasiyas\u0131n\u0131n,&nbsp;Az\u0259rbaycan Respublikas\u0131 Prezidentinin \u0130\u015fl\u0259r \u0130dar\u0259sinin, X\u00fcsusi Tibb Xidm\u0259tinin,<br>T\u0259hl\u00fck\u0259sizlik \u015euras\u0131 Katibinin Xidm\u0259tinin,&nbsp; Nazirl\u0259r Kabineti Aparat\u0131n\u0131n v\u0259 Nazirl\u0259r Kabinetinin \u0130\u015fl\u0259r \u0130dar\u0259sinin \u0259m\u0259kda\u015flar\u0131;<\/p>\n\n\n\n<p>2. Milli M\u0259clisinin deputatlar\u0131 v\u0259&nbsp;Aparat\u0131n\u0131n \u0259m\u0259kda\u015flar\u0131;<\/p>\n\n\n\n<p>3. m\u0259rk\u0259zi v\u0259 yerli icra hakimiyy\u0259ti orqanlar\u0131n\u0131n r\u0259hb\u0259rl\u0259ri v\u0259&nbsp;onlar\u0131n m\u00fcavinl\u0259ri (m\u00fcavinl\u0259rin \u015f\u0259h\u0259rl\u0259raras\u0131 v\u0259 rayonlararas\u0131&nbsp;h\u0259r\u0259k\u0259tin\u0259 ezamiyy\u0259 v\u0259r\u0259q\u0259l\u0259ri \u0259sas\u0131nda);<\/p>\n\n\n\n<p>4. \u0130nsan h\u00fcquqlar\u0131 \u00fczr\u0259 m\u00fcv\u0259kkil&nbsp;(ombudsman) v\u0259 Aparat\u0131n\u0131n \u0259m\u0259kda\u015flar\u0131 (\u0259m\u0259kda\u015flar\u0131n \u015f\u0259h\u0259rl\u0259raras\u0131 v\u0259 rayonlararas\u0131 h\u0259r\u0259k\u0259tin\u0259 ezamiyy\u0259 v\u0259r\u0259q\u0259l\u0259ri \u0259sas\u0131nda);<\/p>\n\n\n\n<p>5. d\u00f6vl\u0259t\u0259 m\u0259xsus olan h\u00fcquqi \u015f\u0259xsl\u0259rin, o c\u00fcml\u0259d\u0259n d\u00f6vl\u0259t&nbsp;ad\u0131ndan yarad\u0131lan publik h\u00fcquqi \u015f\u0259xsl\u0259rin r\u0259hb\u0259rl\u0259ri v\u0259 onlar\u0131n&nbsp;m\u00fcavinl\u0259ri (m\u00fcavinl\u0259rin \u015f\u0259h\u0259rl\u0259raras\u0131 v\u0259 rayonlararas\u0131 h\u0259r\u0259k\u0259tin\u0259 ezamiyy\u0259 v\u0259r\u0259q\u0259l\u0259ri \u0259sas\u0131nda);<\/p>\n\n\n\n<p>6. Xarici \u0130\u015fl\u0259r Nazirliyinin \u0259m\u0259kda\u015flar\u0131 (\u0259m\u0259kda\u015flar\u0131n \u015f\u0259h\u0259rl\u0259raras\u0131 v\u0259 rayonlararas\u0131 h\u0259r\u0259k\u0259tin\u0259&nbsp;ezamiyy\u0259 v\u0259r\u0259q\u0259l\u0259ri \u0259sas\u0131nda);<\/p>\n\n\n\n<p>7. h\u00fcquq m\u00fchafiz\u0259, m\u0259hk\u0259m\u0259 v\u0259 h\u0259rbi xidm\u0259t n\u0259z\u0259rd\u0259&nbsp;tutulmu\u015f orqanlar\u0131n \u0259m\u0259kda\u015flar\u0131, v\u0259kill\u0259r;<\/p>\n\n\n\n<p>8. Az\u0259rbaycan Respublikas\u0131nda akkreditasiya olunmu\u015f diplomatik n\u00fcmay\u0259nd\u0259likl\u0259rin v\u0259 beyn\u0259lxalq t\u0259\u015fkilatlar\u0131n \u0259m\u0259kda\u015flar\u0131,&nbsp;<br>habel\u0259 onlar\u0131n yerli hey\u0259ti ( Xarici \u0130\u015fl\u0259r Nazirliyi t\u0259r\u0259find\u0259n verilmi\u015f akkreditasiya kartlar\u0131 \u0259sas\u0131nda);<\/p>\n\n\n\n<p>9. Minat\u0259mizl\u0259m\u0259 Agentliyinin&nbsp;\u0259m\u0259kda\u015flar\u0131;<\/p>\n\n\n\n<p><strong>Bu \u015f\u0259xsl\u0259r bar\u0259sind\u0259 m\u0259lumatlar i\u015f\u0259g\u00f6t\u00fcr\u0259n t\u0259r\u0259find\u0259n g\u00fccl\u0259ndirilmi\u015f elektron imzadan istifad\u0259 edilm\u0259kl\u0259, \u201cicaze.e-gov.az\u201d portal\u0131na daxil edildikd\u0259n sonra ezamiyy\u0259 v\u0259r\u0259q\u0259si \u0259sas\u0131nda:<\/strong><\/p>\n\n\n\n<p>1. bu Q\u0259rar\u0131n 2.5.1-ci yar\u0131mb\u0259ndind\u0259 g\u00f6st\u0259ril\u0259n d\u00f6vl\u0259t&nbsp;orqanlar\u0131 (qurumlar\u0131) istisna olmaqla, dig\u0259r d\u00f6vl\u0259t orqanlar\u0131n\u0131n,d\u00f6vl\u0259t\u0259 m\u0259xsus olan h\u00fcquqi \u015f\u0259xsl\u0259rin, o c\u00fcml\u0259d\u0259n d\u00f6vl\u0259t ad\u0131ndan yarad\u0131lan publik h\u00fcquqi \u015f\u0259xsl\u0259rin \u0259m\u0259kda\u015flar\u0131;<\/p>\n\n\n\n<p>2. f\u0259aliyy\u0259tin\u0259 icaz\u0259 verilmi\u015f \u00f6z\u0259l h\u00fcquqi \u015f\u0259xsl\u0259rin \u0259m\u0259kda\u015flar\u0131&nbsp;v\u0259 h\u00fcquqi \u015f\u0259xs yaratmadan sahibkarl\u0131q f\u0259aliyy\u0259ti il\u0259 m\u0259\u015f\u011ful olan fiziki \u015f\u0259xs v\u0259 onun i\u015f\u00e7il\u0259ri;<\/p>\n\n\n\n<p>3. f\u0259aliyy\u0259tinin davam etdirilm\u0259sin\u0259 icaz\u0259 verilm\u0259y\u0259n \u00f6z\u0259l&nbsp;h\u00fcquqi \u015f\u0259xsl\u0259rin m\u00fchafiz\u0259si v\u0259 texniki t\u0259hl\u00fck\u0259sizliyinin t\u0259min&nbsp;edilm\u0259si \u00fc\u00e7\u00fcn t\u0259l\u0259b olunan \u0259m\u0259kda\u015flar\u0131;<\/p>\n\n\n\n<p>4. d\u00f6vl\u0259t s\u0259hiyy\u0259 orqanlar\u0131n\u0131n v\u0259 qurumlar\u0131n\u0131n (m\u00fc\u0259ssis\u0259l\u0259rinin), \u00f6z\u0259l s\u0259hiyy\u0259 m\u00fc\u0259ssis\u0259l\u0259rinin \u0259m\u0259kda\u015flar\u0131;<\/p>\n\n\n\n<p>5. \u201cASAN K\u00f6n\u00fcll\u00fcl\u0259ri\u201d \u0130ctimai Birliyi, \u201cAqrar \u0130nki\u015faf K\u00f6n\u00fcll\u00fcl\u0259ri\u201d&nbsp;H\u0259r\u0259kat\u0131, \u201cRegional \u0130nki\u015faf\u201d \u0130ctimai Birliyi, \u201cBir\u201d t\u0259l\u0259b\u0259-k\u00f6n\u00fcll\u00fcl\u0259ri,&nbsp;Az\u0259rbaycan Respublikas\u0131 \u018fm\u0259k v\u0259 \u018fhalinin Sosial M\u00fcdafi\u0259si&nbsp;Nazirliyinin k\u00f6n\u00fcll\u00fcl\u0259ri;<\/p>\n\n\n\n<p>Yax\u0131n qohumunun d\u0259fnind\u0259 i\u015ftirakla \u0259laq\u0259dar bu Q\u0259rar\u0131n 2.5-ci b\u0259ndind\u0259 qeyd olunan inzibati \u0259razi vahidl\u0259ri aras\u0131nda v\u0259 onlar\u0131n h\u00fcdudlar\u0131ndan k\u0259nara h\u0259r\u0259k\u0259t etm\u0259si \u00fc\u00e7\u00fcn h\u0259r bir \u015f\u0259xs Daxili \u0130\u015fl\u0259r Nazirliyinin N\u00f6vb\u0259t\u00e7i Hiss\u0259l\u0259ri \u0130dar\u0259etm\u0259 Xidm\u0259tinin \u201c102\u201d Xidm\u0259ti \u2013 Z\u0259ng M\u0259rk\u0259zi vasit\u0259sil\u0259 al\u0131nm\u0131\u015f icaz\u0259 \u0259sas\u0131nda;<\/p>\n\n\n\n<p>Beyn\u0259lxalq v\u0259 \u00f6lk\u0259daxili u\u00e7u\u015flara m\u00fcvafiq reys \u00fc\u00e7\u00fcn bileti olan \u015f\u0259xsl\u0259rin bu Q\u0259rar\u0131n 2.5-ci b\u0259ndind\u0259 qeyd olunan \u0259razil\u0259rin aras\u0131nda v\u0259 onlar\u0131n h\u00fcdudlar\u0131ndan k\u0259nara h\u0259r\u0259k\u0259tin\u0259&nbsp;onlar\u0131n biletl\u0259ri \u0259sas\u0131nda, d\u00f6vl\u0259t s\u0259rh\u0259dind\u0259n m\u00fcvafiq qaydada&nbsp;\u00f6lk\u0259y\u0259 daxil olan \u015f\u0259xsl\u0259rin h\u0259min \u0259razil\u0259r\u0259 g\u0259lm\u0259sin\u0259 is\u0259 onlar\u0131n&nbsp;pasportuna vurulmu\u015f \u015ftamp \u0259sas\u0131nda;<\/p>\n\n\n\n<p>2.5.5. k\u0259nd t\u0259s\u0259rr\u00fcfat\u0131 v\u0259 yard\u0131m\u00e7\u0131 sah\u0259l\u0259rd\u0259 f\u0259aliyy\u0259t&nbsp;g\u00f6st\u0259r\u0259n h\u00fcquqi \u015f\u0259xsl\u0259rin v\u0259 h\u00fcquqi \u015f\u0259xs yaratmadan sahibkarl\u0131q&nbsp;f\u0259aliyy\u0259ti il\u0259 m\u0259\u015f\u011ful olan fiziki \u015f\u0259xsl\u0259rin qeyd olunan sah\u0259l\u0259rd\u0259&nbsp;f\u0259aliyy\u0259t g\u00f6st\u0259r\u0259c\u0259k \u0259m\u0259kda\u015flar\u0131n\u0131n (n\u0259qliyyat vasit\u0259l\u0259ri il\u0259 birg\u0259)&nbsp;\u015f\u0259h\u0259rl\u0259raras\u0131, rayonlararas\u0131 h\u0259r\u0259k\u0259tin\u0259 onlar bar\u0259d\u0259 m\u0259lumatlar&nbsp;g\u00fccl\u0259ndirilmi\u015f elektron imza vasit\u0259sil\u0259 \u201cicaze.e-gov.az\u201d portal\u0131na daxil etdikd\u0259n sonra yol verilir.&nbsp;<\/p>\n\n\n\n<p>Bu Q\u0259rarda n\u0259z\u0259rd\u0259 tutulmu\u015f qaydada \u015f\u0259xsl\u0259rin h\u0259r\u0259k\u0259ti&nbsp;zaman\u0131 \u015f\u0259xsiyy\u0259ti t\u0259sdiq ed\u0259n s\u0259n\u0259dl\u0259rinin \u00fcz\u0259rl\u0259rind\u0259 olmas\u0131&nbsp;m\u0259cburidir.<\/p>\n\n\n\n<p><strong>Bu Q\u0259rar\u0131n t\u0259l\u0259bl\u0259rinin pozulmas\u0131na g\u00f6r\u0259 fiziki, h\u00fcquqi v\u0259&nbsp;v\u0259zif\u0259li \u015f\u0259xsl\u0259r \u0130nzibati X\u0259talar v\u0259 Cinay\u0259t m\u0259c\u0259ll\u0259l\u0259rind\u0259 n\u0259z\u0259rd\u0259 tutulmu\u015f qaydada m\u0259suliyy\u0259t&nbsp;da\u015f\u0131y\u0131rlar.<\/strong><\/p>\n\n\n\n<p>Bu Q\u0259rarla m\u00fc\u0259yy\u0259n edilmi\u015f t\u0259l\u0259bl\u0259r\u0259 riay\u0259t olunmas\u0131na&nbsp;n\u0259zar\u0259t Az\u0259rbaycan Respublikas\u0131n\u0131n Daxili \u0130\u015fl\u0259r Nazirliyi t\u0259r\u0259find\u0259n&nbsp;h\u0259yata ke\u00e7irilir.<\/p>\n\n\n\n<p>Zerdab.com<\/p>\n","protected":false},"excerpt":{"rendered":"<p>Nazirl\u0259r Kabineti yan\u0131nda Operativ Q\u0259rargah m\u0259lumat yay\u0131b. Zerdab.com&nbsp;sayt\u0131 x\u0259b\u0259r verir ki, d\u00fcnyada, o c\u00fcml\u0259d\u0259n Az\u0259rbaycan \u0259razisind\u0259 yeni n\u00f6v koronavirus (COVID-19) x\u0259st\u0259liyi il\u0259 ba\u011fl\u0131 m\u00f6vcud sanitar-epidemioloji v\u0259ziyy\u0259t t\u0259hlil edilib, virusun yay\u0131lmas\u0131n\u0131n v\u0259 onun t\u00f6r\u0259d\u0259 bil\u0259c\u0259yi f\u0259sadlar\u0131n qar\u015f\u0131s\u0131n\u0131n al\u0131nmas\u0131 m\u0259qs\u0259di il\u0259 \u00f6lk\u0259 \u0259razisind\u0259 x\u00fcsusi karantin rejiminin m\u00fcdd\u0259tinin 2021-ci il 1 aprel saat 06:00-d\u0259k uzad\u0131lmas\u0131na q\u0259rar verilib. Eyni [&hellip;]<\/p>\n","protected":false},"author":1,"featured_media":0,"comment_status":"open","ping_status":"open","sticky":false,"template":"","format":"standard","meta":{"footnotes":""},"categories":[21,63],"tags":[],"class_list":{"0":"post-28805","1":"post","2":"type-post","3":"status-publish","4":"format-standard","6":"category-zrdab","7":"category-manset"},"yoast_head":"<!-- This site is optimized with the Yoast SEO plugin v27.0 - https:\/\/yoast.com\/product\/yoast-seo-wordpress\/ -->\n<title>Az\u0259rbaycanda s\u0259rt karantin rejimi yum\u015fald\u0131l\u0131r \u2013 Operativ Q\u0259rargah siyah\u0131n\u0131 a\u00e7\u0131qlad\u0131 - Z\u0259rdab.com<\/title>\n<meta name=\"robots\" content=\"index, follow, max-snippet:-1, max-image-preview:large, max-video-preview:-1\" \/>\n<link rel=\"canonical\" href=\"https:\/\/www.zerdab.com\/?p=28805\" \/>\n<meta property=\"og:locale\" content=\"az_AZ\" \/>\n<meta property=\"og:type\" content=\"article\" \/>\n<meta property=\"og:title\" content=\"Az\u0259rbaycanda s\u0259rt karantin rejimi yum\u015fald\u0131l\u0131r \u2013 Operativ Q\u0259rargah siyah\u0131n\u0131 a\u00e7\u0131qlad\u0131 - Z\u0259rdab.com\" \/>\n<meta property=\"og:description\" content=\"Nazirl\u0259r Kabineti yan\u0131nda Operativ Q\u0259rargah m\u0259lumat yay\u0131b. Zerdab.com&nbsp;sayt\u0131 x\u0259b\u0259r verir ki, d\u00fcnyada, o c\u00fcml\u0259d\u0259n Az\u0259rbaycan \u0259razisind\u0259 yeni n\u00f6v koronavirus (COVID-19) x\u0259st\u0259liyi il\u0259 ba\u011fl\u0131 m\u00f6vcud sanitar-epidemioloji v\u0259ziyy\u0259t t\u0259hlil edilib, virusun yay\u0131lmas\u0131n\u0131n v\u0259 onun t\u00f6r\u0259d\u0259 bil\u0259c\u0259yi f\u0259sadlar\u0131n qar\u015f\u0131s\u0131n\u0131n al\u0131nmas\u0131 m\u0259qs\u0259di il\u0259 \u00f6lk\u0259 \u0259razisind\u0259 x\u00fcsusi karantin rejiminin m\u00fcdd\u0259tinin 2021-ci il 1 aprel saat 06:00-d\u0259k uzad\u0131lmas\u0131na q\u0259rar verilib. Eyni [&hellip;]\" \/>\n<meta property=\"og:url\" content=\"https:\/\/www.zerdab.com\/?p=28805\" \/>\n<meta property=\"og:site_name\" content=\"Z\u0259rdab.com\" \/>\n<meta property=\"article:published_time\" content=\"2021-01-16T11:50:54+00:00\" \/>\n<meta property=\"article:modified_time\" content=\"2021-01-16T11:59:27+00:00\" \/>\n<meta name=\"author\" content=\"admin\" \/>\n<meta name=\"twitter:card\" content=\"summary_large_image\" \/>\n<meta name=\"twitter:label1\" content=\"Written by\" \/>\n\t<meta name=\"twitter:data1\" content=\"admin\" \/>\n\t<meta name=\"twitter:label2\" content=\"Est. reading time\" \/>\n\t<meta name=\"twitter:data2\" content=\"10 minutes\" \/>\n<script type=\"application\/ld+json\" class=\"yoast-schema-graph\">{\"@context\":\"https:\/\/schema.org\",\"@graph\":[{\"@type\":\"Article\",\"@id\":\"https:\/\/www.zerdab.com\/?p=28805#article\",\"isPartOf\":{\"@id\":\"https:\/\/www.zerdab.com\/?p=28805\"},\"author\":{\"name\":\"admin\",\"@id\":\"https:\/\/www.zerdab.com\/#\/schema\/person\/97079b7570c1e89ec0d9e138c3672136\"},\"headline\":\"Az\u0259rbaycanda s\u0259rt karantin rejimi yum\u015fald\u0131l\u0131r \u2013 Operativ Q\u0259rargah siyah\u0131n\u0131 a\u00e7\u0131qlad\u0131\",\"datePublished\":\"2021-01-16T11:50:54+00:00\",\"dateModified\":\"2021-01-16T11:59:27+00:00\",\"mainEntityOfPage\":{\"@id\":\"https:\/\/www.zerdab.com\/?p=28805\"},\"wordCount\":2064,\"commentCount\":0,\"articleSection\":[\"C\u018fM\u0130YY\u018fT\",\"MAN\u015eET\"],\"inLanguage\":\"az\",\"potentialAction\":[{\"@type\":\"CommentAction\",\"name\":\"Comment\",\"target\":[\"https:\/\/www.zerdab.com\/?p=28805#respond\"]}]},{\"@type\":\"WebPage\",\"@id\":\"https:\/\/www.zerdab.com\/?p=28805\",\"url\":\"https:\/\/www.zerdab.com\/?p=28805\",\"name\":\"Az\u0259rbaycanda s\u0259rt karantin rejimi yum\u015fald\u0131l\u0131r \u2013 Operativ Q\u0259rargah siyah\u0131n\u0131 a\u00e7\u0131qlad\u0131 - Z\u0259rdab.com\",\"isPartOf\":{\"@id\":\"https:\/\/www.zerdab.com\/#website\"},\"datePublished\":\"2021-01-16T11:50:54+00:00\",\"dateModified\":\"2021-01-16T11:59:27+00:00\",\"author\":{\"@id\":\"https:\/\/www.zerdab.com\/#\/schema\/person\/97079b7570c1e89ec0d9e138c3672136\"},\"breadcrumb\":{\"@id\":\"https:\/\/www.zerdab.com\/?p=28805#breadcrumb\"},\"inLanguage\":\"az\",\"potentialAction\":[{\"@type\":\"ReadAction\",\"target\":[\"https:\/\/www.zerdab.com\/?p=28805\"]}]},{\"@type\":\"BreadcrumbList\",\"@id\":\"https:\/\/www.zerdab.com\/?p=28805#breadcrumb\",\"itemListElement\":[{\"@type\":\"ListItem\",\"position\":1,\"name\":\"Home\",\"item\":\"https:\/\/www.zerdab.com\/\"},{\"@type\":\"ListItem\",\"position\":2,\"name\":\"Az\u0259rbaycanda s\u0259rt karantin rejimi yum\u015fald\u0131l\u0131r \u2013 Operativ Q\u0259rargah siyah\u0131n\u0131 a\u00e7\u0131qlad\u0131\"}]},{\"@type\":\"WebSite\",\"@id\":\"https:\/\/www.zerdab.com\/#website\",\"url\":\"https:\/\/www.zerdab.com\/\",\"name\":\"Z\u0259rdab.com\",\"description\":\"\",\"potentialAction\":[{\"@type\":\"SearchAction\",\"target\":{\"@type\":\"EntryPoint\",\"urlTemplate\":\"https:\/\/www.zerdab.com\/?s={search_term_string}\"},\"query-input\":{\"@type\":\"PropertyValueSpecification\",\"valueRequired\":true,\"valueName\":\"search_term_string\"}}],\"inLanguage\":\"az\"},{\"@type\":\"Person\",\"@id\":\"https:\/\/www.zerdab.com\/#\/schema\/person\/97079b7570c1e89ec0d9e138c3672136\",\"name\":\"admin\",\"image\":{\"@type\":\"ImageObject\",\"inLanguage\":\"az\",\"@id\":\"https:\/\/www.zerdab.com\/#\/schema\/person\/image\/\",\"url\":\"https:\/\/secure.gravatar.com\/avatar\/d9c52a9a27c32119cb6679a077fa3e2779e5f822c451cbf01098004361d466ec?s=96&d=mm&r=g\",\"contentUrl\":\"https:\/\/secure.gravatar.com\/avatar\/d9c52a9a27c32119cb6679a077fa3e2779e5f822c451cbf01098004361d466ec?s=96&d=mm&r=g\",\"caption\":\"admin\"},\"url\":\"https:\/\/www.zerdab.com\/?author=1\"}]}<\/script>\n<!-- \/ Yoast SEO plugin. -->","yoast_head_json":{"title":"Az\u0259rbaycanda s\u0259rt karantin rejimi yum\u015fald\u0131l\u0131r \u2013 Operativ Q\u0259rargah siyah\u0131n\u0131 a\u00e7\u0131qlad\u0131 - Z\u0259rdab.com","robots":{"index":"index","follow":"follow","max-snippet":"max-snippet:-1","max-image-preview":"max-image-preview:large","max-video-preview":"max-video-preview:-1"},"canonical":"https:\/\/www.zerdab.com\/?p=28805","og_locale":"az_AZ","og_type":"article","og_title":"Az\u0259rbaycanda s\u0259rt karantin rejimi yum\u015fald\u0131l\u0131r \u2013 Operativ Q\u0259rargah siyah\u0131n\u0131 a\u00e7\u0131qlad\u0131 - Z\u0259rdab.com","og_description":"Nazirl\u0259r Kabineti yan\u0131nda Operativ Q\u0259rargah m\u0259lumat yay\u0131b. Zerdab.com&nbsp;sayt\u0131 x\u0259b\u0259r verir ki, d\u00fcnyada, o c\u00fcml\u0259d\u0259n Az\u0259rbaycan \u0259razisind\u0259 yeni n\u00f6v koronavirus (COVID-19) x\u0259st\u0259liyi il\u0259 ba\u011fl\u0131 m\u00f6vcud sanitar-epidemioloji v\u0259ziyy\u0259t t\u0259hlil edilib, virusun yay\u0131lmas\u0131n\u0131n v\u0259 onun t\u00f6r\u0259d\u0259 bil\u0259c\u0259yi f\u0259sadlar\u0131n qar\u015f\u0131s\u0131n\u0131n al\u0131nmas\u0131 m\u0259qs\u0259di il\u0259 \u00f6lk\u0259 \u0259razisind\u0259 x\u00fcsusi karantin rejiminin m\u00fcdd\u0259tinin 2021-ci il 1 aprel saat 06:00-d\u0259k uzad\u0131lmas\u0131na q\u0259rar verilib. Eyni [&hellip;]","og_url":"https:\/\/www.zerdab.com\/?p=28805","og_site_name":"Z\u0259rdab.com","article_published_time":"2021-01-16T11:50:54+00:00","article_modified_time":"2021-01-16T11:59:27+00:00","author":"admin","twitter_card":"summary_large_image","twitter_misc":{"Written by":"admin","Est. reading time":"10 minutes"},"schema":{"@context":"https:\/\/schema.org","@graph":[{"@type":"Article","@id":"https:\/\/www.zerdab.com\/?p=28805#article","isPartOf":{"@id":"https:\/\/www.zerdab.com\/?p=28805"},"author":{"name":"admin","@id":"https:\/\/www.zerdab.com\/#\/schema\/person\/97079b7570c1e89ec0d9e138c3672136"},"headline":"Az\u0259rbaycanda s\u0259rt karantin rejimi yum\u015fald\u0131l\u0131r \u2013 Operativ Q\u0259rargah siyah\u0131n\u0131 a\u00e7\u0131qlad\u0131","datePublished":"2021-01-16T11:50:54+00:00","dateModified":"2021-01-16T11:59:27+00:00","mainEntityOfPage":{"@id":"https:\/\/www.zerdab.com\/?p=28805"},"wordCount":2064,"commentCount":0,"articleSection":["C\u018fM\u0130YY\u018fT","MAN\u015eET"],"inLanguage":"az","potentialAction":[{"@type":"CommentAction","name":"Comment","target":["https:\/\/www.zerdab.com\/?p=28805#respond"]}]},{"@type":"WebPage","@id":"https:\/\/www.zerdab.com\/?p=28805","url":"https:\/\/www.zerdab.com\/?p=28805","name":"Az\u0259rbaycanda s\u0259rt karantin rejimi yum\u015fald\u0131l\u0131r \u2013 Operativ Q\u0259rargah siyah\u0131n\u0131 a\u00e7\u0131qlad\u0131 - Z\u0259rdab.com","isPartOf":{"@id":"https:\/\/www.zerdab.com\/#website"},"datePublished":"2021-01-16T11:50:54+00:00","dateModified":"2021-01-16T11:59:27+00:00","author":{"@id":"https:\/\/www.zerdab.com\/#\/schema\/person\/97079b7570c1e89ec0d9e138c3672136"},"breadcrumb":{"@id":"https:\/\/www.zerdab.com\/?p=28805#breadcrumb"},"inLanguage":"az","potentialAction":[{"@type":"ReadAction","target":["https:\/\/www.zerdab.com\/?p=28805"]}]},{"@type":"BreadcrumbList","@id":"https:\/\/www.zerdab.com\/?p=28805#breadcrumb","itemListElement":[{"@type":"ListItem","position":1,"name":"Home","item":"https:\/\/www.zerdab.com\/"},{"@type":"ListItem","position":2,"name":"Az\u0259rbaycanda s\u0259rt karantin rejimi yum\u015fald\u0131l\u0131r \u2013 Operativ Q\u0259rargah siyah\u0131n\u0131 a\u00e7\u0131qlad\u0131"}]},{"@type":"WebSite","@id":"https:\/\/www.zerdab.com\/#website","url":"https:\/\/www.zerdab.com\/","name":"Z\u0259rdab.com","description":"","potentialAction":[{"@type":"SearchAction","target":{"@type":"EntryPoint","urlTemplate":"https:\/\/www.zerdab.com\/?s={search_term_string}"},"query-input":{"@type":"PropertyValueSpecification","valueRequired":true,"valueName":"search_term_string"}}],"inLanguage":"az"},{"@type":"Person","@id":"https:\/\/www.zerdab.com\/#\/schema\/person\/97079b7570c1e89ec0d9e138c3672136","name":"admin","image":{"@type":"ImageObject","inLanguage":"az","@id":"https:\/\/www.zerdab.com\/#\/schema\/person\/image\/","url":"https:\/\/secure.gravatar.com\/avatar\/d9c52a9a27c32119cb6679a077fa3e2779e5f822c451cbf01098004361d466ec?s=96&d=mm&r=g","contentUrl":"https:\/\/secure.gravatar.com\/avatar\/d9c52a9a27c32119cb6679a077fa3e2779e5f822c451cbf01098004361d466ec?s=96&d=mm&r=g","caption":"admin"},"url":"https:\/\/www.zerdab.com\/?author=1"}]}},"_links":{"self":[{"href":"https:\/\/www.zerdab.com\/index.php?rest_route=\/wp\/v2\/posts\/28805","targetHints":{"allow":["GET"]}}],"collection":[{"href":"https:\/\/www.zerdab.com\/index.php?rest_route=\/wp\/v2\/posts"}],"about":[{"href":"https:\/\/www.zerdab.com\/index.php?rest_route=\/wp\/v2\/types\/post"}],"author":[{"embeddable":true,"href":"https:\/\/www.zerdab.com\/index.php?rest_route=\/wp\/v2\/users\/1"}],"replies":[{"embeddable":true,"href":"https:\/\/www.zerdab.com\/index.php?rest_route=%2Fwp%2Fv2%2Fcomments&post=28805"}],"version-history":[{"count":3,"href":"https:\/\/www.zerdab.com\/index.php?rest_route=\/wp\/v2\/posts\/28805\/revisions"}],"predecessor-version":[{"id":28808,"href":"https:\/\/www.zerdab.com\/index.php?rest_route=\/wp\/v2\/posts\/28805\/revisions\/28808"}],"wp:attachment":[{"href":"https:\/\/www.zerdab.com\/index.php?rest_route=%2Fwp%2Fv2%2Fmedia&parent=28805"}],"wp:term":[{"taxonomy":"category","embeddable":true,"href":"https:\/\/www.zerdab.com\/index.php?rest_route=%2Fwp%2Fv2%2Fcategories&post=28805"},{"taxonomy":"post_tag","embeddable":true,"href":"https:\/\/www.zerdab.com\/index.php?rest_route=%2Fwp%2Fv2%2Ftags&post=28805"}],"curies":[{"name":"wp","href":"https:\/\/api.w.org\/{rel}","templated":true}]}}