{"id":28829,"date":"2021-01-25T13:59:53","date_gmt":"2021-01-25T09:59:53","guid":{"rendered":"http:\/\/www.zerdab.com\/?p=28829"},"modified":"2021-01-25T14:04:18","modified_gmt":"2021-01-25T10:04:18","slug":"z%c9%99rdabli-fermeri-gorun-nec%c9%99-aldadiblar-polisd%c9%99n-qaca-bilm%c9%99dil%c9%99r","status":"publish","type":"post","link":"https:\/\/www.zerdab.com\/?p=28829","title":{"rendered":"Z\u0259rdabl\u0131 fermeri g\u00f6r\u00fcn nec\u0259 aldad\u0131blar &#8211; Polisd\u0259n qa\u00e7a bilm\u0259dil\u0259r"},"content":{"rendered":"\n<p>Z\u0259rdab rayonunun D\u0259liqu\u015f\u00e7u k\u0259nd sakini olan fermer\u0259 qar\u015f\u0131 d\u0259l\u0259duzluq edilib.<\/p>\n\n\n\n<p>Daxili \u0130\u015fl\u0259r Nazirliyinin M\u0259tbuat Xidm\u0259tind\u0259n <strong>Zerdab.com<\/strong> sayt\u0131na veril\u0259n m\u0259lumata g\u00f6r\u0259, Z\u0259rdab rayon D\u0259liqu\u015f\u00e7u k\u0259nd sakini olan fermerl\u0259 mobil telefonla \u0259laq\u0259 saxlayaraq onun yan\u0131nda \u00e7oban i\u015fl\u0259y\u0259c\u0259yini v\u0259d ed\u0259r\u0259k d\u0259l\u0259duzluq yolu il\u0259\u00a01150\u00a0manat pulunu \u0259l\u0259 ke\u00e7ir\u0259n \u015f\u0259xsl\u0259r saxlan\u0131l\u0131blar.<\/p>\n\n\n\n<p>Ara\u015fd\u0131rmalar n\u0259tic\u0259sind\u0259 h\u0259min \u015f\u0259xsl\u0259rin ba\u015fqa insanlara qar\u015f\u0131 da bu yolla d\u0259l\u0259duzluq etdikl\u0259ri m\u00fc\u0259yy\u0259nl\u0259\u015fib. <\/p>\n\n\n\n<figure class=\"wp-block-image\"><img decoding=\"async\" src=\"http:\/\/www.zerdab.com\/wp-content\/uploads\/2021\/01\/deleduzluq-550x343.jpg\" alt=\"\" class=\"wp-image-28832\"\/><\/figure>\n\n\n\n<p>Bel\u0259 ki, G\u0259nc\u0259 \u015e\u0259h\u0259r Ba\u015f Polis \u0130dar\u0259sinin K\u0259p\u0259z Rayon Polis \u0130dar\u0259sinin \u0259m\u0259kda\u015flar\u0131n\u0131n ke\u00e7irdikl\u0259ri \u0259m\u0259liyyat-axtar\u0131\u015f t\u0259dbirl\u0259ri n\u0259tic\u0259sind\u0259 C\u0259bray\u0131l Abbasov, \u0259vv\u0259ll\u0259r m\u0259hkum olunmu\u015f Da\u015fk\u0259s\u0259n rayon D\u0259st\u0259fur k\u0259nd sakini\u00a0Elvin M\u00fcrs\u0259lov<strong>\u00a0<\/strong>v\u0259 onun qarda\u015f\u0131<strong>\u00a0<\/strong>Rahib M\u00fcrs\u0259lovun \u0259vv\u0259lc\u0259d\u0259n \u0259lbir olaraq m\u00fcxt\u0259lif fermerl\u0259rl\u0259 \u0259laq\u0259 saxlayaraq yanlar\u0131nda \u00e7oban i\u015fl\u0259y\u0259c\u0259kl\u0259ri, lakin haz\u0131rda i\u015fl\u0259dikl\u0259ri fermer\u0259 pul borclu olduqlar\u0131 \u00fc\u00e7\u00fcn onlardan m\u00fc\u0259yy\u0259n miqdara pul ald\u0131qlar\u0131 m\u00fc\u0259yy\u0259n edilib.<\/p>\n\n\n\n<p>H\u0259min \u015f\u0259xsl\u0259r bar\u0259sind\u0259 Cinay\u0259t M\u0259c\u0259ll\u0259sinin m\u00fcvafiq madd\u0259si i\u015fi cinay\u0259t i\u015fi ba\u015flan\u0131b, haz\u0131rda h\u0259min \u015f\u0259xsl\u0259rin dig\u0259r \u015f\u0259h\u0259r v\u0259 rayonlarda anoloji cinay\u0259t t\u00f6r\u0259dib-t\u00f6r\u0259tm\u0259m\u0259si istintaq-\u0259m\u0259liyyat t\u0259dbirl\u0259ri davam etdirilir.<br><\/p>\n","protected":false},"excerpt":{"rendered":"<p>Z\u0259rdab rayonunun D\u0259liqu\u015f\u00e7u k\u0259nd sakini olan fermer\u0259 qar\u015f\u0131 d\u0259l\u0259duzluq edilib. Daxili \u0130\u015fl\u0259r Nazirliyinin M\u0259tbuat Xidm\u0259tind\u0259n Zerdab.com sayt\u0131na veril\u0259n m\u0259lumata g\u00f6r\u0259, Z\u0259rdab rayon D\u0259liqu\u015f\u00e7u k\u0259nd sakini olan fermerl\u0259 mobil telefonla \u0259laq\u0259 saxlayaraq onun yan\u0131nda \u00e7oban i\u015fl\u0259y\u0259c\u0259yini v\u0259d ed\u0259r\u0259k d\u0259l\u0259duzluq yolu il\u0259\u00a01150\u00a0manat pulunu \u0259l\u0259 ke\u00e7ir\u0259n \u015f\u0259xsl\u0259r saxlan\u0131l\u0131blar. Ara\u015fd\u0131rmalar n\u0259tic\u0259sind\u0259 h\u0259min \u015f\u0259xsl\u0259rin ba\u015fqa insanlara qar\u015f\u0131 da bu yolla [&hellip;]<\/p>\n","protected":false},"author":1,"featured_media":27146,"comment_status":"open","ping_status":"open","sticky":false,"template":"","format":"standard","meta":{"footnotes":""},"categories":[46,63],"tags":[],"class_list":{"0":"post-28829","1":"post","2":"type-post","3":"status-publish","4":"format-standard","5":"has-post-thumbnail","7":"category-hadis","8":"category-manset"},"yoast_head":"<!-- This site is optimized with the Yoast SEO plugin v27.0 - https:\/\/yoast.com\/product\/yoast-seo-wordpress\/ -->\n<title>Z\u0259rdabl\u0131 fermeri g\u00f6r\u00fcn nec\u0259 aldad\u0131blar - Polisd\u0259n qa\u00e7a bilm\u0259dil\u0259r - Z\u0259rdab.com<\/title>\n<meta name=\"robots\" content=\"index, follow, max-snippet:-1, max-image-preview:large, max-video-preview:-1\" \/>\n<link rel=\"canonical\" href=\"https:\/\/www.zerdab.com\/?p=28829\" \/>\n<meta property=\"og:locale\" content=\"az_AZ\" \/>\n<meta property=\"og:type\" content=\"article\" \/>\n<meta property=\"og:title\" content=\"Z\u0259rdabl\u0131 fermeri g\u00f6r\u00fcn nec\u0259 aldad\u0131blar - Polisd\u0259n qa\u00e7a bilm\u0259dil\u0259r - Z\u0259rdab.com\" \/>\n<meta property=\"og:description\" content=\"Z\u0259rdab rayonunun D\u0259liqu\u015f\u00e7u k\u0259nd sakini olan fermer\u0259 qar\u015f\u0131 d\u0259l\u0259duzluq edilib. Daxili \u0130\u015fl\u0259r Nazirliyinin M\u0259tbuat Xidm\u0259tind\u0259n Zerdab.com sayt\u0131na veril\u0259n m\u0259lumata g\u00f6r\u0259, Z\u0259rdab rayon D\u0259liqu\u015f\u00e7u k\u0259nd sakini olan fermerl\u0259 mobil telefonla \u0259laq\u0259 saxlayaraq onun yan\u0131nda \u00e7oban i\u015fl\u0259y\u0259c\u0259yini v\u0259d ed\u0259r\u0259k d\u0259l\u0259duzluq yolu il\u0259\u00a01150\u00a0manat pulunu \u0259l\u0259 ke\u00e7ir\u0259n \u015f\u0259xsl\u0259r saxlan\u0131l\u0131blar. Ara\u015fd\u0131rmalar n\u0259tic\u0259sind\u0259 h\u0259min \u015f\u0259xsl\u0259rin ba\u015fqa insanlara qar\u015f\u0131 da bu yolla [&hellip;]\" \/>\n<meta property=\"og:url\" content=\"https:\/\/www.zerdab.com\/?p=28829\" \/>\n<meta property=\"og:site_name\" content=\"Z\u0259rdab.com\" \/>\n<meta property=\"article:published_time\" content=\"2021-01-25T09:59:53+00:00\" \/>\n<meta property=\"article:modified_time\" content=\"2021-01-25T10:04:18+00:00\" \/>\n<meta property=\"og:image\" content=\"https:\/\/www.zerdab.com\/wp-content\/uploads\/2019\/05\/zerdab-vakansiya-isci-axtarilir.jpg\" \/>\n\t<meta property=\"og:image:width\" content=\"1024\" \/>\n\t<meta property=\"og:image:height\" content=\"576\" \/>\n\t<meta property=\"og:image:type\" content=\"image\/jpeg\" \/>\n<meta name=\"author\" content=\"admin\" \/>\n<meta name=\"twitter:card\" content=\"summary_large_image\" \/>\n<meta name=\"twitter:label1\" content=\"Written by\" \/>\n\t<meta name=\"twitter:data1\" content=\"admin\" \/>\n\t<meta name=\"twitter:label2\" content=\"Est. reading time\" \/>\n\t<meta name=\"twitter:data2\" content=\"1 minute\" \/>\n<script type=\"application\/ld+json\" class=\"yoast-schema-graph\">{\"@context\":\"https:\/\/schema.org\",\"@graph\":[{\"@type\":\"Article\",\"@id\":\"https:\/\/www.zerdab.com\/?p=28829#article\",\"isPartOf\":{\"@id\":\"https:\/\/www.zerdab.com\/?p=28829\"},\"author\":{\"name\":\"admin\",\"@id\":\"https:\/\/www.zerdab.com\/#\/schema\/person\/97079b7570c1e89ec0d9e138c3672136\"},\"headline\":\"Z\u0259rdabl\u0131 fermeri g\u00f6r\u00fcn nec\u0259 aldad\u0131blar &#8211; Polisd\u0259n qa\u00e7a bilm\u0259dil\u0259r\",\"datePublished\":\"2021-01-25T09:59:53+00:00\",\"dateModified\":\"2021-01-25T10:04:18+00:00\",\"mainEntityOfPage\":{\"@id\":\"https:\/\/www.zerdab.com\/?p=28829\"},\"wordCount\":289,\"commentCount\":0,\"image\":{\"@id\":\"https:\/\/www.zerdab.com\/?p=28829#primaryimage\"},\"thumbnailUrl\":\"https:\/\/www.zerdab.com\/wp-content\/uploads\/2019\/05\/zerdab-vakansiya-isci-axtarilir.jpg\",\"articleSection\":[\"HAD\u0130S\u018f\",\"MAN\u015eET\"],\"inLanguage\":\"az\",\"potentialAction\":[{\"@type\":\"CommentAction\",\"name\":\"Comment\",\"target\":[\"https:\/\/www.zerdab.com\/?p=28829#respond\"]}]},{\"@type\":\"WebPage\",\"@id\":\"https:\/\/www.zerdab.com\/?p=28829\",\"url\":\"https:\/\/www.zerdab.com\/?p=28829\",\"name\":\"Z\u0259rdabl\u0131 fermeri g\u00f6r\u00fcn nec\u0259 aldad\u0131blar - Polisd\u0259n qa\u00e7a bilm\u0259dil\u0259r - Z\u0259rdab.com\",\"isPartOf\":{\"@id\":\"https:\/\/www.zerdab.com\/#website\"},\"primaryImageOfPage\":{\"@id\":\"https:\/\/www.zerdab.com\/?p=28829#primaryimage\"},\"image\":{\"@id\":\"https:\/\/www.zerdab.com\/?p=28829#primaryimage\"},\"thumbnailUrl\":\"https:\/\/www.zerdab.com\/wp-content\/uploads\/2019\/05\/zerdab-vakansiya-isci-axtarilir.jpg\",\"datePublished\":\"2021-01-25T09:59:53+00:00\",\"dateModified\":\"2021-01-25T10:04:18+00:00\",\"author\":{\"@id\":\"https:\/\/www.zerdab.com\/#\/schema\/person\/97079b7570c1e89ec0d9e138c3672136\"},\"breadcrumb\":{\"@id\":\"https:\/\/www.zerdab.com\/?p=28829#breadcrumb\"},\"inLanguage\":\"az\",\"potentialAction\":[{\"@type\":\"ReadAction\",\"target\":[\"https:\/\/www.zerdab.com\/?p=28829\"]}]},{\"@type\":\"ImageObject\",\"inLanguage\":\"az\",\"@id\":\"https:\/\/www.zerdab.com\/?p=28829#primaryimage\",\"url\":\"https:\/\/www.zerdab.com\/wp-content\/uploads\/2019\/05\/zerdab-vakansiya-isci-axtarilir.jpg\",\"contentUrl\":\"https:\/\/www.zerdab.com\/wp-content\/uploads\/2019\/05\/zerdab-vakansiya-isci-axtarilir.jpg\",\"width\":1024,\"height\":576,\"caption\":\"zerdab-vakansiya-isci-axtarilir\"},{\"@type\":\"BreadcrumbList\",\"@id\":\"https:\/\/www.zerdab.com\/?p=28829#breadcrumb\",\"itemListElement\":[{\"@type\":\"ListItem\",\"position\":1,\"name\":\"Home\",\"item\":\"https:\/\/www.zerdab.com\/\"},{\"@type\":\"ListItem\",\"position\":2,\"name\":\"Z\u0259rdabl\u0131 fermeri g\u00f6r\u00fcn nec\u0259 aldad\u0131blar &#8211; Polisd\u0259n qa\u00e7a bilm\u0259dil\u0259r\"}]},{\"@type\":\"WebSite\",\"@id\":\"https:\/\/www.zerdab.com\/#website\",\"url\":\"https:\/\/www.zerdab.com\/\",\"name\":\"Z\u0259rdab.com\",\"description\":\"\",\"potentialAction\":[{\"@type\":\"SearchAction\",\"target\":{\"@type\":\"EntryPoint\",\"urlTemplate\":\"https:\/\/www.zerdab.com\/?s={search_term_string}\"},\"query-input\":{\"@type\":\"PropertyValueSpecification\",\"valueRequired\":true,\"valueName\":\"search_term_string\"}}],\"inLanguage\":\"az\"},{\"@type\":\"Person\",\"@id\":\"https:\/\/www.zerdab.com\/#\/schema\/person\/97079b7570c1e89ec0d9e138c3672136\",\"name\":\"admin\",\"image\":{\"@type\":\"ImageObject\",\"inLanguage\":\"az\",\"@id\":\"https:\/\/www.zerdab.com\/#\/schema\/person\/image\/\",\"url\":\"https:\/\/secure.gravatar.com\/avatar\/d9c52a9a27c32119cb6679a077fa3e2779e5f822c451cbf01098004361d466ec?s=96&d=mm&r=g\",\"contentUrl\":\"https:\/\/secure.gravatar.com\/avatar\/d9c52a9a27c32119cb6679a077fa3e2779e5f822c451cbf01098004361d466ec?s=96&d=mm&r=g\",\"caption\":\"admin\"},\"url\":\"https:\/\/www.zerdab.com\/?author=1\"}]}<\/script>\n<!-- \/ Yoast SEO plugin. -->","yoast_head_json":{"title":"Z\u0259rdabl\u0131 fermeri g\u00f6r\u00fcn nec\u0259 aldad\u0131blar - Polisd\u0259n qa\u00e7a bilm\u0259dil\u0259r - Z\u0259rdab.com","robots":{"index":"index","follow":"follow","max-snippet":"max-snippet:-1","max-image-preview":"max-image-preview:large","max-video-preview":"max-video-preview:-1"},"canonical":"https:\/\/www.zerdab.com\/?p=28829","og_locale":"az_AZ","og_type":"article","og_title":"Z\u0259rdabl\u0131 fermeri g\u00f6r\u00fcn nec\u0259 aldad\u0131blar - Polisd\u0259n qa\u00e7a bilm\u0259dil\u0259r - Z\u0259rdab.com","og_description":"Z\u0259rdab rayonunun D\u0259liqu\u015f\u00e7u k\u0259nd sakini olan fermer\u0259 qar\u015f\u0131 d\u0259l\u0259duzluq edilib. Daxili \u0130\u015fl\u0259r Nazirliyinin M\u0259tbuat Xidm\u0259tind\u0259n Zerdab.com sayt\u0131na veril\u0259n m\u0259lumata g\u00f6r\u0259, Z\u0259rdab rayon D\u0259liqu\u015f\u00e7u k\u0259nd sakini olan fermerl\u0259 mobil telefonla \u0259laq\u0259 saxlayaraq onun yan\u0131nda \u00e7oban i\u015fl\u0259y\u0259c\u0259yini v\u0259d ed\u0259r\u0259k d\u0259l\u0259duzluq yolu il\u0259\u00a01150\u00a0manat pulunu \u0259l\u0259 ke\u00e7ir\u0259n \u015f\u0259xsl\u0259r saxlan\u0131l\u0131blar. Ara\u015fd\u0131rmalar n\u0259tic\u0259sind\u0259 h\u0259min \u015f\u0259xsl\u0259rin ba\u015fqa insanlara qar\u015f\u0131 da bu yolla [&hellip;]","og_url":"https:\/\/www.zerdab.com\/?p=28829","og_site_name":"Z\u0259rdab.com","article_published_time":"2021-01-25T09:59:53+00:00","article_modified_time":"2021-01-25T10:04:18+00:00","og_image":[{"width":1024,"height":576,"url":"https:\/\/www.zerdab.com\/wp-content\/uploads\/2019\/05\/zerdab-vakansiya-isci-axtarilir.jpg","type":"image\/jpeg"}],"author":"admin","twitter_card":"summary_large_image","twitter_misc":{"Written by":"admin","Est. reading time":"1 minute"},"schema":{"@context":"https:\/\/schema.org","@graph":[{"@type":"Article","@id":"https:\/\/www.zerdab.com\/?p=28829#article","isPartOf":{"@id":"https:\/\/www.zerdab.com\/?p=28829"},"author":{"name":"admin","@id":"https:\/\/www.zerdab.com\/#\/schema\/person\/97079b7570c1e89ec0d9e138c3672136"},"headline":"Z\u0259rdabl\u0131 fermeri g\u00f6r\u00fcn nec\u0259 aldad\u0131blar &#8211; Polisd\u0259n qa\u00e7a bilm\u0259dil\u0259r","datePublished":"2021-01-25T09:59:53+00:00","dateModified":"2021-01-25T10:04:18+00:00","mainEntityOfPage":{"@id":"https:\/\/www.zerdab.com\/?p=28829"},"wordCount":289,"commentCount":0,"image":{"@id":"https:\/\/www.zerdab.com\/?p=28829#primaryimage"},"thumbnailUrl":"https:\/\/www.zerdab.com\/wp-content\/uploads\/2019\/05\/zerdab-vakansiya-isci-axtarilir.jpg","articleSection":["HAD\u0130S\u018f","MAN\u015eET"],"inLanguage":"az","potentialAction":[{"@type":"CommentAction","name":"Comment","target":["https:\/\/www.zerdab.com\/?p=28829#respond"]}]},{"@type":"WebPage","@id":"https:\/\/www.zerdab.com\/?p=28829","url":"https:\/\/www.zerdab.com\/?p=28829","name":"Z\u0259rdabl\u0131 fermeri g\u00f6r\u00fcn nec\u0259 aldad\u0131blar - Polisd\u0259n qa\u00e7a bilm\u0259dil\u0259r - Z\u0259rdab.com","isPartOf":{"@id":"https:\/\/www.zerdab.com\/#website"},"primaryImageOfPage":{"@id":"https:\/\/www.zerdab.com\/?p=28829#primaryimage"},"image":{"@id":"https:\/\/www.zerdab.com\/?p=28829#primaryimage"},"thumbnailUrl":"https:\/\/www.zerdab.com\/wp-content\/uploads\/2019\/05\/zerdab-vakansiya-isci-axtarilir.jpg","datePublished":"2021-01-25T09:59:53+00:00","dateModified":"2021-01-25T10:04:18+00:00","author":{"@id":"https:\/\/www.zerdab.com\/#\/schema\/person\/97079b7570c1e89ec0d9e138c3672136"},"breadcrumb":{"@id":"https:\/\/www.zerdab.com\/?p=28829#breadcrumb"},"inLanguage":"az","potentialAction":[{"@type":"ReadAction","target":["https:\/\/www.zerdab.com\/?p=28829"]}]},{"@type":"ImageObject","inLanguage":"az","@id":"https:\/\/www.zerdab.com\/?p=28829#primaryimage","url":"https:\/\/www.zerdab.com\/wp-content\/uploads\/2019\/05\/zerdab-vakansiya-isci-axtarilir.jpg","contentUrl":"https:\/\/www.zerdab.com\/wp-content\/uploads\/2019\/05\/zerdab-vakansiya-isci-axtarilir.jpg","width":1024,"height":576,"caption":"zerdab-vakansiya-isci-axtarilir"},{"@type":"BreadcrumbList","@id":"https:\/\/www.zerdab.com\/?p=28829#breadcrumb","itemListElement":[{"@type":"ListItem","position":1,"name":"Home","item":"https:\/\/www.zerdab.com\/"},{"@type":"ListItem","position":2,"name":"Z\u0259rdabl\u0131 fermeri g\u00f6r\u00fcn nec\u0259 aldad\u0131blar &#8211; Polisd\u0259n qa\u00e7a bilm\u0259dil\u0259r"}]},{"@type":"WebSite","@id":"https:\/\/www.zerdab.com\/#website","url":"https:\/\/www.zerdab.com\/","name":"Z\u0259rdab.com","description":"","potentialAction":[{"@type":"SearchAction","target":{"@type":"EntryPoint","urlTemplate":"https:\/\/www.zerdab.com\/?s={search_term_string}"},"query-input":{"@type":"PropertyValueSpecification","valueRequired":true,"valueName":"search_term_string"}}],"inLanguage":"az"},{"@type":"Person","@id":"https:\/\/www.zerdab.com\/#\/schema\/person\/97079b7570c1e89ec0d9e138c3672136","name":"admin","image":{"@type":"ImageObject","inLanguage":"az","@id":"https:\/\/www.zerdab.com\/#\/schema\/person\/image\/","url":"https:\/\/secure.gravatar.com\/avatar\/d9c52a9a27c32119cb6679a077fa3e2779e5f822c451cbf01098004361d466ec?s=96&d=mm&r=g","contentUrl":"https:\/\/secure.gravatar.com\/avatar\/d9c52a9a27c32119cb6679a077fa3e2779e5f822c451cbf01098004361d466ec?s=96&d=mm&r=g","caption":"admin"},"url":"https:\/\/www.zerdab.com\/?author=1"}]}},"_links":{"self":[{"href":"https:\/\/www.zerdab.com\/index.php?rest_route=\/wp\/v2\/posts\/28829","targetHints":{"allow":["GET"]}}],"collection":[{"href":"https:\/\/www.zerdab.com\/index.php?rest_route=\/wp\/v2\/posts"}],"about":[{"href":"https:\/\/www.zerdab.com\/index.php?rest_route=\/wp\/v2\/types\/post"}],"author":[{"embeddable":true,"href":"https:\/\/www.zerdab.com\/index.php?rest_route=\/wp\/v2\/users\/1"}],"replies":[{"embeddable":true,"href":"https:\/\/www.zerdab.com\/index.php?rest_route=%2Fwp%2Fv2%2Fcomments&post=28829"}],"version-history":[{"count":3,"href":"https:\/\/www.zerdab.com\/index.php?rest_route=\/wp\/v2\/posts\/28829\/revisions"}],"predecessor-version":[{"id":28835,"href":"https:\/\/www.zerdab.com\/index.php?rest_route=\/wp\/v2\/posts\/28829\/revisions\/28835"}],"wp:featuredmedia":[{"embeddable":true,"href":"https:\/\/www.zerdab.com\/index.php?rest_route=\/wp\/v2\/media\/27146"}],"wp:attachment":[{"href":"https:\/\/www.zerdab.com\/index.php?rest_route=%2Fwp%2Fv2%2Fmedia&parent=28829"}],"wp:term":[{"taxonomy":"category","embeddable":true,"href":"https:\/\/www.zerdab.com\/index.php?rest_route=%2Fwp%2Fv2%2Fcategories&post=28829"},{"taxonomy":"post_tag","embeddable":true,"href":"https:\/\/www.zerdab.com\/index.php?rest_route=%2Fwp%2Fv2%2Ftags&post=28829"}],"curies":[{"name":"wp","href":"https:\/\/api.w.org\/{rel}","templated":true}]}}